{"id":33707,"date":"2024-01-30T14:46:10","date_gmt":"2024-01-30T17:46:10","guid":{"rendered":"https:\/\/noticiasribeiraopreto.com.br\/index.php\/2024\/01\/30\/veja-quando-comeca-a-venda-dos-ingressos-para-o-ribeirao-rodeo-music\/"},"modified":"2024-01-30T14:46:10","modified_gmt":"2024-01-30T17:46:10","slug":"veja-quando-comeca-a-venda-dos-ingressos-para-o-ribeirao-rodeo-music","status":"publish","type":"post","link":"https:\/\/noticiasribeiraopreto.com.br\/index.php\/2024\/01\/30\/veja-quando-comeca-a-venda-dos-ingressos-para-o-ribeirao-rodeo-music\/","title":{"rendered":"Veja quando come\u00e7a a venda dos ingressos para o Ribeir\u00e3o Rodeo Music"},"content":{"rendered":"<div class='code-block code-block-1' style='margin: 8px 0 8px auto; text-align: right; display: block; clear: both;'>\n<p><a href=\"https:\/\/wa.link\/vpicfd\"><img data-recalc-dims=\"1\" class=\"wp-image-4922\" style=\"aspect-ratio: 2.0253164556962027; width: 561px; height: auto;\" src=\"https:\/\/i0.wp.com\/ismaelcolosi.com.br\/wp-content\/uploads\/2023\/11\/grupo-de-empregos-whatsapp-e-facebook-ismael-colosi-vagas.jpg?ssl=1\" alt=\"\" \/><\/a><\/p>\n<!-- \/wp:image -->\n<\/div>\n<p> <br \/>\n<\/p>\n<div data-td-block-uid=\"tdi_104\">\n<div class=\"tdb-block-inner td-fix-index\">\n<p>Come\u00e7a na pr\u00f3xima ter\u00e7a-feira (6) a venda dos ingressos para 18\u00aa edi\u00e7\u00e3o do <strong>Ribeir\u00e3o Rodeo Music<\/strong>. <mark style=\"background-color:#fcb900\" class=\"has-inline-color has-black-color\">O evento est\u00e1 marcado para os dias 20, 26, 27 e 30 de abril de 2024 no <strong>Parque Permanente de Exposi\u00e7\u00f5es<\/strong><\/mark>, em Ribeir\u00e3o Preto.<\/p>\n<p>No mesmo dia, a organiza\u00e7\u00e3o do evento tamb\u00e9m vai revelar, a partir das 12h, as atra\u00e7\u00f5es confirmadas do rodeio.<\/p>\n<p>Os ingressos para os setores: camarote Brahma, camarote Black Lounge, camarote Black Lounge Open e Arena poder\u00e3o ser adquiridos pela <a href=\"https:\/\/www.totalacesso.com\/events\/ribeiraorodeomusic2024_black\" target=\"_blank\" rel=\"noreferrer noopener nofollow\"><strong>Total Acesso<\/strong> (clique aqui)<\/a>.<\/p>\n<p>\u201cTeremos uma edi\u00e7\u00e3o memor\u00e1vel para comemorar os 18 anos deste evento que movimenta toda regi\u00e3o de Ribeir\u00e3o Preto e que segue cumprindo com a sua voca\u00e7\u00e3o: a de enaltecer a cultura sertaneja e a for\u00e7a do interior\u201d, destaca Matheus Calil, um dos organizadores.<\/p>\n<p>SAIBA MAIS<br \/>Carna Gay tem \u2018esquenta\u2019 no s\u00e1bado em Ribeir\u00e3o; Saiba mais sobre o evento<\/p>\n<h4 class=\"wp-block-heading\"><strong>FIQUE ON<\/strong><\/h4>\n<p>Fique ligado em tudo que acontece em Ribeir\u00e3o Preto e regi\u00e3o. Siga os perfis do <strong>acidade on<\/strong> no <a href=\"https:\/\/www.instagram.com\/acidadeonribeirao\" target=\"_blank\" rel=\"noreferrer noopener nofollow\">Instagram<\/a> e no <a href=\"https:\/\/www.facebook.com\/acidadeonribeirao\" target=\"_blank\" rel=\"noreferrer noopener nofollow\">Facebook<\/a>.<\/p>\n<p>Receba not\u00edcias do <strong>acidade on <\/strong>no WhatsApp.<a href=\"https:\/\/chat.whatsapp.com\/Bnv2w66ZT4VDyZW3oiZ69n\" target=\"_blank\" rel=\"noreferrer noopener nofollow\"> Para entrar no grupo, basta clicar aqui.<\/a><\/p>\n<p>Fa\u00e7a uma den\u00fancia ou sugira uma reportagem sobre Ribeir\u00e3o Preto e regi\u00e3o pelo WhatsApp: 16 99117 7802.<\/p>\n<p>VEJA TAMB\u00c9M<br \/>Quem vai cantar no BBB 24 nesta semana?<\/p>\n<p><!-- AI CONTENT END 1 -->\n<\/div>\n<\/div>\n<p><script async src=\"\/\/www.instagram.com\/embed.js\"><\/script><br \/>\n<br \/><br \/>\n<br \/><a href=\"https:\/\/www.acidadeon.com\/ribeiraopreto\/lazer-e-cultura\/veja-quando-comeca-a-venda-dos-ingressos-para-o-ribeirao-rodeo-music\/\">Source link <\/a><\/p>\n<!-- CONTENT END 1 -->\n","protected":false},"excerpt":{"rendered":"<p>Come\u00e7a na pr\u00f3xima ter\u00e7a-feira (6) a venda dos ingressos para 18\u00aa edi\u00e7\u00e3o do Ribeir\u00e3o Rodeo Music. O evento est\u00e1 marcado para os dias 20, 26,&#8230;<\/p>\n","protected":false},"author":1,"featured_media":33708,"comment_status":"open","ping_status":"open","sticky":false,"template":"","format":"standard","meta":{"advanced_seo_description":"","jetpack_seo_html_title":"","jetpack_seo_noindex":false,"jetpack_post_was_ever_published":false,"_jetpack_newsletter_access":"","_jetpack_dont_email_post_to_subs":false,"_jetpack_newsletter_tier_id":0,"_jetpack_memberships_contains_paywalled_content":false,"_jetpack_memberships_contains_paid_content":false,"footnotes":"","jetpack_publicize_message":"","jetpack_publicize_feature_enabled":true,"jetpack_social_post_already_shared":true,"jetpack_social_options":{"image_generator_settings":{"template":"highway","default_image_id":0,"font":"","enabled":false},"version":2}},"categories":[11],"tags":[],"class_list":["post-33707","post","type-post","status-publish","format-standard","has-post-thumbnail","hentry","category-noticias-de-ribeirao-preto-sp-e-regiao-ismael-colosi"],"jetpack_publicize_connections":[],"jetpack_featured_media_url":"https:\/\/i0.wp.com\/noticiasribeiraopreto.com.br\/wp-content\/uploads\/2024\/01\/Ribeirao-Rodeo-Music.jpeg?fit=1600%2C1067&ssl=1","jetpack-related-posts":[{"id":35096,"url":"https:\/\/noticiasribeiraopreto.com.br\/index.php\/2024\/02\/05\/comeca-nesta-terca-feira-a-venda-de-ingressos-para-o-ribeirao-rodeo-music\/","url_meta":{"origin":33707,"position":0},"title":"Come\u00e7a nesta ter\u00e7a-feira a venda de ingressos para o Ribeir\u00e3o Rodeo Music","author":"noticiasribeiraopreto.com.br","date":"5 de February de 2024","format":false,"excerpt":"A venda dos ingressos para o Ribeir\u00e3o Rodeo Music come\u00e7a nesta ter\u00e7a-feira (6), a partir das 12h. A 18\u00aa edi\u00e7\u00e3o do evento est\u00e1 marcada para os dias 20, 26, 27 e 30 de abril de 2024 no Parque Permanente de Exposi\u00e7\u00f5es, em Ribeir\u00e3o Preto. Al\u00e9m da venda dos ingressos, a\u2026","rel":"","context":"In &quot;Not\u00edcias de Ribeir\u00e3o Preto-SP e Regi\u00e3o&quot;","block_context":{"text":"Not\u00edcias de Ribeir\u00e3o Preto-SP e Regi\u00e3o","link":"https:\/\/noticiasribeiraopreto.com.br\/index.php\/category\/noticias-de-ribeirao-preto-sp-e-regiao-ismael-colosi\/"},"img":{"alt_text":"","src":"https:\/\/i0.wp.com\/noticiasribeiraopreto.com.br\/wp-content\/uploads\/2024\/02\/ribeirao-rodeo-music-2023.jpg?fit=1200%2C777&ssl=1&resize=350%2C200","width":350,"height":200,"srcset":"https:\/\/i0.wp.com\/noticiasribeiraopreto.com.br\/wp-content\/uploads\/2024\/02\/ribeirao-rodeo-music-2023.jpg?fit=1200%2C777&ssl=1&resize=350%2C200 1x, https:\/\/i0.wp.com\/noticiasribeiraopreto.com.br\/wp-content\/uploads\/2024\/02\/ribeirao-rodeo-music-2023.jpg?fit=1200%2C777&ssl=1&resize=525%2C300 1.5x, https:\/\/i0.wp.com\/noticiasribeiraopreto.com.br\/wp-content\/uploads\/2024\/02\/ribeirao-rodeo-music-2023.jpg?fit=1200%2C777&ssl=1&resize=700%2C400 2x, https:\/\/i0.wp.com\/noticiasribeiraopreto.com.br\/wp-content\/uploads\/2024\/02\/ribeirao-rodeo-music-2023.jpg?fit=1200%2C777&ssl=1&resize=1050%2C600 3x"},"classes":[]},{"id":38685,"url":"https:\/\/noticiasribeiraopreto.com.br\/index.php\/2024\/02\/21\/ribeirao-rodeo-music-comeca-venda-de-ingressos-em-pontos-fisicos\/","url_meta":{"origin":33707,"position":1},"title":"Ribeir\u00e3o Rodeo Music come\u00e7a venda de ingressos em pontos f\u00edsicos","author":"noticiasribeiraopreto.com.br","date":"21 de February de 2024","format":false,"excerpt":"21 de fevereiro de 2024 | 8:3020 de fevereiro de 2024 | 18:24 0O Ribeir\u00e3o Rodeo Music est\u00e1 com pontos de venda de ingressos abertos nas lojas Oscar Cal\u00e7ados do Novo Shopping e na regi\u00e3o central de Ribeir\u00e3o Preto.Nestas unidades, o p\u00fablico encontra ingressos para os setores: camarote Ballantine\u2019s Black\u2026","rel":"","context":"In &quot;Not\u00edcias de Ribeir\u00e3o Preto-SP e Regi\u00e3o&quot;","block_context":{"text":"Not\u00edcias de Ribeir\u00e3o Preto-SP e Regi\u00e3o","link":"https:\/\/noticiasribeiraopreto.com.br\/index.php\/category\/noticias-de-ribeirao-preto-sp-e-regiao-ismael-colosi\/"},"img":{"alt_text":"","src":"https:\/\/i0.wp.com\/noticiasribeiraopreto.com.br\/wp-content\/uploads\/2024\/02\/handler-1.jpg?fit=800%2C533&ssl=1&resize=350%2C200","width":350,"height":200,"srcset":"https:\/\/i0.wp.com\/noticiasribeiraopreto.com.br\/wp-content\/uploads\/2024\/02\/handler-1.jpg?fit=800%2C533&ssl=1&resize=350%2C200 1x, https:\/\/i0.wp.com\/noticiasribeiraopreto.com.br\/wp-content\/uploads\/2024\/02\/handler-1.jpg?fit=800%2C533&ssl=1&resize=525%2C300 1.5x, https:\/\/i0.wp.com\/noticiasribeiraopreto.com.br\/wp-content\/uploads\/2024\/02\/handler-1.jpg?fit=800%2C533&ssl=1&resize=700%2C400 2x"},"classes":[]},{"id":38476,"url":"https:\/\/noticiasribeiraopreto.com.br\/index.php\/2024\/02\/20\/ribeirao-rodeo-music-comeca-venda-de-ingressos-em-pontos-fisicos-veja-os-locais\/","url_meta":{"origin":33707,"position":2},"title":"Ribeir\u00e3o Rodeo Music come\u00e7a venda de ingressos em pontos f\u00edsicos; Veja os locais","author":"noticiasribeiraopreto.com.br","date":"20 de February de 2024","format":false,"excerpt":"O Ribeir\u00e3o Rodeo Music liberou nesta ter\u00e7a-feira (20) a venda de ingressos nos pontos f\u00edsicos. Os interessados podem comprar as entradas para o rodeio nas lojas Oscar Cal\u00e7ados do Novo Shopping e no Centro de Ribeir\u00e3o Preto. Nos pontos f\u00edsicos, o p\u00fablico encontra ingressos para os setores: camarote Ballantine\u2019s Black\u2026","rel":"","context":"In &quot;Not\u00edcias de Ribeir\u00e3o Preto-SP e Regi\u00e3o&quot;","block_context":{"text":"Not\u00edcias de Ribeir\u00e3o Preto-SP e Regi\u00e3o","link":"https:\/\/noticiasribeiraopreto.com.br\/index.php\/category\/noticias-de-ribeirao-preto-sp-e-regiao-ismael-colosi\/"},"img":{"alt_text":"","src":"https:\/\/i0.wp.com\/noticiasribeiraopreto.com.br\/wp-content\/uploads\/2024\/02\/ribeirao-rodeo-music.jpg?fit=1200%2C781&ssl=1&resize=350%2C200","width":350,"height":200,"srcset":"https:\/\/i0.wp.com\/noticiasribeiraopreto.com.br\/wp-content\/uploads\/2024\/02\/ribeirao-rodeo-music.jpg?fit=1200%2C781&ssl=1&resize=350%2C200 1x, https:\/\/i0.wp.com\/noticiasribeiraopreto.com.br\/wp-content\/uploads\/2024\/02\/ribeirao-rodeo-music.jpg?fit=1200%2C781&ssl=1&resize=525%2C300 1.5x, https:\/\/i0.wp.com\/noticiasribeiraopreto.com.br\/wp-content\/uploads\/2024\/02\/ribeirao-rodeo-music.jpg?fit=1200%2C781&ssl=1&resize=700%2C400 2x, https:\/\/i0.wp.com\/noticiasribeiraopreto.com.br\/wp-content\/uploads\/2024\/02\/ribeirao-rodeo-music.jpg?fit=1200%2C781&ssl=1&resize=1050%2C600 3x"},"classes":[]},{"id":61729,"url":"https:\/\/noticiasribeiraopreto.com.br\/index.php\/2024\/12\/20\/ribeirao-rodeo-music-anuncia-primeiros-shows-de-2025-veja-atracoes\/","url_meta":{"origin":33707,"position":3},"title":"Ribeir\u00e3o Rodeo Music anuncia primeiros shows de 2025; Veja atra\u00e7\u00f5es","author":"noticiasribeiraopreto.com.br","date":"20 de December de 2024","format":false,"excerpt":"Chit\u00e3ozinho & Xoror\u00f3, Alok, Hugo & Guilherme e Bruninho & Davi s\u00e3o os primeiros shows confirmados do Ribeir\u00e3o Rodeo Music 2025, que acontece entre os dias 26 de abril e 03 de maio, no Parque Permanente de Exposi\u00e7\u00f5es. Os artistas v\u00e3o se apresentar no dia 30 de abril, quarta-feira, v\u00e9spera\u2026","rel":"","context":"In &quot;Not\u00edcias de Ribeir\u00e3o Preto-SP e Regi\u00e3o&quot;","block_context":{"text":"Not\u00edcias de Ribeir\u00e3o Preto-SP e Regi\u00e3o","link":"https:\/\/noticiasribeiraopreto.com.br\/index.php\/category\/noticias-de-ribeirao-preto-sp-e-regiao-ismael-colosi\/"},"img":{"alt_text":"","src":"https:\/\/i0.wp.com\/noticiasribeiraopreto.com.br\/wp-content\/uploads\/2024\/12\/Copia-de-Copia-de-Copia-de-TAMANHO-EXATO-PARA-FOTOS-NO-SISTEMA-NOVO-2024-12-20T113854.200_2024-12-20_14-39-16_png_2024-12-20_14-39-16.webp.webp?fit=1200%2C675&ssl=1&resize=350%2C200","width":350,"height":200,"srcset":"https:\/\/i0.wp.com\/noticiasribeiraopreto.com.br\/wp-content\/uploads\/2024\/12\/Copia-de-Copia-de-Copia-de-TAMANHO-EXATO-PARA-FOTOS-NO-SISTEMA-NOVO-2024-12-20T113854.200_2024-12-20_14-39-16_png_2024-12-20_14-39-16.webp.webp?fit=1200%2C675&ssl=1&resize=350%2C200 1x, https:\/\/i0.wp.com\/noticiasribeiraopreto.com.br\/wp-content\/uploads\/2024\/12\/Copia-de-Copia-de-Copia-de-TAMANHO-EXATO-PARA-FOTOS-NO-SISTEMA-NOVO-2024-12-20T113854.200_2024-12-20_14-39-16_png_2024-12-20_14-39-16.webp.webp?fit=1200%2C675&ssl=1&resize=525%2C300 1.5x, https:\/\/i0.wp.com\/noticiasribeiraopreto.com.br\/wp-content\/uploads\/2024\/12\/Copia-de-Copia-de-Copia-de-TAMANHO-EXATO-PARA-FOTOS-NO-SISTEMA-NOVO-2024-12-20T113854.200_2024-12-20_14-39-16_png_2024-12-20_14-39-16.webp.webp?fit=1200%2C675&ssl=1&resize=700%2C400 2x, https:\/\/i0.wp.com\/noticiasribeiraopreto.com.br\/wp-content\/uploads\/2024\/12\/Copia-de-Copia-de-Copia-de-TAMANHO-EXATO-PARA-FOTOS-NO-SISTEMA-NOVO-2024-12-20T113854.200_2024-12-20_14-39-16_png_2024-12-20_14-39-16.webp.webp?fit=1200%2C675&ssl=1&resize=1050%2C600 3x"},"classes":[]},{"id":82080,"url":"https:\/\/noticiasribeiraopreto.com.br\/index.php\/2026\/02\/03\/ribeirao-rodeo-music-inicia-venda-geral-de-passaportes-nesta-terca-feira\/","url_meta":{"origin":33707,"position":4},"title":"Ribeir\u00e3o Rodeo Music inicia venda geral de passaportes nesta ter\u00e7a-feira","author":"noticiasribeiraopreto.com.br","date":"3 de February de 2026","format":false,"excerpt":"O Ribeir\u00e3o Rodeo Music inicia nesta ter\u00e7a-feira (3), a partir das 12h, a venda geral de ingressos para todos os setores da edi\u00e7\u00e3o comemorativa de 20 anos. No mesmo dia, a organiza\u00e7\u00e3o divulga oficialmente a programa\u00e7\u00e3o completa do evento. A edi\u00e7\u00e3o especial acontece nos dias 30 de abril, 2, 8\u2026","rel":"","context":"In &quot;Not\u00edcias de Ribeir\u00e3o Preto-SP e Regi\u00e3o&quot;","block_context":{"text":"Not\u00edcias de Ribeir\u00e3o Preto-SP e Regi\u00e3o","link":"https:\/\/noticiasribeiraopreto.com.br\/index.php\/category\/noticias-de-ribeirao-preto-sp-e-regiao-ismael-colosi\/"},"img":{"alt_text":"","src":"https:\/\/i0.wp.com\/noticiasribeiraopreto.com.br\/wp-content\/uploads\/2026\/02\/domingo-2026-02-02T190703.140_2026-02-02_22-07-15.webp.webp?fit=1200%2C675&ssl=1&resize=350%2C200","width":350,"height":200,"srcset":"https:\/\/i0.wp.com\/noticiasribeiraopreto.com.br\/wp-content\/uploads\/2026\/02\/domingo-2026-02-02T190703.140_2026-02-02_22-07-15.webp.webp?fit=1200%2C675&ssl=1&resize=350%2C200 1x, https:\/\/i0.wp.com\/noticiasribeiraopreto.com.br\/wp-content\/uploads\/2026\/02\/domingo-2026-02-02T190703.140_2026-02-02_22-07-15.webp.webp?fit=1200%2C675&ssl=1&resize=525%2C300 1.5x, https:\/\/i0.wp.com\/noticiasribeiraopreto.com.br\/wp-content\/uploads\/2026\/02\/domingo-2026-02-02T190703.140_2026-02-02_22-07-15.webp.webp?fit=1200%2C675&ssl=1&resize=700%2C400 2x, https:\/\/i0.wp.com\/noticiasribeiraopreto.com.br\/wp-content\/uploads\/2026\/02\/domingo-2026-02-02T190703.140_2026-02-02_22-07-15.webp.webp?fit=1200%2C675&ssl=1&resize=1050%2C600 3x"},"classes":[]},{"id":82314,"url":"https:\/\/noticiasribeiraopreto.com.br\/index.php\/2026\/02\/10\/ribeirao-rodeo-music-inicia-venda-de-ingressos-diarios-nesta-segunda-feira\/","url_meta":{"origin":33707,"position":5},"title":"Ribeir\u00e3o Rodeo Music inicia venda de ingressos di\u00e1rios nesta segunda-feira","author":"noticiasribeiraopreto.com.br","date":"10 de February de 2026","format":false,"excerpt":"O Ribeir\u00e3o Rodeo Music iniciou, nesta segunda-feira (9), a venda geral de ingressos di\u00e1rios para todos os setores da edi\u00e7\u00e3o comemorativa de 20 anos. Os passaportes, v\u00e1lidos para todos os dias do evento, tamb\u00e9m continuam sendo comercializados. O evento acontece nos dias 30 de abril, 2, 8 e 9 de\u2026","rel":"","context":"In &quot;Not\u00edcias de Ribeir\u00e3o Preto-SP e Regi\u00e3o&quot;","block_context":{"text":"Not\u00edcias de Ribeir\u00e3o Preto-SP e Regi\u00e3o","link":"https:\/\/noticiasribeiraopreto.com.br\/index.php\/category\/noticias-de-ribeirao-preto-sp-e-regiao-ismael-colosi\/"},"img":{"alt_text":"","src":"https:\/\/i0.wp.com\/noticiasribeiraopreto.com.br\/wp-content\/uploads\/2026\/02\/ribeirao-rodeo-music_2026-02-09_19-30-37.webp.webp?fit=1200%2C800&ssl=1&resize=350%2C200","width":350,"height":200,"srcset":"https:\/\/i0.wp.com\/noticiasribeiraopreto.com.br\/wp-content\/uploads\/2026\/02\/ribeirao-rodeo-music_2026-02-09_19-30-37.webp.webp?fit=1200%2C800&ssl=1&resize=350%2C200 1x, https:\/\/i0.wp.com\/noticiasribeiraopreto.com.br\/wp-content\/uploads\/2026\/02\/ribeirao-rodeo-music_2026-02-09_19-30-37.webp.webp?fit=1200%2C800&ssl=1&resize=525%2C300 1.5x, https:\/\/i0.wp.com\/noticiasribeiraopreto.com.br\/wp-content\/uploads\/2026\/02\/ribeirao-rodeo-music_2026-02-09_19-30-37.webp.webp?fit=1200%2C800&ssl=1&resize=700%2C400 2x, https:\/\/i0.wp.com\/noticiasribeiraopreto.com.br\/wp-content\/uploads\/2026\/02\/ribeirao-rodeo-music_2026-02-09_19-30-37.webp.webp?fit=1200%2C800&ssl=1&resize=1050%2C600 3x"},"classes":[]}],"jetpack_sharing_enabled":true,"jetpack_shortlink":"https:\/\/wp.me\/peQAOb-8LF","_links":{"self":[{"href":"https:\/\/noticiasribeiraopreto.com.br\/index.php\/wp-json\/wp\/v2\/posts\/33707","targetHints":{"allow":["GET"]}}],"collection":[{"href":"https:\/\/noticiasribeiraopreto.com.br\/index.php\/wp-json\/wp\/v2\/posts"}],"about":[{"href":"https:\/\/noticiasribeiraopreto.com.br\/index.php\/wp-json\/wp\/v2\/types\/post"}],"author":[{"embeddable":true,"href":"https:\/\/noticiasribeiraopreto.com.br\/index.php\/wp-json\/wp\/v2\/users\/1"}],"replies":[{"embeddable":true,"href":"https:\/\/noticiasribeiraopreto.com.br\/index.php\/wp-json\/wp\/v2\/comments?post=33707"}],"version-history":[{"count":0,"href":"https:\/\/noticiasribeiraopreto.com.br\/index.php\/wp-json\/wp\/v2\/posts\/33707\/revisions"}],"wp:featuredmedia":[{"embeddable":true,"href":"https:\/\/noticiasribeiraopreto.com.br\/index.php\/wp-json\/wp\/v2\/media\/33708"}],"wp:attachment":[{"href":"https:\/\/noticiasribeiraopreto.com.br\/index.php\/wp-json\/wp\/v2\/media?parent=33707"}],"wp:term":[{"taxonomy":"category","embeddable":true,"href":"https:\/\/noticiasribeiraopreto.com.br\/index.php\/wp-json\/wp\/v2\/categories?post=33707"},{"taxonomy":"post_tag","embeddable":true,"href":"https:\/\/noticiasribeiraopreto.com.br\/index.php\/wp-json\/wp\/v2\/tags?post=33707"}],"curies":[{"name":"wp","href":"https:\/\/api.w.org\/{rel}","templated":true}]}}