{"id":33745,"date":"2024-01-30T16:54:36","date_gmt":"2024-01-30T19:54:36","guid":{"rendered":"https:\/\/noticiasribeiraopreto.com.br\/index.php\/2024\/01\/30\/os-planos-de-alexandre-birman-ceo-da-arezzo-crescer-no-vestuario-feminino-e-consolidar-o-e-commerce\/"},"modified":"2024-01-30T16:54:36","modified_gmt":"2024-01-30T19:54:36","slug":"os-planos-de-alexandre-birman-ceo-da-arezzo-crescer-no-vestuario-feminino-e-consolidar-o-e-commerce","status":"publish","type":"post","link":"https:\/\/noticiasribeiraopreto.com.br\/index.php\/2024\/01\/30\/os-planos-de-alexandre-birman-ceo-da-arezzo-crescer-no-vestuario-feminino-e-consolidar-o-e-commerce\/","title":{"rendered":"Os planos de Alexandre Birman, CEO da Arezzo: crescer no vestu\u00e1rio feminino e consolidar o e-commerce"},"content":{"rendered":"<div class='code-block code-block-1' style='margin: 8px 0 8px auto; text-align: right; display: block; clear: both;'>\n<p><a href=\"https:\/\/wa.link\/vpicfd\"><img data-recalc-dims=\"1\" class=\"wp-image-4922\" style=\"aspect-ratio: 2.0253164556962027; width: 561px; height: auto;\" src=\"https:\/\/i0.wp.com\/ismaelcolosi.com.br\/wp-content\/uploads\/2023\/11\/grupo-de-empregos-whatsapp-e-facebook-ismael-colosi-vagas.jpg?ssl=1\" alt=\"\" \/><\/a><\/p>\n<!-- \/wp:image -->\n<\/div>\n<p> <br \/>\n<\/p>\n<div id=\"js-first-letter\">\n<p>O setor de varejo teve as suas receitas pressionadas no ano passado, principalmente, pelos juros elevados e a perda do poder de compra dos brasileiros. Mas o cen\u00e1rio adverso parece n\u00e3o ter atrapalhado os planos da <strong>Arezzo (ARZZ3)<\/strong>.<\/p>\n<p>Entre as a\u00e7\u00f5es \u201cqueridinhas\u201d dos analistas, a companhia tem apresentado resultados s\u00f3lidos. No terceiro trimestre, por exemplo, a empresa apresentou um lucro recorrente de R$ 107,1 milh\u00f5es, uma alta de 4,2% na compara\u00e7\u00e3o com o mesmo per\u00edodo do ano anterior.<\/p>\n<p>Para o CEO da Arezzo, Alexandre Birman, h\u00e1 pelo menos um motivo para isso: a empresa, apesar de estar inserida no varejo, \u201c\u00e9 uma gestora de marcas\u201d.<\/p>\n<p>\u201cComo ainda n\u00e3o estamos no setor de luxo, considerando o pre\u00e7o em que a gente atua, n\u00f3s somos chamados de varejistas, mas n\u00e3o somos varejo. Varejo \u00e9 quem compra e vende. Somos uma gestora de marcas, que criam desejos para as classes A e B e consegue gerar valor agregado\u201d, afirmou Birman. \u201cA Arezzo n\u00e3o \u00e9 uma empresa de varejo.\u201d<\/p>\n<p>Vale lembrar que a companhia det\u00e9m, al\u00e9m da marca que d\u00e1 nome \u00e0 companhia, nomes como Schutz e Vans \u2014 esta \u00faltima em um modelo de licenciamento. Em 2020, o <a href=\"https:\/\/www.seudinheiro.com\/2020\/empresas\/arezzo-compra-reserva-entra-mercado-roupas\/\">grupo adquiriu a Reserva<\/a> e entrou no segmento de vestu\u00e1rio.<\/p>\n<p>O executivo participou do <em>Latin America Investment Conference<\/em> (LAIC), evento realizado pelo banco su\u00ed\u00e7o UBS.<\/p>\n<h2 class=\"wp-block-heading\" id=\"h-arezzo-arzz3-consolidacao-e-expansao\"><strong>Arezzo (ARZZ3): consolida\u00e7\u00e3o e expans\u00e3o<\/strong><\/h2>\n<p>\u00c0s v\u00e9speras de completar 52 anos e 13 anos de empresa listada na B3, a Arezzo hoje det\u00e9m cerca de 12% do mercado de vestu\u00e1rio masculino, de acordo com Birman. O desafio da Arezzo agora \u00e9 ampliar a participa\u00e7\u00e3o voltada ao p\u00fablico feminino, ainda segundo o CEO.<\/p>\n<p>Hoje, a Arezzo tem um processo de cria\u00e7\u00e3o de produtos com dura\u00e7\u00e3o m\u00e9dia de 45 dias, com a possibilidade de reposi\u00e7\u00e3o de um mesmo modelo em cerca de 30 dias, gra\u00e7as, segundo Birman, \u00e0 verticaliza\u00e7\u00e3o da produ\u00e7\u00e3o \u2014 ou seja, do desenvolvimento do produto \u00e0 chegada nas lojas f\u00edsicas da marca.<\/p>\n<p>\u201cN\u00f3s iniciamos esta ideologia no vestu\u00e1rio masculino e o desafio \u00e9 conseguir tamb\u00e9m no feminino\u201d disse o executivo durante painel no LAIC.<\/p>\n<p>Para Birman, o atual momento \u00e9 prop\u00edcio para a consolida\u00e7\u00e3o do setor de vestu\u00e1rio brasileiro. Principalmente no com\u00e9rcio eletr\u00f4nico.<\/p>\n<p>Isso porque cerca de 35% das vendas da companhia s\u00e3o via e-commerce. \u201cTemos o e-commerce da Schutz desde 2011 e hoje toda tecnologia e verticais do digital s\u00e3o pr\u00f3prias.\u201d<\/p>\n<\/div>\n<p><br \/>\n<br \/><a href=\"https:\/\/www.seudinheiro.com\/2024\/empresas\/os-planos-de-alexandre-birman-ceo-da-arezzo-crescer-no-vestuario-feminino-e-consolidar-o-e-commerce-lils\/\">Source link <\/a><\/p>\n<!-- CONTENT END 1 -->\n","protected":false},"excerpt":{"rendered":"<p>O setor de varejo teve as suas receitas pressionadas no ano passado, principalmente, pelos juros elevados e a perda do poder de compra dos brasileiros&#8230;.<\/p>\n","protected":false},"author":1,"featured_media":33746,"comment_status":"open","ping_status":"open","sticky":false,"template":"","format":"standard","meta":{"advanced_seo_description":"","jetpack_seo_html_title":"","jetpack_seo_noindex":false,"jetpack_post_was_ever_published":false,"_jetpack_newsletter_access":"","_jetpack_dont_email_post_to_subs":false,"_jetpack_newsletter_tier_id":0,"_jetpack_memberships_contains_paywalled_content":false,"_jetpack_memberships_contains_paid_content":false,"footnotes":"","jetpack_publicize_message":"","jetpack_publicize_feature_enabled":true,"jetpack_social_post_already_shared":true,"jetpack_social_options":{"image_generator_settings":{"template":"highway","default_image_id":0,"font":"","enabled":false},"version":2}},"categories":[1235],"tags":[],"class_list":["post-33745","post","type-post","status-publish","format-standard","has-post-thumbnail","hentry","category-dinheiro-e-investimento-como-fazer-como-ganhar"],"jetpack_publicize_connections":[],"jetpack_featured_media_url":"https:\/\/i0.wp.com\/noticiasribeiraopreto.com.br\/wp-content\/uploads\/2024\/01\/Arezzo-628x353.png?fit=628%2C353&ssl=1","jetpack-related-posts":[{"id":35204,"url":"https:\/\/noticiasribeiraopreto.com.br\/index.php\/2024\/02\/05\/ceo-da-arezzo-arzz3-fala-em-big-bang-da-moda-brasileira-com-fusao-com-soma-soma3-e-aposta-em-internacionalizacao\/","url_meta":{"origin":33745,"position":0},"title":"CEO da Arezzo (ARZZ3) fala em \u201cbig bang\u201d da moda brasileira com fus\u00e3o com Soma (SOMA3) e aposta em internacionaliza\u00e7\u00e3o\u00a0","author":"noticiasribeiraopreto.com.br","date":"5 de February de 2024","format":false,"excerpt":"O setor de varejo foi estremecido pelo an\u00fancio do \u201cneg\u00f3cio do ano\u201d no universo de moda na manh\u00e3 desta segunda-feira (05): a fus\u00e3o entre a Arezzo (ARZZ3) e o Grupo Soma (SOMA3). A opera\u00e7\u00e3o ser\u00e1 respons\u00e1vel por formar o maior grupo de moda da Am\u00e9rica Latina, com 34 marcas sob\u2026","rel":"","context":"In &quot;Dinheiro e Investimento&quot;","block_context":{"text":"Dinheiro e Investimento","link":"https:\/\/noticiasribeiraopreto.com.br\/index.php\/category\/dinheiro-e-investimento-como-fazer-como-ganhar\/"},"img":{"alt_text":"","src":"https:\/\/i0.wp.com\/noticiasribeiraopreto.com.br\/wp-content\/uploads\/2024\/02\/Os-CEOs-da-Arezzo-ARZZ3-Alexandre-Birman-e-Soma-SOMA3-Roberto-Jatahy.-Foto-reproducaoInstagram-715x402.jpg?fit=715%2C402&ssl=1&resize=350%2C200","width":350,"height":200,"srcset":"https:\/\/i0.wp.com\/noticiasribeiraopreto.com.br\/wp-content\/uploads\/2024\/02\/Os-CEOs-da-Arezzo-ARZZ3-Alexandre-Birman-e-Soma-SOMA3-Roberto-Jatahy.-Foto-reproducaoInstagram-715x402.jpg?fit=715%2C402&ssl=1&resize=350%2C200 1x, https:\/\/i0.wp.com\/noticiasribeiraopreto.com.br\/wp-content\/uploads\/2024\/02\/Os-CEOs-da-Arezzo-ARZZ3-Alexandre-Birman-e-Soma-SOMA3-Roberto-Jatahy.-Foto-reproducaoInstagram-715x402.jpg?fit=715%2C402&ssl=1&resize=525%2C300 1.5x, https:\/\/i0.wp.com\/noticiasribeiraopreto.com.br\/wp-content\/uploads\/2024\/02\/Os-CEOs-da-Arezzo-ARZZ3-Alexandre-Birman-e-Soma-SOMA3-Roberto-Jatahy.-Foto-reproducaoInstagram-715x402.jpg?fit=715%2C402&ssl=1&resize=700%2C400 2x"},"classes":[]},{"id":35090,"url":"https:\/\/noticiasribeiraopreto.com.br\/index.php\/2024\/02\/05\/o-negocio-do-ano-o-que-voce-precisa-saber-sobre-a-fusao-da-arezzo-arzz3-com-o-soma-soma3-dono-da-hering-em-acordo-multibilionario-para-consolidar-casa-de-marcas\/","url_meta":{"origin":33745,"position":1},"title":"O neg\u00f3cio do ano: O que voc\u00ea precisa saber sobre a fus\u00e3o da Arezzo (ARZZ3) com o Soma (SOMA3), dono da Hering, em acordo multibilion\u00e1rio para consolidar casa de marcas","author":"noticiasribeiraopreto.com.br","date":"5 de February de 2024","format":false,"excerpt":"Os rumores da fus\u00e3o entre a Arezzo (ARZZ3) e o Grupo Soma (SOMA3) transformaram a dupla no destaque positivo do Ibovespa na semana passada. A a\u00e7\u00e3o do Soma, dono da Hering e da Farm, liderou as altas da semana (+10,94%), seguida pelos pap\u00e9is da Arezzo (+8,44%). Agora os investidores preparam-se\u2026","rel":"","context":"In &quot;Dinheiro e Investimento&quot;","block_context":{"text":"Dinheiro e Investimento","link":"https:\/\/noticiasribeiraopreto.com.br\/index.php\/category\/dinheiro-e-investimento-como-fazer-como-ganhar\/"},"img":{"alt_text":"","src":"https:\/\/i0.wp.com\/noticiasribeiraopreto.com.br\/wp-content\/uploads\/2024\/02\/1707138174_arezzo-e-soma-1024x576-1-715x402.jpg?fit=715%2C402&ssl=1&resize=350%2C200","width":350,"height":200,"srcset":"https:\/\/i0.wp.com\/noticiasribeiraopreto.com.br\/wp-content\/uploads\/2024\/02\/1707138174_arezzo-e-soma-1024x576-1-715x402.jpg?fit=715%2C402&ssl=1&resize=350%2C200 1x, https:\/\/i0.wp.com\/noticiasribeiraopreto.com.br\/wp-content\/uploads\/2024\/02\/1707138174_arezzo-e-soma-1024x576-1-715x402.jpg?fit=715%2C402&ssl=1&resize=525%2C300 1.5x, https:\/\/i0.wp.com\/noticiasribeiraopreto.com.br\/wp-content\/uploads\/2024\/02\/1707138174_arezzo-e-soma-1024x576-1-715x402.jpg?fit=715%2C402&ssl=1&resize=700%2C400 2x"},"classes":[]},{"id":34127,"url":"https:\/\/noticiasribeiraopreto.com.br\/index.php\/2024\/02\/01\/grupo-soma-soma3-sobe-mais-de-15-na-bolsa-apos-noticia-sobre-fusao-com-arezzo-arzz3-que-sobe-10-hoje\/","url_meta":{"origin":33745,"position":2},"title":"Grupo Soma (SOMA3) sobe mais de 15% na bolsa ap\u00f3s not\u00edcia sobre fus\u00e3o com Arezzo (ARZZ3), que sobe 10% hoje","author":"noticiasribeiraopreto.com.br","date":"1 de February de 2024","format":false,"excerpt":"A divulga\u00e7\u00e3o de uma not\u00edcia sobre uma grande fus\u00e3o no setor de varejo movimenta as a\u00e7\u00f5es hoje na B3. A Arezzo (ARZZ3) est\u00e1 perto de anunciar\u00a0 uma uni\u00e3o com o Grupo Soma (SOMA3), de acordo com o portal NeoFeed.\u00a0 O neg\u00f3cio j\u00e1 estava praticamente fechado desde o \u00faltimo s\u00e1bado (27),\u2026","rel":"","context":"In &quot;Dinheiro e Investimento&quot;","block_context":{"text":"Dinheiro e Investimento","link":"https:\/\/noticiasribeiraopreto.com.br\/index.php\/category\/dinheiro-e-investimento-como-fazer-como-ganhar\/"},"img":{"alt_text":"","src":"https:\/\/i0.wp.com\/noticiasribeiraopreto.com.br\/wp-content\/uploads\/2024\/02\/Artes-SD-Mille-715x402.jpg?fit=715%2C402&ssl=1&resize=350%2C200","width":350,"height":200,"srcset":"https:\/\/i0.wp.com\/noticiasribeiraopreto.com.br\/wp-content\/uploads\/2024\/02\/Artes-SD-Mille-715x402.jpg?fit=715%2C402&ssl=1&resize=350%2C200 1x, https:\/\/i0.wp.com\/noticiasribeiraopreto.com.br\/wp-content\/uploads\/2024\/02\/Artes-SD-Mille-715x402.jpg?fit=715%2C402&ssl=1&resize=525%2C300 1.5x, https:\/\/i0.wp.com\/noticiasribeiraopreto.com.br\/wp-content\/uploads\/2024\/02\/Artes-SD-Mille-715x402.jpg?fit=715%2C402&ssl=1&resize=700%2C400 2x"},"classes":[]},{"id":44575,"url":"https:\/\/noticiasribeiraopreto.com.br\/index.php\/2024\/03\/28\/alexandre-birman-dara-palestra-em-harvard-sobre-crescimento-e-expansao-da-arezzoco\/","url_meta":{"origin":33745,"position":3},"title":"Alexandre Birman dar\u00e1 palestra em Harvard sobre crescimento e expans\u00e3o da Arezzo&#038;Co","author":"noticiasribeiraopreto.com.br","date":"28 de March de 2024","format":false,"excerpt":"Ale VirgilioAlexandre Birman, CEO e CCO da Arezzo&Co, dar\u00e1 palestra em Harvard Alexandre Birman ser\u00e1 um dos palestrantes da 10\u00aa edi\u00e7\u00e3o da Brazil Conference at Harvard & MIT, um dos eventos mais relevantes da \u00e1rea de educa\u00e7\u00e3o no calend\u00e1rio brasileiro, que acontece nos Estados Unidos. \u00c0 frente de um dos\u2026","rel":"","context":"In &quot;Blog&quot;","block_context":{"text":"Blog","link":"https:\/\/noticiasribeiraopreto.com.br\/index.php\/category\/blog\/"},"img":{"alt_text":"","src":"https:\/\/i0.wp.com\/noticiasribeiraopreto.com.br\/wp-content\/uploads\/2024\/03\/Alexandre-Birman-1024x683.jpg?fit=1024%2C683&ssl=1&resize=350%2C200","width":350,"height":200,"srcset":"https:\/\/i0.wp.com\/noticiasribeiraopreto.com.br\/wp-content\/uploads\/2024\/03\/Alexandre-Birman-1024x683.jpg?fit=1024%2C683&ssl=1&resize=350%2C200 1x, https:\/\/i0.wp.com\/noticiasribeiraopreto.com.br\/wp-content\/uploads\/2024\/03\/Alexandre-Birman-1024x683.jpg?fit=1024%2C683&ssl=1&resize=525%2C300 1.5x, https:\/\/i0.wp.com\/noticiasribeiraopreto.com.br\/wp-content\/uploads\/2024\/03\/Alexandre-Birman-1024x683.jpg?fit=1024%2C683&ssl=1&resize=700%2C400 2x"},"classes":[]},{"id":34937,"url":"https:\/\/noticiasribeiraopreto.com.br\/index.php\/2024\/02\/04\/noticia-sobre-fusao-faz-acoes-do-grupo-soma-soma3-e-arezzo-arzz3-subirem-mais-de-10-na-semana-e-serem-as-maiores-altas-do-ibovespa\/","url_meta":{"origin":33745,"position":4},"title":"Not\u00edcia sobre fus\u00e3o faz a\u00e7\u00f5es do Grupo Soma (SOMA3) e Arezzo (ARZZ3) subirem mais de 10% na semana e serem as maiores altas do Ibovespa","author":"noticiasribeiraopreto.com.br","date":"4 de February de 2024","format":false,"excerpt":"Enquanto algumas empresas da bolsa brasileira registraram as maiores perdas da semana, outras companhias abertas conseguiram registrar bons ganhos nos \u00faltimos dias. Enquanto o Ibovespa acumulou perdas da ordem de 1,38%, o Grupo Soma (SOMA3) e Arezzo (ARZZ3) foram as campe\u00e3s do per\u00edodo.\u00a0 Veja as valoriza\u00e7\u00f5es dos \u00faltimos dias: C\u00d3DIGONOMEULTVARSEMSOMA3Grupo\u2026","rel":"","context":"In &quot;Dinheiro e Investimento&quot;","block_context":{"text":"Dinheiro e Investimento","link":"https:\/\/noticiasribeiraopreto.com.br\/index.php\/category\/dinheiro-e-investimento-como-fazer-como-ganhar\/"},"img":{"alt_text":"","src":"https:\/\/i0.wp.com\/noticiasribeiraopreto.com.br\/wp-content\/uploads\/2024\/02\/arezzo-e-soma-1024x576-1-715x402.jpg?fit=715%2C402&ssl=1&resize=350%2C200","width":350,"height":200,"srcset":"https:\/\/i0.wp.com\/noticiasribeiraopreto.com.br\/wp-content\/uploads\/2024\/02\/arezzo-e-soma-1024x576-1-715x402.jpg?fit=715%2C402&ssl=1&resize=350%2C200 1x, https:\/\/i0.wp.com\/noticiasribeiraopreto.com.br\/wp-content\/uploads\/2024\/02\/arezzo-e-soma-1024x576-1-715x402.jpg?fit=715%2C402&ssl=1&resize=525%2C300 1.5x, https:\/\/i0.wp.com\/noticiasribeiraopreto.com.br\/wp-content\/uploads\/2024\/02\/arezzo-e-soma-1024x576-1-715x402.jpg?fit=715%2C402&ssl=1&resize=700%2C400 2x"},"classes":[]},{"id":13879,"url":"https:\/\/noticiasribeiraopreto.com.br\/index.php\/2023\/12\/11\/arezzo-arzz3-2024-sera-um-ano-de-vaca-leiteira-diz-analista-veja-porque-este-e-um-bom-momento-para-investir-na-varejista\/","url_meta":{"origin":33745,"position":5},"title":"Arezzo (ARZZ3): \u20182024 ser\u00e1 um ano de vaca leiteira\u2019; diz analista; veja porque este \u00e9 um bom momento para investir na varejista","author":"noticiasribeiraopreto.com.br","date":"11 de December de 2023","format":false,"excerpt":"Nem s\u00f3 de sand\u00e1lias e bolsas bonitas \u00e9 feita a Arezzo (ARZZ3). Dona de um dos maiores conglomerados do varejo de moda do pa\u00eds, a companhia tamb\u00e9m est\u00e1 no radar dos investidores.\u00a0 Na \u00faltima quinta-feira (07) ocorreu o Arezzo Day. O objetivo do evento era apresentar a gestores, analistas e\u2026","rel":"","context":"In &quot;Dinheiro e Investimento&quot;","block_context":{"text":"Dinheiro e Investimento","link":"https:\/\/noticiasribeiraopreto.com.br\/index.php\/category\/dinheiro-e-investimento-como-fazer-como-ganhar\/"},"img":{"alt_text":"","src":"https:\/\/i0.wp.com\/noticiasribeiraopreto.com.br\/wp-content\/uploads\/2023\/12\/Arezzo-ARZZ3-628x353.jpg?fit=628%2C353&ssl=1&resize=350%2C200","width":350,"height":200,"srcset":"https:\/\/i0.wp.com\/noticiasribeiraopreto.com.br\/wp-content\/uploads\/2023\/12\/Arezzo-ARZZ3-628x353.jpg?fit=628%2C353&ssl=1&resize=350%2C200 1x, https:\/\/i0.wp.com\/noticiasribeiraopreto.com.br\/wp-content\/uploads\/2023\/12\/Arezzo-ARZZ3-628x353.jpg?fit=628%2C353&ssl=1&resize=525%2C300 1.5x"},"classes":[]}],"jetpack_sharing_enabled":true,"jetpack_shortlink":"https:\/\/wp.me\/peQAOb-8Mh","_links":{"self":[{"href":"https:\/\/noticiasribeiraopreto.com.br\/index.php\/wp-json\/wp\/v2\/posts\/33745","targetHints":{"allow":["GET"]}}],"collection":[{"href":"https:\/\/noticiasribeiraopreto.com.br\/index.php\/wp-json\/wp\/v2\/posts"}],"about":[{"href":"https:\/\/noticiasribeiraopreto.com.br\/index.php\/wp-json\/wp\/v2\/types\/post"}],"author":[{"embeddable":true,"href":"https:\/\/noticiasribeiraopreto.com.br\/index.php\/wp-json\/wp\/v2\/users\/1"}],"replies":[{"embeddable":true,"href":"https:\/\/noticiasribeiraopreto.com.br\/index.php\/wp-json\/wp\/v2\/comments?post=33745"}],"version-history":[{"count":0,"href":"https:\/\/noticiasribeiraopreto.com.br\/index.php\/wp-json\/wp\/v2\/posts\/33745\/revisions"}],"wp:featuredmedia":[{"embeddable":true,"href":"https:\/\/noticiasribeiraopreto.com.br\/index.php\/wp-json\/wp\/v2\/media\/33746"}],"wp:attachment":[{"href":"https:\/\/noticiasribeiraopreto.com.br\/index.php\/wp-json\/wp\/v2\/media?parent=33745"}],"wp:term":[{"taxonomy":"category","embeddable":true,"href":"https:\/\/noticiasribeiraopreto.com.br\/index.php\/wp-json\/wp\/v2\/categories?post=33745"},{"taxonomy":"post_tag","embeddable":true,"href":"https:\/\/noticiasribeiraopreto.com.br\/index.php\/wp-json\/wp\/v2\/tags?post=33745"}],"curies":[{"name":"wp","href":"https:\/\/api.w.org\/{rel}","templated":true}]}}