{"id":33747,"date":"2024-01-30T16:59:59","date_gmt":"2024-01-30T19:59:59","guid":{"rendered":"https:\/\/noticiasribeiraopreto.com.br\/index.php\/2024\/01\/30\/acidente-congestiona-avenida-da-zona-leste\/"},"modified":"2024-01-30T16:59:59","modified_gmt":"2024-01-30T19:59:59","slug":"acidente-congestiona-avenida-da-zona-leste","status":"publish","type":"post","link":"https:\/\/noticiasribeiraopreto.com.br\/index.php\/2024\/01\/30\/acidente-congestiona-avenida-da-zona-leste\/","title":{"rendered":"Acidente congestiona avenida da zona Leste"},"content":{"rendered":"<div class='code-block code-block-1' style='margin: 8px 0 8px auto; text-align: right; display: block; clear: both;'>\n<p><a href=\"https:\/\/wa.link\/vpicfd\"><img data-recalc-dims=\"1\" class=\"wp-image-4922\" style=\"aspect-ratio: 2.0253164556962027; width: 561px; height: auto;\" src=\"https:\/\/i0.wp.com\/ismaelcolosi.com.br\/wp-content\/uploads\/2023\/11\/grupo-de-empregos-whatsapp-e-facebook-ismael-colosi-vagas.jpg?ssl=1\" alt=\"\" \/><\/a><\/p>\n<!-- \/wp:image -->\n<\/div>\n<p> <br \/>\n<\/p>\n<div id=\"post-372047\">\n<header class=\"entry-header penci-entry-header penci-title-center\">\n<h2 class=\"penci-post-subtitle\">Tr\u00e2nsito ficou complicado e foi preciso interven\u00e7\u00e3o da RP Mobi at\u00e9 que ve\u00edculos fossem retirados<\/h2>\n<p> <span class=\"entry-meta-item penci-posted-on\"><i class=\"fa fa-clock-o\"\/><time class=\"entry-date published updated\" datetime=\"2024-01-30T16:47:15-03:00\">30 de janeiro de 2024 | 16:47<\/time><\/span><\/p>\n<p> <span class=\"penci-social-buttons penci-social-share-footer\"><a href=\"#\" class=\"penci-post-like penci_post-meta_item  single-like-button penci-social-item like\" data-post_id=\"372047\" title=\"Like\" data-like=\"Like\" data-unlike=\"Unlike\"><i class=\"fa fa-thumbs-o-up\"\/><span class=\"penci-share-number\">2<\/span><\/a><i class=\"fa fa-facebook\"\/><a class=\"penci-social-item twitter\" target=\"_blank\" rel=\"noopener\" title=\"\" href=\"https:\/\/twitter.com\/intent\/tweet?text=Acidente%20congestiona%20avenida%20da%20zona%20Leste%20-%20https:\/\/www.tribunaribeirao.com.br\/site\/acidente-congestiona-avenida-da-zona-leste\/\"><i class=\"fa fa-twitter\"\/><\/a><i class=\"fa fa-whatsapp\"\/><\/span><\/header>\n<div class=\"penci-entry-content entry-content\">\n<p>Por: Adalberto Luque<\/p>\n<p>Um acidente de tr\u00e2nsito, envolvendo um \u00f4nibus do transporte coletivo urbano e um ve\u00edculo, causou congestionamento no tr\u00e2nsito, na Avenida Bar\u00e3o do Bananal, na conflu\u00eancia com a Rua Jo\u00e3o Bim, no Parque Bandeirantes, zona Leste de Ribeir\u00e3o Preto. O acidente ocorreu na manh\u00e3 desta ter\u00e7a-feira (30).<\/p>\n<p>Segundo informa\u00e7\u00f5es, os ve\u00edculos bateram e acabaram parando justamente num dos pontos de maior movimento, no encontro das duas vias. Como se formou congestionamento, a RP Mobi foi acionada para atuar no local.<\/p>\n<p>Em nota, a empresa de tr\u00e2nsito explicou sobre o ocorrido. \u201cA RP Mobi informa que o referido acidente no cruzamento da rua Jo\u00e3o Bim com a avenida Bar\u00e3o do Bananal recebeu o suporte dos Agentes de Tr\u00e2nsito. A ocorr\u00eancia foi entre um carro e um \u00f4nibus do transporte coletivo urbano, a via foi liberada por volta das 10h15 ap\u00f3s os agentes aplicarem serragem no local\u201d, consta na nota.<\/p>\n<p>N\u00e3o houve informa\u00e7\u00f5es sobre feridos. A ocorr\u00eancia foi registrada e a Pol\u00edcia Civil vai apurar as responsabilidades do acidente.<\/p>\n<\/div>\n<footer class=\"penci-entry-footer\"\/><\/div>\n<p><script async src=\"\/\/platform.twitter.com\/widgets.js\" charset=\"utf-8\"><\/script><br \/>\n<br \/><br \/>\n<br \/><a href=\"https:\/\/www.tribunaribeirao.com.br\/site\/acidente-congestiona-avenida-da-zona-leste\/\">Source link <\/a><\/p>\n<!-- CONTENT END 1 -->\n","protected":false},"excerpt":{"rendered":"<p>Tr\u00e2nsito ficou complicado e foi preciso interven\u00e7\u00e3o da RP Mobi at\u00e9 que ve\u00edculos fossem retirados 30 de janeiro de 2024 | 16:47 2 Por: Adalberto&#8230;<\/p>\n","protected":false},"author":1,"featured_media":33748,"comment_status":"open","ping_status":"open","sticky":false,"template":"","format":"standard","meta":{"advanced_seo_description":"","jetpack_seo_html_title":"","jetpack_seo_noindex":false,"jetpack_post_was_ever_published":false,"_jetpack_newsletter_access":"","_jetpack_dont_email_post_to_subs":false,"_jetpack_newsletter_tier_id":0,"_jetpack_memberships_contains_paywalled_content":false,"_jetpack_memberships_contains_paid_content":false,"footnotes":"","jetpack_publicize_message":"","jetpack_publicize_feature_enabled":true,"jetpack_social_post_already_shared":true,"jetpack_social_options":{"image_generator_settings":{"template":"highway","default_image_id":0,"font":"","enabled":false},"version":2}},"categories":[11],"tags":[74,849,3980,1557,340],"class_list":["post-33747","post","type-post","status-publish","format-standard","has-post-thumbnail","hentry","category-noticias-de-ribeirao-preto-sp-e-regiao-ismael-colosi","tag-acidente","tag-avenida","tag-congestiona","tag-leste","tag-zona"],"jetpack_publicize_connections":[],"jetpack_featured_media_url":"https:\/\/i0.wp.com\/noticiasribeiraopreto.com.br\/wp-content\/uploads\/2024\/01\/00-30-jan-2024-acidente-barao-bananal-foto-tribuna-imagens.jpg?fit=728%2C645&ssl=1","jetpack-related-posts":[{"id":15062,"url":"https:\/\/noticiasribeiraopreto.com.br\/index.php\/2023\/12\/13\/motociclista-morre-em-acidente-na-zona-leste\/","url_meta":{"origin":33747,"position":0},"title":"Motociclista morre em acidente na zona Leste","author":"noticiasribeiraopreto.com.br","date":"13 de December de 2023","format":false,"excerpt":"Colis\u00e3o ocorreu pr\u00f3ximo ao Parque dos Servidores e v\u00edtima foi atropelada ao tentar desviar de outro carro e cair 12 de dezembro de 2023 | 16:38 3Por: Adalberto LuqueUm homem morreu, no in\u00edcio da tarde desta sexta-feira (12), ap\u00f3s se envolver em um acidente de tr\u00e2nsito, na Avenida Alfredo Ravanelli,\u2026","rel":"","context":"In &quot;Not\u00edcias de Ribeir\u00e3o Preto-SP e Regi\u00e3o&quot;","block_context":{"text":"Not\u00edcias de Ribeir\u00e3o Preto-SP e Regi\u00e3o","link":"https:\/\/noticiasribeiraopreto.com.br\/index.php\/category\/noticias-de-ribeirao-preto-sp-e-regiao-ismael-colosi\/"},"img":{"alt_text":"","src":"https:\/\/i0.wp.com\/noticiasribeiraopreto.com.br\/wp-content\/uploads\/2023\/12\/00-12-dez-2023-motociclista-morto-03-foto-max-gallao-mesquita-scaled.jpg?fit=1000%2C629&ssl=1&resize=350%2C200","width":350,"height":200,"srcset":"https:\/\/i0.wp.com\/noticiasribeiraopreto.com.br\/wp-content\/uploads\/2023\/12\/00-12-dez-2023-motociclista-morto-03-foto-max-gallao-mesquita-scaled.jpg?fit=1000%2C629&ssl=1&resize=350%2C200 1x, https:\/\/i0.wp.com\/noticiasribeiraopreto.com.br\/wp-content\/uploads\/2023\/12\/00-12-dez-2023-motociclista-morto-03-foto-max-gallao-mesquita-scaled.jpg?fit=1000%2C629&ssl=1&resize=525%2C300 1.5x, https:\/\/i0.wp.com\/noticiasribeiraopreto.com.br\/wp-content\/uploads\/2023\/12\/00-12-dez-2023-motociclista-morto-03-foto-max-gallao-mesquita-scaled.jpg?fit=1000%2C629&ssl=1&resize=700%2C400 2x"},"classes":[]},{"id":82262,"url":"https:\/\/noticiasribeiraopreto.com.br\/index.php\/2026\/02\/09\/acidente-de-transito-e-registrado-em-avenida-da-zona-norte-de-ribeirao-preto\/","url_meta":{"origin":33747,"position":1},"title":"Acidente de tr\u00e2nsito \u00e9 registrado em avenida da zona Norte de Ribeir\u00e3o Preto","author":"noticiasribeiraopreto.com.br","date":"9 de February de 2026","format":false,"excerpt":"Um acidente de tr\u00e2nsito foi registrado na avenida Cavalheiro Paschoal Innecchi, no Jardim Independ\u00eancia, zona Norte de Ribeir\u00e3o Preto, na manh\u00e3 desta segunda-feira (9). De acordo com as primeiras informa\u00e7\u00f5es, um ve\u00edculo Uno teria batido na grade de prote\u00e7\u00e3o da ciclovia da avenida. Com o impacto, a parte da frente\u2026","rel":"","context":"In &quot;Not\u00edcias de Ribeir\u00e3o Preto-SP e Regi\u00e3o&quot;","block_context":{"text":"Not\u00edcias de Ribeir\u00e3o Preto-SP e Regi\u00e3o","link":"https:\/\/noticiasribeiraopreto.com.br\/index.php\/category\/noticias-de-ribeirao-preto-sp-e-regiao-ismael-colosi\/"},"img":{"alt_text":"","src":"https:\/\/i0.wp.com\/noticiasribeiraopreto.com.br\/wp-content\/uploads\/2026\/02\/palace-4_2026-02-09_11-42-30.webp.webp?fit=1200%2C675&ssl=1&resize=350%2C200","width":350,"height":200,"srcset":"https:\/\/i0.wp.com\/noticiasribeiraopreto.com.br\/wp-content\/uploads\/2026\/02\/palace-4_2026-02-09_11-42-30.webp.webp?fit=1200%2C675&ssl=1&resize=350%2C200 1x, https:\/\/i0.wp.com\/noticiasribeiraopreto.com.br\/wp-content\/uploads\/2026\/02\/palace-4_2026-02-09_11-42-30.webp.webp?fit=1200%2C675&ssl=1&resize=525%2C300 1.5x, https:\/\/i0.wp.com\/noticiasribeiraopreto.com.br\/wp-content\/uploads\/2026\/02\/palace-4_2026-02-09_11-42-30.webp.webp?fit=1200%2C675&ssl=1&resize=700%2C400 2x, https:\/\/i0.wp.com\/noticiasribeiraopreto.com.br\/wp-content\/uploads\/2026\/02\/palace-4_2026-02-09_11-42-30.webp.webp?fit=1200%2C675&ssl=1&resize=1050%2C600 3x"},"classes":[]},{"id":83098,"url":"https:\/\/noticiasribeiraopreto.com.br\/index.php\/2026\/03\/09\/motociclista-derrapa-e-fica-ferida-na-zona-oeste\/","url_meta":{"origin":33747,"position":2},"title":"Motociclista derrapa e fica ferida na zona Oeste","author":"noticiasribeiraopreto.com.br","date":"9 de March de 2026","format":false,"excerpt":"\r \r \r Condutora da moto perdeu o controle em avenida com piso molhado pela chuva\r \r 9 de mar\u00e7o de 2026 10:37 \r Compartilhar1 \r Por: Alfredo Risk e Adalberto Luque Uma mulher ficou ferida, na manh\u00e3 desta segunda-feira (9), ap\u00f3s cair com sua moto. O acidente ocorreu na\u2026","rel":"","context":"In &quot;Not\u00edcias de Ribeir\u00e3o Preto-SP e Regi\u00e3o&quot;","block_context":{"text":"Not\u00edcias de Ribeir\u00e3o Preto-SP e Regi\u00e3o","link":"https:\/\/noticiasribeiraopreto.com.br\/index.php\/category\/noticias-de-ribeirao-preto-sp-e-regiao-ismael-colosi\/"},"img":{"alt_text":"","src":"https:\/\/i0.wp.com\/noticiasribeiraopreto.com.br\/wp-content\/uploads\/2026\/03\/09-mar-2026-acidenteusp1-scaled.jpg?fit=1170%2C780&ssl=1&resize=350%2C200","width":350,"height":200,"srcset":"https:\/\/i0.wp.com\/noticiasribeiraopreto.com.br\/wp-content\/uploads\/2026\/03\/09-mar-2026-acidenteusp1-scaled.jpg?fit=1170%2C780&ssl=1&resize=350%2C200 1x, https:\/\/i0.wp.com\/noticiasribeiraopreto.com.br\/wp-content\/uploads\/2026\/03\/09-mar-2026-acidenteusp1-scaled.jpg?fit=1170%2C780&ssl=1&resize=525%2C300 1.5x, https:\/\/i0.wp.com\/noticiasribeiraopreto.com.br\/wp-content\/uploads\/2026\/03\/09-mar-2026-acidenteusp1-scaled.jpg?fit=1170%2C780&ssl=1&resize=700%2C400 2x, https:\/\/i0.wp.com\/noticiasribeiraopreto.com.br\/wp-content\/uploads\/2026\/03\/09-mar-2026-acidenteusp1-scaled.jpg?fit=1170%2C780&ssl=1&resize=1050%2C600 3x"},"classes":[]},{"id":33359,"url":"https:\/\/noticiasribeiraopreto.com.br\/index.php\/2024\/01\/29\/motociclista-fica-ferido-em-rotatoria-da-zona-leste\/","url_meta":{"origin":33747,"position":3},"title":"Motociclista fica ferido em rotat\u00f3ria da zona Leste","author":"noticiasribeiraopreto.com.br","date":"29 de January de 2024","format":false,"excerpt":"Acidente ocorreu pr\u00f3ximo a sem\u00e1foro; condutor da moto teria batido na lateral de um ve\u00edculo e colidido contra \u00f4nibus 29 de janeiro de 2024 | 11:26 2Por: Adalberto LuqueUm motociclista ficou ferido, na manh\u00e3 desta segunda-feira (29), ap\u00f3s um acidente envolvendo sua moto, um ve\u00edculo e um \u00f4nibus de transporte\u2026","rel":"","context":"In &quot;Not\u00edcias de Ribeir\u00e3o Preto-SP e Regi\u00e3o&quot;","block_context":{"text":"Not\u00edcias de Ribeir\u00e3o Preto-SP e Regi\u00e3o","link":"https:\/\/noticiasribeiraopreto.com.br\/index.php\/category\/noticias-de-ribeirao-preto-sp-e-regiao-ismael-colosi\/"},"img":{"alt_text":"","src":"https:\/\/i0.wp.com\/noticiasribeiraopreto.com.br\/wp-content\/uploads\/2024\/01\/00-29-jan-2024-acidente-castelo-foto-max-gallao-mesquita-scaled.jpg?fit=1000%2C627&ssl=1&resize=350%2C200","width":350,"height":200,"srcset":"https:\/\/i0.wp.com\/noticiasribeiraopreto.com.br\/wp-content\/uploads\/2024\/01\/00-29-jan-2024-acidente-castelo-foto-max-gallao-mesquita-scaled.jpg?fit=1000%2C627&ssl=1&resize=350%2C200 1x, https:\/\/i0.wp.com\/noticiasribeiraopreto.com.br\/wp-content\/uploads\/2024\/01\/00-29-jan-2024-acidente-castelo-foto-max-gallao-mesquita-scaled.jpg?fit=1000%2C627&ssl=1&resize=525%2C300 1.5x, https:\/\/i0.wp.com\/noticiasribeiraopreto.com.br\/wp-content\/uploads\/2024\/01\/00-29-jan-2024-acidente-castelo-foto-max-gallao-mesquita-scaled.jpg?fit=1000%2C627&ssl=1&resize=700%2C400 2x"},"classes":[]},{"id":37052,"url":"https:\/\/noticiasribeiraopreto.com.br\/index.php\/2024\/02\/14\/mulher-morre-em-acidente-na-zona-oeste\/","url_meta":{"origin":33747,"position":4},"title":"Mulher morre em acidente na zona Oeste","author":"noticiasribeiraopreto.com.br","date":"14 de February de 2024","format":false,"excerpt":"V\u00edtima estava em motocicleta que colidiu contra ve\u00edculo 14 de fevereiro de 2024 | 8:38 0Por: Adalberto LuqueUma jovem de 24 anos morreu, na madrugada desta segunda-feira (12), ap\u00f3s um acidente ocorrido na Avenida Bandeirantes, Vila Virg\u00ednia, zona Oeste de Ribeir\u00e3o Preto. A v\u00edtima estaria em uma motocicleta.Segundo informa\u00e7\u00f5es, a\u2026","rel":"","context":"In &quot;Not\u00edcias de Ribeir\u00e3o Preto-SP e Regi\u00e3o&quot;","block_context":{"text":"Not\u00edcias de Ribeir\u00e3o Preto-SP e Regi\u00e3o","link":"https:\/\/noticiasribeiraopreto.com.br\/index.php\/category\/noticias-de-ribeirao-preto-sp-e-regiao-ismael-colosi\/"},"img":{"alt_text":"","src":"https:\/\/i0.wp.com\/noticiasribeiraopreto.com.br\/wp-content\/uploads\/2024\/02\/LUQUE-Samu-02-Foto-Alfredo-Risk-scaled.jpg?fit=1200%2C800&ssl=1&resize=350%2C200","width":350,"height":200,"srcset":"https:\/\/i0.wp.com\/noticiasribeiraopreto.com.br\/wp-content\/uploads\/2024\/02\/LUQUE-Samu-02-Foto-Alfredo-Risk-scaled.jpg?fit=1200%2C800&ssl=1&resize=350%2C200 1x, https:\/\/i0.wp.com\/noticiasribeiraopreto.com.br\/wp-content\/uploads\/2024\/02\/LUQUE-Samu-02-Foto-Alfredo-Risk-scaled.jpg?fit=1200%2C800&ssl=1&resize=525%2C300 1.5x, https:\/\/i0.wp.com\/noticiasribeiraopreto.com.br\/wp-content\/uploads\/2024\/02\/LUQUE-Samu-02-Foto-Alfredo-Risk-scaled.jpg?fit=1200%2C800&ssl=1&resize=700%2C400 2x, https:\/\/i0.wp.com\/noticiasribeiraopreto.com.br\/wp-content\/uploads\/2024\/02\/LUQUE-Samu-02-Foto-Alfredo-Risk-scaled.jpg?fit=1200%2C800&ssl=1&resize=1050%2C600 3x"},"classes":[]},{"id":84958,"url":"https:\/\/noticiasribeiraopreto.com.br\/index.php\/2026\/04\/18\/colisao-entre-veiculos-provoca-capotamento-na-zona-norte-de-ribeirao-preto\/","url_meta":{"origin":33747,"position":5},"title":"Colis\u00e3o entre ve\u00edculos provoca capotamento na zona Norte de Ribeir\u00e3o Preto","author":"noticiasribeiraopreto.com.br","date":"18 de April de 2026","format":false,"excerpt":"Ler o resumo da not\u00edcia No s\u00e1bado (18), um ve\u00edculo que saiu de um posto de combust\u00edvel entrou na contram\u00e3o e colidiu com outro carro na Rua Capit\u00e3o Salom\u00e3o, n\u00ba\u202f1.023, zona Norte de Ribeir\u00e3o Preto, provocando capotamento. As v\u00edtimas foram socorridas; a RP\u202fMobi foi acionada para apoiar o tr\u00e2nsito, mas\u2026","rel":"","context":"In &quot;Not\u00edcias de Ribeir\u00e3o Preto-SP e Regi\u00e3o&quot;","block_context":{"text":"Not\u00edcias de Ribeir\u00e3o Preto-SP e Regi\u00e3o","link":"https:\/\/noticiasribeiraopreto.com.br\/index.php\/category\/noticias-de-ribeirao-preto-sp-e-regiao-ismael-colosi\/"},"img":{"alt_text":"","src":"https:\/\/i0.wp.com\/noticiasribeiraopreto.com.br\/wp-content\/uploads\/2026\/04\/palace-4_2026-04-18_19-24-48.webp.webp?fit=1200%2C675&ssl=1&resize=350%2C200","width":350,"height":200,"srcset":"https:\/\/i0.wp.com\/noticiasribeiraopreto.com.br\/wp-content\/uploads\/2026\/04\/palace-4_2026-04-18_19-24-48.webp.webp?fit=1200%2C675&ssl=1&resize=350%2C200 1x, https:\/\/i0.wp.com\/noticiasribeiraopreto.com.br\/wp-content\/uploads\/2026\/04\/palace-4_2026-04-18_19-24-48.webp.webp?fit=1200%2C675&ssl=1&resize=525%2C300 1.5x, https:\/\/i0.wp.com\/noticiasribeiraopreto.com.br\/wp-content\/uploads\/2026\/04\/palace-4_2026-04-18_19-24-48.webp.webp?fit=1200%2C675&ssl=1&resize=700%2C400 2x, https:\/\/i0.wp.com\/noticiasribeiraopreto.com.br\/wp-content\/uploads\/2026\/04\/palace-4_2026-04-18_19-24-48.webp.webp?fit=1200%2C675&ssl=1&resize=1050%2C600 3x"},"classes":[]}],"jetpack_sharing_enabled":true,"jetpack_shortlink":"https:\/\/wp.me\/peQAOb-8Mj","_links":{"self":[{"href":"https:\/\/noticiasribeiraopreto.com.br\/index.php\/wp-json\/wp\/v2\/posts\/33747","targetHints":{"allow":["GET"]}}],"collection":[{"href":"https:\/\/noticiasribeiraopreto.com.br\/index.php\/wp-json\/wp\/v2\/posts"}],"about":[{"href":"https:\/\/noticiasribeiraopreto.com.br\/index.php\/wp-json\/wp\/v2\/types\/post"}],"author":[{"embeddable":true,"href":"https:\/\/noticiasribeiraopreto.com.br\/index.php\/wp-json\/wp\/v2\/users\/1"}],"replies":[{"embeddable":true,"href":"https:\/\/noticiasribeiraopreto.com.br\/index.php\/wp-json\/wp\/v2\/comments?post=33747"}],"version-history":[{"count":0,"href":"https:\/\/noticiasribeiraopreto.com.br\/index.php\/wp-json\/wp\/v2\/posts\/33747\/revisions"}],"wp:featuredmedia":[{"embeddable":true,"href":"https:\/\/noticiasribeiraopreto.com.br\/index.php\/wp-json\/wp\/v2\/media\/33748"}],"wp:attachment":[{"href":"https:\/\/noticiasribeiraopreto.com.br\/index.php\/wp-json\/wp\/v2\/media?parent=33747"}],"wp:term":[{"taxonomy":"category","embeddable":true,"href":"https:\/\/noticiasribeiraopreto.com.br\/index.php\/wp-json\/wp\/v2\/categories?post=33747"},{"taxonomy":"post_tag","embeddable":true,"href":"https:\/\/noticiasribeiraopreto.com.br\/index.php\/wp-json\/wp\/v2\/tags?post=33747"}],"curies":[{"name":"wp","href":"https:\/\/api.w.org\/{rel}","templated":true}]}}