{"id":33755,"date":"2024-01-30T17:18:57","date_gmt":"2024-01-30T20:18:57","guid":{"rendered":"https:\/\/noticiasribeiraopreto.com.br\/index.php\/2024\/01\/30\/veja-atracoes-do-theatro-pedro-ii-em-ribeirao-renato-albani-esta-confirmado\/"},"modified":"2024-01-30T17:18:57","modified_gmt":"2024-01-30T20:18:57","slug":"veja-atracoes-do-theatro-pedro-ii-em-ribeirao-renato-albani-esta-confirmado","status":"publish","type":"post","link":"https:\/\/noticiasribeiraopreto.com.br\/index.php\/2024\/01\/30\/veja-atracoes-do-theatro-pedro-ii-em-ribeirao-renato-albani-esta-confirmado\/","title":{"rendered":"Veja atra\u00e7\u00f5es do Theatro Pedro II em Ribeir\u00e3o; Renato Albani est\u00e1 confirmado"},"content":{"rendered":"<div class='code-block code-block-1' style='margin: 8px 0 8px auto; text-align: right; display: block; clear: both;'>\n<p><a href=\"https:\/\/wa.link\/vpicfd\"><img data-recalc-dims=\"1\" class=\"wp-image-4922\" style=\"aspect-ratio: 2.0253164556962027; width: 561px; height: auto;\" src=\"https:\/\/i0.wp.com\/ismaelcolosi.com.br\/wp-content\/uploads\/2023\/11\/grupo-de-empregos-whatsapp-e-facebook-ismael-colosi-vagas.jpg?ssl=1\" alt=\"\" \/><\/a><\/p>\n<!-- \/wp:image -->\n<\/div>\n<p> <br \/>\n<\/p>\n<div>\n<p>O <strong>Theatro Pedro II<\/strong>, no Centro de <strong>Ribeir\u00e3o Preto<\/strong>, retoma a agenda de eventos a partir de <strong>mar\u00e7o<\/strong>, com uma programa\u00e7\u00e3o variada para todas as idades e gostos.<\/p>\n<p>A agenda conta com apresenta\u00e7\u00f5es de <strong>Renato Albani<\/strong>, <strong>Danilo Gentili<\/strong>, <strong>Biquini <\/strong>e mais.<mark style=\"background-color:#fcb900\" class=\"has-inline-color\"> <em>Confira abaixo a <strong>programa\u00e7\u00e3o completa<\/strong> para o <strong>m\u00eas de mar\u00e7o<\/strong>:<\/em><\/mark><\/p>\n<h4 class=\"wp-block-heading\"><strong><mark style=\"background-color:rgba(0, 0, 0, 0)\" class=\"has-inline-color has-luminous-vivid-orange-color\">Dona S\u00f4nia em: \u201cEu n\u00e3o digo \u00e9 nada\u201d<\/mark><\/strong><\/h4>\n<p>O comediante <strong>Glauber Cunha<\/strong> se apresenta em <strong>Ribeir\u00e3o Preto<\/strong>, no dia 8 de mar\u00e7o, \u00e0s 20h, com sua personagem <strong>Dona S\u00f4nia<\/strong>, uma m\u00e3e que \u00e9 dona de casa e se dedica \u00e0 sua fam\u00edlia sempre com muito amor, sem deixar de ser firme na cria\u00e7\u00e3o dos filhos.<\/p>\n<p>Os ingressos variam entre <strong>R$ 35 (meia balc\u00e3o simples)<\/strong> e <strong>R$ 90 (inteira plateia e frisa)<\/strong>. Eles podem ser adquiridos de forma on-line (<a href=\"https:\/\/bileto.sympla.com.br\/event\/90379\/d\/235976?_gl=11cg27ok_gaMjA4NzQyNzY4Mi4xNzA1OTQ3NDM4_ga_KXH10SQTZFMTcwNTk0NzQzNy4xLjEuMTcwNTk0NzQ1OC4zOS4wLjExMjEzODAyMTc.\" target=\"_blank\" rel=\"noreferrer noopener\">clique aqui<\/a>) ou na <strong>bilheteria do Theatro<\/strong>.<\/p>\n<p><strong>SERVI\u00c7O<\/strong><\/p>\n<p>Data: 8 de mar\u00e7o (sexta-feira)<\/p>\n<p>Hor\u00e1rio: 20h<\/p>\n<p>Local: Theatro Pedro II \u2013 rua \u00c1lvares Cabral, 370 \u2013 Centro, Ribeir\u00e3o Preto<\/p>\n<p>Ingressos: a partir de R$ 35 (<a href=\"https:\/\/bileto.sympla.com.br\/event\/90379\/d\/235976?_gl=11cg27ok_gaMjA4NzQyNzY4Mi4xNzA1OTQ3NDM4_ga_KXH10SQTZFMTcwNTk0NzQzNy4xLjEuMTcwNTk0NzQ1OC4zOS4wLjExMjEzODAyMTc.\" target=\"_blank\" rel=\"noreferrer noopener\">clique aqui<\/a>)<\/p>\n<h4 class=\"wp-block-heading\"><strong><mark style=\"background-color:rgba(0, 0, 0, 0)\" class=\"has-inline-color has-luminous-vivid-orange-color\">Danilo Gentili<\/mark><\/strong><\/h4>\n<p>O comediante desembarca em<strong> Ribeir\u00e3o Preto<\/strong> para apresenta\u00e7\u00e3o \u00fanica, no dia 9 de mar\u00e7o, \u00e0s 20h, com o seu show de <strong>stand-up<\/strong>.<\/p>\n<p>Os ingressos j\u00e1 est\u00e3o \u00e0 venda atrav\u00e9s do site (<a href=\"https:\/\/ingressodigital.com\/evento\/10726\/Danilo_Gentili__Stand_Up\" target=\"_blank\" rel=\"noreferrer noopener\">clique aqui<\/a>) ou na <strong>bilheteria do Theatro<\/strong>. Os valores variam entre<strong> R$ 50 (meia balc\u00e3o simples)<\/strong> e <strong>R$ 160 (inteira plateia)<\/strong>.<\/p>\n<p><strong>SERVI\u00c7O<\/strong><\/p>\n<p>Data: 9 de mar\u00e7o (s\u00e1bado)<\/p>\n<p>Hor\u00e1rio: 20h<\/p>\n<p>Local: Theatro Pedro II \u2013 rua \u00c1lvares Cabral, 370 \u2013 Centro, Ribeir\u00e3o Preto<\/p>\n<p>Ingressos: a partir de R$ 50 (<a href=\"https:\/\/ingressodigital.com\/evento\/10726\/Danilo_Gentili__Stand_Up\" target=\"_blank\" rel=\"noreferrer noopener\">clique aqui<\/a>)<\/p>\n<h4 class=\"wp-block-heading\"><strong><mark style=\"background-color:rgba(0, 0, 0, 0)\" class=\"has-inline-color has-luminous-vivid-orange-color\">Rei Le\u00e3o In Concert<\/mark><\/strong><\/h4>\n<p>Baseado na obra teatral \u201cHamlet\u201d, do dramaturgo ingl\u00eas<strong> William Shakespeare<\/strong>, o espet\u00e1culo traz aos palcos de <strong>Ribeir\u00e3o Preto<\/strong>, \u00e0s 15h, no dia 10 de mar\u00e7o, o cl\u00e1ssico que passou por gera\u00e7\u00f5es, com m\u00fasicas ao vivo.<\/p>\n<p>Os ingressos podem ser adquiridos de forma on-line (<a href=\"https:\/\/ingressodigital.com\/evento\/10729\/Rei_Leo_In_Concert\" target=\"_blank\" rel=\"noreferrer noopener\">clique aqui<\/a>) ou na<strong> bilheteria do Theatro<\/strong>. Os valores variam entre <strong>R$ 55 (meia balc\u00e3o simples)<\/strong> e <strong>R$ 150 (inteira plateia)<\/strong>.<\/p>\n<p><strong>SERVI\u00c7O<\/strong><\/p>\n<p>Data: 10 de mar\u00e7o (domingo)<\/p>\n<p>Hor\u00e1rio: 15h<\/p>\n<p>Local: Theatro Pedro II \u2013 rua \u00c1lvares Cabral, 370 \u2013 Centro, Ribeir\u00e3o Preto<\/p>\n<p>Ingressos: a partir de R$ 55 (<a href=\"https:\/\/ingressodigital.com\/evento\/10729\/Rei_Leo_In_Concert\" target=\"_blank\" rel=\"noreferrer noopener\">clique aqui<\/a>)<\/p>\n<h4 class=\"wp-block-heading\"><strong><mark style=\"background-color:rgba(0, 0, 0, 0)\" class=\"has-inline-color has-luminous-vivid-orange-color\">Broadway Nights | O Musical<\/mark><\/strong><\/h4>\n<p>O espet\u00e1culo \u201c<strong>Broadway Night\u2019s O Musical<\/strong>\u201d traz aos palcos do <strong>Theatro Pedro II<\/strong>, em <strong>Ribeir\u00e3o Preto<\/strong>, \u00e0s 19h, no dia 10 de mar\u00e7o, os maiores sucessos dos grandes musicais e do cinema, em um charmoso e dan\u00e7ante espet\u00e1culo cantado ao vivo.<\/p>\n<p>Os ingressos est\u00e3o sendo vendidos de forma on-line (<a href=\"https:\/\/ingressodigital.com\/evento\/10727\/Broadway_Nigths__O_Musical\" target=\"_blank\" rel=\"noreferrer noopener\">clique aqui<\/a>) ou na <strong>bilheteria do Theatro<\/strong>. Os valores variam entre <strong>R$ 55 (meia balc\u00e3o simples)<\/strong> e <strong>R$ 150 (inteira plateia)<\/strong>.<\/p>\n<p><strong>SERVI\u00c7O<\/strong><\/p>\n<p>Data: 10 de mar\u00e7o (domingo)<\/p>\n<p>Hor\u00e1rio: 19h<\/p>\n<p>Local: Theatro Pedro II \u2013 rua \u00c1lvares Cabral, 370 \u2013 Centro, Ribeir\u00e3o Preto<\/p>\n<p>Ingressos: a partir de R$ 55 (<a href=\"https:\/\/ingressodigital.com\/evento\/10727\/Broadway_Nigths__O_Musical\" target=\"_blank\" rel=\"noreferrer noopener\">clique aqui<\/a>)<\/p>\n<h4 class=\"wp-block-heading\"><strong><mark style=\"background-color:rgba(0, 0, 0, 0)\" class=\"has-inline-color has-luminous-vivid-orange-color\">Renato Albani<\/mark><\/strong><\/h4>\n<p>O humorista <strong>Renato Albani<\/strong> retorna a <strong>Ribeir\u00e3o Preto<\/strong> para apresentar seu \u2018Novo Show\u2019 no <strong>Theatro Pedro II<\/strong>, no dia 15 de mar\u00e7o, \u00e0s 19h. Na apresenta\u00e7\u00e3o, o comediante relata os anos de 1990 e 2000 a partir de refer\u00eancias como programas de TV, desenhos animados, amigos etc.<\/p>\n<p>Os ingressos j\u00e1 est\u00e3o \u00e0 venda atrav\u00e9s do site (<a href=\"https:\/\/ingressodigital.com\/evento\/10928\/Renato_Albani_%7C_Novo_Show\" target=\"_blank\" rel=\"noreferrer noopener\">clique aqui<\/a>) ou na <strong>bilheteria do Theatro<\/strong>. Os valores variam entre <strong>R$ 45 (meia balc\u00e3o simples)<\/strong> e <strong>R$ 120 (inteira frisa)<\/strong>.<\/p>\n<p><strong>SERVI\u00c7O<\/strong><\/p>\n<p>Data: 15 de mar\u00e7o (sexta-feira)<\/p>\n<p>Hor\u00e1rio: 19h<\/p>\n<p>Local: Theatro Pedro II \u2013 rua \u00c1lvares Cabral, 370 \u2013 Centro, Ribeir\u00e3o Preto<\/p>\n<p>Ingressos: a partir de R$ 45 (<a href=\"https:\/\/ingressodigital.com\/evento\/10928\/Renato_Albani_%7C_Novo_Show\" target=\"_blank\" rel=\"noreferrer noopener\">clique aqui<\/a>)<\/p>\n<h4 class=\"wp-block-heading\"><strong><mark style=\"background-color:rgba(0, 0, 0, 0)\" class=\"has-inline-color has-luminous-vivid-orange-color\">Biquini Cavad\u00e3o<\/mark><\/strong><\/h4>\n<p>A <strong>Banda Biquini<\/strong>, antiga <strong>Biquini Cavad\u00e3o<\/strong>, vai se apresentar em <strong>Ribeir\u00e3o Preto<\/strong> no dia 16 de mar\u00e7o, \u00e0s 20 horas, no <strong>Theatro Pedro II<\/strong>. Ao longo de sua trajet\u00f3ria, o grupo acumula in\u00fameros sucessos: <strong>Vento Ventania<\/strong>, <strong>Janaina<\/strong>, <strong>T\u00e9dio<\/strong>, <strong>Chove Chuva<\/strong> e muitas outras.<\/p>\n<p>Os ingressos podem ser adquiridos de forma on-line (<a href=\"https:\/\/www.alphatickets.com.br\/Detalhes.aspx?event=B0987828-CFE2-44A9-9A69-ABF06EC56DF9&amp;hostname=&amp;dt=20231215100903\" target=\"_blank\" rel=\"noreferrer noopener\">clique aqui<\/a>) ou na bilheteria do Theatro. Os valores variam entre <strong>R$ 100 (meia balc\u00e3o simples)<\/strong> e <strong>R$ 320 (inteira plateia)<\/strong>.<\/p>\n<p><strong>SERVI\u00c7O<\/strong><\/p>\n<p>Data: 16 de mar\u00e7o (s\u00e1bado)<\/p>\n<p>Hor\u00e1rio: 19h<\/p>\n<p>Local: Theatro Pedro II \u2013 rua \u00c1lvares Cabral, 370 \u2013 Centro, Ribeir\u00e3o Preto<\/p>\n<p>Ingressos: a partir de R$ 100 (<a href=\"https:\/\/www.alphatickets.com.br\/Detalhes.aspx?event=B0987828-CFE2-44A9-9A69-ABF06EC56DF9&amp;hostname=&amp;dt=20231215100903\" target=\"_blank\" rel=\"noreferrer noopener\">clique aqui<\/a>)<\/p>\n<h4 class=\"wp-block-heading\"><strong><mark style=\"background-color:rgba(0, 0, 0, 0)\" class=\"has-inline-color has-luminous-vivid-orange-color\">The Beatles One<\/mark><\/strong><\/h4>\n<p>Considerada pelo <strong>Cavern Club Liverpool<\/strong> como o <strong>melhor cover<\/strong> dos Beatles de 2012, a banda brasileira <strong>The Beatles One<\/strong>, formada por primos e irm\u00e3os, se apresenta em <strong>Ribeir\u00e3o Preto<\/strong>, no dia 23 de mar\u00e7o, \u00e0s 20h, no <strong>Theatro Pedro II<\/strong>.<\/p>\n<p>Os ingressos variam entre<strong> R$ 35 (meia balc\u00e3o simples)<\/strong> e <strong>R$ 160 (inteira plateia A)<\/strong>. Eles podem ser adquiridos de forma on-line (<a href=\"https:\/\/megabilheteria.com\/evento?id=20240105144428\" target=\"_blank\" rel=\"noreferrer noopener\">clique aqui<\/a>) ou na <strong>bilheteria do Theatro<\/strong>.<\/p>\n<p><strong>SERVI\u00c7O<\/strong><\/p>\n<p>Data: 23 de mar\u00e7o (s\u00e1bado)<\/p>\n<p>Hor\u00e1rio: 20h<\/p>\n<p>Local: Theatro Pedro II \u2013 rua \u00c1lvares Cabral, 370 \u2013 Centro, Ribeir\u00e3o Preto<\/p>\n<p>Ingressos: a partir de R$ 35 (<a href=\"https:\/\/megabilheteria.com\/evento?id=20240105144428\" target=\"_blank\" rel=\"noreferrer noopener\">clique aqui<\/a>)<\/p>\n<p>SAIBA MAIS<\/p>\n<p>Ribeir\u00e3o tem feira pr\u00e9-Carnaval com cerveja artesanal, food trucks e m\u00fasica; Veja quando<\/p>\n<h4 class=\"wp-block-heading\"><strong><mark style=\"background-color:#fcb900\" class=\"has-inline-color\">FIQUE ON<\/mark><\/strong><\/h4>\n<p>Fique ligado em tudo que acontece em Ribeir\u00e3o Preto e regi\u00e3o. Siga os perfis do\u00a0<strong>acidade on<\/strong>\u00a0no\u00a0<a href=\"https:\/\/www.instagram.com\/acidadeonribeirao\" target=\"_blank\" rel=\"noreferrer noopener\">Instagram<\/a>\u00a0e no\u00a0<a href=\"https:\/\/www.facebook.com\/acidadeonribeirao\" target=\"_blank\" rel=\"noreferrer noopener\">Facebook<\/a>.<\/p>\n<p>Receba not\u00edcias do\u00a0<strong>acidade on\u00a0<\/strong>no WhatsApp.<a href=\"https:\/\/chat.whatsapp.com\/Bnv2w66ZT4VDyZW3oiZ69n\" target=\"_blank\" rel=\"noreferrer noopener\">\u00a0Para entrar no grupo, basta clicar aqui.<\/a><\/p>\n<p>Fa\u00e7a uma den\u00fancia ou sugira uma reportagem sobre Ribeir\u00e3o Preto e regi\u00e3o pelo WhatsApp: 16 99117 7802.<\/p>\n<p>VEJA TAMB\u00c9M<\/p>\n<p>Rafinha Bastos debocha de Wanessa Camargo; entenda briga dos dois<\/p>\n<p><!-- AI CONTENT END 1 -->\n<\/div>\n<p><script async src=\"\/\/www.instagram.com\/embed.js\"><\/script><br \/>\n<br \/><br \/>\n<br \/><a href=\"https:\/\/www.acidadeon.com\/ribeiraopreto\/lazer-e-cultura\/veja-atracoes-do-theatro-pedro-ii-em-ribeirao-renato-albani-esta-confirmado\/\">Source link <\/a><\/p>\n<!-- CONTENT END 1 -->\n","protected":false},"excerpt":{"rendered":"<p>O Theatro Pedro II, no Centro de Ribeir\u00e3o Preto, retoma a agenda de eventos a partir de mar\u00e7o, com uma programa\u00e7\u00e3o variada para todas as&#8230;<\/p>\n","protected":false},"author":1,"featured_media":33756,"comment_status":"open","ping_status":"open","sticky":false,"template":"","format":"standard","meta":{"advanced_seo_description":"","jetpack_seo_html_title":"","jetpack_seo_noindex":false,"jetpack_post_was_ever_published":false,"_jetpack_newsletter_access":"","_jetpack_dont_email_post_to_subs":false,"_jetpack_newsletter_tier_id":0,"_jetpack_memberships_contains_paywalled_content":false,"_jetpack_memberships_contains_paid_content":false,"footnotes":"","jetpack_publicize_message":"","jetpack_publicize_feature_enabled":true,"jetpack_social_post_already_shared":true,"jetpack_social_options":{"image_generator_settings":{"template":"highway","default_image_id":0,"font":"","enabled":false},"version":2}},"categories":[11],"tags":[],"class_list":["post-33755","post","type-post","status-publish","format-standard","has-post-thumbnail","hentry","category-noticias-de-ribeirao-preto-sp-e-regiao-ismael-colosi"],"jetpack_publicize_connections":[],"jetpack_featured_media_url":"https:\/\/i0.wp.com\/noticiasribeiraopreto.com.br\/wp-content\/uploads\/2024\/01\/Copia-de-Copia-de-TAMANHO-EXATO-PARA-FOTOS-NO-SISTEMA-NOVO-24.png?fit=1200%2C675&ssl=1","jetpack-related-posts":[{"id":37124,"url":"https:\/\/noticiasribeiraopreto.com.br\/index.php\/2024\/02\/14\/renato-albani-se-apresenta-em-ribeirao-preto-veja-como-comprar-ingressos\/","url_meta":{"origin":33755,"position":0},"title":"Renato Albani se apresenta em Ribeir\u00e3o Preto; Veja como comprar ingressos","author":"noticiasribeiraopreto.com.br","date":"14 de February de 2024","format":false,"excerpt":"O humorista Renato Albani se apresenta em Ribeir\u00e3o Preto em mar\u00e7o com o \u201cNovo Show\u201d no Theatro Pedro II, no dia 15 de mar\u00e7o, \u00e0s 19h e \u00e0s 21h. Ingressos ainda est\u00e3o dispon\u00edveis. Renato j\u00e1 esteve em Ribeir\u00e3o Preto para apresentar o show \u201cAssim Caminha a Humanidade\u201d. Agora, ele traz\u2026","rel":"","context":"In &quot;Not\u00edcias de Ribeir\u00e3o Preto-SP e Regi\u00e3o&quot;","block_context":{"text":"Not\u00edcias de Ribeir\u00e3o Preto-SP e Regi\u00e3o","link":"https:\/\/noticiasribeiraopreto.com.br\/index.php\/category\/noticias-de-ribeirao-preto-sp-e-regiao-ismael-colosi\/"},"img":{"alt_text":"","src":"https:\/\/i0.wp.com\/noticiasribeiraopreto.com.br\/wp-content\/uploads\/2024\/02\/Capturar-10.jpg?fit=645%2C423&ssl=1&resize=350%2C200","width":350,"height":200,"srcset":"https:\/\/i0.wp.com\/noticiasribeiraopreto.com.br\/wp-content\/uploads\/2024\/02\/Capturar-10.jpg?fit=645%2C423&ssl=1&resize=350%2C200 1x, https:\/\/i0.wp.com\/noticiasribeiraopreto.com.br\/wp-content\/uploads\/2024\/02\/Capturar-10.jpg?fit=645%2C423&ssl=1&resize=525%2C300 1.5x"},"classes":[]},{"id":33457,"url":"https:\/\/noticiasribeiraopreto.com.br\/index.php\/2024\/01\/29\/renato-albani-se-apresenta-em-marco-no-pedro-ii-em-ribeirao-ingressos-estao-a-venda\/","url_meta":{"origin":33755,"position":1},"title":"Renato Albani se apresenta em mar\u00e7o no Pedro II em Ribeir\u00e3o; Ingressos est\u00e3o \u00e0 venda","author":"noticiasribeiraopreto.com.br","date":"29 de January de 2024","format":false,"excerpt":"O humorista Renato Albani retorna a Ribeir\u00e3o Preto para apresentar o \u201cNovo Show\u201d no Theatro Pedro II, no dia 15 de mar\u00e7o, \u00e0s 19h. Os ingressos j\u00e1 est\u00e3o \u00e0 venda e custam entre R$ 45 a R$ 120. Renato Albani j\u00e1 esteve em Ribeir\u00e3o com seu sucesso \u201cAssim Caminha a\u2026","rel":"","context":"In &quot;Not\u00edcias de Ribeir\u00e3o Preto-SP e Regi\u00e3o&quot;","block_context":{"text":"Not\u00edcias de Ribeir\u00e3o Preto-SP e Regi\u00e3o","link":"https:\/\/noticiasribeiraopreto.com.br\/index.php\/category\/noticias-de-ribeirao-preto-sp-e-regiao-ismael-colosi\/"},"img":{"alt_text":"","src":"https:\/\/i0.wp.com\/noticiasribeiraopreto.com.br\/wp-content\/uploads\/2024\/01\/90e9a64be479f7747ca0dd28d7c0d984.jpg?fit=599%2C454&ssl=1&resize=350%2C200","width":350,"height":200,"srcset":"https:\/\/i0.wp.com\/noticiasribeiraopreto.com.br\/wp-content\/uploads\/2024\/01\/90e9a64be479f7747ca0dd28d7c0d984.jpg?fit=599%2C454&ssl=1&resize=350%2C200 1x, https:\/\/i0.wp.com\/noticiasribeiraopreto.com.br\/wp-content\/uploads\/2024\/01\/90e9a64be479f7747ca0dd28d7c0d984.jpg?fit=599%2C454&ssl=1&resize=525%2C300 1.5x"},"classes":[]},{"id":63681,"url":"https:\/\/noticiasribeiraopreto.com.br\/index.php\/2025\/02\/19\/renato-albani-apresenta-zona-de-conforto-no-theatro-pedro-ii-em-ribeirao-preto\/","url_meta":{"origin":33755,"position":2},"title":"Renato Albani apresenta \u2018Zona de Conforto\u2019 no Theatro Pedro II em Ribeir\u00e3o Preto","author":"noticiasribeiraopreto.com.br","date":"19 de February de 2025","format":false,"excerpt":"Um dos maiores nomes do stand-up no Brasil, Renato Albani se apresenta no Theatro Pedro II, em Ribeir\u00e3o Preto, no pr\u00f3ximo dia 29 de mar\u00e7o, com o novo show \u201cZona de Conforto\u201d. A apresenta\u00e7\u00e3o conta com sess\u00f5es \u00e0s 18h e \u00e0s 20h. Ingressos j\u00e1 est\u00e3o \u00e0 venda. Neste espet\u00e1culo, o\u2026","rel":"","context":"In &quot;Not\u00edcias de Ribeir\u00e3o Preto-SP e Regi\u00e3o&quot;","block_context":{"text":"Not\u00edcias de Ribeir\u00e3o Preto-SP e Regi\u00e3o","link":"https:\/\/noticiasribeiraopreto.com.br\/index.php\/category\/noticias-de-ribeirao-preto-sp-e-regiao-ismael-colosi\/"},"img":{"alt_text":"","src":"https:\/\/i0.wp.com\/noticiasribeiraopreto.com.br\/wp-content\/uploads\/2025\/02\/renato-albani_2025-02-19_12-54-43.webp.webp?fit=759%2C506&ssl=1&resize=350%2C200","width":350,"height":200,"srcset":"https:\/\/i0.wp.com\/noticiasribeiraopreto.com.br\/wp-content\/uploads\/2025\/02\/renato-albani_2025-02-19_12-54-43.webp.webp?fit=759%2C506&ssl=1&resize=350%2C200 1x, https:\/\/i0.wp.com\/noticiasribeiraopreto.com.br\/wp-content\/uploads\/2025\/02\/renato-albani_2025-02-19_12-54-43.webp.webp?fit=759%2C506&ssl=1&resize=525%2C300 1.5x, https:\/\/i0.wp.com\/noticiasribeiraopreto.com.br\/wp-content\/uploads\/2025\/02\/renato-albani_2025-02-19_12-54-43.webp.webp?fit=759%2C506&ssl=1&resize=700%2C400 2x"},"classes":[]},{"id":42831,"url":"https:\/\/noticiasribeiraopreto.com.br\/index.php\/2024\/03\/17\/renato-albani-anuncia-nova-data-de-apresentacao-em-ribeirao-veja-quando\/","url_meta":{"origin":33755,"position":3},"title":"Renato Albani anuncia nova data de apresenta\u00e7\u00e3o em Ribeir\u00e3o; Veja quando","author":"noticiasribeiraopreto.com.br","date":"17 de March de 2024","format":false,"excerpt":"Ap\u00f3s esgotar duas sess\u00f5es, na \u00faltima sexta-feira (15), o humorista Renato Albani j\u00e1 agendou o seu retorno aos palcos do Theatro Pedro II, em Ribeir\u00e3o Preto. O comediante traz novamente para a cidade o \u201cNovo Show\u201d, no dia 26 de maio, \u00e0s 19h. Os ingressos para a apresenta\u00e7\u00e3o j\u00e1 est\u00e3o\u2026","rel":"","context":"In &quot;Not\u00edcias de Ribeir\u00e3o Preto-SP e Regi\u00e3o&quot;","block_context":{"text":"Not\u00edcias de Ribeir\u00e3o Preto-SP e Regi\u00e3o","link":"https:\/\/noticiasribeiraopreto.com.br\/index.php\/category\/noticias-de-ribeirao-preto-sp-e-regiao-ismael-colosi\/"},"img":{"alt_text":"","src":"https:\/\/i0.wp.com\/noticiasribeiraopreto.com.br\/wp-content\/uploads\/2024\/03\/1710691695_Capturar-10.jpg?fit=645%2C423&ssl=1&resize=350%2C200","width":350,"height":200,"srcset":"https:\/\/i0.wp.com\/noticiasribeiraopreto.com.br\/wp-content\/uploads\/2024\/03\/1710691695_Capturar-10.jpg?fit=645%2C423&ssl=1&resize=350%2C200 1x, https:\/\/i0.wp.com\/noticiasribeiraopreto.com.br\/wp-content\/uploads\/2024\/03\/1710691695_Capturar-10.jpg?fit=645%2C423&ssl=1&resize=525%2C300 1.5x"},"classes":[]},{"id":51233,"url":"https:\/\/noticiasribeiraopreto.com.br\/index.php\/2024\/05\/24\/oswaldo-montenegro-renato-albani-e-pericles-confira-a-agenda-cultural-em-ribeirao-e-regiao\/","url_meta":{"origin":33755,"position":4},"title":"Oswaldo Montenegro, Renato Albani e P\u00e9ricles: Confira a agenda cultural em Ribeir\u00e3o e regi\u00e3o","author":"noticiasribeiraopreto.com.br","date":"24 de May de 2024","format":false,"excerpt":"Ribeir\u00e3o Preto conta com uma programa\u00e7\u00e3o cultural diversificada para curtir com toda fam\u00edlia e amigos no fim de semana. Tem show de Oswaldo Montenegro, stand-up de Renato Albani e Feijoada do Bamba, com Pericl\u00e9s. Confira a agenda completa: Oswaldo Montenegro Um dos destaques da programa\u00e7\u00e3o de Ribeir\u00e3o Preto \u00e9 o\u00a0show\u2026","rel":"","context":"In &quot;Not\u00edcias de Ribeir\u00e3o Preto-SP e Regi\u00e3o&quot;","block_context":{"text":"Not\u00edcias de Ribeir\u00e3o Preto-SP e Regi\u00e3o","link":"https:\/\/noticiasribeiraopreto.com.br\/index.php\/category\/noticias-de-ribeirao-preto-sp-e-regiao-ismael-colosi\/"},"img":{"alt_text":"","src":"https:\/\/i0.wp.com\/noticiasribeiraopreto.com.br\/wp-content\/uploads\/2024\/05\/Copia-de-Copia-de-TAMANHO-EXATO-PARA-FOTOS-NO-SISTEMA-NOVO-1_2024-05-24_12-38-20_jpg_2024-05-24_12-38-20.webp.webp?fit=1200%2C675&ssl=1&resize=350%2C200","width":350,"height":200,"srcset":"https:\/\/i0.wp.com\/noticiasribeiraopreto.com.br\/wp-content\/uploads\/2024\/05\/Copia-de-Copia-de-TAMANHO-EXATO-PARA-FOTOS-NO-SISTEMA-NOVO-1_2024-05-24_12-38-20_jpg_2024-05-24_12-38-20.webp.webp?fit=1200%2C675&ssl=1&resize=350%2C200 1x, https:\/\/i0.wp.com\/noticiasribeiraopreto.com.br\/wp-content\/uploads\/2024\/05\/Copia-de-Copia-de-TAMANHO-EXATO-PARA-FOTOS-NO-SISTEMA-NOVO-1_2024-05-24_12-38-20_jpg_2024-05-24_12-38-20.webp.webp?fit=1200%2C675&ssl=1&resize=525%2C300 1.5x, https:\/\/i0.wp.com\/noticiasribeiraopreto.com.br\/wp-content\/uploads\/2024\/05\/Copia-de-Copia-de-TAMANHO-EXATO-PARA-FOTOS-NO-SISTEMA-NOVO-1_2024-05-24_12-38-20_jpg_2024-05-24_12-38-20.webp.webp?fit=1200%2C675&ssl=1&resize=700%2C400 2x, https:\/\/i0.wp.com\/noticiasribeiraopreto.com.br\/wp-content\/uploads\/2024\/05\/Copia-de-Copia-de-TAMANHO-EXATO-PARA-FOTOS-NO-SISTEMA-NOVO-1_2024-05-24_12-38-20_jpg_2024-05-24_12-38-20.webp.webp?fit=1200%2C675&ssl=1&resize=1050%2C600 3x"},"classes":[]},{"id":56408,"url":"https:\/\/noticiasribeiraopreto.com.br\/index.php\/2024\/08\/13\/ribeirao-preto-recebe-show-tributo-a-renato-russo-e-rita-lee-no-theatro-pedro-ii\/","url_meta":{"origin":33755,"position":5},"title":"Ribeir\u00e3o Preto recebe show tributo a Renato Russo e Rita Lee no Theatro Pedro II","author":"noticiasribeiraopreto.com.br","date":"13 de August de 2024","format":false,"excerpt":"O \u201cSomos T\u00e3o Jovens \u2013 Tributo Legi\u00e3o\u201d apresenta, no Theatro Pedro II, em Ribeir\u00e3o Preto, o novo espet\u00e1culo \u201cA Rainha e o Poeta\u201d, que presta tributo \u00e0 Rita Lee e Renato Russo. O concerto est\u00e1 marcado para domingo (18), \u00e0s 19h. O repert\u00f3rio inclui os principais hits dos dois artistas,\u2026","rel":"","context":"In &quot;Not\u00edcias de Ribeir\u00e3o Preto-SP e Regi\u00e3o&quot;","block_context":{"text":"Not\u00edcias de Ribeir\u00e3o Preto-SP e Regi\u00e3o","link":"https:\/\/noticiasribeiraopreto.com.br\/index.php\/category\/noticias-de-ribeirao-preto-sp-e-regiao-ismael-colosi\/"},"img":{"alt_text":"","src":"https:\/\/i0.wp.com\/noticiasribeiraopreto.com.br\/wp-content\/uploads\/2024\/08\/Copia-de-Copia-de-TAMANHO-EXATO-PARA-FOTOS-NO-SISTEMA-NOVO-50_2024-08-13_16-28-48_jpg_2024-08-13_16-28-48.webp.webp?fit=1200%2C675&ssl=1&resize=350%2C200","width":350,"height":200,"srcset":"https:\/\/i0.wp.com\/noticiasribeiraopreto.com.br\/wp-content\/uploads\/2024\/08\/Copia-de-Copia-de-TAMANHO-EXATO-PARA-FOTOS-NO-SISTEMA-NOVO-50_2024-08-13_16-28-48_jpg_2024-08-13_16-28-48.webp.webp?fit=1200%2C675&ssl=1&resize=350%2C200 1x, https:\/\/i0.wp.com\/noticiasribeiraopreto.com.br\/wp-content\/uploads\/2024\/08\/Copia-de-Copia-de-TAMANHO-EXATO-PARA-FOTOS-NO-SISTEMA-NOVO-50_2024-08-13_16-28-48_jpg_2024-08-13_16-28-48.webp.webp?fit=1200%2C675&ssl=1&resize=525%2C300 1.5x, https:\/\/i0.wp.com\/noticiasribeiraopreto.com.br\/wp-content\/uploads\/2024\/08\/Copia-de-Copia-de-TAMANHO-EXATO-PARA-FOTOS-NO-SISTEMA-NOVO-50_2024-08-13_16-28-48_jpg_2024-08-13_16-28-48.webp.webp?fit=1200%2C675&ssl=1&resize=700%2C400 2x, https:\/\/i0.wp.com\/noticiasribeiraopreto.com.br\/wp-content\/uploads\/2024\/08\/Copia-de-Copia-de-TAMANHO-EXATO-PARA-FOTOS-NO-SISTEMA-NOVO-50_2024-08-13_16-28-48_jpg_2024-08-13_16-28-48.webp.webp?fit=1200%2C675&ssl=1&resize=1050%2C600 3x"},"classes":[]}],"jetpack_sharing_enabled":true,"jetpack_shortlink":"https:\/\/wp.me\/peQAOb-8Mr","_links":{"self":[{"href":"https:\/\/noticiasribeiraopreto.com.br\/index.php\/wp-json\/wp\/v2\/posts\/33755","targetHints":{"allow":["GET"]}}],"collection":[{"href":"https:\/\/noticiasribeiraopreto.com.br\/index.php\/wp-json\/wp\/v2\/posts"}],"about":[{"href":"https:\/\/noticiasribeiraopreto.com.br\/index.php\/wp-json\/wp\/v2\/types\/post"}],"author":[{"embeddable":true,"href":"https:\/\/noticiasribeiraopreto.com.br\/index.php\/wp-json\/wp\/v2\/users\/1"}],"replies":[{"embeddable":true,"href":"https:\/\/noticiasribeiraopreto.com.br\/index.php\/wp-json\/wp\/v2\/comments?post=33755"}],"version-history":[{"count":0,"href":"https:\/\/noticiasribeiraopreto.com.br\/index.php\/wp-json\/wp\/v2\/posts\/33755\/revisions"}],"wp:featuredmedia":[{"embeddable":true,"href":"https:\/\/noticiasribeiraopreto.com.br\/index.php\/wp-json\/wp\/v2\/media\/33756"}],"wp:attachment":[{"href":"https:\/\/noticiasribeiraopreto.com.br\/index.php\/wp-json\/wp\/v2\/media?parent=33755"}],"wp:term":[{"taxonomy":"category","embeddable":true,"href":"https:\/\/noticiasribeiraopreto.com.br\/index.php\/wp-json\/wp\/v2\/categories?post=33755"},{"taxonomy":"post_tag","embeddable":true,"href":"https:\/\/noticiasribeiraopreto.com.br\/index.php\/wp-json\/wp\/v2\/tags?post=33755"}],"curies":[{"name":"wp","href":"https:\/\/api.w.org\/{rel}","templated":true}]}}