{"id":33787,"date":"2024-01-30T19:38:34","date_gmt":"2024-01-30T22:38:34","guid":{"rendered":"https:\/\/noticiasribeiraopreto.com.br\/index.php\/2024\/01\/30\/ladrao-agride-idosa-com-mordidas-e-golpes-de-faca-na-zona-sul-de-ribeirao-preto\/"},"modified":"2024-01-30T19:38:34","modified_gmt":"2024-01-30T22:38:34","slug":"ladrao-agride-idosa-com-mordidas-e-golpes-de-faca-na-zona-sul-de-ribeirao-preto","status":"publish","type":"post","link":"https:\/\/noticiasribeiraopreto.com.br\/index.php\/2024\/01\/30\/ladrao-agride-idosa-com-mordidas-e-golpes-de-faca-na-zona-sul-de-ribeirao-preto\/","title":{"rendered":"Ladr\u00e3o agride idosa com mordidas e golpes de faca na zona Sul de Ribeir\u00e3o Preto"},"content":{"rendered":"<div class='code-block code-block-1' style='margin: 8px 0 8px auto; text-align: right; display: block; clear: both;'>\n<p><a href=\"https:\/\/wa.link\/vpicfd\"><img data-recalc-dims=\"1\" class=\"wp-image-4922\" style=\"aspect-ratio: 2.0253164556962027; width: 561px; height: auto;\" src=\"https:\/\/i0.wp.com\/ismaelcolosi.com.br\/wp-content\/uploads\/2023\/11\/grupo-de-empregos-whatsapp-e-facebook-ismael-colosi-vagas.jpg?ssl=1\" alt=\"\" \/><\/a><\/p>\n<!-- \/wp:image -->\n<\/div>\n<p> <br \/>\n<\/p>\n<div data-td-block-uid=\"tdi_104\">\n<div class=\"tdb-block-inner td-fix-index\">\n<p>Uma <strong>idosa<\/strong> de 64 anos foi <strong>violentamente<\/strong> <strong>agredida<\/strong> por um <strong>ladr\u00e3o<\/strong> que invadiu a casa onde ela mora no <strong>bairro Santa Cruz do Jos\u00e9 Jaques<\/strong>, na <strong>zona Sul de Ribeir\u00e3o Preto<\/strong>. O crime aconteceu na <strong>madrugada de s\u00e1bado<\/strong> (27). <\/p>\n<p>Segundo a pol\u00edcia, a <strong>v\u00edtima estava no quarto<\/strong> quando foi rendida pelo <strong>bandido armado <\/strong>com uma faca. Ela conta que enfrentou o homem e ficou com <strong>ferimentos por todo o corpo<\/strong>, inclusive com <strong>marcas de mordidas <\/strong>e <strong>cortes profundos nas m\u00e3os<\/strong> provocados por uma<strong> faca<\/strong>.<\/p>\n<p>O homem foi <strong>preso em flagrante<\/strong> logo ap\u00f3s o crime e levado para a CPJ (Central de Pol\u00edcia Judici\u00e1ria).<\/p>\n<p>Em nota, o <strong>Tribunal de Justi\u00e7a<\/strong> informou que o homem passou por <strong>audi\u00eancia de cust\u00f3dia<\/strong> e a <strong>pris\u00e3o em<\/strong> <strong>flagrante foi convertida em pris\u00e3o preventiva<\/strong>.<\/p>\n<figure class=\"wp-block-image size-large\"><img data-recalc-dims=\"1\" loading=\"lazy\" decoding=\"async\" width=\"1024\" height=\"575\" src=\"https:\/\/i0.wp.com\/www.acidadeon.com\/ribeiraopreto\/wp-content\/uploads\/sites\/3\/2024\/01\/WhatsApp-Image-2024-01-30-at-18.08.45-1-1024x575.jpeg?resize=1024%2C575&#038;ssl=1\" alt=\"\" class=\"wp-image-67297\" srcset=\"https:\/\/www.acidadeon.com\/ribeiraopreto\/wp-content\/uploads\/sites\/3\/2024\/01\/WhatsApp-Image-2024-01-30-at-18.08.45-1-1024x575.jpeg 1024w, https:\/\/www.acidadeon.com\/ribeiraopreto\/wp-content\/uploads\/sites\/3\/2024\/01\/WhatsApp-Image-2024-01-30-at-18.08.45-1-300x168.jpeg 300w, https:\/\/www.acidadeon.com\/ribeiraopreto\/wp-content\/uploads\/sites\/3\/2024\/01\/WhatsApp-Image-2024-01-30-at-18.08.45-1-768x431.jpeg 768w, https:\/\/www.acidadeon.com\/ribeiraopreto\/wp-content\/uploads\/sites\/3\/2024\/01\/WhatsApp-Image-2024-01-30-at-18.08.45-1-696x391.jpeg 696w, https:\/\/www.acidadeon.com\/ribeiraopreto\/wp-content\/uploads\/sites\/3\/2024\/01\/WhatsApp-Image-2024-01-30-at-18.08.45-1-1068x599.jpeg 1068w, https:\/\/www.acidadeon.com\/ribeiraopreto\/wp-content\/uploads\/sites\/3\/2024\/01\/WhatsApp-Image-2024-01-30-at-18.08.45-1.jpeg 1283w\" sizes=\"auto, (max-width: 1024px) 100vw, 1024px\"\/><figcaption class=\"wp-element-caption\">Idosa foi ferida nas m\u00e3os com golpes de faca \u2013 Foto: Reprodu\u00e7\u00e3o EPTV <\/figcaption><\/figure>\n<p>SAIBA MAIS<\/p>\n<p>Ribeir\u00e3o tem feira pr\u00e9-Carnaval com cerveja artesanal, food trucks e m\u00fasica; Veja quando<\/p>\n<h4 class=\"wp-block-heading\"><strong><mark>FIQUE ON<\/mark><\/strong><\/h4>\n<p>Fique ligado em tudo que acontece em Ribeir\u00e3o Preto e regi\u00e3o. Siga os perfis do\u00a0<strong>acidade on<\/strong>\u00a0no\u00a0<a href=\"https:\/\/www.instagram.com\/acidadeonribeirao\" target=\"_blank\" rel=\"noreferrer noopener\">Instagram<\/a>\u00a0e no\u00a0<a href=\"https:\/\/www.facebook.com\/acidadeonribeirao\" target=\"_blank\" rel=\"noreferrer noopener\">Facebook<\/a>.<\/p>\n<p>Receba not\u00edcias do\u00a0<strong>acidade on\u00a0<\/strong>no WhatsApp.<a href=\"https:\/\/chat.whatsapp.com\/Bnv2w66ZT4VDyZW3oiZ69n\" target=\"_blank\" rel=\"noreferrer noopener\">\u00a0Para entrar no grupo, basta clicar aqui.<\/a><\/p>\n<p>Fa\u00e7a uma den\u00fancia ou sugira uma reportagem sobre Ribeir\u00e3o Preto e regi\u00e3o pelo WhatsApp: 16 99117 7802.<\/p>\n<p>VEJA TAMB\u00c9M<\/p>\n<p>Rafinha Bastos debocha de Wanessa Camargo; entenda briga dos dois<\/p>\n<p><!-- AI CONTENT END 1 -->\n<\/div>\n<\/div>\n<p><script async src=\"\/\/www.instagram.com\/embed.js\"><\/script><br \/>\n<br \/><br \/>\n<br \/><a href=\"https:\/\/www.acidadeon.com\/ribeiraopreto\/cotidiano\/ladrao-agride-idosa-com-mordidas-e-golpes-de-faca-na-zona-sul-de-ribeirao-preto\/\">Source link <\/a><\/p>\n<!-- CONTENT END 1 -->\n","protected":false},"excerpt":{"rendered":"<p>Uma idosa de 64 anos foi violentamente agredida por um ladr\u00e3o que invadiu a casa onde ela mora no bairro Santa Cruz do Jos\u00e9 Jaques,&#8230;<\/p>\n","protected":false},"author":1,"featured_media":33788,"comment_status":"open","ping_status":"open","sticky":false,"template":"","format":"standard","meta":{"advanced_seo_description":"","jetpack_seo_html_title":"","jetpack_seo_noindex":false,"jetpack_post_was_ever_published":false,"_jetpack_newsletter_access":"","_jetpack_dont_email_post_to_subs":false,"_jetpack_newsletter_tier_id":0,"_jetpack_memberships_contains_paywalled_content":false,"_jetpack_memberships_contains_paid_content":false,"footnotes":"","jetpack_publicize_message":"","jetpack_publicize_feature_enabled":true,"jetpack_social_post_already_shared":true,"jetpack_social_options":{"image_generator_settings":{"template":"highway","default_image_id":0,"font":"","enabled":false},"version":2}},"categories":[11],"tags":[],"class_list":["post-33787","post","type-post","status-publish","format-standard","has-post-thumbnail","hentry","category-noticias-de-ribeirao-preto-sp-e-regiao-ismael-colosi"],"jetpack_publicize_connections":[],"jetpack_featured_media_url":"https:\/\/i0.wp.com\/noticiasribeiraopreto.com.br\/wp-content\/uploads\/2024\/01\/WhatsApp-Image-2024-01-30-at-18.08.45.jpeg?fit=1286%2C718&ssl=1","jetpack-related-posts":[{"id":33136,"url":"https:\/\/noticiasribeiraopreto.com.br\/index.php\/2024\/01\/27\/utm_sourcerssutm_mediumrssutm_campaignmulher-tem-dedos-cortado-e-e-mordida-por-bandido-durante-roubo-na-rua-triunfo-em-rp-o-bandido-foi-preso-em-flagrante\/","url_meta":{"origin":33787,"position":0},"title":"Mulher tem dedos cortado e \u00e9 mordida por bandido durante roubo na rua Triunfo em RP; o bandido foi preso em flagrante \u2013 X Tudo Ribeir\u00e3o","author":"noticiasribeiraopreto.com.br","date":"27 de January de 2024","format":false,"excerpt":"Um bandido foi preso pela PM (Pol\u00edcia Militar) ap\u00f3s agredir uma mulher durante um roubo a resid\u00eancia na madrugada deste s\u00e1bado (27\/1),\u00a0 no bairro Santa Cruz, na zona Leste de Ribeir\u00e3o Preto. A mulher teve os dedos cortados, foi mordida e agredida com socos pelo bandido.\u00a0 Segundo informa\u00e7\u00f5es da PM,\u2026","rel":"","context":"In &quot;Not\u00edcias de Ribeir\u00e3o Preto-SP e Regi\u00e3o&quot;","block_context":{"text":"Not\u00edcias de Ribeir\u00e3o Preto-SP e Regi\u00e3o","link":"https:\/\/noticiasribeiraopreto.com.br\/index.php\/category\/noticias-de-ribeirao-preto-sp-e-regiao-ismael-colosi\/"},"img":{"alt_text":"","src":"https:\/\/i0.wp.com\/noticiasribeiraopreto.com.br\/wp-content\/uploads\/2024\/01\/algemas1-scaled.jpg?fit=1200%2C800&ssl=1&resize=350%2C200","width":350,"height":200,"srcset":"https:\/\/i0.wp.com\/noticiasribeiraopreto.com.br\/wp-content\/uploads\/2024\/01\/algemas1-scaled.jpg?fit=1200%2C800&ssl=1&resize=350%2C200 1x, https:\/\/i0.wp.com\/noticiasribeiraopreto.com.br\/wp-content\/uploads\/2024\/01\/algemas1-scaled.jpg?fit=1200%2C800&ssl=1&resize=525%2C300 1.5x, https:\/\/i0.wp.com\/noticiasribeiraopreto.com.br\/wp-content\/uploads\/2024\/01\/algemas1-scaled.jpg?fit=1200%2C800&ssl=1&resize=700%2C400 2x, https:\/\/i0.wp.com\/noticiasribeiraopreto.com.br\/wp-content\/uploads\/2024\/01\/algemas1-scaled.jpg?fit=1200%2C800&ssl=1&resize=1050%2C600 3x"},"classes":[]},{"id":51054,"url":"https:\/\/noticiasribeiraopreto.com.br\/index.php\/2024\/05\/22\/ladrao-e-preso-apos-cair-de-muro-ao-tentar-furtar-caneta-de-luxo-na-zona-sul-de-ribeirao\/","url_meta":{"origin":33787,"position":1},"title":"Ladr\u00e3o \u00e9 preso ap\u00f3s cair de muro ao tentar furtar caneta de luxo na zona Sul de Ribeir\u00e3o","author":"noticiasribeiraopreto.com.br","date":"22 de May de 2024","format":false,"excerpt":"Um homem foi preso na noite desta ter\u00e7a-feira (21), depois de cair de um muro durante tentativa de furto a uma cl\u00ednica particular no Jardim Am\u00e9rica, na zona Sul de Ribeir\u00e3o Preto. Segundo o boletim de ocorr\u00eancia (BO), entre os itens que estavam em uma maleta alvo do crime, havia\u2026","rel":"","context":"In &quot;Not\u00edcias de Ribeir\u00e3o Preto-SP e Regi\u00e3o&quot;","block_context":{"text":"Not\u00edcias de Ribeir\u00e3o Preto-SP e Regi\u00e3o","link":"https:\/\/noticiasribeiraopreto.com.br\/index.php\/category\/noticias-de-ribeirao-preto-sp-e-regiao-ismael-colosi\/"},"img":{"alt_text":"","src":"https:\/\/i0.wp.com\/noticiasribeiraopreto.com.br\/wp-content\/uploads\/2024\/05\/1716402203_cpj_1024x576_21012021092745.jpg?fit=1024%2C575&ssl=1&resize=350%2C200","width":350,"height":200,"srcset":"https:\/\/i0.wp.com\/noticiasribeiraopreto.com.br\/wp-content\/uploads\/2024\/05\/1716402203_cpj_1024x576_21012021092745.jpg?fit=1024%2C575&ssl=1&resize=350%2C200 1x, https:\/\/i0.wp.com\/noticiasribeiraopreto.com.br\/wp-content\/uploads\/2024\/05\/1716402203_cpj_1024x576_21012021092745.jpg?fit=1024%2C575&ssl=1&resize=525%2C300 1.5x, https:\/\/i0.wp.com\/noticiasribeiraopreto.com.br\/wp-content\/uploads\/2024\/05\/1716402203_cpj_1024x576_21012021092745.jpg?fit=1024%2C575&ssl=1&resize=700%2C400 2x"},"classes":[]},{"id":829,"url":"https:\/\/noticiasribeiraopreto.com.br\/index.php\/2023\/11\/09\/apos-furto-ladrao-atropela-idosa-com-bicicleta-no-calcadao-em-rp\/","url_meta":{"origin":33787,"position":2},"title":"Ap\u00f3s furto, ladr\u00e3o atropela idosa com bicicleta no cal\u00e7ad\u00e3o em RP","author":"noticiasribeiraopreto.com.br","date":"9 de November de 2023","format":false,"excerpt":"9 de novembro de 2023 | 11:18 0Ap\u00f3s furtar roupas e um par de t\u00eanis no centro de Ribeir\u00e3o Preto, um homem atropelou, com uma bicicleta, uma mulher de 86 anos na fuga.Segundo o Boletim de Ocorr\u00eancia, os policiais faziam patrulhamento pela regi\u00e3o central e ouviram pessoas gritando \u201cpega ladr\u00e3o\u201d\u2026","rel":"","context":"In &quot;Not\u00edcias de Ribeir\u00e3o Preto-SP e Regi\u00e3o&quot;","block_context":{"text":"Not\u00edcias de Ribeir\u00e3o Preto-SP e Regi\u00e3o","link":"https:\/\/noticiasribeiraopreto.com.br\/index.php\/category\/noticias-de-ribeirao-preto-sp-e-regiao-ismael-colosi\/"},"img":{"alt_text":"","src":"https:\/\/i0.wp.com\/noticiasribeiraopreto.com.br\/wp-content\/uploads\/2023\/11\/calcadao.jpg?fit=768%2C422&ssl=1&resize=350%2C200","width":350,"height":200,"srcset":"https:\/\/i0.wp.com\/noticiasribeiraopreto.com.br\/wp-content\/uploads\/2023\/11\/calcadao.jpg?fit=768%2C422&ssl=1&resize=350%2C200 1x, https:\/\/i0.wp.com\/noticiasribeiraopreto.com.br\/wp-content\/uploads\/2023\/11\/calcadao.jpg?fit=768%2C422&ssl=1&resize=525%2C300 1.5x, https:\/\/i0.wp.com\/noticiasribeiraopreto.com.br\/wp-content\/uploads\/2023\/11\/calcadao.jpg?fit=768%2C422&ssl=1&resize=700%2C400 2x"},"classes":[]},{"id":57906,"url":"https:\/\/noticiasribeiraopreto.com.br\/index.php\/2024\/09\/13\/policia-prende-suspeito-de-roubar-e-matar-idosa-na-vila-virginia-em-ribeirao-preto\/","url_meta":{"origin":33787,"position":3},"title":"Pol\u00edcia prende suspeito de roubar e matar idosa na Vila Virg\u00ednia em Ribeir\u00e3o Preto","author":"noticiasribeiraopreto.com.br","date":"13 de September de 2024","format":false,"excerpt":"A Pol\u00edcia Civil prendeu nesta sexta-feira (13) um homem suspeito de roubar e matar uma idosa na Vila Virg\u00ednia, zona Oeste de Ribeir\u00e3o Preto. Segundo o boletim de ocorr\u00eancia (BO), a v\u00edtima, identificada como Maria Angela Sales Avelino, de 72 anos, foi achada morta no \u00faltimo dia 21 de agosto,\u2026","rel":"","context":"In &quot;Not\u00edcias de Ribeir\u00e3o Preto-SP e Regi\u00e3o&quot;","block_context":{"text":"Not\u00edcias de Ribeir\u00e3o Preto-SP e Regi\u00e3o","link":"https:\/\/noticiasribeiraopreto.com.br\/index.php\/category\/noticias-de-ribeirao-preto-sp-e-regiao-ismael-colosi\/"},"img":{"alt_text":"","src":"https:\/\/i0.wp.com\/noticiasribeiraopreto.com.br\/wp-content\/uploads\/2024\/09\/LATROCINIO_2024-09-13_13-49-39_jpg_2024-09-13_13-49-39.webp.webp?fit=1200%2C790&ssl=1&resize=350%2C200","width":350,"height":200,"srcset":"https:\/\/i0.wp.com\/noticiasribeiraopreto.com.br\/wp-content\/uploads\/2024\/09\/LATROCINIO_2024-09-13_13-49-39_jpg_2024-09-13_13-49-39.webp.webp?fit=1200%2C790&ssl=1&resize=350%2C200 1x, https:\/\/i0.wp.com\/noticiasribeiraopreto.com.br\/wp-content\/uploads\/2024\/09\/LATROCINIO_2024-09-13_13-49-39_jpg_2024-09-13_13-49-39.webp.webp?fit=1200%2C790&ssl=1&resize=525%2C300 1.5x, https:\/\/i0.wp.com\/noticiasribeiraopreto.com.br\/wp-content\/uploads\/2024\/09\/LATROCINIO_2024-09-13_13-49-39_jpg_2024-09-13_13-49-39.webp.webp?fit=1200%2C790&ssl=1&resize=700%2C400 2x, https:\/\/i0.wp.com\/noticiasribeiraopreto.com.br\/wp-content\/uploads\/2024\/09\/LATROCINIO_2024-09-13_13-49-39_jpg_2024-09-13_13-49-39.webp.webp?fit=1200%2C790&ssl=1&resize=1050%2C600 3x"},"classes":[]},{"id":51614,"url":"https:\/\/noticiasribeiraopreto.com.br\/index.php\/2024\/05\/28\/suspeito-de-tentar-furtar-carro-e-detido-por-populares-e-acaba-agredido-em-ribeirao-preto\/","url_meta":{"origin":33787,"position":4},"title":"Suspeito de tentar furtar carro \u00e9 detido por populares e acaba agredido em Ribeir\u00e3o Preto","author":"noticiasribeiraopreto.com.br","date":"28 de May de 2024","format":false,"excerpt":"Um homem de 44 anos foi detido por populares e agredido na noite desta segunda-feira (27), suspeito de tentar furtar um carro no Jardim Cristo Redentor, zona Norte de Ribeir\u00e3o Preto. Segundo o boletim de ocorr\u00eancia (BO), ele teria sido surpreendido dentro do ve\u00edculo pela dona do carro \u2013 um\u2026","rel":"","context":"In &quot;Not\u00edcias de Ribeir\u00e3o Preto-SP e Regi\u00e3o&quot;","block_context":{"text":"Not\u00edcias de Ribeir\u00e3o Preto-SP e Regi\u00e3o","link":"https:\/\/noticiasribeiraopreto.com.br\/index.php\/category\/noticias-de-ribeirao-preto-sp-e-regiao-ismael-colosi\/"},"img":{"alt_text":"","src":"https:\/\/i0.wp.com\/noticiasribeiraopreto.com.br\/wp-content\/uploads\/2024\/05\/1716919942_policia_qru_1024x576_25052021184749.jpg?fit=1024%2C576&ssl=1&resize=350%2C200","width":350,"height":200,"srcset":"https:\/\/i0.wp.com\/noticiasribeiraopreto.com.br\/wp-content\/uploads\/2024\/05\/1716919942_policia_qru_1024x576_25052021184749.jpg?fit=1024%2C576&ssl=1&resize=350%2C200 1x, https:\/\/i0.wp.com\/noticiasribeiraopreto.com.br\/wp-content\/uploads\/2024\/05\/1716919942_policia_qru_1024x576_25052021184749.jpg?fit=1024%2C576&ssl=1&resize=525%2C300 1.5x, https:\/\/i0.wp.com\/noticiasribeiraopreto.com.br\/wp-content\/uploads\/2024\/05\/1716919942_policia_qru_1024x576_25052021184749.jpg?fit=1024%2C576&ssl=1&resize=700%2C400 2x"},"classes":[]},{"id":10366,"url":"https:\/\/noticiasribeiraopreto.com.br\/index.php\/2023\/12\/04\/ladrao-e-preso-apos-furtar-farda-de-policial-em-ribeirao-preto\/","url_meta":{"origin":33787,"position":5},"title":"Ladr\u00e3o \u00e9 preso ap\u00f3s furtar farda de policial em Ribeir\u00e3o Preto","author":"noticiasribeiraopreto.com.br","date":"4 de December de 2023","format":false,"excerpt":"Um homem foi preso na manh\u00e3 deste domingo (3) ap\u00f3s furtar a farda de um policial militar em Ribeir\u00e3o Preto. O furto aconteceu em um posto da Pol\u00edcia Militar localizado na avenida Saudade, na zona Norte da cidade. Os policiais encontraram o suspeito, de 50 anos, usando a cal\u00e7a, o\u2026","rel":"","context":"In &quot;Not\u00edcias de Ribeir\u00e3o Preto-SP e Regi\u00e3o&quot;","block_context":{"text":"Not\u00edcias de Ribeir\u00e3o Preto-SP e Regi\u00e3o","link":"https:\/\/noticiasribeiraopreto.com.br\/index.php\/category\/noticias-de-ribeirao-preto-sp-e-regiao-ismael-colosi\/"},"img":{"alt_text":"","src":"https:\/\/i0.wp.com\/noticiasribeiraopreto.com.br\/wp-content\/uploads\/2023\/11\/foto_governo_estado_sp.jpg_1839041271.webp.webp?fit=404%2C452&ssl=1&resize=350%2C200","width":350,"height":200},"classes":[]}],"jetpack_sharing_enabled":true,"jetpack_shortlink":"https:\/\/wp.me\/peQAOb-8MX","_links":{"self":[{"href":"https:\/\/noticiasribeiraopreto.com.br\/index.php\/wp-json\/wp\/v2\/posts\/33787","targetHints":{"allow":["GET"]}}],"collection":[{"href":"https:\/\/noticiasribeiraopreto.com.br\/index.php\/wp-json\/wp\/v2\/posts"}],"about":[{"href":"https:\/\/noticiasribeiraopreto.com.br\/index.php\/wp-json\/wp\/v2\/types\/post"}],"author":[{"embeddable":true,"href":"https:\/\/noticiasribeiraopreto.com.br\/index.php\/wp-json\/wp\/v2\/users\/1"}],"replies":[{"embeddable":true,"href":"https:\/\/noticiasribeiraopreto.com.br\/index.php\/wp-json\/wp\/v2\/comments?post=33787"}],"version-history":[{"count":0,"href":"https:\/\/noticiasribeiraopreto.com.br\/index.php\/wp-json\/wp\/v2\/posts\/33787\/revisions"}],"wp:featuredmedia":[{"embeddable":true,"href":"https:\/\/noticiasribeiraopreto.com.br\/index.php\/wp-json\/wp\/v2\/media\/33788"}],"wp:attachment":[{"href":"https:\/\/noticiasribeiraopreto.com.br\/index.php\/wp-json\/wp\/v2\/media?parent=33787"}],"wp:term":[{"taxonomy":"category","embeddable":true,"href":"https:\/\/noticiasribeiraopreto.com.br\/index.php\/wp-json\/wp\/v2\/categories?post=33787"},{"taxonomy":"post_tag","embeddable":true,"href":"https:\/\/noticiasribeiraopreto.com.br\/index.php\/wp-json\/wp\/v2\/tags?post=33787"}],"curies":[{"name":"wp","href":"https:\/\/api.w.org\/{rel}","templated":true}]}}