{"id":33791,"date":"2024-01-30T19:46:15","date_gmt":"2024-01-30T22:46:15","guid":{"rendered":"https:\/\/noticiasribeiraopreto.com.br\/index.php\/2024\/01\/30\/paypal-reduzira-forca-de-trabalho-global-em-9-em-2024\/"},"modified":"2024-01-30T19:46:15","modified_gmt":"2024-01-30T22:46:15","slug":"paypal-reduzira-forca-de-trabalho-global-em-9-em-2024","status":"publish","type":"post","link":"https:\/\/noticiasribeiraopreto.com.br\/index.php\/2024\/01\/30\/paypal-reduzira-forca-de-trabalho-global-em-9-em-2024\/","title":{"rendered":"PayPal reduzir\u00e1 for\u00e7a de trabalho global em 9% em 2024"},"content":{"rendered":"<div class='code-block code-block-1' style='margin: 8px 0 8px auto; text-align: right; display: block; clear: both;'>\n<p><a href=\"https:\/\/wa.link\/vpicfd\"><img data-recalc-dims=\"1\" class=\"wp-image-4922\" style=\"aspect-ratio: 2.0253164556962027; width: 561px; height: auto;\" src=\"https:\/\/i0.wp.com\/ismaelcolosi.com.br\/wp-content\/uploads\/2023\/11\/grupo-de-empregos-whatsapp-e-facebook-ismael-colosi-vagas.jpg?ssl=1\" alt=\"\" \/><\/a><\/p>\n<!-- \/wp:image -->\n<\/div>\n<p> <br \/>\n<\/p>\n<div>\n<div id=\"attachment_473880\" class=\"wp-caption alignnone style=\" max-width:=\"\"><img data-recalc-dims=\"1\" fetchpriority=\"high\" decoding=\"async\" class=\"alignnone wp-image-473880 size-full\" src=\"https:\/\/i0.wp.com\/forbes.com.br\/wp-content\/uploads\/2022\/06\/paypal-forbesmoney-768x512.jpg?resize=678%2C452&#038;ssl=1\" http:=\"\" alt=\"Thomas White\/Reuters\" width=\"678\" height=\"452\" data-lazy-src=\"https:\/\/forbes.com.br\/wp-content\/uploads\/2022\/06\/paypal-forbesmoney-768x512.jpg\"\/><noscript><img data-recalc-dims=\"1\" fetchpriority=\"high\" decoding=\"async\" class=\"alignnone wp-image-473880 size-full\" src=\"https:\/\/i0.wp.com\/forbes.com.br\/wp-content\/uploads\/2022\/06\/paypal-forbesmoney-768x512.jpg?resize=678%2C452&#038;ssl=1\" alt=\"Thomas White\/Reuters\" width=\"678\" height=\"452\"\/><\/noscript><\/p>\n<p>Thomas White\/Reuters<\/p>\n<p class=\"wp-caption-text\">Entre as metas do novo CEO do PayPal est\u00e1 deixar a fintech mais enxuta e com menos custos\u00a0<\/p>\n<\/div>\n<p>A empresa de pagamentos <strong>PayPal<\/strong> Holdings planeja cortar cerca de 2.500 empregos, ou 9% de sua for\u00e7a de trabalho global, este ano, mostrou nesta ter\u00e7a-feira (30) uma carta vista pela Reuters do presidente-executivo da companhia, Alex Chriss.<\/p>\n<p>Na carta aos funcion\u00e1rios, o rec\u00e9m-nomeado CEO afirma que a decis\u00e3o foi tomada para \u201cdimensionar corretamente\u201d a empresa por meio de cortes diretos e da elimina\u00e7\u00e3o de vagas abertas ao longo do ano. A expectativa \u00e9 que os trabalhadores afetados sejam notificados at\u00e9 o fim da semana.<\/p>\n<ul>\n<li>\n<h4>Siga o canal da <a href=\"https:\/\/whatsapp.com\/channel\/0029Va9gQKwBFLgM96cJnu0u\" target=\"_blank\" rel=\"noopener\">Forbes<\/a> e de <a href=\"https:\/\/whatsapp.com\/channel\/0029VaAZk57JuyA9F4UwQc2I\" target=\"_blank\" rel=\"noopener\">Forbes Money<\/a> no WhatsApp e receba as principais not\u00edcias sobre neg\u00f3cios, carreira, tecnologia e estilo de vida<\/h4>\n<\/li>\n<\/ul>\n<p>\u201cEstamos fazendo isso para dimensionar corretamente nossos neg\u00f3cios, nos permitindo avan\u00e7ar com a velocidade necess\u00e1ria para atender nossos clientes e impulsionar um crescimento lucrativo\u201d, escreveu Chriss na carta.<\/p>\n<p>A empresa n\u00e3o respondeu de imediato a um pedido de coment\u00e1rio da Reuters.<\/p>\n<p>Em novembro, Chriss disse que esperava aumentar a receita fora do volume puramente relacionado a transa\u00e7\u00f5es e se comprometeu a tornar a fintech mais enxuta, reduzindo sua base de custos.<\/p>\n<p>Embora o an\u00fancio tenha dado f\u00f4lego \u00e0s a\u00e7\u00f5es ap\u00f3s os resultados do terceiro trimestre, analistas permanecem atentos \u00e0s margens do PayPal nos \u00faltimos trimestres.<\/p>\n<\/div>\n<p><script type=\"rocketlazyloadscript\">\n\t\t\t\t(function(d, s, id){\n\t\t\t\t\tvar js, fjs = d.getElementsByTagName(s)[0];\n\t\t\t\t\tif (d.getElementById(id)) return;\n\t\t\t\t\tjs = d.createElement(s); js.id = id;\n\t\t\t\t\tjs.src = \"\/\/connect.facebook.net\/pt_BR\/sdk.js#xfbml=1&version=v2.9\";\n\t\t\t\t\tfjs.parentNode.insertBefore(js, fjs);\n\t\t\t\t}(document, 'script', 'facebook-jssdk'));\n\t\t\t<\/script><br \/>\n<br \/><br \/>\n<br \/><a href=\"https:\/\/forbes.com.br\/carreira\/2024\/01\/paypal-reduzira-forca-de-trabalho-global-em-9-em-2024\/\">Source link <\/a><\/p>\n<!-- CONTENT END 1 -->\n","protected":false},"excerpt":{"rendered":"<p>Thomas White\/Reuters Entre as metas do novo CEO do PayPal est\u00e1 deixar a fintech mais enxuta e com menos custos\u00a0 A empresa de pagamentos PayPal&#8230;<\/p>\n","protected":false},"author":1,"featured_media":33792,"comment_status":"open","ping_status":"open","sticky":false,"template":"","format":"standard","meta":{"advanced_seo_description":"","jetpack_seo_html_title":"","jetpack_seo_noindex":false,"jetpack_post_was_ever_published":false,"_jetpack_newsletter_access":"","_jetpack_dont_email_post_to_subs":false,"_jetpack_newsletter_tier_id":0,"_jetpack_memberships_contains_paywalled_content":false,"_jetpack_memberships_contains_paid_content":false,"footnotes":"","jetpack_publicize_message":"","jetpack_publicize_feature_enabled":true,"jetpack_social_post_already_shared":true,"jetpack_social_options":{"image_generator_settings":{"template":"highway","default_image_id":0,"font":"","enabled":false},"version":2}},"categories":[1],"tags":[],"class_list":["post-33791","post","type-post","status-publish","format-standard","has-post-thumbnail","hentry","category-blog"],"jetpack_publicize_connections":[],"jetpack_featured_media_url":"https:\/\/i0.wp.com\/noticiasribeiraopreto.com.br\/wp-content\/uploads\/2024\/01\/paypal-forbesmoney-1024x683.jpg?fit=1024%2C683&ssl=1","jetpack-related-posts":[{"id":32197,"url":"https:\/\/noticiasribeiraopreto.com.br\/index.php\/2024\/01\/24\/ebay-cortara-mil-empregos-e-reduzira-contratos\/","url_meta":{"origin":33791,"position":0},"title":"eBay cortar\u00e1 mil empregos e reduzir\u00e1 contratos","author":"noticiasribeiraopreto.com.br","date":"24 de January de 2024","format":false,"excerpt":"GettyImages\/ SOPA ImagesAl\u00e9m dos cortes de pessoal, a empresa tamb\u00e9m reduzir\u00e1 o n\u00famero de contratos em sua for\u00e7a de trabalho alternativa nos pr\u00f3ximos meses O eBay Inc cortar\u00e1 cerca de mil cargos, ou cerca de 9% de sua for\u00e7a de trabalho atual, informou a companhia de com\u00e9rcio eletr\u00f4nico na \u00faltima\u2026","rel":"","context":"In &quot;Blog&quot;","block_context":{"text":"Blog","link":"https:\/\/noticiasribeiraopreto.com.br\/index.php\/category\/blog\/"},"img":{"alt_text":"","src":"https:\/\/i0.wp.com\/noticiasribeiraopreto.com.br\/wp-content\/uploads\/2024\/01\/Money_eBay-Classificados-Onine_18junho2021_Getty-1024x683.jpg?fit=1024%2C683&ssl=1&resize=350%2C200","width":350,"height":200,"srcset":"https:\/\/i0.wp.com\/noticiasribeiraopreto.com.br\/wp-content\/uploads\/2024\/01\/Money_eBay-Classificados-Onine_18junho2021_Getty-1024x683.jpg?fit=1024%2C683&ssl=1&resize=350%2C200 1x, https:\/\/i0.wp.com\/noticiasribeiraopreto.com.br\/wp-content\/uploads\/2024\/01\/Money_eBay-Classificados-Onine_18junho2021_Getty-1024x683.jpg?fit=1024%2C683&ssl=1&resize=525%2C300 1.5x, https:\/\/i0.wp.com\/noticiasribeiraopreto.com.br\/wp-content\/uploads\/2024\/01\/Money_eBay-Classificados-Onine_18junho2021_Getty-1024x683.jpg?fit=1024%2C683&ssl=1&resize=700%2C400 2x"},"classes":[]},{"id":14171,"url":"https:\/\/noticiasribeiraopreto.com.br\/index.php\/2023\/12\/11\/presenca-de-mulheres-no-mercado-nao-significa-equidade\/","url_meta":{"origin":33791,"position":1},"title":"Presen\u00e7a de mulheres no mercado n\u00e3o significa equidade","author":"noticiasribeiraopreto.com.br","date":"11 de December de 2023","format":false,"excerpt":"Getty ImagesPara atingir a igualdade no mercado de trabalho, m\u00e3es precisam de oportunidades de crescimento, al\u00e9m de regimes de trabalho flex\u00edveis e oferta de cuidados infantis Claudia Goldin, pesquisadora e economista de Harvard, fez hist\u00f3ria ao ganhar o Pr\u00eamio Nobel de Economia pela sua ampla pesquisa sobre a participa\u00e7\u00e3o das\u2026","rel":"","context":"In &quot;Blog&quot;","block_context":{"text":"Blog","link":"https:\/\/noticiasribeiraopreto.com.br\/index.php\/category\/blog\/"},"img":{"alt_text":"","src":"https:\/\/i0.wp.com\/noticiasribeiraopreto.com.br\/wp-content\/uploads\/2023\/12\/mulher-trabalho-filhos-1024x683.jpg?fit=1024%2C683&ssl=1&resize=350%2C200","width":350,"height":200,"srcset":"https:\/\/i0.wp.com\/noticiasribeiraopreto.com.br\/wp-content\/uploads\/2023\/12\/mulher-trabalho-filhos-1024x683.jpg?fit=1024%2C683&ssl=1&resize=350%2C200 1x, https:\/\/i0.wp.com\/noticiasribeiraopreto.com.br\/wp-content\/uploads\/2023\/12\/mulher-trabalho-filhos-1024x683.jpg?fit=1024%2C683&ssl=1&resize=525%2C300 1.5x, https:\/\/i0.wp.com\/noticiasribeiraopreto.com.br\/wp-content\/uploads\/2023\/12\/mulher-trabalho-filhos-1024x683.jpg?fit=1024%2C683&ssl=1&resize=700%2C400 2x"},"classes":[]},{"id":15383,"url":"https:\/\/noticiasribeiraopreto.com.br\/index.php\/2023\/12\/13\/fed-ou-mercado-saiba-quem-dara-as-cartas-dos-juros-em-2024\/","url_meta":{"origin":33791,"position":2},"title":"Fed ou mercado? Saiba quem dar\u00e1 as cartas dos juros em 2024","author":"noticiasribeiraopreto.com.br","date":"13 de December de 2023","format":false,"excerpt":"As cartas da decis\u00e3o desta quarta-feira (13) estavam sobre a mesa: o Federal Reserve (Fed) manteve a taxa de juros na faixa entre 5,25% e 5,50% ao ano em um movimento que o mercado j\u00e1 precificava h\u00e1 meses \u2014 o que estava em jogo era a partida de 2024.\u00a0A decis\u00e3o\u2026","rel":"","context":"In &quot;Dinheiro e Investimento&quot;","block_context":{"text":"Dinheiro e Investimento","link":"https:\/\/noticiasribeiraopreto.com.br\/index.php\/category\/dinheiro-e-investimento-como-fazer-como-ganhar\/"},"img":{"alt_text":"","src":"https:\/\/i0.wp.com\/noticiasribeiraopreto.com.br\/wp-content\/uploads\/2023\/12\/Fed-Jerome-Powell-715x402.jpg?fit=715%2C402&ssl=1&resize=350%2C200","width":350,"height":200,"srcset":"https:\/\/i0.wp.com\/noticiasribeiraopreto.com.br\/wp-content\/uploads\/2023\/12\/Fed-Jerome-Powell-715x402.jpg?fit=715%2C402&ssl=1&resize=350%2C200 1x, https:\/\/i0.wp.com\/noticiasribeiraopreto.com.br\/wp-content\/uploads\/2023\/12\/Fed-Jerome-Powell-715x402.jpg?fit=715%2C402&ssl=1&resize=525%2C300 1.5x, https:\/\/i0.wp.com\/noticiasribeiraopreto.com.br\/wp-content\/uploads\/2023\/12\/Fed-Jerome-Powell-715x402.jpg?fit=715%2C402&ssl=1&resize=700%2C400 2x"},"classes":[]},{"id":46784,"url":"https:\/\/noticiasribeiraopreto.com.br\/index.php\/2024\/04\/15\/tesla-demitira-mais-de-10-da-forca-de-trabalho-global-em-meio-a-queda-nas-vendas\/","url_meta":{"origin":33791,"position":3},"title":"Tesla demitir\u00e1 mais de 10% da for\u00e7a de trabalho global em meio \u00e0 queda nas vendas","author":"noticiasribeiraopreto.com.br","date":"15 de April de 2024","format":false,"excerpt":"Tesla - Foto: Brandon Bell - Getty ImagesAs a\u00e7\u00f5es da Tesla ca\u00edam 0,3% nas negocia\u00e7\u00f5es de pr\u00e9-abertura nesta segunda-feira. A Tesla demitir\u00e1 mais de 10% de sua for\u00e7a de trabalho global, de acordo com um memorando interno visto pela Reuters nesta segunda-feira, uma vez que a empresa enfrenta queda nas\u2026","rel":"","context":"In &quot;Blog&quot;","block_context":{"text":"Blog","link":"https:\/\/noticiasribeiraopreto.com.br\/index.php\/category\/blog\/"},"img":{"alt_text":"","src":"https:\/\/i0.wp.com\/noticiasribeiraopreto.com.br\/wp-content\/uploads\/2024\/04\/Tesla-Getty-1024x683.jpg?fit=1024%2C683&ssl=1&resize=350%2C200","width":350,"height":200,"srcset":"https:\/\/i0.wp.com\/noticiasribeiraopreto.com.br\/wp-content\/uploads\/2024\/04\/Tesla-Getty-1024x683.jpg?fit=1024%2C683&ssl=1&resize=350%2C200 1x, https:\/\/i0.wp.com\/noticiasribeiraopreto.com.br\/wp-content\/uploads\/2024\/04\/Tesla-Getty-1024x683.jpg?fit=1024%2C683&ssl=1&resize=525%2C300 1.5x, https:\/\/i0.wp.com\/noticiasribeiraopreto.com.br\/wp-content\/uploads\/2024\/04\/Tesla-Getty-1024x683.jpg?fit=1024%2C683&ssl=1&resize=700%2C400 2x"},"classes":[]},{"id":37569,"url":"https:\/\/noticiasribeiraopreto.com.br\/index.php\/2024\/02\/16\/nike-cortara-2-da-forca-de-trabalho-para-reduzir-custos\/","url_meta":{"origin":33791,"position":4},"title":"Nike cortar\u00e1 2% da for\u00e7a de trabalho para reduzir custos","author":"noticiasribeiraopreto.com.br","date":"16 de February de 2024","format":false,"excerpt":"Floren\u00e7a Lo\/ReutersA Nike tinha cerca de 83.700 funcion\u00e1rios at\u00e9 31 de maio de 2023 A Nike cortar\u00e1 cerca de 2% de sua for\u00e7a de trabalho total, ou mais de 1.600 empregos, disse a gigante do vestu\u00e1rio esportivo na noite de quinta-feira (15), visando reduzir despesas \u00e0 medida que a demanda\u2026","rel":"","context":"In &quot;Blog&quot;","block_context":{"text":"Blog","link":"https:\/\/noticiasribeiraopreto.com.br\/index.php\/category\/blog\/"},"img":{"alt_text":"","src":"https:\/\/i0.wp.com\/noticiasribeiraopreto.com.br\/wp-content\/uploads\/2024\/02\/Carreira_Nike-1024x683.jpg?fit=1024%2C683&ssl=1&resize=350%2C200","width":350,"height":200,"srcset":"https:\/\/i0.wp.com\/noticiasribeiraopreto.com.br\/wp-content\/uploads\/2024\/02\/Carreira_Nike-1024x683.jpg?fit=1024%2C683&ssl=1&resize=350%2C200 1x, https:\/\/i0.wp.com\/noticiasribeiraopreto.com.br\/wp-content\/uploads\/2024\/02\/Carreira_Nike-1024x683.jpg?fit=1024%2C683&ssl=1&resize=525%2C300 1.5x, https:\/\/i0.wp.com\/noticiasribeiraopreto.com.br\/wp-content\/uploads\/2024\/02\/Carreira_Nike-1024x683.jpg?fit=1024%2C683&ssl=1&resize=700%2C400 2x"},"classes":[]},{"id":3411,"url":"https:\/\/noticiasribeiraopreto.com.br\/index.php\/2023\/11\/18\/utm_sourcerssutm_mediumrssutm_campaignladroes-de-carro-morrem-apos-troca-de-tiros-com-a-forca-tatica-em-rp\/","url_meta":{"origin":33791,"position":5},"title":"Ladr\u00f5es de carro morrem ap\u00f3s troca de tiros com a For\u00e7a T\u00e1tica em RP \u2013 X Tudo Ribeir\u00e3o","author":"noticiasribeiraopreto.com.br","date":"18 de November de 2023","format":false,"excerpt":"Dois bandidos morreram no final da madrugada deste s\u00e1bado (18\/11), ap\u00f3s roubarem um carro na cidade de Batatais, e durante a fuga trocarem tiros com os Policiais da For\u00e7a T\u00e1tica na Vila Mariana, na zona Norte de Ribeir\u00e3o Preto. Segundo informa\u00e7\u00f5es da Pol\u00edcia, durante o turno de trabalho foi informado\u2026","rel":"","context":"In &quot;Not\u00edcias de Ribeir\u00e3o Preto-SP e Regi\u00e3o&quot;","block_context":{"text":"Not\u00edcias de Ribeir\u00e3o Preto-SP e Regi\u00e3o","link":"https:\/\/noticiasribeiraopreto.com.br\/index.php\/category\/noticias-de-ribeirao-preto-sp-e-regiao-ismael-colosi\/"},"img":{"alt_text":"","src":"https:\/\/i0.wp.com\/noticiasribeiraopreto.com.br\/wp-content\/uploads\/2023\/11\/19f8bbf6-4a70-439f-b23c-f4a7d5d62957.jpeg?fit=900%2C1200&ssl=1&resize=350%2C200","width":350,"height":200,"srcset":"https:\/\/i0.wp.com\/noticiasribeiraopreto.com.br\/wp-content\/uploads\/2023\/11\/19f8bbf6-4a70-439f-b23c-f4a7d5d62957.jpeg?fit=900%2C1200&ssl=1&resize=350%2C200 1x, https:\/\/i0.wp.com\/noticiasribeiraopreto.com.br\/wp-content\/uploads\/2023\/11\/19f8bbf6-4a70-439f-b23c-f4a7d5d62957.jpeg?fit=900%2C1200&ssl=1&resize=525%2C300 1.5x, https:\/\/i0.wp.com\/noticiasribeiraopreto.com.br\/wp-content\/uploads\/2023\/11\/19f8bbf6-4a70-439f-b23c-f4a7d5d62957.jpeg?fit=900%2C1200&ssl=1&resize=700%2C400 2x"},"classes":[]}],"jetpack_sharing_enabled":true,"jetpack_shortlink":"https:\/\/wp.me\/peQAOb-8N1","_links":{"self":[{"href":"https:\/\/noticiasribeiraopreto.com.br\/index.php\/wp-json\/wp\/v2\/posts\/33791","targetHints":{"allow":["GET"]}}],"collection":[{"href":"https:\/\/noticiasribeiraopreto.com.br\/index.php\/wp-json\/wp\/v2\/posts"}],"about":[{"href":"https:\/\/noticiasribeiraopreto.com.br\/index.php\/wp-json\/wp\/v2\/types\/post"}],"author":[{"embeddable":true,"href":"https:\/\/noticiasribeiraopreto.com.br\/index.php\/wp-json\/wp\/v2\/users\/1"}],"replies":[{"embeddable":true,"href":"https:\/\/noticiasribeiraopreto.com.br\/index.php\/wp-json\/wp\/v2\/comments?post=33791"}],"version-history":[{"count":0,"href":"https:\/\/noticiasribeiraopreto.com.br\/index.php\/wp-json\/wp\/v2\/posts\/33791\/revisions"}],"wp:featuredmedia":[{"embeddable":true,"href":"https:\/\/noticiasribeiraopreto.com.br\/index.php\/wp-json\/wp\/v2\/media\/33792"}],"wp:attachment":[{"href":"https:\/\/noticiasribeiraopreto.com.br\/index.php\/wp-json\/wp\/v2\/media?parent=33791"}],"wp:term":[{"taxonomy":"category","embeddable":true,"href":"https:\/\/noticiasribeiraopreto.com.br\/index.php\/wp-json\/wp\/v2\/categories?post=33791"},{"taxonomy":"post_tag","embeddable":true,"href":"https:\/\/noticiasribeiraopreto.com.br\/index.php\/wp-json\/wp\/v2\/tags?post=33791"}],"curies":[{"name":"wp","href":"https:\/\/api.w.org\/{rel}","templated":true}]}}