{"id":33793,"date":"2024-01-30T19:47:29","date_gmt":"2024-01-30T22:47:29","guid":{"rendered":"https:\/\/noticiasribeiraopreto.com.br\/index.php\/2024\/01\/30\/turbulencia-bilionaria-congresso-se-antecipa-e-diz-que-governo-nao-pode-usar-veto-para-turbinar-outras-areas\/"},"modified":"2024-01-30T19:47:29","modified_gmt":"2024-01-30T22:47:29","slug":"turbulencia-bilionaria-congresso-se-antecipa-e-diz-que-governo-nao-pode-usar-veto-para-turbinar-outras-areas","status":"publish","type":"post","link":"https:\/\/noticiasribeiraopreto.com.br\/index.php\/2024\/01\/30\/turbulencia-bilionaria-congresso-se-antecipa-e-diz-que-governo-nao-pode-usar-veto-para-turbinar-outras-areas\/","title":{"rendered":"Turbul\u00eancia bilion\u00e1ria: Congresso se antecipa e diz que governo n\u00e3o pode usar veto para turbinar outras \u00e1reas"},"content":{"rendered":"<div class='code-block code-block-1' style='margin: 8px 0 8px auto; text-align: right; display: block; clear: both;'>\n<p><a href=\"https:\/\/wa.link\/vpicfd\"><img data-recalc-dims=\"1\" class=\"wp-image-4922\" style=\"aspect-ratio: 2.0253164556962027; width: 561px; height: auto;\" src=\"https:\/\/i0.wp.com\/ismaelcolosi.com.br\/wp-content\/uploads\/2023\/11\/grupo-de-empregos-whatsapp-e-facebook-ismael-colosi-vagas.jpg?ssl=1\" alt=\"\" \/><\/a><\/p>\n<!-- \/wp:image -->\n<\/div>\n<p> <br \/>\n<\/p>\n<div id=\"js-first-letter\">\n<p>O governo do <strong>presidente Luiz In\u00e1cio Lula da Silva (PT)<\/strong> n\u00e3o pode usar o veto \u00e0s emendas de comiss\u00e3o para direcionar recursos a <strong>outras \u00e1reas<\/strong> sem autoriza\u00e7\u00e3o do <strong>Congresso<\/strong>, de acordo com nota t\u00e9cnica publicada pelas consultorias de or\u00e7amento da <strong>C\u00e2mara <\/strong>e do <strong>Senado<\/strong>.<\/p>\n<p>A conclus\u00e3o refor\u00e7a que o Legislativo dar\u00e1 a \u00faltima palavra sobre <a href=\"https:\/\/www.seudinheiro.com\/2024\/bolsa-dolar\/ceu-de-brigadeiro-o-impulso-bilionario-que-faz-as-acoes-da-companhias-aereas-gol-goll4-e-azul-azul4-subirem-na-b3-hoje-lils\/\" target=\"_blank\" rel=\"noreferrer noopener\">os R$ 5,6 bilh\u00f5es vetados por Lula<\/a> no Or\u00e7amento de 2024. <\/p>\n<p>O corte afetou recursos indicados por comiss\u00f5es da C\u00e2mara e do Senado para programa\u00e7\u00f5es herdeiras do or\u00e7amento secreto. Parlamentares querem destinar o montante \u00e0s suas bases eleitorais.<\/p>\n<p>Com o veto, o dinheiro n\u00e3o pode ser gasto, mas tamb\u00e9m n\u00e3o pode servir como sobra de recurso para aumentar outras despesas. As consultorias sustentam o argumento com base na Constitui\u00e7\u00e3o, que exige aprova\u00e7\u00e3o do Congresso para esse remanejamento. <\/p>\n<p>A lei or\u00e7ament\u00e1ria tamb\u00e9m n\u00e3o autoriza o veto como fonte de recurso para despesas que o governo queira aumentar.<\/p>\n<p>O dinheiro pode ser recuperado de duas maneiras: ou o Congresso derruba o veto, retomando as emendas e a capacidade para interferir no Or\u00e7amento, ou o governo encaminha um projeto de lei propondo o uso do dinheiro para outras despesas.<\/p>\n<p>&#8220;Ou seja, a utiliza\u00e7\u00e3o dessa fonte depende de envio de projeto de lei de cr\u00e9dito suplementar ou especial ao Congresso Nacional, a quem compete decidir, entre o projeto e a derrubada do veto, qual instrumento de autoriza\u00e7\u00e3o de despesa utilizar&#8221;, diz a nota t\u00e9cnica publicada de forma conjunta pelas consultorias de or\u00e7amento da C\u00e2mara e do Senado.<\/p>\n<h3 class=\"wp-block-heading\" id=\"h-a-dinheirista-serasa-foi-so-o-comeco-estou-sendo-processada-e-meus-bens-foram-bloqueados-por-divida-com-a-faculdade\"><a href=\"https:\/\/www.youtube.com\/watch?v=2D0puTR9lBI\" target=\"_blank\" rel=\"noreferrer noopener\">A DINHEIRISTA &#8211;<\/a> Serasa foi s\u00f3 o come\u00e7o: \u201cestou sendo processada e meus bens foram bloqueados por d\u00edvida com a faculdade\u201d<\/h3>\n<figure class=\"wp-block-embed is-type-video is-provider-youtube wp-block-embed-youtube wp-embed-aspect-16-9 wp-has-aspect-ratio\">\n<p>\n<iframe loading=\"lazy\" title=\"SERASA FOI S\u00d3 O COME\u00c7O: SEREI PROCESSADA POR D\u00cdVIDA COM A FACULDADE I A DINHEIRISTA\" width=\"500\" height=\"281\" src=\"https:\/\/www.youtube.com\/embed\/2D0puTR9lBI?feature=oembed\" frameborder=\"0\" allow=\"accelerometer; autoplay; clipboard-write; encrypted-media; gyroscope; picture-in-picture; web-share\" referrerpolicy=\"strict-origin-when-cross-origin\" allowfullscreen><\/iframe>\n<\/p>\n<\/figure>\n<h2 class=\"wp-block-heading\" id=\"h-governo-nao-vai-recuar\"><strong>Governo n\u00e3o vai recuar <\/strong><\/h2>\n<p>A ministra do Planejamento, Simone Tebet, afirmou ao\u00a0Estad\u00e3o\u00a0que Lula n\u00e3o vai recuar do veto e nem rever a decis\u00e3o publicada no Di\u00e1rio Oficial da Uni\u00e3o, contrariando expectativas de l\u00edderes do Congresso.<\/p>\n<p>O governo quer esperar a arrecada\u00e7\u00e3o de janeiro e fevereiro para verificar se ter\u00e1 dinheiro suficiente para &#8220;devolver&#8221; o dinheiro \u00e0s emendas. Nesse caso, h\u00e1 duas op\u00e7\u00f5es na mesa: liberar os parlamentares para derrubar o veto ou encaminhar um projeto de lei para &#8220;salvar&#8221; o montante.<\/p>\n<p>Recentemente, Tebet e o ministro da Secretaria de Rela\u00e7\u00f5es Institucionais, Alexandre Padilha, disseram que Lula vetou as emendas por conta da expectativa de uma infla\u00e7\u00e3o menor, que diminui a arrecada\u00e7\u00e3o do governo e deixa a Uni\u00e3o com menos dinheiro para gastar. <\/p>\n<p>Sendo assim, o governo teve de cortar de algum lugar. O presidente encaminhou uma mensagem formal ao Congresso dizendo que as programa\u00e7\u00f5es vetadas &#8220;contrariam o interesse p\u00fablico.&#8221;<\/p>\n<p>Em caso de queda de arrecada\u00e7\u00e3o, motivo alegado pelos ministros, o rem\u00e9dio tradicional n\u00e3o \u00e9 o veto, mas \u00e9 o contingenciamento, que significa segurar os gastos no meio do ano at\u00e9 a situa\u00e7\u00e3o melhorar. <\/p>\n<p>Se afetasse as emendas, no entanto, o contingenciamento teria de ser feito em despesas de interesse direto do governo, entre elas o Programa de Acelera\u00e7\u00e3o do Crescimento (PAC), na mesma propor\u00e7\u00e3o. <\/p>\n<p>O veto abriu caminho para o governo negociar o pagamento de emendas no primeiro semestre, antes das elei\u00e7\u00f5es municipais.<\/p>\n<\/div>\n<p><br \/>\n<br \/><a href=\"https:\/\/www.seudinheiro.com\/2024\/politica\/turbulencia-bilionaria-congresso-se-antecipa-e-diz-que-governo-nao-pode-usar-veto-para-turbinar-outras-areas-ccgg\/\">Source link <\/a><\/p>\n<!-- CONTENT END 1 -->\n","protected":false},"excerpt":{"rendered":"<p>O governo do presidente Luiz In\u00e1cio Lula da Silva (PT) n\u00e3o pode usar o veto \u00e0s emendas de comiss\u00e3o para direcionar recursos a outras \u00e1reas&#8230;<\/p>\n","protected":false},"author":1,"featured_media":33794,"comment_status":"open","ping_status":"open","sticky":false,"template":"","format":"standard","meta":{"advanced_seo_description":"","jetpack_seo_html_title":"","jetpack_seo_noindex":false,"jetpack_post_was_ever_published":false,"_jetpack_newsletter_access":"","_jetpack_dont_email_post_to_subs":false,"_jetpack_newsletter_tier_id":0,"_jetpack_memberships_contains_paywalled_content":false,"_jetpack_memberships_contains_paid_content":false,"footnotes":"","jetpack_publicize_message":"","jetpack_publicize_feature_enabled":true,"jetpack_social_post_already_shared":true,"jetpack_social_options":{"image_generator_settings":{"template":"highway","default_image_id":0,"font":"","enabled":false},"version":2}},"categories":[1235],"tags":[],"class_list":["post-33793","post","type-post","status-publish","format-standard","has-post-thumbnail","hentry","category-dinheiro-e-investimento-como-fazer-como-ganhar"],"jetpack_publicize_connections":[],"jetpack_featured_media_url":"https:\/\/i0.wp.com\/noticiasribeiraopreto.com.br\/wp-content\/uploads\/2024\/01\/shutterstock_1158166333-628x353.jpg?fit=628%2C353&ssl=1","jetpack-related-posts":[{"id":22186,"url":"https:\/\/noticiasribeiraopreto.com.br\/index.php\/2023\/12\/29\/por-que-o-congresso-nao-gostou-do-pacote-anunciado-por-haddad-setores-falam-em-inseguranca-juridica-com-mp\/","url_meta":{"origin":33793,"position":0},"title":"Por que o Congresso n\u00e3o gostou do pacote anunciado por Haddad? Setores falam em \u2018inseguran\u00e7a jur\u00eddica\u2019 com MP","author":"noticiasribeiraopreto.com.br","date":"29 de December de 2023","format":false,"excerpt":"As reuni\u00f5es de final de ano costumam gerar muitos encontros positivos, mas tamb\u00e9m muitas rusgas entre pessoas que, at\u00e9 poucos minutos atr\u00e1s, estavam se dando bem. Parece que foi o caso com o Congresso Nacional e o ministro da Fazenda, Fernando Haddad.\u00a0 Isso porque o Congresso reagiu mal ao an\u00fancio\u2026","rel":"","context":"In &quot;Dinheiro e Investimento&quot;","block_context":{"text":"Dinheiro e Investimento","link":"https:\/\/noticiasribeiraopreto.com.br\/index.php\/category\/dinheiro-e-investimento-como-fazer-como-ganhar\/"},"img":{"alt_text":"","src":"https:\/\/i0.wp.com\/noticiasribeiraopreto.com.br\/wp-content\/uploads\/2023\/12\/1703858937_Haddad-1-715x402.jpg?fit=715%2C402&ssl=1&resize=350%2C200","width":350,"height":200,"srcset":"https:\/\/i0.wp.com\/noticiasribeiraopreto.com.br\/wp-content\/uploads\/2023\/12\/1703858937_Haddad-1-715x402.jpg?fit=715%2C402&ssl=1&resize=350%2C200 1x, https:\/\/i0.wp.com\/noticiasribeiraopreto.com.br\/wp-content\/uploads\/2023\/12\/1703858937_Haddad-1-715x402.jpg?fit=715%2C402&ssl=1&resize=525%2C300 1.5x, https:\/\/i0.wp.com\/noticiasribeiraopreto.com.br\/wp-content\/uploads\/2023\/12\/1703858937_Haddad-1-715x402.jpg?fit=715%2C402&ssl=1&resize=700%2C400 2x"},"classes":[]},{"id":16360,"url":"https:\/\/noticiasribeiraopreto.com.br\/index.php\/2023\/12\/15\/desoneracao-pra-17-setores-da-economia-vai-ate-2027\/","url_meta":{"origin":33793,"position":1},"title":"Desonera\u00e7\u00e3o pra 17 setores da economia vai at\u00e9 2027","author":"noticiasribeiraopreto.com.br","date":"15 de December de 2023","format":false,"excerpt":"15 de dezembro de 2023 | 13:0015 de dezembro de 2023 | 8:49 0Em sess\u00e3o conjunta do Congresso Nacional nesta quinta-feira, 14 de dezembro, senadores e deputados federais derrubaram o veto presidencial ao projeto que prorroga a desonera\u00e7\u00e3o da folha de pagamento de 17 setores econ\u00f4micos e de pequenos munic\u00edpios\u2026","rel":"","context":"In &quot;Not\u00edcias de Ribeir\u00e3o Preto-SP e Regi\u00e3o&quot;","block_context":{"text":"Not\u00edcias de Ribeir\u00e3o Preto-SP e Regi\u00e3o","link":"https:\/\/noticiasribeiraopreto.com.br\/index.php\/category\/noticias-de-ribeirao-preto-sp-e-regiao-ismael-colosi\/"},"img":{"alt_text":"","src":"https:\/\/i0.wp.com\/noticiasribeiraopreto.com.br\/wp-content\/uploads\/2023\/12\/Desonera-Lula-Marques-Ag.Br_-scaled.jpg?fit=1000%2C604&ssl=1&resize=350%2C200","width":350,"height":200,"srcset":"https:\/\/i0.wp.com\/noticiasribeiraopreto.com.br\/wp-content\/uploads\/2023\/12\/Desonera-Lula-Marques-Ag.Br_-scaled.jpg?fit=1000%2C604&ssl=1&resize=350%2C200 1x, https:\/\/i0.wp.com\/noticiasribeiraopreto.com.br\/wp-content\/uploads\/2023\/12\/Desonera-Lula-Marques-Ag.Br_-scaled.jpg?fit=1000%2C604&ssl=1&resize=525%2C300 1.5x, https:\/\/i0.wp.com\/noticiasribeiraopreto.com.br\/wp-content\/uploads\/2023\/12\/Desonera-Lula-Marques-Ag.Br_-scaled.jpg?fit=1000%2C604&ssl=1&resize=700%2C400 2x"},"classes":[]},{"id":6349,"url":"https:\/\/noticiasribeiraopreto.com.br\/index.php\/2023\/11\/25\/lula-veta-desoneracao-da-folha-de-17-setores-da-economia\/","url_meta":{"origin":33793,"position":2},"title":"Lula veta desonera\u00e7\u00e3o da folha de 17 setores da economia","author":"noticiasribeiraopreto.com.br","date":"25 de November de 2023","format":false,"excerpt":"O presidente Luiz In\u00e1cio Lula da Silva (PT) vetou integralmente o projeto de lei que prorroga at\u00e9 31 de dezembro de 2027 a vig\u00eancia da pol\u00edtica de desonera\u00e7\u00e3o da folha de pagamentos de 17 setores econ\u00f4micos que mais empregam. A decis\u00e3o foi publicada em edi\u00e7\u00e3o extra do Di\u00e1rio Oficial da\u2026","rel":"","context":"In &quot;Not\u00edcias de Ribeir\u00e3o Preto-SP e Regi\u00e3o&quot;","block_context":{"text":"Not\u00edcias de Ribeir\u00e3o Preto-SP e Regi\u00e3o","link":"https:\/\/noticiasribeiraopreto.com.br\/index.php\/category\/noticias-de-ribeirao-preto-sp-e-regiao-ismael-colosi\/"},"img":{"alt_text":"","src":"https:\/\/i0.wp.com\/noticiasribeiraopreto.com.br\/wp-content\/uploads\/2023\/11\/desonera.jpg?fit=1161%2C699&ssl=1&resize=350%2C200","width":350,"height":200,"srcset":"https:\/\/i0.wp.com\/noticiasribeiraopreto.com.br\/wp-content\/uploads\/2023\/11\/desonera.jpg?fit=1161%2C699&ssl=1&resize=350%2C200 1x, https:\/\/i0.wp.com\/noticiasribeiraopreto.com.br\/wp-content\/uploads\/2023\/11\/desonera.jpg?fit=1161%2C699&ssl=1&resize=525%2C300 1.5x, https:\/\/i0.wp.com\/noticiasribeiraopreto.com.br\/wp-content\/uploads\/2023\/11\/desonera.jpg?fit=1161%2C699&ssl=1&resize=700%2C400 2x, https:\/\/i0.wp.com\/noticiasribeiraopreto.com.br\/wp-content\/uploads\/2023\/11\/desonera.jpg?fit=1161%2C699&ssl=1&resize=1050%2C600 3x"},"classes":[]},{"id":19588,"url":"https:\/\/noticiasribeiraopreto.com.br\/index.php\/2023\/12\/22\/fundao-recorde-congresso-aprova-orcamento-de-2024-com-r-49-bilhoes-para-eleicao\/","url_meta":{"origin":33793,"position":3},"title":"\u201cFund\u00e3o\u201d recorde: Congresso aprova Or\u00e7amento de 2024 com R$ 4,9 bilh\u00f5es para elei\u00e7\u00e3o","author":"noticiasribeiraopreto.com.br","date":"22 de December de 2023","format":false,"excerpt":"O Congresso Nacional aprovou nesta sexta-feira (22), \u00faltimo dia do ano legislativo, o Or\u00e7amento de 2024 com fundo eleitoral com valor de aproximadamente R$ 4,9 bilh\u00f5es para financiamento das elei\u00e7\u00f5es no ano que vem.\u00a0 A cifra \u00e9 recorde para uma campanha pelo comando do Poder Executivo nos munic\u00edpios. O texto\u2026","rel":"","context":"In &quot;Dinheiro e Investimento&quot;","block_context":{"text":"Dinheiro e Investimento","link":"https:\/\/noticiasribeiraopreto.com.br\/index.php\/category\/dinheiro-e-investimento-como-fazer-como-ganhar\/"},"img":{"alt_text":"","src":"https:\/\/i0.wp.com\/noticiasribeiraopreto.com.br\/wp-content\/uploads\/2023\/12\/shutterstock_1172883757-628x353.jpg?fit=628%2C353&ssl=1&resize=350%2C200","width":350,"height":200,"srcset":"https:\/\/i0.wp.com\/noticiasribeiraopreto.com.br\/wp-content\/uploads\/2023\/12\/shutterstock_1172883757-628x353.jpg?fit=628%2C353&ssl=1&resize=350%2C200 1x, https:\/\/i0.wp.com\/noticiasribeiraopreto.com.br\/wp-content\/uploads\/2023\/12\/shutterstock_1172883757-628x353.jpg?fit=628%2C353&ssl=1&resize=525%2C300 1.5x"},"classes":[]},{"id":33337,"url":"https:\/\/noticiasribeiraopreto.com.br\/index.php\/2024\/01\/29\/congresso-retomara-atividade-dia-5-de-fevereiro-com-fake-news-na-mira-do-governo\/","url_meta":{"origin":33793,"position":4},"title":"Congresso retomar\u00e1 atividade dia 5 de fevereiro com fake news na mira do governo","author":"noticiasribeiraopreto.com.br","date":"29 de January de 2024","format":false,"excerpt":"O Congresso Nacional voltar\u00e1 \u00e0s atividades no dia 5 de fevereiro com a possibilidade de retorno da discuss\u00e3o do projeto de lei das Fake News, vista como priorit\u00e1ria ao governo, e a oposi\u00e7\u00e3o querendo ampliar o enfrentamento ao Supremo Tribunal Federal (STF).Quatro Comiss\u00f5es Parlamentares de Inqu\u00e9rito (CPI) \u2013 uma delas,\u2026","rel":"","context":"In &quot;Not\u00edcias de Ribeir\u00e3o Preto-SP e Regi\u00e3o&quot;","block_context":{"text":"Not\u00edcias de Ribeir\u00e3o Preto-SP e Regi\u00e3o","link":"https:\/\/noticiasribeiraopreto.com.br\/index.php\/category\/noticias-de-ribeirao-preto-sp-e-regiao-ismael-colosi\/"},"img":{"alt_text":"","src":"https:\/\/i0.wp.com\/noticiasribeiraopreto.com.br\/wp-content\/uploads\/2024\/01\/plenario-congresso-2.jpg?fit=700%2C450&ssl=1&resize=350%2C200","width":350,"height":200,"srcset":"https:\/\/i0.wp.com\/noticiasribeiraopreto.com.br\/wp-content\/uploads\/2024\/01\/plenario-congresso-2.jpg?fit=700%2C450&ssl=1&resize=350%2C200 1x, https:\/\/i0.wp.com\/noticiasribeiraopreto.com.br\/wp-content\/uploads\/2024\/01\/plenario-congresso-2.jpg?fit=700%2C450&ssl=1&resize=525%2C300 1.5x, https:\/\/i0.wp.com\/noticiasribeiraopreto.com.br\/wp-content\/uploads\/2024\/01\/plenario-congresso-2.jpg?fit=700%2C450&ssl=1&resize=700%2C400 2x"},"classes":[]},{"id":74961,"url":"https:\/\/noticiasribeiraopreto.com.br\/index.php\/2025\/07\/31\/ricardo-sanciona-diretrizes-do-orcamento-de-ribeirao-preto-com-140-vetos\/","url_meta":{"origin":33793,"position":5},"title":"Ricardo sanciona diretrizes do or\u00e7amento de Ribeir\u00e3o Preto com 140 vetos","author":"noticiasribeiraopreto.com.br","date":"31 de July de 2025","format":false,"excerpt":"O prefeito de Ribeir\u00e3o Preto, Ricardo Silva (PSD), sancionou a LDO (Lei de Diretrizes Or\u00e7ament\u00e1rias) de 2026 com 140 vetos de emendas aprovadas pelos vereadores. As diretrizes or\u00e7ament\u00e1rias de Ribeir\u00e3o Preto preveem or\u00e7amento de R$ 5.563.935.161 para o pr\u00f3ximo ano. Entre os destaques da LDO est\u00e3o projetos priorit\u00e1rios, como a\u2026","rel":"","context":"In &quot;Not\u00edcias de Ribeir\u00e3o Preto-SP e Regi\u00e3o&quot;","block_context":{"text":"Not\u00edcias de Ribeir\u00e3o Preto-SP e Regi\u00e3o","link":"https:\/\/noticiasribeiraopreto.com.br\/index.php\/category\/noticias-de-ribeirao-preto-sp-e-regiao-ismael-colosi\/"},"img":{"alt_text":"","src":"https:\/\/i0.wp.com\/noticiasribeiraopreto.com.br\/wp-content\/uploads\/2025\/07\/prefeito-ricardo-silva_2025-07-31_20-57-54.webp.webp?fit=1200%2C800&ssl=1&resize=350%2C200","width":350,"height":200,"srcset":"https:\/\/i0.wp.com\/noticiasribeiraopreto.com.br\/wp-content\/uploads\/2025\/07\/prefeito-ricardo-silva_2025-07-31_20-57-54.webp.webp?fit=1200%2C800&ssl=1&resize=350%2C200 1x, https:\/\/i0.wp.com\/noticiasribeiraopreto.com.br\/wp-content\/uploads\/2025\/07\/prefeito-ricardo-silva_2025-07-31_20-57-54.webp.webp?fit=1200%2C800&ssl=1&resize=525%2C300 1.5x, https:\/\/i0.wp.com\/noticiasribeiraopreto.com.br\/wp-content\/uploads\/2025\/07\/prefeito-ricardo-silva_2025-07-31_20-57-54.webp.webp?fit=1200%2C800&ssl=1&resize=700%2C400 2x, https:\/\/i0.wp.com\/noticiasribeiraopreto.com.br\/wp-content\/uploads\/2025\/07\/prefeito-ricardo-silva_2025-07-31_20-57-54.webp.webp?fit=1200%2C800&ssl=1&resize=1050%2C600 3x"},"classes":[]}],"jetpack_sharing_enabled":true,"jetpack_shortlink":"https:\/\/wp.me\/peQAOb-8N3","_links":{"self":[{"href":"https:\/\/noticiasribeiraopreto.com.br\/index.php\/wp-json\/wp\/v2\/posts\/33793","targetHints":{"allow":["GET"]}}],"collection":[{"href":"https:\/\/noticiasribeiraopreto.com.br\/index.php\/wp-json\/wp\/v2\/posts"}],"about":[{"href":"https:\/\/noticiasribeiraopreto.com.br\/index.php\/wp-json\/wp\/v2\/types\/post"}],"author":[{"embeddable":true,"href":"https:\/\/noticiasribeiraopreto.com.br\/index.php\/wp-json\/wp\/v2\/users\/1"}],"replies":[{"embeddable":true,"href":"https:\/\/noticiasribeiraopreto.com.br\/index.php\/wp-json\/wp\/v2\/comments?post=33793"}],"version-history":[{"count":0,"href":"https:\/\/noticiasribeiraopreto.com.br\/index.php\/wp-json\/wp\/v2\/posts\/33793\/revisions"}],"wp:featuredmedia":[{"embeddable":true,"href":"https:\/\/noticiasribeiraopreto.com.br\/index.php\/wp-json\/wp\/v2\/media\/33794"}],"wp:attachment":[{"href":"https:\/\/noticiasribeiraopreto.com.br\/index.php\/wp-json\/wp\/v2\/media?parent=33793"}],"wp:term":[{"taxonomy":"category","embeddable":true,"href":"https:\/\/noticiasribeiraopreto.com.br\/index.php\/wp-json\/wp\/v2\/categories?post=33793"},{"taxonomy":"post_tag","embeddable":true,"href":"https:\/\/noticiasribeiraopreto.com.br\/index.php\/wp-json\/wp\/v2\/tags?post=33793"}],"curies":[{"name":"wp","href":"https:\/\/api.w.org\/{rel}","templated":true}]}}