{"id":33797,"date":"2024-01-30T20:01:18","date_gmt":"2024-01-30T23:01:18","guid":{"rendered":"https:\/\/noticiasribeiraopreto.com.br\/index.php\/2024\/01\/30\/rp-mobi-multou-119-motoristas-em-estacionamentos-de-shoppings-em-ribeirao-entenda\/"},"modified":"2024-01-30T20:01:18","modified_gmt":"2024-01-30T23:01:18","slug":"rp-mobi-multou-119-motoristas-em-estacionamentos-de-shoppings-em-ribeirao-entenda","status":"publish","type":"post","link":"https:\/\/noticiasribeiraopreto.com.br\/index.php\/2024\/01\/30\/rp-mobi-multou-119-motoristas-em-estacionamentos-de-shoppings-em-ribeirao-entenda\/","title":{"rendered":"RP Mobi multou 119 motoristas em estacionamentos de shoppings em Ribeir\u00e3o; Entenda"},"content":{"rendered":"<div class='code-block code-block-1' style='margin: 8px 0 8px auto; text-align: right; display: block; clear: both;'>\n<p><a href=\"https:\/\/wa.link\/vpicfd\"><img data-recalc-dims=\"1\" class=\"wp-image-4922\" style=\"aspect-ratio: 2.0253164556962027; width: 561px; height: auto;\" src=\"https:\/\/i0.wp.com\/ismaelcolosi.com.br\/wp-content\/uploads\/2023\/11\/grupo-de-empregos-whatsapp-e-facebook-ismael-colosi-vagas.jpg?ssl=1\" alt=\"\" \/><\/a><\/p>\n<!-- \/wp:image -->\n<\/div>\n<p> <br \/>\n<\/p>\n<div>\n<p>A<strong> RP Mobi <\/strong>(empresa que gerencia o tr\u00e2nsito e o transporte urbano de <strong>Ribeir\u00e3o Preto<\/strong>) <strong>multou 119 motoristas <\/strong>no ano de <strong>2023<\/strong>, devido ao <strong>uso indevido de vagas exclusivas nos shoppings<\/strong> da cidade.<\/p>\n<p>Os dados obtidos pelo <strong>portal acidade on<\/strong>, junto a <strong>Prefeitura de Ribeir\u00e3o Preto<\/strong>, levam em considera\u00e7\u00e3o os <strong>quatro centros comerciais<\/strong> do munic\u00edpio.<\/p>\n<p>Os condutores que fazem o uso indevido das <strong>vagas reservadas para idosos <\/strong>e<strong> PCD<\/strong> (Pessoa com Defici\u00eancia), cometem uma <strong>infra\u00e7\u00e3o grav\u00edssima<\/strong>, com multa de <strong>R$ 293,47<\/strong> e sete pontos na <strong>CNH<\/strong> (Carteira Nacional de Habilita\u00e7\u00e3o).<\/p>\n<h4 class=\"wp-block-heading\"><strong>Mas a RP Mobi pode multar dentro de shoppings?<\/strong><\/h4>\n<p>O<strong> CTB (C\u00f3digo de Tr\u00e2nsito Brasileiro)<\/strong> passou a considerar como vias terrestres sujeitas \u00e0s normas de tr\u00e2nsito, ruas e estacionamentos de estabelecimentos privados de uso coletivo, portanto, <mark style=\"background-color:#fcb900\" class=\"has-inline-color\"><strong>a RP Mobi, pode fiscalizar para autuar infra\u00e7\u00f5es nesses locais.<\/strong><\/mark><\/p>\n<p>\u201cA RP Mobi, na qualidade de entidade executiva de tr\u00e2nsito de Ribeir\u00e3o Preto, ostenta compet\u00eancia fiscalizat\u00f3ria para autuar infra\u00e7\u00f5es nesses locais a qual normalmente realiza mediante conv\u00eanio com a Pol\u00edcia Militar\u201d, informou a empresa.<\/p>\n<h4 class=\"wp-block-heading\"><strong>E os seguran\u00e7as do shopping, pode autuar?<\/strong><\/h4>\n<p>De acordo com o advogado especialista em direito de tr\u00e2nsito, Adhemar Padr\u00e3o, tanto a administra\u00e7\u00e3o do shopping quanto os seguran\u00e7as, <strong>n\u00e3o podem efetuar qualquer tipo de autua\u00e7\u00e3o<\/strong>.<\/p>\n<figure class=\"wp-block-pullquote\">\n<blockquote>\n<p>O que ele [o seguran\u00e7a] pode e deve fazer, \u00e9 acionar a pol\u00edcia se ele detectar que algu\u00e9m est\u00e1 abusando, por exemplo, da vaga de um idoso ou de uma pessoa portadora de necessidade especial. Mas ele n\u00e3o tem pode lavrar um auto de infra\u00e7\u00e3o ou aplicar multa<\/p>\n<\/blockquote>\n<\/figure>\n<p>O especialista ainda refor\u00e7a que para que a autua\u00e7\u00e3o seja feita, o agente da RP Mobi ou a PM, deve<strong> flagrar a infra\u00e7\u00e3o de tr\u00e2nsito<\/strong>.<\/p>\n<h4 class=\"wp-block-heading\"><strong>Confira a rela\u00e7\u00e3o de infra\u00e7\u00f5es por shoppings<\/strong><\/h4>\n<ul>\n<li><strong>Novo Shopping Center \u2013 avenida Pres. Kennedy, 1.500, Ribeir\u00e2nia<\/strong><\/li>\n<\/ul>\n<p>97 atua\u00e7\u00f5es (uso irregular \/ vaga de idoso)<\/p>\n<p>15 autua\u00e7\u00f5es (uso irregular \/ vaga de deficiente)<\/p>\n<ul>\n<li><strong>Ribeir\u00e3o Shopping \u2013 avenida Cel. Fernando Ferreira Leite, 1.540, Jardim Calif\u00f3rnia<\/strong><\/li>\n<\/ul>\n<p>04 atua\u00e7\u00f5es (uso irregular \/ vaga de idoso)<\/p>\n<p>03 autua\u00e7\u00f5es (uso irregular \/ vaga de deficiente)<\/p>\n<ul>\n<li><strong>Iguatemi Ribeir\u00e3o Preto \u2013 avenida Luiz Eduardo Toledo Prado, 900, Vila do Golfe<\/strong><\/li>\n<\/ul>\n<p>00 atua\u00e7\u00f5es (uso irregular \/ vaga de idoso)<\/p>\n<p>00 autua\u00e7\u00f5es (uso irregular \/ vaga de deficiente)<\/p>\n<ul>\n<li><strong>Shopping Santa \u00darsula \u2013 rua S\u00e3o Jos\u00e9, 933, Centro<\/strong><\/li>\n<\/ul>\n<p>00 atua\u00e7\u00f5es (uso irregular \/ vaga de idoso)<\/p>\n<p>00 autua\u00e7\u00f5es (uso irregular \/ vaga de deficiente)<\/p>\n<p><strong>Fonte: <\/strong>RP Mobi \u2013 Prefeitura de Ribeir\u00e3o Preto<\/p>\n<h4 class=\"wp-block-heading\"><strong>O outro lado<\/strong><\/h4>\n<p>A respeito dos n\u00fameros, os dois shoppings com registro de infra\u00e7\u00f5es foram questionados pela reportagem.<\/p>\n<p>De acordo com o <strong>Ribeir\u00e3o Shopping<\/strong>, \u201ca responsabilidade de atua\u00e7\u00e3o \u00e9 do Poder P\u00fablico por meio da Pol\u00edcia Militar. O cliente tamb\u00e9m tem o direito de chamar as autoridades no local, o shopping d\u00e1 todo o suporte e faz acompanhamento junto ao cliente\u201d.<\/p>\n<p>J\u00e1 o<strong> Novo Shopping Center<\/strong> retornou dizendo que \u201cconforme o artigo 1\u00ba da Lei Municipal 1,466\/2004, o Novo Shopping sempre cumpriu com os devidos n\u00fameros de vagas exigidas, bem como suas identifica\u00e7\u00f5es e seu acesso facilitado\u201d.<\/p>\n<p>SAIBA MAIS <\/p>\n<p>Ladr\u00e3o agride idosa com mordidas e golpes de faca na zona Sul de Ribeir\u00e3o Preto<\/p>\n<h4 class=\"wp-block-heading\"><strong><mark style=\"background-color:#fcb900\" class=\"has-inline-color\">FIQUE ON<\/mark><\/strong><\/h4>\n<p>Fique ligado em tudo que acontece em Ribeir\u00e3o Preto e regi\u00e3o. Siga os perfis do\u00a0<strong>acidade on<\/strong>\u00a0no\u00a0<a href=\"https:\/\/www.instagram.com\/acidadeonribeirao\" target=\"_blank\" rel=\"noreferrer noopener\">Instagram<\/a>\u00a0e no\u00a0<a href=\"https:\/\/www.facebook.com\/acidadeonribeirao\" target=\"_blank\" rel=\"noreferrer noopener\">Facebook<\/a>.<\/p>\n<p>Receba not\u00edcias do\u00a0<strong>acidade on\u00a0<\/strong>no WhatsApp.<a href=\"https:\/\/chat.whatsapp.com\/Bnv2w66ZT4VDyZW3oiZ69n\" target=\"_blank\" rel=\"noreferrer noopener\">\u00a0Para entrar no grupo, basta clicar aqui.<\/a><\/p>\n<p>Fa\u00e7a uma den\u00fancia ou sugira uma reportagem sobre Ribeir\u00e3o Preto e regi\u00e3o pelo WhatsApp: 16 99117 7802.<\/p>\n<p>VEJA TAMB\u00c9M<\/p>\n<p>Participantes do BBB 24 recebem objetos pessoais; veja o que cada um ganhou<\/p>\n<p><!-- AI CONTENT END 1 -->\n<\/div>\n<p><script async src=\"\/\/www.instagram.com\/embed.js\"><\/script><br \/>\n<br \/><br \/>\n<br \/><a href=\"https:\/\/www.acidadeon.com\/ribeiraopreto\/cotidiano\/rp-mobi-multou-119-motoristas-em-estacionamentos-de-shoppings-em-ribeirao-entenda\/\">Source link <\/a><\/p>\n<!-- CONTENT END 1 -->\n","protected":false},"excerpt":{"rendered":"<p>A RP Mobi (empresa que gerencia o tr\u00e2nsito e o transporte urbano de Ribeir\u00e3o Preto) multou 119 motoristas no ano de 2023, devido ao uso&#8230;<\/p>\n","protected":false},"author":1,"featured_media":33798,"comment_status":"open","ping_status":"open","sticky":false,"template":"","format":"standard","meta":{"advanced_seo_description":"","jetpack_seo_html_title":"","jetpack_seo_noindex":false,"jetpack_post_was_ever_published":false,"_jetpack_newsletter_access":"","_jetpack_dont_email_post_to_subs":false,"_jetpack_newsletter_tier_id":0,"_jetpack_memberships_contains_paywalled_content":false,"_jetpack_memberships_contains_paid_content":false,"footnotes":"","jetpack_publicize_message":"","jetpack_publicize_feature_enabled":true,"jetpack_social_post_already_shared":true,"jetpack_social_options":{"image_generator_settings":{"template":"highway","default_image_id":0,"font":"","enabled":false},"version":2}},"categories":[11],"tags":[],"class_list":["post-33797","post","type-post","status-publish","format-standard","has-post-thumbnail","hentry","category-noticias-de-ribeirao-preto-sp-e-regiao-ismael-colosi"],"jetpack_publicize_connections":[],"jetpack_featured_media_url":"https:\/\/i0.wp.com\/noticiasribeiraopreto.com.br\/wp-content\/uploads\/2024\/01\/resumo-borrao-de-estacionamento-scaled.jpg?fit=2560%2C1707&ssl=1","jetpack-related-posts":[{"id":67536,"url":"https:\/\/noticiasribeiraopreto.com.br\/index.php\/2025\/04\/15\/rp-mobi-estuda-transformar-pontos-de-taxi-em-vagas-de-estacionamento-rotativo\/","url_meta":{"origin":33797,"position":0},"title":"RP Mobi estuda transformar pontos de t\u00e1xi em vagas de estacionamento rotativo","author":"noticiasribeiraopreto.com.br","date":"15 de April de 2025","format":false,"excerpt":"A RP Mobi, empresa que gerencia o tr\u00e2nsito de Ribeir\u00e3o Preto, realiza um estudo que pretende transformar pontos de t\u00e1xi em vagas de estacionamento rotativo em diversas regi\u00f5es da cidade. Atualmente, 38 pontos de t\u00e1xi est\u00e3o ativos no munic\u00edpio. Al\u00e9m disso, existem 13 extens\u00f5es espalhadas por diferentes \u00e1reas de Ribeir\u00e3o\u2026","rel":"","context":"In &quot;Not\u00edcias de Ribeir\u00e3o Preto-SP e Regi\u00e3o&quot;","block_context":{"text":"Not\u00edcias de Ribeir\u00e3o Preto-SP e Regi\u00e3o","link":"https:\/\/noticiasribeiraopreto.com.br\/index.php\/category\/noticias-de-ribeirao-preto-sp-e-regiao-ismael-colosi\/"},"img":{"alt_text":"","src":"https:\/\/i0.wp.com\/noticiasribeiraopreto.com.br\/wp-content\/uploads\/2025\/04\/Copia-de-Copia-de-Copia-de-TAMANHO-EXATO-PARA-FOTOS-NO-SISTEMA-NOVO-2025-04-15T142100.173_2025-04-15_17-21-09_png_2025-04-15_17-21-09.webp.webp?fit=1200%2C675&ssl=1&resize=350%2C200","width":350,"height":200,"srcset":"https:\/\/i0.wp.com\/noticiasribeiraopreto.com.br\/wp-content\/uploads\/2025\/04\/Copia-de-Copia-de-Copia-de-TAMANHO-EXATO-PARA-FOTOS-NO-SISTEMA-NOVO-2025-04-15T142100.173_2025-04-15_17-21-09_png_2025-04-15_17-21-09.webp.webp?fit=1200%2C675&ssl=1&resize=350%2C200 1x, https:\/\/i0.wp.com\/noticiasribeiraopreto.com.br\/wp-content\/uploads\/2025\/04\/Copia-de-Copia-de-Copia-de-TAMANHO-EXATO-PARA-FOTOS-NO-SISTEMA-NOVO-2025-04-15T142100.173_2025-04-15_17-21-09_png_2025-04-15_17-21-09.webp.webp?fit=1200%2C675&ssl=1&resize=525%2C300 1.5x, https:\/\/i0.wp.com\/noticiasribeiraopreto.com.br\/wp-content\/uploads\/2025\/04\/Copia-de-Copia-de-Copia-de-TAMANHO-EXATO-PARA-FOTOS-NO-SISTEMA-NOVO-2025-04-15T142100.173_2025-04-15_17-21-09_png_2025-04-15_17-21-09.webp.webp?fit=1200%2C675&ssl=1&resize=700%2C400 2x, https:\/\/i0.wp.com\/noticiasribeiraopreto.com.br\/wp-content\/uploads\/2025\/04\/Copia-de-Copia-de-Copia-de-TAMANHO-EXATO-PARA-FOTOS-NO-SISTEMA-NOVO-2025-04-15T142100.173_2025-04-15_17-21-09_png_2025-04-15_17-21-09.webp.webp?fit=1200%2C675&ssl=1&resize=1050%2C600 3x"},"classes":[]},{"id":59896,"url":"https:\/\/noticiasribeiraopreto.com.br\/index.php\/2024\/11\/01\/rp-mobi-inicia-fiscalizacao-nos-novos-corredores-de-onibus-em-ribeirao-preto\/","url_meta":{"origin":33797,"position":1},"title":"RP Mobi Inicia Fiscaliza\u00e7\u00e3o nos Novos Corredores de \u00d4nibus em Ribeir\u00e3o Preto","author":"noticiasribeiraopreto.com.br","date":"1 de November de 2024","format":false,"excerpt":"O programa RP Mobi, respons\u00e1vel por implementar melhorias na mobilidade urbana de Ribeir\u00e3o Preto, iniciou uma nova etapa de fiscaliza\u00e7\u00e3o nos rec\u00e9m-inaugurados corredores de \u00f4nibus. O objetivo \u00e9 assegurar que as vias exclusivas para o transporte coletivo sejam respeitadas, promovendo maior agilidade e seguran\u00e7a para os usu\u00e1rios e condutores de\u2026","rel":"","context":"In &quot;Not\u00edcias de Ribeir\u00e3o Preto-SP e Regi\u00e3o&quot;","block_context":{"text":"Not\u00edcias de Ribeir\u00e3o Preto-SP e Regi\u00e3o","link":"https:\/\/noticiasribeiraopreto.com.br\/index.php\/category\/noticias-de-ribeirao-preto-sp-e-regiao-ismael-colosi\/"},"img":{"alt_text":"","src":"https:\/\/i0.wp.com\/noticiasribeiraopreto.com.br\/wp-content\/uploads\/2024\/11\/3_fiscalizacao_corredores_central_-_foto_fernando_gonzaga_6.jpeg?fit=1200%2C800&ssl=1&resize=350%2C200","width":350,"height":200,"srcset":"https:\/\/i0.wp.com\/noticiasribeiraopreto.com.br\/wp-content\/uploads\/2024\/11\/3_fiscalizacao_corredores_central_-_foto_fernando_gonzaga_6.jpeg?fit=1200%2C800&ssl=1&resize=350%2C200 1x, https:\/\/i0.wp.com\/noticiasribeiraopreto.com.br\/wp-content\/uploads\/2024\/11\/3_fiscalizacao_corredores_central_-_foto_fernando_gonzaga_6.jpeg?fit=1200%2C800&ssl=1&resize=525%2C300 1.5x, https:\/\/i0.wp.com\/noticiasribeiraopreto.com.br\/wp-content\/uploads\/2024\/11\/3_fiscalizacao_corredores_central_-_foto_fernando_gonzaga_6.jpeg?fit=1200%2C800&ssl=1&resize=700%2C400 2x, https:\/\/i0.wp.com\/noticiasribeiraopreto.com.br\/wp-content\/uploads\/2024\/11\/3_fiscalizacao_corredores_central_-_foto_fernando_gonzaga_6.jpeg?fit=1200%2C800&ssl=1&resize=1050%2C600 3x"},"classes":[]},{"id":62706,"url":"https:\/\/noticiasribeiraopreto.com.br\/index.php\/2025\/01\/22\/rp-mobi-comeca-fiscalizacao-das-vagas-da-area-azul-na-avenida-dom-pedro-i\/","url_meta":{"origin":33797,"position":2},"title":"RP Mobi come\u00e7a fiscaliza\u00e7\u00e3o das vagas da \u00c1rea Azul na avenida Dom Pedro I","author":"noticiasribeiraopreto.com.br","date":"22 de January de 2025","format":false,"excerpt":"A RP Mobi come\u00e7ou nesta quarta-feira (22) a fiscaliza\u00e7\u00e3o das vagas de estacionamento da \u00c1rea Azul na avenida Dom Pedro I, em Ribeir\u00e3o Preto. O estacionamento rotativo foi liberado no trecho entre as ruas Par\u00e1 e Japur\u00e1. O retorno do estacionamento rotativo foi liberado pelo decreto 1\/2025, assinado pelo prefeito\u2026","rel":"","context":"In &quot;Not\u00edcias de Ribeir\u00e3o Preto-SP e Regi\u00e3o&quot;","block_context":{"text":"Not\u00edcias de Ribeir\u00e3o Preto-SP e Regi\u00e3o","link":"https:\/\/noticiasribeiraopreto.com.br\/index.php\/category\/noticias-de-ribeirao-preto-sp-e-regiao-ismael-colosi\/"},"img":{"alt_text":"","src":"https:\/\/i0.wp.com\/noticiasribeiraopreto.com.br\/wp-content\/uploads\/2025\/01\/estacionamento-dom-pedro_2025-01-22_14-03-16_jpg_2025-01-22_14-03-16.webp.webp?fit=1200%2C702&ssl=1&resize=350%2C200","width":350,"height":200,"srcset":"https:\/\/i0.wp.com\/noticiasribeiraopreto.com.br\/wp-content\/uploads\/2025\/01\/estacionamento-dom-pedro_2025-01-22_14-03-16_jpg_2025-01-22_14-03-16.webp.webp?fit=1200%2C702&ssl=1&resize=350%2C200 1x, https:\/\/i0.wp.com\/noticiasribeiraopreto.com.br\/wp-content\/uploads\/2025\/01\/estacionamento-dom-pedro_2025-01-22_14-03-16_jpg_2025-01-22_14-03-16.webp.webp?fit=1200%2C702&ssl=1&resize=525%2C300 1.5x, https:\/\/i0.wp.com\/noticiasribeiraopreto.com.br\/wp-content\/uploads\/2025\/01\/estacionamento-dom-pedro_2025-01-22_14-03-16_jpg_2025-01-22_14-03-16.webp.webp?fit=1200%2C702&ssl=1&resize=700%2C400 2x, https:\/\/i0.wp.com\/noticiasribeiraopreto.com.br\/wp-content\/uploads\/2025\/01\/estacionamento-dom-pedro_2025-01-22_14-03-16_jpg_2025-01-22_14-03-16.webp.webp?fit=1200%2C702&ssl=1&resize=1050%2C600 3x"},"classes":[]},{"id":78648,"url":"https:\/\/noticiasribeiraopreto.com.br\/index.php\/2025\/10\/15\/moradora-denuncia-multa-irregular-em-vaga-pcd-e-aponta-casos-semelhantes-em-ribeirao\/","url_meta":{"origin":33797,"position":3},"title":"Moradora denuncia multa irregular em vaga PCD e aponta casos semelhantes em Ribeir\u00e3o","author":"noticiasribeiraopreto.com.br","date":"15 de October de 2025","format":false,"excerpt":"Uma moradora de Ribeir\u00e3o Preto denuncia ter recebido uma multa aplicada de forma irregular, ap\u00f3s estacionar em uma vaga destinada a pessoas com defici\u00eancia (PCD) e utilizar o cart\u00e3o de identifica\u00e7\u00e3o devidamente exposto no para-brisa. O incidente ocorreu no dia 13 de setembro de 2025, na avenida Saudade, n\u00ba 1210,\u2026","rel":"","context":"In &quot;Not\u00edcias de Ribeir\u00e3o Preto-SP e Regi\u00e3o&quot;","block_context":{"text":"Not\u00edcias de Ribeir\u00e3o Preto-SP e Regi\u00e3o","link":"https:\/\/noticiasribeiraopreto.com.br\/index.php\/category\/noticias-de-ribeirao-preto-sp-e-regiao-ismael-colosi\/"},"img":{"alt_text":"","src":"https:\/\/i0.wp.com\/noticiasribeiraopreto.com.br\/wp-content\/uploads\/2025\/10\/Copia-de-Copia-de-Copia-de-TAMANHO-EXATO-PARA-FOTOS-NO-SISTEMA-NOVO-2025-10-15T121131.855_2025-10-15_15-11-38.webp.webp?fit=1200%2C675&ssl=1&resize=350%2C200","width":350,"height":200,"srcset":"https:\/\/i0.wp.com\/noticiasribeiraopreto.com.br\/wp-content\/uploads\/2025\/10\/Copia-de-Copia-de-Copia-de-TAMANHO-EXATO-PARA-FOTOS-NO-SISTEMA-NOVO-2025-10-15T121131.855_2025-10-15_15-11-38.webp.webp?fit=1200%2C675&ssl=1&resize=350%2C200 1x, https:\/\/i0.wp.com\/noticiasribeiraopreto.com.br\/wp-content\/uploads\/2025\/10\/Copia-de-Copia-de-Copia-de-TAMANHO-EXATO-PARA-FOTOS-NO-SISTEMA-NOVO-2025-10-15T121131.855_2025-10-15_15-11-38.webp.webp?fit=1200%2C675&ssl=1&resize=525%2C300 1.5x, https:\/\/i0.wp.com\/noticiasribeiraopreto.com.br\/wp-content\/uploads\/2025\/10\/Copia-de-Copia-de-Copia-de-TAMANHO-EXATO-PARA-FOTOS-NO-SISTEMA-NOVO-2025-10-15T121131.855_2025-10-15_15-11-38.webp.webp?fit=1200%2C675&ssl=1&resize=700%2C400 2x, https:\/\/i0.wp.com\/noticiasribeiraopreto.com.br\/wp-content\/uploads\/2025\/10\/Copia-de-Copia-de-Copia-de-TAMANHO-EXATO-PARA-FOTOS-NO-SISTEMA-NOVO-2025-10-15T121131.855_2025-10-15_15-11-38.webp.webp?fit=1200%2C675&ssl=1&resize=1050%2C600 3x"},"classes":[]},{"id":75121,"url":"https:\/\/noticiasribeiraopreto.com.br\/index.php\/2025\/08\/04\/rp-mobi-comeca-fiscalizacao-das-novas-vagas-de-area-azul-no-centro-veja-onde\/","url_meta":{"origin":33797,"position":4},"title":"RP Mobi come\u00e7a fiscaliza\u00e7\u00e3o das novas vagas de \u00c1rea Azul no Centro; Veja onde","author":"noticiasribeiraopreto.com.br","date":"4 de August de 2025","format":false,"excerpt":"A RP Mobi, empresa respons\u00e1vel pelo gerenciamento do tr\u00e2nsito em\u00a0Ribeir\u00e3o Preto, deve come\u00e7ar a fiscalizar as novas vagas da\u00a0\u00c1rea Azul\u00a0no Centro a partir desta segunda-feira (4). S\u00e3o 85 vagas de estacionamento rotativo na\u00a0rua Floriano Peixoto, entre a\u00a0avenida Francisco Junqueira\u00a0at\u00e9 a\u00a0avenida Nove de Julho, al\u00e9m de quatro vagas para idosos e\u2026","rel":"","context":"In &quot;Not\u00edcias de Ribeir\u00e3o Preto-SP e Regi\u00e3o&quot;","block_context":{"text":"Not\u00edcias de Ribeir\u00e3o Preto-SP e Regi\u00e3o","link":"https:\/\/noticiasribeiraopreto.com.br\/index.php\/category\/noticias-de-ribeirao-preto-sp-e-regiao-ismael-colosi\/"},"img":{"alt_text":"","src":"https:\/\/i0.wp.com\/noticiasribeiraopreto.com.br\/wp-content\/uploads\/2025\/08\/Copia-de-Copia-de-Copia-de-TAMANHO-EXATO-PARA-FOTOS-NO-SISTEMA-NOVO-98_2024-11-14_23-08-46_png_2024-11-14_23-08-46.webp.webp?fit=1200%2C675&ssl=1&resize=350%2C200","width":350,"height":200,"srcset":"https:\/\/i0.wp.com\/noticiasribeiraopreto.com.br\/wp-content\/uploads\/2025\/08\/Copia-de-Copia-de-Copia-de-TAMANHO-EXATO-PARA-FOTOS-NO-SISTEMA-NOVO-98_2024-11-14_23-08-46_png_2024-11-14_23-08-46.webp.webp?fit=1200%2C675&ssl=1&resize=350%2C200 1x, https:\/\/i0.wp.com\/noticiasribeiraopreto.com.br\/wp-content\/uploads\/2025\/08\/Copia-de-Copia-de-Copia-de-TAMANHO-EXATO-PARA-FOTOS-NO-SISTEMA-NOVO-98_2024-11-14_23-08-46_png_2024-11-14_23-08-46.webp.webp?fit=1200%2C675&ssl=1&resize=525%2C300 1.5x, https:\/\/i0.wp.com\/noticiasribeiraopreto.com.br\/wp-content\/uploads\/2025\/08\/Copia-de-Copia-de-Copia-de-TAMANHO-EXATO-PARA-FOTOS-NO-SISTEMA-NOVO-98_2024-11-14_23-08-46_png_2024-11-14_23-08-46.webp.webp?fit=1200%2C675&ssl=1&resize=700%2C400 2x, https:\/\/i0.wp.com\/noticiasribeiraopreto.com.br\/wp-content\/uploads\/2025\/08\/Copia-de-Copia-de-Copia-de-TAMANHO-EXATO-PARA-FOTOS-NO-SISTEMA-NOVO-98_2024-11-14_23-08-46_png_2024-11-14_23-08-46.webp.webp?fit=1200%2C675&ssl=1&resize=1050%2C600 3x"},"classes":[]},{"id":73545,"url":"https:\/\/noticiasribeiraopreto.com.br\/index.php\/2025\/07\/04\/multa-por-camera-em-ribeirao-preto-entenda-se-mensagem-no-celular-e-falsa-ou-verdadeira\/","url_meta":{"origin":33797,"position":5},"title":"Multa por c\u00e2mera em Ribeir\u00e3o Preto? Entenda se mensagem no celular \u00e9 falsa ou verdadeira","author":"noticiasribeiraopreto.com.br","date":"4 de July de 2025","format":false,"excerpt":"Uma mensagem que circula pelos celulares fala sobre supostos pontos de monitoramento por c\u00e2meras nas principais avenidas de Ribeir\u00e3o Preto e multas para motoristas no tr\u00e2nsito. Segundo a mensagem, h\u00e1 infra\u00e7\u00f5es como avan\u00e7ar o sem\u00e1foro, usar o celular e at\u00e9 transitar com os bra\u00e7os para fora do ve\u00edculo, sendo que\u2026","rel":"","context":"In &quot;Not\u00edcias de Ribeir\u00e3o Preto-SP e Regi\u00e3o&quot;","block_context":{"text":"Not\u00edcias de Ribeir\u00e3o Preto-SP e Regi\u00e3o","link":"https:\/\/noticiasribeiraopreto.com.br\/index.php\/category\/noticias-de-ribeirao-preto-sp-e-regiao-ismael-colosi\/"},"img":{"alt_text":"","src":"https:\/\/i0.wp.com\/noticiasribeiraopreto.com.br\/wp-content\/uploads\/2025\/07\/avenida-saudade_2025-01-01_16-37-23_jpg_2025-01-01_16-37-23.webp.webp?fit=1200%2C900&ssl=1&resize=350%2C200","width":350,"height":200,"srcset":"https:\/\/i0.wp.com\/noticiasribeiraopreto.com.br\/wp-content\/uploads\/2025\/07\/avenida-saudade_2025-01-01_16-37-23_jpg_2025-01-01_16-37-23.webp.webp?fit=1200%2C900&ssl=1&resize=350%2C200 1x, https:\/\/i0.wp.com\/noticiasribeiraopreto.com.br\/wp-content\/uploads\/2025\/07\/avenida-saudade_2025-01-01_16-37-23_jpg_2025-01-01_16-37-23.webp.webp?fit=1200%2C900&ssl=1&resize=525%2C300 1.5x, https:\/\/i0.wp.com\/noticiasribeiraopreto.com.br\/wp-content\/uploads\/2025\/07\/avenida-saudade_2025-01-01_16-37-23_jpg_2025-01-01_16-37-23.webp.webp?fit=1200%2C900&ssl=1&resize=700%2C400 2x, https:\/\/i0.wp.com\/noticiasribeiraopreto.com.br\/wp-content\/uploads\/2025\/07\/avenida-saudade_2025-01-01_16-37-23_jpg_2025-01-01_16-37-23.webp.webp?fit=1200%2C900&ssl=1&resize=1050%2C600 3x"},"classes":[]}],"jetpack_sharing_enabled":true,"jetpack_shortlink":"https:\/\/wp.me\/peQAOb-8N7","_links":{"self":[{"href":"https:\/\/noticiasribeiraopreto.com.br\/index.php\/wp-json\/wp\/v2\/posts\/33797","targetHints":{"allow":["GET"]}}],"collection":[{"href":"https:\/\/noticiasribeiraopreto.com.br\/index.php\/wp-json\/wp\/v2\/posts"}],"about":[{"href":"https:\/\/noticiasribeiraopreto.com.br\/index.php\/wp-json\/wp\/v2\/types\/post"}],"author":[{"embeddable":true,"href":"https:\/\/noticiasribeiraopreto.com.br\/index.php\/wp-json\/wp\/v2\/users\/1"}],"replies":[{"embeddable":true,"href":"https:\/\/noticiasribeiraopreto.com.br\/index.php\/wp-json\/wp\/v2\/comments?post=33797"}],"version-history":[{"count":0,"href":"https:\/\/noticiasribeiraopreto.com.br\/index.php\/wp-json\/wp\/v2\/posts\/33797\/revisions"}],"wp:featuredmedia":[{"embeddable":true,"href":"https:\/\/noticiasribeiraopreto.com.br\/index.php\/wp-json\/wp\/v2\/media\/33798"}],"wp:attachment":[{"href":"https:\/\/noticiasribeiraopreto.com.br\/index.php\/wp-json\/wp\/v2\/media?parent=33797"}],"wp:term":[{"taxonomy":"category","embeddable":true,"href":"https:\/\/noticiasribeiraopreto.com.br\/index.php\/wp-json\/wp\/v2\/categories?post=33797"},{"taxonomy":"post_tag","embeddable":true,"href":"https:\/\/noticiasribeiraopreto.com.br\/index.php\/wp-json\/wp\/v2\/tags?post=33797"}],"curies":[{"name":"wp","href":"https:\/\/api.w.org\/{rel}","templated":true}]}}