{"id":33807,"date":"2024-01-30T21:00:01","date_gmt":"2024-01-31T00:00:01","guid":{"rendered":"https:\/\/noticiasribeiraopreto.com.br\/index.php\/2024\/01\/30\/utm_sourcerssutm_mediumrssutm_campaigntraficante-de-alta-periculosidde-e-preso-com-290-tijolos-de-maconha-no-jd-presidente-dutra\/"},"modified":"2024-01-30T21:00:01","modified_gmt":"2024-01-31T00:00:01","slug":"utm_sourcerssutm_mediumrssutm_campaigntraficante-de-alta-periculosidde-e-preso-com-290-tijolos-de-maconha-no-jd-presidente-dutra","status":"publish","type":"post","link":"https:\/\/noticiasribeiraopreto.com.br\/index.php\/2024\/01\/30\/utm_sourcerssutm_mediumrssutm_campaigntraficante-de-alta-periculosidde-e-preso-com-290-tijolos-de-maconha-no-jd-presidente-dutra\/","title":{"rendered":"Traficante de alta periculosidde \u00e9 preso com 290 tijolos de maconha no Jd. Presidente Dutra \u2013 X Tudo Ribeir\u00e3o"},"content":{"rendered":"<div class='code-block code-block-1' style='margin: 8px 0 8px auto; text-align: right; display: block; clear: both;'>\n<p><a href=\"https:\/\/wa.link\/vpicfd\"><img data-recalc-dims=\"1\" class=\"wp-image-4922\" style=\"aspect-ratio: 2.0253164556962027; width: 561px; height: auto;\" src=\"https:\/\/i0.wp.com\/ismaelcolosi.com.br\/wp-content\/uploads\/2023\/11\/grupo-de-empregos-whatsapp-e-facebook-ismael-colosi-vagas.jpg?ssl=1\" alt=\"\" \/><\/a><\/p>\n<!-- \/wp:image -->\n<\/div>\n<p> <br \/>\n<\/p>\n<div>\n<p>Um traficante foi preso durante uma atua\u00e7\u00e3o dos Policiais Civis da 2\u00aa DISE \/ DEIC do Deinter 3 na tarde desta ter\u00e7a-feira (30\/1), no Jardim Presidente Dutra, na zona Norte de Ribeir\u00e3o Preto.\u00a0<\/p>\n<p>Segundo informa\u00e7\u00f5es da Pol\u00edcia Civil, os Policiais da DISE j\u00e1 vinha investigando o acusado, pois as investiga\u00e7\u00f5es apontavam que ele seria respons\u00e1vel por guardar grande quantidade de entorpecente.\u00a0<\/p>\n<p>Em um im\u00f3vel situado na rua Rio Negro, os Policiais encontraram cerca de 290 tijolos de maconha, que parte estavam enterradas e a outra parte escondida em um quartinho. De acordo com o Dr. Eduardo Martinez Delegado titular da DISE, o traficante preso j\u00e1 cumpriu pena pelo crime de homic\u00eddio.<\/p>\n<p>O traficante foi preso em flagrante, e encaminhado para sede da DISE, na rua Duque de Caxias, no Centro da cidade.<\/p>\n<\/p><\/div>\n<p><br \/>\n<br \/><a href=\"https:\/\/xtudoribeirao.com.br\/2024\/01\/30\/traficante-de-alta-periculosidde-e-preso-com-290-tijolos-de-maconha-no-jd-presidente-dutra\/?utm_source=rss&#038;utm_medium=rss&#038;utm_campaign=traficante-de-alta-periculosidde-e-preso-com-290-tijolos-de-maconha-no-jd-presidente-dutra\">Source link <\/a><\/p>\n<!-- CONTENT END 1 -->\n","protected":false},"excerpt":{"rendered":"<p>Um traficante foi preso durante uma atua\u00e7\u00e3o dos Policiais Civis da 2\u00aa DISE \/ DEIC do Deinter 3 na tarde desta ter\u00e7a-feira (30\/1), no Jardim&#8230;<\/p>\n","protected":false},"author":1,"featured_media":33808,"comment_status":"open","ping_status":"open","sticky":false,"template":"","format":"standard","meta":{"advanced_seo_description":"","jetpack_seo_html_title":"","jetpack_seo_noindex":false,"jetpack_post_was_ever_published":false,"_jetpack_newsletter_access":"","_jetpack_dont_email_post_to_subs":false,"_jetpack_newsletter_tier_id":0,"_jetpack_memberships_contains_paywalled_content":false,"_jetpack_memberships_contains_paid_content":false,"footnotes":"","jetpack_publicize_message":"","jetpack_publicize_feature_enabled":true,"jetpack_social_post_already_shared":true,"jetpack_social_options":{"image_generator_settings":{"template":"highway","default_image_id":0,"font":"","enabled":false},"version":2}},"categories":[11],"tags":[898,3984,328,3982,487,36,26,3983,965,43],"class_list":["post-33807","post","type-post","status-publish","format-standard","has-post-thumbnail","hentry","category-noticias-de-ribeirao-preto-sp-e-regiao-ismael-colosi","tag-alta","tag-dutra","tag-maconha","tag-periculosidde","tag-presidente","tag-preso","tag-ribeirao","tag-tijolos","tag-traficante","tag-tudo"],"jetpack_publicize_connections":[],"jetpack_featured_media_url":"https:\/\/i0.wp.com\/noticiasribeiraopreto.com.br\/wp-content\/uploads\/2024\/01\/WhatsApp-Image-2024-01-30-at-20.07.59.jpeg?fit=1600%2C942&ssl=1","jetpack-related-posts":[{"id":32679,"url":"https:\/\/noticiasribeiraopreto.com.br\/index.php\/2024\/01\/26\/video-traficante-se-da-mal-durante-fuga-em-alta-velocidade\/","url_meta":{"origin":33807,"position":0},"title":"V\u00cdDEO &#8211; Traficante se d\u00e1 mal durante fuga em alta velocidade","author":"noticiasribeiraopreto.com.br","date":"26 de January de 2024","format":false,"excerpt":"Homem tentava fugir de policiais civis em avenida da zona Oeste, mas acabou sendo preso com oito tijolos de maconha 25 de janeiro de 2024 | 15:4425 de janeiro de 2024 | 15:45 2Por: Adalberto LuqueUm homem foi preso, na manh\u00e3 desta quinta-feira (25), ap\u00f3s uma persegui\u00e7\u00e3o em alta velocidade\u2026","rel":"","context":"In &quot;Not\u00edcias de Ribeir\u00e3o Preto-SP e Regi\u00e3o&quot;","block_context":{"text":"Not\u00edcias de Ribeir\u00e3o Preto-SP e Regi\u00e3o","link":"https:\/\/noticiasribeiraopreto.com.br\/index.php\/category\/noticias-de-ribeirao-preto-sp-e-regiao-ismael-colosi\/"},"img":{"alt_text":"","src":"https:\/\/i0.wp.com\/noticiasribeiraopreto.com.br\/wp-content\/uploads\/2024\/01\/00-25-jan-2024-fuga-alucinada-01-foto-divulgacao.jpg?fit=761%2C426&ssl=1&resize=350%2C200","width":350,"height":200,"srcset":"https:\/\/i0.wp.com\/noticiasribeiraopreto.com.br\/wp-content\/uploads\/2024\/01\/00-25-jan-2024-fuga-alucinada-01-foto-divulgacao.jpg?fit=761%2C426&ssl=1&resize=350%2C200 1x, https:\/\/i0.wp.com\/noticiasribeiraopreto.com.br\/wp-content\/uploads\/2024\/01\/00-25-jan-2024-fuga-alucinada-01-foto-divulgacao.jpg?fit=761%2C426&ssl=1&resize=525%2C300 1.5x, https:\/\/i0.wp.com\/noticiasribeiraopreto.com.br\/wp-content\/uploads\/2024\/01\/00-25-jan-2024-fuga-alucinada-01-foto-divulgacao.jpg?fit=761%2C426&ssl=1&resize=700%2C400 2x"},"classes":[]},{"id":34013,"url":"https:\/\/noticiasribeiraopreto.com.br\/index.php\/2024\/01\/31\/homem-e-preso-com-drogas-na-anhanguera\/","url_meta":{"origin":33807,"position":1},"title":"Homem \u00e9 preso com drogas na Anhanguera","author":"noticiasribeiraopreto.com.br","date":"31 de January de 2024","format":false,"excerpt":"Ele era investigado pela Pol\u00edcia Civil de Sert\u00e3ozinho e foi surpreendido com v\u00e1rios tijolos de maconha 31 de janeiro de 2024 | 16:33 0Por: Adalberto LuqueUm homem foi preso, na manh\u00e3 desta quarta-feira (31), com v\u00e1rios tijolos de maconha. Ele trafegava pela Rodovia Anhanguera, altura do km 309, sentido Capital,\u2026","rel":"","context":"In &quot;Not\u00edcias de Ribeir\u00e3o Preto-SP e Regi\u00e3o&quot;","block_context":{"text":"Not\u00edcias de Ribeir\u00e3o Preto-SP e Regi\u00e3o","link":"https:\/\/noticiasribeiraopreto.com.br\/index.php\/category\/noticias-de-ribeirao-preto-sp-e-regiao-ismael-colosi\/"},"img":{"alt_text":"","src":"https:\/\/i0.wp.com\/noticiasribeiraopreto.com.br\/wp-content\/uploads\/2024\/01\/00-31-jan-2024-traficante-sertaozinho-foto-redes-sociais.jpg?fit=586%2C352&ssl=1&resize=350%2C200","width":350,"height":200,"srcset":"https:\/\/i0.wp.com\/noticiasribeiraopreto.com.br\/wp-content\/uploads\/2024\/01\/00-31-jan-2024-traficante-sertaozinho-foto-redes-sociais.jpg?fit=586%2C352&ssl=1&resize=350%2C200 1x, https:\/\/i0.wp.com\/noticiasribeiraopreto.com.br\/wp-content\/uploads\/2024\/01\/00-31-jan-2024-traficante-sertaozinho-foto-redes-sociais.jpg?fit=586%2C352&ssl=1&resize=525%2C300 1.5x"},"classes":[]},{"id":10770,"url":"https:\/\/noticiasribeiraopreto.com.br\/index.php\/2023\/12\/05\/utm_sourcerssutm_mediumrssutm_campaigntraficantes-de-franca-sao-presos-em-ribeirao-preto-com-grande-quantidade-de-maconha-e-dinheiro\/","url_meta":{"origin":33807,"position":2},"title":"Traficantes de Franca s\u00e3o presos em Ribeir\u00e3o Preto com grande quantidade de maconha e dinheiro \u2013 X Tudo Ribeir\u00e3o","author":"noticiasribeiraopreto.com.br","date":"5 de December de 2023","format":false,"excerpt":"Policiais Militares do 1\u00ba Pelot\u00e3o de For\u00e7a T\u00e1tica\u00a0do 3\u00ba Batalh\u00e3o de Ca\u00e7adores \u2013 prenderam nesta segunda-feira (4\/12), dois traficantes da cidade de Franca, com grande quantidade de drogas e dinheiro no bairro Jos\u00e9 Sampaio, na zona Norte de Ribeir\u00e3o Preto.\u00a0 Segundo informa\u00e7\u00f5es da PM, durante o patrulhamento t\u00e1tico pela regi\u00e3o\u2026","rel":"","context":"In &quot;Not\u00edcias de Ribeir\u00e3o Preto-SP e Regi\u00e3o&quot;","block_context":{"text":"Not\u00edcias de Ribeir\u00e3o Preto-SP e Regi\u00e3o","link":"https:\/\/noticiasribeiraopreto.com.br\/index.php\/category\/noticias-de-ribeirao-preto-sp-e-regiao-ismael-colosi\/"},"img":{"alt_text":"","src":"https:\/\/i0.wp.com\/noticiasribeiraopreto.com.br\/wp-content\/uploads\/2023\/12\/WhatsApp-Image-2023-12-04-at-22.18.57.jpeg?fit=1200%2C900&ssl=1&resize=350%2C200","width":350,"height":200,"srcset":"https:\/\/i0.wp.com\/noticiasribeiraopreto.com.br\/wp-content\/uploads\/2023\/12\/WhatsApp-Image-2023-12-04-at-22.18.57.jpeg?fit=1200%2C900&ssl=1&resize=350%2C200 1x, https:\/\/i0.wp.com\/noticiasribeiraopreto.com.br\/wp-content\/uploads\/2023\/12\/WhatsApp-Image-2023-12-04-at-22.18.57.jpeg?fit=1200%2C900&ssl=1&resize=525%2C300 1.5x, https:\/\/i0.wp.com\/noticiasribeiraopreto.com.br\/wp-content\/uploads\/2023\/12\/WhatsApp-Image-2023-12-04-at-22.18.57.jpeg?fit=1200%2C900&ssl=1&resize=700%2C400 2x, https:\/\/i0.wp.com\/noticiasribeiraopreto.com.br\/wp-content\/uploads\/2023\/12\/WhatsApp-Image-2023-12-04-at-22.18.57.jpeg?fit=1200%2C900&ssl=1&resize=1050%2C600 3x"},"classes":[]},{"id":35435,"url":"https:\/\/noticiasribeiraopreto.com.br\/index.php\/2024\/02\/06\/utm_sourcerssutm_mediumrssutm_campaigndise-apreende-mini-traficante-com-drogas-em-sertaozinho\/","url_meta":{"origin":33807,"position":3},"title":"DISE apreende mini traficante com drogas em Sert\u00e3ozinho \u2013 X Tudo Ribeir\u00e3o","author":"noticiasribeiraopreto.com.br","date":"6 de February de 2024","format":false,"excerpt":"Um MINI TRAFICANTE de 15 anos, foi detido pela equipe da Delegacia de Investiga\u00e7\u00f5es Sobre Entorpecentes (DISE) na manh\u00e3 desta ter\u00e7a-feira (6\/2), no Jardim Alvorada, em Sert\u00e3ozinho. No local foram apreendidos grande quantidade de drogas.\u00a0 Segundo apurado com a Pol\u00edcia Civil, o menor que j\u00e1 foi apreendido em outras duas\u2026","rel":"","context":"In &quot;Not\u00edcias de Ribeir\u00e3o Preto-SP e Regi\u00e3o&quot;","block_context":{"text":"Not\u00edcias de Ribeir\u00e3o Preto-SP e Regi\u00e3o","link":"https:\/\/noticiasribeiraopreto.com.br\/index.php\/category\/noticias-de-ribeirao-preto-sp-e-regiao-ismael-colosi\/"},"img":{"alt_text":"","src":"","width":0,"height":0},"classes":[]},{"id":26870,"url":"https:\/\/noticiasribeiraopreto.com.br\/index.php\/2024\/01\/11\/deic-prende-traficantes-em-tocaia-que-contou-com-ajuda-de-trem\/","url_meta":{"origin":33807,"position":4},"title":"DEIC prende traficantes em tocaia que contou com ajuda de trem","author":"noticiasribeiraopreto.com.br","date":"11 de January de 2024","format":false,"excerpt":"A\u00e7\u00e3o contou com participa\u00e7\u00e3o do deputado federal Delegado Palumbo em regi\u00e3o onde tr\u00e1fico tem sido recorrente 10 de janeiro de 2024 | 15:53 2Por: Adalberto LuqueUma opera\u00e7\u00e3o realizada pela Delegacia de Investiga\u00e7\u00f5es Sobre Entorpecentes da Divis\u00e3o Especializada em Investiga\u00e7\u00f5es Criminais (DISE\/DEIC) prendeu, na manh\u00e3 desta quarta-feira, dois homens envolvidos com\u2026","rel":"","context":"In &quot;Not\u00edcias de Ribeir\u00e3o Preto-SP e Regi\u00e3o&quot;","block_context":{"text":"Not\u00edcias de Ribeir\u00e3o Preto-SP e Regi\u00e3o","link":"https:\/\/noticiasribeiraopreto.com.br\/index.php\/category\/noticias-de-ribeirao-preto-sp-e-regiao-ismael-colosi\/"},"img":{"alt_text":"","src":"https:\/\/i0.wp.com\/noticiasribeiraopreto.com.br\/wp-content\/uploads\/2024\/01\/00-10-jan-2024-apreensao-dise-01-foto-divulgacao.jpg?fit=746%2C426&ssl=1&resize=350%2C200","width":350,"height":200,"srcset":"https:\/\/i0.wp.com\/noticiasribeiraopreto.com.br\/wp-content\/uploads\/2024\/01\/00-10-jan-2024-apreensao-dise-01-foto-divulgacao.jpg?fit=746%2C426&ssl=1&resize=350%2C200 1x, https:\/\/i0.wp.com\/noticiasribeiraopreto.com.br\/wp-content\/uploads\/2024\/01\/00-10-jan-2024-apreensao-dise-01-foto-divulgacao.jpg?fit=746%2C426&ssl=1&resize=525%2C300 1.5x, https:\/\/i0.wp.com\/noticiasribeiraopreto.com.br\/wp-content\/uploads\/2024\/01\/00-10-jan-2024-apreensao-dise-01-foto-divulgacao.jpg?fit=746%2C426&ssl=1&resize=700%2C400 2x"},"classes":[]},{"id":33823,"url":"https:\/\/noticiasribeiraopreto.com.br\/index.php\/2024\/01\/30\/policia-encontra-230-kg-de-maconha-em-ferro-velho\/","url_meta":{"origin":33807,"position":5},"title":"Pol\u00edcia encontra 230 kg de maconha em ferro velho","author":"noticiasribeiraopreto.com.br","date":"30 de January de 2024","format":false,"excerpt":"Estabelecimento na zona norte seria utilizado como dep\u00f3sito de droga para traficantes e respons\u00e1vel por guardar o entorpecente foi preso 30 de janeiro de 2024 | 15:3130 de janeiro de 2024 | 17:26 3Por: Alfredo Risk e Adalberto LuqueA Delegacia de Investiga\u00e7\u00f5es Sobre Entorpecentes da Divis\u00e3o Especializada em Investiga\u00e7\u00f5es Criminais\u2026","rel":"","context":"In &quot;Not\u00edcias de Ribeir\u00e3o Preto-SP e Regi\u00e3o&quot;","block_context":{"text":"Not\u00edcias de Ribeir\u00e3o Preto-SP e Regi\u00e3o","link":"https:\/\/noticiasribeiraopreto.com.br\/index.php\/category\/noticias-de-ribeirao-preto-sp-e-regiao-ismael-colosi\/"},"img":{"alt_text":"","src":"https:\/\/i0.wp.com\/noticiasribeiraopreto.com.br\/wp-content\/uploads\/2024\/01\/1706662493_00-30-jan-2024-maconha-cem-quilos-01-foto-alfredo-risk-scaled.jpg?fit=924%2C645&ssl=1&resize=350%2C200","width":350,"height":200,"srcset":"https:\/\/i0.wp.com\/noticiasribeiraopreto.com.br\/wp-content\/uploads\/2024\/01\/1706662493_00-30-jan-2024-maconha-cem-quilos-01-foto-alfredo-risk-scaled.jpg?fit=924%2C645&ssl=1&resize=350%2C200 1x, https:\/\/i0.wp.com\/noticiasribeiraopreto.com.br\/wp-content\/uploads\/2024\/01\/1706662493_00-30-jan-2024-maconha-cem-quilos-01-foto-alfredo-risk-scaled.jpg?fit=924%2C645&ssl=1&resize=525%2C300 1.5x, https:\/\/i0.wp.com\/noticiasribeiraopreto.com.br\/wp-content\/uploads\/2024\/01\/1706662493_00-30-jan-2024-maconha-cem-quilos-01-foto-alfredo-risk-scaled.jpg?fit=924%2C645&ssl=1&resize=700%2C400 2x"},"classes":[]}],"jetpack_sharing_enabled":true,"jetpack_shortlink":"https:\/\/wp.me\/peQAOb-8Nh","_links":{"self":[{"href":"https:\/\/noticiasribeiraopreto.com.br\/index.php\/wp-json\/wp\/v2\/posts\/33807","targetHints":{"allow":["GET"]}}],"collection":[{"href":"https:\/\/noticiasribeiraopreto.com.br\/index.php\/wp-json\/wp\/v2\/posts"}],"about":[{"href":"https:\/\/noticiasribeiraopreto.com.br\/index.php\/wp-json\/wp\/v2\/types\/post"}],"author":[{"embeddable":true,"href":"https:\/\/noticiasribeiraopreto.com.br\/index.php\/wp-json\/wp\/v2\/users\/1"}],"replies":[{"embeddable":true,"href":"https:\/\/noticiasribeiraopreto.com.br\/index.php\/wp-json\/wp\/v2\/comments?post=33807"}],"version-history":[{"count":0,"href":"https:\/\/noticiasribeiraopreto.com.br\/index.php\/wp-json\/wp\/v2\/posts\/33807\/revisions"}],"wp:featuredmedia":[{"embeddable":true,"href":"https:\/\/noticiasribeiraopreto.com.br\/index.php\/wp-json\/wp\/v2\/media\/33808"}],"wp:attachment":[{"href":"https:\/\/noticiasribeiraopreto.com.br\/index.php\/wp-json\/wp\/v2\/media?parent=33807"}],"wp:term":[{"taxonomy":"category","embeddable":true,"href":"https:\/\/noticiasribeiraopreto.com.br\/index.php\/wp-json\/wp\/v2\/categories?post=33807"},{"taxonomy":"post_tag","embeddable":true,"href":"https:\/\/noticiasribeiraopreto.com.br\/index.php\/wp-json\/wp\/v2\/tags?post=33807"}],"curies":[{"name":"wp","href":"https:\/\/api.w.org\/{rel}","templated":true}]}}