{"id":33813,"date":"2024-01-30T21:31:56","date_gmt":"2024-01-31T00:31:56","guid":{"rendered":"https:\/\/noticiasribeiraopreto.com.br\/index.php\/2024\/01\/30\/saiba-quando-deve-ser-inaugurada-a-nova-ubs-no-centro-de-ribeirao-preto\/"},"modified":"2024-01-30T21:31:56","modified_gmt":"2024-01-31T00:31:56","slug":"saiba-quando-deve-ser-inaugurada-a-nova-ubs-no-centro-de-ribeirao-preto","status":"publish","type":"post","link":"https:\/\/noticiasribeiraopreto.com.br\/index.php\/2024\/01\/30\/saiba-quando-deve-ser-inaugurada-a-nova-ubs-no-centro-de-ribeirao-preto\/","title":{"rendered":"Saiba quando deve ser inaugurada a nova UBS no Centro de Ribeir\u00e3o Preto"},"content":{"rendered":"<div class='code-block code-block-1' style='margin: 8px 0 8px auto; text-align: right; display: block; clear: both;'>\n<p><a href=\"https:\/\/wa.link\/vpicfd\"><img data-recalc-dims=\"1\" class=\"wp-image-4922\" style=\"aspect-ratio: 2.0253164556962027; width: 561px; height: auto;\" src=\"https:\/\/i0.wp.com\/ismaelcolosi.com.br\/wp-content\/uploads\/2023\/11\/grupo-de-empregos-whatsapp-e-facebook-ismael-colosi-vagas.jpg?ssl=1\" alt=\"\" \/><\/a><\/p>\n<!-- \/wp:image -->\n<\/div>\n<p> <br \/>\n<\/p>\n<div>\n<p>A <strong>Prefeitura de Ribeir\u00e3o Preto <\/strong>informou, nesta ter\u00e7a-feira (30), que a <strong>nova Unidade de Sa\u00fade (UBS)<\/strong> no Centro da cidade, <mark style=\"background-color:#fcb900\" class=\"has-inline-color\"><strong>ser\u00e1 inaugurada ainda no primeiro semestre deste ano.<\/strong><\/mark><\/p>\n<p>A nova unidade est\u00e1 localizada na <strong>rua S\u00e3o Jos\u00e9<\/strong>, entre as ruas Quintino de Bocai\u00fava e Bernardino de Campos, ao lado dos Correios.<\/p>\n<p>O im\u00f3vel adquirido possui <strong>\u00e1rea total de 664,08 m\u00b2<\/strong> e custou <strong>R$ 1.304.446,00<\/strong>. No local funcionava uma cl\u00ednica de urologia.<\/p>\n<p>De acordo com a Administra\u00e7\u00e3o, o equipamento ir\u00e1 <strong>suprir o fluxo de pacientes<\/strong> que antes eram atendidos na antiga <strong>UBDS Central<\/strong>, transformada em Caps 24 horas.<\/p>\n<h4 class=\"wp-block-heading\"><strong>Como ser\u00e1 a nova UBS?<\/strong><\/h4>\n<p>Em nota, a <strong>Prefeitura <\/strong>informou que a <strong>nova UBS<\/strong> ter\u00e1 quatro consult\u00f3rios, duas salas de pr\u00e9-consulta, consult\u00f3rios de enfermagem, ginecologia e odontol\u00f3gico, salas de urg\u00eancia, vacinas, reuni\u00f5es e curativos, al\u00e9m de uma farm\u00e1cia.<\/p>\n<p>Atualmente o local est\u00e1 recebendo servi\u00e7os que contemplam o atendimento \u00e0s normas de acessibilidade, revis\u00e3o da rede el\u00e9trica e conforma\u00e7\u00e3o de ambientes para atender as necessidades de unidade de sa\u00fade. <strong>O prazo previsto para finaliza\u00e7\u00e3o das obras \u00e9 mar\u00e7o de 2024.<\/strong><\/p>\n<p>SAIBA MAIS<\/p>\n<p>RP Mobi multou 119 motoristas em estacionamentos de shoppings em Ribeir\u00e3o; Entenda<\/p>\n<h4 class=\"wp-block-heading\"><strong><mark style=\"background-color:#fcb900\" class=\"has-inline-color\">FIQUE ON<\/mark><\/strong><\/h4>\n<p>Fique ligado em tudo que acontece em Ribeir\u00e3o Preto e regi\u00e3o. Siga os perfis do\u00a0<strong>acidade on<\/strong>\u00a0no\u00a0<a href=\"https:\/\/www.instagram.com\/acidadeonribeirao\" target=\"_blank\" rel=\"noreferrer noopener\">Instagram<\/a>\u00a0e no\u00a0<a href=\"https:\/\/www.facebook.com\/acidadeonribeirao\" target=\"_blank\" rel=\"noreferrer noopener\">Facebook<\/a>.<\/p>\n<p>Receba not\u00edcias do\u00a0<strong>acidade on\u00a0<\/strong>no WhatsApp.<a href=\"https:\/\/chat.whatsapp.com\/Bnv2w66ZT4VDyZW3oiZ69n\" target=\"_blank\" rel=\"noreferrer noopener\">\u00a0Para entrar no grupo, basta clicar aqui.<\/a><\/p>\n<p>Fa\u00e7a uma den\u00fancia ou sugira uma reportagem sobre Ribeir\u00e3o Preto e regi\u00e3o pelo WhatsApp: 16 99117 7802.<\/p>\n<p>VEJA TAMB\u00c9M<\/p>\n<p>Jupar\u00e1 morre em \u201cRenascer\u201d?<\/p>\n<p><!-- AI CONTENT END 1 -->\n<\/div>\n<p><script async src=\"\/\/www.instagram.com\/embed.js\"><\/script><br \/>\n<br \/><br \/>\n<br \/><a href=\"https:\/\/www.acidadeon.com\/ribeiraopreto\/politica\/saiba-quando-deve-ser-inaugurada-a-nova-ubs-no-centro-de-ribeirao-preto\/\">Source link <\/a><\/p>\n<!-- CONTENT END 1 -->\n","protected":false},"excerpt":{"rendered":"<p>A Prefeitura de Ribeir\u00e3o Preto informou, nesta ter\u00e7a-feira (30), que a nova Unidade de Sa\u00fade (UBS) no Centro da cidade, ser\u00e1 inaugurada ainda no primeiro&#8230;<\/p>\n","protected":false},"author":1,"featured_media":33814,"comment_status":"open","ping_status":"open","sticky":false,"template":"","format":"standard","meta":{"advanced_seo_description":"","jetpack_seo_html_title":"","jetpack_seo_noindex":false,"jetpack_post_was_ever_published":false,"_jetpack_newsletter_access":"","_jetpack_dont_email_post_to_subs":false,"_jetpack_newsletter_tier_id":0,"_jetpack_memberships_contains_paywalled_content":false,"_jetpack_memberships_contains_paid_content":false,"footnotes":"","jetpack_publicize_message":"","jetpack_publicize_feature_enabled":true,"jetpack_social_post_already_shared":true,"jetpack_social_options":{"image_generator_settings":{"template":"highway","default_image_id":0,"font":"","enabled":false},"version":2}},"categories":[11],"tags":[],"class_list":["post-33813","post","type-post","status-publish","format-standard","has-post-thumbnail","hentry","category-noticias-de-ribeirao-preto-sp-e-regiao-ismael-colosi"],"jetpack_publicize_connections":[],"jetpack_featured_media_url":"https:\/\/i0.wp.com\/noticiasribeiraopreto.com.br\/wp-content\/uploads\/2024\/01\/ubs_centro_5.jpeg?fit=1440%2C1080&ssl=1","jetpack-related-posts":[{"id":46740,"url":"https:\/\/noticiasribeiraopreto.com.br\/index.php\/2024\/04\/14\/ubs-no-centro-de-ribeirao-preto-ganha-data-de-inauguracao-saiba-qual\/","url_meta":{"origin":33813,"position":0},"title":"UBS no Centro de Ribeir\u00e3o Preto ganha data de inaugura\u00e7\u00e3o; Saiba qual","author":"noticiasribeiraopreto.com.br","date":"14 de April de 2024","format":false,"excerpt":"A UBS (Unidade B\u00e1sica de Sa\u00fade) do Centro de Ribeir\u00e3o Preto, que est\u00e1 sendo constru\u00edda na rua S\u00e3o Jos\u00e9, j\u00e1 tem data de inaugura\u00e7\u00e3o. De acordo com a Secretaria Municipal da Sa\u00fade, a unidade ser\u00e1 inaugurada no dia 14 de maio. Em janeiro, a prefeitura informou que a UBS, que\u2026","rel":"","context":"In &quot;Not\u00edcias de Ribeir\u00e3o Preto-SP e Regi\u00e3o&quot;","block_context":{"text":"Not\u00edcias de Ribeir\u00e3o Preto-SP e Regi\u00e3o","link":"https:\/\/noticiasribeiraopreto.com.br\/index.php\/category\/noticias-de-ribeirao-preto-sp-e-regiao-ismael-colosi\/"},"img":{"alt_text":"","src":"https:\/\/i0.wp.com\/noticiasribeiraopreto.com.br\/wp-content\/uploads\/2024\/04\/ubs_centro_5.jpeg?fit=1200%2C900&ssl=1&resize=350%2C200","width":350,"height":200,"srcset":"https:\/\/i0.wp.com\/noticiasribeiraopreto.com.br\/wp-content\/uploads\/2024\/04\/ubs_centro_5.jpeg?fit=1200%2C900&ssl=1&resize=350%2C200 1x, https:\/\/i0.wp.com\/noticiasribeiraopreto.com.br\/wp-content\/uploads\/2024\/04\/ubs_centro_5.jpeg?fit=1200%2C900&ssl=1&resize=525%2C300 1.5x, https:\/\/i0.wp.com\/noticiasribeiraopreto.com.br\/wp-content\/uploads\/2024\/04\/ubs_centro_5.jpeg?fit=1200%2C900&ssl=1&resize=700%2C400 2x, https:\/\/i0.wp.com\/noticiasribeiraopreto.com.br\/wp-content\/uploads\/2024\/04\/ubs_centro_5.jpeg?fit=1200%2C900&ssl=1&resize=1050%2C600 3x"},"classes":[]},{"id":50080,"url":"https:\/\/noticiasribeiraopreto.com.br\/index.php\/2024\/05\/14\/unidade-de-saude-inaugurada-no-centro-de-ribeirao-atende-pacientes-de-antigo-ps-central\/","url_meta":{"origin":33813,"position":1},"title":"Unidade de sa\u00fade inaugurada no Centro de Ribeir\u00e3o atende pacientes de antigo PS Central","author":"noticiasribeiraopreto.com.br","date":"14 de May de 2024","format":false,"excerpt":"A UBS (Unidade B\u00e1sica de Sa\u00fade) Centro \u201cDoutor Ant\u00f4nio Marcos de Barbin\u201d foi inaugurada nesta ter\u00e7a-feira (14). A nova unidade fica na rua S\u00e3o Jos\u00e9, 1.254, ao lado dos Correios, na \u00e1rea Central da cidade. Com a nova UBS em funcionamento, o fluxo de pacientes anteriormente atendidos na UBDS (Unidade\u2026","rel":"","context":"In &quot;Not\u00edcias de Ribeir\u00e3o Preto-SP e Regi\u00e3o&quot;","block_context":{"text":"Not\u00edcias de Ribeir\u00e3o Preto-SP e Regi\u00e3o","link":"https:\/\/noticiasribeiraopreto.com.br\/index.php\/category\/noticias-de-ribeirao-preto-sp-e-regiao-ismael-colosi\/"},"img":{"alt_text":"","src":"https:\/\/i0.wp.com\/noticiasribeiraopreto.com.br\/wp-content\/uploads\/2024\/05\/Copia-de-Copia-de-TAMANHO-EXATO-PARA-FOTOS-NO-SISTEMA-NOVO-1_2024-05-14_19-00-30_jpg_2024-05-14_19-00-30.webp.webp?fit=1200%2C675&ssl=1&resize=350%2C200","width":350,"height":200,"srcset":"https:\/\/i0.wp.com\/noticiasribeiraopreto.com.br\/wp-content\/uploads\/2024\/05\/Copia-de-Copia-de-TAMANHO-EXATO-PARA-FOTOS-NO-SISTEMA-NOVO-1_2024-05-14_19-00-30_jpg_2024-05-14_19-00-30.webp.webp?fit=1200%2C675&ssl=1&resize=350%2C200 1x, https:\/\/i0.wp.com\/noticiasribeiraopreto.com.br\/wp-content\/uploads\/2024\/05\/Copia-de-Copia-de-TAMANHO-EXATO-PARA-FOTOS-NO-SISTEMA-NOVO-1_2024-05-14_19-00-30_jpg_2024-05-14_19-00-30.webp.webp?fit=1200%2C675&ssl=1&resize=525%2C300 1.5x, https:\/\/i0.wp.com\/noticiasribeiraopreto.com.br\/wp-content\/uploads\/2024\/05\/Copia-de-Copia-de-TAMANHO-EXATO-PARA-FOTOS-NO-SISTEMA-NOVO-1_2024-05-14_19-00-30_jpg_2024-05-14_19-00-30.webp.webp?fit=1200%2C675&ssl=1&resize=700%2C400 2x, https:\/\/i0.wp.com\/noticiasribeiraopreto.com.br\/wp-content\/uploads\/2024\/05\/Copia-de-Copia-de-TAMANHO-EXATO-PARA-FOTOS-NO-SISTEMA-NOVO-1_2024-05-14_19-00-30_jpg_2024-05-14_19-00-30.webp.webp?fit=1200%2C675&ssl=1&resize=1050%2C600 3x"},"classes":[]},{"id":34620,"url":"https:\/\/noticiasribeiraopreto.com.br\/index.php\/2024\/02\/02\/nova-ubs-deve-atender-em-marco\/","url_meta":{"origin":33813,"position":2},"title":"Nova UBS deve atender em mar\u00e7o\u00a0","author":"noticiasribeiraopreto.com.br","date":"2 de February de 2024","format":false,"excerpt":"2 de fevereiro de 2024 | 18:002 de fevereiro de 2024 | 8:45 0A prefeitura de Ribeir\u00e3o Preto ir\u00e1 inaugurar , ainda no primeiro semestre deste ano, a nova Unidade B\u00e1sica de Sa\u00fade do Centro, na rua S\u00e3o Jos\u00e9, entre os n\u00fameros 1.254 e 1.262. A UBS ir\u00e1 suprir o\u2026","rel":"","context":"In &quot;Not\u00edcias de Ribeir\u00e3o Preto-SP e Regi\u00e3o&quot;","block_context":{"text":"Not\u00edcias de Ribeir\u00e3o Preto-SP e Regi\u00e3o","link":"https:\/\/noticiasribeiraopreto.com.br\/index.php\/category\/noticias-de-ribeirao-preto-sp-e-regiao-ismael-colosi\/"},"img":{"alt_text":"","src":"https:\/\/i0.wp.com\/noticiasribeiraopreto.com.br\/wp-content\/uploads\/2024\/02\/NovaUBS-Divulgacao-01-scaled.jpeg?fit=860%2C645&ssl=1&resize=350%2C200","width":350,"height":200,"srcset":"https:\/\/i0.wp.com\/noticiasribeiraopreto.com.br\/wp-content\/uploads\/2024\/02\/NovaUBS-Divulgacao-01-scaled.jpeg?fit=860%2C645&ssl=1&resize=350%2C200 1x, https:\/\/i0.wp.com\/noticiasribeiraopreto.com.br\/wp-content\/uploads\/2024\/02\/NovaUBS-Divulgacao-01-scaled.jpeg?fit=860%2C645&ssl=1&resize=525%2C300 1.5x, https:\/\/i0.wp.com\/noticiasribeiraopreto.com.br\/wp-content\/uploads\/2024\/02\/NovaUBS-Divulgacao-01-scaled.jpeg?fit=860%2C645&ssl=1&resize=700%2C400 2x"},"classes":[]},{"id":69570,"url":"https:\/\/noticiasribeiraopreto.com.br\/index.php\/2025\/05\/07\/jornal-da-franca-ubs-esmeralda-peres-elias-avanca-para-fase-de-alvenaria-na-zona-oeste-de-franca\/","url_meta":{"origin":33813,"position":3},"title":"Jornal da Franca &#8211; UBS Esmeralda\/Peres Elias avan\u00e7a para fase de alvenaria na zona Oeste de Franca","author":"noticiasribeiraopreto.com.br","date":"7 de May de 2025","format":false,"excerpt":"compartilhar no whatsapp compartilhar no telegram compartilhar no facebook compartilhar no linkedin A estrutura contar\u00e1 com consult\u00f3rios m\u00e9dicos e odontol\u00f3gicos, sala de vacina\u00e7\u00e3o, farm\u00e1cia, recep\u00e7\u00e3o e espa\u00e7os com acessibilidade Nova UBS do Parque das Esmeraldas vai beneficiar moradores de diversos bairros da regi\u00e3o \u00a0 As obras da nova Unidade B\u00e1sica\u2026","rel":"","context":"In &quot;Not\u00edcias de Franca-SP&quot;","block_context":{"text":"Not\u00edcias de Franca-SP","link":"https:\/\/noticiasribeiraopreto.com.br\/index.php\/category\/noticias-de-ribeirao-preto-sp-e-regiao-ismael-colosi\/noticias-franca-sp\/"},"img":{"alt_text":"","src":"https:\/\/i0.wp.com\/noticiasribeiraopreto.com.br\/wp-content\/uploads\/2025\/05\/UBS-Parque-das-Esmeraldas.jpeg?fit=1200%2C794&ssl=1&resize=350%2C200","width":350,"height":200,"srcset":"https:\/\/i0.wp.com\/noticiasribeiraopreto.com.br\/wp-content\/uploads\/2025\/05\/UBS-Parque-das-Esmeraldas.jpeg?fit=1200%2C794&ssl=1&resize=350%2C200 1x, https:\/\/i0.wp.com\/noticiasribeiraopreto.com.br\/wp-content\/uploads\/2025\/05\/UBS-Parque-das-Esmeraldas.jpeg?fit=1200%2C794&ssl=1&resize=525%2C300 1.5x, https:\/\/i0.wp.com\/noticiasribeiraopreto.com.br\/wp-content\/uploads\/2025\/05\/UBS-Parque-das-Esmeraldas.jpeg?fit=1200%2C794&ssl=1&resize=700%2C400 2x, https:\/\/i0.wp.com\/noticiasribeiraopreto.com.br\/wp-content\/uploads\/2025\/05\/UBS-Parque-das-Esmeraldas.jpeg?fit=1200%2C794&ssl=1&resize=1050%2C600 3x"},"classes":[]},{"id":27814,"url":"https:\/\/noticiasribeiraopreto.com.br\/index.php\/2024\/01\/13\/ubs-do-marincek-fechara-para-obras\/","url_meta":{"origin":33813,"position":4},"title":"UBS do Marincek\u00a0fechar\u00e1 para obras\u00a0","author":"noticiasribeiraopreto.com.br","date":"13 de January de 2024","format":false,"excerpt":"13 de janeiro de 2024 | 12:0013 de janeiro de 2024 | 10:27 0A Unidade B\u00e1sica de Sa\u00fade (UBS) Albert Sabin, no bairro Ant\u00f4nio Marincek, Zona Norte da cidade ser\u00e1 fechada, a partir de 22 de janeiro para obras de amplia\u00e7\u00e3o do pr\u00e9dio e reforma geral da edifica\u00e7\u00e3o. A previs\u00e3o\u2026","rel":"","context":"In &quot;Not\u00edcias de Ribeir\u00e3o Preto-SP e Regi\u00e3o&quot;","block_context":{"text":"Not\u00edcias de Ribeir\u00e3o Preto-SP e Regi\u00e3o","link":"https:\/\/noticiasribeiraopreto.com.br\/index.php\/category\/noticias-de-ribeirao-preto-sp-e-regiao-ismael-colosi\/"},"img":{"alt_text":"","src":"https:\/\/i0.wp.com\/noticiasribeiraopreto.com.br\/wp-content\/uploads\/2024\/01\/SaudeUBS-Guilherme-Sircili-scaled.jpg?fit=967%2C645&ssl=1&resize=350%2C200","width":350,"height":200,"srcset":"https:\/\/i0.wp.com\/noticiasribeiraopreto.com.br\/wp-content\/uploads\/2024\/01\/SaudeUBS-Guilherme-Sircili-scaled.jpg?fit=967%2C645&ssl=1&resize=350%2C200 1x, https:\/\/i0.wp.com\/noticiasribeiraopreto.com.br\/wp-content\/uploads\/2024\/01\/SaudeUBS-Guilherme-Sircili-scaled.jpg?fit=967%2C645&ssl=1&resize=525%2C300 1.5x, https:\/\/i0.wp.com\/noticiasribeiraopreto.com.br\/wp-content\/uploads\/2024\/01\/SaudeUBS-Guilherme-Sircili-scaled.jpg?fit=967%2C645&ssl=1&resize=700%2C400 2x"},"classes":[]},{"id":48418,"url":"https:\/\/noticiasribeiraopreto.com.br\/index.php\/2024\/05\/02\/ribeirao-preto-libera-vacina-contra-gripe-para-toda-populacao\/","url_meta":{"origin":33813,"position":5},"title":"Ribeir\u00e3o Preto libera vacina contra gripe para toda popula\u00e7\u00e3o","author":"noticiasribeiraopreto.com.br","date":"2 de May de 2024","format":false,"excerpt":"A vacina contra gripe Influenza em Ribeir\u00e3o Preto est\u00e1 liberada para toda popula\u00e7\u00e3o com mais de seis meses de idade, a partir desta quinta-feira (3), nas 36 salas de vacinas das unidades de sa\u00fade (veja abaixo). O an\u00fancio da prefeitura foi feito um dia ap\u00f3s a imuniza\u00e7\u00e3o ser ampliada pelo\u2026","rel":"","context":"In &quot;Not\u00edcias de Ribeir\u00e3o Preto-SP e Regi\u00e3o&quot;","block_context":{"text":"Not\u00edcias de Ribeir\u00e3o Preto-SP e Regi\u00e3o","link":"https:\/\/noticiasribeiraopreto.com.br\/index.php\/category\/noticias-de-ribeirao-preto-sp-e-regiao-ismael-colosi\/"},"img":{"alt_text":"","src":"https:\/\/i0.wp.com\/noticiasribeiraopreto.com.br\/wp-content\/uploads\/2024\/05\/Copia-de-Copia-de-TAMANHO-EXATO-PARA-FOTOS-NO-SISTEMA-NOVO-29_2024-05-02_21-05-06_jpg_2024-05-02_21-05-06.webp.webp?fit=1200%2C675&ssl=1&resize=350%2C200","width":350,"height":200,"srcset":"https:\/\/i0.wp.com\/noticiasribeiraopreto.com.br\/wp-content\/uploads\/2024\/05\/Copia-de-Copia-de-TAMANHO-EXATO-PARA-FOTOS-NO-SISTEMA-NOVO-29_2024-05-02_21-05-06_jpg_2024-05-02_21-05-06.webp.webp?fit=1200%2C675&ssl=1&resize=350%2C200 1x, https:\/\/i0.wp.com\/noticiasribeiraopreto.com.br\/wp-content\/uploads\/2024\/05\/Copia-de-Copia-de-TAMANHO-EXATO-PARA-FOTOS-NO-SISTEMA-NOVO-29_2024-05-02_21-05-06_jpg_2024-05-02_21-05-06.webp.webp?fit=1200%2C675&ssl=1&resize=525%2C300 1.5x, https:\/\/i0.wp.com\/noticiasribeiraopreto.com.br\/wp-content\/uploads\/2024\/05\/Copia-de-Copia-de-TAMANHO-EXATO-PARA-FOTOS-NO-SISTEMA-NOVO-29_2024-05-02_21-05-06_jpg_2024-05-02_21-05-06.webp.webp?fit=1200%2C675&ssl=1&resize=700%2C400 2x, https:\/\/i0.wp.com\/noticiasribeiraopreto.com.br\/wp-content\/uploads\/2024\/05\/Copia-de-Copia-de-TAMANHO-EXATO-PARA-FOTOS-NO-SISTEMA-NOVO-29_2024-05-02_21-05-06_jpg_2024-05-02_21-05-06.webp.webp?fit=1200%2C675&ssl=1&resize=1050%2C600 3x"},"classes":[]}],"jetpack_sharing_enabled":true,"jetpack_shortlink":"https:\/\/wp.me\/peQAOb-8Nn","_links":{"self":[{"href":"https:\/\/noticiasribeiraopreto.com.br\/index.php\/wp-json\/wp\/v2\/posts\/33813","targetHints":{"allow":["GET"]}}],"collection":[{"href":"https:\/\/noticiasribeiraopreto.com.br\/index.php\/wp-json\/wp\/v2\/posts"}],"about":[{"href":"https:\/\/noticiasribeiraopreto.com.br\/index.php\/wp-json\/wp\/v2\/types\/post"}],"author":[{"embeddable":true,"href":"https:\/\/noticiasribeiraopreto.com.br\/index.php\/wp-json\/wp\/v2\/users\/1"}],"replies":[{"embeddable":true,"href":"https:\/\/noticiasribeiraopreto.com.br\/index.php\/wp-json\/wp\/v2\/comments?post=33813"}],"version-history":[{"count":0,"href":"https:\/\/noticiasribeiraopreto.com.br\/index.php\/wp-json\/wp\/v2\/posts\/33813\/revisions"}],"wp:featuredmedia":[{"embeddable":true,"href":"https:\/\/noticiasribeiraopreto.com.br\/index.php\/wp-json\/wp\/v2\/media\/33814"}],"wp:attachment":[{"href":"https:\/\/noticiasribeiraopreto.com.br\/index.php\/wp-json\/wp\/v2\/media?parent=33813"}],"wp:term":[{"taxonomy":"category","embeddable":true,"href":"https:\/\/noticiasribeiraopreto.com.br\/index.php\/wp-json\/wp\/v2\/categories?post=33813"},{"taxonomy":"post_tag","embeddable":true,"href":"https:\/\/noticiasribeiraopreto.com.br\/index.php\/wp-json\/wp\/v2\/tags?post=33813"}],"curies":[{"name":"wp","href":"https:\/\/api.w.org\/{rel}","templated":true}]}}