{"id":33900,"date":"2024-01-31T08:34:20","date_gmt":"2024-01-31T11:34:20","guid":{"rendered":"https:\/\/noticiasribeiraopreto.com.br\/index.php\/2024\/01\/31\/emprego-formal-recua-em-2023-em-rp\/"},"modified":"2024-01-31T08:34:20","modified_gmt":"2024-01-31T11:34:20","slug":"emprego-formal-recua-em-2023-em-rp","status":"publish","type":"post","link":"https:\/\/noticiasribeiraopreto.com.br\/index.php\/2024\/01\/31\/emprego-formal-recua-em-2023-em-rp\/","title":{"rendered":"Emprego formal\u00a0recua em 2023 em RP"},"content":{"rendered":"<div class='code-block code-block-1' style='margin: 8px 0 8px auto; text-align: right; display: block; clear: both;'>\n<p><a href=\"https:\/\/wa.link\/vpicfd\"><img data-recalc-dims=\"1\" class=\"wp-image-4922\" style=\"aspect-ratio: 2.0253164556962027; width: 561px; height: auto;\" src=\"https:\/\/i0.wp.com\/ismaelcolosi.com.br\/wp-content\/uploads\/2023\/11\/grupo-de-empregos-whatsapp-e-facebook-ismael-colosi-vagas.jpg?ssl=1\" alt=\"\" \/><\/a><\/p>\n<!-- \/wp:image -->\n<\/div>\n<p> <br \/>\n<\/p>\n<div>\n<p><span data-contrast=\"none\">O Minist\u00e9rio do <\/span><span data-contrast=\"auto\">Trabalho e Emprego <\/span><span data-contrast=\"none\">divulgou nesta ter\u00e7a-feira, 30 de janeiro, os n\u00fameros do Novo Cadastro Geral <\/span><span data-contrast=\"none\">de Empregados e Desempregados (Novo Caged) de dezembro. A economia de Ribeir\u00e3o Preto fechou o \u00faltimo m\u00eas de 2023 com d\u00e9ficit de 2.448 empregos com carteira assinada, fruto de 9.003 admiss\u00f5es e 11.451 demiss\u00f5es, pior resultado do ano.\u00a0<\/span><span data-ccp-props=\"{&quot;201341983&quot;:0,&quot;335559739&quot;:200,&quot;335559740&quot;:276}\">\u00a0<\/span><\/p>\n<p><span data-contrast=\"none\">Foi a terceira queda do ano. Despencou 437,19% na compara\u00e7\u00e3o com o saldo positivo de 726 vagas criadas em novembro, resultado de 11.187 contrata\u00e7\u00f5es e 10.461 rescis\u00f5es. S\u00e3o 3.174 postos de trabalho a menos. Em compara\u00e7\u00e3o com dezembro do ano passado, quando o rombo foi de 2.353 trabalhadores demitidos (8.049 admiss\u00f5es e 10.402 demiss\u00f5es), o recuo \u00e9 de 4,04%. S\u00e3o 95 vagas a menos. <\/span><\/p>\n<p><b><span data-contrast=\"none\">No ano <\/span><\/b><b><span data-contrast=\"auto\">\u2013 <\/span><\/b><span data-contrast=\"auto\">Em doze meses<\/span><span data-contrast=\"none\">, o super\u00e1vit \u00e9 de 6.178 novos postos de trabalho, fruto de 135.749 contrata\u00e7\u00f5es e 129.571 rescis\u00f5es. No ano anterior, o saldo foi de 11.766 trabalhadores contratados, resultado de 133.831 admiss\u00f5es e 122.065 demiss\u00f5es. O resultado de 2023 \u00e9 47,49% inferior. S\u00e3o 5.588 carteiras assinadas a menos. <\/span><\/p>\n<p><b><span data-contrast=\"none\">Ranking <\/span><\/b><b><span data-contrast=\"auto\">\u2013 <\/span><\/b><span data-contrast=\"auto\">Ribeir\u00e3o Preto encerrou o ano passado com o 35\u00ba melhor saldo de emprego formal em todo o pa\u00eds. Ficou em sexto lugar no Estado de S\u00e3o Paulo, atr\u00e1s da capital (<\/span><span data-contrast=\"none\">132.263, melhor resultado do Brasil), Campinas (13.205), Guarulhos (12.706), S\u00e3o Jos\u00e9 dos Campos (6.908) e Sorocaba (6.218). <\/span><\/p>\n<p><span data-contrast=\"auto\">Ribeir\u00e3o Preto<\/span> <span data-contrast=\"auto\">fechou 2022 <\/span><span data-contrast=\"none\">em sexto lugar no ranking dos munic\u00edpios que mais geraram emprego em S\u00e3o Paulo entre janeiro e dezembro. Era a 19\u00aa do pa\u00eds. Por\u00e9, em dezembro do ano passado, ficou apenas na 5.553\u00aa posi\u00e7\u00e3o entre 5.570 munic\u00edpios. <\/span><\/p>\n<p><b><span data-contrast=\"none\">Ano passado <\/span><\/b><b><span data-contrast=\"auto\">\u2013 <\/span><\/b><span data-contrast=\"auto\">Em 2023<\/span><span data-contrast=\"none\">, Ribeir\u00e3o Preto registrou d\u00e9ficit de 350 vagas em janeiro, 66 em maio e de 2.448 em dezembro. Os super\u00e1vits foram de 1.506 em fevereiro, de 1.164 em mar\u00e7o, de 1.265 em abril, 395 em junho, 1.202 em julho, 649 em agosto, 721 em setembro e 1.414 em outubro, al\u00e9m de 726 em novembro. <\/span><\/p>\n<p><span data-contrast=\"none\">O super\u00e1vit de 11.766 novos empregos com carteira assinada registrado na economia de Ribeir\u00e3o Preto em 2022 \u00e9 18,28% inferior na compara\u00e7\u00e3o com o saldo de 14.398 vagas abertas em 2021, resultado de 119.728 contrata\u00e7\u00f5es e 105.330 rescis\u00f5es. S\u00e3o 2.632 postos de trabalho a menos. <\/span><\/p>\n<p><span data-contrast=\"none\">O d\u00e9ficit de 2.448 vagas de dezembro do ano passado foi o pior desde 2015, quando o rombo foi de 2.520 postos. <\/span><span data-contrast=\"auto\">O saldo de 14.398 empregos formais de 2021<\/span> <span data-contrast=\"none\">\u00e9 o melhor resultado anual desde 2010, quando foi de 14.352 novos postos de trabalho <\/span><span data-contrast=\"auto\">\u2013 fruto de <\/span><span data-contrast=\"none\">109.136 contrata\u00e7\u00f5es e 94.784 rescis\u00f5es. <\/span><\/p>\n<p><span data-contrast=\"none\">Na compara\u00e7\u00e3o com o acumulado de 2020, quando o d\u00e9ficit foi de 2.367 dispensas (90.479 contrata\u00e7\u00f5es e 92.846 rescis\u00f5es), a alta em 2021 chega a 708,3%, com 16.765 novas vagas criadas em doze meses, segundo os dados do Minist\u00e9rio do Trabalho e Emprego. <\/span><\/p>\n<p><b><span data-contrast=\"none\">Constru\u00e7\u00e3o fecha<\/span><\/b> <b><span data-contrast=\"none\">o ano com d\u00e9ficit<\/span><\/b><br \/><span data-contrast=\"none\">Segundo o Novo <\/span><span data-contrast=\"auto\">Cadastro Geral de Empregados e Desempregados (Caged) do Minist\u00e9rio do Trabalho e Emprego<\/span><span data-contrast=\"none\">, em Ribeir\u00e3o Preto, quatro das cinco principais atividades econ\u00f4micas da cidade fecharam dezembro com d\u00e9ficit de vagas de emprego formal: servi\u00e7os, constru\u00e7\u00e3o civil, ind\u00fastria e agropecu\u00e1ria. Apenas o com\u00e9rcio registrou super\u00e1vit \u00ednfimo. No ano, apenas o setor de constru\u00e7\u00e3o civil encerrou no \u201cvermelho\u201d<\/span><\/p>\n<p><span data-contrast=\"none\">O com\u00e9rcio fechou dezembro com saldo positivo de 29 postos de trabalho, fruto de 3.060 admiss\u00f5es e 3.031 demiss\u00f5es. No ano passado, contratou 36.504 e dispensou 35.422, super\u00e1vit de 1.082. Em 2022, contratou 35.871 e demitiu 32.911, super\u00e1vit de 2.960. <\/span><\/p>\n<p><span data-contrast=\"none\">O setor de servi\u00e7os registrou 4.980 contrata\u00e7\u00f5es e 6.547 rescis\u00f5es em dezembro, d\u00e9ficit de 1.567 empregos formais. Em 2023, admitiu 77.457 e demitiu 73.198, super\u00e1vit de 4.259. De 1\u00ba de janeiro a 31 de dezembro de 2022, contratou 76.472 e demitiu 69.000, saldo positivo de 7.472. <\/span><\/p>\n<p><span data-contrast=\"none\">A constru\u00e7\u00e3o civil fechou dezembro com d\u00e9ficit de 595 carteiras assinadas, fruto de 424 admiss\u00f5es e 1.019 demiss\u00f5es. No ano passado, contratou 10.483 e dispensou 10.401, super\u00e1vit de 82. Entre janeiro e dezembro de 2022, contratou 10.467 e demitiu 10.527, d\u00e9ficit de 60 vagas. <\/span><\/p>\n<p><span data-contrast=\"none\">A ind\u00fastria admitiu 522 trabalhadores e demitiu 813 em dezembro, com saldo negativo de 291 empregos formais criados. De janeiro a dezembro do ano passado, admitiu 10.703 e demitiu 9.974, super\u00e1vit de 729. Em 2022, contratou 10.607 e demitiu 9.209, super\u00e1vit de 1.398. <\/span><\/p>\n<p><span data-contrast=\"none\">A agropecu\u00e1ria admitiu 17 funcion\u00e1rios e dispensou 41, saldo negativo de 24 vagas a menos em dezembro. De janeiro a dezembro do ano passado, contratou 602 e dispensou 576, super\u00e1vit de 26. Em 2022, contratou 414 e demitiu 418, d\u00e9ficit de quatro empregos com carteira assinada.\u00a0<\/span><span data-ccp-props=\"{&quot;201341983&quot;:0,&quot;335559739&quot;:200,&quot;335559740&quot;:276}\">\u00a0<\/span><\/p>\n<p><b><span data-contrast=\"none\">Os n\u00fameros do emprego <\/span><\/b><b><span data-contrast=\"none\">nos \u00faltimos anos em RP<\/span><\/b><br \/><b><span data-contrast=\"none\">2010<\/span><\/b><br \/><span data-contrast=\"none\">Admiss\u00f5es: 109.136<\/span><br \/><span data-contrast=\"none\">Demiss\u00f5es: 94.784<\/span><br \/><span data-contrast=\"none\">Saldo: 14.352<\/span><br \/><b><span data-contrast=\"none\">2011<\/span><\/b><br \/><span data-contrast=\"none\">Admiss\u00f5es: 118.529<\/span><br \/><span data-contrast=\"none\">Demiss\u00f5es: 105.845<\/span><br \/><span data-contrast=\"none\">Saldo: 12.864<\/span><br \/><b><span data-contrast=\"none\">2012<\/span><\/b><br \/><span data-contrast=\"none\">Admiss\u00f5es: 123.568<\/span><br \/><span data-contrast=\"none\">Demiss\u00f5es: 114.748<\/span><br \/><span data-contrast=\"none\">Saldo: 8.820<\/span><br \/><b><span data-contrast=\"none\">2013<\/span><\/b><br \/><span data-contrast=\"none\">Admiss\u00f5es: 128.129<\/span><br \/><span data-contrast=\"none\">Demiss\u00f5es: 119.602<\/span><br \/><span data-contrast=\"none\">Saldo: 8.527<\/span><br \/><b><span data-contrast=\"none\">2014<\/span><\/b><br \/><span data-contrast=\"none\">Admiss\u00f5es: 127.654<\/span><br \/><span data-contrast=\"none\">Demiss\u00f5es: 126.071<\/span><br \/><span data-contrast=\"none\">Saldo: 1.583<\/span><br \/><b><span data-contrast=\"none\">2015<\/span><\/b><br \/><span data-contrast=\"none\">Admiss\u00f5es: 98.572 <\/span><br \/><span data-contrast=\"none\">Demiss\u00f5es: 104.895<\/span><br \/><span data-contrast=\"none\">Saldo: -6.323<\/span><br \/><b><span data-contrast=\"none\">2016<\/span><\/b><br \/><span data-contrast=\"none\">Admiss\u00f5es: 88.485 <\/span><br \/><span data-contrast=\"none\">Demiss\u00f5es: 92.345<\/span><br \/><span data-contrast=\"none\">Saldo: -3.860<\/span><br \/><b><span data-contrast=\"none\">2017<\/span><\/b><br \/><span data-contrast=\"none\">Admiss\u00f5es: 86.647 <\/span><br \/><span data-contrast=\"none\">Demiss\u00f5es: 85.732<\/span><br \/><span data-contrast=\"none\">Saldo: 915<\/span><br \/><b><span data-contrast=\"none\">2018<\/span><\/b><br \/><span data-contrast=\"none\">Admiss\u00f5es: 96.236 <\/span><br \/><span data-contrast=\"none\">Demiss\u00f5es: 89.278<\/span><br \/><span data-contrast=\"none\">Saldo: 6.958<\/span><br \/><b><span data-contrast=\"none\">2019<\/span><\/b><br \/><span data-contrast=\"none\">Admiss\u00f5es: 99.483<\/span><br \/><span data-contrast=\"none\">Demiss\u00f5es: 96.223<\/span><br \/><span data-contrast=\"none\">Saldo: 3.260<\/span><br \/><b><span data-contrast=\"none\">2020<\/span><\/b><br \/><span data-contrast=\"none\">Admiss\u00f5es: 90.479<\/span><br \/><span data-contrast=\"none\">Demiss\u00f5es: 92.846<\/span><br \/><span data-contrast=\"none\">Saldo: -2.367 <\/span><br \/><b><span data-contrast=\"none\">2021<\/span><\/b><br \/><span data-contrast=\"none\">Admiss\u00f5es: 119.728<\/span><br \/><span data-contrast=\"none\">Demiss\u00f5es: 105.330<\/span><br \/><span data-contrast=\"none\">Saldo: 14.398<\/span><br \/><b><span data-contrast=\"none\">2022<\/span><\/b><br \/><span data-contrast=\"none\">Admiss\u00f5es: 133.831<\/span><br \/><span data-contrast=\"none\">Demiss\u00f5es: 122.065<\/span><br \/><span data-contrast=\"none\">Saldo: 11.766<\/span><br \/><b><span data-contrast=\"none\">2023<\/span><\/b><br \/><span data-contrast=\"none\">Admiss\u00f5es: 135.749<\/span><br \/><span data-contrast=\"none\">Demiss\u00f5es: 129.571<\/span><br \/><span data-contrast=\"none\">Saldo: 6.178<\/span><\/p>\n<\/div>\n<p><br \/>\n<br \/><a href=\"https:\/\/www.tribunaribeirao.com.br\/site\/emprego-formal-recua-em-2023-em-rp\/\">Source link <\/a><\/p>\n<!-- CONTENT END 1 -->\n","protected":false},"excerpt":{"rendered":"<p>O Minist\u00e9rio do Trabalho e Emprego divulgou nesta ter\u00e7a-feira, 30 de janeiro, os n\u00fameros do Novo Cadastro Geral de Empregados e Desempregados (Novo Caged) de&#8230;<\/p>\n","protected":false},"author":1,"featured_media":33901,"comment_status":"open","ping_status":"open","sticky":false,"template":"","format":"standard","meta":{"advanced_seo_description":"","jetpack_seo_html_title":"","jetpack_seo_noindex":false,"jetpack_post_was_ever_published":false,"_jetpack_newsletter_access":"","_jetpack_dont_email_post_to_subs":false,"_jetpack_newsletter_tier_id":0,"_jetpack_memberships_contains_paywalled_content":false,"_jetpack_memberships_contains_paid_content":false,"footnotes":"","jetpack_publicize_message":"","jetpack_publicize_feature_enabled":true,"jetpack_social_post_already_shared":true,"jetpack_social_options":{"image_generator_settings":{"template":"highway","default_image_id":0,"font":"","enabled":false},"version":2}},"categories":[11],"tags":[144,3987],"class_list":["post-33900","post","type-post","status-publish","format-standard","has-post-thumbnail","hentry","category-noticias-de-ribeirao-preto-sp-e-regiao-ismael-colosi","tag-emprego","tag-formalrecua"],"jetpack_publicize_connections":[],"jetpack_featured_media_url":"https:\/\/i0.wp.com\/noticiasribeiraopreto.com.br\/wp-content\/uploads\/2024\/01\/CagedRP-Marcelo-Camargo-Ag.Br_-scaled.jpg?fit=1000%2C598&ssl=1","jetpack-related-posts":[{"id":42749,"url":"https:\/\/noticiasribeiraopreto.com.br\/index.php\/2024\/03\/16\/emprego-formal-avanca-em-janeiro\/","url_meta":{"origin":33900,"position":0},"title":"Emprego formal\u00a0avan\u00e7a em janeiro\u00a0 &#8211; Jornal Tribuna Ribeir\u00e3o","author":"noticiasribeiraopreto.com.br","date":"16 de March de 2024","format":false,"excerpt":"O Minist\u00e9rio do Trabalho e Emprego divulgou, nesta sexta-feira, 15 de mar\u00e7o, os n\u00fameros do Novo Cadastro Geral de Empregados e Desempregados (Novo Caged) de janeiro. A economia de Ribeir\u00e3o Preto fechou o primeiro m\u00eas do ano com super\u00e1vit de 904 empregos com carteira assinada, fruto de 12.547 admiss\u00f5es e\u2026","rel":"","context":"In &quot;Not\u00edcias de Ribeir\u00e3o Preto-SP e Regi\u00e3o&quot;","block_context":{"text":"Not\u00edcias de Ribeir\u00e3o Preto-SP e Regi\u00e3o","link":"https:\/\/noticiasribeiraopreto.com.br\/index.php\/category\/noticias-de-ribeirao-preto-sp-e-regiao-ismael-colosi\/"},"img":{"alt_text":"","src":"https:\/\/i0.wp.com\/noticiasribeiraopreto.com.br\/wp-content\/uploads\/2024\/03\/CagedRP-Car-Marcelo-Camargo-Ag.Br_-scaled.jpg?fit=1000%2C598&ssl=1&resize=350%2C200","width":350,"height":200,"srcset":"https:\/\/i0.wp.com\/noticiasribeiraopreto.com.br\/wp-content\/uploads\/2024\/03\/CagedRP-Car-Marcelo-Camargo-Ag.Br_-scaled.jpg?fit=1000%2C598&ssl=1&resize=350%2C200 1x, https:\/\/i0.wp.com\/noticiasribeiraopreto.com.br\/wp-content\/uploads\/2024\/03\/CagedRP-Car-Marcelo-Camargo-Ag.Br_-scaled.jpg?fit=1000%2C598&ssl=1&resize=525%2C300 1.5x, https:\/\/i0.wp.com\/noticiasribeiraopreto.com.br\/wp-content\/uploads\/2024\/03\/CagedRP-Car-Marcelo-Camargo-Ag.Br_-scaled.jpg?fit=1000%2C598&ssl=1&resize=700%2C400 2x"},"classes":[]},{"id":69029,"url":"https:\/\/noticiasribeiraopreto.com.br\/index.php\/2025\/05\/01\/emprego-formal-desacelera-em-rp\/","url_meta":{"origin":33900,"position":1},"title":"Emprego formal desacelera em RP\u00a0","author":"noticiasribeiraopreto.com.br","date":"1 de May de 2025","format":false,"excerpt":"O Minist\u00e9rio do Trabalho e Emprego divulgou os n\u00fameros do Novo Cadastro Geral de Empregados e Desempregados (Novo Caged) de mar\u00e7o nesta quarta-feira, 30 de abril. A economia de Ribeir\u00e3o Preto fechou o terceiro m\u00eas do ano com saldo de 296 empregos com carteira assinada, fruto de 13.133 admiss\u00f5es e\u2026","rel":"","context":"In &quot;Not\u00edcias de Ribeir\u00e3o Preto-SP e Regi\u00e3o&quot;","block_context":{"text":"Not\u00edcias de Ribeir\u00e3o Preto-SP e Regi\u00e3o","link":"https:\/\/noticiasribeiraopreto.com.br\/index.php\/category\/noticias-de-ribeirao-preto-sp-e-regiao-ismael-colosi\/"},"img":{"alt_text":"","src":"https:\/\/i0.wp.com\/noticiasribeiraopreto.com.br\/wp-content\/uploads\/2025\/05\/CagedRP-JF-Pimenta-Arquivo-scaled.jpg?fit=778%2C500&ssl=1&resize=350%2C200","width":350,"height":200,"srcset":"https:\/\/i0.wp.com\/noticiasribeiraopreto.com.br\/wp-content\/uploads\/2025\/05\/CagedRP-JF-Pimenta-Arquivo-scaled.jpg?fit=778%2C500&ssl=1&resize=350%2C200 1x, https:\/\/i0.wp.com\/noticiasribeiraopreto.com.br\/wp-content\/uploads\/2025\/05\/CagedRP-JF-Pimenta-Arquivo-scaled.jpg?fit=778%2C500&ssl=1&resize=525%2C300 1.5x, https:\/\/i0.wp.com\/noticiasribeiraopreto.com.br\/wp-content\/uploads\/2025\/05\/CagedRP-JF-Pimenta-Arquivo-scaled.jpg?fit=778%2C500&ssl=1&resize=700%2C400 2x"},"classes":[]},{"id":75174,"url":"https:\/\/noticiasribeiraopreto.com.br\/index.php\/2025\/08\/05\/emprego-formal-cai-no-semestre-tribuna-ribeirao\/","url_meta":{"origin":33900,"position":2},"title":"Emprego formal cai no semestre \u2013 Tribuna Ribeir\u00e3o","author":"noticiasribeiraopreto.com.br","date":"5 de August de 2025","format":false,"excerpt":"O Minist\u00e9rio do Trabalho e Emprego divulgou os n\u00fameros do Novo Cadastro Geral de Empregados e Desempregados (Novo Caged) de junho nesta segunda-feira, 4 de agosto. A economia de Ribeir\u00e3o Preto voltou a ter super\u00e1vit no sexto m\u00eas do ano, de 216 empregos com carteira assinada, fruto de 12.065 admiss\u00f5es\u2026","rel":"","context":"In &quot;Not\u00edcias de Ribeir\u00e3o Preto-SP e Regi\u00e3o&quot;","block_context":{"text":"Not\u00edcias de Ribeir\u00e3o Preto-SP e Regi\u00e3o","link":"https:\/\/noticiasribeiraopreto.com.br\/index.php\/category\/noticias-de-ribeirao-preto-sp-e-regiao-ismael-colosi\/"},"img":{"alt_text":"","src":"","width":0,"height":0},"classes":[]},{"id":44518,"url":"https:\/\/noticiasribeiraopreto.com.br\/index.php\/2024\/03\/28\/emprego-formal-sobe-em-fevereiro\/","url_meta":{"origin":33900,"position":3},"title":"Emprego formal\u00a0sobe em fevereiro\u00a0 &#8211; Jornal Tribuna Ribeir\u00e3o","author":"noticiasribeiraopreto.com.br","date":"28 de March de 2024","format":false,"excerpt":"O Minist\u00e9rio do Trabalho e Emprego divulgou nesta quinta-feira, 27 de mar\u00e7o, os n\u00fameros do Novo Cadastro Geral de Empregados e Desempregados (Novo Caged) de fevereiro. A economia de Ribeir\u00e3o Preto fechou o segundo m\u00eas do ano com super\u00e1vit de 2.047 empregos com carteira assinada, fruto de 13.321 admiss\u00f5es e\u2026","rel":"","context":"In &quot;Not\u00edcias de Ribeir\u00e3o Preto-SP e Regi\u00e3o&quot;","block_context":{"text":"Not\u00edcias de Ribeir\u00e3o Preto-SP e Regi\u00e3o","link":"https:\/\/noticiasribeiraopreto.com.br\/index.php\/category\/noticias-de-ribeirao-preto-sp-e-regiao-ismael-colosi\/"},"img":{"alt_text":"","src":"https:\/\/i0.wp.com\/noticiasribeiraopreto.com.br\/wp-content\/uploads\/2024\/03\/CagedRP-Marcelo-Camargo-Ag.Br_.-1.jpg?fit=800%2C479&ssl=1&resize=350%2C200","width":350,"height":200,"srcset":"https:\/\/i0.wp.com\/noticiasribeiraopreto.com.br\/wp-content\/uploads\/2024\/03\/CagedRP-Marcelo-Camargo-Ag.Br_.-1.jpg?fit=800%2C479&ssl=1&resize=350%2C200 1x, https:\/\/i0.wp.com\/noticiasribeiraopreto.com.br\/wp-content\/uploads\/2024\/03\/CagedRP-Marcelo-Camargo-Ag.Br_.-1.jpg?fit=800%2C479&ssl=1&resize=525%2C300 1.5x, https:\/\/i0.wp.com\/noticiasribeiraopreto.com.br\/wp-content\/uploads\/2024\/03\/CagedRP-Marcelo-Camargo-Ag.Br_.-1.jpg?fit=800%2C479&ssl=1&resize=700%2C400 2x"},"classes":[]},{"id":70760,"url":"https:\/\/noticiasribeiraopreto.com.br\/index.php\/2025\/05\/29\/emprego-formal-acelera-em-rp\/","url_meta":{"origin":33900,"position":4},"title":"Emprego formal acelera em RP\u00a0","author":"noticiasribeiraopreto.com.br","date":"29 de May de 2025","format":false,"excerpt":"29 de maio de 2025 16:3029 de maio de 2025 10:046 Compartilhar0 O Minist\u00e9rio do Trabalho e Emprego divulgou os n\u00fameros do Novo Cadastro Geral de Empregados e Desempregados (Novo Caged) de abril nesta quarta-feira, 28 de maio. A economia de Ribeir\u00e3o Preto fechou o quarto m\u00eas do ano com\u2026","rel":"","context":"In &quot;Not\u00edcias de Ribeir\u00e3o Preto-SP e Regi\u00e3o&quot;","block_context":{"text":"Not\u00edcias de Ribeir\u00e3o Preto-SP e Regi\u00e3o","link":"https:\/\/noticiasribeiraopreto.com.br\/index.php\/category\/noticias-de-ribeirao-preto-sp-e-regiao-ismael-colosi\/"},"img":{"alt_text":"","src":"https:\/\/i0.wp.com\/noticiasribeiraopreto.com.br\/wp-content\/uploads\/2025\/05\/CagedRP-Marcelo-Camargo-Ag.Br_.-1.jpg?fit=1170%2C700&ssl=1&resize=350%2C200","width":350,"height":200,"srcset":"https:\/\/i0.wp.com\/noticiasribeiraopreto.com.br\/wp-content\/uploads\/2025\/05\/CagedRP-Marcelo-Camargo-Ag.Br_.-1.jpg?fit=1170%2C700&ssl=1&resize=350%2C200 1x, https:\/\/i0.wp.com\/noticiasribeiraopreto.com.br\/wp-content\/uploads\/2025\/05\/CagedRP-Marcelo-Camargo-Ag.Br_.-1.jpg?fit=1170%2C700&ssl=1&resize=525%2C300 1.5x, https:\/\/i0.wp.com\/noticiasribeiraopreto.com.br\/wp-content\/uploads\/2025\/05\/CagedRP-Marcelo-Camargo-Ag.Br_.-1.jpg?fit=1170%2C700&ssl=1&resize=700%2C400 2x, https:\/\/i0.wp.com\/noticiasribeiraopreto.com.br\/wp-content\/uploads\/2025\/05\/CagedRP-Marcelo-Camargo-Ag.Br_.-1.jpg?fit=1170%2C700&ssl=1&resize=1050%2C600 3x"},"classes":[]},{"id":8012,"url":"https:\/\/noticiasribeiraopreto.com.br\/index.php\/2023\/11\/29\/emprego-formal-sobe-em-outubro-em-rp\/","url_meta":{"origin":33900,"position":5},"title":"Emprego formal\u00a0sobe em outubro\u00a0em RP","author":"noticiasribeiraopreto.com.br","date":"29 de November de 2023","format":false,"excerpt":"29 de novembro de 2023 | 10:0029 de novembro de 2023 | 8:55 0O Minist\u00e9rio do Trabalho e Emprego divulgou nesta ter\u00e7a-feira, 28 de novembro, os n\u00fameros do Novo Cadastro Geral de Empregados e Desempregados (Novo Caged) de outubro. A economia de Ribeir\u00e3o Preto fechou o d\u00e9cimo m\u00eas de 2023\u2026","rel":"","context":"In &quot;Not\u00edcias de Ribeir\u00e3o Preto-SP e Regi\u00e3o&quot;","block_context":{"text":"Not\u00edcias de Ribeir\u00e3o Preto-SP e Regi\u00e3o","link":"https:\/\/noticiasribeiraopreto.com.br\/index.php\/category\/noticias-de-ribeirao-preto-sp-e-regiao-ismael-colosi\/"},"img":{"alt_text":"","src":"https:\/\/i0.wp.com\/noticiasribeiraopreto.com.br\/wp-content\/uploads\/2023\/11\/CagedRP-Marcelo-Camargo-Ag.Br_-scaled.jpg?fit=1000%2C598&ssl=1&resize=350%2C200","width":350,"height":200,"srcset":"https:\/\/i0.wp.com\/noticiasribeiraopreto.com.br\/wp-content\/uploads\/2023\/11\/CagedRP-Marcelo-Camargo-Ag.Br_-scaled.jpg?fit=1000%2C598&ssl=1&resize=350%2C200 1x, https:\/\/i0.wp.com\/noticiasribeiraopreto.com.br\/wp-content\/uploads\/2023\/11\/CagedRP-Marcelo-Camargo-Ag.Br_-scaled.jpg?fit=1000%2C598&ssl=1&resize=525%2C300 1.5x, https:\/\/i0.wp.com\/noticiasribeiraopreto.com.br\/wp-content\/uploads\/2023\/11\/CagedRP-Marcelo-Camargo-Ag.Br_-scaled.jpg?fit=1000%2C598&ssl=1&resize=700%2C400 2x"},"classes":[]}],"jetpack_sharing_enabled":true,"jetpack_shortlink":"https:\/\/wp.me\/peQAOb-8OM","_links":{"self":[{"href":"https:\/\/noticiasribeiraopreto.com.br\/index.php\/wp-json\/wp\/v2\/posts\/33900","targetHints":{"allow":["GET"]}}],"collection":[{"href":"https:\/\/noticiasribeiraopreto.com.br\/index.php\/wp-json\/wp\/v2\/posts"}],"about":[{"href":"https:\/\/noticiasribeiraopreto.com.br\/index.php\/wp-json\/wp\/v2\/types\/post"}],"author":[{"embeddable":true,"href":"https:\/\/noticiasribeiraopreto.com.br\/index.php\/wp-json\/wp\/v2\/users\/1"}],"replies":[{"embeddable":true,"href":"https:\/\/noticiasribeiraopreto.com.br\/index.php\/wp-json\/wp\/v2\/comments?post=33900"}],"version-history":[{"count":0,"href":"https:\/\/noticiasribeiraopreto.com.br\/index.php\/wp-json\/wp\/v2\/posts\/33900\/revisions"}],"wp:featuredmedia":[{"embeddable":true,"href":"https:\/\/noticiasribeiraopreto.com.br\/index.php\/wp-json\/wp\/v2\/media\/33901"}],"wp:attachment":[{"href":"https:\/\/noticiasribeiraopreto.com.br\/index.php\/wp-json\/wp\/v2\/media?parent=33900"}],"wp:term":[{"taxonomy":"category","embeddable":true,"href":"https:\/\/noticiasribeiraopreto.com.br\/index.php\/wp-json\/wp\/v2\/categories?post=33900"},{"taxonomy":"post_tag","embeddable":true,"href":"https:\/\/noticiasribeiraopreto.com.br\/index.php\/wp-json\/wp\/v2\/tags?post=33900"}],"curies":[{"name":"wp","href":"https:\/\/api.w.org\/{rel}","templated":true}]}}