{"id":33906,"date":"2024-01-31T09:01:42","date_gmt":"2024-01-31T12:01:42","guid":{"rendered":"https:\/\/noticiasribeiraopreto.com.br\/index.php\/2024\/01\/31\/furto-de-fios-interrompe-funcionamento-de-semaforos-na-zona-norte-de-ribeirao\/"},"modified":"2024-01-31T09:01:42","modified_gmt":"2024-01-31T12:01:42","slug":"furto-de-fios-interrompe-funcionamento-de-semaforos-na-zona-norte-de-ribeirao","status":"publish","type":"post","link":"https:\/\/noticiasribeiraopreto.com.br\/index.php\/2024\/01\/31\/furto-de-fios-interrompe-funcionamento-de-semaforos-na-zona-norte-de-ribeirao\/","title":{"rendered":"Furto de fios interrompe funcionamento de sem\u00e1foros na zona Norte de Ribeir\u00e3o"},"content":{"rendered":"<div class='code-block code-block-1' style='margin: 8px 0 8px auto; text-align: right; display: block; clear: both;'>\n<p><a href=\"https:\/\/wa.link\/vpicfd\"><img data-recalc-dims=\"1\" class=\"wp-image-4922\" style=\"aspect-ratio: 2.0253164556962027; width: 561px; height: auto;\" src=\"https:\/\/i0.wp.com\/ismaelcolosi.com.br\/wp-content\/uploads\/2023\/11\/grupo-de-empregos-whatsapp-e-facebook-ismael-colosi-vagas.jpg?ssl=1\" alt=\"\" \/><\/a><\/p>\n<!-- \/wp:image -->\n<\/div>\n<p> <br \/>\n<\/p>\n<div data-td-block-uid=\"tdi_104\">\n<div class=\"tdb-block-inner td-fix-index\">\n<p><strong>O furto de fios de energia el\u00e9trica prejudicou o funcionamento de sem\u00e1foros na manh\u00e3 desta quarta-feira (31), no bairro Ipiranga, zona Norte de Ribeir\u00e3o Preto.<\/strong> O <strong>problema <\/strong>ocorre nos seguintes <strong>cruzamentos<\/strong>: <span style=\"background-color:#f7cc62\" class=\"td_text_highlight_marker\">rua Rio Maroni com rua Porto Seguro, Rio Maroni com General C\u00e2mara e Rio Maroni com Tapaj\u00f3s.<\/span><\/p>\n<p>A <strong>RP Mobi<\/strong> informou que os <strong>agentes de tr\u00e2nsito<\/strong> utilizaram <strong>sinaliza\u00e7\u00e3o provis\u00f3ria <\/strong>nos tr\u00eas pontos, com placas de paradas obrigat\u00f3rias e cavaletes.<\/p>\n<p>Ainda conforme a empresa, a previs\u00e3o para <strong>restabelecer <\/strong>o <strong>funcionamento <\/strong>dos <strong>sem\u00e1foros <\/strong>\u00e9 ainda<strong> nesta manh\u00e3<\/strong>.<\/p>\n<p>At\u00e9 o momento, nenhum <strong>suspeito <\/strong>do furto foi encontrado.<\/p>\n<p>SAIBA MAIS<br \/>Inmet emite alerta de tempestade para o estado de SP a partir desta quarta<\/p>\n<h4 class=\"wp-block-heading\"><strong>FIQUE ON<\/strong><\/h4>\n<p>Fique ligado em tudo que acontece em Ribeir\u00e3o Preto e regi\u00e3o. Siga os perfis do acidade on no <a href=\"https:\/\/www.instagram.com\/acidadeonribeirao\" target=\"_blank\" rel=\"noreferrer noopener\">Instagram<\/a> e no <a href=\"https:\/\/www.facebook.com\/acidadeonribeirao\" target=\"_blank\" rel=\"noreferrer noopener\">Facebook<\/a>.<\/p>\n<p>Receba not\u00edcias do acidade on no WhatsApp. Para entrar no grupo, basta<a href=\"https:\/\/chat.whatsapp.com\/Bnv2w66ZT4VDyZW3oiZ69n\" target=\"_blank\" rel=\"noreferrer noopener\"> clicar aqui<\/a>.<\/p>\n<p>Fa\u00e7a uma den\u00fancia ou sugira uma reportagem sobre Ribeir\u00e3o Preto e regi\u00e3o pelo WhatsApp: 16 99117 7802.<\/p>\n<p>VEJA TAMB\u00c9M<br \/>BBB 24: Rodriguinho chama Yasmin Brunet de \u201cvice-prefeita\u201d de Wanessa Camargo<\/p>\n<p><!-- AI CONTENT END 1 -->\n<\/div>\n<\/div>\n<p><script async src=\"\/\/www.instagram.com\/embed.js\"><\/script><br \/>\n<br \/><br \/>\n<br \/><a href=\"https:\/\/www.acidadeon.com\/ribeiraopreto\/cotidiano\/furto-de-fios-interrompe-funcionamento-de-semaforos-na-zona-norte-de-ribeirao\/\">Source link <\/a><\/p>\n<!-- CONTENT END 1 -->\n","protected":false},"excerpt":{"rendered":"<p>O furto de fios de energia el\u00e9trica prejudicou o funcionamento de sem\u00e1foros na manh\u00e3 desta quarta-feira (31), no bairro Ipiranga, zona Norte de Ribeir\u00e3o Preto&#8230;.<\/p>\n","protected":false},"author":1,"featured_media":33907,"comment_status":"open","ping_status":"open","sticky":false,"template":"","format":"standard","meta":{"advanced_seo_description":"","jetpack_seo_html_title":"","jetpack_seo_noindex":false,"jetpack_post_was_ever_published":false,"_jetpack_newsletter_access":"","_jetpack_dont_email_post_to_subs":false,"_jetpack_newsletter_tier_id":0,"_jetpack_memberships_contains_paywalled_content":false,"_jetpack_memberships_contains_paid_content":false,"footnotes":"","jetpack_publicize_message":"","jetpack_publicize_feature_enabled":true,"jetpack_social_post_already_shared":true,"jetpack_social_options":{"image_generator_settings":{"template":"highway","default_image_id":0,"font":"","enabled":false},"version":2}},"categories":[11],"tags":[],"class_list":["post-33906","post","type-post","status-publish","format-standard","has-post-thumbnail","hentry","category-noticias-de-ribeirao-preto-sp-e-regiao-ismael-colosi"],"jetpack_publicize_connections":[],"jetpack_featured_media_url":"https:\/\/i0.wp.com\/noticiasribeiraopreto.com.br\/wp-content\/uploads\/2024\/01\/SEMAFORO.jpg?fit=2000%2C1119&ssl=1","jetpack-related-posts":[{"id":46968,"url":"https:\/\/noticiasribeiraopreto.com.br\/index.php\/2024\/04\/16\/pela-4a-vez-no-ano-furto-de-fios-prejudica-funcionamento-de-semaforos-na-zona-norte-de-ribeirao\/","url_meta":{"origin":33906,"position":0},"title":"Pela 4\u00aa vez no ano, furto de fios prejudica funcionamento de sem\u00e1foros na zona Norte de Ribeir\u00e3o","author":"noticiasribeiraopreto.com.br","date":"16 de April de 2024","format":false,"excerpt":"O furto de fios voltou a afetar o funcionamento de sem\u00e1foros nesta ter\u00e7a-feira (16) em ao menos tr\u00eas cruzamentos na zona Norte de Ribeir\u00e3o Preto. Veja as ruas com problemas na sinaliza\u00e7\u00e3o de sem\u00e1foro: Rio Maroni com Porto Seguro Rio Maroni com General C\u00e2mara Rio Maroni com Tapaj\u00f3s O que\u2026","rel":"","context":"In &quot;Not\u00edcias de Ribeir\u00e3o Preto-SP e Regi\u00e3o&quot;","block_context":{"text":"Not\u00edcias de Ribeir\u00e3o Preto-SP e Regi\u00e3o","link":"https:\/\/noticiasribeiraopreto.com.br\/index.php\/category\/noticias-de-ribeirao-preto-sp-e-regiao-ismael-colosi\/"},"img":{"alt_text":"","src":"https:\/\/i0.wp.com\/noticiasribeiraopreto.com.br\/wp-content\/uploads\/2024\/04\/semaforo-2.webp.webp?fit=1200%2C737&ssl=1&resize=350%2C200","width":350,"height":200,"srcset":"https:\/\/i0.wp.com\/noticiasribeiraopreto.com.br\/wp-content\/uploads\/2024\/04\/semaforo-2.webp.webp?fit=1200%2C737&ssl=1&resize=350%2C200 1x, https:\/\/i0.wp.com\/noticiasribeiraopreto.com.br\/wp-content\/uploads\/2024\/04\/semaforo-2.webp.webp?fit=1200%2C737&ssl=1&resize=525%2C300 1.5x, https:\/\/i0.wp.com\/noticiasribeiraopreto.com.br\/wp-content\/uploads\/2024\/04\/semaforo-2.webp.webp?fit=1200%2C737&ssl=1&resize=700%2C400 2x, https:\/\/i0.wp.com\/noticiasribeiraopreto.com.br\/wp-content\/uploads\/2024\/04\/semaforo-2.webp.webp?fit=1200%2C737&ssl=1&resize=1050%2C600 3x"},"classes":[]},{"id":46744,"url":"https:\/\/noticiasribeiraopreto.com.br\/index.php\/2024\/04\/14\/semaforos-em-rua-da-zona-norte-de-ribeirao-preto-apresentam-pane-saiba-o-motivo\/","url_meta":{"origin":33906,"position":1},"title":"Sem\u00e1foros em rua da zona Norte de Ribeir\u00e3o Preto apresentam pane; Saiba o motivo","author":"noticiasribeiraopreto.com.br","date":"14 de April de 2024","format":false,"excerpt":"Os motoristas que passarem por toda extens\u00e3o da rua Rio Maroni, na zona Norte de Ribeir\u00e3o Preto devem ter aten\u00e7\u00e3o redobrada nos cruzamentos. A sinaliza\u00e7\u00e3o semaf\u00f3rica da rua n\u00e3o est\u00e1 funcionando normalmente. O motivo ainda deve ser confirmado pela RP Mobi, empresa que gerencia o tr\u00e2nsito e o transporte coletivo\u2026","rel":"","context":"In &quot;Not\u00edcias de Ribeir\u00e3o Preto-SP e Regi\u00e3o&quot;","block_context":{"text":"Not\u00edcias de Ribeir\u00e3o Preto-SP e Regi\u00e3o","link":"https:\/\/noticiasribeiraopreto.com.br\/index.php\/category\/noticias-de-ribeirao-preto-sp-e-regiao-ismael-colosi\/"},"img":{"alt_text":"","src":"https:\/\/i0.wp.com\/noticiasribeiraopreto.com.br\/wp-content\/uploads\/2024\/04\/Copia-de-Copia-de-TAMANHO-EXATO-PARA-FOTOS-NO-SISTEMA-NOVO-32.webp.webp?fit=1200%2C675&ssl=1&resize=350%2C200","width":350,"height":200,"srcset":"https:\/\/i0.wp.com\/noticiasribeiraopreto.com.br\/wp-content\/uploads\/2024\/04\/Copia-de-Copia-de-TAMANHO-EXATO-PARA-FOTOS-NO-SISTEMA-NOVO-32.webp.webp?fit=1200%2C675&ssl=1&resize=350%2C200 1x, https:\/\/i0.wp.com\/noticiasribeiraopreto.com.br\/wp-content\/uploads\/2024\/04\/Copia-de-Copia-de-TAMANHO-EXATO-PARA-FOTOS-NO-SISTEMA-NOVO-32.webp.webp?fit=1200%2C675&ssl=1&resize=525%2C300 1.5x, https:\/\/i0.wp.com\/noticiasribeiraopreto.com.br\/wp-content\/uploads\/2024\/04\/Copia-de-Copia-de-TAMANHO-EXATO-PARA-FOTOS-NO-SISTEMA-NOVO-32.webp.webp?fit=1200%2C675&ssl=1&resize=700%2C400 2x, https:\/\/i0.wp.com\/noticiasribeiraopreto.com.br\/wp-content\/uploads\/2024\/04\/Copia-de-Copia-de-TAMANHO-EXATO-PARA-FOTOS-NO-SISTEMA-NOVO-32.webp.webp?fit=1200%2C675&ssl=1&resize=1050%2C600 3x"},"classes":[]},{"id":58439,"url":"https:\/\/noticiasribeiraopreto.com.br\/index.php\/2024\/09\/27\/caminhao-arrebenta-fiacao-e-desliga-semaforos-em-ribeirao-preto\/","url_meta":{"origin":33906,"position":2},"title":"Caminh\u00e3o arrebenta fia\u00e7\u00e3o e desliga sem\u00e1foros em Ribeir\u00e3o Preto","author":"noticiasribeiraopreto.com.br","date":"27 de September de 2024","format":false,"excerpt":"Sem\u00e1foros est\u00e3o fora de opera\u00e7\u00e3o nesta sexta-feira (27) em tr\u00eas cruzamentos da rua Rio Maroni, no Ipiranga, zona Norte de Ribeir\u00e3o Preto. A RP Mobi informou que o problema ocorre nos cruzamentos com as ruas Porto Seguro, General C\u00e2mara e Tapaj\u00f3s, ap\u00f3s um caminh\u00e3o arrebentar a fia\u00e7\u00e3o. Assista ao v\u00eddeo\u2026","rel":"","context":"In &quot;Not\u00edcias de Ribeir\u00e3o Preto-SP e Regi\u00e3o&quot;","block_context":{"text":"Not\u00edcias de Ribeir\u00e3o Preto-SP e Regi\u00e3o","link":"https:\/\/noticiasribeiraopreto.com.br\/index.php\/category\/noticias-de-ribeirao-preto-sp-e-regiao-ismael-colosi\/"},"img":{"alt_text":"","src":"https:\/\/i0.wp.com\/noticiasribeiraopreto.com.br\/wp-content\/uploads\/2024\/09\/WhatsApp-Image-2024-09-27-at-10.16.17-1_2024-09-27_13-17-15_jpeg_2024-09-27_13-17-15.webp.webp?fit=475%2C396&ssl=1&resize=350%2C200","width":350,"height":200},"classes":[]},{"id":46746,"url":"https:\/\/noticiasribeiraopreto.com.br\/index.php\/2024\/04\/14\/semaforos-em-rua-da-zona-norte-de-ribeirao-preto-apresentam-pane-saiba-o-motivo-2\/","url_meta":{"origin":33906,"position":3},"title":"Sem\u00e1foros em rua da zona Norte de Ribeir\u00e3o Preto apresentam pane; Saiba o motivo","author":"noticiasribeiraopreto.com.br","date":"14 de April de 2024","format":false,"excerpt":"Os motoristas que passarem por toda extens\u00e3o da rua Rio Maroni, na zona Norte de Ribeir\u00e3o Preto devem ter aten\u00e7\u00e3o redobrada nos cruzamentos. A sinaliza\u00e7\u00e3o semaf\u00f3rica da rua n\u00e3o est\u00e1 funcionando normalmente. O motivo foi que fios foram furtados na madrugada deste domingo (14), segundo a RP Mobi, empresa que\u2026","rel":"","context":"In &quot;Not\u00edcias de Ribeir\u00e3o Preto-SP e Regi\u00e3o&quot;","block_context":{"text":"Not\u00edcias de Ribeir\u00e3o Preto-SP e Regi\u00e3o","link":"https:\/\/noticiasribeiraopreto.com.br\/index.php\/category\/noticias-de-ribeirao-preto-sp-e-regiao-ismael-colosi\/"},"img":{"alt_text":"","src":"https:\/\/i0.wp.com\/noticiasribeiraopreto.com.br\/wp-content\/uploads\/2024\/04\/Copia-de-Copia-de-TAMANHO-EXATO-PARA-FOTOS-NO-SISTEMA-NOVO-32.webp.webp?fit=1200%2C675&ssl=1&resize=350%2C200","width":350,"height":200,"srcset":"https:\/\/i0.wp.com\/noticiasribeiraopreto.com.br\/wp-content\/uploads\/2024\/04\/Copia-de-Copia-de-TAMANHO-EXATO-PARA-FOTOS-NO-SISTEMA-NOVO-32.webp.webp?fit=1200%2C675&ssl=1&resize=350%2C200 1x, https:\/\/i0.wp.com\/noticiasribeiraopreto.com.br\/wp-content\/uploads\/2024\/04\/Copia-de-Copia-de-TAMANHO-EXATO-PARA-FOTOS-NO-SISTEMA-NOVO-32.webp.webp?fit=1200%2C675&ssl=1&resize=525%2C300 1.5x, https:\/\/i0.wp.com\/noticiasribeiraopreto.com.br\/wp-content\/uploads\/2024\/04\/Copia-de-Copia-de-TAMANHO-EXATO-PARA-FOTOS-NO-SISTEMA-NOVO-32.webp.webp?fit=1200%2C675&ssl=1&resize=700%2C400 2x, https:\/\/i0.wp.com\/noticiasribeiraopreto.com.br\/wp-content\/uploads\/2024\/04\/Copia-de-Copia-de-TAMANHO-EXATO-PARA-FOTOS-NO-SISTEMA-NOVO-32.webp.webp?fit=1200%2C675&ssl=1&resize=1050%2C600 3x"},"classes":[]},{"id":64361,"url":"https:\/\/noticiasribeiraopreto.com.br\/index.php\/2025\/03\/07\/furto-de-fios-desliga-semaforos-em-cruzamentos-de-avenida-em-ribeirao-video\/","url_meta":{"origin":33906,"position":4},"title":"Furto de fios desliga sem\u00e1foros em cruzamentos de avenida em Ribeir\u00e3o; V\u00eddeo","author":"noticiasribeiraopreto.com.br","date":"7 de March de 2025","format":false,"excerpt":"Um furto de fia\u00e7\u00e3o deixou cruzamentos da avenida Saudade, entre as ruas Capit\u00e3o Salom\u00e3o e Rio de Janeiro, com os sem\u00e1foros desligados na manh\u00e3 desta sexta-feira (7), no bairro Campos El\u00edseos, zona Norte de Ribeir\u00e3o Preto. Assista ao v\u00eddeo abaixo. O crime ocorreu na esquina da Saudade com a rua\u2026","rel":"","context":"In &quot;Not\u00edcias de Ribeir\u00e3o Preto-SP e Regi\u00e3o&quot;","block_context":{"text":"Not\u00edcias de Ribeir\u00e3o Preto-SP e Regi\u00e3o","link":"https:\/\/noticiasribeiraopreto.com.br\/index.php\/category\/noticias-de-ribeirao-preto-sp-e-regiao-ismael-colosi\/"},"img":{"alt_text":"","src":"https:\/\/i0.wp.com\/noticiasribeiraopreto.com.br\/wp-content\/uploads\/2025\/03\/20250307_080148_2025-03-07_11-55-15_jpg_2025-03-07_11-55-16-scaled.webp.webp?fit=1200%2C675&ssl=1&resize=350%2C200","width":350,"height":200,"srcset":"https:\/\/i0.wp.com\/noticiasribeiraopreto.com.br\/wp-content\/uploads\/2025\/03\/20250307_080148_2025-03-07_11-55-15_jpg_2025-03-07_11-55-16-scaled.webp.webp?fit=1200%2C675&ssl=1&resize=350%2C200 1x, https:\/\/i0.wp.com\/noticiasribeiraopreto.com.br\/wp-content\/uploads\/2025\/03\/20250307_080148_2025-03-07_11-55-15_jpg_2025-03-07_11-55-16-scaled.webp.webp?fit=1200%2C675&ssl=1&resize=525%2C300 1.5x, https:\/\/i0.wp.com\/noticiasribeiraopreto.com.br\/wp-content\/uploads\/2025\/03\/20250307_080148_2025-03-07_11-55-15_jpg_2025-03-07_11-55-16-scaled.webp.webp?fit=1200%2C675&ssl=1&resize=700%2C400 2x, https:\/\/i0.wp.com\/noticiasribeiraopreto.com.br\/wp-content\/uploads\/2025\/03\/20250307_080148_2025-03-07_11-55-15_jpg_2025-03-07_11-55-16-scaled.webp.webp?fit=1200%2C675&ssl=1&resize=1050%2C600 3x"},"classes":[]},{"id":64576,"url":"https:\/\/noticiasribeiraopreto.com.br\/index.php\/2025\/03\/10\/semana-comeca-sem-semaforos-apos-furtos-de-fios-em-ribeirao-preto-veja-video\/","url_meta":{"origin":33906,"position":5},"title":"Semana come\u00e7a sem sem\u00e1foros ap\u00f3s furtos de fios em Ribeir\u00e3o Preto; Veja v\u00eddeo","author":"noticiasribeiraopreto.com.br","date":"10 de March de 2025","format":false,"excerpt":"Dois furtos de fios causaram o desligamento de sem\u00e1foros na manh\u00e3 desta segunda-feira (10), em tr\u00eas pontos de Ribeir\u00e3o Preto.Os equipamentos ficaram fora de opera\u00e7\u00e3o na rua Saldanha Marinho, nos cruzamentos com a Mariana Junqueira e Duque de Caxias, na regi\u00e3o Central.Na avenida F\u00e1bio Barreto, a ponte com a rua\u2026","rel":"","context":"In &quot;Not\u00edcias de Ribeir\u00e3o Preto-SP e Regi\u00e3o&quot;","block_context":{"text":"Not\u00edcias de Ribeir\u00e3o Preto-SP e Regi\u00e3o","link":"https:\/\/noticiasribeiraopreto.com.br\/index.php\/category\/noticias-de-ribeirao-preto-sp-e-regiao-ismael-colosi\/"},"img":{"alt_text":"","src":"https:\/\/i0.wp.com\/noticiasribeiraopreto.com.br\/wp-content\/uploads\/2025\/03\/20250310_081007_2025-03-10_12-24-44_jpg_2025-03-10_12-24-44-scaled.webp.webp?fit=1200%2C675&ssl=1&resize=350%2C200","width":350,"height":200,"srcset":"https:\/\/i0.wp.com\/noticiasribeiraopreto.com.br\/wp-content\/uploads\/2025\/03\/20250310_081007_2025-03-10_12-24-44_jpg_2025-03-10_12-24-44-scaled.webp.webp?fit=1200%2C675&ssl=1&resize=350%2C200 1x, https:\/\/i0.wp.com\/noticiasribeiraopreto.com.br\/wp-content\/uploads\/2025\/03\/20250310_081007_2025-03-10_12-24-44_jpg_2025-03-10_12-24-44-scaled.webp.webp?fit=1200%2C675&ssl=1&resize=525%2C300 1.5x, https:\/\/i0.wp.com\/noticiasribeiraopreto.com.br\/wp-content\/uploads\/2025\/03\/20250310_081007_2025-03-10_12-24-44_jpg_2025-03-10_12-24-44-scaled.webp.webp?fit=1200%2C675&ssl=1&resize=700%2C400 2x, https:\/\/i0.wp.com\/noticiasribeiraopreto.com.br\/wp-content\/uploads\/2025\/03\/20250310_081007_2025-03-10_12-24-44_jpg_2025-03-10_12-24-44-scaled.webp.webp?fit=1200%2C675&ssl=1&resize=1050%2C600 3x"},"classes":[]}],"jetpack_sharing_enabled":true,"jetpack_shortlink":"https:\/\/wp.me\/peQAOb-8OS","_links":{"self":[{"href":"https:\/\/noticiasribeiraopreto.com.br\/index.php\/wp-json\/wp\/v2\/posts\/33906","targetHints":{"allow":["GET"]}}],"collection":[{"href":"https:\/\/noticiasribeiraopreto.com.br\/index.php\/wp-json\/wp\/v2\/posts"}],"about":[{"href":"https:\/\/noticiasribeiraopreto.com.br\/index.php\/wp-json\/wp\/v2\/types\/post"}],"author":[{"embeddable":true,"href":"https:\/\/noticiasribeiraopreto.com.br\/index.php\/wp-json\/wp\/v2\/users\/1"}],"replies":[{"embeddable":true,"href":"https:\/\/noticiasribeiraopreto.com.br\/index.php\/wp-json\/wp\/v2\/comments?post=33906"}],"version-history":[{"count":0,"href":"https:\/\/noticiasribeiraopreto.com.br\/index.php\/wp-json\/wp\/v2\/posts\/33906\/revisions"}],"wp:featuredmedia":[{"embeddable":true,"href":"https:\/\/noticiasribeiraopreto.com.br\/index.php\/wp-json\/wp\/v2\/media\/33907"}],"wp:attachment":[{"href":"https:\/\/noticiasribeiraopreto.com.br\/index.php\/wp-json\/wp\/v2\/media?parent=33906"}],"wp:term":[{"taxonomy":"category","embeddable":true,"href":"https:\/\/noticiasribeiraopreto.com.br\/index.php\/wp-json\/wp\/v2\/categories?post=33906"},{"taxonomy":"post_tag","embeddable":true,"href":"https:\/\/noticiasribeiraopreto.com.br\/index.php\/wp-json\/wp\/v2\/tags?post=33906"}],"curies":[{"name":"wp","href":"https:\/\/api.w.org\/{rel}","templated":true}]}}