{"id":33912,"date":"2024-01-31T09:43:26","date_gmt":"2024-01-31T12:43:26","guid":{"rendered":"https:\/\/noticiasribeiraopreto.com.br\/index.php\/2024\/01\/31\/diferente\/"},"modified":"2024-01-31T09:43:26","modified_gmt":"2024-01-31T12:43:26","slug":"diferente","status":"publish","type":"post","link":"https:\/\/noticiasribeiraopreto.com.br\/index.php\/2024\/01\/31\/diferente\/","title":{"rendered":"Diferente &#8211; Jornal Tribuna Ribeir\u00e3o"},"content":{"rendered":"<div class='code-block code-block-1' style='margin: 8px 0 8px auto; text-align: right; display: block; clear: both;'>\n<p><a href=\"https:\/\/wa.link\/vpicfd\"><img data-recalc-dims=\"1\" class=\"wp-image-4922\" style=\"aspect-ratio: 2.0253164556962027; width: 561px; height: auto;\" src=\"https:\/\/i0.wp.com\/ismaelcolosi.com.br\/wp-content\/uploads\/2023\/11\/grupo-de-empregos-whatsapp-e-facebook-ismael-colosi-vagas.jpg?ssl=1\" alt=\"\" \/><\/a><\/p>\n<!-- \/wp:image -->\n<\/div>\n<p> <br \/>\n<\/p>\n<div id=\"post-371892\">\n<header class=\"entry-header penci-entry-header penci-title-center\">\n<p> <span class=\"entry-meta-item penci-posted-on\"><i class=\"fa fa-clock-o\"\/><time class=\"entry-date published\" datetime=\"2024-01-31T09:03:11-03:00\">31 de janeiro de 2024 | 9:03<\/time><time class=\"updated\" datetime=\"2024-01-29T11:43:54-03:00\">29 de janeiro de 2024 | 11:43<\/time><\/span><\/p>\n<p> <span class=\"penci-social-buttons penci-social-share-footer\"><a href=\"#\" class=\"penci-post-like penci_post-meta_item  single-like-button penci-social-item like\" data-post_id=\"371892\" title=\"Like\" data-like=\"Like\" data-unlike=\"Unlike\"><i class=\"fa fa-thumbs-o-up\"\/><span class=\"penci-share-number\">0<\/span><\/a><i class=\"fa fa-facebook\"\/><a class=\"penci-social-item twitter\" target=\"_blank\" rel=\"noopener\" title=\"\" href=\"https:\/\/twitter.com\/intent\/tweet?text=Diferente%20-%20https:\/\/www.tribunaribeirao.com.br\/site\/diferente\/\"><i class=\"fa fa-twitter\"\/><\/a><i class=\"fa fa-whatsapp\"\/><\/span><\/header>\n<div class=\"penci-entry-content entry-content\">\n<p>Prestigiad\u00edssimo o coquetel na comemora\u00e7\u00e3o de 1 ano da loja do Espa\u00e7o Coletivo Social da ONG Arco-\u00cdris, no 2\u00ba piso do Shopping Santa \u00darsula, que contou com desfile e muita gente papo cabe\u00e7a.<\/p>\n<p>\u00a0<\/p>\n<p>\u00a0<\/p>\n<p>\u00a0<\/p>\n<\/div>\n<footer class=\"penci-entry-footer\"\/><\/div>\n<p><script async src=\"\/\/platform.twitter.com\/widgets.js\" charset=\"utf-8\"><\/script><br \/>\n<br \/><br \/>\n<br \/><a href=\"https:\/\/www.tribunaribeirao.com.br\/site\/diferente\/\">Source link <\/a><\/p>\n<!-- CONTENT END 1 -->\n","protected":false},"excerpt":{"rendered":"<p>31 de janeiro de 2024 | 9:0329 de janeiro de 2024 | 11:43 0 Prestigiad\u00edssimo o coquetel na comemora\u00e7\u00e3o de 1 ano da loja do&#8230;<\/p>\n","protected":false},"author":1,"featured_media":33913,"comment_status":"open","ping_status":"open","sticky":false,"template":"","format":"standard","meta":{"advanced_seo_description":"","jetpack_seo_html_title":"","jetpack_seo_noindex":false,"jetpack_post_was_ever_published":false,"_jetpack_newsletter_access":"","_jetpack_dont_email_post_to_subs":false,"_jetpack_newsletter_tier_id":0,"_jetpack_memberships_contains_paywalled_content":false,"_jetpack_memberships_contains_paid_content":false,"footnotes":"","jetpack_publicize_message":"","jetpack_publicize_feature_enabled":true,"jetpack_social_post_already_shared":true,"jetpack_social_options":{"image_generator_settings":{"template":"highway","default_image_id":0,"font":"","enabled":false},"version":2}},"categories":[11],"tags":[3988,785,26,786],"class_list":["post-33912","post","type-post","status-publish","format-standard","has-post-thumbnail","hentry","category-noticias-de-ribeirao-preto-sp-e-regiao-ismael-colosi","tag-diferente","tag-jornal","tag-ribeirao","tag-tribuna"],"jetpack_publicize_connections":[],"jetpack_featured_media_url":"https:\/\/i0.wp.com\/noticiasribeiraopreto.com.br\/wp-content\/uploads\/2024\/01\/7-scaled.jpg?fit=484%2C645&ssl=1","jetpack-related-posts":[{"id":33655,"url":"https:\/\/noticiasribeiraopreto.com.br\/index.php\/2024\/01\/30\/jornal-tribuna-se-despede-de-colaborador-paulo-sergio-porfirio\/","url_meta":{"origin":33912,"position":0},"title":"Jornal Tribuna se despede do colaborador Paulo S\u00e9rgio Porf\u00edrio","author":"noticiasribeiraopreto.com.br","date":"30 de January de 2024","format":false,"excerpt":"30 de janeiro de 2024 | 11:5430 de janeiro de 2024 | 11:59 0A equipe do jornal Tribuna Ribeir\u00e3o, sensibilizada, comunica o falecimento de seu colaborador PAULO S\u00c9RGIO PORF\u00cdRIO, ocorrido na noite desta segunda-feira (29) e informa que as \u00faltimas homenagens acontecer\u00e3o nesta quarta-feira (31), no Vel\u00f3rio Samaritano (Rua Fl\u00e1vio\u2026","rel":"","context":"In &quot;Not\u00edcias de Ribeir\u00e3o Preto-SP e Regi\u00e3o&quot;","block_context":{"text":"Not\u00edcias de Ribeir\u00e3o Preto-SP e Regi\u00e3o","link":"https:\/\/noticiasribeiraopreto.com.br\/index.php\/category\/noticias-de-ribeirao-preto-sp-e-regiao-ismael-colosi\/"},"img":{"alt_text":"","src":"https:\/\/i0.wp.com\/noticiasribeiraopreto.com.br\/wp-content\/uploads\/2024\/01\/e97dfea8-cfab-47b6-a309-b47e19c16e29-scaled.jpg?fit=645%2C645&ssl=1&resize=350%2C200","width":350,"height":200,"srcset":"https:\/\/i0.wp.com\/noticiasribeiraopreto.com.br\/wp-content\/uploads\/2024\/01\/e97dfea8-cfab-47b6-a309-b47e19c16e29-scaled.jpg?fit=645%2C645&ssl=1&resize=350%2C200 1x, https:\/\/i0.wp.com\/noticiasribeiraopreto.com.br\/wp-content\/uploads\/2024\/01\/e97dfea8-cfab-47b6-a309-b47e19c16e29-scaled.jpg?fit=645%2C645&ssl=1&resize=525%2C300 1.5x"},"classes":[]},{"id":27994,"url":"https:\/\/noticiasribeiraopreto.com.br\/index.php\/2024\/01\/14\/grinalda-7\/","url_meta":{"origin":33912,"position":1},"title":"Grinalda &#8211; Jornal Tribuna Ribeir\u00e3o","author":"noticiasribeiraopreto.com.br","date":"14 de January de 2024","format":false,"excerpt":"14 de janeiro de 2024 | 9:037 de janeiro de 2024 | 12:31 0Gabriela, filha de Il\u00e1rio Franzoso e Bernadete de Lourdes Amorim Franzoso, casou-se na Paroquia Santa Terezinha Doutora, com Renato, filha de Magali de Oliveira Zucoloto e Sidney Montans Zucoloto.Em seguida, receberam em alto estilo no Espa\u00e7o Bella\u2026","rel":"","context":"In &quot;Not\u00edcias de Ribeir\u00e3o Preto-SP e Regi\u00e3o&quot;","block_context":{"text":"Not\u00edcias de Ribeir\u00e3o Preto-SP e Regi\u00e3o","link":"https:\/\/noticiasribeiraopreto.com.br\/index.php\/category\/noticias-de-ribeirao-preto-sp-e-regiao-ismael-colosi\/"},"img":{"alt_text":"","src":"https:\/\/i0.wp.com\/noticiasribeiraopreto.com.br\/wp-content\/uploads\/2024\/01\/14-1-scaled.jpg?fit=430%2C645&ssl=1&resize=350%2C200","width":350,"height":200},"classes":[]},{"id":29414,"url":"https:\/\/noticiasribeiraopreto.com.br\/index.php\/2024\/01\/18\/reveillon-barnabe\/","url_meta":{"origin":33912,"position":2},"title":"Reveillon Barnab\u00e9 &#8211; Jornal Tribuna Ribeir\u00e3o","author":"noticiasribeiraopreto.com.br","date":"18 de January de 2024","format":false,"excerpt":"18 de janeiro de 2024 | 9:0317 de janeiro de 2024 | 15:04 0Considerado um dos melhores do interior, o Barnab\u00e9 realizou uma celebra\u00e7\u00e3o de\u00a0R\u00e9veillon\u00a0memor\u00e1vel, reunindo elementos que garantiram uma noite inesquec\u00edvel e perfeita. Das 20h30 \u00e0s 2h30, all inclusive, m\u00fasica ao vivo, Ilha de Petiscos, Ilha de Ceviche, Ilha\u2026","rel":"","context":"In &quot;Not\u00edcias de Ribeir\u00e3o Preto-SP e Regi\u00e3o&quot;","block_context":{"text":"Not\u00edcias de Ribeir\u00e3o Preto-SP e Regi\u00e3o","link":"https:\/\/noticiasribeiraopreto.com.br\/index.php\/category\/noticias-de-ribeirao-preto-sp-e-regiao-ismael-colosi\/"},"img":{"alt_text":"","src":"https:\/\/i0.wp.com\/noticiasribeiraopreto.com.br\/wp-content\/uploads\/2024\/01\/1-scaled.jpg?fit=381%2C645&ssl=1&resize=350%2C200","width":350,"height":200},"classes":[]},{"id":33006,"url":"https:\/\/noticiasribeiraopreto.com.br\/index.php\/2024\/01\/27\/circuito-das-aguas\/","url_meta":{"origin":33912,"position":3},"title":"Circuito das \u00c1guas &#8211; Jornal Tribuna Ribeir\u00e3o","author":"noticiasribeiraopreto.com.br","date":"27 de January de 2024","format":false,"excerpt":"27 de janeiro de 2024 | 9:0326 de janeiro de 2024 | 12:26 0A DSE Viagens \u2013 Darcy Silveira Excurs\u00f5es carregou mais um grupo para conhecer as belezas de \u00c1guas de S\u00e3o Louren\u00e7o, Caxambu, Baependi e Soledade.Hospedado no Hotel Guanabara de S\u00e3o Louren\u00e7o, com direito a caf\u00e9 da manh\u00e3, almo\u00e7o\u2026","rel":"","context":"In &quot;Not\u00edcias de Ribeir\u00e3o Preto-SP e Regi\u00e3o&quot;","block_context":{"text":"Not\u00edcias de Ribeir\u00e3o Preto-SP e Regi\u00e3o","link":"https:\/\/noticiasribeiraopreto.com.br\/index.php\/category\/noticias-de-ribeirao-preto-sp-e-regiao-ismael-colosi\/"},"img":{"alt_text":"","src":"https:\/\/i0.wp.com\/noticiasribeiraopreto.com.br\/wp-content\/uploads\/2024\/01\/1-2-scaled.jpg?fit=860%2C645&ssl=1&resize=350%2C200","width":350,"height":200,"srcset":"https:\/\/i0.wp.com\/noticiasribeiraopreto.com.br\/wp-content\/uploads\/2024\/01\/1-2-scaled.jpg?fit=860%2C645&ssl=1&resize=350%2C200 1x, https:\/\/i0.wp.com\/noticiasribeiraopreto.com.br\/wp-content\/uploads\/2024\/01\/1-2-scaled.jpg?fit=860%2C645&ssl=1&resize=525%2C300 1.5x, https:\/\/i0.wp.com\/noticiasribeiraopreto.com.br\/wp-content\/uploads\/2024\/01\/1-2-scaled.jpg?fit=860%2C645&ssl=1&resize=700%2C400 2x"},"classes":[]},{"id":23893,"url":"https:\/\/noticiasribeiraopreto.com.br\/index.php\/2024\/01\/03\/julieta-taranto-2\/","url_meta":{"origin":33912,"position":4},"title":"Julieta Taranto &#8211; Jornal Tribuna Ribeir\u00e3o","author":"noticiasribeiraopreto.com.br","date":"3 de January de 2024","format":false,"excerpt":"3 de janeiro de 2024 | 9:0327 de dezembro de 2023 | 15:03 0A Escola Estadual Julieta Fernanda Sousa Taranto, no Jardim Marchesi, promoveu uma homenagem a sua patrona, para que os alunos conhecessem um pouco da hist\u00f3ria desta portuguesa que ajudou por d\u00e9cadas milhares de crian\u00e7as nascidas em torno\u2026","rel":"","context":"In &quot;Not\u00edcias de Ribeir\u00e3o Preto-SP e Regi\u00e3o&quot;","block_context":{"text":"Not\u00edcias de Ribeir\u00e3o Preto-SP e Regi\u00e3o","link":"https:\/\/noticiasribeiraopreto.com.br\/index.php\/category\/noticias-de-ribeirao-preto-sp-e-regiao-ismael-colosi\/"},"img":{"alt_text":"","src":"https:\/\/i0.wp.com\/noticiasribeiraopreto.com.br\/wp-content\/uploads\/2024\/01\/20-scaled.jpg?fit=1000%2C563&ssl=1&resize=350%2C200","width":350,"height":200,"srcset":"https:\/\/i0.wp.com\/noticiasribeiraopreto.com.br\/wp-content\/uploads\/2024\/01\/20-scaled.jpg?fit=1000%2C563&ssl=1&resize=350%2C200 1x, https:\/\/i0.wp.com\/noticiasribeiraopreto.com.br\/wp-content\/uploads\/2024\/01\/20-scaled.jpg?fit=1000%2C563&ssl=1&resize=525%2C300 1.5x, https:\/\/i0.wp.com\/noticiasribeiraopreto.com.br\/wp-content\/uploads\/2024\/01\/20-scaled.jpg?fit=1000%2C563&ssl=1&resize=700%2C400 2x"},"classes":[]},{"id":45582,"url":"https:\/\/noticiasribeiraopreto.com.br\/index.php\/2024\/04\/05\/charge-05-04-2024\/","url_meta":{"origin":33912,"position":5},"title":"Charge 05\/04\/2024 &#8211; Jornal Tribuna Ribeir\u00e3o","author":"noticiasribeiraopreto.com.br","date":"5 de April de 2024","format":false,"excerpt":"Ribeir\u00e3o Preto \u00e9 o centro de uma regi\u00e3o com mais de 3 milh\u00f5es de habitantes. O agroneg\u00f3cio, o com\u00e9rcio e a presta\u00e7\u00e3o de servi\u00e7os s\u00e3o os pontos fortes da economia. O jornal Tribuna circula em Ribeir\u00e3o Preto e em outras 10 cidades da regi\u00e3o. Sua linha editorial \u00e9 informativa e\u2026","rel":"","context":"In &quot;Not\u00edcias de Ribeir\u00e3o Preto-SP e Regi\u00e3o&quot;","block_context":{"text":"Not\u00edcias de Ribeir\u00e3o Preto-SP e Regi\u00e3o","link":"https:\/\/noticiasribeiraopreto.com.br\/index.php\/category\/noticias-de-ribeirao-preto-sp-e-regiao-ismael-colosi\/"},"img":{"alt_text":"","src":"https:\/\/i0.wp.com\/noticiasribeiraopreto.com.br\/wp-content\/uploads\/2024\/04\/Charge-6877.jpg?fit=666%2C500&ssl=1&resize=350%2C200","width":350,"height":200,"srcset":"https:\/\/i0.wp.com\/noticiasribeiraopreto.com.br\/wp-content\/uploads\/2024\/04\/Charge-6877.jpg?fit=666%2C500&ssl=1&resize=350%2C200 1x, https:\/\/i0.wp.com\/noticiasribeiraopreto.com.br\/wp-content\/uploads\/2024\/04\/Charge-6877.jpg?fit=666%2C500&ssl=1&resize=525%2C300 1.5x"},"classes":[]}],"jetpack_sharing_enabled":true,"jetpack_shortlink":"https:\/\/wp.me\/peQAOb-8OY","_links":{"self":[{"href":"https:\/\/noticiasribeiraopreto.com.br\/index.php\/wp-json\/wp\/v2\/posts\/33912","targetHints":{"allow":["GET"]}}],"collection":[{"href":"https:\/\/noticiasribeiraopreto.com.br\/index.php\/wp-json\/wp\/v2\/posts"}],"about":[{"href":"https:\/\/noticiasribeiraopreto.com.br\/index.php\/wp-json\/wp\/v2\/types\/post"}],"author":[{"embeddable":true,"href":"https:\/\/noticiasribeiraopreto.com.br\/index.php\/wp-json\/wp\/v2\/users\/1"}],"replies":[{"embeddable":true,"href":"https:\/\/noticiasribeiraopreto.com.br\/index.php\/wp-json\/wp\/v2\/comments?post=33912"}],"version-history":[{"count":0,"href":"https:\/\/noticiasribeiraopreto.com.br\/index.php\/wp-json\/wp\/v2\/posts\/33912\/revisions"}],"wp:featuredmedia":[{"embeddable":true,"href":"https:\/\/noticiasribeiraopreto.com.br\/index.php\/wp-json\/wp\/v2\/media\/33913"}],"wp:attachment":[{"href":"https:\/\/noticiasribeiraopreto.com.br\/index.php\/wp-json\/wp\/v2\/media?parent=33912"}],"wp:term":[{"taxonomy":"category","embeddable":true,"href":"https:\/\/noticiasribeiraopreto.com.br\/index.php\/wp-json\/wp\/v2\/categories?post=33912"},{"taxonomy":"post_tag","embeddable":true,"href":"https:\/\/noticiasribeiraopreto.com.br\/index.php\/wp-json\/wp\/v2\/tags?post=33912"}],"curies":[{"name":"wp","href":"https:\/\/api.w.org\/{rel}","templated":true}]}}