{"id":33918,"date":"2024-01-31T09:55:30","date_gmt":"2024-01-31T12:55:30","guid":{"rendered":"https:\/\/noticiasribeiraopreto.com.br\/index.php\/2024\/01\/31\/o-agronegocio-pede-socorro-e-o-bndes-vai-atender-ao-chamado-promete-ministro\/"},"modified":"2024-01-31T09:55:30","modified_gmt":"2024-01-31T12:55:30","slug":"o-agronegocio-pede-socorro-e-o-bndes-vai-atender-ao-chamado-promete-ministro","status":"publish","type":"post","link":"https:\/\/noticiasribeiraopreto.com.br\/index.php\/2024\/01\/31\/o-agronegocio-pede-socorro-e-o-bndes-vai-atender-ao-chamado-promete-ministro\/","title":{"rendered":"O agroneg\u00f3cio pede socorro \u2014 e o BNDES vai atender ao chamado, promete ministro"},"content":{"rendered":"<div class='code-block code-block-1' style='margin: 8px 0 8px auto; text-align: right; display: block; clear: both;'>\n<p><a href=\"https:\/\/wa.link\/vpicfd\"><img data-recalc-dims=\"1\" class=\"wp-image-4922\" style=\"aspect-ratio: 2.0253164556962027; width: 561px; height: auto;\" src=\"https:\/\/i0.wp.com\/ismaelcolosi.com.br\/wp-content\/uploads\/2023\/11\/grupo-de-empregos-whatsapp-e-facebook-ismael-colosi-vagas.jpg?ssl=1\" alt=\"\" \/><\/a><\/p>\n<!-- \/wp:image -->\n<\/div>\n<p> <br \/>\n<\/p>\n<div id=\"js-first-letter\">\n<p>O aumento das temperaturas nas lavouras do Brasil j\u00e1 come\u00e7ou a esquentar a situa\u00e7\u00e3o para o <strong>agroneg\u00f3cio <\/strong>\u2014 e o ministro da Agricultura, Carlos F\u00e1varo, j\u00e1 fala em \u201ccrise iminente\u201d no setor.<\/p>\n<p>Segundo o ministro, o Banco Nacional de Desenvolvimento Econ\u00f4mico e Social (BNDES) deve anunciar ainda nesta semana uma medida de resgate, com a amplia\u00e7\u00e3o de recursos para o agroneg\u00f3cio.\u00a0<\/p>\n<p>&#8220;O BNDES est\u00e1 preparando an\u00fancios. No dia 2 (sexta-feira), dever\u00e1 ter algum an\u00fancio. Medidas estruturantes vir\u00e3o depois do levantamento da equipe econ\u00f4mica de endividamento do setor e custos&#8221;, disse F\u00e1varo, ap\u00f3s reuni\u00e3o com o ministro da Fazenda, Fernando Haddad.<\/p>\n<p>O ministro afirmou ter apresentado a Haddad o cen\u00e1rio do agroneg\u00f3cio, que hoje vive um momento de \u201cendividamento, pre\u00e7os achatados e safra menor\u201d.<\/p>\n<p>Na pr\u00f3xima sexta-feira, F\u00e1varo se reunir\u00e1 com o presidente do BNDES, Aloizio Mercadante, \u2014 e a expectativa \u00e9 que o banco anuncie um novo aporte de R$ 4 bilh\u00f5es para financiamento de investimentos agropecu\u00e1rios dentro da linha BNDES Cr\u00e9dito Rural, com custo fixo em d\u00f3lares americanos (TFBD), segundo o <em>Broadcast<\/em>, do <em>Estad\u00e3o<\/em>.<\/p>\n<p>A institui\u00e7\u00e3o tamb\u00e9m deve criar uma linha dolarizada para custeio agropecu\u00e1rio, com recursos voltados diretamente a produtores afetados pela quebra de safra ou a revendas para refinanciarem o custeio.<\/p>\n<figure class=\"wp-block-embed is-type-video is-provider-youtube wp-block-embed-youtube wp-embed-aspect-16-9 wp-has-aspect-ratio\">\n<p>\n<iframe loading=\"lazy\" title=\"O ANO DAS GUERRAS, TRUMP RUMO \u00c0 CASA BRANCA E CHINA MAIS FRACA: O IMPACTO NOS MERCADOS\" width=\"500\" height=\"281\" src=\"https:\/\/www.youtube.com\/embed\/r-T0sfjC-2s?feature=oembed\" frameborder=\"0\" allow=\"accelerometer; autoplay; clipboard-write; encrypted-media; gyroscope; picture-in-picture; web-share\" referrerpolicy=\"strict-origin-when-cross-origin\" allowfullscreen><\/iframe>\n<\/p>\n<\/figure>\n<h2 class=\"wp-block-heading\" id=\"h-o-agronegocio-e-a-safra-da-soja\">O agroneg\u00f3cio e a safra da soja<\/h2>\n<p>Carlos F\u00e1varo ainda afirmou que a equipe econ\u00f4mica se comprometeu a fazer uma an\u00e1lise dos dados do setor logo depois que um diagn\u00f3stico sobre o agroneg\u00f3cio for apresentado ao presidente Luiz In\u00e1cio Lula da Silva.\u00a0<\/p>\n<p>De acordo com o ministro da Agricultura, a perspectiva do setor para este ano \u00e9 de perda em algumas regi\u00f5es, especialmente na regi\u00e3o do Matopiba, que compreende os Estados do Maranh\u00e3o, de Tocantins, do Piau\u00ed e da Bahia.\u00a0<\/p>\n<p>A AgResource Brasil revisou para baixo a estimativa para a safra de soja do Brasil em 2023\/24. A consultoria projetou produ\u00e7\u00e3o de 145,40 milh\u00f5es de toneladas, contra 150,72 milh\u00f5es de toneladas estimadas no in\u00edcio de janeiro.\u00a0<\/p>\n<p>&#8220;Embora tenha sido uma diminui\u00e7\u00e3o consider\u00e1vel, a AgResource acredita que a produ\u00e7\u00e3o do Pa\u00eds esteja caminhando para a estabilidade&#8221;, disse, em nota.<\/p>\n<p>Um eventual aumento no pre\u00e7o m\u00ednimo da soja vem sendo pedido por entidades do setor para impulsionar as cota\u00e7\u00f5es da commodity no mercado interno. Para F\u00e1varo, por\u00e9m, elevar o pre\u00e7o m\u00ednimo seria um contrassenso \u00e0 queda do custo de produ\u00e7\u00e3o.\u00a0<\/p>\n<p>&#8220;O pre\u00e7o m\u00ednimo \u00e9 baseado no custo de produ\u00e7\u00e3o. O custo de produ\u00e7\u00e3o vem caindo, n\u00e3o na velocidade necess\u00e1ria, mas j\u00e1 vem caindo. Falar em subir pre\u00e7o m\u00ednimo \u00e9 contrassenso, porque esperamos que o custo venha menor ainda.&#8221;<\/p>\n<p>O titular da pasta da Agricultura lembrou que o custo de produ\u00e7\u00e3o das commodities n\u00e3o acompanhou a queda acentuada dos pre\u00e7os dos gr\u00e3os e alimentos.<\/p>\n<p>F\u00e1varo descartou a realiza\u00e7\u00e3o de medidas de apoio \u00e0 comercializa\u00e7\u00e3o da soja neste momento, j\u00e1 que o pre\u00e7o de mercado da commodity agr\u00edcola segue acima do pre\u00e7o m\u00ednimo estabelecido para a safra.\u00a0<\/p>\n<p>&#8220;No Brasil, ocorreram somente duas vezes apoio \u00e0 comercializa\u00e7\u00e3o de soja. Precisamos aguardar ainda para saber se ser\u00e1 necess\u00e1rio ou n\u00e3o. Por ora, ainda est\u00e1 acima do pre\u00e7o m\u00ednimo&#8221;, afirmou.<\/p>\n<\/div>\n<p><br \/>\n<br \/><a href=\"https:\/\/www.seudinheiro.com\/2024\/economia\/o-agronegocio-pede-socorro-e-o-bndes-vai-atender-ao-chamado-promete-ministro-miql\/\">Source link <\/a><\/p>\n<!-- CONTENT END 1 -->\n","protected":false},"excerpt":{"rendered":"<p>O aumento das temperaturas nas lavouras do Brasil j\u00e1 come\u00e7ou a esquentar a situa\u00e7\u00e3o para o agroneg\u00f3cio \u2014 e o ministro da Agricultura, Carlos F\u00e1varo,&#8230;<\/p>\n","protected":false},"author":1,"featured_media":33919,"comment_status":"open","ping_status":"open","sticky":false,"template":"","format":"standard","meta":{"advanced_seo_description":"","jetpack_seo_html_title":"","jetpack_seo_noindex":false,"jetpack_post_was_ever_published":false,"_jetpack_newsletter_access":"","_jetpack_dont_email_post_to_subs":false,"_jetpack_newsletter_tier_id":0,"_jetpack_memberships_contains_paywalled_content":false,"_jetpack_memberships_contains_paid_content":false,"footnotes":"","jetpack_publicize_message":"","jetpack_publicize_feature_enabled":true,"jetpack_social_post_already_shared":true,"jetpack_social_options":{"image_generator_settings":{"template":"highway","default_image_id":0,"font":"","enabled":false},"version":2}},"categories":[1235],"tags":[],"class_list":["post-33918","post","type-post","status-publish","format-standard","has-post-thumbnail","hentry","category-dinheiro-e-investimento-como-fazer-como-ganhar"],"jetpack_publicize_connections":[],"jetpack_featured_media_url":"https:\/\/i0.wp.com\/noticiasribeiraopreto.com.br\/wp-content\/uploads\/2024\/01\/shutterstock_1662280711-628x353.jpg?fit=628%2C353&ssl=1","jetpack-related-posts":[{"id":75173,"url":"https:\/\/noticiasribeiraopreto.com.br\/index.php\/2025\/08\/05\/brasil-fara-consulta-na-omc-sobre-tarifas-tribuna-ribeirao\/","url_meta":{"origin":33918,"position":0},"title":"Brasil far\u00e1 consulta na OMC sobre tarifas \u2013 Tribuna Ribeir\u00e3o","author":"noticiasribeiraopreto.com.br","date":"5 de August de 2025","format":false,"excerpt":"O vice-presidente e ministro do Desenvolvimento, Ind\u00fastria, Com\u00e9rcio e Servi\u00e7os, Geraldo Alckmin, confirmou nesta segunda-feira, 4 de agosto, que o Brasil far\u00e1 consulta na Organiza\u00e7\u00e3o Mundial do Com\u00e9rcio (OMC) em rea\u00e7\u00e3o ao tarifa\u00e7o imposto pelos Estados Unidos a produtos brasileiros. \u201cO Conselho de Ministros da Camex aprovou o Brasil entrar\u2026","rel":"","context":"In &quot;Not\u00edcias de Ribeir\u00e3o Preto-SP e Regi\u00e3o&quot;","block_context":{"text":"Not\u00edcias de Ribeir\u00e3o Preto-SP e Regi\u00e3o","link":"https:\/\/noticiasribeiraopreto.com.br\/index.php\/category\/noticias-de-ribeirao-preto-sp-e-regiao-ismael-colosi\/"},"img":{"alt_text":"","src":"","width":0,"height":0},"classes":[]},{"id":39073,"url":"https:\/\/noticiasribeiraopreto.com.br\/index.php\/2024\/02\/23\/cresol-comemora-melhorias-anunciadas-pelo-bndes-e-ampliacao-do-procapcred-2\/","url_meta":{"origin":33918,"position":1},"title":"Cresol comemora melhorias anunciadas pelo BNDES e amplia\u00e7\u00e3o do Procapcred","author":"noticiasribeiraopreto.com.br","date":"23 de February de 2024","format":false,"excerpt":"23 de fevereiro de 2024 | 8:49 0A institui\u00e7\u00e3o parceira apresentou medidas como aumento do or\u00e7amento e\u00a0 amplia\u00e7\u00e3o do acesso para PF no programa, entre outras novidadesDiretores da\u00a0Cresol\u00a0participaram na sexta-feira, 2, de evento promovido pelo\u00a0Banco Nacional de Desenvolvimento Econ\u00f4mico e Social (BNDES)\u00a0para apresentar melhorias no\u00a0Procapcred\u00a0e em condi\u00e7\u00f5es e alcance de\u2026","rel":"","context":"In &quot;Not\u00edcias de Ribeir\u00e3o Preto-SP e Regi\u00e3o&quot;","block_context":{"text":"Not\u00edcias de Ribeir\u00e3o Preto-SP e Regi\u00e3o","link":"https:\/\/noticiasribeiraopreto.com.br\/index.php\/category\/noticias-de-ribeirao-preto-sp-e-regiao-ismael-colosi\/"},"img":{"alt_text":"","src":"https:\/\/i0.wp.com\/noticiasribeiraopreto.com.br\/wp-content\/uploads\/2024\/02\/foto-principal-1-scaled.jpg?fit=992%2C645&ssl=1&resize=350%2C200","width":350,"height":200,"srcset":"https:\/\/i0.wp.com\/noticiasribeiraopreto.com.br\/wp-content\/uploads\/2024\/02\/foto-principal-1-scaled.jpg?fit=992%2C645&ssl=1&resize=350%2C200 1x, https:\/\/i0.wp.com\/noticiasribeiraopreto.com.br\/wp-content\/uploads\/2024\/02\/foto-principal-1-scaled.jpg?fit=992%2C645&ssl=1&resize=525%2C300 1.5x, https:\/\/i0.wp.com\/noticiasribeiraopreto.com.br\/wp-content\/uploads\/2024\/02\/foto-principal-1-scaled.jpg?fit=992%2C645&ssl=1&resize=700%2C400 2x"},"classes":[]},{"id":42592,"url":"https:\/\/noticiasribeiraopreto.com.br\/index.php\/2024\/03\/15\/preco-do-arroz-deve-cair-20\/","url_meta":{"origin":33918,"position":2},"title":"Pre\u00e7o do arroz deve cair 20%","author":"noticiasribeiraopreto.com.br","date":"15 de March de 2024","format":false,"excerpt":"15 de mar\u00e7o de 2024 | 14:0015 de mar\u00e7o de 2024 | 9:28 0O governo federal espera uma queda em torno de 20% no pre\u00e7o do arroz nas pr\u00f3ximas semanas. Nesta quinta-feira, 14 de mar\u00e7o, o presidente Luiz In\u00e1cio Lula da Silva participou de reuni\u00e3o com ministros para tratar da\u2026","rel":"","context":"In &quot;Not\u00edcias de Ribeir\u00e3o Preto-SP e Regi\u00e3o&quot;","block_context":{"text":"Not\u00edcias de Ribeir\u00e3o Preto-SP e Regi\u00e3o","link":"https:\/\/noticiasribeiraopreto.com.br\/index.php\/category\/noticias-de-ribeirao-preto-sp-e-regiao-ismael-colosi\/"},"img":{"alt_text":"","src":"https:\/\/i0.wp.com\/noticiasribeiraopreto.com.br\/wp-content\/uploads\/2024\/03\/Rango-Detalhe-Miracle-Stock-Shutterstock-scaled.jpg?fit=1000%2C605&ssl=1&resize=350%2C200","width":350,"height":200,"srcset":"https:\/\/i0.wp.com\/noticiasribeiraopreto.com.br\/wp-content\/uploads\/2024\/03\/Rango-Detalhe-Miracle-Stock-Shutterstock-scaled.jpg?fit=1000%2C605&ssl=1&resize=350%2C200 1x, https:\/\/i0.wp.com\/noticiasribeiraopreto.com.br\/wp-content\/uploads\/2024\/03\/Rango-Detalhe-Miracle-Stock-Shutterstock-scaled.jpg?fit=1000%2C605&ssl=1&resize=525%2C300 1.5x, https:\/\/i0.wp.com\/noticiasribeiraopreto.com.br\/wp-content\/uploads\/2024\/03\/Rango-Detalhe-Miracle-Stock-Shutterstock-scaled.jpg?fit=1000%2C605&ssl=1&resize=700%2C400 2x"},"classes":[]},{"id":29032,"url":"https:\/\/noticiasribeiraopreto.com.br\/index.php\/2024\/01\/17\/o-impacto-da-desoneracao-haddad-estima-que-renuncia-fiscal-vai-custar-r-32-bilhoes-aos-cofres-publicos\/","url_meta":{"origin":33918,"position":3},"title":"O impacto da desonera\u00e7\u00e3o: Haddad estima que ren\u00fancia fiscal vai custar R$ 32 bilh\u00f5es aos cofres p\u00fablicos","author":"noticiasribeiraopreto.com.br","date":"17 de January de 2024","format":false,"excerpt":"A ren\u00fancia fiscal com a derrubada do veto \u00e0 desonera\u00e7\u00e3o da folha de pagamento e com o Programa Emergencial de Retomada do Setor de Eventos (Perse) deve custar cerca de R$ 32 bilh\u00f5es aos cofres p\u00fablicos neste ano, de acordo com o ministro da Fazenda, Fernando Haddad. Desse total, R$\u2026","rel":"","context":"In &quot;Dinheiro e Investimento&quot;","block_context":{"text":"Dinheiro e Investimento","link":"https:\/\/noticiasribeiraopreto.com.br\/index.php\/category\/dinheiro-e-investimento-como-fazer-como-ganhar\/"},"img":{"alt_text":"","src":"https:\/\/i0.wp.com\/noticiasribeiraopreto.com.br\/wp-content\/uploads\/2024\/01\/Haddad-1-715x402.jpg?fit=715%2C402&ssl=1&resize=350%2C200","width":350,"height":200,"srcset":"https:\/\/i0.wp.com\/noticiasribeiraopreto.com.br\/wp-content\/uploads\/2024\/01\/Haddad-1-715x402.jpg?fit=715%2C402&ssl=1&resize=350%2C200 1x, https:\/\/i0.wp.com\/noticiasribeiraopreto.com.br\/wp-content\/uploads\/2024\/01\/Haddad-1-715x402.jpg?fit=715%2C402&ssl=1&resize=525%2C300 1.5x, https:\/\/i0.wp.com\/noticiasribeiraopreto.com.br\/wp-content\/uploads\/2024\/01\/Haddad-1-715x402.jpg?fit=715%2C402&ssl=1&resize=700%2C400 2x"},"classes":[]},{"id":45724,"url":"https:\/\/noticiasribeiraopreto.com.br\/index.php\/2024\/04\/05\/agrishow-nao-tera-solenidade-2\/","url_meta":{"origin":33918,"position":4},"title":"Agrishow n\u00e3o ter\u00e1 solenidade\u00a0 &#8211; Jornal Tribuna Ribeir\u00e3o","author":"noticiasribeiraopreto.com.br","date":"5 de April de 2024","format":false,"excerpt":"5 de abril de 2024 | 13:005 de abril de 2024 | 9:52 0 A 29\u00aa Feira Internacional de Tecnologia Agr\u00edcola em A\u00e7\u00e3o (Agrishow 2024), a principal da Am\u00e9rica Latina, ser\u00e1 realizada entre os dias 29 de abril e 3 de maio, no Polo Regional de Desenvolvimento Tecnol\u00f3gico dos Agroneg\u00f3cios\u2026","rel":"","context":"In &quot;Not\u00edcias de Ribeir\u00e3o Preto-SP e Regi\u00e3o&quot;","block_context":{"text":"Not\u00edcias de Ribeir\u00e3o Preto-SP e Regi\u00e3o","link":"https:\/\/noticiasribeiraopreto.com.br\/index.php\/category\/noticias-de-ribeirao-preto-sp-e-regiao-ismael-colosi\/"},"img":{"alt_text":"","src":"https:\/\/i0.wp.com\/noticiasribeiraopreto.com.br\/wp-content\/uploads\/2024\/04\/1712369813_Agrishow-Divulgacao-Agrishow.jpg?fit=1200%2C628&ssl=1&resize=350%2C200","width":350,"height":200,"srcset":"https:\/\/i0.wp.com\/noticiasribeiraopreto.com.br\/wp-content\/uploads\/2024\/04\/1712369813_Agrishow-Divulgacao-Agrishow.jpg?fit=1200%2C628&ssl=1&resize=350%2C200 1x, https:\/\/i0.wp.com\/noticiasribeiraopreto.com.br\/wp-content\/uploads\/2024\/04\/1712369813_Agrishow-Divulgacao-Agrishow.jpg?fit=1200%2C628&ssl=1&resize=525%2C300 1.5x, https:\/\/i0.wp.com\/noticiasribeiraopreto.com.br\/wp-content\/uploads\/2024\/04\/1712369813_Agrishow-Divulgacao-Agrishow.jpg?fit=1200%2C628&ssl=1&resize=700%2C400 2x, https:\/\/i0.wp.com\/noticiasribeiraopreto.com.br\/wp-content\/uploads\/2024\/04\/1712369813_Agrishow-Divulgacao-Agrishow.jpg?fit=1200%2C628&ssl=1&resize=1050%2C600 3x"},"classes":[]},{"id":45639,"url":"https:\/\/noticiasribeiraopreto.com.br\/index.php\/2024\/04\/05\/agrishow-nao-tera-solenidade\/","url_meta":{"origin":33918,"position":5},"title":"Agrishow n\u00e3o ter\u00e1 solenidade\u00a0 &#8211; Tribuna Ribeir\u00e3o","author":"noticiasribeiraopreto.com.br","date":"5 de April de 2024","format":false,"excerpt":"A 29\u00aa Feira Internacional de Tecnologia Agr\u00edcola em A\u00e7\u00e3o (Agrishow 2024), a principal da Am\u00e9rica Latina, ser\u00e1 realizada entre os dias 29 de abril e 3 de maio, no Polo Regional de Desenvolvimento Tecnol\u00f3gico dos Agroneg\u00f3cios do Centro-Leste, no quil\u00f4metro 321 da Rodovia Antonio Duarte Nogueira (SP-322), o Anel Vi\u00e1rio\u2026","rel":"","context":"In &quot;Not\u00edcias de Ribeir\u00e3o Preto-SP e Regi\u00e3o&quot;","block_context":{"text":"Not\u00edcias de Ribeir\u00e3o Preto-SP e Regi\u00e3o","link":"https:\/\/noticiasribeiraopreto.com.br\/index.php\/category\/noticias-de-ribeirao-preto-sp-e-regiao-ismael-colosi\/"},"img":{"alt_text":"","src":"https:\/\/i0.wp.com\/noticiasribeiraopreto.com.br\/wp-content\/uploads\/2024\/04\/Agrishow-Divulgacao-Agrishow.jpg?fit=1200%2C628&ssl=1&resize=350%2C200","width":350,"height":200,"srcset":"https:\/\/i0.wp.com\/noticiasribeiraopreto.com.br\/wp-content\/uploads\/2024\/04\/Agrishow-Divulgacao-Agrishow.jpg?fit=1200%2C628&ssl=1&resize=350%2C200 1x, https:\/\/i0.wp.com\/noticiasribeiraopreto.com.br\/wp-content\/uploads\/2024\/04\/Agrishow-Divulgacao-Agrishow.jpg?fit=1200%2C628&ssl=1&resize=525%2C300 1.5x, https:\/\/i0.wp.com\/noticiasribeiraopreto.com.br\/wp-content\/uploads\/2024\/04\/Agrishow-Divulgacao-Agrishow.jpg?fit=1200%2C628&ssl=1&resize=700%2C400 2x, https:\/\/i0.wp.com\/noticiasribeiraopreto.com.br\/wp-content\/uploads\/2024\/04\/Agrishow-Divulgacao-Agrishow.jpg?fit=1200%2C628&ssl=1&resize=1050%2C600 3x"},"classes":[]}],"jetpack_sharing_enabled":true,"jetpack_shortlink":"https:\/\/wp.me\/peQAOb-8P4","_links":{"self":[{"href":"https:\/\/noticiasribeiraopreto.com.br\/index.php\/wp-json\/wp\/v2\/posts\/33918","targetHints":{"allow":["GET"]}}],"collection":[{"href":"https:\/\/noticiasribeiraopreto.com.br\/index.php\/wp-json\/wp\/v2\/posts"}],"about":[{"href":"https:\/\/noticiasribeiraopreto.com.br\/index.php\/wp-json\/wp\/v2\/types\/post"}],"author":[{"embeddable":true,"href":"https:\/\/noticiasribeiraopreto.com.br\/index.php\/wp-json\/wp\/v2\/users\/1"}],"replies":[{"embeddable":true,"href":"https:\/\/noticiasribeiraopreto.com.br\/index.php\/wp-json\/wp\/v2\/comments?post=33918"}],"version-history":[{"count":0,"href":"https:\/\/noticiasribeiraopreto.com.br\/index.php\/wp-json\/wp\/v2\/posts\/33918\/revisions"}],"wp:featuredmedia":[{"embeddable":true,"href":"https:\/\/noticiasribeiraopreto.com.br\/index.php\/wp-json\/wp\/v2\/media\/33919"}],"wp:attachment":[{"href":"https:\/\/noticiasribeiraopreto.com.br\/index.php\/wp-json\/wp\/v2\/media?parent=33918"}],"wp:term":[{"taxonomy":"category","embeddable":true,"href":"https:\/\/noticiasribeiraopreto.com.br\/index.php\/wp-json\/wp\/v2\/categories?post=33918"},{"taxonomy":"post_tag","embeddable":true,"href":"https:\/\/noticiasribeiraopreto.com.br\/index.php\/wp-json\/wp\/v2\/tags?post=33918"}],"curies":[{"name":"wp","href":"https:\/\/api.w.org\/{rel}","templated":true}]}}