{"id":34195,"date":"2024-02-01T08:57:59","date_gmt":"2024-02-01T11:57:59","guid":{"rendered":"https:\/\/noticiasribeiraopreto.com.br\/index.php\/2024\/02\/01\/trecho-da-meira-junior-sera-interditada-nesta-quinta\/"},"modified":"2024-02-01T08:57:59","modified_gmt":"2024-02-01T11:57:59","slug":"trecho-da-meira-junior-sera-interditada-nesta-quinta","status":"publish","type":"post","link":"https:\/\/noticiasribeiraopreto.com.br\/index.php\/2024\/02\/01\/trecho-da-meira-junior-sera-interditada-nesta-quinta\/","title":{"rendered":"Trecho da Meira J\u00fanior ser\u00e1 interditada nesta quinta"},"content":{"rendered":"<div class='code-block code-block-1' style='margin: 8px 0 8px auto; text-align: right; display: block; clear: both;'>\n<p><a href=\"https:\/\/wa.link\/vpicfd\"><img data-recalc-dims=\"1\" class=\"wp-image-4922\" style=\"aspect-ratio: 2.0253164556962027; width: 561px; height: auto;\" src=\"https:\/\/i0.wp.com\/ismaelcolosi.com.br\/wp-content\/uploads\/2023\/11\/grupo-de-empregos-whatsapp-e-facebook-ismael-colosi-vagas.jpg?ssl=1\" alt=\"\" \/><\/a><\/p>\n<!-- \/wp:image -->\n<\/div>\n<p> <br \/>\n<\/p>\n<div id=\"post-372180\">\n<header class=\"entry-header penci-entry-header penci-title-center\">\n<p> <span class=\"entry-meta-item penci-posted-on\"><i class=\"fa fa-clock-o\"\/><time class=\"entry-date published\" datetime=\"2024-02-01T08:30:29-03:00\">1 de fevereiro de 2024 | 8:30<\/time><time class=\"updated\" datetime=\"2024-01-31T18:13:55-03:00\">31 de janeiro de 2024 | 18:13<\/time><\/span><\/p>\n<p> <span class=\"penci-social-buttons penci-social-share-footer\"><a href=\"#\" class=\"penci-post-like penci_post-meta_item  single-like-button penci-social-item like\" data-post_id=\"372180\" title=\"Like\" data-like=\"Like\" data-unlike=\"Unlike\"><i class=\"fa fa-thumbs-o-up\"\/><span class=\"penci-share-number\">0<\/span><\/a><i class=\"fa fa-facebook\"\/><a class=\"penci-social-item twitter\" target=\"_blank\" rel=\"noopener\" title=\"\" href=\"https:\/\/twitter.com\/intent\/tweet?text=Trecho%20da%20Meira%20J\u00fanior%20ser\u00e1%20interditada%20nesta%20quinta%20-%20https:\/\/www.tribunaribeirao.com.br\/site\/trecho-da-meira-junior-sera-interditada-nesta-quinta\/\"><i class=\"fa fa-twitter\"\/><\/a><i class=\"fa fa-whatsapp\"\/><\/span><\/header>\n<div class=\"penci-entry-content entry-content\">\n<p>A pista Centro\/Bairro da trincheira do complexo vi\u00e1rio Doutor Manoel Ferreira Le\u00e3o Netto, localizada no cruzamento das avenidas Meira Junior, Treze de Maio e Capit\u00e3o Salom\u00e3o, ser\u00e1 totalmente interditada na manh\u00e3 desta quinta-feira, dia 1\u00ba de fevereiro. O bloqueio da pista ser\u00e1 necess\u00e1rio para o servi\u00e7o de instala\u00e7\u00f5es el\u00e9tricas do local.<\/p>\n<p>Com o fechamento no complexo, o acesso \u00e0 avenida Cavalheiro Paschoal Innecchi ser\u00e1 realizado somente pela al\u00e7a lateral da avenida Meira J\u00fanior, com circula\u00e7\u00e3o pela rotat\u00f3ria da Pra\u00e7a da B\u00edblia.<\/p>\n<p>Com essa interven\u00e7\u00e3o vi\u00e1ria, a RP Mobi recomenda aos condutores que trafegam pela avenida Meira J\u00fanior a redobrarem a aten\u00e7\u00e3o e diminu\u00edrem a velocidade a fim de evitar sinistros de tr\u00e2nsito.<\/p>\n<p>Al\u00e9m disso, uma equipe t\u00e9cnica estar\u00e1 em monitoramento o andamento dos servi\u00e7os para garantir a seguran\u00e7a necess\u00e1ria aos condutores e pedestres na regi\u00e3o.<\/p>\n<p>De acordo com a RH Engenharia, empresa respons\u00e1vel por esta manuten\u00e7\u00e3o nas instala\u00e7\u00f5es el\u00e9tricas da trincheira, este bloqueio tem previs\u00e3o de in\u00edcio por volta das 9h, e de libera\u00e7\u00e3o para o tr\u00e1fego de ve\u00edculos por volta das 16h.<\/p>\n<\/div>\n<footer class=\"penci-entry-footer\"\/><\/div>\n<p><script async src=\"\/\/platform.twitter.com\/widgets.js\" charset=\"utf-8\"><\/script><br \/>\n<br \/><br \/>\n<br \/><a href=\"https:\/\/www.tribunaribeirao.com.br\/site\/trecho-da-meira-junior-sera-interditada-nesta-quinta\/\">Source link <\/a><\/p>\n<!-- CONTENT END 1 -->\n","protected":false},"excerpt":{"rendered":"<p>1 de fevereiro de 2024 | 8:3031 de janeiro de 2024 | 18:13 0 A pista Centro\/Bairro da trincheira do complexo vi\u00e1rio Doutor Manoel Ferreira&#8230;<\/p>\n","protected":false},"author":1,"featured_media":34196,"comment_status":"open","ping_status":"open","sticky":false,"template":"","format":"standard","meta":{"advanced_seo_description":"","jetpack_seo_html_title":"","jetpack_seo_noindex":false,"jetpack_post_was_ever_published":false,"_jetpack_newsletter_access":"","_jetpack_dont_email_post_to_subs":false,"_jetpack_newsletter_tier_id":0,"_jetpack_memberships_contains_paywalled_content":false,"_jetpack_memberships_contains_paid_content":false,"footnotes":"","jetpack_publicize_message":"","jetpack_publicize_feature_enabled":true,"jetpack_social_post_already_shared":true,"jetpack_social_options":{"image_generator_settings":{"template":"highway","default_image_id":0,"font":"","enabled":false},"version":2}},"categories":[11],"tags":[3871,3569,4014,207,884,172,933],"class_list":["post-34195","post","type-post","status-publish","format-standard","has-post-thumbnail","hentry","category-noticias-de-ribeirao-preto-sp-e-regiao-ismael-colosi","tag-interditada","tag-junior","tag-meira","tag-nesta","tag-quinta","tag-sera","tag-trecho"],"jetpack_publicize_connections":[],"jetpack_featured_media_url":"https:\/\/i0.wp.com\/noticiasribeiraopreto.com.br\/wp-content\/uploads\/2024\/02\/interdicao_trincheira_meira_junior_2-scaled.jpg?fit=1000%2C563&ssl=1","jetpack-related-posts":[{"id":61167,"url":"https:\/\/noticiasribeiraopreto.com.br\/index.php\/2024\/12\/05\/carro-derruba-poste-de-sinalizacao-na-avenida-meira-junior-em-ribeirao-preto\/","url_meta":{"origin":34195,"position":0},"title":"Carro derruba poste de sinaliza\u00e7\u00e3o na avenida Meira J\u00fanior em Ribeir\u00e3o Preto","author":"noticiasribeiraopreto.com.br","date":"5 de December de 2024","format":false,"excerpt":"Um carro derrubou um poste de sinaliza\u00e7\u00e3o do corredor de \u00f4nibus na madrugada desta quinta-feira (5), na avenida Meira J\u00fanior, em Ribeir\u00e3o Preto. A colis\u00e3o ocorreu por volta das 4h, na altura da liga\u00e7\u00e3o com a rua Cear\u00e1, e a PM (Pol\u00edcia Militar) informou que o motorista abandonou o ve\u00edculo\u2026","rel":"","context":"In &quot;Not\u00edcias de Ribeir\u00e3o Preto-SP e Regi\u00e3o&quot;","block_context":{"text":"Not\u00edcias de Ribeir\u00e3o Preto-SP e Regi\u00e3o","link":"https:\/\/noticiasribeiraopreto.com.br\/index.php\/category\/noticias-de-ribeirao-preto-sp-e-regiao-ismael-colosi\/"},"img":{"alt_text":"","src":"https:\/\/i0.wp.com\/noticiasribeiraopreto.com.br\/wp-content\/uploads\/2024\/12\/CARRO-POSTE_2024-12-05_11-42-20_jpg_2024-12-05_11-42-20.webp.webp?fit=1200%2C703&ssl=1&resize=350%2C200","width":350,"height":200,"srcset":"https:\/\/i0.wp.com\/noticiasribeiraopreto.com.br\/wp-content\/uploads\/2024\/12\/CARRO-POSTE_2024-12-05_11-42-20_jpg_2024-12-05_11-42-20.webp.webp?fit=1200%2C703&ssl=1&resize=350%2C200 1x, https:\/\/i0.wp.com\/noticiasribeiraopreto.com.br\/wp-content\/uploads\/2024\/12\/CARRO-POSTE_2024-12-05_11-42-20_jpg_2024-12-05_11-42-20.webp.webp?fit=1200%2C703&ssl=1&resize=525%2C300 1.5x, https:\/\/i0.wp.com\/noticiasribeiraopreto.com.br\/wp-content\/uploads\/2024\/12\/CARRO-POSTE_2024-12-05_11-42-20_jpg_2024-12-05_11-42-20.webp.webp?fit=1200%2C703&ssl=1&resize=700%2C400 2x, https:\/\/i0.wp.com\/noticiasribeiraopreto.com.br\/wp-content\/uploads\/2024\/12\/CARRO-POSTE_2024-12-05_11-42-20_jpg_2024-12-05_11-42-20.webp.webp?fit=1200%2C703&ssl=1&resize=1050%2C600 3x"},"classes":[]},{"id":39706,"url":"https:\/\/noticiasribeiraopreto.com.br\/index.php\/2024\/02\/27\/marginal-da-anhanguera-proximo-ao-jardim-ouro-branco-sera-interditada-nesta-quarta\/","url_meta":{"origin":34195,"position":1},"title":"Marginal da Anhanguera pr\u00f3ximo ao Jardim Ouro Branco ser\u00e1 interditada nesta quarta","author":"noticiasribeiraopreto.com.br","date":"27 de February de 2024","format":false,"excerpt":"27 de fevereiro de 2024 | 18:0026 de fevereiro de 2024 | 16:41 0A Arteris ViaPaulista far\u00e1 a interdi\u00e7\u00e3o da marginal norte da Rodovia Anhanguera (SP-330) no sentido capital-interior, entre o km 312+794 e 313+449, a partir desta quarta-feira (28) at\u00e9 3 de mar\u00e7o. O trecho est\u00e1 localizado pr\u00f3ximo ao\u2026","rel":"","context":"In &quot;Not\u00edcias de Ribeir\u00e3o Preto-SP e Regi\u00e3o&quot;","block_context":{"text":"Not\u00edcias de Ribeir\u00e3o Preto-SP e Regi\u00e3o","link":"https:\/\/noticiasribeiraopreto.com.br\/index.php\/category\/noticias-de-ribeirao-preto-sp-e-regiao-ismael-colosi\/"},"img":{"alt_text":"","src":"https:\/\/i0.wp.com\/noticiasribeiraopreto.com.br\/wp-content\/uploads\/2024\/02\/desvio_anhanguera__26.02_h8v2cfl.original.jpg?fit=493%2C489&ssl=1&resize=350%2C200","width":350,"height":200},"classes":[]},{"id":42496,"url":"https:\/\/noticiasribeiraopreto.com.br\/index.php\/2024\/03\/14\/entenda-o-por-que-a-rodovia-anhanguera-em-ribeirao-preto-ficou-interditada-nesta-quinta\/","url_meta":{"origin":34195,"position":2},"title":"Entenda o por que a rodovia Anhanguera em Ribeir\u00e3o Preto ficou interditada nesta quinta","author":"noticiasribeiraopreto.com.br","date":"14 de March de 2024","format":false,"excerpt":"Dois acidentes provocaram congestionamento de at\u00e9 cinco quil\u00f4metros no fim da tarde desta quinta-feira (14), entre os quil\u00f4metros 311 e 314 da rodovia Anhanguera (SP 3330) em Ribeir\u00e3o Preto (veja v\u00eddeo abaixo). Segundo a concession\u00e1ria que administra o trecho, o primeiro acidente aconteceu por volta das 17h30 no km 311\u2026","rel":"","context":"In &quot;Not\u00edcias de Ribeir\u00e3o Preto-SP e Regi\u00e3o&quot;","block_context":{"text":"Not\u00edcias de Ribeir\u00e3o Preto-SP e Regi\u00e3o","link":"https:\/\/noticiasribeiraopreto.com.br\/index.php\/category\/noticias-de-ribeirao-preto-sp-e-regiao-ismael-colosi\/"},"img":{"alt_text":"","src":"https:\/\/i0.wp.com\/noticiasribeiraopreto.com.br\/wp-content\/uploads\/2024\/03\/Copia-de-Copia-de-TAMANHO-EXATO-PARA-FOTOS-NO-SISTEMA-NOVO-54.jpg?fit=1200%2C675&ssl=1&resize=350%2C200","width":350,"height":200,"srcset":"https:\/\/i0.wp.com\/noticiasribeiraopreto.com.br\/wp-content\/uploads\/2024\/03\/Copia-de-Copia-de-TAMANHO-EXATO-PARA-FOTOS-NO-SISTEMA-NOVO-54.jpg?fit=1200%2C675&ssl=1&resize=350%2C200 1x, https:\/\/i0.wp.com\/noticiasribeiraopreto.com.br\/wp-content\/uploads\/2024\/03\/Copia-de-Copia-de-TAMANHO-EXATO-PARA-FOTOS-NO-SISTEMA-NOVO-54.jpg?fit=1200%2C675&ssl=1&resize=525%2C300 1.5x, https:\/\/i0.wp.com\/noticiasribeiraopreto.com.br\/wp-content\/uploads\/2024\/03\/Copia-de-Copia-de-TAMANHO-EXATO-PARA-FOTOS-NO-SISTEMA-NOVO-54.jpg?fit=1200%2C675&ssl=1&resize=700%2C400 2x, https:\/\/i0.wp.com\/noticiasribeiraopreto.com.br\/wp-content\/uploads\/2024\/03\/Copia-de-Copia-de-TAMANHO-EXATO-PARA-FOTOS-NO-SISTEMA-NOVO-54.jpg?fit=1200%2C675&ssl=1&resize=1050%2C600 3x"},"classes":[]},{"id":5478,"url":"https:\/\/noticiasribeiraopreto.com.br\/index.php\/2023\/11\/23\/pichacoes-provocam-nova-interdicao-em-ribeirao-preto-veja-o-local\/","url_meta":{"origin":34195,"position":3},"title":"Picha\u00e7\u00f5es provocam nova interdi\u00e7\u00e3o em Ribeir\u00e3o Preto; Veja o local","author":"noticiasribeiraopreto.com.br","date":"23 de November de 2023","format":false,"excerpt":"A trincheira da avenida Meira J\u00fanior, em Ribeir\u00e3o Preto, ser\u00e1 interditada na manh\u00e3 desta sexta-feira (24). Segundo a prefeitura, o bloqueio \u00e9 necess\u00e1rio para que seja realizado o servi\u00e7o de pintura por conta de picha\u00e7\u00f5es no local. A Secretaria Infraestrutura informou que o bloqueio tem previs\u00e3o de in\u00edcio \u00e0s 9h.\u2026","rel":"","context":"In &quot;Not\u00edcias de Ribeir\u00e3o Preto-SP e Regi\u00e3o&quot;","block_context":{"text":"Not\u00edcias de Ribeir\u00e3o Preto-SP e Regi\u00e3o","link":"https:\/\/noticiasribeiraopreto.com.br\/index.php\/category\/noticias-de-ribeirao-preto-sp-e-regiao-ismael-colosi\/"},"img":{"alt_text":"","src":"https:\/\/i0.wp.com\/noticiasribeiraopreto.com.br\/wp-content\/uploads\/2023\/11\/trincheira-avenida-meira-junior.jpg?fit=1200%2C675&ssl=1&resize=350%2C200","width":350,"height":200,"srcset":"https:\/\/i0.wp.com\/noticiasribeiraopreto.com.br\/wp-content\/uploads\/2023\/11\/trincheira-avenida-meira-junior.jpg?fit=1200%2C675&ssl=1&resize=350%2C200 1x, https:\/\/i0.wp.com\/noticiasribeiraopreto.com.br\/wp-content\/uploads\/2023\/11\/trincheira-avenida-meira-junior.jpg?fit=1200%2C675&ssl=1&resize=525%2C300 1.5x, https:\/\/i0.wp.com\/noticiasribeiraopreto.com.br\/wp-content\/uploads\/2023\/11\/trincheira-avenida-meira-junior.jpg?fit=1200%2C675&ssl=1&resize=700%2C400 2x, https:\/\/i0.wp.com\/noticiasribeiraopreto.com.br\/wp-content\/uploads\/2023\/11\/trincheira-avenida-meira-junior.jpg?fit=1200%2C675&ssl=1&resize=1050%2C600 3x"},"classes":[]},{"id":76832,"url":"https:\/\/noticiasribeiraopreto.com.br\/index.php\/2025\/09\/06\/veja-quais-ruas-de-ribeirao-preto-estarao-interditadas-para-o-desfile-de-7-de-setembro\/","url_meta":{"origin":34195,"position":4},"title":"Veja quais ruas de Ribeir\u00e3o Preto estar\u00e3o interditadas para o desfile de 7 de Setembro","author":"noticiasribeiraopreto.com.br","date":"6 de September de 2025","format":false,"excerpt":"A avenida Cavalheiro Paschoal Innechi, em Ribeir\u00e3o Preto, ser\u00e1 interditada nos dois sentidos neste domingo (7), juntamente com as vias paralelas, em raz\u00e3o do desfile c\u00edvico do Dia da Independ\u00eancia do Brasil. De acordo com a RP Mobi, todas as vias paralelas \u00e0 avenida, entre a avenida Paris e a\u2026","rel":"","context":"In &quot;Not\u00edcias de Ribeir\u00e3o Preto-SP e Regi\u00e3o&quot;","block_context":{"text":"Not\u00edcias de Ribeir\u00e3o Preto-SP e Regi\u00e3o","link":"https:\/\/noticiasribeiraopreto.com.br\/index.php\/category\/noticias-de-ribeirao-preto-sp-e-regiao-ismael-colosi\/"},"img":{"alt_text":"","src":"https:\/\/i0.wp.com\/noticiasribeiraopreto.com.br\/wp-content\/uploads\/2025\/09\/7-de-setembro_2024-09-07_12-22-06_jpeg_2024-09-07_12-22-06.webp.webp?fit=1200%2C900&ssl=1&resize=350%2C200","width":350,"height":200,"srcset":"https:\/\/i0.wp.com\/noticiasribeiraopreto.com.br\/wp-content\/uploads\/2025\/09\/7-de-setembro_2024-09-07_12-22-06_jpeg_2024-09-07_12-22-06.webp.webp?fit=1200%2C900&ssl=1&resize=350%2C200 1x, https:\/\/i0.wp.com\/noticiasribeiraopreto.com.br\/wp-content\/uploads\/2025\/09\/7-de-setembro_2024-09-07_12-22-06_jpeg_2024-09-07_12-22-06.webp.webp?fit=1200%2C900&ssl=1&resize=525%2C300 1.5x, https:\/\/i0.wp.com\/noticiasribeiraopreto.com.br\/wp-content\/uploads\/2025\/09\/7-de-setembro_2024-09-07_12-22-06_jpeg_2024-09-07_12-22-06.webp.webp?fit=1200%2C900&ssl=1&resize=700%2C400 2x, https:\/\/i0.wp.com\/noticiasribeiraopreto.com.br\/wp-content\/uploads\/2025\/09\/7-de-setembro_2024-09-07_12-22-06_jpeg_2024-09-07_12-22-06.webp.webp?fit=1200%2C900&ssl=1&resize=1050%2C600 3x"},"classes":[]},{"id":81927,"url":"https:\/\/noticiasribeiraopreto.com.br\/index.php\/2026\/01\/30\/corrego-de-ribeirao-preto-recebe-limpeza-com-retroescavadeira\/","url_meta":{"origin":34195,"position":5},"title":"C\u00f3rrego de Ribeir\u00e3o Preto recebe limpeza com retroescavadeira","author":"noticiasribeiraopreto.com.br","date":"30 de January de 2026","format":false,"excerpt":"A Secretaria de Infraestrutura e Zeladoria de Ribeir\u00e3o Preto come\u00e7ou nesta quinta-feira (29) uma a\u00e7\u00e3o experimental de limpeza dos c\u00f3rregos que cortam a cidade. O servi\u00e7o de remo\u00e7\u00e3o de res\u00edduos acumulado no leito do c\u00f3rrego \u00e9 realizado com uma retroescavadeira e tr\u00eas caminh\u00f5es. O trabalho come\u00e7ou no c\u00f3rrego Retiro Saudoso,\u2026","rel":"","context":"In &quot;Not\u00edcias de Ribeir\u00e3o Preto-SP e Regi\u00e3o&quot;","block_context":{"text":"Not\u00edcias de Ribeir\u00e3o Preto-SP e Regi\u00e3o","link":"https:\/\/noticiasribeiraopreto.com.br\/index.php\/category\/noticias-de-ribeirao-preto-sp-e-regiao-ismael-colosi\/"},"img":{"alt_text":"","src":"https:\/\/i0.wp.com\/noticiasribeiraopreto.com.br\/wp-content\/uploads\/2026\/01\/retroescavadeira2_2026-01-29_19-07-24.webp.webp?fit=1200%2C800&ssl=1&resize=350%2C200","width":350,"height":200,"srcset":"https:\/\/i0.wp.com\/noticiasribeiraopreto.com.br\/wp-content\/uploads\/2026\/01\/retroescavadeira2_2026-01-29_19-07-24.webp.webp?fit=1200%2C800&ssl=1&resize=350%2C200 1x, https:\/\/i0.wp.com\/noticiasribeiraopreto.com.br\/wp-content\/uploads\/2026\/01\/retroescavadeira2_2026-01-29_19-07-24.webp.webp?fit=1200%2C800&ssl=1&resize=525%2C300 1.5x, https:\/\/i0.wp.com\/noticiasribeiraopreto.com.br\/wp-content\/uploads\/2026\/01\/retroescavadeira2_2026-01-29_19-07-24.webp.webp?fit=1200%2C800&ssl=1&resize=700%2C400 2x, https:\/\/i0.wp.com\/noticiasribeiraopreto.com.br\/wp-content\/uploads\/2026\/01\/retroescavadeira2_2026-01-29_19-07-24.webp.webp?fit=1200%2C800&ssl=1&resize=1050%2C600 3x"},"classes":[]}],"jetpack_sharing_enabled":true,"jetpack_shortlink":"https:\/\/wp.me\/peQAOb-8Tx","_links":{"self":[{"href":"https:\/\/noticiasribeiraopreto.com.br\/index.php\/wp-json\/wp\/v2\/posts\/34195","targetHints":{"allow":["GET"]}}],"collection":[{"href":"https:\/\/noticiasribeiraopreto.com.br\/index.php\/wp-json\/wp\/v2\/posts"}],"about":[{"href":"https:\/\/noticiasribeiraopreto.com.br\/index.php\/wp-json\/wp\/v2\/types\/post"}],"author":[{"embeddable":true,"href":"https:\/\/noticiasribeiraopreto.com.br\/index.php\/wp-json\/wp\/v2\/users\/1"}],"replies":[{"embeddable":true,"href":"https:\/\/noticiasribeiraopreto.com.br\/index.php\/wp-json\/wp\/v2\/comments?post=34195"}],"version-history":[{"count":0,"href":"https:\/\/noticiasribeiraopreto.com.br\/index.php\/wp-json\/wp\/v2\/posts\/34195\/revisions"}],"wp:featuredmedia":[{"embeddable":true,"href":"https:\/\/noticiasribeiraopreto.com.br\/index.php\/wp-json\/wp\/v2\/media\/34196"}],"wp:attachment":[{"href":"https:\/\/noticiasribeiraopreto.com.br\/index.php\/wp-json\/wp\/v2\/media?parent=34195"}],"wp:term":[{"taxonomy":"category","embeddable":true,"href":"https:\/\/noticiasribeiraopreto.com.br\/index.php\/wp-json\/wp\/v2\/categories?post=34195"},{"taxonomy":"post_tag","embeddable":true,"href":"https:\/\/noticiasribeiraopreto.com.br\/index.php\/wp-json\/wp\/v2\/tags?post=34195"}],"curies":[{"name":"wp","href":"https:\/\/api.w.org\/{rel}","templated":true}]}}