{"id":34255,"date":"2024-02-01T13:22:56","date_gmt":"2024-02-01T16:22:56","guid":{"rendered":"https:\/\/noticiasribeiraopreto.com.br\/index.php\/2024\/02\/01\/gas-de-cozinha-sobe-com-icms\/"},"modified":"2024-02-01T13:22:56","modified_gmt":"2024-02-01T16:22:56","slug":"gas-de-cozinha-sobe-com-icms","status":"publish","type":"post","link":"https:\/\/noticiasribeiraopreto.com.br\/index.php\/2024\/02\/01\/gas-de-cozinha-sobe-com-icms\/","title":{"rendered":"G\u00e1s de cozinha sobe com ICMS\u00a0"},"content":{"rendered":"<div class='code-block code-block-1' style='margin: 8px 0 8px auto; text-align: right; display: block; clear: both;'>\n<p><a href=\"https:\/\/wa.link\/vpicfd\"><img data-recalc-dims=\"1\" class=\"wp-image-4922\" style=\"aspect-ratio: 2.0253164556962027; width: 561px; height: auto;\" src=\"https:\/\/i0.wp.com\/ismaelcolosi.com.br\/wp-content\/uploads\/2023\/11\/grupo-de-empregos-whatsapp-e-facebook-ismael-colosi-vagas.jpg?ssl=1\" alt=\"\" \/><\/a><\/p>\n<!-- \/wp:image -->\n<\/div>\n<p> <br \/>\n<\/p>\n<div>\n<p><span class=\"TextRun SCXW157705199 BCX0\" lang=\"PT-BR\" xml:lang=\"PT-BR\" data-contrast=\"auto\"><span class=\"NormalTextRun SCXW157705199 BCX0\">A partir de<\/span><span class=\"NormalTextRun SCXW157705199 BCX0\">sta<\/span><span class=\"NormalTextRun SCXW157705199 BCX0\"> quinta-feira, 1<\/span><span class=\"NormalTextRun SCXW157705199 BCX0\">\u00ba<\/span><span class=\"NormalTextRun SCXW157705199 BCX0\"> de fevereiro, os pre\u00e7os da gasolina, do diesel e do botij\u00e3o de g\u00e1s <\/span><span class=\"NormalTextRun SCXW157705199 BCX0\">de cozinha <\/span><span class=\"NormalTextRun SCXW157705199 BCX0\">\u2013<\/span><span class=\"NormalTextRun SCXW157705199 BCX0\"> g\u00e1s liquefeito de petr\u00f3leo (GLP) <\/span><span class=\"NormalTextRun SCXW157705199 BCX0\">\u2013<\/span> <span class=\"NormalTextRun SCXW157705199 BCX0\">ficar\u00e3o mais caros com o in\u00edcio da vig\u00eancia de novas al\u00edquotas do Imposto sobre <\/span><span class=\"NormalTextRun SCXW157705199 BCX0\">Circula\u00e7\u00e3o de Mercadorias e Servi\u00e7os <\/span><span class=\"NormalTextRun SCXW157705199 BCX0\">(ICMS), <\/span><span class=\"NormalTextRun SCXW157705199 BCX0\">aprovadas pelos governos estaduais em outubro<\/span><span class=\"NormalTextRun SCXW157705199 BCX0\"> do ano passado<\/span><span class=\"NormalTextRun SCXW157705199 BCX0\">.<\/span><\/span><span class=\"LineBreakBlob BlobObject DragDrop SCXW157705199 BCX0\"><span class=\"SCXW157705199 BCX0\">\u00a0<\/span><br class=\"SCXW157705199 BCX0\"\/><\/span><span class=\"LineBreakBlob BlobObject DragDrop SCXW157705199 BCX0\"><span class=\"SCXW157705199 BCX0\">\u00a0<\/span><br class=\"SCXW157705199 BCX0\"\/><\/span><span class=\"TextRun SCXW157705199 BCX0\" lang=\"PT-BR\" xml:lang=\"PT-BR\" data-contrast=\"auto\"><span class=\"NormalTextRun SCXW157705199 BCX0\">O<\/span><span class=\"NormalTextRun SCXW157705199 BCX0\"> ICMS da gasolina vai subir R$ 0,15, <\/span><span class=\"NormalTextRun SCXW157705199 BCX0\">de R$ 1,22 <\/span><span class=\"NormalTextRun SCXW157705199 BCX0\">para R$ 1,37 por litro<\/span><span class=\"NormalTextRun SCXW157705199 BCX0\"> (12,3%)<\/span><span class=\"NormalTextRun SCXW157705199 BCX0\">.<\/span> <span class=\"NormalTextRun SCXW157705199 BCX0\">No diesel, a alta ser\u00e1 de R$ 0,12, <\/span><span class=\"NormalTextRun SCXW157705199 BCX0\">de R$ 0,94 <\/span><span class=\"NormalTextRun SCXW157705199 BCX0\">para R$ 1,06 por litro<\/span><span class=\"NormalTextRun SCXW157705199 BCX0\"> (12,77%)<\/span><span class=\"NormalTextRun SCXW157705199 BCX0\">. J\u00e1 a al\u00edquota do g\u00e1s de cozinha foi definida em R$ 1,41 por quilo, aumento de R$ 0,16 em rela\u00e7\u00e3o ao pre\u00e7o atual<\/span><span class=\"NormalTextRun SCXW157705199 BCX0\"> de R$ 1,25 (reajuste de 12,8%)<\/span><span class=\"NormalTextRun SCXW157705199 BCX0\">. <\/span><\/span><span class=\"LineBreakBlob BlobObject DragDrop SCXW157705199 BCX0\"><span class=\"SCXW157705199 BCX0\">\u00a0<\/span><br class=\"SCXW157705199 BCX0\"\/><\/span><span class=\"LineBreakBlob BlobObject DragDrop SCXW157705199 BCX0\"><span class=\"SCXW157705199 BCX0\">\u00a0<\/span><br class=\"SCXW157705199 BCX0\"\/><\/span><span class=\"TextRun SCXW157705199 BCX0\" lang=\"PT-BR\" xml:lang=\"PT-BR\" data-contrast=\"auto\"><span class=\"NormalTextRun SCXW157705199 BCX0\">Esse \u00e9 o primeiro aumento do ICMS ap\u00f3s a mudan\u00e7a do modelo de cobran\u00e7a do<\/span><span class=\"NormalTextRun SCXW157705199 BCX0\"> tributo<\/span><span class=\"NormalTextRun SCXW157705199 BCX0\">, que passou a ter al\u00edquotas em reais por litro e n\u00e3o mais em percentual sobre um pre\u00e7o estimado de bomba dos produtos.<\/span> <span class=\"NormalTextRun SCXW157705199 BCX0\">Os novos valores ter\u00e3o vig\u00eancia at\u00e9 o final do ano. A decis\u00e3o <\/span><span class=\"NormalTextRun SCXW157705199 BCX0\">\u00e9 <\/span><span class=\"NormalTextRun SCXW157705199 BCX0\">do Comit\u00ea Nacional de Secret\u00e1rios de Estado da Fazenda (<\/span><span class=\"NormalTextRun SpellingErrorV2Themed SCXW157705199 BCX0\">Comsefaz<\/span><span class=\"NormalTextRun SCXW157705199 BCX0\">)<\/span><\/span><span class=\"LineBreakBlob BlobObject DragDrop SCXW157705199 BCX0\"><span class=\"SCXW157705199 BCX0\">\u00a0<\/span><br class=\"SCXW157705199 BCX0\"\/><\/span><span class=\"LineBreakBlob BlobObject DragDrop SCXW157705199 BCX0\"><span class=\"SCXW157705199 BCX0\">\u00a0<\/span><br class=\"SCXW157705199 BCX0\"\/><\/span><span class=\"TextRun SCXW157705199 BCX0\" lang=\"PT-BR\" xml:lang=\"PT-BR\" data-contrast=\"auto\"><span class=\"NormalTextRun SCXW157705199 BCX0\">Segundo o <\/span><span class=\"NormalTextRun SpellingErrorV2Themed SCXW157705199 BCX0\">Comsefaz<\/span><span class=\"NormalTextRun SCXW157705199 BCX0\">, o aumento considera a atualiza\u00e7\u00e3o pela infla\u00e7\u00e3o no per\u00edodo de novembro de 2021, quando a base de incid\u00eancia do imposto foi fixada conforme valores m\u00e9dios de venda.<\/span> <span class=\"NormalTextRun SCXW157705199 BCX0\">De acordo com o comit\u00ea, essa foi uma \u201cforma de mitigar a instabilidade do impacto da ent\u00e3o pol\u00edtica de pre\u00e7os praticada pela Petrobras\u201d.<\/span><\/span><span class=\"LineBreakBlob BlobObject DragDrop SCXW157705199 BCX0\"><span class=\"SCXW157705199 BCX0\">\u00a0<\/span><br class=\"SCXW157705199 BCX0\"\/><\/span><span class=\"LineBreakBlob BlobObject DragDrop SCXW157705199 BCX0\"><span class=\"SCXW157705199 BCX0\">\u00a0<\/span><br class=\"SCXW157705199 BCX0\"\/><\/span><span class=\"TextRun SCXW157705199 BCX0\" lang=\"PT-BR\" xml:lang=\"PT-BR\" data-contrast=\"auto\"><span class=\"NormalTextRun SCXW157705199 BCX0\">O ICMS sobre o diesel, gasolina e g\u00e1s de cozinha \u00e9 <\/span><span class=\"NormalTextRun SCXW157705199 BCX0\">\u201c<\/span><span class=\"NormalTextRun SCXW157705199 BCX0\">ad <\/span><span class=\"NormalTextRun SCXW157705199 BCX0\">rem<\/span><span class=\"NormalTextRun SCXW157705199 BCX0\">\u201d<\/span><span class=\"NormalTextRun SCXW157705199 BCX0\"> \u2013 ou seja, o valor \u00e9 fixo por litro ou <\/span><span class=\"NormalTextRun SCXW157705199 BCX0\">quilo <\/span><span class=\"NormalTextRun SCXW157705199 BCX0\">de combust\u00edvel.<\/span> <span class=\"NormalTextRun SCXW157705199 BCX0\">O imposto estadual \u00e9 parte do valor final dos combust\u00edveis. O pre\u00e7o \u00e9 composto por valor dos combust\u00edveis nas refinarias, margens de distribui\u00e7\u00e3o e revenda, al\u00e9m de impostos federais e estaduais.<\/span><\/span><span class=\"LineBreakBlob BlobObject DragDrop SCXW157705199 BCX0\"><span class=\"SCXW157705199 BCX0\">\u00a0<\/span><br class=\"SCXW157705199 BCX0\"\/><\/span><span class=\"LineBreakBlob BlobObject DragDrop SCXW157705199 BCX0\"><span class=\"SCXW157705199 BCX0\">\u00a0<\/span><br class=\"SCXW157705199 BCX0\"\/><\/span><span class=\"TextRun SCXW157705199 BCX0\" lang=\"PT-BR\" xml:lang=\"PT-BR\" data-contrast=\"none\"><span class=\"NormalTextRun SCXW157705199 BCX0\">Segundo<\/span><span class=\"NormalTextRun SCXW157705199 BCX0\"> o<\/span><span class=\"NormalTextRun SCXW157705199 BCX0\"> levantamento <\/span><span class=\"NormalTextRun SCXW157705199 BCX0\">mais recente <\/span><span class=\"NormalTextRun SCXW157705199 BCX0\">da Ag\u00eancia Nacional do Petr\u00f3leo, G\u00e1s Natural e <\/span><span class=\"NormalTextRun SCXW157705199 BCX0\">Biocombust\u00edveis<\/span><span class=\"NormalTextRun SCXW157705199 BCX0\"> (ANP), realizado entre 21 e 27 de janeiro, o litro do etanol vendido em Ribeir\u00e3o Preto custa, em m\u00e9dia, R$ 3,60 (m\u00ednimo de R$ 3,32 e m\u00e1ximo de R$ 3,79). A gasolina sai por R$ 5,65 (piso de R$ 5,32 e teto de R$ 5,99). <\/span><\/span><span class=\"LineBreakBlob BlobObject DragDrop SCXW157705199 BCX0\"><span class=\"SCXW157705199 BCX0\">\u00a0<\/span><br class=\"SCXW157705199 BCX0\"\/><\/span><span class=\"LineBreakBlob BlobObject DragDrop SCXW157705199 BCX0\"><span class=\"SCXW157705199 BCX0\">\u00a0<\/span><br class=\"SCXW157705199 BCX0\"\/><\/span><span class=\"TextRun SCXW157705199 BCX0\" lang=\"PT-BR\" xml:lang=\"PT-BR\" data-contrast=\"none\"><span class=\"NormalTextRun SCXW157705199 BCX0\">O litro do diesel custa, em m\u00e9dia, R$ 5,82 (m\u00ednimo de R$ 5,47 e m\u00e1ximo de R$ 6,29). <\/span><span class=\"NormalTextRun SCXW157705199 BCX0\">O botij\u00e3o de 13 quilos do g\u00e1s de cozinha sai por R$ <\/span><\/span><span class=\"TextRun SCXW157705199 BCX0\" lang=\"PT-BR\" xml:lang=\"PT-BR\" data-contrast=\"auto\"><span class=\"NormalTextRun SCXW157705199 BCX0\">104,22<\/span><span class=\"NormalTextRun SCXW157705199 BCX0\"> (piso de R$ <\/span><span class=\"NormalTextRun SCXW157705199 BCX0\">84,99<\/span><span class=\"NormalTextRun SCXW157705199 BCX0\"> e teto de R$ <\/span><span class=\"NormalTextRun SCXW157705199 BCX0\">124,99<\/span><span class=\"NormalTextRun SCXW157705199 BCX0\">). Com o reajuste de R$ 0,15, o litro da gasolina saltar\u00e1 para cerca de R$ 5,80 e o do diesel vai para R$ 5,94. J\u00e1 o botij\u00e3o de GLP-13 subir\u00e1 para aproximadamente R$ 105,55, em m\u00e9dia. <\/span><\/span><span class=\"LineBreakBlob BlobObject DragDrop SCXW157705199 BCX0\"><span class=\"SCXW157705199 BCX0\">\u00a0<\/span><br class=\"SCXW157705199 BCX0\"\/><\/span><span class=\"LineBreakBlob BlobObject DragDrop SCXW157705199 BCX0\"><span class=\"SCXW157705199 BCX0\">\u00a0<\/span><br class=\"SCXW157705199 BCX0\"\/><\/span><span class=\"TextRun SCXW157705199 BCX0\" lang=\"PT-BR\" xml:lang=\"PT-BR\" data-contrast=\"none\"><span class=\"NormalTextRun SCXW157705199 BCX0\">A paridade entre o etanol e a gasolina est\u00e1 em 63,7%, abaixo do limite \u2013 atingiu 80,5% no final de 2021. Voltou a ser vantajoso abastecer com \u00e1lcool porque esta rela\u00e7\u00e3o n\u00e3o supera 70%.<\/span> <span class=\"NormalTextRun SCXW157705199 BCX0\">A g<\/span><span class=\"NormalTextRun SCXW157705199 BCX0\">asolina aditivada sai por R$ 5,71<\/span><span class=\"NormalTextRun SCXW157705199 BCX0\"> (m\u00ednimo de R$ 5,<\/span><span class=\"NormalTextRun SCXW157705199 BCX0\">32<\/span><span class=\"NormalTextRun SCXW157705199 BCX0\"> e m\u00e1ximo de R$ <\/span><span class=\"NormalTextRun SCXW157705199 BCX0\">6<\/span><span class=\"NormalTextRun SCXW157705199 BCX0\">,<\/span><span class=\"NormalTextRun SCXW157705199 BCX0\">09<\/span><span class=\"NormalTextRun SCXW157705199 BCX0\">). O litro do \u00f3leo diesel S-10 <\/span><span class=\"NormalTextRun SCXW157705199 BCX0\">custa <\/span><span class=\"NormalTextRun SCXW157705199 BCX0\">R$ <\/span><span class=\"NormalTextRun SCXW157705199 BCX0\">5,85 <\/span><span class=\"NormalTextRun SCXW157705199 BCX0\">(piso de R$ <\/span><span class=\"NormalTextRun SCXW157705199 BCX0\">5,47 <\/span><span class=\"NormalTextRun SCXW157705199 BCX0\">e teto de R$ <\/span><span class=\"NormalTextRun SCXW157705199 BCX0\">6,4<\/span><span class=\"NormalTextRun SCXW157705199 BCX0\">9).<\/span><\/span><span class=\"LineBreakBlob BlobObject DragDrop SCXW157705199 BCX0\"><span class=\"SCXW157705199 BCX0\">\u00a0<\/span><br class=\"SCXW157705199 BCX0\"\/><\/span><span class=\"LineBreakBlob BlobObject DragDrop SCXW157705199 BCX0\"><span class=\"SCXW157705199 BCX0\">\u00a0<\/span><br class=\"SCXW157705199 BCX0\"\/><\/span><span class=\"TextRun SCXW157705199 BCX0\" lang=\"PT-BR\" xml:lang=\"PT-BR\" data-contrast=\"auto\"><span class=\"NormalTextRun SCXW157705199 BCX0\">Segundo Fernando Roca, presidente do N\u00facleo Postos Ribeir\u00e3o Preto, <\/span><span class=\"NormalTextRun SCXW157705199 BCX0\">o pre\u00e7o do etanol tamb\u00e9m deve subir.\u00a0 <\/span><span class=\"NormalTextRun SCXW157705199 BCX0\">Com a entressafra da cana-de-a\u00e7\u00facar, o <\/span><span class=\"NormalTextRun SCXW157705199 BCX0\">valor <\/span><span class=\"NormalTextRun SCXW157705199 BCX0\">do litro <\/span><span class=\"NormalTextRun SCXW157705199 BCX0\">disparou <\/span><span class=\"NormalTextRun SCXW157705199 BCX0\">das usinas para as distribuidoras e das distribuidoras para os postos<\/span><span class=\"NormalTextRun SCXW157705199 BCX0\">, informa a <\/span><span class=\"NormalTextRun SCXW157705199 BCX0\">associa\u00e7\u00e3o independente que re\u00fane 100 revendedores da cidade e regi\u00e3o. <\/span><\/span><span class=\"LineBreakBlob BlobObject DragDrop SCXW157705199 BCX0\"><span class=\"SCXW157705199 BCX0\">\u00a0<\/span><br class=\"SCXW157705199 BCX0\"\/><\/span><span class=\"LineBreakBlob BlobObject DragDrop SCXW157705199 BCX0\"><span class=\"SCXW157705199 BCX0\">\u00a0<\/span><br class=\"SCXW157705199 BCX0\"\/><\/span><span class=\"TextRun SCXW157705199 BCX0\" lang=\"PT-BR\" xml:lang=\"PT-BR\" data-contrast=\"auto\"><span class=\"NormalTextRun SCXW157705199 BCX0\">Nos \u00faltimos sete dias, j\u00e1 acumula alta de quase 13%. \u201cEssa eleva\u00e7\u00e3o do pre\u00e7o do etanol \u00e9 uma circunst\u00e2ncia de mercado, normal para essa \u00e9poca do ano. N\u00e3o tem qualquer rela\u00e7\u00e3o com a recomposi\u00e7\u00e3o do ICMS\u201d, explica. Ainda segundo Roca, outro impacto que o pre\u00e7o do etanol pode sofrer vem do aumento do diesel. <\/span><\/span><span class=\"LineBreakBlob BlobObject DragDrop SCXW157705199 BCX0\"><span class=\"SCXW157705199 BCX0\">\u00a0<\/span><br class=\"SCXW157705199 BCX0\"\/><\/span><span class=\"LineBreakBlob BlobObject DragDrop SCXW157705199 BCX0\"><span class=\"SCXW157705199 BCX0\">\u00a0<\/span><br class=\"SCXW157705199 BCX0\"\/><\/span><span class=\"TextRun SCXW157705199 BCX0\" lang=\"PT-BR\" xml:lang=\"PT-BR\" data-contrast=\"none\"><span class=\"NormalTextRun SCXW157705199 BCX0\">Na semana anterior, de 14 a 20 de janeiro, o litro do etanol tamb\u00e9m sa\u00eda por R$ 3,60 (m\u00ednimo de R$ 3,27 e m\u00e1ximo de R$ 3,87). A gasolina era vendida por <\/span><span class=\"NormalTextRun SCXW157705199 BCX0\">R$ 5,66 (piso de R$ 5,39 e teto de R$ 5,99), queda<\/span><span class=\"NormalTextRun SCXW157705199 BCX0\"> de 0,18% e desconto de R$ 0,01. O litro do diesel custava, em m\u00e9dia, R$ 5,68 (m\u00ednimo de R$ 5,59 e m\u00e1ximo de R$ 5,89), acr\u00e9scimo de R$ 0,14, eleva\u00e7\u00e3o de 2,46%. <\/span><\/span><span class=\"LineBreakBlob BlobObject DragDrop SCXW157705199 BCX0\"><span class=\"SCXW157705199 BCX0\">\u00a0<\/span><br class=\"SCXW157705199 BCX0\"\/><\/span><span class=\"LineBreakBlob BlobObject DragDrop SCXW157705199 BCX0\"><span class=\"SCXW157705199 BCX0\">\u00a0<\/span><br class=\"SCXW157705199 BCX0\"\/><\/span><span class=\"TextRun SCXW157705199 BCX0\" lang=\"PT-BR\" xml:lang=\"PT-BR\" data-contrast=\"none\"><span class=\"NormalTextRun SCXW157705199 BCX0\">No mesmo per\u00edodo, o botij\u00e3o de 13 quilos do g\u00e1s de cozinha era vendido, em m\u00e9dia, por R$ 107,81 (m\u00ednimo de R$ <\/span><span class=\"NormalTextRun SCXW157705199 BCX0\">84,99<\/span><span class=\"NormalTextRun SCXW157705199 BCX0\"> e m\u00e1ximo de R$ <\/span><span class=\"NormalTextRun SCXW157705199 BCX0\">124,99<\/span><span class=\"NormalTextRun SCXW157705199 BCX0\">) em Ribeir\u00e3o Preto. Na semana seguinte, houve queda de 3,33%, redu\u00e7\u00e3o de R$ 3,59, de acordo com a pesquisa da ANP.<\/span><\/span><span class=\"LineBreakBlob BlobObject DragDrop SCXW157705199 BCX0\"><span class=\"SCXW157705199 BCX0\">\u00a0<\/span><br class=\"SCXW157705199 BCX0\"\/><\/span><strong><span class=\"LineBreakBlob BlobObject DragDrop SCXW157705199 BCX0\"><span class=\"SCXW157705199 BCX0\">\u00a0<\/span><\/span><span class=\"LineBreakBlob BlobObject DragDrop SCXW157705199 BCX0\"><br class=\"SCXW157705199 BCX0\"\/><\/span><span class=\"TextRun SCXW157705199 BCX0\" lang=\"PT-BR\" xml:lang=\"PT-BR\" data-contrast=\"none\"><span class=\"NormalTextRun SCXW157705199 BCX0\">Valores m\u00e9dios: <\/span><\/span><\/strong><span class=\"LineBreakBlob BlobObject DragDrop SCXW157705199 BCX0\"><strong><span class=\"SCXW157705199 BCX0\">\u00a0<\/span><\/strong><br class=\"SCXW157705199 BCX0\"\/><\/span><span class=\"TextRun SCXW157705199 BCX0\" lang=\"PT-BR\" xml:lang=\"PT-BR\" data-contrast=\"none\"><span class=\"NormalTextRun SCXW157705199 BCX0\">Ribeir\u00e3o Preto <\/span><\/span><span class=\"LineBreakBlob BlobObject DragDrop SCXW157705199 BCX0\"><span class=\"SCXW157705199 BCX0\">\u00a0<\/span><br class=\"SCXW157705199 BCX0\"\/><\/span><span class=\"TextRun SCXW157705199 BCX0\" lang=\"PT-BR\" xml:lang=\"PT-BR\" data-contrast=\"none\"><span class=\"NormalTextRun SCXW157705199 BCX0\">Gasolina: <\/span><\/span><span class=\"TextRun SCXW157705199 BCX0\" lang=\"PT-BR\" xml:lang=\"PT-BR\" data-contrast=\"none\"><span class=\"NormalTextRun SCXW157705199 BCX0\">R$ 5,65<\/span><\/span><span class=\"LineBreakBlob BlobObject DragDrop SCXW157705199 BCX0\"><span class=\"SCXW157705199 BCX0\">\u00a0<\/span><br class=\"SCXW157705199 BCX0\"\/><\/span><span class=\"TextRun SCXW157705199 BCX0\" lang=\"PT-BR\" xml:lang=\"PT-BR\" data-contrast=\"none\"><span class=\"NormalTextRun SCXW157705199 BCX0\">Gasolina aditivada:<\/span><\/span> <span class=\"LineBreakBlob BlobObject DragDrop SCXW157705199 BCX0\"><span class=\"SCXW157705199 BCX0\">\u00a0<\/span><\/span><span class=\"TextRun SCXW157705199 BCX0\" lang=\"PT-BR\" xml:lang=\"PT-BR\" data-contrast=\"none\"><span class=\"NormalTextRun SCXW157705199 BCX0\">R$ 5,<\/span><span class=\"NormalTextRun SCXW157705199 BCX0\">71<\/span><\/span><span class=\"LineBreakBlob BlobObject DragDrop SCXW157705199 BCX0\"><span class=\"SCXW157705199 BCX0\">\u00a0<\/span><br class=\"SCXW157705199 BCX0\"\/><\/span><span class=\"TextRun SCXW157705199 BCX0\" lang=\"PT-BR\" xml:lang=\"PT-BR\" data-contrast=\"none\"><span class=\"NormalTextRun SCXW157705199 BCX0\">Etanol: <\/span><\/span><span class=\"TextRun SCXW157705199 BCX0\" lang=\"PT-BR\" xml:lang=\"PT-BR\" data-contrast=\"none\"><span class=\"NormalTextRun SCXW157705199 BCX0\">R$ 3,60<\/span><\/span><span class=\"LineBreakBlob BlobObject DragDrop SCXW157705199 BCX0\"><span class=\"SCXW157705199 BCX0\">\u00a0<\/span><br class=\"SCXW157705199 BCX0\"\/><\/span><span class=\"TextRun SCXW157705199 BCX0\" lang=\"PT-BR\" xml:lang=\"PT-BR\" data-contrast=\"none\"><span class=\"NormalTextRun SCXW157705199 BCX0\">Diesel: <\/span><\/span><span class=\"TextRun SCXW157705199 BCX0\" lang=\"PT-BR\" xml:lang=\"PT-BR\" data-contrast=\"none\"><span class=\"NormalTextRun SCXW157705199 BCX0\">R$ 5,82<\/span><\/span><span class=\"LineBreakBlob BlobObject DragDrop SCXW157705199 BCX0\"><span class=\"SCXW157705199 BCX0\">\u00a0<\/span><br class=\"SCXW157705199 BCX0\"\/><\/span><span class=\"TextRun SCXW157705199 BCX0\" lang=\"PT-BR\" xml:lang=\"PT-BR\" data-contrast=\"none\"><span class=\"NormalTextRun SCXW157705199 BCX0\">Diesel S10:<\/span><\/span><span class=\"TextRun SCXW157705199 BCX0\" lang=\"PT-BR\" xml:lang=\"PT-BR\" data-contrast=\"none\"><span class=\"NormalTextRun SCXW157705199 BCX0\"> R$ 5,85<\/span><\/span><span class=\"LineBreakBlob BlobObject DragDrop SCXW157705199 BCX0\"><span class=\"SCXW157705199 BCX0\">\u00a0<\/span><br class=\"SCXW157705199 BCX0\"\/><\/span><span class=\"TextRun SCXW157705199 BCX0\" lang=\"PT-BR\" xml:lang=\"PT-BR\" data-contrast=\"none\"><span class=\"NormalTextRun SCXW157705199 BCX0\">G\u00e1s de cozinha:<\/span><\/span>\u00a0<span class=\"TextRun SCXW157705199 BCX0\" lang=\"PT-BR\" xml:lang=\"PT-BR\" data-contrast=\"none\"><span class=\"NormalTextRun SCXW157705199 BCX0\">R$ 104,22<\/span><\/span><span class=\"LineBreakBlob BlobObject DragDrop SCXW157705199 BCX0\"><span class=\"SCXW157705199 BCX0\">\u00a0<\/span><br class=\"SCXW157705199 BCX0\"\/><\/span><span class=\"TextRun SCXW157705199 BCX0\" lang=\"PT-BR\" xml:lang=\"PT-BR\" data-contrast=\"none\"><span class=\"NormalTextRun SCXW157705199 BCX0\">Per\u00edodo:<\/span><\/span><span class=\"TextRun SCXW157705199 BCX0\" lang=\"PT-BR\" xml:lang=\"PT-BR\" data-contrast=\"none\"><span class=\"NormalTextRun SCXW157705199 BCX0\"> de<\/span><span class=\"NormalTextRun SCXW157705199 BCX0\"> 21 a <\/span><\/span><span class=\"LineBreakBlob BlobObject DragDrop SCXW157705199 BCX0\"><span class=\"SCXW157705199 BCX0\">\u00a0<\/span><\/span><span class=\"TextRun SCXW157705199 BCX0\" lang=\"PT-BR\" xml:lang=\"PT-BR\" data-contrast=\"none\"><span class=\"NormalTextRun SCXW157705199 BCX0\">27 de janeiro<\/span><\/span><span class=\"LineBreakBlob BlobObject DragDrop SCXW157705199 BCX0\"><span class=\"SCXW157705199 BCX0\">\u00a0<\/span><br class=\"SCXW157705199 BCX0\"\/><\/span><span class=\"TextRun SCXW157705199 BCX0\" lang=\"PT-BR\" xml:lang=\"PT-BR\" data-contrast=\"none\"><span class=\"NormalTextRun SCXW157705199 BCX0\">Fonte:<\/span><\/span><span class=\"TextRun SCXW157705199 BCX0\" lang=\"PT-BR\" xml:lang=\"PT-BR\" data-contrast=\"none\"><span class=\"NormalTextRun SCXW157705199 BCX0\"> ANP<\/span><\/span><\/p>\n<\/div>\n<p><br \/>\n<br \/><a href=\"https:\/\/www.tribunaribeirao.com.br\/site\/gas-de-cozinha-sobe-com-icms\/\">Source link <\/a><\/p>\n<!-- CONTENT END 1 -->\n","protected":false},"excerpt":{"rendered":"<p>A partir desta quinta-feira, 1\u00ba de fevereiro, os pre\u00e7os da gasolina, do diesel e do botij\u00e3o de g\u00e1s de cozinha \u2013 g\u00e1s liquefeito de petr\u00f3leo&#8230;<\/p>\n","protected":false},"author":1,"featured_media":34256,"comment_status":"open","ping_status":"open","sticky":false,"template":"","format":"standard","meta":{"advanced_seo_description":"","jetpack_seo_html_title":"","jetpack_seo_noindex":false,"jetpack_post_was_ever_published":false,"_jetpack_newsletter_access":"","_jetpack_dont_email_post_to_subs":false,"_jetpack_newsletter_tier_id":0,"_jetpack_memberships_contains_paywalled_content":false,"_jetpack_memberships_contains_paid_content":false,"footnotes":"","jetpack_publicize_message":"","jetpack_publicize_feature_enabled":true,"jetpack_social_post_already_shared":true,"jetpack_social_options":{"image_generator_settings":{"template":"highway","default_image_id":0,"font":"","enabled":false},"version":2}},"categories":[11],"tags":[4018,1852,2390,1352],"class_list":["post-34255","post","type-post","status-publish","format-standard","has-post-thumbnail","hentry","category-noticias-de-ribeirao-preto-sp-e-regiao-ismael-colosi","tag-cozinha","tag-gas","tag-icms","tag-sobe"],"jetpack_publicize_connections":[],"jetpack_featured_media_url":"https:\/\/i0.wp.com\/noticiasribeiraopreto.com.br\/wp-content\/uploads\/2024\/02\/GasRP-Pedro-Ventura-scaled.jpg?fit=971%2C645&ssl=1","jetpack-related-posts":[{"id":16806,"url":"https:\/\/noticiasribeiraopreto.com.br\/index.php\/2023\/12\/16\/preco-do-gas-de-cozinha-cai-na-semana-veja-os-valores-no-pais\/","url_meta":{"origin":34255,"position":0},"title":"Pre\u00e7o do G\u00e1s de Cozinha CAI na semana; Veja os valores no pa\u00eds","author":"noticiasribeiraopreto.com.br","date":"16 de December de 2023","format":false,"excerpt":"O pre\u00e7o m\u00e9dio do g\u00e1s de cozinha\u00a0voltou a cair no pa\u00eds, ap\u00f3s leve avan\u00e7o na semana passada. A saber, o botij\u00e3o de 13 quilos ficou 12 centavos mais barato em rela\u00e7\u00e3o \u00e0 semana anterior, mas os consumidores nem devem ter sentido a varia\u00e7\u00e3o dos pre\u00e7os, j\u00e1 que foi de apenas\u2026","rel":"","context":"In &quot;Vagas de Emprego em Ribeir\u00e3o Preto-SP&quot;","block_context":{"text":"Vagas de Emprego em Ribeir\u00e3o Preto-SP","link":"https:\/\/noticiasribeiraopreto.com.br\/index.php\/category\/empregos-classificados-vagas-trabalho\/vagas-de-empregos-em-ribeirao-preto-regiao-brasil\/"},"img":{"alt_text":"","src":"https:\/\/i0.wp.com\/noticiasribeiraopreto.com.br\/wp-content\/uploads\/2023\/12\/noticiasconcursos.com_.br-preco-do-gas-de-cozinha-cai-na-semana-veja-os-maiores-e-menores-valores-do-pais-gas-de-cozinha-agencia-brasil-750x430.jpg?fit=750%2C430&ssl=1&resize=350%2C200","width":350,"height":200,"srcset":"https:\/\/i0.wp.com\/noticiasribeiraopreto.com.br\/wp-content\/uploads\/2023\/12\/noticiasconcursos.com_.br-preco-do-gas-de-cozinha-cai-na-semana-veja-os-maiores-e-menores-valores-do-pais-gas-de-cozinha-agencia-brasil-750x430.jpg?fit=750%2C430&ssl=1&resize=350%2C200 1x, https:\/\/i0.wp.com\/noticiasribeiraopreto.com.br\/wp-content\/uploads\/2023\/12\/noticiasconcursos.com_.br-preco-do-gas-de-cozinha-cai-na-semana-veja-os-maiores-e-menores-valores-do-pais-gas-de-cozinha-agencia-brasil-750x430.jpg?fit=750%2C430&ssl=1&resize=525%2C300 1.5x, https:\/\/i0.wp.com\/noticiasribeiraopreto.com.br\/wp-content\/uploads\/2023\/12\/noticiasconcursos.com_.br-preco-do-gas-de-cozinha-cai-na-semana-veja-os-maiores-e-menores-valores-do-pais-gas-de-cozinha-agencia-brasil-750x430.jpg?fit=750%2C430&ssl=1&resize=700%2C400 2x"},"classes":[]},{"id":54453,"url":"https:\/\/noticiasribeiraopreto.com.br\/index.php\/2024\/07\/11\/noticia-alarmante-aumento-nos-precos-do-gas-de-cozinha-e-gasolina-preocupa-populacao-brasileira-veja-detalhes\/","url_meta":{"origin":34255,"position":1},"title":"Not\u00edcia Alarmante: Aumento nos Pre\u00e7os do G\u00e1s de Cozinha e Gasolina Preocupa Popula\u00e7\u00e3o Brasileira; Veja detalhes","author":"noticiasribeiraopreto.com.br","date":"11 de July de 2024","format":false,"excerpt":"Na \u00faltima segunda-feira (8), a Petrobras confirmou o aumento dos pre\u00e7os da gasolina e dos botij\u00f5es de g\u00e1s de cozinha. Segundo a estatal, as raz\u00f5es para o reajuste est\u00e3o ligadas \u00e0 alta dos pre\u00e7os internacionais do petr\u00f3leo e \u00e0 desvaloriza\u00e7\u00e3o da moeda. Os novos pre\u00e7os do g\u00e1s de cozinha e\u2026","rel":"","context":"In &quot;Dinheiro e Investimento&quot;","block_context":{"text":"Dinheiro e Investimento","link":"https:\/\/noticiasribeiraopreto.com.br\/index.php\/category\/dinheiro-e-investimento-como-fazer-como-ganhar\/"},"img":{"alt_text":"","src":"https:\/\/i0.wp.com\/noticiasribeiraopreto.com.br\/wp-content\/uploads\/2024\/07\/Aumento-no-gas-de-cozinha.webp.webp?fit=1200%2C630&ssl=1&resize=350%2C200","width":350,"height":200,"srcset":"https:\/\/i0.wp.com\/noticiasribeiraopreto.com.br\/wp-content\/uploads\/2024\/07\/Aumento-no-gas-de-cozinha.webp.webp?fit=1200%2C630&ssl=1&resize=350%2C200 1x, https:\/\/i0.wp.com\/noticiasribeiraopreto.com.br\/wp-content\/uploads\/2024\/07\/Aumento-no-gas-de-cozinha.webp.webp?fit=1200%2C630&ssl=1&resize=525%2C300 1.5x, https:\/\/i0.wp.com\/noticiasribeiraopreto.com.br\/wp-content\/uploads\/2024\/07\/Aumento-no-gas-de-cozinha.webp.webp?fit=1200%2C630&ssl=1&resize=700%2C400 2x, https:\/\/i0.wp.com\/noticiasribeiraopreto.com.br\/wp-content\/uploads\/2024\/07\/Aumento-no-gas-de-cozinha.webp.webp?fit=1200%2C630&ssl=1&resize=1050%2C600 3x"},"classes":[]},{"id":66805,"url":"https:\/\/noticiasribeiraopreto.com.br\/index.php\/2025\/04\/05\/jornal-da-franca-conheca-dicas-eficazes-para-reduzir-o-consumo-de-gas-de-cozinha-sem-esforco\/","url_meta":{"origin":34255,"position":2},"title":"Jornal da Franca &#8211; Conhe\u00e7a dicas eficazes para reduzir o consumo de g\u00e1s de cozinha sem esfor\u00e7o","author":"noticiasribeiraopreto.com.br","date":"5 de April de 2025","format":false,"excerpt":"compartilhar no whatsapp compartilhar no telegram compartilhar no facebook compartilhar no linkedin Veja estrat\u00e9gias simples e eficazes que podem reduzir o consumo de g\u00e1s de cozinha e ainda aliviar o seu or\u00e7amento. Com o aumento constante nos pre\u00e7os dos alimentos e itens para cozinhar, encontrar maneiras de economizar se tornou\u2026","rel":"","context":"In &quot;Not\u00edcias de Franca-SP&quot;","block_context":{"text":"Not\u00edcias de Franca-SP","link":"https:\/\/noticiasribeiraopreto.com.br\/index.php\/category\/noticias-de-ribeirao-preto-sp-e-regiao-ismael-colosi\/noticias-franca-sp\/"},"img":{"alt_text":"","src":"https:\/\/i0.wp.com\/noticiasribeiraopreto.com.br\/wp-content\/uploads\/2025\/04\/25008724.jpg?fit=1000%2C665&ssl=1&resize=350%2C200","width":350,"height":200,"srcset":"https:\/\/i0.wp.com\/noticiasribeiraopreto.com.br\/wp-content\/uploads\/2025\/04\/25008724.jpg?fit=1000%2C665&ssl=1&resize=350%2C200 1x, https:\/\/i0.wp.com\/noticiasribeiraopreto.com.br\/wp-content\/uploads\/2025\/04\/25008724.jpg?fit=1000%2C665&ssl=1&resize=525%2C300 1.5x, https:\/\/i0.wp.com\/noticiasribeiraopreto.com.br\/wp-content\/uploads\/2025\/04\/25008724.jpg?fit=1000%2C665&ssl=1&resize=700%2C400 2x"},"classes":[]},{"id":13743,"url":"https:\/\/noticiasribeiraopreto.com.br\/index.php\/2023\/12\/11\/preco-do-gas-de-cozinha-volta-a-subir-no-brasil-apos-3-quedas\/","url_meta":{"origin":34255,"position":3},"title":"Pre\u00e7o do G\u00e1s de Cozinha volta a SUBIR no Brasil, ap\u00f3s 3 quedas","author":"noticiasribeiraopreto.com.br","date":"11 de December de 2023","format":false,"excerpt":"Ap\u00f3s tr\u00eas semanas seguidas de queda, o pre\u00e7o m\u00e9dio do g\u00e1s de cozinha\u00a0voltou a subir no pa\u00eds na semana passada. O botij\u00e3o de 13 quilos ficou 28 centavos mais caro em rela\u00e7\u00e3o \u00e0 semana anterior, mas os consumidores nem devem ter sentido a varia\u00e7\u00e3o dos pre\u00e7os. Isso porque o valor\u2026","rel":"","context":"In &quot;Vagas de Emprego em Ribeir\u00e3o Preto-SP&quot;","block_context":{"text":"Vagas de Emprego em Ribeir\u00e3o Preto-SP","link":"https:\/\/noticiasribeiraopreto.com.br\/index.php\/category\/empregos-classificados-vagas-trabalho\/vagas-de-empregos-em-ribeirao-preto-regiao-brasil\/"},"img":{"alt_text":"","src":"https:\/\/i0.wp.com\/noticiasribeiraopreto.com.br\/wp-content\/uploads\/2023\/12\/noticiasconcursos.com_.br-preco-medio-do-gas-de-cozinha-volta-a-subir-no-brasil-apos-3-semanas-de-queda-gas-de-cozinha-agencia-brasil-750x430.jpg?fit=750%2C430&ssl=1&resize=350%2C200","width":350,"height":200,"srcset":"https:\/\/i0.wp.com\/noticiasribeiraopreto.com.br\/wp-content\/uploads\/2023\/12\/noticiasconcursos.com_.br-preco-medio-do-gas-de-cozinha-volta-a-subir-no-brasil-apos-3-semanas-de-queda-gas-de-cozinha-agencia-brasil-750x430.jpg?fit=750%2C430&ssl=1&resize=350%2C200 1x, https:\/\/i0.wp.com\/noticiasribeiraopreto.com.br\/wp-content\/uploads\/2023\/12\/noticiasconcursos.com_.br-preco-medio-do-gas-de-cozinha-volta-a-subir-no-brasil-apos-3-semanas-de-queda-gas-de-cozinha-agencia-brasil-750x430.jpg?fit=750%2C430&ssl=1&resize=525%2C300 1.5x, https:\/\/i0.wp.com\/noticiasribeiraopreto.com.br\/wp-content\/uploads\/2023\/12\/noticiasconcursos.com_.br-preco-medio-do-gas-de-cozinha-volta-a-subir-no-brasil-apos-3-semanas-de-queda-gas-de-cozinha-agencia-brasil-750x430.jpg?fit=750%2C430&ssl=1&resize=700%2C400 2x"},"classes":[]},{"id":23601,"url":"https:\/\/noticiasribeiraopreto.com.br\/index.php\/2024\/01\/02\/novo-aumento-no-preco-do-combustivel-em-2024-saiba-as-mudancas-a-partir-deste-momento\/","url_meta":{"origin":34255,"position":4},"title":"Novo aumento no pre\u00e7o do combust\u00edvel em 2024: saiba as mudan\u00e7as a partir deste momento","author":"noticiasribeiraopreto.com.br","date":"2 de January de 2024","format":false,"excerpt":"Com a chegada do novo ano, os cidad\u00e3os brasileiros devem se atentar aos pagamentos de v\u00e1rias contas que precisar\u00e3o ser saldadas no in\u00edcio de 2024. Os motoristas tamb\u00e9m devem estar cientes do aumento planejado no pre\u00e7o do combust\u00edvel, que ser\u00e1 ajustado novamente neste per\u00edodo. Neste ano, um imposto crucial ser\u00e1\u2026","rel":"","context":"In &quot;Vagas de Emprego em Ribeir\u00e3o Preto-SP&quot;","block_context":{"text":"Vagas de Emprego em Ribeir\u00e3o Preto-SP","link":"https:\/\/noticiasribeiraopreto.com.br\/index.php\/category\/empregos-classificados-vagas-trabalho\/vagas-de-empregos-em-ribeirao-preto-regiao-brasil\/"},"img":{"alt_text":"","src":"","width":0,"height":0},"classes":[]},{"id":41429,"url":"https:\/\/noticiasribeiraopreto.com.br\/index.php\/2024\/03\/08\/saiu-governo-divulga-calendario-do-vale-gas-de-abril-veja-as-datas-de-pagamento\/","url_meta":{"origin":34255,"position":5},"title":"SAIU! Governo divulga calend\u00e1rio do vale g\u00e1s de ABRIL; Veja as datas de pagamento","author":"noticiasribeiraopreto.com.br","date":"8 de March de 2024","format":false,"excerpt":"O programa Vale G\u00e1s \u00e9 uma iniciativa Federal para apoiar fam\u00edlias em situa\u00e7\u00e3o de vulnerabilidade social e econ\u00f4mica e garantir o acesso ao g\u00e1s de cozinha. A Secretaria de Cidadania j\u00e1 anunciou o cronograma de pagamento para abril de 2024, indicando a data em que os benefici\u00e1rios poder\u00e3o receber o\u2026","rel":"","context":"In &quot;Dinheiro e Investimento&quot;","block_context":{"text":"Dinheiro e Investimento","link":"https:\/\/noticiasribeiraopreto.com.br\/index.php\/category\/dinheiro-e-investimento-como-fazer-como-ganhar\/"},"img":{"alt_text":"","src":"https:\/\/i0.wp.com\/noticiasribeiraopreto.com.br\/wp-content\/uploads\/2024\/03\/emprestimo.webp.jpeg?fit=1200%2C630&ssl=1&resize=350%2C200","width":350,"height":200,"srcset":"https:\/\/i0.wp.com\/noticiasribeiraopreto.com.br\/wp-content\/uploads\/2024\/03\/emprestimo.webp.jpeg?fit=1200%2C630&ssl=1&resize=350%2C200 1x, https:\/\/i0.wp.com\/noticiasribeiraopreto.com.br\/wp-content\/uploads\/2024\/03\/emprestimo.webp.jpeg?fit=1200%2C630&ssl=1&resize=525%2C300 1.5x, https:\/\/i0.wp.com\/noticiasribeiraopreto.com.br\/wp-content\/uploads\/2024\/03\/emprestimo.webp.jpeg?fit=1200%2C630&ssl=1&resize=700%2C400 2x, https:\/\/i0.wp.com\/noticiasribeiraopreto.com.br\/wp-content\/uploads\/2024\/03\/emprestimo.webp.jpeg?fit=1200%2C630&ssl=1&resize=1050%2C600 3x"},"classes":[]}],"jetpack_sharing_enabled":true,"jetpack_shortlink":"https:\/\/wp.me\/peQAOb-8Uv","_links":{"self":[{"href":"https:\/\/noticiasribeiraopreto.com.br\/index.php\/wp-json\/wp\/v2\/posts\/34255","targetHints":{"allow":["GET"]}}],"collection":[{"href":"https:\/\/noticiasribeiraopreto.com.br\/index.php\/wp-json\/wp\/v2\/posts"}],"about":[{"href":"https:\/\/noticiasribeiraopreto.com.br\/index.php\/wp-json\/wp\/v2\/types\/post"}],"author":[{"embeddable":true,"href":"https:\/\/noticiasribeiraopreto.com.br\/index.php\/wp-json\/wp\/v2\/users\/1"}],"replies":[{"embeddable":true,"href":"https:\/\/noticiasribeiraopreto.com.br\/index.php\/wp-json\/wp\/v2\/comments?post=34255"}],"version-history":[{"count":0,"href":"https:\/\/noticiasribeiraopreto.com.br\/index.php\/wp-json\/wp\/v2\/posts\/34255\/revisions"}],"wp:featuredmedia":[{"embeddable":true,"href":"https:\/\/noticiasribeiraopreto.com.br\/index.php\/wp-json\/wp\/v2\/media\/34256"}],"wp:attachment":[{"href":"https:\/\/noticiasribeiraopreto.com.br\/index.php\/wp-json\/wp\/v2\/media?parent=34255"}],"wp:term":[{"taxonomy":"category","embeddable":true,"href":"https:\/\/noticiasribeiraopreto.com.br\/index.php\/wp-json\/wp\/v2\/categories?post=34255"},{"taxonomy":"post_tag","embeddable":true,"href":"https:\/\/noticiasribeiraopreto.com.br\/index.php\/wp-json\/wp\/v2\/tags?post=34255"}],"curies":[{"name":"wp","href":"https:\/\/api.w.org\/{rel}","templated":true}]}}