{"id":34370,"date":"2024-02-01T20:51:28","date_gmt":"2024-02-01T23:51:28","guid":{"rendered":"https:\/\/noticiasribeiraopreto.com.br\/index.php\/2024\/02\/01\/petrobras-reduz-preco-do-gas-natural-em-2\/"},"modified":"2024-02-01T20:51:28","modified_gmt":"2024-02-01T23:51:28","slug":"petrobras-reduz-preco-do-gas-natural-em-2","status":"publish","type":"post","link":"https:\/\/noticiasribeiraopreto.com.br\/index.php\/2024\/02\/01\/petrobras-reduz-preco-do-gas-natural-em-2\/","title":{"rendered":"Petrobras reduz pre\u00e7o do g\u00e1s natural em 2%"},"content":{"rendered":"<div class='code-block code-block-1' style='margin: 8px 0 8px auto; text-align: right; display: block; clear: both;'>\n<p><a href=\"https:\/\/wa.link\/vpicfd\"><img data-recalc-dims=\"1\" class=\"wp-image-4922\" style=\"aspect-ratio: 2.0253164556962027; width: 561px; height: auto;\" src=\"https:\/\/i0.wp.com\/ismaelcolosi.com.br\/wp-content\/uploads\/2023\/11\/grupo-de-empregos-whatsapp-e-facebook-ismael-colosi-vagas.jpg?ssl=1\" alt=\"\" \/><\/a><\/p>\n<!-- \/wp:image -->\n<\/div>\n<p> <br \/>\n<\/p>\n<div id=\"post-372284\">\n<header class=\"entry-header penci-entry-header penci-title-center\">\n<p> <span class=\"entry-meta-item penci-posted-on\"><i class=\"fa fa-clock-o\"\/><time class=\"entry-date published\" datetime=\"2024-02-01T16:30:50-03:00\">1 de fevereiro de 2024 | 16:30<\/time><time class=\"updated\" datetime=\"2024-02-01T14:08:33-03:00\">1 de fevereiro de 2024 | 14:08<\/time><\/span><\/p>\n<p> <span class=\"penci-social-buttons penci-social-share-footer\"><a href=\"#\" class=\"penci-post-like penci_post-meta_item  single-like-button penci-social-item like\" data-post_id=\"372284\" title=\"Like\" data-like=\"Like\" data-unlike=\"Unlike\"><i class=\"fa fa-thumbs-o-up\"\/><span class=\"penci-share-number\">0<\/span><\/a><i class=\"fa fa-facebook\"\/><a class=\"penci-social-item twitter\" target=\"_blank\" rel=\"noopener\" title=\"\" href=\"https:\/\/twitter.com\/intent\/tweet?text=Petrobras%20reduz%20pre\u00e7o%20do%20g\u00e1s%20natural%20em%202%20-%20https:\/\/www.tribunaribeirao.com.br\/site\/petrobras-reduz-preco-do-gas-natural-em-2\/\"><i class=\"fa fa-twitter\"\/><\/a><i class=\"fa fa-whatsapp\"\/><\/span><\/header>\n<div class=\"penci-entry-content entry-content\">\n<p>A Petrobras reduziu, nesta quinta-feira (1\u00ba), o pre\u00e7o do g\u00e1s natural vendido pela estatal \u00e0s distribuidoras em 2%, em m\u00e9dia. Segundo a empresa, os contratos com as distribuidoras preveem atualiza\u00e7\u00f5es trimestrais dos pre\u00e7os do produto.<noscript><img data-recalc-dims=\"1\" decoding=\"async\" src=\"https:\/\/i0.wp.com\/agenciabrasil.ebc.com.br\/ebc.png?ssl=1\"\/><\/noscript><img data-recalc-dims=\"1\" decoding=\"async\" src=\"https:\/\/i0.wp.com\/agenciabrasil.ebc.com.br\/ebc.gif?ssl=1\" class=\"lazyload\"\/><noscript><img data-recalc-dims=\"1\" decoding=\"async\" src=\"https:\/\/i0.wp.com\/agenciabrasil.ebc.com.br\/ebc.gif?ssl=1\"\/><\/noscript><\/p>\n<p>Para o trimestre que come\u00e7a\u00a0nesta quinta-feira, de acordo com a Petrobras, as refer\u00eancias foram uma queda de 3,6% do petr\u00f3leo e uma deprecia\u00e7\u00e3o de 1,5% do real frente ao d\u00f3lar.<\/p>\n<p>Ainda segundo a Petrobras, as distribuidoras com contratos vigentes em 2023\u00a0perceberam uma redu\u00e7\u00e3o de 22,2% ao longo do ano.<\/p>\n<p>\u201cA Petrobras ressalta que o pre\u00e7o final do g\u00e1s natural ao consumidor n\u00e3o \u00e9 determinado apenas pelo pre\u00e7o de venda da mol\u00e9cula pela companhia, mas tamb\u00e9m pelo custo do transporte at\u00e9 a distribuidora, pelo portf\u00f3lio de suprimento de cada distribuidora, assim como por suas margens (e, no caso do GNV \u2013 G\u00e1s Natural Veicular, dos postos de revenda) e pelos tributos federais e estaduais\u201d, informa nota divulgada pela empresa.<\/p>\n<p>A redu\u00e7\u00e3o, que vigora\u00a0a partir de hoje,\u00a0n\u00e3o se refere ao pre\u00e7o do g\u00e1s liquefeito de petr\u00f3leo (GLP), ou seja o g\u00e1s de cozinha, que \u00e9 envasado em botij\u00f5es.<\/p>\n<\/div>\n<footer class=\"penci-entry-footer\"\/><\/div>\n<p><script async src=\"\/\/platform.twitter.com\/widgets.js\" charset=\"utf-8\"><\/script><br \/>\n<br \/><br \/>\n<br \/><a href=\"https:\/\/www.tribunaribeirao.com.br\/site\/petrobras-reduz-preco-do-gas-natural-em-2\/\">Source link <\/a><\/p>\n<!-- CONTENT END 1 -->\n","protected":false},"excerpt":{"rendered":"<p>1 de fevereiro de 2024 | 16:301 de fevereiro de 2024 | 14:08 0 A Petrobras reduziu, nesta quinta-feira (1\u00ba), o pre\u00e7o do g\u00e1s natural&#8230;<\/p>\n","protected":false},"author":1,"featured_media":34371,"comment_status":"open","ping_status":"open","sticky":false,"template":"","format":"standard","meta":{"advanced_seo_description":"","jetpack_seo_html_title":"","jetpack_seo_noindex":false,"jetpack_post_was_ever_published":false,"_jetpack_newsletter_access":"","_jetpack_dont_email_post_to_subs":false,"_jetpack_newsletter_tier_id":0,"_jetpack_memberships_contains_paywalled_content":false,"_jetpack_memberships_contains_paid_content":false,"footnotes":"","jetpack_publicize_message":"","jetpack_publicize_feature_enabled":true,"jetpack_social_post_already_shared":true,"jetpack_social_options":{"image_generator_settings":{"template":"highway","default_image_id":0,"font":"","enabled":false},"version":2}},"categories":[11],"tags":[1852,1853,2672,1850,880],"class_list":["post-34370","post","type-post","status-publish","format-standard","has-post-thumbnail","hentry","category-noticias-de-ribeirao-preto-sp-e-regiao-ismael-colosi","tag-gas","tag-natural","tag-petrobras","tag-preco","tag-reduz"],"jetpack_publicize_connections":[],"jetpack_featured_media_url":"https:\/\/i0.wp.com\/noticiasribeiraopreto.com.br\/wp-content\/uploads\/2024\/02\/329ce1e5-9385-4ad1-b78c-e6fd35a90fe7-scaled.jpg?fit=1000%2C598&ssl=1","jetpack-related-posts":[{"id":74804,"url":"https:\/\/noticiasribeiraopreto.com.br\/index.php\/2025\/07\/29\/petrobras-reduz-em-14-preco-do-gas-natural\/","url_meta":{"origin":34370,"position":0},"title":"Petrobras reduz em 14% pre\u00e7o do g\u00e1s natural","author":"noticiasribeiraopreto.com.br","date":"29 de July de 2025","format":false,"excerpt":"29 de julho de 2025 14:3029 de julho de 2025 10:349 Compartilhar0 Os pre\u00e7os de venda da mol\u00e9cula de g\u00e1s ser\u00e3o atualizados e ter\u00e3o queda m\u00e9dia de cerca de 14%, na compara\u00e7\u00e3o com o trimestre anterior. A redu\u00e7\u00e3o, segundo a Petrobras, entra em vigor na pr\u00f3xima sexta-feira, 1\u00ba de agosto,\u2026","rel":"","context":"In &quot;Not\u00edcias de Ribeir\u00e3o Preto-SP e Regi\u00e3o&quot;","block_context":{"text":"Not\u00edcias de Ribeir\u00e3o Preto-SP e Regi\u00e3o","link":"https:\/\/noticiasribeiraopreto.com.br\/index.php\/category\/noticias-de-ribeirao-preto-sp-e-regiao-ismael-colosi\/"},"img":{"alt_text":"","src":"https:\/\/i0.wp.com\/noticiasribeiraopreto.com.br\/wp-content\/uploads\/2025\/07\/Gas-Andre-Motta-de-Souza-Agencia-Petrobras.jpg?fit=1170%2C700&ssl=1&resize=350%2C200","width":350,"height":200,"srcset":"https:\/\/i0.wp.com\/noticiasribeiraopreto.com.br\/wp-content\/uploads\/2025\/07\/Gas-Andre-Motta-de-Souza-Agencia-Petrobras.jpg?fit=1170%2C700&ssl=1&resize=350%2C200 1x, https:\/\/i0.wp.com\/noticiasribeiraopreto.com.br\/wp-content\/uploads\/2025\/07\/Gas-Andre-Motta-de-Souza-Agencia-Petrobras.jpg?fit=1170%2C700&ssl=1&resize=525%2C300 1.5x, https:\/\/i0.wp.com\/noticiasribeiraopreto.com.br\/wp-content\/uploads\/2025\/07\/Gas-Andre-Motta-de-Souza-Agencia-Petrobras.jpg?fit=1170%2C700&ssl=1&resize=700%2C400 2x, https:\/\/i0.wp.com\/noticiasribeiraopreto.com.br\/wp-content\/uploads\/2025\/07\/Gas-Andre-Motta-de-Souza-Agencia-Petrobras.jpg?fit=1170%2C700&ssl=1&resize=1050%2C600 3x"},"classes":[]},{"id":71100,"url":"https:\/\/noticiasribeiraopreto.com.br\/index.php\/2025\/06\/02\/petrobras-reduz-preco-da-gasolina-veja-impacto-nos-postos-de-ribeirao\/","url_meta":{"origin":34370,"position":1},"title":"Petrobras reduz pre\u00e7o da gasolina; veja impacto nos postos de Ribeir\u00e3o","author":"noticiasribeiraopreto.com.br","date":"2 de June de 2025","format":false,"excerpt":"Os pre\u00e7os da gasolina ficar\u00e3o mais baratos a partir desta ter\u00e7a-feira (3). Isso porque, a Petrobras reduzir\u00e1 os pre\u00e7os de venda de gasolina para as distribuidoras em 5,6%. Com isso, o pre\u00e7o m\u00e9dio de venda do combust\u00edvel para as distribuidoras passar\u00e1 a ser, em m\u00e9dia, de R$ 2,85 por litro,\u2026","rel":"","context":"In &quot;Not\u00edcias de Ribeir\u00e3o Preto-SP e Regi\u00e3o&quot;","block_context":{"text":"Not\u00edcias de Ribeir\u00e3o Preto-SP e Regi\u00e3o","link":"https:\/\/noticiasribeiraopreto.com.br\/index.php\/category\/noticias-de-ribeirao-preto-sp-e-regiao-ismael-colosi\/"},"img":{"alt_text":"","src":"https:\/\/i0.wp.com\/noticiasribeiraopreto.com.br\/wp-content\/uploads\/2025\/01\/AnyConv.com__gasolina-1_2024-07-08_16-38-14.webp.webp?fit=1170%2C700&ssl=1&resize=350%2C200","width":350,"height":200,"srcset":"https:\/\/i0.wp.com\/noticiasribeiraopreto.com.br\/wp-content\/uploads\/2025\/01\/AnyConv.com__gasolina-1_2024-07-08_16-38-14.webp.webp?fit=1170%2C700&ssl=1&resize=350%2C200 1x, https:\/\/i0.wp.com\/noticiasribeiraopreto.com.br\/wp-content\/uploads\/2025\/01\/AnyConv.com__gasolina-1_2024-07-08_16-38-14.webp.webp?fit=1170%2C700&ssl=1&resize=525%2C300 1.5x, https:\/\/i0.wp.com\/noticiasribeiraopreto.com.br\/wp-content\/uploads\/2025\/01\/AnyConv.com__gasolina-1_2024-07-08_16-38-14.webp.webp?fit=1170%2C700&ssl=1&resize=700%2C400 2x, https:\/\/i0.wp.com\/noticiasribeiraopreto.com.br\/wp-content\/uploads\/2025\/01\/AnyConv.com__gasolina-1_2024-07-08_16-38-14.webp.webp?fit=1170%2C700&ssl=1&resize=1050%2C600 3x"},"classes":[]},{"id":12116,"url":"https:\/\/noticiasribeiraopreto.com.br\/index.php\/2023\/12\/07\/petrobras-petr4-reduz-preco-do-diesel-em-r027-por-litro-e-mantem-valor-da-gasolina\/","url_meta":{"origin":34370,"position":2},"title":"Petrobras (PETR4) reduz pre\u00e7o do diesel em R$0,27 por litro e mant\u00e9m valor da gasolina.","author":"noticiasribeiraopreto.com.br","date":"7 de December de 2023","format":false,"excerpt":"Segundo a empresa, a redu\u00e7\u00e3o acumulada em 2023 do diesel soma R$ 0,71 por litro \u2013 Todos os direitos: InfoMoney A Petrobras informou hoje (7) que a partir de amanh\u00e3 (08), ir\u00e1 reduzir em R$ 0,27 o pre\u00e7o m\u00e9dio do litro do diesel A para as distribuidoras, que passar\u00e1 a\u2026","rel":"","context":"In &quot;Vagas de Emprego em Ribeir\u00e3o Preto-SP&quot;","block_context":{"text":"Vagas de Emprego em Ribeir\u00e3o Preto-SP","link":"https:\/\/noticiasribeiraopreto.com.br\/index.php\/category\/empregos-classificados-vagas-trabalho\/vagas-de-empregos-em-ribeirao-preto-regiao-brasil\/"},"img":{"alt_text":"","src":"https:\/\/i0.wp.com\/noticiasribeiraopreto.com.br\/wp-content\/uploads\/2023\/12\/petrobras-petr4-reduz-preco-do-diesel-em-r027-por-litro-e-mantem-valor-da-gasolina-830x450.jpg?fit=830%2C450&ssl=1&resize=350%2C200","width":350,"height":200,"srcset":"https:\/\/i0.wp.com\/noticiasribeiraopreto.com.br\/wp-content\/uploads\/2023\/12\/petrobras-petr4-reduz-preco-do-diesel-em-r027-por-litro-e-mantem-valor-da-gasolina-830x450.jpg?fit=830%2C450&ssl=1&resize=350%2C200 1x, https:\/\/i0.wp.com\/noticiasribeiraopreto.com.br\/wp-content\/uploads\/2023\/12\/petrobras-petr4-reduz-preco-do-diesel-em-r027-por-litro-e-mantem-valor-da-gasolina-830x450.jpg?fit=830%2C450&ssl=1&resize=525%2C300 1.5x, https:\/\/i0.wp.com\/noticiasribeiraopreto.com.br\/wp-content\/uploads\/2023\/12\/petrobras-petr4-reduz-preco-do-diesel-em-r027-por-litro-e-mantem-valor-da-gasolina-830x450.jpg?fit=830%2C450&ssl=1&resize=700%2C400 2x"},"classes":[]},{"id":67724,"url":"https:\/\/noticiasribeiraopreto.com.br\/index.php\/2025\/04\/17\/petrobras-reduz-precos-do-diesel-veja-quanto-vai-custar-nas-bombas\/","url_meta":{"origin":34370,"position":3},"title":"Petrobras reduz pre\u00e7os do diesel; Veja quanto vai custar nas bombas","author":"noticiasribeiraopreto.com.br","date":"17 de April de 2025","format":false,"excerpt":"A Petrobras anunciou nesta quinta-feira (17) que reduzir\u00e1 os pre\u00e7os de venda de diesel A para as distribuidoras a partir desta sexta-feira (18). O pre\u00e7o passar\u00e1 a ser, em m\u00e9dia, de R$ 3,43 por litro, uma redu\u00e7\u00e3o de R$ 0,12 por litro. Considerando a mistura obrigat\u00f3ria de 86% de diesel\u2026","rel":"","context":"In &quot;Not\u00edcias de Ribeir\u00e3o Preto-SP e Regi\u00e3o&quot;","block_context":{"text":"Not\u00edcias de Ribeir\u00e3o Preto-SP e Regi\u00e3o","link":"https:\/\/noticiasribeiraopreto.com.br\/index.php\/category\/noticias-de-ribeirao-preto-sp-e-regiao-ismael-colosi\/"},"img":{"alt_text":"","src":"https:\/\/i0.wp.com\/noticiasribeiraopreto.com.br\/wp-content\/uploads\/2025\/04\/caminhao_sendo_1200x675_10052022102935.jpg?fit=1200%2C675&ssl=1&resize=350%2C200","width":350,"height":200,"srcset":"https:\/\/i0.wp.com\/noticiasribeiraopreto.com.br\/wp-content\/uploads\/2025\/04\/caminhao_sendo_1200x675_10052022102935.jpg?fit=1200%2C675&ssl=1&resize=350%2C200 1x, https:\/\/i0.wp.com\/noticiasribeiraopreto.com.br\/wp-content\/uploads\/2025\/04\/caminhao_sendo_1200x675_10052022102935.jpg?fit=1200%2C675&ssl=1&resize=525%2C300 1.5x, https:\/\/i0.wp.com\/noticiasribeiraopreto.com.br\/wp-content\/uploads\/2025\/04\/caminhao_sendo_1200x675_10052022102935.jpg?fit=1200%2C675&ssl=1&resize=700%2C400 2x, https:\/\/i0.wp.com\/noticiasribeiraopreto.com.br\/wp-content\/uploads\/2025\/04\/caminhao_sendo_1200x675_10052022102935.jpg?fit=1200%2C675&ssl=1&resize=1050%2C600 3x"},"classes":[]},{"id":20808,"url":"https:\/\/noticiasribeiraopreto.com.br\/index.php\/2023\/12\/26\/estatal-anuncia-reducao-de-r-030-no-preco-do-diesel\/","url_meta":{"origin":34370,"position":4},"title":"Petrobras anuncia redu\u00e7\u00e3o de R$ 0,30 no pre\u00e7o do diesel","author":"noticiasribeiraopreto.com.br","date":"26 de December de 2023","format":false,"excerpt":"O pre\u00e7o do litro do diesel vendido pela Petrobras \u00e0s distribuidoras de combust\u00edveis ser\u00e1 reduzido em R$ 0,30 a partir desta quarta-feira (27). O an\u00fancio foi feito nesta ter\u00e7a-feira (26) pela estatal, que passar\u00e1 a cobrar R$ 3,48 por litro. Os pre\u00e7os da gasolina e do g\u00e1s de cozinha ser\u00e3o\u2026","rel":"","context":"In &quot;Not\u00edcias de Ribeir\u00e3o Preto-SP e Regi\u00e3o&quot;","block_context":{"text":"Not\u00edcias de Ribeir\u00e3o Preto-SP e Regi\u00e3o","link":"https:\/\/noticiasribeiraopreto.com.br\/index.php\/category\/noticias-de-ribeirao-preto-sp-e-regiao-ismael-colosi\/"},"img":{"alt_text":"","src":"https:\/\/i0.wp.com\/noticiasribeiraopreto.com.br\/wp-content\/uploads\/2023\/12\/1703613960_diesel.jpg?fit=699%2C420&ssl=1&resize=350%2C200","width":350,"height":200,"srcset":"https:\/\/i0.wp.com\/noticiasribeiraopreto.com.br\/wp-content\/uploads\/2023\/12\/1703613960_diesel.jpg?fit=699%2C420&ssl=1&resize=350%2C200 1x, https:\/\/i0.wp.com\/noticiasribeiraopreto.com.br\/wp-content\/uploads\/2023\/12\/1703613960_diesel.jpg?fit=699%2C420&ssl=1&resize=525%2C300 1.5x"},"classes":[]},{"id":54453,"url":"https:\/\/noticiasribeiraopreto.com.br\/index.php\/2024\/07\/11\/noticia-alarmante-aumento-nos-precos-do-gas-de-cozinha-e-gasolina-preocupa-populacao-brasileira-veja-detalhes\/","url_meta":{"origin":34370,"position":5},"title":"Not\u00edcia Alarmante: Aumento nos Pre\u00e7os do G\u00e1s de Cozinha e Gasolina Preocupa Popula\u00e7\u00e3o Brasileira; Veja detalhes","author":"noticiasribeiraopreto.com.br","date":"11 de July de 2024","format":false,"excerpt":"Na \u00faltima segunda-feira (8), a Petrobras confirmou o aumento dos pre\u00e7os da gasolina e dos botij\u00f5es de g\u00e1s de cozinha. Segundo a estatal, as raz\u00f5es para o reajuste est\u00e3o ligadas \u00e0 alta dos pre\u00e7os internacionais do petr\u00f3leo e \u00e0 desvaloriza\u00e7\u00e3o da moeda. Os novos pre\u00e7os do g\u00e1s de cozinha e\u2026","rel":"","context":"In &quot;Dinheiro e Investimento&quot;","block_context":{"text":"Dinheiro e Investimento","link":"https:\/\/noticiasribeiraopreto.com.br\/index.php\/category\/dinheiro-e-investimento-como-fazer-como-ganhar\/"},"img":{"alt_text":"","src":"https:\/\/i0.wp.com\/noticiasribeiraopreto.com.br\/wp-content\/uploads\/2024\/07\/Aumento-no-gas-de-cozinha.webp.webp?fit=1200%2C630&ssl=1&resize=350%2C200","width":350,"height":200,"srcset":"https:\/\/i0.wp.com\/noticiasribeiraopreto.com.br\/wp-content\/uploads\/2024\/07\/Aumento-no-gas-de-cozinha.webp.webp?fit=1200%2C630&ssl=1&resize=350%2C200 1x, https:\/\/i0.wp.com\/noticiasribeiraopreto.com.br\/wp-content\/uploads\/2024\/07\/Aumento-no-gas-de-cozinha.webp.webp?fit=1200%2C630&ssl=1&resize=525%2C300 1.5x, https:\/\/i0.wp.com\/noticiasribeiraopreto.com.br\/wp-content\/uploads\/2024\/07\/Aumento-no-gas-de-cozinha.webp.webp?fit=1200%2C630&ssl=1&resize=700%2C400 2x, https:\/\/i0.wp.com\/noticiasribeiraopreto.com.br\/wp-content\/uploads\/2024\/07\/Aumento-no-gas-de-cozinha.webp.webp?fit=1200%2C630&ssl=1&resize=1050%2C600 3x"},"classes":[]}],"jetpack_sharing_enabled":true,"jetpack_shortlink":"https:\/\/wp.me\/peQAOb-8Wm","_links":{"self":[{"href":"https:\/\/noticiasribeiraopreto.com.br\/index.php\/wp-json\/wp\/v2\/posts\/34370","targetHints":{"allow":["GET"]}}],"collection":[{"href":"https:\/\/noticiasribeiraopreto.com.br\/index.php\/wp-json\/wp\/v2\/posts"}],"about":[{"href":"https:\/\/noticiasribeiraopreto.com.br\/index.php\/wp-json\/wp\/v2\/types\/post"}],"author":[{"embeddable":true,"href":"https:\/\/noticiasribeiraopreto.com.br\/index.php\/wp-json\/wp\/v2\/users\/1"}],"replies":[{"embeddable":true,"href":"https:\/\/noticiasribeiraopreto.com.br\/index.php\/wp-json\/wp\/v2\/comments?post=34370"}],"version-history":[{"count":0,"href":"https:\/\/noticiasribeiraopreto.com.br\/index.php\/wp-json\/wp\/v2\/posts\/34370\/revisions"}],"wp:featuredmedia":[{"embeddable":true,"href":"https:\/\/noticiasribeiraopreto.com.br\/index.php\/wp-json\/wp\/v2\/media\/34371"}],"wp:attachment":[{"href":"https:\/\/noticiasribeiraopreto.com.br\/index.php\/wp-json\/wp\/v2\/media?parent=34370"}],"wp:term":[{"taxonomy":"category","embeddable":true,"href":"https:\/\/noticiasribeiraopreto.com.br\/index.php\/wp-json\/wp\/v2\/categories?post=34370"},{"taxonomy":"post_tag","embeddable":true,"href":"https:\/\/noticiasribeiraopreto.com.br\/index.php\/wp-json\/wp\/v2\/tags?post=34370"}],"curies":[{"name":"wp","href":"https:\/\/api.w.org\/{rel}","templated":true}]}}