{"id":34374,"date":"2024-02-01T20:56:10","date_gmt":"2024-02-01T23:56:10","guid":{"rendered":"https:\/\/noticiasribeiraopreto.com.br\/index.php\/2024\/02\/01\/apos-temporal-veja-como-fica-o-tempo-no-final-de-semana-em-ribeirao-preto\/"},"modified":"2024-02-01T20:56:10","modified_gmt":"2024-02-01T23:56:10","slug":"apos-temporal-veja-como-fica-o-tempo-no-final-de-semana-em-ribeirao-preto","status":"publish","type":"post","link":"https:\/\/noticiasribeiraopreto.com.br\/index.php\/2024\/02\/01\/apos-temporal-veja-como-fica-o-tempo-no-final-de-semana-em-ribeirao-preto\/","title":{"rendered":"Ap\u00f3s temporal, veja como fica o tempo no final de semana em Ribeir\u00e3o Preto"},"content":{"rendered":"<div class='code-block code-block-1' style='margin: 8px 0 8px auto; text-align: right; display: block; clear: both;'>\n<p><a href=\"https:\/\/wa.link\/vpicfd\"><img data-recalc-dims=\"1\" class=\"wp-image-4922\" style=\"aspect-ratio: 2.0253164556962027; width: 561px; height: auto;\" src=\"https:\/\/i0.wp.com\/ismaelcolosi.com.br\/wp-content\/uploads\/2023\/11\/grupo-de-empregos-whatsapp-e-facebook-ismael-colosi-vagas.jpg?ssl=1\" alt=\"\" \/><\/a><\/p>\n<!-- \/wp:image -->\n<\/div>\n<p> <br \/>\n<\/p>\n<div data-td-block-uid=\"tdi_104\">\n<div class=\"tdb-block-inner td-fix-index\">\n<p>Ap\u00f3s os estragos provocados pelo <strong>temporal que atingiu a regi\u00e3o Central de Ribeir\u00e3o Preto<\/strong>, no final da tarde desta quinta-feira (1\u00ba), <strong>ainda h\u00e1 previs\u00e3o de chuva para cidade neste final de semana.<\/strong><\/p>\n<p>Vale lembrar que todo o <strong>estado de S\u00e3o Paulo, inclusive o interior<\/strong>, est\u00e1 sob alerta amarelo de temporais at\u00e9 sexta-feira (2).<\/p>\n<p>De acordo com a <strong>Climatempo<\/strong>, existem <mark style=\"background-color:#fcb900\" class=\"has-inline-color\">83% de chances de chances de <strong>chuva<\/strong>, com acumulado previsto de at\u00e9 15 mil\u00edmetros nesta sexta-feira.<\/mark> As pancadas de chuva devem acontecer nos per\u00edodos da manh\u00e3 e da noite.<\/p>\n<p>A temperatura deve variar entre <strong>19\u00baC<\/strong> e <strong>33\u00baC<\/strong>. De acordo com os meteorologistas, a forma\u00e7\u00e3o de uma frente fria na costa paulista aumentou as chances de chuva no estado.<\/p>\n<h4 class=\"wp-block-heading\"><strong>Final de semana<\/strong><\/h4>\n<p>Para o <strong>s\u00e1bado (3)<\/strong> e <strong>domingo (4)<\/strong>, existem <strong>90% de chances de chuva<\/strong>, com acumulado previsto de 10 mil\u00edmetros.<\/p>\n<p>Os dias devem ser de sol com algumas nuvens e pancadas de chuva durante o dia e \u00e0 noite.<strong> As temperaturas variam entre 21\u00baC e 32\u00baC nos dois dias.<\/strong><\/p>\n<p>SAIBA MAIS<\/p>\n<p>Muro de escola desaba na zona Oeste de Ribeir\u00e3o Preto durante temporal<\/p>\n<h4 class=\"wp-block-heading\"><strong><mark style=\"background-color:#fcb900\" class=\"has-inline-color\">FIQUE ON<\/mark><\/strong><\/h4>\n<p>Fique ligado em tudo que acontece em Ribeir\u00e3o Preto e regi\u00e3o. Siga os perfis do<strong>\u00a0acidade on\u00a0<\/strong>no\u00a0<a href=\"https:\/\/www.instagram.com\/acidadeonribeirao\" target=\"_blank\" rel=\"noreferrer noopener\">Instagram<\/a>\u00a0e no\u00a0<a href=\"https:\/\/www.facebook.com\/acidadeonribeirao\" target=\"_blank\" rel=\"noreferrer noopener\">Facebook<\/a>.<\/p>\n<p>Receba not\u00edcias do<strong>\u00a0acidade on\u00a0<\/strong>no WhatsApp.<a href=\"https:\/\/chat.whatsapp.com\/Bnv2w66ZT4VDyZW3oiZ69n\" target=\"_blank\" rel=\"noreferrer noopener\">\u00a0Para entrar no grupo, basta clicar aqui.<\/a><\/p>\n<p>Fa\u00e7a uma den\u00fancia ou sugira uma reportagem sobre Ribeir\u00e3o Preto e regi\u00e3o pelo WhatsApp: 16 99117 7802.<\/p>\n<p>VEJA TAMB\u00c9M<\/p>\n<p>Vanessa Lopes estar\u00e1 em novo reality na Globo<\/p>\n<p><!-- AI CONTENT END 1 -->\n<\/div>\n<\/div>\n<p><script async src=\"\/\/www.instagram.com\/embed.js\"><\/script><br \/>\n<br \/><br \/>\n<br \/><a href=\"https:\/\/www.acidadeon.com\/ribeiraopreto\/cotidiano\/apos-temporal-veja-como-fica-o-tempo-no-final-de-semana-em-ribeirao-preto\/\">Source link <\/a><\/p>\n<!-- CONTENT END 1 -->\n","protected":false},"excerpt":{"rendered":"<p>Ap\u00f3s os estragos provocados pelo temporal que atingiu a regi\u00e3o Central de Ribeir\u00e3o Preto, no final da tarde desta quinta-feira (1\u00ba), ainda h\u00e1 previs\u00e3o de&#8230;<\/p>\n","protected":false},"author":1,"featured_media":34375,"comment_status":"open","ping_status":"open","sticky":false,"template":"","format":"standard","meta":{"advanced_seo_description":"","jetpack_seo_html_title":"","jetpack_seo_noindex":false,"jetpack_post_was_ever_published":false,"_jetpack_newsletter_access":"","_jetpack_dont_email_post_to_subs":false,"_jetpack_newsletter_tier_id":0,"_jetpack_memberships_contains_paywalled_content":false,"_jetpack_memberships_contains_paid_content":false,"footnotes":"","jetpack_publicize_message":"","jetpack_publicize_feature_enabled":true,"jetpack_social_post_already_shared":true,"jetpack_social_options":{"image_generator_settings":{"template":"highway","default_image_id":0,"font":"","enabled":false},"version":2}},"categories":[11],"tags":[],"class_list":["post-34374","post","type-post","status-publish","format-standard","has-post-thumbnail","hentry","category-noticias-de-ribeirao-preto-sp-e-regiao-ismael-colosi"],"jetpack_publicize_connections":[],"jetpack_featured_media_url":"https:\/\/i0.wp.com\/noticiasribeiraopreto.com.br\/wp-content\/uploads\/2024\/02\/Copia-de-Copia-de-TAMANHO-EXATO-PARA-FOTOS-NO-SISTEMA-NOVO-29.png?fit=1200%2C675&ssl=1","jetpack-related-posts":[{"id":61765,"url":"https:\/\/noticiasribeiraopreto.com.br\/index.php\/2024\/12\/21\/temporal-no-estado-de-sp-veja-a-previsao-para-ribeirao-preto\/","url_meta":{"origin":34374,"position":0},"title":"Temporal no estado de SP: Veja a previs\u00e3o para Ribeir\u00e3o Preto","author":"noticiasribeiraopreto.com.br","date":"21 de December de 2024","format":false,"excerpt":"Ribeir\u00e3o Preto amanheceu com o c\u00e9u nublado neste s\u00e1bado (21), primeiro dia do ver\u00e3o. De acordo com a Climatempo, os term\u00f4metros n\u00e3o devem passar dos 28\u00baC na cidade. A primavera se despediu com fortes temporais em todo o estado de S\u00e3o Paulo nesta sexta-feira, por\u00e9m, \u00e1reas de instabilidade voltam a\u2026","rel":"","context":"In &quot;Not\u00edcias de Ribeir\u00e3o Preto-SP e Regi\u00e3o&quot;","block_context":{"text":"Not\u00edcias de Ribeir\u00e3o Preto-SP e Regi\u00e3o","link":"https:\/\/noticiasribeiraopreto.com.br\/index.php\/category\/noticias-de-ribeirao-preto-sp-e-regiao-ismael-colosi\/"},"img":{"alt_text":"","src":"https:\/\/i0.wp.com\/noticiasribeiraopreto.com.br\/wp-content\/uploads\/2024\/12\/WhatsApp-Image-2024-12-21-at-08.24.15_2024-12-21_12-33-23_jpeg_2024-12-21_12-33-23.webp.webp?fit=1200%2C900&ssl=1&resize=350%2C200","width":350,"height":200,"srcset":"https:\/\/i0.wp.com\/noticiasribeiraopreto.com.br\/wp-content\/uploads\/2024\/12\/WhatsApp-Image-2024-12-21-at-08.24.15_2024-12-21_12-33-23_jpeg_2024-12-21_12-33-23.webp.webp?fit=1200%2C900&ssl=1&resize=350%2C200 1x, https:\/\/i0.wp.com\/noticiasribeiraopreto.com.br\/wp-content\/uploads\/2024\/12\/WhatsApp-Image-2024-12-21-at-08.24.15_2024-12-21_12-33-23_jpeg_2024-12-21_12-33-23.webp.webp?fit=1200%2C900&ssl=1&resize=525%2C300 1.5x, https:\/\/i0.wp.com\/noticiasribeiraopreto.com.br\/wp-content\/uploads\/2024\/12\/WhatsApp-Image-2024-12-21-at-08.24.15_2024-12-21_12-33-23_jpeg_2024-12-21_12-33-23.webp.webp?fit=1200%2C900&ssl=1&resize=700%2C400 2x, https:\/\/i0.wp.com\/noticiasribeiraopreto.com.br\/wp-content\/uploads\/2024\/12\/WhatsApp-Image-2024-12-21-at-08.24.15_2024-12-21_12-33-23_jpeg_2024-12-21_12-33-23.webp.webp?fit=1200%2C900&ssl=1&resize=1050%2C600 3x"},"classes":[]},{"id":82167,"url":"https:\/\/noticiasribeiraopreto.com.br\/index.php\/2026\/02\/06\/tregua-na-chuva-em-ribeirao-sexta-feira-comeca-com-sol-mas-previsao-indica-mudanca-no-tempo-no-fim-de-semana\/","url_meta":{"origin":34374,"position":1},"title":"Tr\u00e9gua na chuva em Ribeir\u00e3o? Sexta-feira come\u00e7a com sol, mas previs\u00e3o indica mudan\u00e7a no tempo no fim de semana","author":"noticiasribeiraopreto.com.br","date":"6 de February de 2026","format":false,"excerpt":"A sexta-feira (6) come\u00e7a com sol entre nuvens em Ribeir\u00e3o Preto. As temperaturas ficam mais amenas pela manh\u00e3, com m\u00ednima de 20\u00baC, e sobem gradualmente ao longo da manh\u00e3. A m\u00e1xima prevista \u00e9 de 28\u00baC. Embora o dia comece diferente dos \u00faltimos dias, a partir do per\u00edodo da tarde, a\u2026","rel":"","context":"In &quot;Not\u00edcias de Ribeir\u00e3o Preto-SP e Regi\u00e3o&quot;","block_context":{"text":"Not\u00edcias de Ribeir\u00e3o Preto-SP e Regi\u00e3o","link":"https:\/\/noticiasribeiraopreto.com.br\/index.php\/category\/noticias-de-ribeirao-preto-sp-e-regiao-ismael-colosi\/"},"img":{"alt_text":"","src":"https:\/\/i0.wp.com\/noticiasribeiraopreto.com.br\/wp-content\/uploads\/2026\/02\/WhatsApp-Image-2024-11-20-at-08.12.40_2024-11-21_10-00-09_jpeg_2024-11-21_10-00-09.webp.webp?fit=1200%2C540&ssl=1&resize=350%2C200","width":350,"height":200,"srcset":"https:\/\/i0.wp.com\/noticiasribeiraopreto.com.br\/wp-content\/uploads\/2026\/02\/WhatsApp-Image-2024-11-20-at-08.12.40_2024-11-21_10-00-09_jpeg_2024-11-21_10-00-09.webp.webp?fit=1200%2C540&ssl=1&resize=350%2C200 1x, https:\/\/i0.wp.com\/noticiasribeiraopreto.com.br\/wp-content\/uploads\/2026\/02\/WhatsApp-Image-2024-11-20-at-08.12.40_2024-11-21_10-00-09_jpeg_2024-11-21_10-00-09.webp.webp?fit=1200%2C540&ssl=1&resize=525%2C300 1.5x, https:\/\/i0.wp.com\/noticiasribeiraopreto.com.br\/wp-content\/uploads\/2026\/02\/WhatsApp-Image-2024-11-20-at-08.12.40_2024-11-21_10-00-09_jpeg_2024-11-21_10-00-09.webp.webp?fit=1200%2C540&ssl=1&resize=700%2C400 2x, https:\/\/i0.wp.com\/noticiasribeiraopreto.com.br\/wp-content\/uploads\/2026\/02\/WhatsApp-Image-2024-11-20-at-08.12.40_2024-11-21_10-00-09_jpeg_2024-11-21_10-00-09.webp.webp?fit=1200%2C540&ssl=1&resize=1050%2C600 3x"},"classes":[]},{"id":21890,"url":"https:\/\/noticiasribeiraopreto.com.br\/index.php\/2023\/12\/28\/chuva-no-reveillon-veja-como-fica-o-tempo-no-ultimo-final-de-semana-do-ano-no-interior-de-sp\/","url_meta":{"origin":34374,"position":2},"title":"Chuva no R\u00e9veillon? Veja como fica o tempo no \u00faltimo final de semana do ano no interior de SP","author":"noticiasribeiraopreto.com.br","date":"28 de December de 2023","format":false,"excerpt":"Uma frente fria avan\u00e7a pela regi\u00e3o Sudeste e chega ao estado de S\u00e3o Paulo neste final de semana, de acordo com a plataforma Climatempo. A previs\u00e3o \u00e9 de que o ano de 2023 termine com o t\u00edpico clima de ver\u00e3o, que come\u00e7ou na \u00faltima sexta-feira (22). Portanto, os pr\u00f3ximos dias\u2026","rel":"","context":"In &quot;Not\u00edcias de Ribeir\u00e3o Preto-SP e Regi\u00e3o&quot;","block_context":{"text":"Not\u00edcias de Ribeir\u00e3o Preto-SP e Regi\u00e3o","link":"https:\/\/noticiasribeiraopreto.com.br\/index.php\/category\/noticias-de-ribeirao-preto-sp-e-regiao-ismael-colosi\/"},"img":{"alt_text":"","src":"https:\/\/i0.wp.com\/noticiasribeiraopreto.com.br\/wp-content\/uploads\/2023\/12\/abre_e_fecha_-_foto_fernando_gonzaga_1.jpg?fit=1200%2C900&ssl=1&resize=350%2C200","width":350,"height":200,"srcset":"https:\/\/i0.wp.com\/noticiasribeiraopreto.com.br\/wp-content\/uploads\/2023\/12\/abre_e_fecha_-_foto_fernando_gonzaga_1.jpg?fit=1200%2C900&ssl=1&resize=350%2C200 1x, https:\/\/i0.wp.com\/noticiasribeiraopreto.com.br\/wp-content\/uploads\/2023\/12\/abre_e_fecha_-_foto_fernando_gonzaga_1.jpg?fit=1200%2C900&ssl=1&resize=525%2C300 1.5x, https:\/\/i0.wp.com\/noticiasribeiraopreto.com.br\/wp-content\/uploads\/2023\/12\/abre_e_fecha_-_foto_fernando_gonzaga_1.jpg?fit=1200%2C900&ssl=1&resize=700%2C400 2x, https:\/\/i0.wp.com\/noticiasribeiraopreto.com.br\/wp-content\/uploads\/2023\/12\/abre_e_fecha_-_foto_fernando_gonzaga_1.jpg?fit=1200%2C900&ssl=1&resize=1050%2C600 3x"},"classes":[]},{"id":27423,"url":"https:\/\/noticiasribeiraopreto.com.br\/index.php\/2024\/01\/12\/frente-fria-aumenta-risco-de-chuva-forte-no-interior-de-sp-veja-a-previsao\/","url_meta":{"origin":34374,"position":3},"title":"Frente fria aumenta risco de chuva forte no interior de SP; Veja a previs\u00e3o","author":"noticiasribeiraopreto.com.br","date":"12 de January de 2024","format":false,"excerpt":"A passagem de uma frente fria entre esta sexta-feira (12) e no s\u00e1bado (13) aumenta o risco de chuva forte no interior de S\u00e3o Paulo, segundo a Climatempo. Al\u00e9m disso, o predom\u00ednio de ar quente e \u00famido sobre o Brasil forma nuvens carregadas. \u201cEstas nuvens provocaram temporais em muitos estados\u2026","rel":"","context":"In &quot;Not\u00edcias de Ribeir\u00e3o Preto-SP e Regi\u00e3o&quot;","block_context":{"text":"Not\u00edcias de Ribeir\u00e3o Preto-SP e Regi\u00e3o","link":"https:\/\/noticiasribeiraopreto.com.br\/index.php\/category\/noticias-de-ribeirao-preto-sp-e-regiao-ismael-colosi\/"},"img":{"alt_text":"","src":"https:\/\/i0.wp.com\/noticiasribeiraopreto.com.br\/wp-content\/uploads\/2024\/01\/1705058466_chuva-forte.jpg?fit=1200%2C765&ssl=1&resize=350%2C200","width":350,"height":200,"srcset":"https:\/\/i0.wp.com\/noticiasribeiraopreto.com.br\/wp-content\/uploads\/2024\/01\/1705058466_chuva-forte.jpg?fit=1200%2C765&ssl=1&resize=350%2C200 1x, https:\/\/i0.wp.com\/noticiasribeiraopreto.com.br\/wp-content\/uploads\/2024\/01\/1705058466_chuva-forte.jpg?fit=1200%2C765&ssl=1&resize=525%2C300 1.5x, https:\/\/i0.wp.com\/noticiasribeiraopreto.com.br\/wp-content\/uploads\/2024\/01\/1705058466_chuva-forte.jpg?fit=1200%2C765&ssl=1&resize=700%2C400 2x, https:\/\/i0.wp.com\/noticiasribeiraopreto.com.br\/wp-content\/uploads\/2024\/01\/1705058466_chuva-forte.jpg?fit=1200%2C765&ssl=1&resize=1050%2C600 3x"},"classes":[]},{"id":5987,"url":"https:\/\/noticiasribeiraopreto.com.br\/index.php\/2023\/11\/24\/vai-chover-no-final-de-semana-veja-a-previsao-para-o-interior-de-sp\/","url_meta":{"origin":34374,"position":4},"title":"Vai chover no final de semana? Veja a previs\u00e3o para o interior de SP","author":"noticiasribeiraopreto.com.br","date":"24 de November de 2023","format":false,"excerpt":"A combina\u00e7\u00e3o do calor com a umidade favorece as condi\u00e7\u00f5es para pancadas de chuva no interior do Estado de S\u00e3o Paulo neste final de semana. O Inmet chegou emitiu um aviso para chuvas intensas, incluindo a cidade de Ribeir\u00e3o Preto, nesta sexta-feira (24). De acordo com o \u00f3rg\u00e3o, pode chover\u2026","rel":"","context":"In &quot;Not\u00edcias de Ribeir\u00e3o Preto-SP e Regi\u00e3o&quot;","block_context":{"text":"Not\u00edcias de Ribeir\u00e3o Preto-SP e Regi\u00e3o","link":"https:\/\/noticiasribeiraopreto.com.br\/index.php\/category\/noticias-de-ribeirao-preto-sp-e-regiao-ismael-colosi\/"},"img":{"alt_text":"","src":"https:\/\/i0.wp.com\/noticiasribeiraopreto.com.br\/wp-content\/uploads\/2023\/11\/chuva_ribeirao_1200x675_27102021112554.jpg?fit=1200%2C675&ssl=1&resize=350%2C200","width":350,"height":200,"srcset":"https:\/\/i0.wp.com\/noticiasribeiraopreto.com.br\/wp-content\/uploads\/2023\/11\/chuva_ribeirao_1200x675_27102021112554.jpg?fit=1200%2C675&ssl=1&resize=350%2C200 1x, https:\/\/i0.wp.com\/noticiasribeiraopreto.com.br\/wp-content\/uploads\/2023\/11\/chuva_ribeirao_1200x675_27102021112554.jpg?fit=1200%2C675&ssl=1&resize=525%2C300 1.5x, https:\/\/i0.wp.com\/noticiasribeiraopreto.com.br\/wp-content\/uploads\/2023\/11\/chuva_ribeirao_1200x675_27102021112554.jpg?fit=1200%2C675&ssl=1&resize=700%2C400 2x, https:\/\/i0.wp.com\/noticiasribeiraopreto.com.br\/wp-content\/uploads\/2023\/11\/chuva_ribeirao_1200x675_27102021112554.jpg?fit=1200%2C675&ssl=1&resize=1050%2C600 3x"},"classes":[]},{"id":76451,"url":"https:\/\/noticiasribeiraopreto.com.br\/index.php\/2025\/08\/29\/chuva-marca-a-manha-em-ribeirao-preto-interior-de-sp-tem-alerta-de-temporais\/","url_meta":{"origin":34374,"position":5},"title":"Chuva marca a manh\u00e3 em Ribeir\u00e3o Preto; Interior de SP tem alerta de temporais","author":"noticiasribeiraopreto.com.br","date":"29 de August de 2025","format":false,"excerpt":"A \u00faltima sexta-feira (29) de agosto come\u00e7ou com chuva e c\u00e9u nublado em Ribeir\u00e3o Preto. As temperaturas variam entre 18\u00baC e 28\u00baC ao longo do dia. Segundo a Climatempo, a previs\u00e3o indica sol entre muitas nuvens pela manh\u00e3, com possibilidade de chuva a qualquer hora. Um cavado meteorol\u00f3gico, que avan\u00e7a\u2026","rel":"","context":"In &quot;Not\u00edcias de Ribeir\u00e3o Preto-SP e Regi\u00e3o&quot;","block_context":{"text":"Not\u00edcias de Ribeir\u00e3o Preto-SP e Regi\u00e3o","link":"https:\/\/noticiasribeiraopreto.com.br\/index.php\/category\/noticias-de-ribeirao-preto-sp-e-regiao-ismael-colosi\/"},"img":{"alt_text":"","src":"https:\/\/i0.wp.com\/noticiasribeiraopreto.com.br\/wp-content\/uploads\/2025\/08\/Copia-de-Copia-de-Copia-de-TAMANHO-EXATO-PARA-FOTOS-NO-SISTEMA-NOVO-2025-08-29T075213.748_2025-08-29_10-52-19.webp.webp?fit=1200%2C675&ssl=1&resize=350%2C200","width":350,"height":200,"srcset":"https:\/\/i0.wp.com\/noticiasribeiraopreto.com.br\/wp-content\/uploads\/2025\/08\/Copia-de-Copia-de-Copia-de-TAMANHO-EXATO-PARA-FOTOS-NO-SISTEMA-NOVO-2025-08-29T075213.748_2025-08-29_10-52-19.webp.webp?fit=1200%2C675&ssl=1&resize=350%2C200 1x, https:\/\/i0.wp.com\/noticiasribeiraopreto.com.br\/wp-content\/uploads\/2025\/08\/Copia-de-Copia-de-Copia-de-TAMANHO-EXATO-PARA-FOTOS-NO-SISTEMA-NOVO-2025-08-29T075213.748_2025-08-29_10-52-19.webp.webp?fit=1200%2C675&ssl=1&resize=525%2C300 1.5x, https:\/\/i0.wp.com\/noticiasribeiraopreto.com.br\/wp-content\/uploads\/2025\/08\/Copia-de-Copia-de-Copia-de-TAMANHO-EXATO-PARA-FOTOS-NO-SISTEMA-NOVO-2025-08-29T075213.748_2025-08-29_10-52-19.webp.webp?fit=1200%2C675&ssl=1&resize=700%2C400 2x, https:\/\/i0.wp.com\/noticiasribeiraopreto.com.br\/wp-content\/uploads\/2025\/08\/Copia-de-Copia-de-Copia-de-TAMANHO-EXATO-PARA-FOTOS-NO-SISTEMA-NOVO-2025-08-29T075213.748_2025-08-29_10-52-19.webp.webp?fit=1200%2C675&ssl=1&resize=1050%2C600 3x"},"classes":[]}],"jetpack_sharing_enabled":true,"jetpack_shortlink":"https:\/\/wp.me\/peQAOb-8Wq","_links":{"self":[{"href":"https:\/\/noticiasribeiraopreto.com.br\/index.php\/wp-json\/wp\/v2\/posts\/34374","targetHints":{"allow":["GET"]}}],"collection":[{"href":"https:\/\/noticiasribeiraopreto.com.br\/index.php\/wp-json\/wp\/v2\/posts"}],"about":[{"href":"https:\/\/noticiasribeiraopreto.com.br\/index.php\/wp-json\/wp\/v2\/types\/post"}],"author":[{"embeddable":true,"href":"https:\/\/noticiasribeiraopreto.com.br\/index.php\/wp-json\/wp\/v2\/users\/1"}],"replies":[{"embeddable":true,"href":"https:\/\/noticiasribeiraopreto.com.br\/index.php\/wp-json\/wp\/v2\/comments?post=34374"}],"version-history":[{"count":0,"href":"https:\/\/noticiasribeiraopreto.com.br\/index.php\/wp-json\/wp\/v2\/posts\/34374\/revisions"}],"wp:featuredmedia":[{"embeddable":true,"href":"https:\/\/noticiasribeiraopreto.com.br\/index.php\/wp-json\/wp\/v2\/media\/34375"}],"wp:attachment":[{"href":"https:\/\/noticiasribeiraopreto.com.br\/index.php\/wp-json\/wp\/v2\/media?parent=34374"}],"wp:term":[{"taxonomy":"category","embeddable":true,"href":"https:\/\/noticiasribeiraopreto.com.br\/index.php\/wp-json\/wp\/v2\/categories?post=34374"},{"taxonomy":"post_tag","embeddable":true,"href":"https:\/\/noticiasribeiraopreto.com.br\/index.php\/wp-json\/wp\/v2\/tags?post=34374"}],"curies":[{"name":"wp","href":"https:\/\/api.w.org\/{rel}","templated":true}]}}