{"id":34717,"date":"2024-02-03T06:30:37","date_gmt":"2024-02-03T09:30:37","guid":{"rendered":"https:\/\/noticiasribeiraopreto.com.br\/index.php\/2024\/02\/03\/a-cientista-que-quer-recuperar-movimentos-de-acidentados-2\/"},"modified":"2024-02-03T06:30:37","modified_gmt":"2024-02-03T09:30:37","slug":"a-cientista-que-quer-recuperar-movimentos-de-acidentados-2","status":"publish","type":"post","link":"https:\/\/noticiasribeiraopreto.com.br\/index.php\/2024\/02\/03\/a-cientista-que-quer-recuperar-movimentos-de-acidentados-2\/","title":{"rendered":"A cientista que quer recuperar movimentos de acidentados"},"content":{"rendered":"<div class='code-block code-block-1' style='margin: 8px 0 8px auto; text-align: right; display: block; clear: both;'>\n<p><a href=\"https:\/\/wa.link\/vpicfd\"><img data-recalc-dims=\"1\" class=\"wp-image-4922\" style=\"aspect-ratio: 2.0253164556962027; width: 561px; height: auto;\" src=\"https:\/\/i0.wp.com\/ismaelcolosi.com.br\/wp-content\/uploads\/2023\/11\/grupo-de-empregos-whatsapp-e-facebook-ismael-colosi-vagas.jpg?ssl=1\" alt=\"\" \/><\/a><\/p>\n<!-- \/wp:image -->\n<\/div>\n<p> <br \/>\n<\/p>\n<div>\n<div id=\"attachment_593310\" class=\"wp-caption alignnone style=\" max-width:=\"\"><img data-recalc-dims=\"1\" fetchpriority=\"high\" decoding=\"async\" class=\"alignnone wp-image-593310 size-full\" src=\"https:\/\/i0.wp.com\/forbes.com.br\/wp-content\/uploads\/2024\/02\/mulher-duda-franklin-under30-768x512.jpg?resize=678%2C452&#038;ssl=1\" http:=\"\" alt=\"duda franklin, cientista e empreendedora\" width=\"678\" height=\"452\" data-lazy-src=\"https:\/\/forbes.com.br\/wp-content\/uploads\/2024\/02\/mulher-duda-franklin-under30-768x512.jpg\"\/><noscript><img data-recalc-dims=\"1\" fetchpriority=\"high\" decoding=\"async\" class=\"alignnone wp-image-593310 size-full\" src=\"https:\/\/i0.wp.com\/forbes.com.br\/wp-content\/uploads\/2024\/02\/mulher-duda-franklin-under30-768x512.jpg?resize=678%2C452&#038;ssl=1\" alt=\"duda franklin, cientista e empreendedora\" width=\"678\" height=\"452\"\/><\/noscript><\/p>\n<p class=\"wp-caption-text\">Duda Franklin, cientista e fundadora da Orby, teve sua empresa investida pelo fundo do Google para empreendedores negros<\/p>\n<\/div>\n<p><span style=\"font-weight: 400;\">No segundo ano do curso de neuroci\u00eancias na Universidade Federal do Rio Grande do Norte (UFRN), <strong>Duda Franklin<\/strong>, que faz parte da lista <strong>Forbes Under 30 2023<\/strong>, foi chamada \u00e0 sala da reitoria. Chegando l\u00e1, al\u00e9m do reitor do Instituto do C\u00e9rebro, um dos principais centros de pesquisa do pa\u00eds, encontrou tamb\u00e9m o c\u00e9lebre neurocientista Sidarta Ribeiro. \u201cOs dois estavam esperando para ter uma conversa comigo. Meu cora\u00e7\u00e3o gelou\u201d, conta Duda,\u00a0 lembrando do in\u00edcio da sua trajet\u00f3ria como empreendedora e pesquisadora.<\/span><\/p>\n<p><span style=\"font-weight: 400;\">N\u00e3o se tratava de uma bronca, mas de uma corre\u00e7\u00e3o de rota. Chegou \u00e0 dire\u00e7\u00e3o que Duda estava se envolvendo com a pesquisa de sistema embarcado, o que o reitor considerou um desperd\u00edcio. \u201cEle me disse que, a partir daquele momento, eu deveria me voltar apenas para a neuroci\u00eancia e aos meus estudos sobre neuromodula\u00e7\u00e3o.\u201d<\/span><\/p>\n<ul>\n<li>\n<h4>Siga a <a href=\"https:\/\/whatsapp.com\/channel\/0029Va9gQKwBFLgM96cJnu0u\" target=\"_blank\" rel=\"noopener\">Forbes<\/a> no WhatsApp e receba as principais not\u00edcias sobre neg\u00f3cios, carreira, tecnologia e estilo de vida<\/h4>\n<\/li>\n<\/ul>\n<p><span style=\"font-weight: 400;\">Ele estava certo em direcionar o foco da jovem cientista. Antes dos 20 anos, Duda Franklin j\u00e1 deixava claro sua capacidade de inova\u00e7\u00e3o e criava o prot\u00f3tipo do que hoje \u00e9 sua empresa, a <strong>Orby<\/strong>.\u00a0<\/span><\/p>\n<p><span style=\"font-weight: 400;\">A startup produz um dispositivo de neuromodula\u00e7\u00e3o n\u00e3o-invasiva, o <strong>Ortech<\/strong>, que promete que pessoas que sofreram acidentes e foram parar em uma cadeira de rodas \u2013 ou que desenvolveram Mal de Parkinson ou AVC, por exemplo \u2013, voltem a se movimentar.\u00a0<\/span><\/p>\n<p><span style=\"font-weight: 400;\">Pacientes com disfun\u00e7\u00f5es neuromotoras ou que est\u00e3o na UTI por muito tempo sem se movimentar tamb\u00e9m s\u00e3o o p\u00fablico-alvo do Ortech, que ajudaria a estimular a musculatura e a reduzir a depend\u00eancia de opioides no tratamento da dor. Um dos pacientes, que est\u00e1 em fase de testes e que antes usava andador, hoje est\u00e1 caminhando com a ajuda de muletas. Dentro de dois anos, espera-se que volte a andar com alguma autonomia.<\/span><\/p>\n<p><span style=\"font-weight: 400;\">O Ortech est\u00e1 em fase de testes tamb\u00e9m no Hospital do Amor, em Campinas (SP) e no CHN em Niter\u00f3i (RJ), que pertence \u00e0 rede DASA. \u201cO aparelho, que cabe na palma da m\u00e3o, transmite sinais para os neur\u00f4nios para ativar os movimentos ou modular a dor. S\u00e3o sinais que saem de um computador para o sistema fisiol\u00f3gico do paciente.\u201d\u00a0<\/span><\/p>\n<p><strong>Leia tamb\u00e9m:<\/strong><\/p>\n<h2><b>Crian\u00e7a at\u00edpica e prod\u00edgio<\/b><\/h2>\n<p><span style=\"font-weight: 400;\">Desde cedo, Duda Franklin mostrou que era diferente \u2013 e muito acima da m\u00e9dia quando se tratava de criatividade e capacidade de pensamento. \u201cMeus trabalhos para a feira de ci\u00eancias eram prot\u00f3tipos de tom\u00f3grafo, por exemplo\u201d, diz. <strong>Ela conta tamb\u00e9m que ser uma crian\u00e7a at\u00edpica (diagnosticada com o que hoje se chama de altas habilidades, dentro do Transtorno do Espectro Autista)<\/strong> podia ser motivo de orgulho para a m\u00e3e, uma assistente social que incentivou seus estudos, mas n\u00e3o era simples para ela. \u201cAs meninas se interessavam por One Direction e eu nunca entendi direito essas paix\u00f5es adolescentes. Ficava de fora\u201d.\u00a0<\/span><\/p>\n<p><span style=\"font-weight: 400;\">Al\u00e9m disso, como estudava em um col\u00e9gio de elite, era uma das poucas crian\u00e7as sem recursos na turma formada por adolescentes da classe alta. \u201c<strong>Sofri preconceito pela minha cor e meu cabelo. Demorei muito pra me aceitar\u201d<\/strong>, diz. E, por conta de mais essa diferen\u00e7a, seu ref\u00fagio era no laborat\u00f3rio e nas bibliotecas. Enquanto as colegas falavam de acess\u00f3rios para o cabelo e boys bands, Duda estava interessada em entender o funcionamento de \u00e1reas desativadas do c\u00e9rebro desde o ensino m\u00e9dio.\u00a0<\/span><\/p>\n<p><span style=\"font-weight: 400;\">Assim, aos 24 anos, acumula os diplomas de gradua\u00e7\u00e3o em neuroci\u00eancia e em engenharia biom\u00e9dica, \u00e9 mestre em neuroengenharia e em ci\u00eancia, tecnologia e inova\u00e7\u00e3o, al\u00e9m de ter uma forma\u00e7\u00e3o em empreendedorismo. \u201cN\u00e3o quis aceitar a ideia de ser uma cientista que fica s\u00f3 dentro do laborat\u00f3rio. Meus \u00eddolos s\u00e3o inventores que criaram empresas, como Steve Jobs\u201d, diz a potiguar, que faz parte do hub de fundadores <strong>Microsoft for Startups<\/strong> e, em 2023, teve sua empresa investida pelo fundo do <strong>Google<\/strong> para fundadores negros. \u201cEu me preparei para gerir uma empresa ao mesmo tempo em que trabalho no desenvolvimento de produtos. Eu sei que consigo.\u201d<\/span><\/p>\n<\/div>\n<p><script type=\"rocketlazyloadscript\">\n\t\t\t\t(function(d, s, id){\n\t\t\t\t\tvar js, fjs = d.getElementsByTagName(s)[0];\n\t\t\t\t\tif (d.getElementById(id)) return;\n\t\t\t\t\tjs = d.createElement(s); js.id = id;\n\t\t\t\t\tjs.src = \"\/\/connect.facebook.net\/pt_BR\/sdk.js#xfbml=1&version=v2.9\";\n\t\t\t\t\tfjs.parentNode.insertBefore(js, fjs);\n\t\t\t\t}(document, 'script', 'facebook-jssdk'));\n\t\t\t<\/script><br \/>\n<br \/><br \/>\n<br \/><a href=\"https:\/\/forbes.com.br\/manchete-2\/2024\/02\/cientista-de-24-anos-cria-aparelho-que-promete-recuperar-movimentos-de-acidentados\/\">Source link <\/a><\/p>\n<!-- CONTENT END 1 -->\n","protected":false},"excerpt":{"rendered":"<p>Duda Franklin, cientista e fundadora da Orby, teve sua empresa investida pelo fundo do Google para empreendedores negros No segundo ano do curso de neuroci\u00eancias&#8230;<\/p>\n","protected":false},"author":1,"featured_media":34718,"comment_status":"open","ping_status":"open","sticky":false,"template":"","format":"standard","meta":{"advanced_seo_description":"","jetpack_seo_html_title":"","jetpack_seo_noindex":false,"jetpack_post_was_ever_published":false,"_jetpack_newsletter_access":"","_jetpack_dont_email_post_to_subs":false,"_jetpack_newsletter_tier_id":0,"_jetpack_memberships_contains_paywalled_content":false,"_jetpack_memberships_contains_paid_content":false,"footnotes":"","jetpack_publicize_message":"","jetpack_publicize_feature_enabled":true,"jetpack_social_post_already_shared":true,"jetpack_social_options":{"image_generator_settings":{"template":"highway","default_image_id":0,"font":"","enabled":false},"version":2}},"categories":[1],"tags":[],"class_list":["post-34717","post","type-post","status-publish","format-standard","has-post-thumbnail","hentry","category-blog"],"jetpack_publicize_connections":[],"jetpack_featured_media_url":"https:\/\/i0.wp.com\/noticiasribeiraopreto.com.br\/wp-content\/uploads\/2024\/02\/1706952640_mulher-duda-franklin-under30-1024x683.jpg?fit=1024%2C683&ssl=1","jetpack-related-posts":[{"id":34464,"url":"https:\/\/noticiasribeiraopreto.com.br\/index.php\/2024\/02\/02\/a-cientista-que-quer-recuperar-movimentos-de-acidentados\/","url_meta":{"origin":34717,"position":0},"title":"A cientista que quer recuperar movimentos de acidentados","author":"noticiasribeiraopreto.com.br","date":"2 de February de 2024","format":false,"excerpt":"Duda Franklin, cientista e fundadora da Orby, teve sua empresa investida pelo fundo do Google para empreendedores negros No segundo ano do curso de neuroci\u00eancias na Universidade Federal do Rio Grande do Norte (UFRN), Duda Franklin, que faz parte da lista Forbes Under 30 2023, foi chamada \u00e0 sala da\u2026","rel":"","context":"In &quot;Blog&quot;","block_context":{"text":"Blog","link":"https:\/\/noticiasribeiraopreto.com.br\/index.php\/category\/blog\/"},"img":{"alt_text":"","src":"https:\/\/i0.wp.com\/noticiasribeiraopreto.com.br\/wp-content\/uploads\/2024\/02\/mulher-duda-franklin-under30-1024x683.jpg?fit=1024%2C683&ssl=1&resize=350%2C200","width":350,"height":200,"srcset":"https:\/\/i0.wp.com\/noticiasribeiraopreto.com.br\/wp-content\/uploads\/2024\/02\/mulher-duda-franklin-under30-1024x683.jpg?fit=1024%2C683&ssl=1&resize=350%2C200 1x, https:\/\/i0.wp.com\/noticiasribeiraopreto.com.br\/wp-content\/uploads\/2024\/02\/mulher-duda-franklin-under30-1024x683.jpg?fit=1024%2C683&ssl=1&resize=525%2C300 1.5x, https:\/\/i0.wp.com\/noticiasribeiraopreto.com.br\/wp-content\/uploads\/2024\/02\/mulher-duda-franklin-under30-1024x683.jpg?fit=1024%2C683&ssl=1&resize=700%2C400 2x"},"classes":[]},{"id":67420,"url":"https:\/\/noticiasribeiraopreto.com.br\/index.php\/2025\/04\/14\/jornal-da-franca-cientistas-descobrem-segredo-para-fazer-um-cafe-coado-perfeito-veja-qual-e\/","url_meta":{"origin":34717,"position":1},"title":"Jornal da Franca &#8211; Cientistas descobrem &#8220;segredo&#8221; para fazer um caf\u00e9 coado perfeito; veja qual \u00e9","author":"noticiasribeiraopreto.com.br","date":"14 de April de 2025","format":false,"excerpt":"Conforme Arnold Mathijssen, co-autor do estudo e professor do departamento de f\u00edsica e astronomia, a quantidade de caf\u00e9 e \u00e1gua n\u00e3o s\u00e3o os \u00fanicos fatores que determinam o resultado da x\u00edcara. A f\u00edsica explica O raio e a altura do jato, assim como a velocidade do fluxo, tamb\u00e9m influenciam na\u2026","rel":"","context":"In &quot;Not\u00edcias de Franca-SP&quot;","block_context":{"text":"Not\u00edcias de Franca-SP","link":"https:\/\/noticiasribeiraopreto.com.br\/index.php\/category\/noticias-de-ribeirao-preto-sp-e-regiao-ismael-colosi\/noticias-franca-sp\/"},"img":{"alt_text":"","src":"https:\/\/i0.wp.com\/noticiasribeiraopreto.com.br\/wp-content\/uploads\/2025\/04\/47314.jpg?fit=1200%2C800&ssl=1&resize=350%2C200","width":350,"height":200,"srcset":"https:\/\/i0.wp.com\/noticiasribeiraopreto.com.br\/wp-content\/uploads\/2025\/04\/47314.jpg?fit=1200%2C800&ssl=1&resize=350%2C200 1x, https:\/\/i0.wp.com\/noticiasribeiraopreto.com.br\/wp-content\/uploads\/2025\/04\/47314.jpg?fit=1200%2C800&ssl=1&resize=525%2C300 1.5x, https:\/\/i0.wp.com\/noticiasribeiraopreto.com.br\/wp-content\/uploads\/2025\/04\/47314.jpg?fit=1200%2C800&ssl=1&resize=700%2C400 2x, https:\/\/i0.wp.com\/noticiasribeiraopreto.com.br\/wp-content\/uploads\/2025\/04\/47314.jpg?fit=1200%2C800&ssl=1&resize=1050%2C600 3x"},"classes":[]},{"id":66466,"url":"https:\/\/noticiasribeiraopreto.com.br\/index.php\/2025\/04\/01\/projeto-pronta-pra-ser-cientista-esta-com-inscricoes-abertas-em-ribeirao-preto-saiba-como-participar\/","url_meta":{"origin":34717,"position":2},"title":"Projeto \u2018Pronta pra ser Cientista\u2019 est\u00e1 com inscri\u00e7\u00f5es abertas em Ribeir\u00e3o Preto; Saiba como participar","author":"noticiasribeiraopreto.com.br","date":"1 de April de 2025","format":false,"excerpt":"O projeto \u201cPronta pra ser Cientista\u201d, da Faculdade de Filosofia, Ci\u00eancias e Letras de Ribeir\u00e3o Preto (FFCLRP) e da Faculdade de Ci\u00eancias Farmac\u00eauticas de Ribeir\u00e3o Preto (FCFRP), da USP (Universidade de S\u00e3o Paulo) conta com 30 vagas dispon\u00edveis. O intuito do projeto \u00e9 atrair estudantes para as carreiras das ci\u00eancias\u2026","rel":"","context":"In &quot;Not\u00edcias de Ribeir\u00e3o Preto-SP e Regi\u00e3o&quot;","block_context":{"text":"Not\u00edcias de Ribeir\u00e3o Preto-SP e Regi\u00e3o","link":"https:\/\/noticiasribeiraopreto.com.br\/index.php\/category\/noticias-de-ribeirao-preto-sp-e-regiao-ismael-colosi\/"},"img":{"alt_text":"","src":"https:\/\/i0.wp.com\/noticiasribeiraopreto.com.br\/wp-content\/uploads\/2025\/04\/CAPA-BONS-FLUIDOS-2_2025-04-01_15-36-40_jpg_2025-04-01_15-36-40.webp.webp?fit=1200%2C675&ssl=1&resize=350%2C200","width":350,"height":200,"srcset":"https:\/\/i0.wp.com\/noticiasribeiraopreto.com.br\/wp-content\/uploads\/2025\/04\/CAPA-BONS-FLUIDOS-2_2025-04-01_15-36-40_jpg_2025-04-01_15-36-40.webp.webp?fit=1200%2C675&ssl=1&resize=350%2C200 1x, https:\/\/i0.wp.com\/noticiasribeiraopreto.com.br\/wp-content\/uploads\/2025\/04\/CAPA-BONS-FLUIDOS-2_2025-04-01_15-36-40_jpg_2025-04-01_15-36-40.webp.webp?fit=1200%2C675&ssl=1&resize=525%2C300 1.5x, https:\/\/i0.wp.com\/noticiasribeiraopreto.com.br\/wp-content\/uploads\/2025\/04\/CAPA-BONS-FLUIDOS-2_2025-04-01_15-36-40_jpg_2025-04-01_15-36-40.webp.webp?fit=1200%2C675&ssl=1&resize=700%2C400 2x, https:\/\/i0.wp.com\/noticiasribeiraopreto.com.br\/wp-content\/uploads\/2025\/04\/CAPA-BONS-FLUIDOS-2_2025-04-01_15-36-40_jpg_2025-04-01_15-36-40.webp.webp?fit=1200%2C675&ssl=1&resize=1050%2C600 3x"},"classes":[]},{"id":65397,"url":"https:\/\/noticiasribeiraopreto.com.br\/index.php\/2025\/03\/19\/jovem-cientista-da-usp-ribeirao-e-destaque-entre-as-25-melhores-da-america-latina\/","url_meta":{"origin":34717,"position":3},"title":"Jovem cientista da USP Ribeir\u00e3o \u00e9 destaque entre as 25 melhores da Am\u00e9rica Latina","author":"noticiasribeiraopreto.com.br","date":"19 de March de 2025","format":false,"excerpt":"L\u00edvia Luiza Pinaso, estudante do 5\u00ba ano de Medicina da Faculdade de Medicina de Ribeir\u00e3o Preto (FMRP) da USP, foi reconhecida entre as 25 melhores jovens cientistas da Am\u00e9rica Latina. O pr\u00eamio foi dado pela sua pesquisa sobre a correla\u00e7\u00e3o entre mosaicismo som\u00e1tico e risco de c\u00e2ncer de mama. O\u2026","rel":"","context":"In &quot;Not\u00edcias de Ribeir\u00e3o Preto-SP e Regi\u00e3o&quot;","block_context":{"text":"Not\u00edcias de Ribeir\u00e3o Preto-SP e Regi\u00e3o","link":"https:\/\/noticiasribeiraopreto.com.br\/index.php\/category\/noticias-de-ribeirao-preto-sp-e-regiao-ismael-colosi\/"},"img":{"alt_text":"","src":"https:\/\/i0.wp.com\/noticiasribeiraopreto.com.br\/wp-content\/uploads\/2025\/03\/Copia-de-Copia-de-Copia-de-TAMANHO-EXATO-PARA-FOTOS-NO-SISTEMA-NOVO-2025-03-19T174441.038_2025-03-19_20-44-57_png_2025-03-19_20-44-57.webp.webp?fit=1200%2C675&ssl=1&resize=350%2C200","width":350,"height":200,"srcset":"https:\/\/i0.wp.com\/noticiasribeiraopreto.com.br\/wp-content\/uploads\/2025\/03\/Copia-de-Copia-de-Copia-de-TAMANHO-EXATO-PARA-FOTOS-NO-SISTEMA-NOVO-2025-03-19T174441.038_2025-03-19_20-44-57_png_2025-03-19_20-44-57.webp.webp?fit=1200%2C675&ssl=1&resize=350%2C200 1x, https:\/\/i0.wp.com\/noticiasribeiraopreto.com.br\/wp-content\/uploads\/2025\/03\/Copia-de-Copia-de-Copia-de-TAMANHO-EXATO-PARA-FOTOS-NO-SISTEMA-NOVO-2025-03-19T174441.038_2025-03-19_20-44-57_png_2025-03-19_20-44-57.webp.webp?fit=1200%2C675&ssl=1&resize=525%2C300 1.5x, https:\/\/i0.wp.com\/noticiasribeiraopreto.com.br\/wp-content\/uploads\/2025\/03\/Copia-de-Copia-de-Copia-de-TAMANHO-EXATO-PARA-FOTOS-NO-SISTEMA-NOVO-2025-03-19T174441.038_2025-03-19_20-44-57_png_2025-03-19_20-44-57.webp.webp?fit=1200%2C675&ssl=1&resize=700%2C400 2x, https:\/\/i0.wp.com\/noticiasribeiraopreto.com.br\/wp-content\/uploads\/2025\/03\/Copia-de-Copia-de-Copia-de-TAMANHO-EXATO-PARA-FOTOS-NO-SISTEMA-NOVO-2025-03-19T174441.038_2025-03-19_20-44-57_png_2025-03-19_20-44-57.webp.webp?fit=1200%2C675&ssl=1&resize=1050%2C600 3x"},"classes":[]},{"id":84837,"url":"https:\/\/noticiasribeiraopreto.com.br\/index.php\/2026\/04\/16\/projeto-pronta-pra-ser-cientista-esta-com-as-inscricoes-abertas-em-ribeirao-preto\/","url_meta":{"origin":34717,"position":4},"title":"Projeto Pronta pra ser Cientista est\u00e1 com as inscri\u00e7\u00f5es abertas em Ribeir\u00e3o Preto","author":"noticiasribeiraopreto.com.br","date":"16 de April de 2026","format":false,"excerpt":"Ler o resumo da not\u00edcia \r Projeto Pronta pra ser Cientista abre inscri\u00e7\u00f5es em Ribeir\u00e3o Preto com 30 vagas para alunas do Ensino Fundamental II.\r Objetivo \u00e9 atrair estudantes para carreiras nas ci\u00eancias biol\u00f3gicas; aulas ocorrem aos s\u00e1bados de maio na USP.\r Vagas s\u00e3o divididas em tr\u00eas categorias: 10 para\u2026","rel":"","context":"In &quot;Not\u00edcias de Ribeir\u00e3o Preto-SP e Regi\u00e3o&quot;","block_context":{"text":"Not\u00edcias de Ribeir\u00e3o Preto-SP e Regi\u00e3o","link":"https:\/\/noticiasribeiraopreto.com.br\/index.php\/category\/noticias-de-ribeirao-preto-sp-e-regiao-ismael-colosi\/"},"img":{"alt_text":"","src":"https:\/\/i0.wp.com\/noticiasribeiraopreto.com.br\/wp-content\/uploads\/2026\/04\/cientista_2026-04-16_15-07-59.webp.webp?fit=904%2C708&ssl=1&resize=350%2C200","width":350,"height":200,"srcset":"https:\/\/i0.wp.com\/noticiasribeiraopreto.com.br\/wp-content\/uploads\/2026\/04\/cientista_2026-04-16_15-07-59.webp.webp?fit=904%2C708&ssl=1&resize=350%2C200 1x, https:\/\/i0.wp.com\/noticiasribeiraopreto.com.br\/wp-content\/uploads\/2026\/04\/cientista_2026-04-16_15-07-59.webp.webp?fit=904%2C708&ssl=1&resize=525%2C300 1.5x, https:\/\/i0.wp.com\/noticiasribeiraopreto.com.br\/wp-content\/uploads\/2026\/04\/cientista_2026-04-16_15-07-59.webp.webp?fit=904%2C708&ssl=1&resize=700%2C400 2x"},"classes":[]},{"id":51671,"url":"https:\/\/noticiasribeiraopreto.com.br\/index.php\/2024\/05\/29\/cientista-brasileira-da-aula-na-china-sobre-inicio-do-universo\/","url_meta":{"origin":34717,"position":5},"title":"Cientista brasileira d\u00e1 aula na China sobre in\u00edcio do universo","author":"noticiasribeiraopreto.com.br","date":"29 de May de 2024","format":false,"excerpt":"Mulheres formam apenas 11% da Academia Brasileira de Ci\u00eancia Acessibilidade L L A- A+ \u25d0 Larissa Santos come\u00e7ou sua jornada na ci\u00eancia durante a gradua\u00e7\u00e3o em F\u00edsica na Universidade de Bras\u00edlia (UnB). Mas o desejo de estudar o universo teve origem ainda na inf\u00e2ncia, quando lia revistas de divulga\u00e7\u00e3o cient\u00edfica\u2026","rel":"","context":"In &quot;Blog&quot;","block_context":{"text":"Blog","link":"https:\/\/noticiasribeiraopreto.com.br\/index.php\/category\/blog\/"},"img":{"alt_text":"","src":"https:\/\/i0.wp.com\/noticiasribeiraopreto.com.br\/wp-content\/uploads\/2024\/05\/Bariogene-1024x683.png?fit=1024%2C683&ssl=1&resize=350%2C200","width":350,"height":200,"srcset":"https:\/\/i0.wp.com\/noticiasribeiraopreto.com.br\/wp-content\/uploads\/2024\/05\/Bariogene-1024x683.png?fit=1024%2C683&ssl=1&resize=350%2C200 1x, https:\/\/i0.wp.com\/noticiasribeiraopreto.com.br\/wp-content\/uploads\/2024\/05\/Bariogene-1024x683.png?fit=1024%2C683&ssl=1&resize=525%2C300 1.5x, https:\/\/i0.wp.com\/noticiasribeiraopreto.com.br\/wp-content\/uploads\/2024\/05\/Bariogene-1024x683.png?fit=1024%2C683&ssl=1&resize=700%2C400 2x"},"classes":[]}],"jetpack_sharing_enabled":true,"jetpack_shortlink":"https:\/\/wp.me\/peQAOb-91X","_links":{"self":[{"href":"https:\/\/noticiasribeiraopreto.com.br\/index.php\/wp-json\/wp\/v2\/posts\/34717","targetHints":{"allow":["GET"]}}],"collection":[{"href":"https:\/\/noticiasribeiraopreto.com.br\/index.php\/wp-json\/wp\/v2\/posts"}],"about":[{"href":"https:\/\/noticiasribeiraopreto.com.br\/index.php\/wp-json\/wp\/v2\/types\/post"}],"author":[{"embeddable":true,"href":"https:\/\/noticiasribeiraopreto.com.br\/index.php\/wp-json\/wp\/v2\/users\/1"}],"replies":[{"embeddable":true,"href":"https:\/\/noticiasribeiraopreto.com.br\/index.php\/wp-json\/wp\/v2\/comments?post=34717"}],"version-history":[{"count":0,"href":"https:\/\/noticiasribeiraopreto.com.br\/index.php\/wp-json\/wp\/v2\/posts\/34717\/revisions"}],"wp:featuredmedia":[{"embeddable":true,"href":"https:\/\/noticiasribeiraopreto.com.br\/index.php\/wp-json\/wp\/v2\/media\/34718"}],"wp:attachment":[{"href":"https:\/\/noticiasribeiraopreto.com.br\/index.php\/wp-json\/wp\/v2\/media?parent=34717"}],"wp:term":[{"taxonomy":"category","embeddable":true,"href":"https:\/\/noticiasribeiraopreto.com.br\/index.php\/wp-json\/wp\/v2\/categories?post=34717"},{"taxonomy":"post_tag","embeddable":true,"href":"https:\/\/noticiasribeiraopreto.com.br\/index.php\/wp-json\/wp\/v2\/tags?post=34717"}],"curies":[{"name":"wp","href":"https:\/\/api.w.org\/{rel}","templated":true}]}}