{"id":34725,"date":"2024-02-03T09:22:58","date_gmt":"2024-02-03T12:22:58","guid":{"rendered":"https:\/\/noticiasribeiraopreto.com.br\/index.php\/2024\/02\/03\/vereadores-aprovam-socorro-ao-regatas\/"},"modified":"2024-02-03T09:22:58","modified_gmt":"2024-02-03T12:22:58","slug":"vereadores-aprovam-socorro-ao-regatas","status":"publish","type":"post","link":"https:\/\/noticiasribeiraopreto.com.br\/index.php\/2024\/02\/03\/vereadores-aprovam-socorro-ao-regatas\/","title":{"rendered":"Vereadores aprovam socorro ao Regatas"},"content":{"rendered":"<div class='code-block code-block-1' style='margin: 8px 0 8px auto; text-align: right; display: block; clear: both;'>\n<p><a href=\"https:\/\/wa.link\/vpicfd\"><img data-recalc-dims=\"1\" class=\"wp-image-4922\" style=\"aspect-ratio: 2.0253164556962027; width: 561px; height: auto;\" src=\"https:\/\/i0.wp.com\/ismaelcolosi.com.br\/wp-content\/uploads\/2023\/11\/grupo-de-empregos-whatsapp-e-facebook-ismael-colosi-vagas.jpg?ssl=1\" alt=\"\" \/><\/a><\/p>\n<!-- \/wp:image -->\n<\/div>\n<p> <br \/>\n<\/p>\n<div id=\"\">\n<p> <span class=\"entry-meta-item penci-posted-on\"><i class=\"fa fa-clock-o\"\/><time class=\"entry-date published\" datetime=\"2024-02-03T09:00:53-03:00\">3 de fevereiro de 2024 | 9:00<\/time><time class=\"updated\" datetime=\"2024-02-02T19:51:44-03:00\">2 de fevereiro de 2024 | 19:51<\/time><\/span><\/p>\n<p> <span class=\"penci-social-buttons penci-social-share-footer\"><a href=\"#\" class=\"penci-post-like penci_post-meta_item  single-like-button penci-social-item like\" data-post_id=\"372441\" title=\"Like\" data-like=\"Like\" data-unlike=\"Unlike\"><i class=\"fa fa-thumbs-o-up\"\/><span class=\"penci-share-number\">0<\/span><\/a><i class=\"fa fa-facebook\"\/><a class=\"penci-social-item twitter\" target=\"_blank\" rel=\"noopener\" title=\"\" href=\"https:\/\/twitter.com\/intent\/tweet?text=Vereadores%20aprovam%20socorro%20ao%20Regatas%20-%20https:\/\/www.tribunaribeirao.com.br\/site\/vereadores-aprovam-socorro-ao-regatas\/\"><i class=\"fa fa-twitter\"\/><\/a><i class=\"fa fa-whatsapp\"\/><\/span><\/div>\n<div>\n<p><span class=\"TextRun SCXW69028674 BCX0\" lang=\"PT-BR\" xml:lang=\"PT-BR\" data-contrast=\"auto\"><span class=\"NormalTextRun SCXW69028674 BCX0\">A C\u00e2mara de Vereadores aprovou, na sess\u00e3o de quinta-feira, 1\u00ba de fevereiro, em primeira discuss\u00e3o<\/span><span class=\"NormalTextRun SCXW69028674 BCX0\">, o projeto de lei do prefeito Duarte Nogueira (PSDB) que beneficia o Clube<\/span><span class=\"NormalTextRun SCXW69028674 BCX0\"> de<\/span><span class=\"NormalTextRun SCXW69028674 BCX0\"> Regatas de Ribeir\u00e3o Preto. <\/span><span class=\"NormalTextRun SCXW69028674 BCX0\">Depois de sancionada, a lei <\/span><span class=\"NormalTextRun SCXW69028674 BCX0\">transformar\u00e1 toda<\/span><span class=\"NormalTextRun SCXW69028674 BCX0\"> a extens\u00e3o <\/span><span class=\"NormalTextRun SCXW69028674 BCX0\">entre <\/span><span class=\"NormalTextRun SCXW69028674 BCX0\">o quil\u00f4metro 320 da R<\/span><span class=\"NormalTextRun SCXW69028674 BCX0\">odovia Candido Portinari<\/span><span class=\"NormalTextRun SCXW69028674 BCX0\"> (SP-334) <\/span><span class=\"NormalTextRun SCXW69028674 BCX0\">at\u00e9 a Esta\u00e7\u00e3o de Tratamento de Esgoto Cai\u00e7ara, <\/span><span class=\"NormalTextRun SCXW69028674 BCX0\">\u00e0<\/span><span class=\"NormalTextRun SCXW69028674 BCX0\">s margens do <\/span><span class=\"NormalTextRun SCXW69028674 BCX0\">R<\/span><span class=\"NormalTextRun SCXW69028674 BCX0\">io Pardo<\/span><span class=\"NormalTextRun SCXW69028674 BCX0\">, <\/span><span class=\"NormalTextRun SCXW69028674 BCX0\">em <\/span><span class=\"NormalTextRun SCXW69028674 BCX0\">\u00e1<\/span><span class=\"NormalTextRun SCXW69028674 BCX0\">rea <\/span><span class=\"NormalTextRun SCXW69028674 BCX0\">ur<\/span><span class=\"NormalTextRun SCXW69028674 BCX0\">bana <\/span><span class=\"NormalTextRun SCXW69028674 BCX0\">c<\/span><span class=\"NormalTextRun SCXW69028674 BCX0\">onsolidada (AUC). <\/span><\/span><span class=\"LineBreakBlob BlobObject DragDrop SCXW69028674 BCX0\"><span class=\"SCXW69028674 BCX0\">\u00a0<\/span><br class=\"SCXW69028674 BCX0\"\/><\/span><span class=\"LineBreakBlob BlobObject DragDrop SCXW69028674 BCX0\"><span class=\"SCXW69028674 BCX0\">\u00a0<\/span><br class=\"SCXW69028674 BCX0\"\/><\/span><span class=\"TextRun SCXW69028674 BCX0\" lang=\"PT-BR\" xml:lang=\"PT-BR\" data-contrast=\"auto\"><span class=\"NormalTextRun SCXW69028674 BCX0\">Foram 21 votos a favor a apenas um contr\u00e1rio, de <\/span><span class=\"NormalTextRun SpellingErrorV2Themed SCXW69028674 BCX0\">Luis<\/span><span class=\"NormalTextRun SCXW69028674 BCX0\"> Fran\u00e7a (PSB). <\/span><span class=\"NormalTextRun SCXW69028674 BCX0\">O vereador argument<\/span><span class=\"NormalTextRun SCXW69028674 BCX0\">a<\/span><span class=\"NormalTextRun SCXW69028674 BCX0\"> que votou contra pensando na vida do povo de Ribeir\u00e3o Preto. Isso porque, segundo ele, proposta abre precedentes para novas constru\u00e7\u00f5es \u00e0s margens do <\/span><span class=\"NormalTextRun SCXW69028674 BCX0\">R<\/span><span class=\"NormalTextRun SCXW69028674 BCX0\">io Pardo. A vota\u00e7\u00e3o definitiva do projeto ser\u00e1 realizada na sess\u00e3o de ter\u00e7a-feira<\/span><span class=\"NormalTextRun SCXW69028674 BCX0\"> (<\/span><span class=\"NormalTextRun SCXW69028674 BCX0\">6)<\/span><span class=\"NormalTextRun SCXW69028674 BCX0\">.<\/span><\/span><span class=\"LineBreakBlob BlobObject DragDrop SCXW69028674 BCX0\"><span class=\"SCXW69028674 BCX0\">\u00a0<\/span><br class=\"SCXW69028674 BCX0\"\/><\/span><span class=\"LineBreakBlob BlobObject DragDrop SCXW69028674 BCX0\"><span class=\"SCXW69028674 BCX0\">\u00a0<\/span><br class=\"SCXW69028674 BCX0\"\/><\/span><span class=\"TextRun SCXW69028674 BCX0\" lang=\"PT-BR\" xml:lang=\"PT-BR\" data-contrast=\"auto\"><span class=\"NormalTextRun SCXW69028674 BCX0\">O Clube de Regatas de Ribeir\u00e3o Preto, na margem do Rio Pardo, est\u00e1 tentando reverter <\/span><span class=\"NormalTextRun SCXW69028674 BCX0\">a<\/span><span class=\"NormalTextRun SCXW69028674 BCX0\"> decis\u00e3o do Tribunal Regional Federal da 3\u00aa Regi\u00e3o (TRF-3) que determinou a demoli\u00e7\u00e3o e a desocupa\u00e7\u00e3o de toda estrutura do clube localizada a menos de 100 metros de dist\u00e2ncia do rio. <\/span><\/span><span class=\"LineBreakBlob BlobObject DragDrop SCXW69028674 BCX0\"><span class=\"SCXW69028674 BCX0\">\u00a0<\/span><br class=\"SCXW69028674 BCX0\"\/><\/span><span class=\"LineBreakBlob BlobObject DragDrop SCXW69028674 BCX0\"><span class=\"SCXW69028674 BCX0\">\u00a0<\/span><br class=\"SCXW69028674 BCX0\"\/><\/span><span class=\"TextRun SCXW69028674 BCX0\" lang=\"PT-BR\" xml:lang=\"PT-BR\" data-contrast=\"auto\"><span class=\"NormalTextRun SCXW69028674 BCX0\">A decis\u00e3o foi expedida em julgamento de uma a\u00e7\u00e3o civil p\u00fablica impetrada pelo Minist\u00e9rio P\u00fablico Federal (MPF) por descumprimento da legisla\u00e7\u00e3o que estabelece as \u00c1reas de Preserva\u00e7\u00e3o Permanente (<\/span><span class=\"NormalTextRun SpellingErrorV2Themed SCXW69028674 BCX0\">APPs<\/span><span class=\"NormalTextRun SCXW69028674 BCX0\">), previstas no C\u00f3digo Ambiental Brasileiro.<\/span><\/span><span class=\"LineBreakBlob BlobObject DragDrop SCXW69028674 BCX0\"><span class=\"SCXW69028674 BCX0\">\u00a0<\/span><br class=\"SCXW69028674 BCX0\"\/><\/span><span class=\"LineBreakBlob BlobObject DragDrop SCXW69028674 BCX0\"><span class=\"SCXW69028674 BCX0\">\u00a0<\/span><br class=\"SCXW69028674 BCX0\"\/><\/span><span class=\"TextRun SCXW69028674 BCX0\" lang=\"PT-BR\" xml:lang=\"PT-BR\" data-contrast=\"auto\"><span class=\"NormalTextRun SCXW69028674 BCX0\">Em mar\u00e7o do ano passado, um recurso extraordin\u00e1rio com agravo, impetrado pelo clube no Supremo Tribunal Federal (STF) contra a senten\u00e7a do TRF-3, foi denegado. Ou seja, rejeitado. O julgamento teve como relator o ministro Andr\u00e9 Mendon\u00e7a.<\/span><\/span><span class=\"LineBreakBlob BlobObject DragDrop SCXW69028674 BCX0\"><span class=\"SCXW69028674 BCX0\">\u00a0<\/span><br class=\"SCXW69028674 BCX0\"\/><\/span><span class=\"LineBreakBlob BlobObject DragDrop SCXW69028674 BCX0\"><span class=\"SCXW69028674 BCX0\">\u00a0<\/span><br class=\"SCXW69028674 BCX0\"\/><\/span><span class=\"TextRun SCXW69028674 BCX0\" lang=\"PT-BR\" xml:lang=\"PT-BR\" data-contrast=\"auto\"><span class=\"NormalTextRun SCXW69028674 BCX0\">Fundado em 1933, o Clube de Regatas sempre ocupou as margens do Rio Pardo e em 1997 foi alvo de outra a\u00e7\u00e3o sobre o assunto.\u00a0 Na \u00e9poca, e<\/span><span class=\"NormalTextRun SCXW69028674 BCX0\">m <\/span><span class=\"NormalTextRun SCXW69028674 BCX0\">primeira e segunda inst\u00e2ncias<\/span><span class=\"NormalTextRun SCXW69028674 BCX0\">, <\/span><span class=\"NormalTextRun SCXW69028674 BCX0\">teve decis\u00f5es favor\u00e1veis fundamentadas na Lei de Parcelamento, Uso e Ocupa\u00e7\u00e3o do Solo, pe\u00e7a do Plano Diretor da cidade. <\/span><\/span><span class=\"LineBreakBlob BlobObject DragDrop SCXW69028674 BCX0\"><span class=\"SCXW69028674 BCX0\">\u00a0<\/span><br class=\"SCXW69028674 BCX0\"\/><\/span><span class=\"LineBreakBlob BlobObject DragDrop SCXW69028674 BCX0\"><span class=\"SCXW69028674 BCX0\">\u00a0<\/span><br class=\"SCXW69028674 BCX0\"\/><\/span><span class=\"TextRun SCXW69028674 BCX0\" lang=\"PT-BR\" xml:lang=\"PT-BR\" data-contrast=\"auto\"><span class=\"NormalTextRun SCXW69028674 BCX0\">Essa decis\u00e3o foi questionada nesta nova a\u00e7\u00e3o civil p\u00fablica.\u00a0 Com 403.319,14 metros quadrados, sete mil associados \u2013 n\u00famero que corresponde a cerca de <\/span><span class=\"NormalTextRun SCXW69028674 BCX0\">30 mil usu\u00e1rios, entre titulares e seus dependentes \u2013, o Clube de Regatas tem 300 funcion\u00e1rios diretos.<\/span><\/span><span class=\"LineBreakBlob BlobObject DragDrop SCXW69028674 BCX0\"><span class=\"SCXW69028674 BCX0\">\u00a0<\/span><br class=\"SCXW69028674 BCX0\"\/><\/span><span class=\"LineBreakBlob BlobObject DragDrop SCXW69028674 BCX0\"><span class=\"SCXW69028674 BCX0\">\u00a0<\/span><br class=\"SCXW69028674 BCX0\"\/><\/span><span class=\"TextRun SCXW69028674 BCX0\" lang=\"PT-BR\" xml:lang=\"PT-BR\" data-contrast=\"auto\"><span class=\"NormalTextRun SCXW69028674 BCX0\">O presidente <\/span><span class=\"NormalTextRun SCXW69028674 BCX0\">do Regatas<\/span><span class=\"NormalTextRun SCXW69028674 BCX0\">, Herm\u00ednio <\/span><span class=\"NormalTextRun SpellingErrorV2Themed SCXW69028674 BCX0\">Scuro<\/span><span class=\"NormalTextRun SCXW69028674 BCX0\"> Filho, informou ao Tribuna que o clube est\u00e1 em uma \u00e1rea urbana de ocupa\u00e7\u00e3o consolidada e cumpre toda legisla\u00e7\u00e3o de preserva\u00e7\u00e3o ambiental. Cita, por exemplo, o plantio e preserva\u00e7\u00e3o de \u00e1rvores e das encostas das margens do rio, al\u00e9m de tratar todo esgoto produzido pelo clube.<\/span><\/span><span class=\"LineBreakBlob BlobObject DragDrop SCXW69028674 BCX0\"><span class=\"SCXW69028674 BCX0\">\u00a0<\/span><br class=\"SCXW69028674 BCX0\"\/><\/span><span class=\"LineBreakBlob BlobObject DragDrop SCXW69028674 BCX0\"><span class=\"SCXW69028674 BCX0\">\u00a0<\/span><br class=\"SCXW69028674 BCX0\"\/><\/span><span class=\"TextRun SCXW69028674 BCX0\" lang=\"PT-BR\" xml:lang=\"PT-BR\" data-contrast=\"auto\"><span class=\"NormalTextRun SCXW69028674 BCX0\">O Regatas <\/span><span class=\"NormalTextRun SCXW69028674 BCX0\">remonta a uma \u00e9poca em que um grupo de atletas, movidos pelo esp\u00edrito desportivo, utilizava as \u00e1guas do Pardo para a pr\u00e1tica do <\/span><span class=\"NormalTextRun SCXW69028674 BCX0\">r<\/span><span class=\"NormalTextRun SCXW69028674 BCX0\">emo, culminando na funda\u00e7\u00e3o do clube. Desde ent\u00e3o, o espa\u00e7o evoluiu, transformando-se no mais importante da cidade, com uma \u00e1rea significativa de 403.319,14 M<\/span><span class=\"NormalTextRun SCXW69028674 BCX0\">etros quadrados<\/span><span class=\"NormalTextRun SCXW69028674 BCX0\">.<\/span><\/span><span class=\"LineBreakBlob BlobObject DragDrop SCXW69028674 BCX0\"><span class=\"SCXW69028674 BCX0\">\u00a0<\/span><br class=\"SCXW69028674 BCX0\"\/><\/span><strong><span class=\"LineBreakBlob BlobObject DragDrop SCXW69028674 BCX0\"><span class=\"SCXW69028674 BCX0\">\u00a0<\/span><br class=\"SCXW69028674 BCX0\"\/><\/span><\/strong><span class=\"TextRun SCXW69028674 BCX0\" lang=\"PT-BR\" xml:lang=\"PT-BR\" data-contrast=\"auto\"><span class=\"NormalTextRun SCXW69028674 BCX0\"><strong>Patrim\u00f4nio imaterial<\/strong> \u2013<\/span><\/span><span class=\"TextRun SCXW69028674 BCX0\" lang=\"PT-BR\" xml:lang=\"PT-BR\" data-contrast=\"auto\"> <span class=\"NormalTextRun SCXW69028674 BCX0\">Um projeto de lei protocolado na C\u00e2mara<\/span><span class=\"NormalTextRun SCXW69028674 BCX0\">, ainda na quinta-freira<\/span><span class=\"NormalTextRun SCXW69028674 BCX0\">, pretende transformar o Clube de Regatas<\/span><span class=\"NormalTextRun SCXW69028674 BCX0\"> p<\/span><span class=\"NormalTextRun SCXW69028674 BCX0\">atrim\u00f4nio <\/span><span class=\"NormalTextRun SCXW69028674 BCX0\">c<\/span><span class=\"NormalTextRun SCXW69028674 BCX0\">ultural <\/span><span class=\"NormalTextRun SCXW69028674 BCX0\">i<\/span><span class=\"NormalTextRun SCXW69028674 BCX0\">material do povo ribeir\u00e3o-pretano. A proposta \u00e9 do vereador Franco Ferro (PRTB) e <\/span><span class=\"NormalTextRun SCXW69028674 BCX0\">tem o objetivo de <\/span><span class=\"NormalTextRun SCXW69028674 BCX0\">ampliar os mecanismos legais para a preserva\u00e7\u00e3o do <\/span><span class=\"NormalTextRun SCXW69028674 BCX0\">espa\u00e7o<\/span><span class=\"NormalTextRun SCXW69028674 BCX0\">.<\/span><\/span><span class=\"LineBreakBlob BlobObject DragDrop SCXW69028674 BCX0\"><span class=\"SCXW69028674 BCX0\">\u00a0<\/span><br class=\"SCXW69028674 BCX0\"\/><\/span><span class=\"LineBreakBlob BlobObject DragDrop SCXW69028674 BCX0\"><span class=\"SCXW69028674 BCX0\">\u00a0<\/span><br class=\"SCXW69028674 BCX0\"\/><\/span><span class=\"TextRun SCXW69028674 BCX0\" lang=\"PT-BR\" xml:lang=\"PT-BR\" data-contrast=\"auto\"><span class=\"NormalTextRun SCXW69028674 BCX0\">\u201c<\/span><span class=\"NormalTextRun SCXW69028674 BCX0\">O Clube de Regatas de Ribeir\u00e3o Preto tornou-se um ponto de encontro e refer\u00eancia para a comunidade, desempenhando um papel crucial na promo\u00e7\u00e3o da cultura, do esporte e do conv\u00edvio social. A declara\u00e7\u00e3o como Patrim\u00f4nio Cultural Imaterial \u00e9, portanto, uma forma de reconhecer e preservar sua relev\u00e2ncia hist\u00f3rica e cultural para as gera\u00e7\u00f5es presentes e futuras\u201d, diz parte da Justificativa. O projeto ainda n\u00e3o tem data para ser votado.<\/span><\/span><span class=\"LineBreakBlob BlobObject DragDrop SCXW69028674 BCX0\"><span class=\"SCXW69028674 BCX0\">\u00a0<\/span><br class=\"SCXW69028674 BCX0\"\/><\/span><span class=\"LineBreakBlob BlobObject DragDrop SCXW69028674 BCX0\"><span class=\"SCXW69028674 BCX0\">\u00a0<\/span><br class=\"SCXW69028674 BCX0\"\/><\/span><span class=\"TextRun SCXW69028674 BCX0\" lang=\"PT-BR\" xml:lang=\"PT-BR\" data-contrast=\"auto\"><span class=\"NormalTextRun SCXW69028674 BCX0\">A sess\u00e3o <\/span><span class=\"NormalTextRun SCXW69028674 BCX0\">de quinta-feira foi <\/span><span class=\"NormalTextRun SCXW69028674 BCX0\">a primeira a ser presidida pelo novo presidente<\/span><span class=\"NormalTextRun SCXW69028674 BCX0\"> do Legislativo<\/span><span class=\"NormalTextRun SCXW69028674 BCX0\">, Isaac Antunes (PL)<\/span><span class=\"NormalTextRun SCXW69028674 BCX0\">.<\/span> <span class=\"NormalTextRun SCXW69028674 BCX0\">A Mesa Diretora conta ainda com o primeiro vice-presidente<\/span> <span class=\"NormalTextRun SCXW69028674 BCX0\">Franco Ferro (PRTB), o segundo vice Paulo Modas (Uni\u00e3o Brasil), o primeiro-secret\u00e1rio<\/span> <span class=\"NormalTextRun SCXW69028674 BCX0\">Jean <\/span><span class=\"NormalTextRun SpellingErrorV2Themed SCXW69028674 BCX0\">Corauci<\/span><span class=\"NormalTextRun SCXW69028674 BCX0\"> (PSB) e o segundo-secret\u00e1rio, Lincoln Fernandes (PDT<\/span><span class=\"NormalTextRun SCXW69028674 BCX0\">)<\/span><\/span><span class=\"LineBreakBlob BlobObject DragDrop SCXW69028674 BCX0\"><span class=\"SCXW69028674 BCX0\">\u00a0<\/span><br class=\"SCXW69028674 BCX0\"\/><\/span><span class=\"LineBreakBlob BlobObject DragDrop SCXW69028674 BCX0\"><span class=\"SCXW69028674 BCX0\">\u00a0<\/span><br class=\"SCXW69028674 BCX0\"\/><\/span><span class=\"LineBreakBlob BlobObject DragDrop SCXW69028674 BCX0\"><br class=\"SCXW69028674 BCX0\"\/><\/span><\/p>\n<\/div>\n<p><script async src=\"\/\/platform.twitter.com\/widgets.js\" charset=\"utf-8\"><\/script><br \/>\n<br \/><br \/>\n<br \/><a href=\"https:\/\/www.tribunaribeirao.com.br\/site\/vereadores-aprovam-socorro-ao-regatas\/\">Source link <\/a><\/p>\n<!-- CONTENT END 1 -->\n","protected":false},"excerpt":{"rendered":"<p>3 de fevereiro de 2024 | 9:002 de fevereiro de 2024 | 19:51 0 A C\u00e2mara de Vereadores aprovou, na sess\u00e3o de quinta-feira, 1\u00ba de&#8230;<\/p>\n","protected":false},"author":1,"featured_media":34726,"comment_status":"open","ping_status":"open","sticky":false,"template":"","format":"standard","meta":{"advanced_seo_description":"","jetpack_seo_html_title":"","jetpack_seo_noindex":false,"jetpack_post_was_ever_published":false,"_jetpack_newsletter_access":"","_jetpack_dont_email_post_to_subs":false,"_jetpack_newsletter_tier_id":0,"_jetpack_memberships_contains_paywalled_content":false,"_jetpack_memberships_contains_paid_content":false,"footnotes":"","jetpack_publicize_message":"","jetpack_publicize_feature_enabled":true,"jetpack_social_post_already_shared":true,"jetpack_social_options":{"image_generator_settings":{"template":"highway","default_image_id":0,"font":"","enabled":false},"version":2}},"categories":[11],"tags":[4041,4043,4042,1355],"class_list":["post-34725","post","type-post","status-publish","format-standard","has-post-thumbnail","hentry","category-noticias-de-ribeirao-preto-sp-e-regiao-ismael-colosi","tag-aprovam","tag-regatas","tag-socorro","tag-vereadores"],"jetpack_publicize_connections":[],"jetpack_featured_media_url":"https:\/\/i0.wp.com\/noticiasribeiraopreto.com.br\/wp-content\/uploads\/2024\/02\/Regatas-Alfredo-Risk-2-scaled.jpg?fit=1000%2C530&ssl=1","jetpack-related-posts":[{"id":82581,"url":"https:\/\/noticiasribeiraopreto.com.br\/index.php\/2026\/02\/20\/vereadores-aprovam-enterro-de-pets-em-jazigo-de-tutores\/","url_meta":{"origin":34725,"position":0},"title":"Vereadores aprovam enterro \u2028de pets em jazigo de tutores","author":"noticiasribeiraopreto.com.br","date":"20 de February de 2026","format":false,"excerpt":"\r \r \r 20 de fevereiro de 2026 07:37 \r Compartilhar0 Proposta municipal aprovada \u00e9 semelhante a legisla\u00e7\u00e3o estadual que entrou em vigor no come\u00e7o de fevereiro A C\u00e2mara de Ribeir\u00e3o Preto aprovou, por unanimidade, na sess\u00e3o de quarta-feira, 18 de fevereiro, projeto de lei do vereador Rangel Scandiuzzi (PSD)\u2026","rel":"","context":"In &quot;Not\u00edcias de Ribeir\u00e3o Preto-SP e Regi\u00e3o&quot;","block_context":{"text":"Not\u00edcias de Ribeir\u00e3o Preto-SP e Regi\u00e3o","link":"https:\/\/noticiasribeiraopreto.com.br\/index.php\/category\/noticias-de-ribeirao-preto-sp-e-regiao-ismael-colosi\/"},"img":{"alt_text":"","src":"https:\/\/i0.wp.com\/noticiasribeiraopreto.com.br\/wp-content\/uploads\/2026\/02\/JazigoSP-Marcello-Casal-Jr.-Ag.Br_.jpg?fit=1170%2C700&ssl=1&resize=350%2C200","width":350,"height":200,"srcset":"https:\/\/i0.wp.com\/noticiasribeiraopreto.com.br\/wp-content\/uploads\/2026\/02\/JazigoSP-Marcello-Casal-Jr.-Ag.Br_.jpg?fit=1170%2C700&ssl=1&resize=350%2C200 1x, https:\/\/i0.wp.com\/noticiasribeiraopreto.com.br\/wp-content\/uploads\/2026\/02\/JazigoSP-Marcello-Casal-Jr.-Ag.Br_.jpg?fit=1170%2C700&ssl=1&resize=525%2C300 1.5x, https:\/\/i0.wp.com\/noticiasribeiraopreto.com.br\/wp-content\/uploads\/2026\/02\/JazigoSP-Marcello-Casal-Jr.-Ag.Br_.jpg?fit=1170%2C700&ssl=1&resize=700%2C400 2x, https:\/\/i0.wp.com\/noticiasribeiraopreto.com.br\/wp-content\/uploads\/2026\/02\/JazigoSP-Marcello-Casal-Jr.-Ag.Br_.jpg?fit=1170%2C700&ssl=1&resize=1050%2C600 3x"},"classes":[]},{"id":67756,"url":"https:\/\/noticiasribeiraopreto.com.br\/index.php\/2025\/04\/18\/jornal-da-franca-vereadores-aprovam-reconhecimento-a-profissionais-e-entidades-que-atuam-em-franca\/","url_meta":{"origin":34725,"position":1},"title":"Jornal da Franca &#8211; Vereadores aprovam reconhecimento a profissionais e entidades que atuam em Franca\u00a0","author":"noticiasribeiraopreto.com.br","date":"18 de April de 2025","format":false,"excerpt":"compartilhar no whatsapp compartilhar no telegram compartilhar no facebook compartilhar no linkedin Mo\u00e7\u00f5es de aplausos e congratula\u00e7\u00f5es s\u00e3o apresentadas em reconhecimento a servi\u00e7os prestados A C\u00e2mara Municipal de Franca aprovou na sess\u00e3o desta ter\u00e7a-feira mo\u00e7\u00f5es de aplausos e congratula\u00e7\u00f5es em reconhecimento a profissionais, entidades e sindicatos que se destacaram em\u2026","rel":"","context":"In &quot;Not\u00edcias de Franca-SP&quot;","block_context":{"text":"Not\u00edcias de Franca-SP","link":"https:\/\/noticiasribeiraopreto.com.br\/index.php\/category\/noticias-de-ribeirao-preto-sp-e-regiao-ismael-colosi\/noticias-franca-sp\/"},"img":{"alt_text":"","src":"https:\/\/i0.wp.com\/noticiasribeiraopreto.com.br\/wp-content\/uploads\/2025\/04\/reuniaodecomissoes-2.jpg?fit=930%2C558&ssl=1&resize=350%2C200","width":350,"height":200,"srcset":"https:\/\/i0.wp.com\/noticiasribeiraopreto.com.br\/wp-content\/uploads\/2025\/04\/reuniaodecomissoes-2.jpg?fit=930%2C558&ssl=1&resize=350%2C200 1x, https:\/\/i0.wp.com\/noticiasribeiraopreto.com.br\/wp-content\/uploads\/2025\/04\/reuniaodecomissoes-2.jpg?fit=930%2C558&ssl=1&resize=525%2C300 1.5x, https:\/\/i0.wp.com\/noticiasribeiraopreto.com.br\/wp-content\/uploads\/2025\/04\/reuniaodecomissoes-2.jpg?fit=930%2C558&ssl=1&resize=700%2C400 2x"},"classes":[]},{"id":71871,"url":"https:\/\/noticiasribeiraopreto.com.br\/index.php\/2025\/06\/10\/jornal-da-franca-vereadores-aprovam-r-116-milhoes-para-investimentos-em-saude-educacao-e-seguranca\/","url_meta":{"origin":34725,"position":2},"title":"Jornal da Franca &#8211; Vereadores aprovam R$ 11,6 milh\u00f5es para investimentos em sa\u00fade, educa\u00e7\u00e3o e seguran\u00e7a","author":"noticiasribeiraopreto.com.br","date":"10 de June de 2025","format":false,"excerpt":"compartilhar no whatsapp compartilhar no telegram compartilhar no facebook compartilhar no linkedin Cr\u00e9dito ser\u00e1 destinado para \u00e1reas estrat\u00e9gicas do munic\u00edpio beneficiando a popula\u00e7\u00e3o\u00a0 A C\u00e2mara Municipal de Franca aprovou o Projeto de Lei Ordin\u00e1ria n\u00ba 71\/2025, que autoriza a abertura de cr\u00e9ditos adicionais no Or\u00e7amento de 2025, no valor total\u2026","rel":"","context":"In &quot;Not\u00edcias de Franca-SP&quot;","block_context":{"text":"Not\u00edcias de Franca-SP","link":"https:\/\/noticiasribeiraopreto.com.br\/index.php\/category\/noticias-de-ribeirao-preto-sp-e-regiao-ismael-colosi\/noticias-franca-sp\/"},"img":{"alt_text":"","src":"https:\/\/i0.wp.com\/noticiasribeiraopreto.com.br\/wp-content\/uploads\/2025\/06\/bassi23sessao.jpg?fit=1000%2C606&ssl=1&resize=350%2C200","width":350,"height":200,"srcset":"https:\/\/i0.wp.com\/noticiasribeiraopreto.com.br\/wp-content\/uploads\/2025\/06\/bassi23sessao.jpg?fit=1000%2C606&ssl=1&resize=350%2C200 1x, https:\/\/i0.wp.com\/noticiasribeiraopreto.com.br\/wp-content\/uploads\/2025\/06\/bassi23sessao.jpg?fit=1000%2C606&ssl=1&resize=525%2C300 1.5x, https:\/\/i0.wp.com\/noticiasribeiraopreto.com.br\/wp-content\/uploads\/2025\/06\/bassi23sessao.jpg?fit=1000%2C606&ssl=1&resize=700%2C400 2x"},"classes":[]},{"id":73140,"url":"https:\/\/noticiasribeiraopreto.com.br\/index.php\/2025\/06\/25\/vereadores-aprovam-cerca-com-alambrados-em-pracas-da-cidade\/","url_meta":{"origin":34725,"position":3},"title":"Vereadores aprovam cerca com alambrados em pra\u00e7as da cidade","author":"noticiasribeiraopreto.com.br","date":"25 de June de 2025","format":false,"excerpt":"25 de junho de 2025 20:217 Compartilhar0 Por 14 votos favor\u00e1veis, tr\u00eas contr\u00e1rios e duas absten\u00e7\u00f5es, os vereadores de Ribeir\u00e3o Preto aprovaram uma Indica\u00e7\u00e3o ao prefeito Ricardo Silva (PSD) pedindo que a prefeitura cerque com alambrado ou gradis, 13 pra\u00e7as p\u00fablicas da cidade. A indica\u00e7\u00e3o de autoria do vereador Junin\u2026","rel":"","context":"In &quot;Not\u00edcias de Ribeir\u00e3o Preto-SP e Regi\u00e3o&quot;","block_context":{"text":"Not\u00edcias de Ribeir\u00e3o Preto-SP e Regi\u00e3o","link":"https:\/\/noticiasribeiraopreto.com.br\/index.php\/category\/noticias-de-ribeirao-preto-sp-e-regiao-ismael-colosi\/"},"img":{"alt_text":"","src":"https:\/\/i0.wp.com\/noticiasribeiraopreto.com.br\/wp-content\/uploads\/2025\/06\/aparafusado-89-416x311m0.jpg?fit=416%2C311&ssl=1&resize=350%2C200","width":350,"height":200},"classes":[]},{"id":44476,"url":"https:\/\/noticiasribeiraopreto.com.br\/index.php\/2024\/03\/27\/servidores-de-ribeirao-preto-aprovam-reajuste-salarial-de-45\/","url_meta":{"origin":34725,"position":4},"title":"Servidores de Ribeir\u00e3o Preto aprovam reajuste salarial de 4,5%","author":"noticiasribeiraopreto.com.br","date":"27 de March de 2024","format":false,"excerpt":"O Sindicato dos Servidores Municipais de Ribeir\u00e3o Preto aceitou, em assembleia realizada na noite desta quarta-feira (27), a proposta de reajuste salarial de 4,5% e um aumento de 10% no vale alimenta\u00e7\u00e3o para o diss\u00eddio deste ano. As reivindica\u00e7\u00f5es dos trabalhadores foram entregues no final de fevereiro. A partir disso,\u2026","rel":"","context":"In &quot;Not\u00edcias de Ribeir\u00e3o Preto-SP e Regi\u00e3o&quot;","block_context":{"text":"Not\u00edcias de Ribeir\u00e3o Preto-SP e Regi\u00e3o","link":"https:\/\/noticiasribeiraopreto.com.br\/index.php\/category\/noticias-de-ribeirao-preto-sp-e-regiao-ismael-colosi\/"},"img":{"alt_text":"","src":"https:\/\/i0.wp.com\/noticiasribeiraopreto.com.br\/wp-content\/uploads\/2024\/03\/A_DSC8799.jpg?fit=1200%2C795&ssl=1&resize=350%2C200","width":350,"height":200,"srcset":"https:\/\/i0.wp.com\/noticiasribeiraopreto.com.br\/wp-content\/uploads\/2024\/03\/A_DSC8799.jpg?fit=1200%2C795&ssl=1&resize=350%2C200 1x, https:\/\/i0.wp.com\/noticiasribeiraopreto.com.br\/wp-content\/uploads\/2024\/03\/A_DSC8799.jpg?fit=1200%2C795&ssl=1&resize=525%2C300 1.5x, https:\/\/i0.wp.com\/noticiasribeiraopreto.com.br\/wp-content\/uploads\/2024\/03\/A_DSC8799.jpg?fit=1200%2C795&ssl=1&resize=700%2C400 2x, https:\/\/i0.wp.com\/noticiasribeiraopreto.com.br\/wp-content\/uploads\/2024\/03\/A_DSC8799.jpg?fit=1200%2C795&ssl=1&resize=1050%2C600 3x"},"classes":[]},{"id":67587,"url":"https:\/\/noticiasribeiraopreto.com.br\/index.php\/2025\/04\/16\/jornal-da-franca-vereadores-aprovam-projeto-de-lei-que-proibe-fogos-de-artificio-ruidosos-em-franca\/","url_meta":{"origin":34725,"position":5},"title":"Jornal da Franca &#8211; Vereadores aprovam projeto de lei que proibe fogos de artif\u00edcio ruidosos em Franca","author":"noticiasribeiraopreto.com.br","date":"16 de April de 2025","format":false,"excerpt":"compartilhar no whatsapp compartilhar no telegram compartilhar no facebook compartilhar no linkedin Descumprir a lei implicar\u00e1 ao infrator em multa no valor n\u00e3o inferior a R$ 2.086,25 (25 Unidade Fiscal do Munic\u00edpio de Franca) Os vereadores de Franca aprovaram, com emenda, o Projeto de Lei Complementar n\u00ba 5\/2025, de autoria\u2026","rel":"","context":"In &quot;Not\u00edcias de Franca-SP&quot;","block_context":{"text":"Not\u00edcias de Franca-SP","link":"https:\/\/noticiasribeiraopreto.com.br\/index.php\/category\/noticias-de-ribeirao-preto-sp-e-regiao-ismael-colosi\/noticias-franca-sp\/"},"img":{"alt_text":"","src":"https:\/\/i0.wp.com\/noticiasribeiraopreto.com.br\/wp-content\/uploads\/2025\/04\/cachorro-olha-pela-janela-e-observa-o-tiro-de-fogos-de-artificio-generative-ai.jpg?fit=1000%2C667&ssl=1&resize=350%2C200","width":350,"height":200,"srcset":"https:\/\/i0.wp.com\/noticiasribeiraopreto.com.br\/wp-content\/uploads\/2025\/04\/cachorro-olha-pela-janela-e-observa-o-tiro-de-fogos-de-artificio-generative-ai.jpg?fit=1000%2C667&ssl=1&resize=350%2C200 1x, https:\/\/i0.wp.com\/noticiasribeiraopreto.com.br\/wp-content\/uploads\/2025\/04\/cachorro-olha-pela-janela-e-observa-o-tiro-de-fogos-de-artificio-generative-ai.jpg?fit=1000%2C667&ssl=1&resize=525%2C300 1.5x, https:\/\/i0.wp.com\/noticiasribeiraopreto.com.br\/wp-content\/uploads\/2025\/04\/cachorro-olha-pela-janela-e-observa-o-tiro-de-fogos-de-artificio-generative-ai.jpg?fit=1000%2C667&ssl=1&resize=700%2C400 2x"},"classes":[]}],"jetpack_sharing_enabled":true,"jetpack_shortlink":"https:\/\/wp.me\/peQAOb-925","_links":{"self":[{"href":"https:\/\/noticiasribeiraopreto.com.br\/index.php\/wp-json\/wp\/v2\/posts\/34725","targetHints":{"allow":["GET"]}}],"collection":[{"href":"https:\/\/noticiasribeiraopreto.com.br\/index.php\/wp-json\/wp\/v2\/posts"}],"about":[{"href":"https:\/\/noticiasribeiraopreto.com.br\/index.php\/wp-json\/wp\/v2\/types\/post"}],"author":[{"embeddable":true,"href":"https:\/\/noticiasribeiraopreto.com.br\/index.php\/wp-json\/wp\/v2\/users\/1"}],"replies":[{"embeddable":true,"href":"https:\/\/noticiasribeiraopreto.com.br\/index.php\/wp-json\/wp\/v2\/comments?post=34725"}],"version-history":[{"count":0,"href":"https:\/\/noticiasribeiraopreto.com.br\/index.php\/wp-json\/wp\/v2\/posts\/34725\/revisions"}],"wp:featuredmedia":[{"embeddable":true,"href":"https:\/\/noticiasribeiraopreto.com.br\/index.php\/wp-json\/wp\/v2\/media\/34726"}],"wp:attachment":[{"href":"https:\/\/noticiasribeiraopreto.com.br\/index.php\/wp-json\/wp\/v2\/media?parent=34725"}],"wp:term":[{"taxonomy":"category","embeddable":true,"href":"https:\/\/noticiasribeiraopreto.com.br\/index.php\/wp-json\/wp\/v2\/categories?post=34725"},{"taxonomy":"post_tag","embeddable":true,"href":"https:\/\/noticiasribeiraopreto.com.br\/index.php\/wp-json\/wp\/v2\/tags?post=34725"}],"curies":[{"name":"wp","href":"https:\/\/api.w.org\/{rel}","templated":true}]}}