{"id":34729,"date":"2024-02-03T09:36:17","date_gmt":"2024-02-03T12:36:17","guid":{"rendered":"https:\/\/noticiasribeiraopreto.com.br\/index.php\/2024\/02\/03\/estas-3-empresas-foram-as-maiores-quedas-da-semana-veja\/"},"modified":"2024-02-03T09:36:17","modified_gmt":"2024-02-03T12:36:17","slug":"estas-3-empresas-foram-as-maiores-quedas-da-semana-veja","status":"publish","type":"post","link":"https:\/\/noticiasribeiraopreto.com.br\/index.php\/2024\/02\/03\/estas-3-empresas-foram-as-maiores-quedas-da-semana-veja\/","title":{"rendered":"Estas 3 empresas foram as maiores quedas da semana; veja"},"content":{"rendered":"<div class='code-block code-block-1' style='margin: 8px 0 8px auto; text-align: right; display: block; clear: both;'>\n<p><a href=\"https:\/\/wa.link\/vpicfd\"><img data-recalc-dims=\"1\" class=\"wp-image-4922\" style=\"aspect-ratio: 2.0253164556962027; width: 561px; height: auto;\" src=\"https:\/\/i0.wp.com\/ismaelcolosi.com.br\/wp-content\/uploads\/2023\/11\/grupo-de-empregos-whatsapp-e-facebook-ismael-colosi-vagas.jpg?ssl=1\" alt=\"\" \/><\/a><\/p>\n<!-- \/wp:image -->\n<\/div>\n<p> <br \/>\n<\/p>\n<div id=\"js-first-letter\">\n<p>A semana do mercado financeiro local se encerrou na \u00faltima sexta-feira (2). O saldo dos cinco dias de preg\u00e3o foi negativo para o Ibovespa: aos 127.182 pontos, o principal \u00edndice da B3 <a href=\"https:\/\/www.seudinheiro.com\/2024\/bolsa-dolar\/bolsa-dolar-ibovespa-hoje-020224-rsgp-lils-lvit-davs\/\" target=\"_blank\" rel=\"noreferrer noopener\">acumulou perdas da ordem de 1,38%<\/a>. Contudo, algumas <strong>empresas <\/strong>foram o destaque negativo desse per\u00edodo.\u00a0<\/p>\n<p>Estamos falando de tr\u00eas delas, que acumularam perdas na casa dos tr\u00eas d\u00edgitos: Gol (GOLL4), Casas Bahia (BHIA3) e Cogna (COGN3).\u00a0<\/p>\n<p>Elas foram as \u201ccampe\u00e3s\u201d de perdas da semana, cada uma pelo seu motivo espec\u00edfico. A companhia a\u00e9rea pediu recupera\u00e7\u00e3o judicial nos Estados Unidos, enquanto a varejista j\u00e1 vinha de uma m\u00e1 fase. Na vis\u00e3o do BTG, a Cogna foi a \u201cm\u00e1 aluna\u201d entre as empresas de educa\u00e7\u00e3o. Veja:\u00a0<\/p>\n<figure class=\"wp-block-table is-style-stripes\">\n<table>\n<tbody>\n<tr>\n<td><strong>C\u00d3DIGO<\/strong><\/td>\n<td><strong>NOME<\/strong><\/td>\n<td><strong>ULT<\/strong><\/td>\n<td><strong>VARSEM<\/strong><\/td>\n<\/tr>\n<tr>\n<td>GOLL4<\/td>\n<td>Gol PN<\/td>\n<td>R$ 2,50<\/td>\n<td>-57,77%<\/td>\n<\/tr>\n<tr>\n<td>BHIA3<\/td>\n<td>Casas Bahia ON<\/td>\n<td>R$ 7,20<\/td>\n<td>-17,24%<\/td>\n<\/tr>\n<tr>\n<td>COGN3<\/td>\n<td>Cogna ON<\/td>\n<td>R$ 2,68<\/td>\n<td>-11,55%<\/td>\n<\/tr>\n<\/tbody>\n<\/table><figcaption class=\"wp-element-caption\">Fonte: Broadcast<\/figcaption><\/figure>\n<h2 class=\"wp-block-heading\" id=\"h-empresas-e-perdas-mais-a-fundo-em-cada-uma-delas\">Empresas e perdas: mais a fundo em cada uma delas<\/h2>\n<p>A Gol entrou com pedido de recupera\u00e7\u00e3o judicial nos EUA <a href=\"https:\/\/www.seudinheiro.com\/2024\/empresas\/gol-goll4-entra-com-pedido-de-recuperacao-judicial-nos-estados-unidos-lvit\/\" target=\"_blank\" rel=\"noreferrer noopener\">na semana passada<\/a>, mas foi <a href=\"https:\/\/www.seudinheiro.com\/2024\/bolsa-dolar\/gol-goll4-perde-um-terco-do-valor-na-bolsa-em-um-dia-b3-exclui-acoes-do-ibovespa-hoje-vinp\/\" target=\"_blank\" rel=\"noreferrer noopener\">exclu\u00edda dos \u00edndices da B3 <\/a>na \u00faltima semana.\u00a0<\/p>\n<p>Isso porque a companhia a\u00e9rea soma mais de $ 20,2 bilh\u00f5es em d\u00edvidas, sendo que no topo da lista de credores est\u00e1 o Bank of New York Mellon \u2014 que \u00e9 custodiante de notas seniores da empresa \u2014 e tem cr\u00e9ditos de cerca de R$ 2,6 bilh\u00f5es.<\/p>\n<p>O processo acontece em terras norte-americanas, mas pode se estender para a Justi\u00e7a do Brasil.\u00a0<\/p>\n<ul>\n<li><strong>PODCAST TOUROS E URSOS \u2014 <\/strong>O ano das guerras, Trump rumo \u00e0 Casa Branca e China mais fraca: o impacto nos mercados<\/li>\n<\/ul>\n<figure class=\"wp-block-embed is-type-video is-provider-youtube wp-block-embed-youtube wp-embed-aspect-16-9 wp-has-aspect-ratio\">\n<p>\n<iframe loading=\"lazy\" title=\"O ANO DAS GUERRAS, TRUMP RUMO \u00c0 CASA BRANCA E CHINA MAIS FRACA: O IMPACTO NOS MERCADOS\" width=\"500\" height=\"281\" src=\"https:\/\/www.youtube.com\/embed\/r-T0sfjC-2s?feature=oembed\" frameborder=\"0\" allow=\"accelerometer; autoplay; clipboard-write; encrypted-media; gyroscope; picture-in-picture; web-share\" referrerpolicy=\"strict-origin-when-cross-origin\" allowfullscreen><\/iframe>\n<\/p>\n<\/figure>\n<h3 class=\"wp-block-heading\" id=\"h-citi-e-cetico-com-casa-bahia\">Citi \u00e9 c\u00e9tico com Casa Bahia<\/h3>\n<p>Tamb\u00e9m nesta semana, o banco norte-americano Citi <a href=\"https:\/\/www.seudinheiro.com\/2023\/bolsa-dolar\/casas-bahia-bhia3-grupamento-ibovespa-segunda-previa-lils-rsgp\/\" target=\"_blank\" rel=\"noreferrer noopener\">reafirmou a recomenda\u00e7\u00e3o de neutra <\/a>para os pap\u00e9is CASH3. Contudo, houve um corte do pre\u00e7o-alvo de R$ 17,50 para R$ 10 \u2014 o que representa um potencial de valoriza\u00e7\u00e3o de 15% em rela\u00e7\u00e3o ao \u00faltimo fechamento.<\/p>\n<p>Assim, o Citi justificou o pre\u00e7o-alvo mais baixo com as premissas operacionais menores para a Casa Bahia \u2014 que s\u00e3o parcialmente compensadas por uma redu\u00e7\u00e3o no custo presumido de capital pr\u00f3prio.<\/p>\n<h3 class=\"wp-block-heading\" id=\"h-cogna-fica-de-recuperacao-entre-empresas-de-educacao\">Cogna fica de \u201crecupera\u00e7\u00e3o\u201d entre empresas de educa\u00e7\u00e3o<\/h3>\n<p>Por fim, na \u00faltima sexta-feira, o BTG Pactual <a href=\"https:\/\/www.seudinheiro.com\/2024\/empresas\/educacao-cogna-cogn3-yduqs-yduq3-anima-anim3-btg-bolsa-rens\/\" target=\"_blank\" rel=\"noreferrer noopener\">lan\u00e7ou um extenso relat\u00f3rio sobre o setor de educa\u00e7\u00e3o<\/a>, destacando a Anima como seu \u201ctop pick\u201d no setor.\u00a0<\/p>\n<p>Contudo, o documento tamb\u00e9m rebaixa a recomenda\u00e7\u00e3o das a\u00e7\u00f5es da Cogna, de \u201cneutro\u201d para \u201cvenda\u201d.<\/p>\n<p>Os analistas enxergam um valuation bastante esticado, sendo negociada a 17,3x P\/E (pre\u00e7o\/lucro) e 6,1x EV\/EBITDA. Em outras palavras, ambos indicadores mostram que a empresa pode estar sobrevalorizada.<\/p>\n<p>Al\u00e9m disso, o relat\u00f3rio destaca que a retomada do lucro perdeu tra\u00e7\u00e3o, destacando que os riscos inerentes ao neg\u00f3cio aumentaram.<\/p>\n<p>Sendo assim, houve tamb\u00e9m uma revis\u00e3o do pre\u00e7o-alvo, de R$ 3,40 para R$ 2,60 por a\u00e7\u00e3o.<\/p>\n<\/div>\n<p><br \/>\n<br \/><a href=\"https:\/\/www.seudinheiro.com\/2024\/empresas\/empresas-mal-aluno-relatorio-ibovespa-rens\/\">Source link <\/a><\/p>\n<!-- CONTENT END 1 -->\n","protected":false},"excerpt":{"rendered":"<p>A semana do mercado financeiro local se encerrou na \u00faltima sexta-feira (2). O saldo dos cinco dias de preg\u00e3o foi negativo para o Ibovespa: aos&#8230;<\/p>\n","protected":false},"author":1,"featured_media":34730,"comment_status":"open","ping_status":"open","sticky":false,"template":"","format":"standard","meta":{"advanced_seo_description":"","jetpack_seo_html_title":"","jetpack_seo_noindex":false,"jetpack_post_was_ever_published":false,"_jetpack_newsletter_access":"","_jetpack_dont_email_post_to_subs":false,"_jetpack_newsletter_tier_id":0,"_jetpack_memberships_contains_paywalled_content":false,"_jetpack_memberships_contains_paid_content":false,"footnotes":"","jetpack_publicize_message":"","jetpack_publicize_feature_enabled":true,"jetpack_social_post_already_shared":true,"jetpack_social_options":{"image_generator_settings":{"template":"highway","default_image_id":0,"font":"","enabled":false},"version":2}},"categories":[1235],"tags":[],"class_list":["post-34729","post","type-post","status-publish","format-standard","has-post-thumbnail","hentry","category-dinheiro-e-investimento-como-fazer-como-ganhar"],"jetpack_publicize_connections":[],"jetpack_featured_media_url":"https:\/\/i0.wp.com\/noticiasribeiraopreto.com.br\/wp-content\/uploads\/2024\/02\/acoes-empresas-ibovespa-bolsa-brasileira-CAPA-SD-715x402.jpg?fit=715%2C402&ssl=1","jetpack-related-posts":[{"id":34583,"url":"https:\/\/noticiasribeiraopreto.com.br\/index.php\/2024\/02\/02\/educacao-veja-o-que-fez-a-cogna-cogn3-ficar-de-recuperacao-e-cair-10-na-bolsa-yduqs-yduq3-e-anima-anim3-passam-de-ano-aos-olhos-do-professor-btg-pactual-em-relatorio\/","url_meta":{"origin":34729,"position":0},"title":"Educa\u00e7\u00e3o: Veja o que fez a Cogna (COGN3) ficar de recupera\u00e7\u00e3o e cair 10% na bolsa; Yduqs (YDUQ3) e Anima (ANIM3) passam de ano aos olhos do \u201cprofessor\u201d BTG Pactual em relat\u00f3rio","author":"noticiasribeiraopreto.com.br","date":"2 de February de 2024","format":false,"excerpt":"Recupera\u00e7\u00e3o. Essa palavra pode ter dois sentidos: para a bolsa, \u00e9 uma forma de dizer que as a\u00e7\u00f5es ca\u00edram e voltaram a subir. Mas se voc\u00ea estiver na escola, \u00e9 o termo mais temido \u2014 e o mais recente relat\u00f3rio do BTG fala justamente sobre o setor de educa\u00e7\u00e3o e\u2026","rel":"","context":"In &quot;Dinheiro e Investimento&quot;","block_context":{"text":"Dinheiro e Investimento","link":"https:\/\/noticiasribeiraopreto.com.br\/index.php\/category\/dinheiro-e-investimento-como-fazer-como-ganhar\/"},"img":{"alt_text":"","src":"https:\/\/i0.wp.com\/noticiasribeiraopreto.com.br\/wp-content\/uploads\/2024\/02\/Relatorio-do-BTG-sobre-empresas-de-educacao-yduqs-cogna-e-anima-715x402.jpg?fit=715%2C402&ssl=1&resize=350%2C200","width":350,"height":200,"srcset":"https:\/\/i0.wp.com\/noticiasribeiraopreto.com.br\/wp-content\/uploads\/2024\/02\/Relatorio-do-BTG-sobre-empresas-de-educacao-yduqs-cogna-e-anima-715x402.jpg?fit=715%2C402&ssl=1&resize=350%2C200 1x, https:\/\/i0.wp.com\/noticiasribeiraopreto.com.br\/wp-content\/uploads\/2024\/02\/Relatorio-do-BTG-sobre-empresas-de-educacao-yduqs-cogna-e-anima-715x402.jpg?fit=715%2C402&ssl=1&resize=525%2C300 1.5x, https:\/\/i0.wp.com\/noticiasribeiraopreto.com.br\/wp-content\/uploads\/2024\/02\/Relatorio-do-BTG-sobre-empresas-de-educacao-yduqs-cogna-e-anima-715x402.jpg?fit=715%2C402&ssl=1&resize=700%2C400 2x"},"classes":[]},{"id":34937,"url":"https:\/\/noticiasribeiraopreto.com.br\/index.php\/2024\/02\/04\/noticia-sobre-fusao-faz-acoes-do-grupo-soma-soma3-e-arezzo-arzz3-subirem-mais-de-10-na-semana-e-serem-as-maiores-altas-do-ibovespa\/","url_meta":{"origin":34729,"position":1},"title":"Not\u00edcia sobre fus\u00e3o faz a\u00e7\u00f5es do Grupo Soma (SOMA3) e Arezzo (ARZZ3) subirem mais de 10% na semana e serem as maiores altas do Ibovespa","author":"noticiasribeiraopreto.com.br","date":"4 de February de 2024","format":false,"excerpt":"Enquanto algumas empresas da bolsa brasileira registraram as maiores perdas da semana, outras companhias abertas conseguiram registrar bons ganhos nos \u00faltimos dias. Enquanto o Ibovespa acumulou perdas da ordem de 1,38%, o Grupo Soma (SOMA3) e Arezzo (ARZZ3) foram as campe\u00e3s do per\u00edodo.\u00a0 Veja as valoriza\u00e7\u00f5es dos \u00faltimos dias: C\u00d3DIGONOMEULTVARSEMSOMA3Grupo\u2026","rel":"","context":"In &quot;Dinheiro e Investimento&quot;","block_context":{"text":"Dinheiro e Investimento","link":"https:\/\/noticiasribeiraopreto.com.br\/index.php\/category\/dinheiro-e-investimento-como-fazer-como-ganhar\/"},"img":{"alt_text":"","src":"https:\/\/i0.wp.com\/noticiasribeiraopreto.com.br\/wp-content\/uploads\/2024\/02\/arezzo-e-soma-1024x576-1-715x402.jpg?fit=715%2C402&ssl=1&resize=350%2C200","width":350,"height":200,"srcset":"https:\/\/i0.wp.com\/noticiasribeiraopreto.com.br\/wp-content\/uploads\/2024\/02\/arezzo-e-soma-1024x576-1-715x402.jpg?fit=715%2C402&ssl=1&resize=350%2C200 1x, https:\/\/i0.wp.com\/noticiasribeiraopreto.com.br\/wp-content\/uploads\/2024\/02\/arezzo-e-soma-1024x576-1-715x402.jpg?fit=715%2C402&ssl=1&resize=525%2C300 1.5x, https:\/\/i0.wp.com\/noticiasribeiraopreto.com.br\/wp-content\/uploads\/2024\/02\/arezzo-e-soma-1024x576-1-715x402.jpg?fit=715%2C402&ssl=1&resize=700%2C400 2x"},"classes":[]},{"id":61489,"url":"https:\/\/noticiasribeiraopreto.com.br\/index.php\/2024\/12\/13\/azeite-falso-empresa-na-regiao-de-ribeirao-e-fechada-por-suspeita-de-fraude\/","url_meta":{"origin":34729,"position":2},"title":"Azeite falso? Empresa na regi\u00e3o de Ribeir\u00e3o \u00e9 fechada por suspeita de fraude","author":"noticiasribeiraopreto.com.br","date":"13 de December de 2024","format":false,"excerpt":"Uma empresa localizada em Cravinhos, na regi\u00e3o de Ribeir\u00e3o Preto, foi interditada pela Vigil\u00e2ncia Sanit\u00e1ria e pelo Minist\u00e9rio da Agricultura devido \u00e0 suspeita de fraude na comercializa\u00e7\u00e3o de azeite de oliva. De acordo com a Pol\u00edcia Civil, o estabelecimento estava vendendo \u00f3leo composto como se fosse azeite de oliva extra\u2026","rel":"","context":"In &quot;Not\u00edcias de Ribeir\u00e3o Preto-SP e Regi\u00e3o&quot;","block_context":{"text":"Not\u00edcias de Ribeir\u00e3o Preto-SP e Regi\u00e3o","link":"https:\/\/noticiasribeiraopreto.com.br\/index.php\/category\/noticias-de-ribeirao-preto-sp-e-regiao-ismael-colosi\/"},"img":{"alt_text":"","src":"https:\/\/i0.wp.com\/noticiasribeiraopreto.com.br\/wp-content\/uploads\/2024\/12\/Copia-de-Copia-de-Copia-de-TAMANHO-EXATO-PARA-FOTOS-NO-SISTEMA-NOVO-2024-12-13T192130.403_2024-12-13_22-21-42_png_2024-12-13_22-21-42.webp.webp?fit=1200%2C675&ssl=1&resize=350%2C200","width":350,"height":200,"srcset":"https:\/\/i0.wp.com\/noticiasribeiraopreto.com.br\/wp-content\/uploads\/2024\/12\/Copia-de-Copia-de-Copia-de-TAMANHO-EXATO-PARA-FOTOS-NO-SISTEMA-NOVO-2024-12-13T192130.403_2024-12-13_22-21-42_png_2024-12-13_22-21-42.webp.webp?fit=1200%2C675&ssl=1&resize=350%2C200 1x, https:\/\/i0.wp.com\/noticiasribeiraopreto.com.br\/wp-content\/uploads\/2024\/12\/Copia-de-Copia-de-Copia-de-TAMANHO-EXATO-PARA-FOTOS-NO-SISTEMA-NOVO-2024-12-13T192130.403_2024-12-13_22-21-42_png_2024-12-13_22-21-42.webp.webp?fit=1200%2C675&ssl=1&resize=525%2C300 1.5x, https:\/\/i0.wp.com\/noticiasribeiraopreto.com.br\/wp-content\/uploads\/2024\/12\/Copia-de-Copia-de-Copia-de-TAMANHO-EXATO-PARA-FOTOS-NO-SISTEMA-NOVO-2024-12-13T192130.403_2024-12-13_22-21-42_png_2024-12-13_22-21-42.webp.webp?fit=1200%2C675&ssl=1&resize=700%2C400 2x, https:\/\/i0.wp.com\/noticiasribeiraopreto.com.br\/wp-content\/uploads\/2024\/12\/Copia-de-Copia-de-Copia-de-TAMANHO-EXATO-PARA-FOTOS-NO-SISTEMA-NOVO-2024-12-13T192130.403_2024-12-13_22-21-42_png_2024-12-13_22-21-42.webp.webp?fit=1200%2C675&ssl=1&resize=1050%2C600 3x"},"classes":[]},{"id":18082,"url":"https:\/\/noticiasribeiraopreto.com.br\/index.php\/2023\/12\/19\/a-acao-do-setor-de-educacao-que-pode-garantir-um-2024-nota-dez\/","url_meta":{"origin":34729,"position":3},"title":"A a\u00e7\u00e3o do setor de educa\u00e7\u00e3o que pode garantir um 2024 nota dez","author":"noticiasribeiraopreto.com.br","date":"19 de December de 2023","format":false,"excerpt":"Uma gera\u00e7\u00e3o de caixa melhor, baixos riscos regulat\u00f3rios e uma forcinha do Fundo de Financiamento Estudantil (Fies) \u2014 esses s\u00e3o os atributos da a\u00e7\u00e3o nota dez do Santander para o investidor que quiser entrar em 2024 com exposi\u00e7\u00e3o ao setor de educa\u00e7\u00e3o.\u00a0 O banco escolheu a Anima (ANIM3) como o\u2026","rel":"","context":"In &quot;Dinheiro e Investimento&quot;","block_context":{"text":"Dinheiro e Investimento","link":"https:\/\/noticiasribeiraopreto.com.br\/index.php\/category\/dinheiro-e-investimento-como-fazer-como-ganhar\/"},"img":{"alt_text":"","src":"https:\/\/i0.wp.com\/noticiasribeiraopreto.com.br\/wp-content\/uploads\/2023\/12\/shutterstock_1500445409-628x353.jpg?fit=628%2C353&ssl=1&resize=350%2C200","width":350,"height":200,"srcset":"https:\/\/i0.wp.com\/noticiasribeiraopreto.com.br\/wp-content\/uploads\/2023\/12\/shutterstock_1500445409-628x353.jpg?fit=628%2C353&ssl=1&resize=350%2C200 1x, https:\/\/i0.wp.com\/noticiasribeiraopreto.com.br\/wp-content\/uploads\/2023\/12\/shutterstock_1500445409-628x353.jpg?fit=628%2C353&ssl=1&resize=525%2C300 1.5x"},"classes":[]},{"id":9225,"url":"https:\/\/noticiasribeiraopreto.com.br\/index.php\/2023\/12\/01\/pfizer-descontinua-pilula-para-perda-de-peso-apos-fortes-efeitos-colaterais\/","url_meta":{"origin":34729,"position":4},"title":"Pfizer descontinua p\u00edlula para perda de peso ap\u00f3s fortes efeitos colaterais","author":"noticiasribeiraopreto.com.br","date":"1 de December de 2023","format":false,"excerpt":"A Pfizer anunciou nesta sexta-feira, 1\u00ba, que n\u00e3o avan\u00e7ar\u00e1 com uma vers\u00e3o do medicamento oral para perda de peso, danuglipron, duas vezes ao dia, devido \u00e0s altas taxas de efeitos colaterais adversos. A maioria dos pacientes desistiu de continuar com um ensaio cl\u00ednico com o medicamento ap\u00f3s problemas de toler\u00e2ncia\u2026","rel":"","context":"In &quot;Variedades&quot;","block_context":{"text":"Variedades","link":"https:\/\/noticiasribeiraopreto.com.br\/index.php\/category\/variedades\/"},"img":{"alt_text":"","src":"https:\/\/i0.wp.com\/noticiasribeiraopreto.com.br\/wp-content\/uploads\/2023\/12\/istock-1424263565.jpg?fit=1200%2C638&ssl=1&resize=350%2C200","width":350,"height":200,"srcset":"https:\/\/i0.wp.com\/noticiasribeiraopreto.com.br\/wp-content\/uploads\/2023\/12\/istock-1424263565.jpg?fit=1200%2C638&ssl=1&resize=350%2C200 1x, https:\/\/i0.wp.com\/noticiasribeiraopreto.com.br\/wp-content\/uploads\/2023\/12\/istock-1424263565.jpg?fit=1200%2C638&ssl=1&resize=525%2C300 1.5x, https:\/\/i0.wp.com\/noticiasribeiraopreto.com.br\/wp-content\/uploads\/2023\/12\/istock-1424263565.jpg?fit=1200%2C638&ssl=1&resize=700%2C400 2x, https:\/\/i0.wp.com\/noticiasribeiraopreto.com.br\/wp-content\/uploads\/2023\/12\/istock-1424263565.jpg?fit=1200%2C638&ssl=1&resize=1050%2C600 3x"},"classes":[]},{"id":75279,"url":"https:\/\/noticiasribeiraopreto.com.br\/index.php\/2025\/08\/06\/veja-o-impacto-do-tarifaco-de-trump-em-ribeirao-preto\/","url_meta":{"origin":34729,"position":5},"title":"Veja o impacto do Tarifa\u00e7o de Trump em Ribeir\u00e3o Preto","author":"noticiasribeiraopreto.com.br","date":"6 de August de 2025","format":false,"excerpt":"Entrou em vigor nesta quarta-feira (6) o tarifa\u00e7o de 50% imposto sobre parte das exporta\u00e7\u00f5es brasileiras para os Estados Unidos. E o impacto em Ribeir\u00e3o Preto pode chegar a 18,16 milh\u00f5es de d\u00f3lares, segundo levantamento do jornal O Estado de S\u00e3o Paulo. A medida, assinada na semana passada pelo presidente\u2026","rel":"","context":"In &quot;Not\u00edcias de Ribeir\u00e3o Preto-SP e Regi\u00e3o&quot;","block_context":{"text":"Not\u00edcias de Ribeir\u00e3o Preto-SP e Regi\u00e3o","link":"https:\/\/noticiasribeiraopreto.com.br\/index.php\/category\/noticias-de-ribeirao-preto-sp-e-regiao-ismael-colosi\/"},"img":{"alt_text":"","src":"https:\/\/i0.wp.com\/noticiasribeiraopreto.com.br\/wp-content\/uploads\/2025\/07\/Copia-de-Copia-de-Copia-de-TAMANHO-EXATO-PARA-FOTOS-NO-SISTEMA-NOVO-2025-07-18T194849.427_2025-07-18_22-48-58.webp.webp?fit=1200%2C675&ssl=1&resize=350%2C200","width":350,"height":200,"srcset":"https:\/\/i0.wp.com\/noticiasribeiraopreto.com.br\/wp-content\/uploads\/2025\/07\/Copia-de-Copia-de-Copia-de-TAMANHO-EXATO-PARA-FOTOS-NO-SISTEMA-NOVO-2025-07-18T194849.427_2025-07-18_22-48-58.webp.webp?fit=1200%2C675&ssl=1&resize=350%2C200 1x, https:\/\/i0.wp.com\/noticiasribeiraopreto.com.br\/wp-content\/uploads\/2025\/07\/Copia-de-Copia-de-Copia-de-TAMANHO-EXATO-PARA-FOTOS-NO-SISTEMA-NOVO-2025-07-18T194849.427_2025-07-18_22-48-58.webp.webp?fit=1200%2C675&ssl=1&resize=525%2C300 1.5x, https:\/\/i0.wp.com\/noticiasribeiraopreto.com.br\/wp-content\/uploads\/2025\/07\/Copia-de-Copia-de-Copia-de-TAMANHO-EXATO-PARA-FOTOS-NO-SISTEMA-NOVO-2025-07-18T194849.427_2025-07-18_22-48-58.webp.webp?fit=1200%2C675&ssl=1&resize=700%2C400 2x, https:\/\/i0.wp.com\/noticiasribeiraopreto.com.br\/wp-content\/uploads\/2025\/07\/Copia-de-Copia-de-Copia-de-TAMANHO-EXATO-PARA-FOTOS-NO-SISTEMA-NOVO-2025-07-18T194849.427_2025-07-18_22-48-58.webp.webp?fit=1200%2C675&ssl=1&resize=1050%2C600 3x"},"classes":[]}],"jetpack_sharing_enabled":true,"jetpack_shortlink":"https:\/\/wp.me\/peQAOb-929","_links":{"self":[{"href":"https:\/\/noticiasribeiraopreto.com.br\/index.php\/wp-json\/wp\/v2\/posts\/34729","targetHints":{"allow":["GET"]}}],"collection":[{"href":"https:\/\/noticiasribeiraopreto.com.br\/index.php\/wp-json\/wp\/v2\/posts"}],"about":[{"href":"https:\/\/noticiasribeiraopreto.com.br\/index.php\/wp-json\/wp\/v2\/types\/post"}],"author":[{"embeddable":true,"href":"https:\/\/noticiasribeiraopreto.com.br\/index.php\/wp-json\/wp\/v2\/users\/1"}],"replies":[{"embeddable":true,"href":"https:\/\/noticiasribeiraopreto.com.br\/index.php\/wp-json\/wp\/v2\/comments?post=34729"}],"version-history":[{"count":0,"href":"https:\/\/noticiasribeiraopreto.com.br\/index.php\/wp-json\/wp\/v2\/posts\/34729\/revisions"}],"wp:featuredmedia":[{"embeddable":true,"href":"https:\/\/noticiasribeiraopreto.com.br\/index.php\/wp-json\/wp\/v2\/media\/34730"}],"wp:attachment":[{"href":"https:\/\/noticiasribeiraopreto.com.br\/index.php\/wp-json\/wp\/v2\/media?parent=34729"}],"wp:term":[{"taxonomy":"category","embeddable":true,"href":"https:\/\/noticiasribeiraopreto.com.br\/index.php\/wp-json\/wp\/v2\/categories?post=34729"},{"taxonomy":"post_tag","embeddable":true,"href":"https:\/\/noticiasribeiraopreto.com.br\/index.php\/wp-json\/wp\/v2\/tags?post=34729"}],"curies":[{"name":"wp","href":"https:\/\/api.w.org\/{rel}","templated":true}]}}