{"id":34761,"date":"2024-02-03T12:22:50","date_gmt":"2024-02-03T15:22:50","guid":{"rendered":"https:\/\/noticiasribeiraopreto.com.br\/index.php\/2024\/02\/03\/congresso-abre-ano-legislativo-analisando-propostas-que-podem-liberar-r-96-bilhoes-para-governo-pagar-contas-veja-quais\/"},"modified":"2024-02-03T12:22:50","modified_gmt":"2024-02-03T15:22:50","slug":"congresso-abre-ano-legislativo-analisando-propostas-que-podem-liberar-r-96-bilhoes-para-governo-pagar-contas-veja-quais","status":"publish","type":"post","link":"https:\/\/noticiasribeiraopreto.com.br\/index.php\/2024\/02\/03\/congresso-abre-ano-legislativo-analisando-propostas-que-podem-liberar-r-96-bilhoes-para-governo-pagar-contas-veja-quais\/","title":{"rendered":"Congresso abre ano legislativo analisando propostas que podem liberar R$ 96 bilh\u00f5es para governo pagar contas; veja quais"},"content":{"rendered":"<div class='code-block code-block-1' style='margin: 8px 0 8px auto; text-align: right; display: block; clear: both;'>\n<p><a href=\"https:\/\/wa.link\/vpicfd\"><img data-recalc-dims=\"1\" class=\"wp-image-4922\" style=\"aspect-ratio: 2.0253164556962027; width: 561px; height: auto;\" src=\"https:\/\/i0.wp.com\/ismaelcolosi.com.br\/wp-content\/uploads\/2023\/11\/grupo-de-empregos-whatsapp-e-facebook-ismael-colosi-vagas.jpg?ssl=1\" alt=\"\" \/><\/a><\/p>\n<!-- \/wp:image -->\n<\/div>\n<p> <br \/>\n<\/p>\n<div id=\"js-first-letter\">\n<p>Os trabalhos legislativos no Congresso Nacional come\u00e7am na pr\u00f3xima segunda-feira (5). E, contrariando a m\u00e1xima de que o ano s\u00f3 come\u00e7a depois do Carnaval, os parlamentares ter\u00e3o que analisar 20 medidas provis\u00f3rias (MPs) pendentes de vota\u00e7\u00e3o.\u00a0<\/p>\n<p>A mais pol\u00eamica e que pode influenciar no futuro da meta do governo de zerar o d\u00e9ficit em 2024 \u00e9 a<a href=\"https:\/\/www.seudinheiro.com\/2024\/economia\/o-impacto-da-desoneracao-haddad-estima-que-renuncia-fiscal-vai-custar-r-32-bilhoes-aos-cofres-publicos-miql\/\" target=\"_blank\" rel=\"noreferrer noopener\"> reonera\u00e7\u00e3o de 17 setores da economia<\/a>. Estima-se que a prorroga\u00e7\u00e3o da desonera\u00e7\u00e3o da folha de pagamento, estendida para 2027, custe cerca de R$ 12 bilh\u00f5es aos cofres p\u00fablicos.\u00a0<\/p>\n<p>A<a href=\"https:\/\/normas.leg.br\/?urn=urn:lex:br:federal:lei:2023-12-27;14784\" target=\"_blank\" rel=\"noreferrer noopener\"> Lei 14.784, de 2023<\/a>, desonera a folha dos setores que mais geram emprego no pa\u00eds e foi aprovada pelo Congresso Nacional em novembro de 2023. O texto foi vetado integralmente pelo presidente da Rep\u00fablica. Em dezembro, senadores e deputados impuseram uma derrota ao Pal\u00e1cio do Planalto e derrubaram o veto.<\/p>\n<p>A nova lei foi promulgada pelo presidente do Congresso Nacional, senador Rodrigo Pacheco.<\/p>\n<p>De acordo com o texto, empresas beneficiadas pela desonera\u00e7\u00e3o podem substituir o recolhimento de 20% de imposto sobre os sal\u00e1rios por al\u00edquotas que variam de 1% a 4,5% da receita bruta. Para o Parlamento, a medida contribui para a gera\u00e7\u00e3o de novos empregos.<\/p>\n<figure class=\"wp-block-embed is-type-video is-provider-youtube wp-block-embed-youtube wp-embed-aspect-16-9 wp-has-aspect-ratio\">\n<p>\n<iframe loading=\"lazy\" title=\"POSSO PARAR DE PAGAR PENS\u00c3O DA  FILHA QUE N\u00c3O VEJO? I DESCOBRI TRAI\u00c7\u00c3O E &#039;LIMPEI&#039; CONTA CONJUNTA\" width=\"500\" height=\"281\" src=\"https:\/\/www.youtube.com\/embed\/S37g8Z5Jmrw?feature=oembed\" frameborder=\"0\" allow=\"accelerometer; autoplay; clipboard-write; encrypted-media; gyroscope; picture-in-picture; web-share\" referrerpolicy=\"strict-origin-when-cross-origin\" allowfullscreen><\/iframe>\n<\/p>\n<\/figure>\n<h2 class=\"wp-block-heading\" id=\"h-precatorios-no-congresso-nacional\">Precat\u00f3rios no Congresso Nacional<\/h2>\n<p>Metade das MPs que aguardam aval no Congresso, dez abrem cr\u00e9ditos extraordin\u00e1rios para diversos \u00f3rg\u00e3os p\u00fablicos. Juntas, as mat\u00e9rias somam mais de R$ 96 bilh\u00f5es.\u00a0<\/p>\n<p>A maior parte dos recursos est\u00e1 concentrada em apenas uma proposi\u00e7\u00e3o: a<a href=\"https:\/\/www.congressonacional.leg.br\/materias\/medidas-provisorias\/-\/mpv\/161759\" target=\"_blank\" rel=\"noreferrer noopener\"> MP 1.200\/2023<\/a>, que destina R$ 93,1 bilh\u00f5es para a quita\u00e7\u00e3o de precat\u00f3rios. Vale lembrar que os precat\u00f3rios s\u00e3o ordens de pagamento expedidas pela Justi\u00e7a ap\u00f3s o tr\u00e2nsito em julgado de a\u00e7\u00f5es perdidas pelo poder p\u00fablico.<\/p>\n<p>Ano passado, o Supremo Tribunal Federal (STF) autorizou o governo federal a solicitar a abertura de cr\u00e9dito extraordin\u00e1rio para o pagamento do estoque das d\u00edvidas judiciais. <a href=\"https:\/\/www.seudinheiro.com\/2023\/politica\/stf-autoriza-governo-a-solicitar-credito-para-pagar-precatorios-e-governo-prepara-pec-para-pagar-r-95-bilhoes-ainda-em-2023-rens\/\" target=\"_blank\" rel=\"noreferrer noopener\">O valor estimado para pagamento em 2023 \u00e9 de R$ 95 bilh\u00f5es<\/a>.<\/p>\n<p>Com isso, os recursos n\u00e3o entrar\u00e3o no c\u00e1lculo das atuais metas fiscais. Para mais informa\u00e7\u00f5es, <a href=\"https:\/\/www12.senado.leg.br\/noticias\/materias\/2024\/01\/24\/congresso-volta-do-recesso-em-fevereiro-com-20-medidas-provisorias-na-pauta\" target=\"_blank\" rel=\"noreferrer noopener\">acompanhe a agenda do Congresso Nacional<\/a>.<\/p>\n<p><em>*Com informa\u00e7\u00f5es da Ag\u00eancia Senado<\/em><\/p>\n<\/div>\n<p><br \/>\n<br \/><a href=\"https:\/\/www.seudinheiro.com\/2024\/politica\/congresso-abre-ano-legislativo-analisando-propostas-que-podem-liberar-r-96-bilhoes-para-governo-pagar-contas-veja-quais\/\">Source link <\/a><\/p>\n<!-- CONTENT END 1 -->\n","protected":false},"excerpt":{"rendered":"<p>Os trabalhos legislativos no Congresso Nacional come\u00e7am na pr\u00f3xima segunda-feira (5). E, contrariando a m\u00e1xima de que o ano s\u00f3 come\u00e7a depois do Carnaval, os&#8230;<\/p>\n","protected":false},"author":1,"featured_media":34762,"comment_status":"open","ping_status":"open","sticky":false,"template":"","format":"standard","meta":{"advanced_seo_description":"","jetpack_seo_html_title":"","jetpack_seo_noindex":false,"jetpack_post_was_ever_published":false,"_jetpack_newsletter_access":"","_jetpack_dont_email_post_to_subs":false,"_jetpack_newsletter_tier_id":0,"_jetpack_memberships_contains_paywalled_content":false,"_jetpack_memberships_contains_paid_content":false,"footnotes":"","jetpack_publicize_message":"","jetpack_publicize_feature_enabled":true,"jetpack_social_post_already_shared":true,"jetpack_social_options":{"image_generator_settings":{"template":"highway","default_image_id":0,"font":"","enabled":false},"version":2}},"categories":[1235],"tags":[],"class_list":["post-34761","post","type-post","status-publish","format-standard","has-post-thumbnail","hentry","category-dinheiro-e-investimento-como-fazer-como-ganhar"],"jetpack_publicize_connections":[],"jetpack_featured_media_url":"https:\/\/i0.wp.com\/noticiasribeiraopreto.com.br\/wp-content\/uploads\/2024\/02\/Congresso-Nacional-Ruido-Grafico-628x353.jpg?fit=628%2C353&ssl=1","jetpack-related-posts":[{"id":21800,"url":"https:\/\/noticiasribeiraopreto.com.br\/index.php\/2023\/12\/28\/entenda-as-3-principais-medidas-anunciadas-hoje-por-haddad-para-um-prospero-ano-novo-do-governo-com-deficit-zero-em-2024\/","url_meta":{"origin":34761,"position":0},"title":"Entenda as 3 principais medidas anunciadas hoje por Haddad para um \u2018pr\u00f3spero ano novo\u2019 do governo \u2014 com d\u00e9ficit zero \u2014 em 2024","author":"noticiasribeiraopreto.com.br","date":"28 de December de 2023","format":false,"excerpt":"Passado o Natal, a popula\u00e7\u00e3o come\u00e7a a se preparar para a virada do ano. No campo econ\u00f4mico, a expectativa \u00e9 com o d\u00e9ficit zero das contas p\u00fablicas em 2024 e, nesta quinta-feira (28), o ministro da Fazenda, Fernando Haddad, anunciou tr\u00eas medidas para compensar perdas de arrecada\u00e7\u00e3o ocasionadas por derrotas\u2026","rel":"","context":"In &quot;Dinheiro e Investimento&quot;","block_context":{"text":"Dinheiro e Investimento","link":"https:\/\/noticiasribeiraopreto.com.br\/index.php\/category\/dinheiro-e-investimento-como-fazer-como-ganhar\/"},"img":{"alt_text":"","src":"https:\/\/i0.wp.com\/noticiasribeiraopreto.com.br\/wp-content\/uploads\/2023\/12\/1703785060_Fernando-Haddad-ministro-da-Fazenda-715x402.jpg?fit=715%2C402&ssl=1&resize=350%2C200","width":350,"height":200,"srcset":"https:\/\/i0.wp.com\/noticiasribeiraopreto.com.br\/wp-content\/uploads\/2023\/12\/1703785060_Fernando-Haddad-ministro-da-Fazenda-715x402.jpg?fit=715%2C402&ssl=1&resize=350%2C200 1x, https:\/\/i0.wp.com\/noticiasribeiraopreto.com.br\/wp-content\/uploads\/2023\/12\/1703785060_Fernando-Haddad-ministro-da-Fazenda-715x402.jpg?fit=715%2C402&ssl=1&resize=525%2C300 1.5x, https:\/\/i0.wp.com\/noticiasribeiraopreto.com.br\/wp-content\/uploads\/2023\/12\/1703785060_Fernando-Haddad-ministro-da-Fazenda-715x402.jpg?fit=715%2C402&ssl=1&resize=700%2C400 2x"},"classes":[]},{"id":22186,"url":"https:\/\/noticiasribeiraopreto.com.br\/index.php\/2023\/12\/29\/por-que-o-congresso-nao-gostou-do-pacote-anunciado-por-haddad-setores-falam-em-inseguranca-juridica-com-mp\/","url_meta":{"origin":34761,"position":1},"title":"Por que o Congresso n\u00e3o gostou do pacote anunciado por Haddad? Setores falam em \u2018inseguran\u00e7a jur\u00eddica\u2019 com MP","author":"noticiasribeiraopreto.com.br","date":"29 de December de 2023","format":false,"excerpt":"As reuni\u00f5es de final de ano costumam gerar muitos encontros positivos, mas tamb\u00e9m muitas rusgas entre pessoas que, at\u00e9 poucos minutos atr\u00e1s, estavam se dando bem. Parece que foi o caso com o Congresso Nacional e o ministro da Fazenda, Fernando Haddad.\u00a0 Isso porque o Congresso reagiu mal ao an\u00fancio\u2026","rel":"","context":"In &quot;Dinheiro e Investimento&quot;","block_context":{"text":"Dinheiro e Investimento","link":"https:\/\/noticiasribeiraopreto.com.br\/index.php\/category\/dinheiro-e-investimento-como-fazer-como-ganhar\/"},"img":{"alt_text":"","src":"https:\/\/i0.wp.com\/noticiasribeiraopreto.com.br\/wp-content\/uploads\/2023\/12\/1703858937_Haddad-1-715x402.jpg?fit=715%2C402&ssl=1&resize=350%2C200","width":350,"height":200,"srcset":"https:\/\/i0.wp.com\/noticiasribeiraopreto.com.br\/wp-content\/uploads\/2023\/12\/1703858937_Haddad-1-715x402.jpg?fit=715%2C402&ssl=1&resize=350%2C200 1x, https:\/\/i0.wp.com\/noticiasribeiraopreto.com.br\/wp-content\/uploads\/2023\/12\/1703858937_Haddad-1-715x402.jpg?fit=715%2C402&ssl=1&resize=525%2C300 1.5x, https:\/\/i0.wp.com\/noticiasribeiraopreto.com.br\/wp-content\/uploads\/2023\/12\/1703858937_Haddad-1-715x402.jpg?fit=715%2C402&ssl=1&resize=700%2C400 2x"},"classes":[]},{"id":19588,"url":"https:\/\/noticiasribeiraopreto.com.br\/index.php\/2023\/12\/22\/fundao-recorde-congresso-aprova-orcamento-de-2024-com-r-49-bilhoes-para-eleicao\/","url_meta":{"origin":34761,"position":2},"title":"\u201cFund\u00e3o\u201d recorde: Congresso aprova Or\u00e7amento de 2024 com R$ 4,9 bilh\u00f5es para elei\u00e7\u00e3o","author":"noticiasribeiraopreto.com.br","date":"22 de December de 2023","format":false,"excerpt":"O Congresso Nacional aprovou nesta sexta-feira (22), \u00faltimo dia do ano legislativo, o Or\u00e7amento de 2024 com fundo eleitoral com valor de aproximadamente R$ 4,9 bilh\u00f5es para financiamento das elei\u00e7\u00f5es no ano que vem.\u00a0 A cifra \u00e9 recorde para uma campanha pelo comando do Poder Executivo nos munic\u00edpios. O texto\u2026","rel":"","context":"In &quot;Dinheiro e Investimento&quot;","block_context":{"text":"Dinheiro e Investimento","link":"https:\/\/noticiasribeiraopreto.com.br\/index.php\/category\/dinheiro-e-investimento-como-fazer-como-ganhar\/"},"img":{"alt_text":"","src":"https:\/\/i0.wp.com\/noticiasribeiraopreto.com.br\/wp-content\/uploads\/2023\/12\/shutterstock_1172883757-628x353.jpg?fit=628%2C353&ssl=1&resize=350%2C200","width":350,"height":200,"srcset":"https:\/\/i0.wp.com\/noticiasribeiraopreto.com.br\/wp-content\/uploads\/2023\/12\/shutterstock_1172883757-628x353.jpg?fit=628%2C353&ssl=1&resize=350%2C200 1x, https:\/\/i0.wp.com\/noticiasribeiraopreto.com.br\/wp-content\/uploads\/2023\/12\/shutterstock_1172883757-628x353.jpg?fit=628%2C353&ssl=1&resize=525%2C300 1.5x"},"classes":[]},{"id":40644,"url":"https:\/\/noticiasribeiraopreto.com.br\/index.php\/2024\/03\/05\/governo-e-congresso-nacional\/","url_meta":{"origin":34761,"position":3},"title":"Governo e Congresso Nacional\u00a0 &#8211; Jornal Tribuna Ribeir\u00e3o","author":"noticiasribeiraopreto.com.br","date":"5 de March de 2024","format":false,"excerpt":"5 de mar\u00e7o de 2024 | 8:205 de mar\u00e7o de 2024 | 9:07 0Agenda compartilhada para o bem do BrasilAlexandre Padilha *A Constitui\u00e7\u00e3o de 1988, em seu 2\u00ba artigo, estabelece que Legislativo, Executivo e Judici\u00e1rio s\u00e3o Poderes da Uni\u00e3o \u201cindependentes e harm\u00f4nicos entre si\u201d. A busca pelo que diz a\u2026","rel":"","context":"In &quot;Not\u00edcias de Ribeir\u00e3o Preto-SP e Regi\u00e3o&quot;","block_context":{"text":"Not\u00edcias de Ribeir\u00e3o Preto-SP e Regi\u00e3o","link":"https:\/\/noticiasribeiraopreto.com.br\/index.php\/category\/noticias-de-ribeirao-preto-sp-e-regiao-ismael-colosi\/"},"img":{"alt_text":"","src":"https:\/\/i0.wp.com\/noticiasribeiraopreto.com.br\/wp-content\/uploads\/2024\/03\/alexandrepadilha.jpg?fit=700%2C450&ssl=1&resize=350%2C200","width":350,"height":200,"srcset":"https:\/\/i0.wp.com\/noticiasribeiraopreto.com.br\/wp-content\/uploads\/2024\/03\/alexandrepadilha.jpg?fit=700%2C450&ssl=1&resize=350%2C200 1x, https:\/\/i0.wp.com\/noticiasribeiraopreto.com.br\/wp-content\/uploads\/2024\/03\/alexandrepadilha.jpg?fit=700%2C450&ssl=1&resize=525%2C300 1.5x, https:\/\/i0.wp.com\/noticiasribeiraopreto.com.br\/wp-content\/uploads\/2024\/03\/alexandrepadilha.jpg?fit=700%2C450&ssl=1&resize=700%2C400 2x"},"classes":[]},{"id":16360,"url":"https:\/\/noticiasribeiraopreto.com.br\/index.php\/2023\/12\/15\/desoneracao-pra-17-setores-da-economia-vai-ate-2027\/","url_meta":{"origin":34761,"position":4},"title":"Desonera\u00e7\u00e3o pra 17 setores da economia vai at\u00e9 2027","author":"noticiasribeiraopreto.com.br","date":"15 de December de 2023","format":false,"excerpt":"15 de dezembro de 2023 | 13:0015 de dezembro de 2023 | 8:49 0Em sess\u00e3o conjunta do Congresso Nacional nesta quinta-feira, 14 de dezembro, senadores e deputados federais derrubaram o veto presidencial ao projeto que prorroga a desonera\u00e7\u00e3o da folha de pagamento de 17 setores econ\u00f4micos e de pequenos munic\u00edpios\u2026","rel":"","context":"In &quot;Not\u00edcias de Ribeir\u00e3o Preto-SP e Regi\u00e3o&quot;","block_context":{"text":"Not\u00edcias de Ribeir\u00e3o Preto-SP e Regi\u00e3o","link":"https:\/\/noticiasribeiraopreto.com.br\/index.php\/category\/noticias-de-ribeirao-preto-sp-e-regiao-ismael-colosi\/"},"img":{"alt_text":"","src":"https:\/\/i0.wp.com\/noticiasribeiraopreto.com.br\/wp-content\/uploads\/2023\/12\/Desonera-Lula-Marques-Ag.Br_-scaled.jpg?fit=1000%2C604&ssl=1&resize=350%2C200","width":350,"height":200,"srcset":"https:\/\/i0.wp.com\/noticiasribeiraopreto.com.br\/wp-content\/uploads\/2023\/12\/Desonera-Lula-Marques-Ag.Br_-scaled.jpg?fit=1000%2C604&ssl=1&resize=350%2C200 1x, https:\/\/i0.wp.com\/noticiasribeiraopreto.com.br\/wp-content\/uploads\/2023\/12\/Desonera-Lula-Marques-Ag.Br_-scaled.jpg?fit=1000%2C604&ssl=1&resize=525%2C300 1.5x, https:\/\/i0.wp.com\/noticiasribeiraopreto.com.br\/wp-content\/uploads\/2023\/12\/Desonera-Lula-Marques-Ag.Br_-scaled.jpg?fit=1000%2C604&ssl=1&resize=700%2C400 2x"},"classes":[]},{"id":6349,"url":"https:\/\/noticiasribeiraopreto.com.br\/index.php\/2023\/11\/25\/lula-veta-desoneracao-da-folha-de-17-setores-da-economia\/","url_meta":{"origin":34761,"position":5},"title":"Lula veta desonera\u00e7\u00e3o da folha de 17 setores da economia","author":"noticiasribeiraopreto.com.br","date":"25 de November de 2023","format":false,"excerpt":"O presidente Luiz In\u00e1cio Lula da Silva (PT) vetou integralmente o projeto de lei que prorroga at\u00e9 31 de dezembro de 2027 a vig\u00eancia da pol\u00edtica de desonera\u00e7\u00e3o da folha de pagamentos de 17 setores econ\u00f4micos que mais empregam. A decis\u00e3o foi publicada em edi\u00e7\u00e3o extra do Di\u00e1rio Oficial da\u2026","rel":"","context":"In &quot;Not\u00edcias de Ribeir\u00e3o Preto-SP e Regi\u00e3o&quot;","block_context":{"text":"Not\u00edcias de Ribeir\u00e3o Preto-SP e Regi\u00e3o","link":"https:\/\/noticiasribeiraopreto.com.br\/index.php\/category\/noticias-de-ribeirao-preto-sp-e-regiao-ismael-colosi\/"},"img":{"alt_text":"","src":"https:\/\/i0.wp.com\/noticiasribeiraopreto.com.br\/wp-content\/uploads\/2023\/11\/desonera.jpg?fit=1161%2C699&ssl=1&resize=350%2C200","width":350,"height":200,"srcset":"https:\/\/i0.wp.com\/noticiasribeiraopreto.com.br\/wp-content\/uploads\/2023\/11\/desonera.jpg?fit=1161%2C699&ssl=1&resize=350%2C200 1x, https:\/\/i0.wp.com\/noticiasribeiraopreto.com.br\/wp-content\/uploads\/2023\/11\/desonera.jpg?fit=1161%2C699&ssl=1&resize=525%2C300 1.5x, https:\/\/i0.wp.com\/noticiasribeiraopreto.com.br\/wp-content\/uploads\/2023\/11\/desonera.jpg?fit=1161%2C699&ssl=1&resize=700%2C400 2x, https:\/\/i0.wp.com\/noticiasribeiraopreto.com.br\/wp-content\/uploads\/2023\/11\/desonera.jpg?fit=1161%2C699&ssl=1&resize=1050%2C600 3x"},"classes":[]}],"jetpack_sharing_enabled":true,"jetpack_shortlink":"https:\/\/wp.me\/peQAOb-92F","_links":{"self":[{"href":"https:\/\/noticiasribeiraopreto.com.br\/index.php\/wp-json\/wp\/v2\/posts\/34761","targetHints":{"allow":["GET"]}}],"collection":[{"href":"https:\/\/noticiasribeiraopreto.com.br\/index.php\/wp-json\/wp\/v2\/posts"}],"about":[{"href":"https:\/\/noticiasribeiraopreto.com.br\/index.php\/wp-json\/wp\/v2\/types\/post"}],"author":[{"embeddable":true,"href":"https:\/\/noticiasribeiraopreto.com.br\/index.php\/wp-json\/wp\/v2\/users\/1"}],"replies":[{"embeddable":true,"href":"https:\/\/noticiasribeiraopreto.com.br\/index.php\/wp-json\/wp\/v2\/comments?post=34761"}],"version-history":[{"count":0,"href":"https:\/\/noticiasribeiraopreto.com.br\/index.php\/wp-json\/wp\/v2\/posts\/34761\/revisions"}],"wp:featuredmedia":[{"embeddable":true,"href":"https:\/\/noticiasribeiraopreto.com.br\/index.php\/wp-json\/wp\/v2\/media\/34762"}],"wp:attachment":[{"href":"https:\/\/noticiasribeiraopreto.com.br\/index.php\/wp-json\/wp\/v2\/media?parent=34761"}],"wp:term":[{"taxonomy":"category","embeddable":true,"href":"https:\/\/noticiasribeiraopreto.com.br\/index.php\/wp-json\/wp\/v2\/categories?post=34761"},{"taxonomy":"post_tag","embeddable":true,"href":"https:\/\/noticiasribeiraopreto.com.br\/index.php\/wp-json\/wp\/v2\/tags?post=34761"}],"curies":[{"name":"wp","href":"https:\/\/api.w.org\/{rel}","templated":true}]}}