{"id":34765,"date":"2024-02-03T12:33:07","date_gmt":"2024-02-03T15:33:07","guid":{"rendered":"https:\/\/noticiasribeiraopreto.com.br\/index.php\/2024\/02\/03\/veja-a-programacao-do-sesi-ribeirao-preto-para-o-carnaval\/"},"modified":"2024-02-03T12:33:07","modified_gmt":"2024-02-03T15:33:07","slug":"veja-a-programacao-do-sesi-ribeirao-preto-para-o-carnaval","status":"publish","type":"post","link":"https:\/\/noticiasribeiraopreto.com.br\/index.php\/2024\/02\/03\/veja-a-programacao-do-sesi-ribeirao-preto-para-o-carnaval\/","title":{"rendered":"Veja a programa\u00e7\u00e3o do Sesi Ribeir\u00e3o Preto para o Carnaval"},"content":{"rendered":"<div class='code-block code-block-1' style='margin: 8px 0 8px auto; text-align: right; display: block; clear: both;'>\n<p><a href=\"https:\/\/wa.link\/vpicfd\"><img data-recalc-dims=\"1\" class=\"wp-image-4922\" style=\"aspect-ratio: 2.0253164556962027; width: 561px; height: auto;\" src=\"https:\/\/i0.wp.com\/ismaelcolosi.com.br\/wp-content\/uploads\/2023\/11\/grupo-de-empregos-whatsapp-e-facebook-ismael-colosi-vagas.jpg?ssl=1\" alt=\"\" \/><\/a><\/p>\n<!-- \/wp:image -->\n<\/div>\n<p> <br \/>\n<\/p>\n<div>\n<p>A semana de <strong>Carnaval<\/strong> do <strong><a href=\"https:\/\/www.sesisp.org.br\/\" target=\"_blank\" rel=\"noreferrer noopener\">Sesi Ribeir\u00e3o Preto<\/a><\/strong> conta com <strong>musical infantil, atra\u00e7\u00f5es musicais, desfile de fantasia e conta\u00e7\u00e3o de hist\u00f3ria<\/strong>. A programa\u00e7\u00e3o \u00e9 <strong>gratuita<\/strong> e inicia na pr\u00f3xima quinta-feira (8), confira:<\/p>\n<h4 class=\"wp-block-heading\"><strong>Musical Infantil Maria da Luz<\/strong><\/h4>\n<p>O musical infantil conta a hist\u00f3ria de um vilarejo isolado entre as montanhas da cordilheira, onde nasce uma menina com o dom de emanar luz pelos olhos. O espet\u00e1culo \u00e9 uma adapta\u00e7\u00e3o da colet\u00e2nea de contos \u201cAs Tr\u00eas Marias\u201d de Rafael Curci. <\/p>\n<p>As apresenta\u00e7\u00f5es iniciam no<strong> Teatro Sesi<\/strong> dia <strong>8 de fevereiro, quinta-feira<\/strong> e acontecem nos dias <strong>09, 10, 22, 23 e 24 de fevereiro, em hor\u00e1rios alternados<\/strong>.<\/p>\n<p>A entrada \u00e9 <strong>gratuita<\/strong> e os ingressos devem ser reservados atrav\u00e9s do site <a href=\"https:\/\/www.sesisp.org.br\/evento\/96e1a7db-521c-456f-9d7c-0ea07e40e602\/maria-da-luz\" target=\"_blank\" rel=\"noreferrer noopener\"><strong>M<\/strong><\/a><a href=\"https:\/\/www.sesisp.org.br\/evento\/96e1a7db-521c-456f-9d7c-0ea07e40e602\/maria-da-luz\"><strong>eu Sesi<\/strong><\/a>, \u00e9 recomendado que o p\u00fablico chegue 15 minutos antes do in\u00edcio do espet\u00e1culo.<\/p>\n<p><strong>Data e hor\u00e1rio:<\/strong> Quinta-feira (08) \u00e0s 15h; Sexta-feira (09) \u00e0s 09h; S\u00e1bado (10) \u00e0s 17h; Quinta-feira (22) \u00e0s 15h; Sexta-feira (23) \u00e0s 09h e S\u00e1bado (24) \u00e0s 17h.<br \/><strong>Local:<\/strong> Teatro Sesi \u2013 rua Jo\u00e3o Ignacchitti, 20-364<br \/><strong>Ingressos:<\/strong> Pelo site <a href=\"https:\/\/www.sesisp.org.br\/evento\/96e1a7db-521c-456f-9d7c-0ea07e40e602\/maria-da-luz\" target=\"_blank\" rel=\"noreferrer noopener\"><strong>Meu Sesi<\/strong><\/a>, \u00e9 recomendado que o p\u00fablico chegue 15 minutos antes.<\/p>\n<h4 class=\"wp-block-heading\"><strong>Carna Sesi<\/strong><\/h4>\n<p>No pr\u00f3ximo<strong> s\u00e1bado (10)<\/strong>, <strong>a partir das 11h<\/strong> acontece o <strong>Carna Sesi<\/strong>, com atra\u00e7\u00f5es musicais diversas, desfile de fantasia, confec\u00e7\u00e3o de m\u00e1scaras, pintura facial e muito mais.<\/p>\n<p>\u00c0s 11h, tem apresenta\u00e7\u00e3o do cantor Piquete Voz e Viol\u00e3o, pintura facial e costumiza\u00e7\u00e3o de m\u00e1scaras. \u00c0s 13h segue com o show do DJ Jonas Coutinho e desfile de fantasias. E para encerrar, a banda Pitoresco com o show Carnaval Desingebrado.<\/p>\n<p>A entrada para o evento ser\u00e1 feita atrav\u00e9s do port\u00e3o da escola na<strong> rua Jo\u00e3o Ignacchitti <\/strong>e os ingressos podem ser reservados atrav\u00e9s do <a href=\"https:\/\/www.sesisp.org.br\/evento\/8d53740e-d480-4c6b-a58f-2312a378b93b\/carna-sesi\" target=\"_blank\" rel=\"noreferrer noopener\"><strong>Meu Sesi<\/strong><\/a>.<\/p>\n<p><strong>Data e hor\u00e1rio: <\/strong>S\u00e1bado (10), a partir das 11h<br \/><strong>Local:<\/strong> Sesi Ribeir\u00e3o Preto \u2013 rua Jo\u00e3o Ignacchitti<br \/><strong>Ingressos: <\/strong>Devem ser reservados atrav\u00e9s do site<strong> <a href=\"https:\/\/www.sesisp.org.br\/evento\/8d53740e-d480-4c6b-a58f-2312a378b93b\/carna-sesi\" target=\"_blank\" rel=\"noreferrer noopener\">Meu Sesi<\/a><\/strong><\/p>\n<h4 class=\"wp-block-heading\"><strong>Conta\u00e7\u00e3o de Hist\u00f3ria<\/strong><\/h4>\n<p>No <strong>domingo (11)<\/strong>, \u00e0s <strong>16h <\/strong>acontece a conta\u00e7\u00e3o de hist\u00f3ria infanto-juvenil \u201c<strong>A Princesa Sabe-Tudo<\/strong>\u201d. Conta a hist\u00f3ria de uma princesa que n\u00e3o quer se casar e para escapar dos pretendentes cria algumas armadilhas divertidas at\u00e9 conquistar o desejo de ser uma acad\u00eamica.<\/p>\n<p>A hist\u00f3ria permite criar um di\u00e1logo sobre a import\u00e2ncia do empoderamento feminino no cotidiano.<\/p>\n<p>A <strong>classifica\u00e7\u00e3o indicativa<\/strong> \u00e9 de<strong> 6 a 12 anos<\/strong>. Os ingressos podem ser reservados atrav\u00e9s do <strong><a href=\"https:\/\/www.sesisp.org.br\/evento\/2369416f-5497-4a18-9c25-48194107e2c9\/a-princesa-sabe-tudo\" target=\"_blank\" rel=\"noreferrer noopener\">Meu Sesi<\/a><\/strong>, \u00e9 recomendado que o p\u00fablico chegue at\u00e9 15 minutos antes do espet\u00e1culo.<\/p>\n<p><strong>Data e hor\u00e1rio: <\/strong>domingo, 11 de fevereiro \u00e0s 16h<br \/><strong>Classifica\u00e7\u00e3o indicativa:<\/strong> 6 a 12 anos<br \/><strong>Local:<\/strong> Sesi Ribeir\u00e3o Preto \u2013 rua Jo\u00e3o Ignacchitti<br \/><strong>Ingressos:<\/strong> Reservas pelo site<strong> <a href=\"https:\/\/www.sesisp.org.br\/evento\/2369416f-5497-4a18-9c25-48194107e2c9\/a-princesa-sabe-tudo\" target=\"_blank\" rel=\"noreferrer noopener\">Meu Sesi<\/a><\/strong>, \u00e9 recomendado que o p\u00fablico chegue at\u00e9 15 minutos antes do espet\u00e1culo.<\/p>\n<p>SAIBA MAIS<br \/>Come\u00e7a venda de ingressos para o show de Di Ferrero em Ribeir\u00e3o Preto<\/p>\n<h4 class=\"wp-block-heading\"><strong>FIQUE ON<\/strong><\/h4>\n<p>Fique ligado em tudo que acontece em Ribeir\u00e3o Preto e regi\u00e3o. Siga os perfis do acidade on no <a href=\"https:\/\/www.instagram.com\/acidadeonribeirao\" target=\"_blank\" rel=\"noreferrer noopener\">Instagram<\/a> e no <a href=\"https:\/\/www.facebook.com\/acidadeonribeirao\" target=\"_blank\" rel=\"noreferrer noopener\">Facebook<\/a>.<\/p>\n<p>Receba not\u00edcias do acidade on no WhatsApp. Para entrar no grupo, basta <a href=\"https:\/\/chat.whatsapp.com\/Bnv2w66ZT4VDyZW3oiZ69n\" target=\"_blank\" rel=\"noreferrer noopener\">clicar aqui<\/a>.<\/p>\n<p>Fa\u00e7a uma den\u00fancia ou sugira uma reportagem sobre Ribeir\u00e3o Preto e regi\u00e3o pelo WhatsApp: 16 99117 7802.<\/p>\n<p>VEJA TAMB\u00c9M<br \/>BBB 24: Lucas Henrique \u00e9 exonerado do cargo de professor<\/p>\n<p><!-- AI CONTENT END 1 -->\n<\/div>\n<p><script async src=\"\/\/www.instagram.com\/embed.js\"><\/script><br \/>\n<br \/><br \/>\n<br \/><a href=\"https:\/\/www.acidadeon.com\/ribeiraopreto\/lazer-e-cultura\/veja-programacao-do-sesi-ribeirao-preto-para-o-carnaval\/\">Source link <\/a><\/p>\n<!-- CONTENT END 1 -->\n","protected":false},"excerpt":{"rendered":"<p>A semana de Carnaval do Sesi Ribeir\u00e3o Preto conta com musical infantil, atra\u00e7\u00f5es musicais, desfile de fantasia e conta\u00e7\u00e3o de hist\u00f3ria. A programa\u00e7\u00e3o \u00e9 gratuita&#8230;<\/p>\n","protected":false},"author":1,"featured_media":34766,"comment_status":"open","ping_status":"open","sticky":false,"template":"","format":"standard","meta":{"advanced_seo_description":"","jetpack_seo_html_title":"","jetpack_seo_noindex":false,"jetpack_post_was_ever_published":false,"_jetpack_newsletter_access":"","_jetpack_dont_email_post_to_subs":false,"_jetpack_newsletter_tier_id":0,"_jetpack_memberships_contains_paywalled_content":false,"_jetpack_memberships_contains_paid_content":false,"footnotes":"","jetpack_publicize_message":"","jetpack_publicize_feature_enabled":true,"jetpack_social_post_already_shared":true,"jetpack_social_options":{"image_generator_settings":{"template":"highway","default_image_id":0,"font":"","enabled":false},"version":2}},"categories":[11],"tags":[],"class_list":["post-34765","post","type-post","status-publish","format-standard","has-post-thumbnail","hentry","category-noticias-de-ribeirao-preto-sp-e-regiao-ismael-colosi"],"jetpack_publicize_connections":[],"jetpack_featured_media_url":"https:\/\/i0.wp.com\/noticiasribeiraopreto.com.br\/wp-content\/uploads\/2024\/02\/WhatsApp-Image-2024-02-03-at-11.09.35.jpeg?fit=1600%2C971&ssl=1","jetpack-related-posts":[{"id":36474,"url":"https:\/\/noticiasribeiraopreto.com.br\/index.php\/2024\/02\/09\/confira-a-programacao-de-carnaval-em-ribeirao-preto-neste-sabado\/","url_meta":{"origin":34765,"position":0},"title":"Confira a programa\u00e7\u00e3o de Carnaval em Ribeir\u00e3o Preto neste s\u00e1bado","author":"noticiasribeiraopreto.com.br","date":"9 de February de 2024","format":false,"excerpt":"Ribeir\u00e3o Preto se prepara para o final de semana de Carnaval com diversas op\u00e7\u00f5es de lazer, atividades tem\u00e1ticas, blocos e mais. Confira o que \u00e9 destaque na programa\u00e7\u00e3o de Carnaval neste s\u00e1bado (10): Shoppings em Ribeir\u00e3o e Franca A partir do deste s\u00e1bado (10), os shoppings de Ribeir\u00e3o Preto e\u2026","rel":"","context":"In &quot;Not\u00edcias de Ribeir\u00e3o Preto-SP e Regi\u00e3o&quot;","block_context":{"text":"Not\u00edcias de Ribeir\u00e3o Preto-SP e Regi\u00e3o","link":"https:\/\/noticiasribeiraopreto.com.br\/index.php\/category\/noticias-de-ribeirao-preto-sp-e-regiao-ismael-colosi\/"},"img":{"alt_text":"","src":"https:\/\/i0.wp.com\/noticiasribeiraopreto.com.br\/wp-content\/uploads\/2024\/02\/Capturar-6.jpg?fit=935%2C621&ssl=1&resize=350%2C200","width":350,"height":200,"srcset":"https:\/\/i0.wp.com\/noticiasribeiraopreto.com.br\/wp-content\/uploads\/2024\/02\/Capturar-6.jpg?fit=935%2C621&ssl=1&resize=350%2C200 1x, https:\/\/i0.wp.com\/noticiasribeiraopreto.com.br\/wp-content\/uploads\/2024\/02\/Capturar-6.jpg?fit=935%2C621&ssl=1&resize=525%2C300 1.5x, https:\/\/i0.wp.com\/noticiasribeiraopreto.com.br\/wp-content\/uploads\/2024\/02\/Capturar-6.jpg?fit=935%2C621&ssl=1&resize=700%2C400 2x"},"classes":[]},{"id":63643,"url":"https:\/\/noticiasribeiraopreto.com.br\/index.php\/2025\/02\/18\/sesi-ribeirao-preto-apresenta-programacao-gratuita-de-pre-carnaval-confira\/","url_meta":{"origin":34765,"position":1},"title":"Sesi Ribeir\u00e3o Preto apresenta programa\u00e7\u00e3o gratuita de pr\u00e9-Carnaval; confira","author":"noticiasribeiraopreto.com.br","date":"18 de February de 2025","format":false,"excerpt":"O Sesi Ribeir\u00e3o Preto recebe nos dias 22 e 23 de fevereiro, das 11h \u00e0s 16h, uma programa\u00e7\u00e3o especial e gratuita de Carnaval. Entre as atividades est\u00e3o shows, brincadeiras carnavalescas e desfile de fantasias. Os ingressos devem ser reservados pelo site Meu Sesi. Shows Nas duas datas, a programa\u00e7\u00e3o inicia\u2026","rel":"","context":"In &quot;Not\u00edcias de Ribeir\u00e3o Preto-SP e Regi\u00e3o&quot;","block_context":{"text":"Not\u00edcias de Ribeir\u00e3o Preto-SP e Regi\u00e3o","link":"https:\/\/noticiasribeiraopreto.com.br\/index.php\/category\/noticias-de-ribeirao-preto-sp-e-regiao-ismael-colosi\/"},"img":{"alt_text":"","src":"https:\/\/i0.wp.com\/noticiasribeiraopreto.com.br\/wp-content\/uploads\/2025\/02\/a202a17f-c5fe-4a8c-b94e-65dd3de8c395_2025-02-18_16-29-22_jpg_2025-02-18_16-29-22-scaled.webp.webp?fit=1200%2C979&ssl=1&resize=350%2C200","width":350,"height":200,"srcset":"https:\/\/i0.wp.com\/noticiasribeiraopreto.com.br\/wp-content\/uploads\/2025\/02\/a202a17f-c5fe-4a8c-b94e-65dd3de8c395_2025-02-18_16-29-22_jpg_2025-02-18_16-29-22-scaled.webp.webp?fit=1200%2C979&ssl=1&resize=350%2C200 1x, https:\/\/i0.wp.com\/noticiasribeiraopreto.com.br\/wp-content\/uploads\/2025\/02\/a202a17f-c5fe-4a8c-b94e-65dd3de8c395_2025-02-18_16-29-22_jpg_2025-02-18_16-29-22-scaled.webp.webp?fit=1200%2C979&ssl=1&resize=525%2C300 1.5x, https:\/\/i0.wp.com\/noticiasribeiraopreto.com.br\/wp-content\/uploads\/2025\/02\/a202a17f-c5fe-4a8c-b94e-65dd3de8c395_2025-02-18_16-29-22_jpg_2025-02-18_16-29-22-scaled.webp.webp?fit=1200%2C979&ssl=1&resize=700%2C400 2x, https:\/\/i0.wp.com\/noticiasribeiraopreto.com.br\/wp-content\/uploads\/2025\/02\/a202a17f-c5fe-4a8c-b94e-65dd3de8c395_2025-02-18_16-29-22_jpg_2025-02-18_16-29-22-scaled.webp.webp?fit=1200%2C979&ssl=1&resize=1050%2C600 3x"},"classes":[]},{"id":35682,"url":"https:\/\/noticiasribeiraopreto.com.br\/index.php\/2024\/02\/07\/musical-infantil-maria-da-luz-estreia-no-sesi-de-rp\/","url_meta":{"origin":34765,"position":2},"title":"Musical infantil &#8220;Maria da Luz&#8221; estreia no SESI de RP","author":"noticiasribeiraopreto.com.br","date":"7 de February de 2024","format":false,"excerpt":"6 de fevereiro de 2024 | 15:51 0De repente, a escurid\u00e3o! E qual o rem\u00e9dio para tirar um pequeno vilarejo localizado nas cordilheiras desse tamanho breu? Apenas um: contar com o apoio de uma menina que emana luz pelos olhos. Mergulhado nesse tom de realismo fant\u00e1stico, recontado em cena a\u2026","rel":"","context":"In &quot;Not\u00edcias de Ribeir\u00e3o Preto-SP e Regi\u00e3o&quot;","block_context":{"text":"Not\u00edcias de Ribeir\u00e3o Preto-SP e Regi\u00e3o","link":"https:\/\/noticiasribeiraopreto.com.br\/index.php\/category\/noticias-de-ribeirao-preto-sp-e-regiao-ismael-colosi\/"},"img":{"alt_text":"","src":"https:\/\/i0.wp.com\/noticiasribeiraopreto.com.br\/wp-content\/uploads\/2024\/02\/maria-da-luz_cia-dos-naufragos_credito-Marcel-Vecchia_divulgacao_2-1-scaled.jpg?fit=967%2C645&ssl=1&resize=350%2C200","width":350,"height":200,"srcset":"https:\/\/i0.wp.com\/noticiasribeiraopreto.com.br\/wp-content\/uploads\/2024\/02\/maria-da-luz_cia-dos-naufragos_credito-Marcel-Vecchia_divulgacao_2-1-scaled.jpg?fit=967%2C645&ssl=1&resize=350%2C200 1x, https:\/\/i0.wp.com\/noticiasribeiraopreto.com.br\/wp-content\/uploads\/2024\/02\/maria-da-luz_cia-dos-naufragos_credito-Marcel-Vecchia_divulgacao_2-1-scaled.jpg?fit=967%2C645&ssl=1&resize=525%2C300 1.5x, https:\/\/i0.wp.com\/noticiasribeiraopreto.com.br\/wp-content\/uploads\/2024\/02\/maria-da-luz_cia-dos-naufragos_credito-Marcel-Vecchia_divulgacao_2-1-scaled.jpg?fit=967%2C645&ssl=1&resize=700%2C400 2x"},"classes":[]},{"id":78130,"url":"https:\/\/noticiasribeiraopreto.com.br\/index.php\/2025\/10\/02\/programacao-do-sesi-ribeirao-preto-conta-com-show-de-rock-e-espetaculo-infantil-confira\/","url_meta":{"origin":34765,"position":3},"title":"Programa\u00e7\u00e3o do Sesi Ribeir\u00e3o Preto conta com show de rock e espet\u00e1culo infantil; confira","author":"noticiasribeiraopreto.com.br","date":"2 de October de 2025","format":false,"excerpt":"O Sesi Ribeir\u00e3o Preto oferece uma agenda cultural gratuita para a primeira semana de outubro. Na quinta-feira (2) o p\u00fablico poder\u00e1 acompanhar um show de rock, e no domingo (5) a atra\u00e7\u00e3o \u00e9 para as crian\u00e7as, com espet\u00e1culo infantil. As atividades s\u00e3o gratuitas e abertas ao p\u00fablico. Para participar, basta\u2026","rel":"","context":"In &quot;Not\u00edcias de Ribeir\u00e3o Preto-SP e Regi\u00e3o&quot;","block_context":{"text":"Not\u00edcias de Ribeir\u00e3o Preto-SP e Regi\u00e3o","link":"https:\/\/noticiasribeiraopreto.com.br\/index.php\/category\/noticias-de-ribeirao-preto-sp-e-regiao-ismael-colosi\/"},"img":{"alt_text":"","src":"https:\/\/i0.wp.com\/noticiasribeiraopreto.com.br\/wp-content\/uploads\/2025\/10\/197a0705-be9a-47b3-87db-8d69277bd4f4_2025-10-02_15-14-09.webp.webp?fit=1200%2C800&ssl=1&resize=350%2C200","width":350,"height":200,"srcset":"https:\/\/i0.wp.com\/noticiasribeiraopreto.com.br\/wp-content\/uploads\/2025\/10\/197a0705-be9a-47b3-87db-8d69277bd4f4_2025-10-02_15-14-09.webp.webp?fit=1200%2C800&ssl=1&resize=350%2C200 1x, https:\/\/i0.wp.com\/noticiasribeiraopreto.com.br\/wp-content\/uploads\/2025\/10\/197a0705-be9a-47b3-87db-8d69277bd4f4_2025-10-02_15-14-09.webp.webp?fit=1200%2C800&ssl=1&resize=525%2C300 1.5x, https:\/\/i0.wp.com\/noticiasribeiraopreto.com.br\/wp-content\/uploads\/2025\/10\/197a0705-be9a-47b3-87db-8d69277bd4f4_2025-10-02_15-14-09.webp.webp?fit=1200%2C800&ssl=1&resize=700%2C400 2x, https:\/\/i0.wp.com\/noticiasribeiraopreto.com.br\/wp-content\/uploads\/2025\/10\/197a0705-be9a-47b3-87db-8d69277bd4f4_2025-10-02_15-14-09.webp.webp?fit=1200%2C800&ssl=1&resize=1050%2C600 3x"},"classes":[]},{"id":40716,"url":"https:\/\/noticiasribeiraopreto.com.br\/index.php\/2024\/03\/05\/sesi-divulga-programacao-gratuita-de-teatro-em-ribeirao-preto-confira\/","url_meta":{"origin":34765,"position":4},"title":"Sesi divulga programa\u00e7\u00e3o gratuita de teatro em Ribeir\u00e3o Preto; Confira","author":"noticiasribeiraopreto.com.br","date":"5 de March de 2024","format":false,"excerpt":"O Sesi anunciou a programa\u00e7\u00e3o gratuita de teatro para o pr\u00f3ximo final de semana, em Ribeir\u00e3o Preto. Conta\u00e7\u00e3o de hist\u00f3ria e musical infantil ser\u00e3o apresentados no Teatro Sesi. Confira: A partir de sexta-feira (8), o grupo Teatro D\u2019Aldeia apresenta a pe\u00e7a musical \u201cThe Bichos\u201d em dois finais de semana. Os\u2026","rel":"","context":"In &quot;Not\u00edcias de Ribeir\u00e3o Preto-SP e Regi\u00e3o&quot;","block_context":{"text":"Not\u00edcias de Ribeir\u00e3o Preto-SP e Regi\u00e3o","link":"https:\/\/noticiasribeiraopreto.com.br\/index.php\/category\/noticias-de-ribeirao-preto-sp-e-regiao-ismael-colosi\/"},"img":{"alt_text":"","src":"https:\/\/i0.wp.com\/noticiasribeiraopreto.com.br\/wp-content\/uploads\/2024\/03\/AnyConv.com__The-Bichos_Foto01-scaled.webp.webp?fit=1200%2C800&ssl=1&resize=350%2C200","width":350,"height":200,"srcset":"https:\/\/i0.wp.com\/noticiasribeiraopreto.com.br\/wp-content\/uploads\/2024\/03\/AnyConv.com__The-Bichos_Foto01-scaled.webp.webp?fit=1200%2C800&ssl=1&resize=350%2C200 1x, https:\/\/i0.wp.com\/noticiasribeiraopreto.com.br\/wp-content\/uploads\/2024\/03\/AnyConv.com__The-Bichos_Foto01-scaled.webp.webp?fit=1200%2C800&ssl=1&resize=525%2C300 1.5x, https:\/\/i0.wp.com\/noticiasribeiraopreto.com.br\/wp-content\/uploads\/2024\/03\/AnyConv.com__The-Bichos_Foto01-scaled.webp.webp?fit=1200%2C800&ssl=1&resize=700%2C400 2x, https:\/\/i0.wp.com\/noticiasribeiraopreto.com.br\/wp-content\/uploads\/2024\/03\/AnyConv.com__The-Bichos_Foto01-scaled.webp.webp?fit=1200%2C800&ssl=1&resize=1050%2C600 3x"},"classes":[]},{"id":39112,"url":"https:\/\/noticiasribeiraopreto.com.br\/index.php\/2024\/02\/23\/confira-as-opcoes-para-aproveitar-o-ultimo-final-de-semana-de-fevereiro-em-ribeirao-preto\/","url_meta":{"origin":34765,"position":5},"title":"Confira as op\u00e7\u00f5es para aproveitar o \u00faltimo final de semana de fevereiro em Ribeir\u00e3o Preto","author":"noticiasribeiraopreto.com.br","date":"23 de February de 2024","format":false,"excerpt":"Para aproveitar o \u00faltimo final de semana de fevereiro, Ribeir\u00e3o Preto oferece uma programa\u00e7\u00e3o diversificada para se divertir com fam\u00edlia e amigos. Entre as op\u00e7\u00f5es tem pe\u00e7as de teatros, shows e mais. Confira: Teatro Minaz Na sexta-feira (23), o Teatro Minaz recebe duas sess\u00f5es do espet\u00e1culo Candlelight: Tributo a Coldplay,\u2026","rel":"","context":"In &quot;Not\u00edcias de Ribeir\u00e3o Preto-SP e Regi\u00e3o&quot;","block_context":{"text":"Not\u00edcias de Ribeir\u00e3o Preto-SP e Regi\u00e3o","link":"https:\/\/noticiasribeiraopreto.com.br\/index.php\/category\/noticias-de-ribeirao-preto-sp-e-regiao-ismael-colosi\/"},"img":{"alt_text":"","src":"https:\/\/i0.wp.com\/noticiasribeiraopreto.com.br\/wp-content\/uploads\/2024\/02\/thumbnail_maria-da-luz_cia-dos-naufragos_credito-Marcel-Vecchia_divulgacao_2-1-1.jpg?fit=1200%2C800&ssl=1&resize=350%2C200","width":350,"height":200,"srcset":"https:\/\/i0.wp.com\/noticiasribeiraopreto.com.br\/wp-content\/uploads\/2024\/02\/thumbnail_maria-da-luz_cia-dos-naufragos_credito-Marcel-Vecchia_divulgacao_2-1-1.jpg?fit=1200%2C800&ssl=1&resize=350%2C200 1x, https:\/\/i0.wp.com\/noticiasribeiraopreto.com.br\/wp-content\/uploads\/2024\/02\/thumbnail_maria-da-luz_cia-dos-naufragos_credito-Marcel-Vecchia_divulgacao_2-1-1.jpg?fit=1200%2C800&ssl=1&resize=525%2C300 1.5x, https:\/\/i0.wp.com\/noticiasribeiraopreto.com.br\/wp-content\/uploads\/2024\/02\/thumbnail_maria-da-luz_cia-dos-naufragos_credito-Marcel-Vecchia_divulgacao_2-1-1.jpg?fit=1200%2C800&ssl=1&resize=700%2C400 2x, https:\/\/i0.wp.com\/noticiasribeiraopreto.com.br\/wp-content\/uploads\/2024\/02\/thumbnail_maria-da-luz_cia-dos-naufragos_credito-Marcel-Vecchia_divulgacao_2-1-1.jpg?fit=1200%2C800&ssl=1&resize=1050%2C600 3x"},"classes":[]}],"jetpack_sharing_enabled":true,"jetpack_shortlink":"https:\/\/wp.me\/peQAOb-92J","_links":{"self":[{"href":"https:\/\/noticiasribeiraopreto.com.br\/index.php\/wp-json\/wp\/v2\/posts\/34765","targetHints":{"allow":["GET"]}}],"collection":[{"href":"https:\/\/noticiasribeiraopreto.com.br\/index.php\/wp-json\/wp\/v2\/posts"}],"about":[{"href":"https:\/\/noticiasribeiraopreto.com.br\/index.php\/wp-json\/wp\/v2\/types\/post"}],"author":[{"embeddable":true,"href":"https:\/\/noticiasribeiraopreto.com.br\/index.php\/wp-json\/wp\/v2\/users\/1"}],"replies":[{"embeddable":true,"href":"https:\/\/noticiasribeiraopreto.com.br\/index.php\/wp-json\/wp\/v2\/comments?post=34765"}],"version-history":[{"count":0,"href":"https:\/\/noticiasribeiraopreto.com.br\/index.php\/wp-json\/wp\/v2\/posts\/34765\/revisions"}],"wp:featuredmedia":[{"embeddable":true,"href":"https:\/\/noticiasribeiraopreto.com.br\/index.php\/wp-json\/wp\/v2\/media\/34766"}],"wp:attachment":[{"href":"https:\/\/noticiasribeiraopreto.com.br\/index.php\/wp-json\/wp\/v2\/media?parent=34765"}],"wp:term":[{"taxonomy":"category","embeddable":true,"href":"https:\/\/noticiasribeiraopreto.com.br\/index.php\/wp-json\/wp\/v2\/categories?post=34765"},{"taxonomy":"post_tag","embeddable":true,"href":"https:\/\/noticiasribeiraopreto.com.br\/index.php\/wp-json\/wp\/v2\/tags?post=34765"}],"curies":[{"name":"wp","href":"https:\/\/api.w.org\/{rel}","templated":true}]}}