{"id":34776,"date":"2024-02-03T13:14:33","date_gmt":"2024-02-03T16:14:33","guid":{"rendered":"https:\/\/noticiasribeiraopreto.com.br\/index.php\/2024\/02\/03\/producao-industrial-cresce-02-em-2023\/"},"modified":"2024-02-03T13:14:33","modified_gmt":"2024-02-03T16:14:33","slug":"producao-industrial-cresce-02-em-2023","status":"publish","type":"post","link":"https:\/\/noticiasribeiraopreto.com.br\/index.php\/2024\/02\/03\/producao-industrial-cresce-02-em-2023\/","title":{"rendered":"Produ\u00e7\u00e3o industrial cresce 0,2% em 2023\u00a0"},"content":{"rendered":"<div class='code-block code-block-1' style='margin: 8px 0 8px auto; text-align: right; display: block; clear: both;'>\n<p><a href=\"https:\/\/wa.link\/vpicfd\"><img data-recalc-dims=\"1\" class=\"wp-image-4922\" style=\"aspect-ratio: 2.0253164556962027; width: 561px; height: auto;\" src=\"https:\/\/i0.wp.com\/ismaelcolosi.com.br\/wp-content\/uploads\/2023\/11\/grupo-de-empregos-whatsapp-e-facebook-ismael-colosi-vagas.jpg?ssl=1\" alt=\"\" \/><\/a><\/p>\n<!-- \/wp:image -->\n<\/div>\n<p> <br \/>\n<\/p>\n<div id=\"\">\n<p> <span class=\"entry-meta-item penci-posted-on\"><i class=\"fa fa-clock-o\"\/><time class=\"entry-date published\" datetime=\"2024-02-03T13:00:20-03:00\">3 de fevereiro de 2024 | 13:00<\/time><time class=\"updated\" datetime=\"2024-02-02T21:02:47-03:00\">2 de fevereiro de 2024 | 21:02<\/time><\/span><\/p>\n<p> <span class=\"penci-social-buttons penci-social-share-footer\"><a href=\"#\" class=\"penci-post-like penci_post-meta_item  single-like-button penci-social-item like\" data-post_id=\"372450\" title=\"Like\" data-like=\"Like\" data-unlike=\"Unlike\"><i class=\"fa fa-thumbs-o-up\"\/><span class=\"penci-share-number\">0<\/span><\/a><i class=\"fa fa-facebook\"\/><a class=\"penci-social-item twitter\" target=\"_blank\" rel=\"noopener\" title=\"\" href=\"https:\/\/twitter.com\/intent\/tweet?text=Produ\u00e7\u00e3o%20industrial%20cresce%200,2%20em%202023\u00a0%20-%20https:\/\/www.tribunaribeirao.com.br\/site\/producao-industrial-cresce-02-em-2023\/\"><i class=\"fa fa-twitter\"\/><\/a><i class=\"fa fa-whatsapp\"\/><\/span><\/div>\n<div>\n<p><span class=\"TextRun SCXW66702533 BCX0\" lang=\"PT-BR\" xml:lang=\"PT-BR\" data-contrast=\"auto\"><span class=\"NormalTextRun SCXW66702533 BCX0\">A produ\u00e7\u00e3o industrial do pa\u00eds teve alta de 1,1% em dezembro, sendo o quinto m\u00eas seguido com resultado positivo. Assim, a ind\u00fastria brasileira fecha 2023 com alta de 0,2%. <\/span><span class=\"NormalTextRun SCXW66702533 BCX0\">No ano anterior<\/span><span class=\"NormalTextRun SCXW66702533 BCX0\">, o resultado tinha sido queda de 0,7%. Os dados foram divulgados nesta sexta-feira<\/span><span class=\"NormalTextRun SCXW66702533 BCX0\">, 2 de fevereiro, <\/span><span class=\"NormalTextRun SCXW66702533 BCX0\">pela Pesquisa Industrial Mensal (PIM), do Instituto Brasileiro de Geografia e Estat\u00edstica (IBGE).<\/span><\/span><span class=\"LineBreakBlob BlobObject DragDrop SCXW66702533 BCX0\"><span class=\"SCXW66702533 BCX0\">\u00a0<\/span><br class=\"SCXW66702533 BCX0\"\/><\/span><span class=\"LineBreakBlob BlobObject DragDrop SCXW66702533 BCX0\"><span class=\"SCXW66702533 BCX0\">\u00a0<\/span><br class=\"SCXW66702533 BCX0\"\/><\/span><span class=\"TextRun SCXW66702533 BCX0\" lang=\"PT-BR\" xml:lang=\"PT-BR\" data-contrast=\"auto\"><span class=\"NormalTextRun SCXW66702533 BCX0\">O resultado ajuda a colocar a produ\u00e7\u00e3o das f\u00e1bricas no patamar superior ao per\u00edodo da <\/span><span class=\"NormalTextRun SpellingErrorV2Themed SCXW66702533 BCX0\">pr\u00e9<\/span><span class=\"NormalTextRun SCXW66702533 BCX0\">-pandemia, 0,7% acima de fevereiro de 2020. Por\u00e9m, o setor produtivo est\u00e1 ainda 16,3% abaixo do maior n\u00edvel j\u00e1 registrado em maio de 2011.<\/span> <span class=\"NormalTextRun SCXW66702533 BCX0\">Apesar de o ano passado ter terminado no campo positivo, somente nove dos 25 ramos pesquisados mostraram crescimento na produ\u00e7\u00e3o. <\/span><\/span><span class=\"LineBreakBlob BlobObject DragDrop SCXW66702533 BCX0\"><span class=\"SCXW66702533 BCX0\">\u00a0<\/span><br class=\"SCXW66702533 BCX0\"\/><\/span><span class=\"LineBreakBlob BlobObject DragDrop SCXW66702533 BCX0\"><span class=\"SCXW66702533 BCX0\">\u00a0<\/span><br class=\"SCXW66702533 BCX0\"\/><\/span><span class=\"TextRun SCXW66702533 BCX0\" lang=\"PT-BR\" xml:lang=\"PT-BR\" data-contrast=\"auto\"><span class=\"NormalTextRun SCXW66702533 BCX0\">Os destaques positivos foram registrados por ind\u00fastrias extrativas, produtos derivados de petr\u00f3leo e biocombust\u00edveis e produtos aliment\u00edcios.<\/span> <span class=\"NormalTextRun SCXW66702533 BCX0\">Entre as atividades com indicadores negativos destacam-se ve\u00edculos automotores, produtos qu\u00edmicos, m\u00e1quinas e equipamentos, m\u00e1quinas, aparelhos e materiais el\u00e9tricos e equipamentos de inform\u00e1tica, produtos eletr\u00f4nicos e \u00f3pticos.<\/span><\/span><span class=\"LineBreakBlob BlobObject DragDrop SCXW66702533 BCX0\"><span class=\"SCXW66702533 BCX0\">\u00a0<\/span><br class=\"SCXW66702533 BCX0\"\/><\/span><span class=\"LineBreakBlob BlobObject DragDrop SCXW66702533 BCX0\"><span class=\"SCXW66702533 BCX0\">\u00a0<\/span><br class=\"SCXW66702533 BCX0\"\/><\/span><span class=\"TextRun SCXW66702533 BCX0\" lang=\"PT-BR\" xml:lang=\"PT-BR\" data-contrast=\"auto\"><span class=\"NormalTextRun SCXW66702533 BCX0\">A <\/span><span class=\"NormalTextRun SCXW66702533 BCX0\">p<\/span><span class=\"NormalTextRun SCXW66702533 BCX0\">esquisa registrou avan\u00e7o em 14 dos 25 ramos industriais analisados em dezembro ante novembro de 2023.<\/span> <span class=\"NormalTextRun SCXW66702533 BCX0\">Em compara\u00e7\u00e3o a dezembro de 2022, houve avan\u00e7o de 13 dos 25 ramos.<\/span><span class=\"NormalTextRun SCXW66702533 BCX0\"> A<\/span> <span class=\"NormalTextRun SCXW66702533 BCX0\">produ\u00e7\u00e3o da ind\u00fastria de bens de capital caiu 1,20% em dezembro ante novembro. Na compara\u00e7\u00e3o com dezembro de 2022, o indicador recuou 15,90%.<\/span> <\/span><span class=\"LineBreakBlob BlobObject DragDrop SCXW66702533 BCX0\"><span class=\"SCXW66702533 BCX0\">\u00a0<\/span><br class=\"SCXW66702533 BCX0\"\/><\/span><span class=\"LineBreakBlob BlobObject DragDrop SCXW66702533 BCX0\"><span class=\"SCXW66702533 BCX0\">\u00a0<\/span><br class=\"SCXW66702533 BCX0\"\/><\/span><span class=\"TextRun SCXW66702533 BCX0\" lang=\"PT-BR\" xml:lang=\"PT-BR\" data-contrast=\"auto\"><span class=\"NormalTextRun SCXW66702533 BCX0\">Em rela\u00e7\u00e3o aos bens de consumo, a produ\u00e7\u00e3o registrou alta de 1,30% na passagem de novembro para dezembro. Na compara\u00e7\u00e3o com dezembro de 2022, houve recuo de 0,40%.<\/span> <span class=\"NormalTextRun SCXW66702533 BCX0\">Na categoria de bens de consumo dur\u00e1veis, a produ\u00e7\u00e3o subiu 6,30% em dezembro ante novembro. Em rela\u00e7\u00e3o a dezembro de 2022, houve queda de 0,90%<\/span><span class=\"NormalTextRun SCXW66702533 BCX0\">, segundo a pesquisa do IBGE<\/span><span class=\"NormalTextRun SCXW66702533 BCX0\">.<\/span> <\/span><span class=\"LineBreakBlob BlobObject DragDrop SCXW66702533 BCX0\"><span class=\"SCXW66702533 BCX0\">\u00a0<\/span><br class=\"SCXW66702533 BCX0\"\/><\/span><span class=\"LineBreakBlob BlobObject DragDrop SCXW66702533 BCX0\"><span class=\"SCXW66702533 BCX0\">\u00a0<\/span><br class=\"SCXW66702533 BCX0\"\/><\/span><span class=\"TextRun SCXW66702533 BCX0\" lang=\"PT-BR\" xml:lang=\"PT-BR\" data-contrast=\"auto\"><span class=\"NormalTextRun SCXW66702533 BCX0\">Entre os semidur\u00e1veis e os n\u00e3o dur\u00e1veis, houve alta de 0,10% na produ\u00e7\u00e3o em dezembro ante novembro. Na compara\u00e7\u00e3o com dezembro de 2022, a produ\u00e7\u00e3o caiu 0,30%.<\/span> <span class=\"NormalTextRun SCXW66702533 BCX0\">Para os bens intermedi\u00e1rios, a produ\u00e7\u00e3o subiu 1,30% em dezembro ante novembro. Em rela\u00e7\u00e3o a dezembro de 2022, houve alta de <\/span><span class=\"NormalTextRun SCXW66702533 BCX0\">3,70%.<\/span><\/span><span class=\"LineBreakBlob BlobObject DragDrop SCXW66702533 BCX0\"><span class=\"SCXW66702533 BCX0\">\u00a0<\/span><br class=\"SCXW66702533 BCX0\"\/><\/span><span class=\"LineBreakBlob BlobObject DragDrop SCXW66702533 BCX0\"><span class=\"SCXW66702533 BCX0\">\u00a0<\/span><br class=\"SCXW66702533 BCX0\"\/><\/span><span class=\"TextRun SCXW66702533 BCX0\" lang=\"PT-BR\" xml:lang=\"PT-BR\" data-contrast=\"auto\"><span class=\"NormalTextRun SCXW66702533 BCX0\">Semestres distintos \u2013 <\/span><\/span><span class=\"TextRun SCXW66702533 BCX0\" lang=\"PT-BR\" xml:lang=\"PT-BR\" data-contrast=\"auto\"><span class=\"NormalTextRun SCXW66702533 BCX0\">Segundo o gerente da pesquisa, Andr\u00e9 Macedo, 2023 foi marcado por dois per\u00edodos distintos. O primeiro semestre teve um comportamento predominantemente negativo da ind\u00fastria geral, com uma queda de 0,3%. J\u00e1 no segundo semestre houve uma melhora de ritmo na produ\u00e7\u00e3o industrial, resultando num crescimento de 0,5%.<\/span><\/span><span class=\"LineBreakBlob BlobObject DragDrop SCXW66702533 BCX0\"><span class=\"SCXW66702533 BCX0\">\u00a0<\/span><br class=\"SCXW66702533 BCX0\"\/><\/span><span class=\"LineBreakBlob BlobObject DragDrop SCXW66702533 BCX0\"><span class=\"SCXW66702533 BCX0\">\u00a0<\/span><br class=\"SCXW66702533 BCX0\"\/><\/span><span class=\"TextRun SCXW66702533 BCX0\" lang=\"PT-BR\" xml:lang=\"PT-BR\" data-contrast=\"auto\"><span class=\"NormalTextRun SCXW66702533 BCX0\">\u201cIsso tamb\u00e9m fica muito vis\u00edvel quando observamos o indicador m\u00eas contra m\u00eas imediatamente anterior, com cinco meses de taxas positivas consecutivas, culminando com a expans\u00e3o de 1,1% em dezembro. Com isso, o acumulado do ano, que ficou negativo uma boa parte de 2023, passou para o campo positivo\u201d, observa.<\/span><\/span><span class=\"LineBreakBlob BlobObject DragDrop SCXW66702533 BCX0\"><span class=\"SCXW66702533 BCX0\">\u00a0<\/span><br class=\"SCXW66702533 BCX0\"\/><\/span><span class=\"LineBreakBlob BlobObject DragDrop SCXW66702533 BCX0\"><span class=\"SCXW66702533 BCX0\">\u00a0<\/span><br class=\"SCXW66702533 BCX0\"\/><\/span><span class=\"TextRun SCXW66702533 BCX0\" lang=\"PT-BR\" xml:lang=\"PT-BR\" data-contrast=\"auto\"><span class=\"NormalTextRun SCXW66702533 BCX0\">O pesquisador do IBGE explica que o resultado de 2023 \u00e9 considerado praticamente est\u00e1vel, ou seja, um crescimento t\u00edmido. Entre os fatores que contribu\u00edram para o desempenho da ind\u00fastria, ele lista o comportamento positivo do mercado de trabalho, com aumento na massa de rendimentos e infla\u00e7\u00e3o controlada, especialmente no segmento de produtos aliment\u00edcios.<\/span><\/span><span class=\"LineBreakBlob BlobObject DragDrop SCXW66702533 BCX0\"><span class=\"SCXW66702533 BCX0\">\u00a0<\/span><br class=\"SCXW66702533 BCX0\"\/><\/span><span class=\"LineBreakBlob BlobObject DragDrop SCXW66702533 BCX0\"><span class=\"SCXW66702533 BCX0\">\u00a0<\/span><br class=\"SCXW66702533 BCX0\"\/><\/span><span class=\"TextRun SCXW66702533 BCX0\" lang=\"PT-BR\" xml:lang=\"PT-BR\" data-contrast=\"auto\"><span class=\"NormalTextRun SCXW66702533 BCX0\">Esta semana, o IBGE divulgou que a taxa m\u00e9dia de desemprego do ano passado ficou em 7,8% <\/span><span class=\"NormalTextRun SCXW66702533 BCX0\">\u2013<\/span><span class=\"NormalTextRun SCXW66702533 BCX0\"> a menor desde 2014. J\u00e1 a infla\u00e7\u00e3o oficial terminou o ano passado em 4,62%.<\/span> <span class=\"NormalTextRun SCXW66702533 BCX0\">\u201cVale destacar tamb\u00e9m a contribui\u00e7\u00e3o positiva das exporta\u00e7\u00f5es, especialmente no que se refere \u00e0s commodities [mat\u00e9rias-primas b\u00e1sicas negociadas com pre\u00e7os internacionais]\u201d, finaliza.<\/span><\/span><span class=\"LineBreakBlob BlobObject DragDrop SCXW66702533 BCX0\"><span class=\"SCXW66702533 BCX0\">\u00a0<\/span><br class=\"SCXW66702533 BCX0\"\/><\/span><span class=\"LineBreakBlob BlobObject DragDrop SCXW66702533 BCX0\"><span class=\"SCXW66702533 BCX0\">\u00a0<\/span><\/span><\/p>\n<\/div>\n<p><script async src=\"\/\/platform.twitter.com\/widgets.js\" charset=\"utf-8\"><\/script><br \/>\n<br \/><br \/>\n<br \/><a href=\"https:\/\/www.tribunaribeirao.com.br\/site\/producao-industrial-cresce-02-em-2023\/\">Source link <\/a><\/p>\n<!-- CONTENT END 1 -->\n","protected":false},"excerpt":{"rendered":"<p>3 de fevereiro de 2024 | 13:002 de fevereiro de 2024 | 21:02 0 A produ\u00e7\u00e3o industrial do pa\u00eds teve alta de 1,1% em dezembro,&#8230;<\/p>\n","protected":false},"author":1,"featured_media":34777,"comment_status":"open","ping_status":"open","sticky":false,"template":"","format":"standard","meta":{"advanced_seo_description":"","jetpack_seo_html_title":"","jetpack_seo_noindex":false,"jetpack_post_was_ever_published":false,"_jetpack_newsletter_access":"","_jetpack_dont_email_post_to_subs":false,"_jetpack_newsletter_tier_id":0,"_jetpack_memberships_contains_paywalled_content":false,"_jetpack_memberships_contains_paid_content":false,"footnotes":"","jetpack_publicize_message":"","jetpack_publicize_feature_enabled":true,"jetpack_social_post_already_shared":true,"jetpack_social_options":{"image_generator_settings":{"template":"highway","default_image_id":0,"font":"","enabled":false},"version":2}},"categories":[11],"tags":[1088,1171,1312],"class_list":["post-34776","post","type-post","status-publish","format-standard","has-post-thumbnail","hentry","category-noticias-de-ribeirao-preto-sp-e-regiao-ismael-colosi","tag-cresce","tag-industrial","tag-producao"],"jetpack_publicize_connections":[],"jetpack_featured_media_url":"https:\/\/i0.wp.com\/noticiasribeiraopreto.com.br\/wp-content\/uploads\/2024\/02\/Indus-Washington-Alves-Reuters-scaled.jpg?fit=1000%2C598&ssl=1","jetpack-related-posts":[{"id":41534,"url":"https:\/\/noticiasribeiraopreto.com.br\/index.php\/2024\/03\/08\/producao-de-veiculos-cresce-243-no-brasil\/","url_meta":{"origin":34776,"position":0},"title":"Produ\u00e7\u00e3o de ve\u00edculos cresce 24,3% no Brasil\u00a0","author":"noticiasribeiraopreto.com.br","date":"8 de March de 2024","format":false,"excerpt":"8 de mar\u00e7o de 2024 | 17:007 de mar\u00e7o de 2024 | 20:57 0A produ\u00e7\u00e3o de ve\u00edculos automotores no Brasil cresceu 24,3% em fevereiro na compara\u00e7\u00e3o com o mesmo m\u00eas do ano passado, com 189.684 unidades produzidas. Na compara\u00e7\u00e3o anual, o aumento foi de 17,4%. Os dados foram divulgados nesta\u2026","rel":"","context":"In &quot;Not\u00edcias de Ribeir\u00e3o Preto-SP e Regi\u00e3o&quot;","block_context":{"text":"Not\u00edcias de Ribeir\u00e3o Preto-SP e Regi\u00e3o","link":"https:\/\/noticiasribeiraopreto.com.br\/index.php\/category\/noticias-de-ribeirao-preto-sp-e-regiao-ismael-colosi\/"},"img":{"alt_text":"","src":"https:\/\/i0.wp.com\/noticiasribeiraopreto.com.br\/wp-content\/uploads\/2024\/03\/Veiculos-Rafa-Neddermeyer-Ag.Br_-scaled.jpg?fit=1000%2C598&ssl=1&resize=350%2C200","width":350,"height":200,"srcset":"https:\/\/i0.wp.com\/noticiasribeiraopreto.com.br\/wp-content\/uploads\/2024\/03\/Veiculos-Rafa-Neddermeyer-Ag.Br_-scaled.jpg?fit=1000%2C598&ssl=1&resize=350%2C200 1x, https:\/\/i0.wp.com\/noticiasribeiraopreto.com.br\/wp-content\/uploads\/2024\/03\/Veiculos-Rafa-Neddermeyer-Ag.Br_-scaled.jpg?fit=1000%2C598&ssl=1&resize=525%2C300 1.5x, https:\/\/i0.wp.com\/noticiasribeiraopreto.com.br\/wp-content\/uploads\/2024\/03\/Veiculos-Rafa-Neddermeyer-Ag.Br_-scaled.jpg?fit=1000%2C598&ssl=1&resize=700%2C400 2x"},"classes":[]},{"id":25019,"url":"https:\/\/noticiasribeiraopreto.com.br\/index.php\/2024\/01\/05\/producao-industrial-brasileira-cresce-05-em-novembro\/","url_meta":{"origin":34776,"position":1},"title":"Produ\u00e7\u00e3o industrial brasileira cresce 0,5% em novembro","author":"noticiasribeiraopreto.com.br","date":"5 de January de 2024","format":false,"excerpt":"A produ\u00e7\u00e3o da ind\u00fastria brasileira cresceu 0,5% em novembro de 2023, na compara\u00e7\u00e3o com o m\u00eas anterior. Essa foi a quarta taxa positiva do indicador, que havia variado 0,1% em outubro e setembro e 0,2% em agosto.Os dados s\u00e3o da Pesquisa Industrial Mensal (PIM), divulgada nesta sexta-feira (5), pelo Instituto\u2026","rel":"","context":"In &quot;Not\u00edcias de Ribeir\u00e3o Preto-SP e Regi\u00e3o&quot;","block_context":{"text":"Not\u00edcias de Ribeir\u00e3o Preto-SP e Regi\u00e3o","link":"https:\/\/noticiasribeiraopreto.com.br\/index.php\/category\/noticias-de-ribeirao-preto-sp-e-regiao-ismael-colosi\/"},"img":{"alt_text":"","src":"https:\/\/i0.wp.com\/noticiasribeiraopreto.com.br\/wp-content\/uploads\/2024\/01\/5e439eff-285a-4320-a43c-f98e084b0eb7.jpeg?fit=768%2C425&ssl=1&resize=350%2C200","width":350,"height":200,"srcset":"https:\/\/i0.wp.com\/noticiasribeiraopreto.com.br\/wp-content\/uploads\/2024\/01\/5e439eff-285a-4320-a43c-f98e084b0eb7.jpeg?fit=768%2C425&ssl=1&resize=350%2C200 1x, https:\/\/i0.wp.com\/noticiasribeiraopreto.com.br\/wp-content\/uploads\/2024\/01\/5e439eff-285a-4320-a43c-f98e084b0eb7.jpeg?fit=768%2C425&ssl=1&resize=525%2C300 1.5x, https:\/\/i0.wp.com\/noticiasribeiraopreto.com.br\/wp-content\/uploads\/2024\/01\/5e439eff-285a-4320-a43c-f98e084b0eb7.jpeg?fit=768%2C425&ssl=1&resize=700%2C400 2x"},"classes":[]},{"id":25080,"url":"https:\/\/noticiasribeiraopreto.com.br\/index.php\/2024\/01\/05\/producao-industrial-brasileira-cresce-05-em-novembro-2\/","url_meta":{"origin":34776,"position":2},"title":"Produ\u00e7\u00e3o industrial brasileira cresce 0,5% em novembro \u2013 Folha de Ribeir\u00e3o","author":"noticiasribeiraopreto.com.br","date":"5 de January de 2024","format":false,"excerpt":"A produ\u00e7\u00e3o da ind\u00fastria brasileira cresceu 0,5% em novembro de 2023, na compara\u00e7\u00e3o com o m\u00eas anterior. Essa foi a quarta taxa positiva do indicador, que havia variado 0,1% em outubro e setembro e 0,2% em agosto. Os dados s\u00e3o da Pesquisa Industrial Mensal (PIM), divulgada nesta sexta-feira (5), pelo\u2026","rel":"","context":"In &quot;Not\u00edcias de Ribeir\u00e3o Preto-SP e Regi\u00e3o&quot;","block_context":{"text":"Not\u00edcias de Ribeir\u00e3o Preto-SP e Regi\u00e3o","link":"https:\/\/noticiasribeiraopreto.com.br\/index.php\/category\/noticias-de-ribeirao-preto-sp-e-regiao-ismael-colosi\/"},"img":{"alt_text":"","src":"","width":0,"height":0},"classes":[]},{"id":41877,"url":"https:\/\/noticiasribeiraopreto.com.br\/index.php\/2024\/03\/11\/producao-de-motos-sobe-148-em-fevereiro\/","url_meta":{"origin":34776,"position":3},"title":"Produ\u00e7\u00e3o de motos sobe 14,8% em fevereiro","author":"noticiasribeiraopreto.com.br","date":"11 de March de 2024","format":false,"excerpt":"A produ\u00e7\u00e3o de motos em fevereiro teve crescimento de 14,8% na compara\u00e7\u00e3o com o mesmo m\u00eas do ano passado, somando 139,8 mil unidades. Foi o melhor resultado para o m\u00eas em dez anos. Frente a janeiro, por\u00e9m, houve queda de 1% na produ\u00e7\u00e3o de motocicletasO balan\u00e7o foi divulgado nesta segunda-feira,\u2026","rel":"","context":"In &quot;Not\u00edcias de Ribeir\u00e3o Preto-SP e Regi\u00e3o&quot;","block_context":{"text":"Not\u00edcias de Ribeir\u00e3o Preto-SP e Regi\u00e3o","link":"https:\/\/noticiasribeiraopreto.com.br\/index.php\/category\/noticias-de-ribeirao-preto-sp-e-regiao-ismael-colosi\/"},"img":{"alt_text":"","src":"https:\/\/i0.wp.com\/noticiasribeiraopreto.com.br\/wp-content\/uploads\/2024\/03\/57a428d3-8839-41ab-b57c-41fd42a00463-scaled.jpg?fit=1000%2C500&ssl=1&resize=350%2C200","width":350,"height":200,"srcset":"https:\/\/i0.wp.com\/noticiasribeiraopreto.com.br\/wp-content\/uploads\/2024\/03\/57a428d3-8839-41ab-b57c-41fd42a00463-scaled.jpg?fit=1000%2C500&ssl=1&resize=350%2C200 1x, https:\/\/i0.wp.com\/noticiasribeiraopreto.com.br\/wp-content\/uploads\/2024\/03\/57a428d3-8839-41ab-b57c-41fd42a00463-scaled.jpg?fit=1000%2C500&ssl=1&resize=525%2C300 1.5x, https:\/\/i0.wp.com\/noticiasribeiraopreto.com.br\/wp-content\/uploads\/2024\/03\/57a428d3-8839-41ab-b57c-41fd42a00463-scaled.jpg?fit=1000%2C500&ssl=1&resize=700%2C400 2x"},"classes":[]},{"id":42446,"url":"https:\/\/noticiasribeiraopreto.com.br\/index.php\/2024\/03\/14\/rp-comercio-cresce-31-em-fevereiro\/","url_meta":{"origin":34776,"position":4},"title":"RP: Com\u00e9rcio cresce 3,1% em fevereiro\u00a0","author":"noticiasribeiraopreto.com.br","date":"14 de March de 2024","format":false,"excerpt":"Depois de registrar crescimento m\u00e9dio de 0,72% no acumulado do ano passado, em compara\u00e7\u00e3o com 2022, as vendas nas lojas ribeir\u00e3o-pretanas dispararam 7,3% em janeiro e, em fevereiro, cresceram 3,1% em rela\u00e7\u00e3o ao mesmo per\u00edodo de 2023, aponta levantamento do Centro de Pesquisas do Varejo (CPV), mantido pelo Sindicato do\u2026","rel":"","context":"In &quot;Not\u00edcias de Ribeir\u00e3o Preto-SP e Regi\u00e3o&quot;","block_context":{"text":"Not\u00edcias de Ribeir\u00e3o Preto-SP e Regi\u00e3o","link":"https:\/\/noticiasribeiraopreto.com.br\/index.php\/category\/noticias-de-ribeirao-preto-sp-e-regiao-ismael-colosi\/"},"img":{"alt_text":"","src":"https:\/\/i0.wp.com\/noticiasribeiraopreto.com.br\/wp-content\/uploads\/2024\/03\/8fdb1231-4850-46f2-86dd-055bc4f20df7.jpg?fit=620%2C351&ssl=1&resize=350%2C200","width":350,"height":200,"srcset":"https:\/\/i0.wp.com\/noticiasribeiraopreto.com.br\/wp-content\/uploads\/2024\/03\/8fdb1231-4850-46f2-86dd-055bc4f20df7.jpg?fit=620%2C351&ssl=1&resize=350%2C200 1x, https:\/\/i0.wp.com\/noticiasribeiraopreto.com.br\/wp-content\/uploads\/2024\/03\/8fdb1231-4850-46f2-86dd-055bc4f20df7.jpg?fit=620%2C351&ssl=1&resize=525%2C300 1.5x"},"classes":[]},{"id":39417,"url":"https:\/\/noticiasribeiraopreto.com.br\/index.php\/2024\/02\/26\/consumo-de-sorvete-cresce-15-em-2023\/","url_meta":{"origin":34776,"position":5},"title":"Consumo de sorvete\u00a0cresce 15% em 2023","author":"noticiasribeiraopreto.com.br","date":"26 de February de 2024","format":false,"excerpt":"26 de fevereiro de 2024 | 10:0025 de fevereiro de 2024 | 14:21 0Com as ondas de calor, que ganharam intensidade em raz\u00e3o dos efeitos do El Ni\u00f1o, os brasileiros est\u00e3o tomando mais sorvetes. No ano passado, o crescimento no consumo de sorvetes no pa\u00eds foi de 15%, chegando a\u2026","rel":"","context":"In &quot;Not\u00edcias de Ribeir\u00e3o Preto-SP e Regi\u00e3o&quot;","block_context":{"text":"Not\u00edcias de Ribeir\u00e3o Preto-SP e Regi\u00e3o","link":"https:\/\/noticiasribeiraopreto.com.br\/index.php\/category\/noticias-de-ribeirao-preto-sp-e-regiao-ismael-colosi\/"},"img":{"alt_text":"","src":"https:\/\/i0.wp.com\/noticiasribeiraopreto.com.br\/wp-content\/uploads\/2024\/02\/Sorvete-Redes-sociais-Reproducao-scaled.jpg?fit=967%2C645&ssl=1&resize=350%2C200","width":350,"height":200,"srcset":"https:\/\/i0.wp.com\/noticiasribeiraopreto.com.br\/wp-content\/uploads\/2024\/02\/Sorvete-Redes-sociais-Reproducao-scaled.jpg?fit=967%2C645&ssl=1&resize=350%2C200 1x, https:\/\/i0.wp.com\/noticiasribeiraopreto.com.br\/wp-content\/uploads\/2024\/02\/Sorvete-Redes-sociais-Reproducao-scaled.jpg?fit=967%2C645&ssl=1&resize=525%2C300 1.5x, https:\/\/i0.wp.com\/noticiasribeiraopreto.com.br\/wp-content\/uploads\/2024\/02\/Sorvete-Redes-sociais-Reproducao-scaled.jpg?fit=967%2C645&ssl=1&resize=700%2C400 2x"},"classes":[]}],"jetpack_sharing_enabled":true,"jetpack_shortlink":"https:\/\/wp.me\/peQAOb-92U","_links":{"self":[{"href":"https:\/\/noticiasribeiraopreto.com.br\/index.php\/wp-json\/wp\/v2\/posts\/34776","targetHints":{"allow":["GET"]}}],"collection":[{"href":"https:\/\/noticiasribeiraopreto.com.br\/index.php\/wp-json\/wp\/v2\/posts"}],"about":[{"href":"https:\/\/noticiasribeiraopreto.com.br\/index.php\/wp-json\/wp\/v2\/types\/post"}],"author":[{"embeddable":true,"href":"https:\/\/noticiasribeiraopreto.com.br\/index.php\/wp-json\/wp\/v2\/users\/1"}],"replies":[{"embeddable":true,"href":"https:\/\/noticiasribeiraopreto.com.br\/index.php\/wp-json\/wp\/v2\/comments?post=34776"}],"version-history":[{"count":0,"href":"https:\/\/noticiasribeiraopreto.com.br\/index.php\/wp-json\/wp\/v2\/posts\/34776\/revisions"}],"wp:featuredmedia":[{"embeddable":true,"href":"https:\/\/noticiasribeiraopreto.com.br\/index.php\/wp-json\/wp\/v2\/media\/34777"}],"wp:attachment":[{"href":"https:\/\/noticiasribeiraopreto.com.br\/index.php\/wp-json\/wp\/v2\/media?parent=34776"}],"wp:term":[{"taxonomy":"category","embeddable":true,"href":"https:\/\/noticiasribeiraopreto.com.br\/index.php\/wp-json\/wp\/v2\/categories?post=34776"},{"taxonomy":"post_tag","embeddable":true,"href":"https:\/\/noticiasribeiraopreto.com.br\/index.php\/wp-json\/wp\/v2\/tags?post=34776"}],"curies":[{"name":"wp","href":"https:\/\/api.w.org\/{rel}","templated":true}]}}