{"id":34778,"date":"2024-02-03T13:19:11","date_gmt":"2024-02-03T16:19:11","guid":{"rendered":"https:\/\/noticiasribeiraopreto.com.br\/index.php\/2024\/02\/03\/confira-os-blocos-de-carnaval-que-vao-tomar-as-ruas-de-ribeirao-preto\/"},"modified":"2024-02-03T13:19:11","modified_gmt":"2024-02-03T16:19:11","slug":"confira-os-blocos-de-carnaval-que-vao-tomar-as-ruas-de-ribeirao-preto","status":"publish","type":"post","link":"https:\/\/noticiasribeiraopreto.com.br\/index.php\/2024\/02\/03\/confira-os-blocos-de-carnaval-que-vao-tomar-as-ruas-de-ribeirao-preto\/","title":{"rendered":"Confira os blocos de Carnaval que v\u00e3o tomar as ruas de Ribeir\u00e3o Preto"},"content":{"rendered":"<div class='code-block code-block-1' style='margin: 8px 0 8px auto; text-align: right; display: block; clear: both;'>\n<p><a href=\"https:\/\/wa.link\/vpicfd\"><img data-recalc-dims=\"1\" class=\"wp-image-4922\" style=\"aspect-ratio: 2.0253164556962027; width: 561px; height: auto;\" src=\"https:\/\/i0.wp.com\/ismaelcolosi.com.br\/wp-content\/uploads\/2023\/11\/grupo-de-empregos-whatsapp-e-facebook-ismael-colosi-vagas.jpg?ssl=1\" alt=\"\" \/><\/a><\/p>\n<!-- \/wp:image -->\n<\/div>\n<p> <br \/>\n<\/p>\n<div data-td-block-uid=\"tdi_102\">\n<div class=\"tdb-block-inner td-fix-index\">\n<p>A <strong><a href=\"https:\/\/www.instagram.com\/p\/C23Q_aWr-Tz\/?igsh=MXQwMWFzZzNucDdiOQ%3D%3D&amp;img_index=10\" target=\"_blank\" rel=\"noreferrer noopener nofollow\">Secretaria da Cultura de Ribeir\u00e3o Preto <\/a><\/strong>divulgou os blocos de Carnaval que v\u00e3o sair \u00e0s ruas na pr\u00f3xima semana. As op\u00e7\u00f5es s\u00e3o para diversas regi\u00f5es da cidade entre os dias 10 e 17 de fevereiro.<\/p>\n<h4 class=\"wp-block-heading\"><strong>Blocos de Carnaval em Ribeir\u00e3o Preto<\/strong><\/h4>\n<h4 class=\"wp-block-heading\"><strong>Dia 10\/2 (s\u00e1bado)<\/strong><\/h4>\n<ul>\n<li>Carnarock da Tribos \u2013 Pra\u00e7a Sete de Setembro, 579. Das 13h \u00e0s 22h<\/li>\n<\/ul>\n<ul>\n<li>Bloco do Baixo Centro \u2013 Carnaval na Baixada \u2013 rua Jos\u00e9 Bonif\u00e1cio, 50 \u2013 rua Duque de Caxias, 141. Das 14h, \u00e0s 21h.<\/li>\n<\/ul>\n<ul>\n<li>Carnaval de rua com o Bloco do Fub\u00e1 \u2013 rua Professor Felisberto Almada, 511-601. Das 15h \u00e0s 20h30.<\/li>\n<\/ul>\n<ul>\n<li>Bloco Purpurina \u2013 rua General Os\u00f3rio, 1.292. Das 15h \u00e0s 22h.<\/li>\n<\/ul>\n<ul>\n<li>Cortejo Maracatu Nzila Baque Angola \u2013 rua Esp\u00edrito Santo, 2.547. Das 16h \u00e0s 18h.<\/li>\n<\/ul>\n<ul>\n<li>Bloco Afox\u00e9 Om\u00f2 Or\u00fanmil\u00e1 \u2013 rua Ludovico Bestelli. Das 20h \u00e0s 21h30.<\/li>\n<\/ul>\n<h4 class=\"wp-block-heading\"><strong>Dia 11\/2 (domingo)<\/strong><\/h4>\n<ul>\n<li>Bloco Man\u00e9 Gaiola \u2013 rua Visconde do Rio Branco, 496 \u2013 566. Das 10h30 \u00e0s 12h.<\/li>\n<\/ul>\n<ul>\n<li>Carna Rock \u2013 Ona Rock Bar \u2013 rua Marcos Markarian, 377. Das 14h \u00e0s 22h.<\/li>\n<\/ul>\n<ul>\n<li>Bloco Cavalo Manco \u2013 Pra\u00e7a Sete de Setembro, 579. Das 14h \u00e0s 19h.<\/li>\n<\/ul>\n<ul>\n<li>Bloco Purpurina \u2013 rua General Os\u00f3rio, 1.292. Das 15h \u00e0s 22h.<\/li>\n<\/ul>\n<ul>\n<li>Um Amor em Cada Bloco no Guadalupe \u2013 rua Visconde do Rio Branco, 710. Das 15h \u00e0s 21h.<\/li>\n<\/ul>\n<ul>\n<li>Carna Jo\u00e3o Rossi \u2013 rua Mascimo Bernardes, 524. Das 15h \u00e0s 22h.<\/li>\n<\/ul>\n<ul>\n<li>Bloco Independ\u00eancia \u2013 pra\u00e7a Rep\u00fablica do L\u00edbano, rua Modesto Junqueira, 1. Das 15h \u00e0s 21h.<\/li>\n<\/ul>\n<ul>\n<li>Bloco do Zinho \u2013 rua Professor Felisberto Almada, 511-601. Das 15h \u00e0s 22h.<\/li>\n<\/ul>\n<ul>\n<li>Bloco de rua Covil do Lobo \u2013 rua Piracicaba, 1.825. Das 16h \u00e0s 22h.<\/li>\n<\/ul>\n<h4 class=\"wp-block-heading\"><strong>Dia 12\/2 (segunda-feira)<\/strong><\/h4>\n<ul>\n<li>Um Amor em Cada Bloco no Guadalupe \u2013 rua Visconde do Rio Branco, 710. Das 15h \u00e0s 21h.<\/li>\n<\/ul>\n<h4 class=\"wp-block-heading\"><strong>Dia 13\/2 (ter\u00e7a-feira)<\/strong><\/h4>\n<ul>\n<li>Um Amor em Cada Bloco no Guadalupe \u2013 rua Visconde do Rio Branco, 710. Das 15h \u00e0s 21h.<\/li>\n<\/ul>\n<ul>\n<li>Carna Jo\u00e3o Rossi \u2013 rua Mascimo Bernardes, 524. Das 15h \u00e0s 22h.<\/li>\n<\/ul>\n<ul>\n<li>Bloco Purpurina \u2013 rua General Os\u00f3rio, 1.292. Das 15h \u00e0s 22h.<\/li>\n<\/ul>\n<ul>\n<li>Carnaval de Rua Com o Bloco do Fub\u00e1 \u2013 rua Pedro Giroto, 1075. Das 15h \u00e0s 21h.<\/li>\n<\/ul>\n<ul>\n<li>Tutubloco \u2013 Pra\u00e7a Sete de Setembro, 579. Das 17h \u00e0s 22h.<\/li>\n<\/ul>\n<h4 class=\"wp-block-heading\"><strong>Dia 17\/2 (s\u00e1bado)<\/strong><\/h4>\n<ul>\n<li>Carnaval de rua com o Bloco do Fub\u00e1 \u2013 rua Professor Felisberto Almada, 511-601. Das 15h \u00e0s 20h30.<\/li>\n<\/ul>\n<p>SAIBA MAIS<br \/>Veja a programa\u00e7\u00e3o do Sesi Ribeir\u00e3o Preto para o Carnaval<\/p>\n<h4 class=\"wp-block-heading\"><strong>FIQUE ON<\/strong><\/h4>\n<p>Fique ligado em tudo que acontece em Ribeir\u00e3o Preto e regi\u00e3o. Siga os perfis do <strong>acidade on<\/strong> no <a href=\"https:\/\/www.instagram.com\/acidadeonribeirao\" target=\"_blank\" rel=\"noreferrer noopener nofollow\">Instagram<\/a> e no <a href=\"https:\/\/www.facebook.com\/acidadeonribeirao\" target=\"_blank\" rel=\"noreferrer noopener nofollow\">Facebook<\/a>.<\/p>\n<p>Receba not\u00edcias do <strong>acidade on <\/strong>no WhatsApp. <a href=\"https:\/\/chat.whatsapp.com\/Bnv2w66ZT4VDyZW3oiZ69n\" target=\"_blank\" rel=\"noreferrer noopener nofollow\">Para entrar no grupo, basta clicar aqui.<\/a><\/p>\n<p>Fa\u00e7a uma den\u00fancia ou sugira uma reportagem sobre Ribeir\u00e3o Preto e regi\u00e3o pelo WhatsApp: 16 99117 7802.<\/p>\n<p>VEJA TAMB\u00c9M<br \/>Big Fone mudou de hor\u00e1rio no BBB 24; veja que horas vai tocar<\/p>\n<p><!-- AI CONTENT END 1 -->\n<\/div>\n<\/div>\n<p><script async src=\"\/\/www.instagram.com\/embed.js\"><\/script><br \/>\n<br \/><br \/>\n<br \/><a href=\"https:\/\/www.acidadeon.com\/ribeiraopreto\/lazer-e-cultura\/confira-os-blocos-de-carnaval-que-vao-tomar-as-ruas-de-ribeirao-preto\/\">Source link <\/a><\/p>\n<!-- CONTENT END 1 -->\n","protected":false},"excerpt":{"rendered":"<p>A Secretaria da Cultura de Ribeir\u00e3o Preto divulgou os blocos de Carnaval que v\u00e3o sair \u00e0s ruas na pr\u00f3xima semana. As op\u00e7\u00f5es s\u00e3o para diversas&#8230;<\/p>\n","protected":false},"author":1,"featured_media":34779,"comment_status":"open","ping_status":"open","sticky":false,"template":"","format":"standard","meta":{"advanced_seo_description":"","jetpack_seo_html_title":"","jetpack_seo_noindex":false,"jetpack_post_was_ever_published":false,"_jetpack_newsletter_access":"","_jetpack_dont_email_post_to_subs":false,"_jetpack_newsletter_tier_id":0,"_jetpack_memberships_contains_paywalled_content":false,"_jetpack_memberships_contains_paid_content":false,"footnotes":"","jetpack_publicize_message":"","jetpack_publicize_feature_enabled":true,"jetpack_social_post_already_shared":true,"jetpack_social_options":{"image_generator_settings":{"template":"highway","default_image_id":0,"font":"","enabled":false},"version":2}},"categories":[11],"tags":[],"class_list":["post-34778","post","type-post","status-publish","format-standard","has-post-thumbnail","hentry","category-noticias-de-ribeirao-preto-sp-e-regiao-ismael-colosi"],"jetpack_publicize_connections":[],"jetpack_featured_media_url":"https:\/\/i0.wp.com\/noticiasribeiraopreto.com.br\/wp-content\/uploads\/2024\/02\/bloco-carnaval.webp.webp?fit=1024%2C768&ssl=1","jetpack-related-posts":[{"id":63355,"url":"https:\/\/noticiasribeiraopreto.com.br\/index.php\/2025\/02\/11\/veja-a-programacao-completa-do-carnaval-2025-em-ribeirao-preto\/","url_meta":{"origin":34778,"position":0},"title":"Veja a programa\u00e7\u00e3o completa do Carnaval 2025 em Ribeir\u00e3o Preto","author":"noticiasribeiraopreto.com.br","date":"11 de February de 2025","format":false,"excerpt":"A Secretaria Municipal de Cultura e Turismo anunciou nesta ter\u00e7a-feira (11) a programa\u00e7\u00e3o completa do Carnaval 2025 em Ribeir\u00e3o Preto. As atividades t\u00eam in\u00edcio nesta quinta-feira (13) e seguem at\u00e9 o dia 4 de mar\u00e7o. A programa\u00e7\u00e3o, que promete ser a maior da hist\u00f3ria da cidade, contar\u00e1 com 60 atra\u00e7\u00f5es\u2026","rel":"","context":"In &quot;Not\u00edcias de Ribeir\u00e3o Preto-SP e Regi\u00e3o&quot;","block_context":{"text":"Not\u00edcias de Ribeir\u00e3o Preto-SP e Regi\u00e3o","link":"https:\/\/noticiasribeiraopreto.com.br\/index.php\/category\/noticias-de-ribeirao-preto-sp-e-regiao-ismael-colosi\/"},"img":{"alt_text":"","src":"https:\/\/i0.wp.com\/noticiasribeiraopreto.com.br\/wp-content\/uploads\/2025\/02\/pessoa-feliz-no-carnaval.jpg?fit=1200%2C800&ssl=1&resize=350%2C200","width":350,"height":200,"srcset":"https:\/\/i0.wp.com\/noticiasribeiraopreto.com.br\/wp-content\/uploads\/2025\/02\/pessoa-feliz-no-carnaval.jpg?fit=1200%2C800&ssl=1&resize=350%2C200 1x, https:\/\/i0.wp.com\/noticiasribeiraopreto.com.br\/wp-content\/uploads\/2025\/02\/pessoa-feliz-no-carnaval.jpg?fit=1200%2C800&ssl=1&resize=525%2C300 1.5x, https:\/\/i0.wp.com\/noticiasribeiraopreto.com.br\/wp-content\/uploads\/2025\/02\/pessoa-feliz-no-carnaval.jpg?fit=1200%2C800&ssl=1&resize=700%2C400 2x, https:\/\/i0.wp.com\/noticiasribeiraopreto.com.br\/wp-content\/uploads\/2025\/02\/pessoa-feliz-no-carnaval.jpg?fit=1200%2C800&ssl=1&resize=1050%2C600 3x"},"classes":[]},{"id":64145,"url":"https:\/\/noticiasribeiraopreto.com.br\/index.php\/2025\/03\/03\/confira-as-atracoes-de-carnaval-nesta-segunda-feira-em-ribeirao-preto\/","url_meta":{"origin":34778,"position":1},"title":"Confira as atra\u00e7\u00f5es de Carnaval nesta segunda-feira em Ribeir\u00e3o Preto","author":"noticiasribeiraopreto.com.br","date":"3 de March de 2025","format":false,"excerpt":"Ribeir\u00e3o Preto segue com a programa\u00e7\u00e3o de Carnaval nesta segunda-feira (3). As atividades incluem bloquinhos de rua e cortejo para as crian\u00e7as. Confira: SESC Cortejo dos Pequenos Sintonizados\u00a0 Bloco Sintonize\u00a0Hor\u00e1rio: 10h30 \u2013 12h\u00a0Local: Sa\u00edda da Avenida Nove de Julho 299 (Sesc 9 de Julho)Entrada gratuita CarnaRock das Tribos Bloco de\u2026","rel":"","context":"In &quot;Not\u00edcias de Ribeir\u00e3o Preto-SP e Regi\u00e3o&quot;","block_context":{"text":"Not\u00edcias de Ribeir\u00e3o Preto-SP e Regi\u00e3o","link":"https:\/\/noticiasribeiraopreto.com.br\/index.php\/category\/noticias-de-ribeirao-preto-sp-e-regiao-ismael-colosi\/"},"img":{"alt_text":"","src":"https:\/\/i0.wp.com\/noticiasribeiraopreto.com.br\/wp-content\/uploads\/2025\/03\/bloco-de-carnaval_2025-03-03_13-40-12_jpeg_2025-03-03_13-40-13.webp.webp?fit=1200%2C799&ssl=1&resize=350%2C200","width":350,"height":200,"srcset":"https:\/\/i0.wp.com\/noticiasribeiraopreto.com.br\/wp-content\/uploads\/2025\/03\/bloco-de-carnaval_2025-03-03_13-40-12_jpeg_2025-03-03_13-40-13.webp.webp?fit=1200%2C799&ssl=1&resize=350%2C200 1x, https:\/\/i0.wp.com\/noticiasribeiraopreto.com.br\/wp-content\/uploads\/2025\/03\/bloco-de-carnaval_2025-03-03_13-40-12_jpeg_2025-03-03_13-40-13.webp.webp?fit=1200%2C799&ssl=1&resize=525%2C300 1.5x, https:\/\/i0.wp.com\/noticiasribeiraopreto.com.br\/wp-content\/uploads\/2025\/03\/bloco-de-carnaval_2025-03-03_13-40-12_jpeg_2025-03-03_13-40-13.webp.webp?fit=1200%2C799&ssl=1&resize=700%2C400 2x, https:\/\/i0.wp.com\/noticiasribeiraopreto.com.br\/wp-content\/uploads\/2025\/03\/bloco-de-carnaval_2025-03-03_13-40-12_jpeg_2025-03-03_13-40-13.webp.webp?fit=1200%2C799&ssl=1&resize=1050%2C600 3x"},"classes":[]},{"id":64107,"url":"https:\/\/noticiasribeiraopreto.com.br\/index.php\/2025\/03\/02\/confira-os-blocos-de-carnaval-neste-domingo-em-ribeirao-preto\/","url_meta":{"origin":34778,"position":2},"title":"Confira os blocos de Carnaval neste domingo em Ribeir\u00e3o Preto","author":"noticiasribeiraopreto.com.br","date":"2 de March de 2025","format":false,"excerpt":"O Carnaval segue a todo vapor em Ribeir\u00e3o Preto neste domingo (2), com diversos blocos espalhados pela cidade. Na programa\u00e7\u00e3o h\u00e1 op\u00e7\u00f5es para todo mundo se divertir e festejar. A programa\u00e7\u00e3o segue at\u00e9 a pr\u00f3xima ter\u00e7a-feira, 4 de mar\u00e7o. Confira a programa\u00e7\u00e3o deste domingo: Carnaval do Covil \u2013 das 15\u2026","rel":"","context":"In &quot;Not\u00edcias de Ribeir\u00e3o Preto-SP e Regi\u00e3o&quot;","block_context":{"text":"Not\u00edcias de Ribeir\u00e3o Preto-SP e Regi\u00e3o","link":"https:\/\/noticiasribeiraopreto.com.br\/index.php\/category\/noticias-de-ribeirao-preto-sp-e-regiao-ismael-colosi\/"},"img":{"alt_text":"","src":"https:\/\/i0.wp.com\/noticiasribeiraopreto.com.br\/wp-content\/uploads\/2025\/03\/pessoa-feliz-no-carnaval.jpg?fit=1200%2C800&ssl=1&resize=350%2C200","width":350,"height":200,"srcset":"https:\/\/i0.wp.com\/noticiasribeiraopreto.com.br\/wp-content\/uploads\/2025\/03\/pessoa-feliz-no-carnaval.jpg?fit=1200%2C800&ssl=1&resize=350%2C200 1x, https:\/\/i0.wp.com\/noticiasribeiraopreto.com.br\/wp-content\/uploads\/2025\/03\/pessoa-feliz-no-carnaval.jpg?fit=1200%2C800&ssl=1&resize=525%2C300 1.5x, https:\/\/i0.wp.com\/noticiasribeiraopreto.com.br\/wp-content\/uploads\/2025\/03\/pessoa-feliz-no-carnaval.jpg?fit=1200%2C800&ssl=1&resize=700%2C400 2x, https:\/\/i0.wp.com\/noticiasribeiraopreto.com.br\/wp-content\/uploads\/2025\/03\/pessoa-feliz-no-carnaval.jpg?fit=1200%2C800&ssl=1&resize=1050%2C600 3x"},"classes":[]},{"id":36470,"url":"https:\/\/noticiasribeiraopreto.com.br\/index.php\/2024\/02\/09\/ribeirao-preto-tem-18-interdicoes-no-transito-durante-o-carnaval-veja-os-locais\/","url_meta":{"origin":34778,"position":3},"title":"Ribeir\u00e3o Preto t\u00eam 18 interdi\u00e7\u00f5es no tr\u00e2nsito durante o Carnaval; Veja os locais","author":"noticiasribeiraopreto.com.br","date":"9 de February de 2024","format":false,"excerpt":"Devido aos blocos de Carnaval que v\u00e3o sair \u00e0s ruas de Ribeir\u00e3o Preto, a cidade ter\u00e1 18 interdi\u00e7\u00f5es monitoradas pelos Agentes de Tr\u00e2nsito da RP Mobi, a partir desta sexta-feira (9). Os bloqueios acontecem em diversos pontos da cidade, at\u00e9 a ter\u00e7a-feira (13), em hor\u00e1rios pr\u00e9-estabelecidos \u2013 confira a programa\u00e7\u00e3o\u2026","rel":"","context":"In &quot;Not\u00edcias de Ribeir\u00e3o Preto-SP e Regi\u00e3o&quot;","block_context":{"text":"Not\u00edcias de Ribeir\u00e3o Preto-SP e Regi\u00e3o","link":"https:\/\/noticiasribeiraopreto.com.br\/index.php\/category\/noticias-de-ribeirao-preto-sp-e-regiao-ismael-colosi\/"},"img":{"alt_text":"","src":"https:\/\/i0.wp.com\/noticiasribeiraopreto.com.br\/wp-content\/uploads\/2024\/02\/agentes_interdicao_2.jpeg?fit=1200%2C900&ssl=1&resize=350%2C200","width":350,"height":200,"srcset":"https:\/\/i0.wp.com\/noticiasribeiraopreto.com.br\/wp-content\/uploads\/2024\/02\/agentes_interdicao_2.jpeg?fit=1200%2C900&ssl=1&resize=350%2C200 1x, https:\/\/i0.wp.com\/noticiasribeiraopreto.com.br\/wp-content\/uploads\/2024\/02\/agentes_interdicao_2.jpeg?fit=1200%2C900&ssl=1&resize=525%2C300 1.5x, https:\/\/i0.wp.com\/noticiasribeiraopreto.com.br\/wp-content\/uploads\/2024\/02\/agentes_interdicao_2.jpeg?fit=1200%2C900&ssl=1&resize=700%2C400 2x, https:\/\/i0.wp.com\/noticiasribeiraopreto.com.br\/wp-content\/uploads\/2024\/02\/agentes_interdicao_2.jpeg?fit=1200%2C900&ssl=1&resize=1050%2C600 3x"},"classes":[]},{"id":35530,"url":"https:\/\/noticiasribeiraopreto.com.br\/index.php\/2024\/02\/06\/praca-xv-tem-programacao-de-pre-carnaval-em-ribeirao-preto\/","url_meta":{"origin":34778,"position":4},"title":"Pra\u00e7a XV tem programa\u00e7\u00e3o de Pr\u00e9-Carnaval em Ribeir\u00e3o Preto","author":"noticiasribeiraopreto.com.br","date":"6 de February de 2024","format":false,"excerpt":"A Pra\u00e7a XV, no Quadril\u00e1tero Central de Ribeir\u00e3o Preto, vai ser o primeiro local a receber a programa\u00e7\u00e3o oficial do \u201cRibeir\u00e3oTemCarnaval\u201d realizada pela Secretaria Municipal da Cultura e Turismo. Na quinta-feira (8), o grupo de samba \u201cRel\u00f3gio 5 anos\u201d se apresenta na pra\u00e7a, das 20h \u00e0s 22h. A entrada \u00e9\u2026","rel":"","context":"In &quot;Not\u00edcias de Ribeir\u00e3o Preto-SP e Regi\u00e3o&quot;","block_context":{"text":"Not\u00edcias de Ribeir\u00e3o Preto-SP e Regi\u00e3o","link":"https:\/\/noticiasribeiraopreto.com.br\/index.php\/category\/noticias-de-ribeirao-preto-sp-e-regiao-ismael-colosi\/"},"img":{"alt_text":"","src":"https:\/\/i0.wp.com\/noticiasribeiraopreto.com.br\/wp-content\/uploads\/2024\/02\/Copia-de-Copia-de-TAMANHO-EXATO-PARA-FOTOS-NO-SISTEMA-NOVO-7.jpg?fit=1200%2C675&ssl=1&resize=350%2C200","width":350,"height":200,"srcset":"https:\/\/i0.wp.com\/noticiasribeiraopreto.com.br\/wp-content\/uploads\/2024\/02\/Copia-de-Copia-de-TAMANHO-EXATO-PARA-FOTOS-NO-SISTEMA-NOVO-7.jpg?fit=1200%2C675&ssl=1&resize=350%2C200 1x, https:\/\/i0.wp.com\/noticiasribeiraopreto.com.br\/wp-content\/uploads\/2024\/02\/Copia-de-Copia-de-TAMANHO-EXATO-PARA-FOTOS-NO-SISTEMA-NOVO-7.jpg?fit=1200%2C675&ssl=1&resize=525%2C300 1.5x, https:\/\/i0.wp.com\/noticiasribeiraopreto.com.br\/wp-content\/uploads\/2024\/02\/Copia-de-Copia-de-TAMANHO-EXATO-PARA-FOTOS-NO-SISTEMA-NOVO-7.jpg?fit=1200%2C675&ssl=1&resize=700%2C400 2x, https:\/\/i0.wp.com\/noticiasribeiraopreto.com.br\/wp-content\/uploads\/2024\/02\/Copia-de-Copia-de-TAMANHO-EXATO-PARA-FOTOS-NO-SISTEMA-NOVO-7.jpg?fit=1200%2C675&ssl=1&resize=1050%2C600 3x"},"classes":[]},{"id":35536,"url":"https:\/\/noticiasribeiraopreto.com.br\/index.php\/2024\/02\/06\/praca-xv-tem-programacao-de-pre-carnaval-em-ribeirao-preto-2\/","url_meta":{"origin":34778,"position":5},"title":"Pra\u00e7a XV tem programa\u00e7\u00e3o de Pr\u00e9-Carnaval em Ribeir\u00e3o Preto","author":"noticiasribeiraopreto.com.br","date":"6 de February de 2024","format":false,"excerpt":"A Pra\u00e7a XV, no Quadril\u00e1tero Central de Ribeir\u00e3o Preto, vai ser o primeiro local a receber a programa\u00e7\u00e3o oficial do \u201cRibeir\u00e3oTemCarnaval\u201d realizada pela Secretaria Municipal da Cultura e Turismo. Na quinta-feira (8), o grupo de samba \u201cRel\u00f3gio 5 anos\u201d se apresenta, das 20h \u00e0s 22h, em frente ao rel\u00f3gio da\u2026","rel":"","context":"In &quot;Not\u00edcias de Ribeir\u00e3o Preto-SP e Regi\u00e3o&quot;","block_context":{"text":"Not\u00edcias de Ribeir\u00e3o Preto-SP e Regi\u00e3o","link":"https:\/\/noticiasribeiraopreto.com.br\/index.php\/category\/noticias-de-ribeirao-preto-sp-e-regiao-ismael-colosi\/"},"img":{"alt_text":"","src":"https:\/\/i0.wp.com\/noticiasribeiraopreto.com.br\/wp-content\/uploads\/2024\/02\/1707251645_Copia-de-Copia-de-TAMANHO-EXATO-PARA-FOTOS-NO-SISTEMA-NOVO-7.jpg?fit=1200%2C675&ssl=1&resize=350%2C200","width":350,"height":200,"srcset":"https:\/\/i0.wp.com\/noticiasribeiraopreto.com.br\/wp-content\/uploads\/2024\/02\/1707251645_Copia-de-Copia-de-TAMANHO-EXATO-PARA-FOTOS-NO-SISTEMA-NOVO-7.jpg?fit=1200%2C675&ssl=1&resize=350%2C200 1x, https:\/\/i0.wp.com\/noticiasribeiraopreto.com.br\/wp-content\/uploads\/2024\/02\/1707251645_Copia-de-Copia-de-TAMANHO-EXATO-PARA-FOTOS-NO-SISTEMA-NOVO-7.jpg?fit=1200%2C675&ssl=1&resize=525%2C300 1.5x, https:\/\/i0.wp.com\/noticiasribeiraopreto.com.br\/wp-content\/uploads\/2024\/02\/1707251645_Copia-de-Copia-de-TAMANHO-EXATO-PARA-FOTOS-NO-SISTEMA-NOVO-7.jpg?fit=1200%2C675&ssl=1&resize=700%2C400 2x, https:\/\/i0.wp.com\/noticiasribeiraopreto.com.br\/wp-content\/uploads\/2024\/02\/1707251645_Copia-de-Copia-de-TAMANHO-EXATO-PARA-FOTOS-NO-SISTEMA-NOVO-7.jpg?fit=1200%2C675&ssl=1&resize=1050%2C600 3x"},"classes":[]}],"jetpack_sharing_enabled":true,"jetpack_shortlink":"https:\/\/wp.me\/peQAOb-92W","_links":{"self":[{"href":"https:\/\/noticiasribeiraopreto.com.br\/index.php\/wp-json\/wp\/v2\/posts\/34778","targetHints":{"allow":["GET"]}}],"collection":[{"href":"https:\/\/noticiasribeiraopreto.com.br\/index.php\/wp-json\/wp\/v2\/posts"}],"about":[{"href":"https:\/\/noticiasribeiraopreto.com.br\/index.php\/wp-json\/wp\/v2\/types\/post"}],"author":[{"embeddable":true,"href":"https:\/\/noticiasribeiraopreto.com.br\/index.php\/wp-json\/wp\/v2\/users\/1"}],"replies":[{"embeddable":true,"href":"https:\/\/noticiasribeiraopreto.com.br\/index.php\/wp-json\/wp\/v2\/comments?post=34778"}],"version-history":[{"count":0,"href":"https:\/\/noticiasribeiraopreto.com.br\/index.php\/wp-json\/wp\/v2\/posts\/34778\/revisions"}],"wp:featuredmedia":[{"embeddable":true,"href":"https:\/\/noticiasribeiraopreto.com.br\/index.php\/wp-json\/wp\/v2\/media\/34779"}],"wp:attachment":[{"href":"https:\/\/noticiasribeiraopreto.com.br\/index.php\/wp-json\/wp\/v2\/media?parent=34778"}],"wp:term":[{"taxonomy":"category","embeddable":true,"href":"https:\/\/noticiasribeiraopreto.com.br\/index.php\/wp-json\/wp\/v2\/categories?post=34778"},{"taxonomy":"post_tag","embeddable":true,"href":"https:\/\/noticiasribeiraopreto.com.br\/index.php\/wp-json\/wp\/v2\/tags?post=34778"}],"curies":[{"name":"wp","href":"https:\/\/api.w.org\/{rel}","templated":true}]}}