{"id":34785,"date":"2024-02-03T13:48:43","date_gmt":"2024-02-03T16:48:43","guid":{"rendered":"https:\/\/noticiasribeiraopreto.com.br\/index.php\/2024\/02\/03\/estado-de-greve-geral-operacao-padrao-de-funcionarios-do-bc-atrasa-relatorio-focus-pela-segunda-semana-seguida\/"},"modified":"2024-02-03T13:48:43","modified_gmt":"2024-02-03T16:48:43","slug":"estado-de-greve-geral-operacao-padrao-de-funcionarios-do-bc-atrasa-relatorio-focus-pela-segunda-semana-seguida","status":"publish","type":"post","link":"https:\/\/noticiasribeiraopreto.com.br\/index.php\/2024\/02\/03\/estado-de-greve-geral-operacao-padrao-de-funcionarios-do-bc-atrasa-relatorio-focus-pela-segunda-semana-seguida\/","title":{"rendered":"\u201cEstado de greve geral\u201d: opera\u00e7\u00e3o-padr\u00e3o de funcion\u00e1rios do BC atrasa relat\u00f3rio Focus pela segunda semana seguida"},"content":{"rendered":"<div class='code-block code-block-1' style='margin: 8px 0 8px auto; text-align: right; display: block; clear: both;'>\n<p><a href=\"https:\/\/wa.link\/vpicfd\"><img data-recalc-dims=\"1\" class=\"wp-image-4922\" style=\"aspect-ratio: 2.0253164556962027; width: 561px; height: auto;\" src=\"https:\/\/i0.wp.com\/ismaelcolosi.com.br\/wp-content\/uploads\/2023\/11\/grupo-de-empregos-whatsapp-e-facebook-ismael-colosi-vagas.jpg?ssl=1\" alt=\"\" \/><\/a><\/p>\n<!-- \/wp:image -->\n<\/div>\n<p> <br \/>\n<\/p>\n<div id=\"js-first-letter\">\n<p>Devido \u00e0 opera\u00e7\u00e3o-padr\u00e3o dos servidores do \u00f3rg\u00e3o, o <strong>Banco Central<\/strong> divulgar\u00e1 com atraso o Relat\u00f3rio de Mercado Focus pela segunda semana consecutiva.<\/p>\n<p>O documento, que sempre \u00e9 divulgado nas manh\u00e3s de segunda-feira, ser\u00e1 publicado apenas na ter\u00e7a-feira (6), no hor\u00e1rio normal de 8h30.<\/p>\n<p>Em dezembro, os servidores do BC aprovaram o <a href=\"https:\/\/www.seudinheiro.com\/2023\/economia\/o-pix-vai-parar-servidores-do-banco-central-ameacam-greve-e-marcam-protesto-para-dia-de-decisao-da-copom-davs\/\">&#8220;estado de greve geral&#8221;<\/a> no \u00f3rg\u00e3o e realizaram uma paralisa\u00e7\u00e3o de 24 horas no dia 11 de janeiro<\/p>\n<p>Segundo o Sindicato Nacional dos Funcion\u00e1rios do Banco Central (<a href=\"https:\/\/portal.sinal.org.br\/\">Sinal<\/a>), o movimento teve ades\u00e3o de mais de 70% da categoria.<\/p>\n<h2 class=\"wp-block-heading\" id=\"h-reivindicacoes-dos-servidores-do-banco-central\">Reivindica\u00e7\u00f5es dos servidores do Banco Central<\/h2>\n<p>Embora o governo tenha autorizado a realiza\u00e7\u00e3o do primeiro concurso para o BC desde 2013, com 100 vagas, os servidores desejam uma reestrutura\u00e7\u00e3o da carreira.<\/p>\n<p>Al\u00e9m do b\u00f4nus produtividade, os funcion\u00e1rios da autoridade monet\u00e1ria pedem a exig\u00eancia de ensino superior para o cargo de t\u00e9cnico na autarquia e a altera\u00e7\u00e3o de nomenclatura do cargo de analista para auditor.<\/p>\n<p>De acordo com o Sinal, o Minist\u00e9rio da Gest\u00e3o e da Inova\u00e7\u00e3o em Servi\u00e7os P\u00fablicos (MGI) sinalizou que uma nova proposta do governo ser\u00e1 apresentada na terceira rodada da Mesa Espec\u00edfica de Negocia\u00e7\u00e3o com a categoria, marcada para o dia 8 de fevereiro.<\/p>\n<p><em>*Com informa\u00e7\u00f5es do Estad\u00e3o Conte\u00fado<\/em><\/p>\n<\/div>\n<p><br \/>\n<br \/><a href=\"https:\/\/www.seudinheiro.com\/2024\/economia\/greve-geral-funcionarios-banco-central-atrasa-rens\/\">Source link <\/a><\/p>\n<!-- CONTENT END 1 -->\n","protected":false},"excerpt":{"rendered":"<p>Devido \u00e0 opera\u00e7\u00e3o-padr\u00e3o dos servidores do \u00f3rg\u00e3o, o Banco Central divulgar\u00e1 com atraso o Relat\u00f3rio de Mercado Focus pela segunda semana consecutiva. O documento, que&#8230;<\/p>\n","protected":false},"author":1,"featured_media":34786,"comment_status":"open","ping_status":"open","sticky":false,"template":"","format":"standard","meta":{"advanced_seo_description":"","jetpack_seo_html_title":"","jetpack_seo_noindex":false,"jetpack_post_was_ever_published":false,"_jetpack_newsletter_access":"","_jetpack_dont_email_post_to_subs":false,"_jetpack_newsletter_tier_id":0,"_jetpack_memberships_contains_paywalled_content":false,"_jetpack_memberships_contains_paid_content":false,"footnotes":"","jetpack_publicize_message":"","jetpack_publicize_feature_enabled":true,"jetpack_social_post_already_shared":true,"jetpack_social_options":{"image_generator_settings":{"template":"highway","default_image_id":0,"font":"","enabled":false},"version":2}},"categories":[1235],"tags":[],"class_list":["post-34785","post","type-post","status-publish","format-standard","has-post-thumbnail","hentry","category-dinheiro-e-investimento-como-fazer-como-ganhar"],"jetpack_publicize_connections":[],"jetpack_featured_media_url":"https:\/\/i0.wp.com\/noticiasribeiraopreto.com.br\/wp-content\/uploads\/2024\/02\/Banco-Central-BC-Copom-Selic-juros-628x353.jpg?fit=628%2C353&ssl=1","jetpack-related-posts":[{"id":13865,"url":"https:\/\/noticiasribeiraopreto.com.br\/index.php\/2023\/12\/11\/atencao-campos-neto-sindicato-dos-funcionarios-do-banco-central-convoca-paralisacao-de-24h-no-dia-da-decisao-sobre-juros\/","url_meta":{"origin":34785,"position":0},"title":"Aten\u00e7\u00e3o, Campos Neto: Sindicato dos funcion\u00e1rios do Banco Central convoca paralisa\u00e7\u00e3o de 24h no dia da decis\u00e3o sobre juros","author":"noticiasribeiraopreto.com.br","date":"11 de December de 2023","format":false,"excerpt":"O Sindicato Nacional dos Funcion\u00e1rios do Banco Central (Sinal) convocou uma paralisa\u00e7\u00e3o de 24 horas para come\u00e7ar a discutir a entrega de cargos comissionados e a indica\u00e7\u00e3o de greve por tempo indeterminado. O ato ter\u00e1 in\u00edcio a partir das 14h30 da pr\u00f3xima quarta-feira (13). No mesmo dia acontece a reuni\u00e3o\u2026","rel":"","context":"In &quot;Dinheiro e Investimento&quot;","block_context":{"text":"Dinheiro e Investimento","link":"https:\/\/noticiasribeiraopreto.com.br\/index.php\/category\/dinheiro-e-investimento-como-fazer-como-ganhar\/"},"img":{"alt_text":"","src":"https:\/\/i0.wp.com\/noticiasribeiraopreto.com.br\/wp-content\/uploads\/2023\/12\/selic_campos_neto_banco_central-628x353.jpg?fit=628%2C353&ssl=1&resize=350%2C200","width":350,"height":200,"srcset":"https:\/\/i0.wp.com\/noticiasribeiraopreto.com.br\/wp-content\/uploads\/2023\/12\/selic_campos_neto_banco_central-628x353.jpg?fit=628%2C353&ssl=1&resize=350%2C200 1x, https:\/\/i0.wp.com\/noticiasribeiraopreto.com.br\/wp-content\/uploads\/2023\/12\/selic_campos_neto_banco_central-628x353.jpg?fit=628%2C353&ssl=1&resize=525%2C300 1.5x"},"classes":[]},{"id":27086,"url":"https:\/\/noticiasribeiraopreto.com.br\/index.php\/2024\/01\/11\/servidores-do-banco-central-fazem-paralisacao-de-24-horas\/","url_meta":{"origin":34785,"position":1},"title":"Servidores do Banco Central fazem paralisa\u00e7\u00e3o de 24 horas \u2013 Folha de Ribeir\u00e3o","author":"noticiasribeiraopreto.com.br","date":"11 de January de 2024","format":false,"excerpt":"Os servidores do Banco Central (BC) fazem\u00a0hoje (11) uma greve de 24 horas. Segundo o Sindicato Nacional dos Funcion\u00e1rios do Banco Central (Sinal), mais de 70% dos funcion\u00e1rios devem aderir \u00e0 paralisa\u00e7\u00e3o. Os trabalhadores reivindicam melhorias na carreira, como a equipara\u00e7\u00e3o com outras categorias\u00a0semelhantes.\u00a0 O Sinal disse que a paralisa\u00e7\u00e3o\u2026","rel":"","context":"In &quot;Not\u00edcias de Ribeir\u00e3o Preto-SP e Regi\u00e3o&quot;","block_context":{"text":"Not\u00edcias de Ribeir\u00e3o Preto-SP e Regi\u00e3o","link":"https:\/\/noticiasribeiraopreto.com.br\/index.php\/category\/noticias-de-ribeirao-preto-sp-e-regiao-ismael-colosi\/"},"img":{"alt_text":"","src":"","width":0,"height":0},"classes":[]},{"id":17321,"url":"https:\/\/noticiasribeiraopreto.com.br\/index.php\/2023\/12\/18\/confira-a-agenda-economica-desta-semana-18-12\/","url_meta":{"origin":34785,"position":2},"title":"Confira a agenda econ\u00f4mica desta semana (18\/12)","author":"noticiasribeiraopreto.com.br","date":"18 de December de 2023","format":false,"excerpt":"A metade de dezembro j\u00e1 ficou para tr\u00e1s e os investidores aguardam o breve recesso de final de ano. Mas a agenda econ\u00f4mica das \u00faltimas semanas do ano n\u00e3o tira f\u00e9rias, a come\u00e7ar pelo importante dado de infla\u00e7\u00e3o dos Estados Unidos. O \u00edndice de gastos com consumo pessoal (PCE, na\u2026","rel":"","context":"In &quot;Dinheiro e Investimento&quot;","block_context":{"text":"Dinheiro e Investimento","link":"https:\/\/noticiasribeiraopreto.com.br\/index.php\/category\/dinheiro-e-investimento-como-fazer-como-ganhar\/"},"img":{"alt_text":"","src":"https:\/\/i0.wp.com\/noticiasribeiraopreto.com.br\/wp-content\/uploads\/2023\/12\/shutterstock_1257560179-628x353.png?fit=628%2C353&ssl=1&resize=350%2C200","width":350,"height":200,"srcset":"https:\/\/i0.wp.com\/noticiasribeiraopreto.com.br\/wp-content\/uploads\/2023\/12\/shutterstock_1257560179-628x353.png?fit=628%2C353&ssl=1&resize=350%2C200 1x, https:\/\/i0.wp.com\/noticiasribeiraopreto.com.br\/wp-content\/uploads\/2023\/12\/shutterstock_1257560179-628x353.png?fit=628%2C353&ssl=1&resize=525%2C300 1.5x"},"classes":[]},{"id":66416,"url":"https:\/\/noticiasribeiraopreto.com.br\/index.php\/2025\/03\/31\/depois-de-prefeitura-de-franca-e-camara-virarem-as-costas-para-negociacoes-servidores-aprovam-greve-geral\/","url_meta":{"origin":34785,"position":3},"title":"Depois de Prefeitura de Franca e C\u00e2mara virarem as costas para negocia\u00e7\u00f5es, servidores aprovam greve geral","author":"noticiasribeiraopreto.com.br","date":"31 de March de 2025","format":false,"excerpt":"Em assembleia geral, os servidores municipais da Prefeitura de Franca decidiram entrar em greve a partir de 7 de abril. A decis\u00e3o foi dada em reuni\u00e3o realizada na noite deste dia 31\/3. A medida ainda \u00e9 tomada no contexto que a C\u00e2mara de Franca tamb\u00e9m virou \u00e0s costas para os\u2026","rel":"","context":"In &quot;Not\u00edcias de Franca-SP&quot;","block_context":{"text":"Not\u00edcias de Franca-SP","link":"https:\/\/noticiasribeiraopreto.com.br\/index.php\/category\/noticias-de-ribeirao-preto-sp-e-regiao-ismael-colosi\/noticias-franca-sp\/"},"img":{"alt_text":"","src":"https:\/\/i0.wp.com\/noticiasribeiraopreto.com.br\/wp-content\/uploads\/2025\/03\/IMG-20250331-WA0075.jpg?fit=675%2C1200&ssl=1&resize=350%2C200","width":350,"height":200,"srcset":"https:\/\/i0.wp.com\/noticiasribeiraopreto.com.br\/wp-content\/uploads\/2025\/03\/IMG-20250331-WA0075.jpg?fit=675%2C1200&ssl=1&resize=350%2C200 1x, https:\/\/i0.wp.com\/noticiasribeiraopreto.com.br\/wp-content\/uploads\/2025\/03\/IMG-20250331-WA0075.jpg?fit=675%2C1200&ssl=1&resize=525%2C300 1.5x"},"classes":[]},{"id":34951,"url":"https:\/\/noticiasribeiraopreto.com.br\/index.php\/2024\/02\/04\/greve-de-auditores-e-funcionarios-do-bc-preocupa-setor-produtivo-que-pressiona-governo-por-acordo\/","url_meta":{"origin":34785,"position":4},"title":"Greve de auditores e funcion\u00e1rios do BC preocupa setor produtivo, que pressiona governo por acordo","author":"noticiasribeiraopreto.com.br","date":"4 de February de 2024","format":false,"excerpt":"O movimento de greve dos auditores fiscais come\u00e7a a gerar reflexos negativos para o fluxo do com\u00e9rcio exterior brasileiro, conforme of\u00edcio enviado ao ministro da Fazenda, Fernando Haddad, pelo presidente do Instituto Brasileiro de Com\u00e9rcio Internacional e Investimentos (IBCI), Welber Barral. Segundo o documento, que \u00e9 subscrito por outras tr\u00eas\u2026","rel":"","context":"In &quot;Dinheiro e Investimento&quot;","block_context":{"text":"Dinheiro e Investimento","link":"https:\/\/noticiasribeiraopreto.com.br\/index.php\/category\/dinheiro-e-investimento-como-fazer-como-ganhar\/"},"img":{"alt_text":"","src":"https:\/\/i0.wp.com\/noticiasribeiraopreto.com.br\/wp-content\/uploads\/2024\/02\/1707069131_Banco-Central-BC-Copom-Selic-juros-628x353.jpg?fit=628%2C353&ssl=1&resize=350%2C200","width":350,"height":200,"srcset":"https:\/\/i0.wp.com\/noticiasribeiraopreto.com.br\/wp-content\/uploads\/2024\/02\/1707069131_Banco-Central-BC-Copom-Selic-juros-628x353.jpg?fit=628%2C353&ssl=1&resize=350%2C200 1x, https:\/\/i0.wp.com\/noticiasribeiraopreto.com.br\/wp-content\/uploads\/2024\/02\/1707069131_Banco-Central-BC-Copom-Selic-juros-628x353.jpg?fit=628%2C353&ssl=1&resize=525%2C300 1.5x"},"classes":[]},{"id":67214,"url":"https:\/\/noticiasribeiraopreto.com.br\/index.php\/2025\/04\/11\/prefeitura-de-franca-mantem-linha-dura-com-servidores-e-consegue-adiar-negociacoes-e-segurar-greve\/","url_meta":{"origin":34785,"position":5},"title":"Prefeitura de Franca mant\u00e9m &#8216;linha dura&#8217; com servidores e consegue adiar negocia\u00e7\u00f5es e segurar greve","author":"noticiasribeiraopreto.com.br","date":"11 de April de 2025","format":false,"excerpt":"Durante audi\u00eancia no Tribunal de Justi\u00e7a, realizada na tarde deste dia 10\/4, a Prefeitura de Franca ficou sem apresentar qualquer proposta e n\u00e3o aceitou realizar concilia\u00e7\u00e3o com os servidores que deflagraram greve. A Comiss\u00e3o de greve tamb\u00e9m n\u00e3o conduziu movimenta\u00e7\u00e3o para enfrentar o governo de Alexandre Ferreira (MDB). Por parte\u2026","rel":"","context":"In &quot;Not\u00edcias de Franca-SP&quot;","block_context":{"text":"Not\u00edcias de Franca-SP","link":"https:\/\/noticiasribeiraopreto.com.br\/index.php\/category\/noticias-de-ribeirao-preto-sp-e-regiao-ismael-colosi\/noticias-franca-sp\/"},"img":{"alt_text":"","src":"https:\/\/i0.wp.com\/noticiasribeiraopreto.com.br\/wp-content\/uploads\/2025\/04\/IMG_20250407_132023_311.jpg?fit=578%2C434&ssl=1&resize=350%2C200","width":350,"height":200,"srcset":"https:\/\/i0.wp.com\/noticiasribeiraopreto.com.br\/wp-content\/uploads\/2025\/04\/IMG_20250407_132023_311.jpg?fit=578%2C434&ssl=1&resize=350%2C200 1x, https:\/\/i0.wp.com\/noticiasribeiraopreto.com.br\/wp-content\/uploads\/2025\/04\/IMG_20250407_132023_311.jpg?fit=578%2C434&ssl=1&resize=525%2C300 1.5x"},"classes":[]}],"jetpack_sharing_enabled":true,"jetpack_shortlink":"https:\/\/wp.me\/peQAOb-933","_links":{"self":[{"href":"https:\/\/noticiasribeiraopreto.com.br\/index.php\/wp-json\/wp\/v2\/posts\/34785","targetHints":{"allow":["GET"]}}],"collection":[{"href":"https:\/\/noticiasribeiraopreto.com.br\/index.php\/wp-json\/wp\/v2\/posts"}],"about":[{"href":"https:\/\/noticiasribeiraopreto.com.br\/index.php\/wp-json\/wp\/v2\/types\/post"}],"author":[{"embeddable":true,"href":"https:\/\/noticiasribeiraopreto.com.br\/index.php\/wp-json\/wp\/v2\/users\/1"}],"replies":[{"embeddable":true,"href":"https:\/\/noticiasribeiraopreto.com.br\/index.php\/wp-json\/wp\/v2\/comments?post=34785"}],"version-history":[{"count":0,"href":"https:\/\/noticiasribeiraopreto.com.br\/index.php\/wp-json\/wp\/v2\/posts\/34785\/revisions"}],"wp:featuredmedia":[{"embeddable":true,"href":"https:\/\/noticiasribeiraopreto.com.br\/index.php\/wp-json\/wp\/v2\/media\/34786"}],"wp:attachment":[{"href":"https:\/\/noticiasribeiraopreto.com.br\/index.php\/wp-json\/wp\/v2\/media?parent=34785"}],"wp:term":[{"taxonomy":"category","embeddable":true,"href":"https:\/\/noticiasribeiraopreto.com.br\/index.php\/wp-json\/wp\/v2\/categories?post=34785"},{"taxonomy":"post_tag","embeddable":true,"href":"https:\/\/noticiasribeiraopreto.com.br\/index.php\/wp-json\/wp\/v2\/tags?post=34785"}],"curies":[{"name":"wp","href":"https:\/\/api.w.org\/{rel}","templated":true}]}}