{"id":34789,"date":"2024-02-03T14:07:07","date_gmt":"2024-02-03T17:07:07","guid":{"rendered":"https:\/\/noticiasribeiraopreto.com.br\/index.php\/2024\/02\/03\/inmet-prorroga-alerta-de-chuvas-intensas-no-interior-de-sp-veja-os-locais\/"},"modified":"2024-02-03T14:07:07","modified_gmt":"2024-02-03T17:07:07","slug":"inmet-prorroga-alerta-de-chuvas-intensas-no-interior-de-sp-veja-os-locais","status":"publish","type":"post","link":"https:\/\/noticiasribeiraopreto.com.br\/index.php\/2024\/02\/03\/inmet-prorroga-alerta-de-chuvas-intensas-no-interior-de-sp-veja-os-locais\/","title":{"rendered":"Inmet prorroga alerta de chuvas intensas no interior de SP; Veja os locais"},"content":{"rendered":"<div class='code-block code-block-1' style='margin: 8px 0 8px auto; text-align: right; display: block; clear: both;'>\n<p><a href=\"https:\/\/wa.link\/vpicfd\"><img data-recalc-dims=\"1\" class=\"wp-image-4922\" style=\"aspect-ratio: 2.0253164556962027; width: 561px; height: auto;\" src=\"https:\/\/i0.wp.com\/ismaelcolosi.com.br\/wp-content\/uploads\/2023\/11\/grupo-de-empregos-whatsapp-e-facebook-ismael-colosi-vagas.jpg?ssl=1\" alt=\"\" \/><\/a><\/p>\n<!-- \/wp:image -->\n<\/div>\n<p> <br \/>\n<\/p>\n<div data-td-block-uid=\"tdi_102\">\n<div class=\"tdb-block-inner td-fix-index\">\n<p>O<strong><a href=\"https:\/\/portal.inmet.gov.br\/\" target=\"_blank\" rel=\"noreferrer noopener nofollow\"> Inmet (Instituto Nacional de Meteorologia) <\/a><\/strong>prorrogou at\u00e9 as 10h deste domingo (4) o alerta de \u201cperigo potencial\u201d para chuvas intensas no<strong> interior de S\u00e3o Paulo<\/strong>. De acordo com o aviso, <mark style=\"background-color:#fcb900\" class=\"has-inline-color has-black-color\">pode chover o acumulado de at\u00e9 30 mil\u00edmetros no per\u00edodo de uma hora<\/mark>.<\/p>\n<p>Al\u00e9m disso, o aviso aponta para possibilidade de ventos intensos entre 40 km\/h e 60 km\/h.<\/p>\n<p>No <strong>Estado de S\u00e3o Paulo<\/strong>, o aviso \u00e9 v\u00e1lido para as regi\u00f5es de<strong> Ribeir\u00e3o Preto<\/strong>,<strong> Franca<\/strong>, <strong>S\u00e3o Jos\u00e9 do Rio Preto<\/strong>, <strong>Piracicaba<\/strong>, <strong>Grande S\u00e3o Paulo<\/strong>,<strong> Araraquara<\/strong>,<strong> Vale do Para\u00edba<\/strong>,<strong> litoral Sul<\/strong> e <strong>Ara\u00e7atuba<\/strong>.<\/p>\n<h4 class=\"wp-block-heading\"><strong>Instru\u00e7\u00f5es:<\/strong><\/h4>\n<p>Em caso de rajadas de vento: n\u00e3o se abrigue debaixo de \u00e1rvores, pois h\u00e1 leve risco de queda e descargas el\u00e9tricas e n\u00e3o estacione ve\u00edculos pr\u00f3ximos a torres de transmiss\u00e3o e placas de propaganda.<\/p>\n<p>Evite usar aparelhos eletr\u00f4nicos ligados \u00e0 tomada.<\/p>\n<p>Obtenha mais informa\u00e7\u00f5es junto \u00e0 <strong>Defesa Civil<\/strong> (telefone 199) e ao<strong> Corpo de Bombeiros<\/strong> (telefone 193).<\/p>\n<p>SAIBA MAIS<br \/>Confira os blocos de Carnaval que v\u00e3o tomar as ruas de Ribeir\u00e3o Preto<\/p>\n<h4 class=\"wp-block-heading\"><strong>FIQUE ON<\/strong><\/h4>\n<p>Fique ligado em tudo que acontece em Ribeir\u00e3o Preto e regi\u00e3o. Siga os perfis do <strong>acidade on<\/strong> no <a href=\"https:\/\/www.instagram.com\/acidadeonribeirao\" target=\"_blank\" rel=\"noreferrer noopener nofollow\">Instagram <\/a>e no <a href=\"https:\/\/www.facebook.com\/acidadeonribeirao\" target=\"_blank\" rel=\"noreferrer noopener nofollow\">Facebook<\/a>.<\/p>\n<p>Receba not\u00edcias do <strong>acidade on <\/strong>no WhatsApp. <a href=\"https:\/\/chat.whatsapp.com\/Bnv2w66ZT4VDyZW3oiZ69n\" target=\"_blank\" rel=\"noreferrer noopener nofollow\">Para entrar no grupo, basta clicar aqui.<\/a><\/p>\n<p>Fa\u00e7a uma den\u00fancia ou sugira uma reportagem sobre Ribeir\u00e3o Preto e regi\u00e3o pelo WhatsApp: 16 99117 7802.<\/p>\n<p>VEJA TAMB\u00c9M<br \/>Quantos seguidores Yasmin Brunet tinha antes do BBB 24?<\/p>\n<p><!-- AI CONTENT END 1 -->\n<\/div>\n<\/div>\n<p><script async src=\"\/\/www.instagram.com\/embed.js\"><\/script><br \/>\n<br \/><br \/>\n<br \/><a href=\"https:\/\/www.acidadeon.com\/ribeiraopreto\/cotidiano\/inmet-prorroga-alerta-de-chuvas-intensas-no-interior-de-sp-veja-os-locais\/\">Source link <\/a><\/p>\n<!-- CONTENT END 1 -->\n","protected":false},"excerpt":{"rendered":"<p>O Inmet (Instituto Nacional de Meteorologia) prorrogou at\u00e9 as 10h deste domingo (4) o alerta de \u201cperigo potencial\u201d para chuvas intensas no interior de S\u00e3o&#8230;<\/p>\n","protected":false},"author":1,"featured_media":34790,"comment_status":"open","ping_status":"open","sticky":false,"template":"","format":"standard","meta":{"advanced_seo_description":"","jetpack_seo_html_title":"","jetpack_seo_noindex":false,"jetpack_post_was_ever_published":false,"_jetpack_newsletter_access":"","_jetpack_dont_email_post_to_subs":false,"_jetpack_newsletter_tier_id":0,"_jetpack_memberships_contains_paywalled_content":false,"_jetpack_memberships_contains_paid_content":false,"footnotes":"","jetpack_publicize_message":"","jetpack_publicize_feature_enabled":true,"jetpack_social_post_already_shared":true,"jetpack_social_options":{"image_generator_settings":{"template":"highway","default_image_id":0,"font":"","enabled":false},"version":2}},"categories":[11],"tags":[],"class_list":["post-34789","post","type-post","status-publish","format-standard","has-post-thumbnail","hentry","category-noticias-de-ribeirao-preto-sp-e-regiao-ismael-colosi"],"jetpack_publicize_connections":[],"jetpack_featured_media_url":"https:\/\/i0.wp.com\/noticiasribeiraopreto.com.br\/wp-content\/uploads\/2024\/02\/franca-scaled.jpeg?fit=2560%2C1401&ssl=1","jetpack-related-posts":[{"id":63419,"url":"https:\/\/noticiasribeiraopreto.com.br\/index.php\/2025\/02\/12\/inmet-publica-alerta-de-chuvas-intensas-para-o-interior-de-sp-veja-as-cidades\/","url_meta":{"origin":34789,"position":0},"title":"Inmet publica alerta de chuvas intensas para o interior de SP; Veja as cidades","author":"noticiasribeiraopreto.com.br","date":"12 de February de 2025","format":false,"excerpt":"O Inmet (Instituto Nacional de Meteorologia) publicou um novo alerta de chuvas intensas para o interior de S\u00e3o Paulo. O aviso \u00e9 v\u00e1lido at\u00e9 as 10h de quinta-feira (13). Segundo o \u00f3rg\u00e3o, pode chover o acumulado entre 20 e 30 mil\u00edmetros no per\u00edodo de uma hora, com ventos intensos entre\u2026","rel":"","context":"In &quot;Not\u00edcias de Ribeir\u00e3o Preto-SP e Regi\u00e3o&quot;","block_context":{"text":"Not\u00edcias de Ribeir\u00e3o Preto-SP e Regi\u00e3o","link":"https:\/\/noticiasribeiraopreto.com.br\/index.php\/category\/noticias-de-ribeirao-preto-sp-e-regiao-ismael-colosi\/"},"img":{"alt_text":"","src":"https:\/\/i0.wp.com\/noticiasribeiraopreto.com.br\/wp-content\/uploads\/2025\/01\/WhatsApp-Image-2025-01-28-at-07.06.17_2025-01-28_10-21-07_jpeg_2025-01-28_10-21-07.webp.webp?fit=1200%2C900&ssl=1&resize=350%2C200","width":350,"height":200,"srcset":"https:\/\/i0.wp.com\/noticiasribeiraopreto.com.br\/wp-content\/uploads\/2025\/01\/WhatsApp-Image-2025-01-28-at-07.06.17_2025-01-28_10-21-07_jpeg_2025-01-28_10-21-07.webp.webp?fit=1200%2C900&ssl=1&resize=350%2C200 1x, https:\/\/i0.wp.com\/noticiasribeiraopreto.com.br\/wp-content\/uploads\/2025\/01\/WhatsApp-Image-2025-01-28-at-07.06.17_2025-01-28_10-21-07_jpeg_2025-01-28_10-21-07.webp.webp?fit=1200%2C900&ssl=1&resize=525%2C300 1.5x, https:\/\/i0.wp.com\/noticiasribeiraopreto.com.br\/wp-content\/uploads\/2025\/01\/WhatsApp-Image-2025-01-28-at-07.06.17_2025-01-28_10-21-07_jpeg_2025-01-28_10-21-07.webp.webp?fit=1200%2C900&ssl=1&resize=700%2C400 2x, https:\/\/i0.wp.com\/noticiasribeiraopreto.com.br\/wp-content\/uploads\/2025\/01\/WhatsApp-Image-2025-01-28-at-07.06.17_2025-01-28_10-21-07_jpeg_2025-01-28_10-21-07.webp.webp?fit=1200%2C900&ssl=1&resize=1050%2C600 3x"},"classes":[]},{"id":63701,"url":"https:\/\/noticiasribeiraopreto.com.br\/index.php\/2025\/02\/19\/inmet-publica-alerta-de-chuvas-intensas-para-o-interior-de-sp-veja-os-locais-2\/","url_meta":{"origin":34789,"position":1},"title":"Inmet publica alerta de chuvas intensas para o interior de SP; Veja os locais","author":"noticiasribeiraopreto.com.br","date":"19 de February de 2025","format":false,"excerpt":"O Inmet (Instituto Nacional de Meteorologia) publicou dois alertas de chuvas intensas para o interior de S\u00e3o Paulo nesta quarta-feira (19). O aviso \u00e9 v\u00e1lido at\u00e9 as 11h de quinta-feira (20). Segundo o Inmet, na maior parte do interior paulista pode chover o acumulado entre 20 mil\u00edmetros e 30 mil\u00edmetros\u2026","rel":"","context":"In &quot;Not\u00edcias de Ribeir\u00e3o Preto-SP e Regi\u00e3o&quot;","block_context":{"text":"Not\u00edcias de Ribeir\u00e3o Preto-SP e Regi\u00e3o","link":"https:\/\/noticiasribeiraopreto.com.br\/index.php\/category\/noticias-de-ribeirao-preto-sp-e-regiao-ismael-colosi\/"},"img":{"alt_text":"","src":"https:\/\/i0.wp.com\/noticiasribeiraopreto.com.br\/wp-content\/uploads\/2025\/02\/inmet-alerta_2025-02-19_18-49-17_jpg_2025-02-19_18-49-18.webp.webp?fit=1200%2C759&ssl=1&resize=350%2C200","width":350,"height":200,"srcset":"https:\/\/i0.wp.com\/noticiasribeiraopreto.com.br\/wp-content\/uploads\/2025\/02\/inmet-alerta_2025-02-19_18-49-17_jpg_2025-02-19_18-49-18.webp.webp?fit=1200%2C759&ssl=1&resize=350%2C200 1x, https:\/\/i0.wp.com\/noticiasribeiraopreto.com.br\/wp-content\/uploads\/2025\/02\/inmet-alerta_2025-02-19_18-49-17_jpg_2025-02-19_18-49-18.webp.webp?fit=1200%2C759&ssl=1&resize=525%2C300 1.5x, https:\/\/i0.wp.com\/noticiasribeiraopreto.com.br\/wp-content\/uploads\/2025\/02\/inmet-alerta_2025-02-19_18-49-17_jpg_2025-02-19_18-49-18.webp.webp?fit=1200%2C759&ssl=1&resize=700%2C400 2x, https:\/\/i0.wp.com\/noticiasribeiraopreto.com.br\/wp-content\/uploads\/2025\/02\/inmet-alerta_2025-02-19_18-49-17_jpg_2025-02-19_18-49-18.webp.webp?fit=1200%2C759&ssl=1&resize=1050%2C600 3x"},"classes":[]},{"id":41068,"url":"https:\/\/noticiasribeiraopreto.com.br\/index.php\/2024\/03\/06\/inmet-publica-alerta-de-chuvas-intensas-no-interior-de-sp-ate-o-final-da-semana\/","url_meta":{"origin":34789,"position":2},"title":"Inmet publica alerta de chuvas intensas no interior de SP at\u00e9 o final da semana","author":"noticiasribeiraopreto.com.br","date":"6 de March de 2024","format":false,"excerpt":"O Inmet (Instituto Nacional de Meteorologia) publicou um alerta de chuvas intensas para o interior de S\u00e3o Paulo v\u00e1lido at\u00e9 o final desta semana. Segundo o aviso, pode chover o acumulado de at\u00e9 30 mil\u00edmetros no per\u00edodo de hora e ventos de at\u00e9 60 km\/h. O alerta \u00e9 v\u00e1lido at\u00e9\u2026","rel":"","context":"In &quot;Not\u00edcias de Ribeir\u00e3o Preto-SP e Regi\u00e3o&quot;","block_context":{"text":"Not\u00edcias de Ribeir\u00e3o Preto-SP e Regi\u00e3o","link":"https:\/\/noticiasribeiraopreto.com.br\/index.php\/category\/noticias-de-ribeirao-preto-sp-e-regiao-ismael-colosi\/"},"img":{"alt_text":"","src":"https:\/\/i0.wp.com\/noticiasribeiraopreto.com.br\/wp-content\/uploads\/2024\/03\/WhatsApp-Image-2024-02-16-at-11.24.48.jpeg?fit=1200%2C540&ssl=1&resize=350%2C200","width":350,"height":200,"srcset":"https:\/\/i0.wp.com\/noticiasribeiraopreto.com.br\/wp-content\/uploads\/2024\/03\/WhatsApp-Image-2024-02-16-at-11.24.48.jpeg?fit=1200%2C540&ssl=1&resize=350%2C200 1x, https:\/\/i0.wp.com\/noticiasribeiraopreto.com.br\/wp-content\/uploads\/2024\/03\/WhatsApp-Image-2024-02-16-at-11.24.48.jpeg?fit=1200%2C540&ssl=1&resize=525%2C300 1.5x, https:\/\/i0.wp.com\/noticiasribeiraopreto.com.br\/wp-content\/uploads\/2024\/03\/WhatsApp-Image-2024-02-16-at-11.24.48.jpeg?fit=1200%2C540&ssl=1&resize=700%2C400 2x, https:\/\/i0.wp.com\/noticiasribeiraopreto.com.br\/wp-content\/uploads\/2024\/03\/WhatsApp-Image-2024-02-16-at-11.24.48.jpeg?fit=1200%2C540&ssl=1&resize=1050%2C600 3x"},"classes":[]},{"id":11345,"url":"https:\/\/noticiasribeiraopreto.com.br\/index.php\/2023\/12\/06\/inmet-publica-alerta-de-chuvas-intensas-para-o-interior-de-sp-veja-os-locais\/","url_meta":{"origin":34789,"position":3},"title":"Inmet publica alerta de chuvas intensas para o interior de SP; Veja os locais","author":"noticiasribeiraopreto.com.br","date":"6 de December de 2023","format":false,"excerpt":"O Inmet (Instituto Nacional de Meteorologia) publicou um alerta de \u201cperigo potencial\u201d para chuvas intensas para o interior de S\u00e3o Paulo nesta ter\u00e7a-feira (5). O aviso \u00e9 v\u00e1lido at\u00e9 as 10h de quarta-feira (6). Segundo o \u00f3rg\u00e3o, pode chover o acumulado entre 20 e 30 mil\u00edmetros no per\u00edodo de uma\u2026","rel":"","context":"In &quot;Not\u00edcias de Ribeir\u00e3o Preto-SP e Regi\u00e3o&quot;","block_context":{"text":"Not\u00edcias de Ribeir\u00e3o Preto-SP e Regi\u00e3o","link":"https:\/\/noticiasribeiraopreto.com.br\/index.php\/category\/noticias-de-ribeirao-preto-sp-e-regiao-ismael-colosi\/"},"img":{"alt_text":"","src":"https:\/\/i0.wp.com\/noticiasribeiraopreto.com.br\/wp-content\/uploads\/2023\/12\/chuva-forte.jpg?fit=1200%2C765&ssl=1&resize=350%2C200","width":350,"height":200,"srcset":"https:\/\/i0.wp.com\/noticiasribeiraopreto.com.br\/wp-content\/uploads\/2023\/12\/chuva-forte.jpg?fit=1200%2C765&ssl=1&resize=350%2C200 1x, https:\/\/i0.wp.com\/noticiasribeiraopreto.com.br\/wp-content\/uploads\/2023\/12\/chuva-forte.jpg?fit=1200%2C765&ssl=1&resize=525%2C300 1.5x, https:\/\/i0.wp.com\/noticiasribeiraopreto.com.br\/wp-content\/uploads\/2023\/12\/chuva-forte.jpg?fit=1200%2C765&ssl=1&resize=700%2C400 2x, https:\/\/i0.wp.com\/noticiasribeiraopreto.com.br\/wp-content\/uploads\/2023\/12\/chuva-forte.jpg?fit=1200%2C765&ssl=1&resize=1050%2C600 3x"},"classes":[]},{"id":60497,"url":"https:\/\/noticiasribeiraopreto.com.br\/index.php\/2024\/11\/15\/interior-de-sp-tem-novo-alerta-do-inmet-veja-os-locais-afetados\/","url_meta":{"origin":34789,"position":4},"title":"Interior de SP tem novo alerta do Inmet; Veja os locais afetados","author":"noticiasribeiraopreto.com.br","date":"15 de November de 2024","format":false,"excerpt":"O Inmet (Instituto Nacional de Meteorologia) publicou um alerta de chuvas intensas para o interior de S\u00e3o Paulo. O aviso \u00e9 v\u00e1lido at\u00e9 as 10h de s\u00e1bado (16). Segundo o \u00f3rg\u00e3o, pode chover o acumulado de at\u00e9 50 mil\u00edmetros no per\u00edodo de um dia, com ventos intensos entre 40 km\/h\u2026","rel":"","context":"In &quot;Not\u00edcias de Ribeir\u00e3o Preto-SP e Regi\u00e3o&quot;","block_context":{"text":"Not\u00edcias de Ribeir\u00e3o Preto-SP e Regi\u00e3o","link":"https:\/\/noticiasribeiraopreto.com.br\/index.php\/category\/noticias-de-ribeirao-preto-sp-e-regiao-ismael-colosi\/"},"img":{"alt_text":"","src":"https:\/\/i0.wp.com\/noticiasribeiraopreto.com.br\/wp-content\/uploads\/2024\/11\/1731687414_chuva.jpeg?fit=1200%2C903&ssl=1&resize=350%2C200","width":350,"height":200,"srcset":"https:\/\/i0.wp.com\/noticiasribeiraopreto.com.br\/wp-content\/uploads\/2024\/11\/1731687414_chuva.jpeg?fit=1200%2C903&ssl=1&resize=350%2C200 1x, https:\/\/i0.wp.com\/noticiasribeiraopreto.com.br\/wp-content\/uploads\/2024\/11\/1731687414_chuva.jpeg?fit=1200%2C903&ssl=1&resize=525%2C300 1.5x, https:\/\/i0.wp.com\/noticiasribeiraopreto.com.br\/wp-content\/uploads\/2024\/11\/1731687414_chuva.jpeg?fit=1200%2C903&ssl=1&resize=700%2C400 2x, https:\/\/i0.wp.com\/noticiasribeiraopreto.com.br\/wp-content\/uploads\/2024\/11\/1731687414_chuva.jpeg?fit=1200%2C903&ssl=1&resize=1050%2C600 3x"},"classes":[]},{"id":62511,"url":"https:\/\/noticiasribeiraopreto.com.br\/index.php\/2025\/01\/16\/inmet-publica-alerta-de-chuvas-intensas-no-interior-de-sp-veja-as-cidades\/","url_meta":{"origin":34789,"position":5},"title":"Inmet publica alerta de chuvas intensas no interior de SP; Veja as cidades","author":"noticiasribeiraopreto.com.br","date":"16 de January de 2025","format":false,"excerpt":"O Inmet (Instituto Nacional de Meteorologia) publicou nesta quinta-feira (16) um alerta de chuvas intensas para o interior de S\u00e3o Paulo. O aviso \u00e9 v\u00e1lido at\u00e9 sexta-feira (17), \u00e0s 10h. Segundo o Inmet, pode chover o acumulado entre 20 e 30 mil\u00edmetros no per\u00edodo de uma hora, com ventos intensos\u2026","rel":"","context":"In &quot;Not\u00edcias de Ribeir\u00e3o Preto-SP e Regi\u00e3o&quot;","block_context":{"text":"Not\u00edcias de Ribeir\u00e3o Preto-SP e Regi\u00e3o","link":"https:\/\/noticiasribeiraopreto.com.br\/index.php\/category\/noticias-de-ribeirao-preto-sp-e-regiao-ismael-colosi\/"},"img":{"alt_text":"","src":"https:\/\/i0.wp.com\/noticiasribeiraopreto.com.br\/wp-content\/uploads\/2025\/01\/alerta_2025-01-16_15-20-18_jpg_2025-01-16_15-20-18.webp.webp?fit=1200%2C686&ssl=1&resize=350%2C200","width":350,"height":200,"srcset":"https:\/\/i0.wp.com\/noticiasribeiraopreto.com.br\/wp-content\/uploads\/2025\/01\/alerta_2025-01-16_15-20-18_jpg_2025-01-16_15-20-18.webp.webp?fit=1200%2C686&ssl=1&resize=350%2C200 1x, https:\/\/i0.wp.com\/noticiasribeiraopreto.com.br\/wp-content\/uploads\/2025\/01\/alerta_2025-01-16_15-20-18_jpg_2025-01-16_15-20-18.webp.webp?fit=1200%2C686&ssl=1&resize=525%2C300 1.5x, https:\/\/i0.wp.com\/noticiasribeiraopreto.com.br\/wp-content\/uploads\/2025\/01\/alerta_2025-01-16_15-20-18_jpg_2025-01-16_15-20-18.webp.webp?fit=1200%2C686&ssl=1&resize=700%2C400 2x, https:\/\/i0.wp.com\/noticiasribeiraopreto.com.br\/wp-content\/uploads\/2025\/01\/alerta_2025-01-16_15-20-18_jpg_2025-01-16_15-20-18.webp.webp?fit=1200%2C686&ssl=1&resize=1050%2C600 3x"},"classes":[]}],"jetpack_sharing_enabled":true,"jetpack_shortlink":"https:\/\/wp.me\/peQAOb-937","_links":{"self":[{"href":"https:\/\/noticiasribeiraopreto.com.br\/index.php\/wp-json\/wp\/v2\/posts\/34789","targetHints":{"allow":["GET"]}}],"collection":[{"href":"https:\/\/noticiasribeiraopreto.com.br\/index.php\/wp-json\/wp\/v2\/posts"}],"about":[{"href":"https:\/\/noticiasribeiraopreto.com.br\/index.php\/wp-json\/wp\/v2\/types\/post"}],"author":[{"embeddable":true,"href":"https:\/\/noticiasribeiraopreto.com.br\/index.php\/wp-json\/wp\/v2\/users\/1"}],"replies":[{"embeddable":true,"href":"https:\/\/noticiasribeiraopreto.com.br\/index.php\/wp-json\/wp\/v2\/comments?post=34789"}],"version-history":[{"count":0,"href":"https:\/\/noticiasribeiraopreto.com.br\/index.php\/wp-json\/wp\/v2\/posts\/34789\/revisions"}],"wp:featuredmedia":[{"embeddable":true,"href":"https:\/\/noticiasribeiraopreto.com.br\/index.php\/wp-json\/wp\/v2\/media\/34790"}],"wp:attachment":[{"href":"https:\/\/noticiasribeiraopreto.com.br\/index.php\/wp-json\/wp\/v2\/media?parent=34789"}],"wp:term":[{"taxonomy":"category","embeddable":true,"href":"https:\/\/noticiasribeiraopreto.com.br\/index.php\/wp-json\/wp\/v2\/categories?post=34789"},{"taxonomy":"post_tag","embeddable":true,"href":"https:\/\/noticiasribeiraopreto.com.br\/index.php\/wp-json\/wp\/v2\/tags?post=34789"}],"curies":[{"name":"wp","href":"https:\/\/api.w.org\/{rel}","templated":true}]}}