{"id":34795,"date":"2024-02-03T14:27:23","date_gmt":"2024-02-03T17:27:23","guid":{"rendered":"https:\/\/noticiasribeiraopreto.com.br\/index.php\/2024\/02\/03\/empretec-de-rp-abre-inscricoes\/"},"modified":"2024-02-03T14:27:23","modified_gmt":"2024-02-03T17:27:23","slug":"empretec-de-rp-abre-inscricoes","status":"publish","type":"post","link":"https:\/\/noticiasribeiraopreto.com.br\/index.php\/2024\/02\/03\/empretec-de-rp-abre-inscricoes\/","title":{"rendered":"Empretec de RP abre inscri\u00e7\u00f5es \u00a0"},"content":{"rendered":"<div class='code-block code-block-1' style='margin: 8px 0 8px auto; text-align: right; display: block; clear: both;'>\n<p><a href=\"https:\/\/wa.link\/vpicfd\"><img data-recalc-dims=\"1\" class=\"wp-image-4922\" style=\"aspect-ratio: 2.0253164556962027; width: 561px; height: auto;\" src=\"https:\/\/i0.wp.com\/ismaelcolosi.com.br\/wp-content\/uploads\/2023\/11\/grupo-de-empregos-whatsapp-e-facebook-ismael-colosi-vagas.jpg?ssl=1\" alt=\"\" \/><\/a><\/p>\n<!-- \/wp:image -->\n<\/div>\n<p> <br \/>\n<\/p>\n<div id=\"post-372460\">\n<header class=\"entry-header penci-entry-header penci-title-center\">\n<p> <span class=\"entry-meta-item penci-posted-on\"><i class=\"fa fa-clock-o\"\/><time class=\"entry-date published\" datetime=\"2024-02-03T14:00:28-03:00\">3 de fevereiro de 2024 | 14:00<\/time><time class=\"updated\" datetime=\"2024-02-02T20:35:27-03:00\">2 de fevereiro de 2024 | 20:35<\/time><\/span><\/p>\n<p> <span class=\"penci-social-buttons penci-social-share-footer\"><a href=\"#\" class=\"penci-post-like penci_post-meta_item  single-like-button penci-social-item like\" data-post_id=\"372460\" title=\"Like\" data-like=\"Like\" data-unlike=\"Unlike\"><i class=\"fa fa-thumbs-o-up\"\/><span class=\"penci-share-number\">0<\/span><\/a><i class=\"fa fa-facebook\"\/><a class=\"penci-social-item twitter\" target=\"_blank\" rel=\"noopener\" title=\"\" href=\"https:\/\/twitter.com\/intent\/tweet?text=Empretec%20de%20RP%20abre%20inscri\u00e7\u00f5es%20\u00a0%20-%20https:\/\/www.tribunaribeirao.com.br\/site\/empretec-de-rp-abre-inscricoes\/\"><i class=\"fa fa-twitter\"\/><\/a><i class=\"fa fa-whatsapp\"\/><\/span><\/header>\n<div class=\"penci-entry-content entry-content\">\n<p><span class=\"TextRun SCXW161466369 BCX0\" lang=\"PT-BR\" xml:lang=\"PT-BR\" data-contrast=\"auto\"><span class=\"NormalTextRun SCXW161466369 BCX0\">Seis dias de imers\u00e3o com atividades pr\u00e1ticas, cientificamente fundamentadas, que mostram como agem os empreendedores de sucesso. Essa \u00e9 a din\u00e2mica do <\/span><span class=\"NormalTextRun SpellingErrorV2Themed SCXW161466369 BCX0\">Empretec<\/span><span class=\"NormalTextRun SCXW161466369 BCX0\">, considerado como o principal programa de forma\u00e7\u00e3o de empreendedores do mundo, que est\u00e1 com inscri\u00e7\u00f5es abertas para nova turma em Ribeir\u00e3o Preto. O curso ser\u00e1 realizado pelo S<\/span><span class=\"NormalTextRun SCXW161466369 BCX0\">ervi\u00e7o Brasileiro de Apoio \u00e0s Micro e Pequenas Empresas<\/span><span class=\"NormalTextRun SCXW161466369 BCX0\"> de S\u00e3o Paulo (<\/span><span class=\"NormalTextRun SCXW161466369 BCX0\">S<\/span><span class=\"NormalTextRun SCXW161466369 BCX0\">ebrae<\/span><span class=\"NormalTextRun SCXW161466369 BCX0\">-SP<\/span><span class=\"NormalTextRun SCXW161466369 BCX0\">),<\/span><span class=\"NormalTextRun SCXW161466369 BCX0\"> de 19 a 24 de fevereiro.<\/span><\/span><span class=\"LineBreakBlob BlobObject DragDrop SCXW161466369 BCX0\"><span class=\"SCXW161466369 BCX0\">\u00a0<\/span><br class=\"SCXW161466369 BCX0\"\/><\/span><span class=\"LineBreakBlob BlobObject DragDrop SCXW161466369 BCX0\"><span class=\"SCXW161466369 BCX0\">\u00a0<\/span><br class=\"SCXW161466369 BCX0\"\/><\/span><span class=\"TextRun SCXW161466369 BCX0\" lang=\"PT-BR\" xml:lang=\"PT-BR\" data-contrast=\"auto\"><span class=\"NormalTextRun SCXW161466369 BCX0\">O <\/span><span class=\"NormalTextRun SpellingErrorV2Themed SCXW161466369 BCX0\">Empretec<\/span><span class=\"NormalTextRun SCXW161466369 BCX0\"> utiliza uma metodologia criada pela Organiza\u00e7\u00e3o das Na\u00e7\u00f5es Unidas (ONU) e trabalha os comportamentos empreendedores. S\u00e3o eles: busca de oportunidade e iniciativa; persist\u00eancia; correr riscos calculados; exig\u00eancia de qualidade e efici\u00eancia; comprometimento; busca de informa\u00e7\u00f5es; estabelecimento de metas; planejamento e monitoramento sistem\u00e1ticos; persuas\u00e3o e rede de contatos; e independ\u00eancia e autoconfian\u00e7a.<\/span><\/span><span class=\"LineBreakBlob BlobObject DragDrop SCXW161466369 BCX0\"><span class=\"SCXW161466369 BCX0\">\u00a0<\/span><br class=\"SCXW161466369 BCX0\"\/><\/span><span class=\"LineBreakBlob BlobObject DragDrop SCXW161466369 BCX0\"><span class=\"SCXW161466369 BCX0\">\u00a0<\/span><br class=\"SCXW161466369 BCX0\"\/><\/span><span class=\"TextRun SCXW161466369 BCX0\" lang=\"PT-BR\" xml:lang=\"PT-BR\" data-contrast=\"auto\"><span class=\"NormalTextRun SCXW161466369 BCX0\">A gestora de neg\u00f3cios do <\/span><span class=\"NormalTextRun SCXW161466369 BCX0\">Sebrae<\/span><span class=\"NormalTextRun SCXW161466369 BCX0\">-SP <\/span><span class=\"NormalTextRun SCXW161466369 BCX0\">Naiana<\/span><span class=\"NormalTextRun SCXW161466369 BCX0\"> Nogueira destaca que o <\/span><span class=\"NormalTextRun SpellingErrorV2Themed SCXW161466369 BCX0\">Empretec<\/span><span class=\"NormalTextRun SCXW161466369 BCX0\"> \u00e9 um curso transformador na vida de muitas pessoas. \u201cS\u00e3o seis dias intensos e desafiadores. Utilizamos uma metodologia vivencial e interativa com jogos, exerc\u00edcios e debates para desenvolver as compet\u00eancias empreendedoras dos participantes\u201d, afirma.<\/span><\/span><span class=\"LineBreakBlob BlobObject DragDrop SCXW161466369 BCX0\"><span class=\"SCXW161466369 BCX0\">\u00a0<\/span><br class=\"SCXW161466369 BCX0\"\/><\/span><span class=\"LineBreakBlob BlobObject DragDrop SCXW161466369 BCX0\"><span class=\"SCXW161466369 BCX0\">\u00a0<\/span><br class=\"SCXW161466369 BCX0\"\/><\/span><span class=\"TextRun SCXW161466369 BCX0\" lang=\"PT-BR\" xml:lang=\"PT-BR\" data-contrast=\"auto\"><span class=\"NormalTextRun SCXW161466369 BCX0\">Durante o curso, os participantes se <\/span><span class=\"NormalTextRun SCXW161466369 BCX0\">autoavaliam<\/span><span class=\"NormalTextRun SCXW161466369 BCX0\">, identificam seus pontos fortes e fracos e, novamente, s\u00e3o desafiados a adotarem uma postura que reforce suas potencialidades e corrija suas fraquezas. A mudan\u00e7a comportamental se reflete direta e imediatamente nos resultados pessoais e empresariais.<\/span><\/span><span class=\"LineBreakBlob BlobObject DragDrop SCXW161466369 BCX0\"><span class=\"SCXW161466369 BCX0\">\u00a0<\/span><br class=\"SCXW161466369 BCX0\"\/><\/span><span class=\"LineBreakBlob BlobObject DragDrop SCXW161466369 BCX0\"><span class=\"SCXW161466369 BCX0\">\u00a0<\/span><br class=\"SCXW161466369 BCX0\"\/><\/span><span class=\"TextRun SCXW161466369 BCX0\" lang=\"PT-BR\" xml:lang=\"PT-BR\" data-contrast=\"auto\"><span class=\"NormalTextRun SCXW161466369 BCX0\">Para participar do curso, \u00e9 preciso passar por uma entrevista de sele\u00e7\u00e3o, que serve para identificar o perfil empreendedor do participante e avaliar se a pessoa est\u00e1 em um momento de vida adequado que permita absorver toda a experi\u00eancia e aprendizado que o evento proporciona. Os interessados podem entrar em contato com o <\/span><span class=\"NormalTextRun SCXW161466369 BCX0\">Sebrae<\/span><span class=\"NormalTextRun SCXW161466369 BCX0\">-SP pelo n\u00famero de <\/span><span class=\"NormalTextRun SCXW161466369 BCX0\">WhatsApp<\/span><span class=\"NormalTextRun SCXW161466369 BCX0\"> (16) 99126-8868.<\/span><\/span><span class=\"EOP SCXW161466369 BCX0\" data-ccp-props=\"{&quot;201341983&quot;:0,&quot;335559739&quot;:200,&quot;335559740&quot;:276}\">\u00a0<\/span><\/p>\n<\/div>\n<footer class=\"penci-entry-footer\"\/><\/div>\n<p><script async src=\"\/\/platform.twitter.com\/widgets.js\" charset=\"utf-8\"><\/script><br \/>\n<br \/><br \/>\n<br \/><a href=\"https:\/\/www.tribunaribeirao.com.br\/site\/empretec-de-rp-abre-inscricoes\/\">Source link <\/a><\/p>\n<!-- CONTENT END 1 -->\n","protected":false},"excerpt":{"rendered":"<p>3 de fevereiro de 2024 | 14:002 de fevereiro de 2024 | 20:35 0 Seis dias de imers\u00e3o com atividades pr\u00e1ticas, cientificamente fundamentadas, que mostram&#8230;<\/p>\n","protected":false},"author":1,"featured_media":34796,"comment_status":"open","ping_status":"open","sticky":false,"template":"","format":"standard","meta":{"advanced_seo_description":"","jetpack_seo_html_title":"","jetpack_seo_noindex":false,"jetpack_post_was_ever_published":false,"_jetpack_newsletter_access":"","_jetpack_dont_email_post_to_subs":false,"_jetpack_newsletter_tier_id":0,"_jetpack_memberships_contains_paywalled_content":false,"_jetpack_memberships_contains_paid_content":false,"footnotes":"","jetpack_publicize_message":"","jetpack_publicize_feature_enabled":true,"jetpack_social_post_already_shared":true,"jetpack_social_options":{"image_generator_settings":{"template":"highway","default_image_id":0,"font":"","enabled":false},"version":2}},"categories":[11],"tags":[210,4046,566],"class_list":["post-34795","post","type-post","status-publish","format-standard","has-post-thumbnail","hentry","category-noticias-de-ribeirao-preto-sp-e-regiao-ismael-colosi","tag-abre","tag-empretec","tag-inscricoes"],"jetpack_publicize_connections":[],"jetpack_featured_media_url":"https:\/\/i0.wp.com\/noticiasribeiraopreto.com.br\/wp-content\/uploads\/2024\/02\/Sebrae.jpg?fit=814%2C492&ssl=1","jetpack-related-posts":[{"id":36102,"url":"https:\/\/noticiasribeiraopreto.com.br\/index.php\/2024\/02\/08\/faepa-abre-processo-seletivo-com-vagas-em-ribeirao-preto-e-serrana\/","url_meta":{"origin":34795,"position":0},"title":"Faepa abre processo seletivo com vagas em Ribeir\u00e3o Preto e Serrana","author":"noticiasribeiraopreto.com.br","date":"8 de February de 2024","format":false,"excerpt":"A Faepa (Funda\u00e7\u00e3o de Apoio ao Ensino, Pesquisa e Assist\u00eancia do Hospital das Cl\u00ednicas da Faculdade de Medicina de Ribeir\u00e3o Preto) da USP (Universidade de S\u00e3o Paulo) conta com processo seletivo para cinco vagas em Ribeir\u00e3o Preto e Serrana. Os sal\u00e1rios para as fun\u00e7\u00f5es variam entre R$ 2,3 mil e\u2026","rel":"","context":"In &quot;Not\u00edcias de Ribeir\u00e3o Preto-SP e Regi\u00e3o&quot;","block_context":{"text":"Not\u00edcias de Ribeir\u00e3o Preto-SP e Regi\u00e3o","link":"https:\/\/noticiasribeiraopreto.com.br\/index.php\/category\/noticias-de-ribeirao-preto-sp-e-regiao-ismael-colosi\/"},"img":{"alt_text":"","src":"https:\/\/i0.wp.com\/noticiasribeiraopreto.com.br\/wp-content\/uploads\/2024\/02\/hc-ribeirao-preto.jpg?fit=1200%2C675&ssl=1&resize=350%2C200","width":350,"height":200,"srcset":"https:\/\/i0.wp.com\/noticiasribeiraopreto.com.br\/wp-content\/uploads\/2024\/02\/hc-ribeirao-preto.jpg?fit=1200%2C675&ssl=1&resize=350%2C200 1x, https:\/\/i0.wp.com\/noticiasribeiraopreto.com.br\/wp-content\/uploads\/2024\/02\/hc-ribeirao-preto.jpg?fit=1200%2C675&ssl=1&resize=525%2C300 1.5x, https:\/\/i0.wp.com\/noticiasribeiraopreto.com.br\/wp-content\/uploads\/2024\/02\/hc-ribeirao-preto.jpg?fit=1200%2C675&ssl=1&resize=700%2C400 2x, https:\/\/i0.wp.com\/noticiasribeiraopreto.com.br\/wp-content\/uploads\/2024\/02\/hc-ribeirao-preto.jpg?fit=1200%2C675&ssl=1&resize=1050%2C600 3x"},"classes":[]},{"id":26654,"url":"https:\/\/noticiasribeiraopreto.com.br\/index.php\/2024\/01\/10\/minaz-abre-inscricoes-para-audicoes-de-novos-cantores-em-ribeirao-veja-como-participar-1\/","url_meta":{"origin":34795,"position":1},"title":"Minaz abre inscri\u00e7\u00f5es para audi\u00e7\u00f5es de novos cantores em Ribeir\u00e3o; Veja como participar","author":"noticiasribeiraopreto.com.br","date":"10 de January de 2024","format":false,"excerpt":"A Companhia Minaz, de Ribeir\u00e3o Preto, est\u00e1 com inscri\u00e7\u00f5es abertas para audi\u00e7\u00f5es e sele\u00e7\u00e3o de novas vozes para a temporada de 2024. Os testes v\u00e3o selecionar novos integrantes para os corais adulto popular, adulto l\u00edrico, juvenil, pr\u00e9-juvenil e infantil. Ao decorrer do ano, os corais ter\u00e3o ensaios e aulas, al\u00e9m\u2026","rel":"","context":"In &quot;Not\u00edcias de Ribeir\u00e3o Preto-SP e Regi\u00e3o&quot;","block_context":{"text":"Not\u00edcias de Ribeir\u00e3o Preto-SP e Regi\u00e3o","link":"https:\/\/noticiasribeiraopreto.com.br\/index.php\/category\/noticias-de-ribeirao-preto-sp-e-regiao-ismael-colosi\/"},"img":{"alt_text":"","src":"https:\/\/i0.wp.com\/noticiasribeiraopreto.com.br\/wp-content\/uploads\/2024\/01\/382607775_326726596578327_193314388736159982_n.jpg?fit=1080%2C720&ssl=1&resize=350%2C200","width":350,"height":200,"srcset":"https:\/\/i0.wp.com\/noticiasribeiraopreto.com.br\/wp-content\/uploads\/2024\/01\/382607775_326726596578327_193314388736159982_n.jpg?fit=1080%2C720&ssl=1&resize=350%2C200 1x, https:\/\/i0.wp.com\/noticiasribeiraopreto.com.br\/wp-content\/uploads\/2024\/01\/382607775_326726596578327_193314388736159982_n.jpg?fit=1080%2C720&ssl=1&resize=525%2C300 1.5x, https:\/\/i0.wp.com\/noticiasribeiraopreto.com.br\/wp-content\/uploads\/2024\/01\/382607775_326726596578327_193314388736159982_n.jpg?fit=1080%2C720&ssl=1&resize=700%2C400 2x, https:\/\/i0.wp.com\/noticiasribeiraopreto.com.br\/wp-content\/uploads\/2024\/01\/382607775_326726596578327_193314388736159982_n.jpg?fit=1080%2C720&ssl=1&resize=1050%2C600 3x"},"classes":[]},{"id":36154,"url":"https:\/\/noticiasribeiraopreto.com.br\/index.php\/2024\/02\/08\/373043-2\/","url_meta":{"origin":34795,"position":2},"title":"Santa Lydia abre processo seletivo para v\u00e1rios cargos","author":"noticiasribeiraopreto.com.br","date":"8 de February de 2024","format":false,"excerpt":"8 de fevereiro de 2024 | 16:008 de fevereiro de 2024 | 10:00 0A\u00a0Funda\u00e7\u00e3o Hospital Santa Lydia de Ribeir\u00e3o Preto\u00a0abriu um novo processo seletivo com\u00a0oito vagas de n\u00edvel fundamental, m\u00e9dio, superior e oportunidades para cadastro de reservaAs vagas s\u00e3o para auxiliar de limpeza, auxiliar de cozinha, auxiliar de consult\u00f3rio dent\u00e1rio,\u2026","rel":"","context":"In &quot;Not\u00edcias de Ribeir\u00e3o Preto-SP e Regi\u00e3o&quot;","block_context":{"text":"Not\u00edcias de Ribeir\u00e3o Preto-SP e Regi\u00e3o","link":"https:\/\/noticiasribeiraopreto.com.br\/index.php\/category\/noticias-de-ribeirao-preto-sp-e-regiao-ismael-colosi\/"},"img":{"alt_text":"","src":"https:\/\/i0.wp.com\/noticiasribeiraopreto.com.br\/wp-content\/uploads\/2024\/02\/4bcd3457-87f9-465f-9e63-cd7d2f8574a6-scaled.jpg?fit=967%2C645&ssl=1&resize=350%2C200","width":350,"height":200,"srcset":"https:\/\/i0.wp.com\/noticiasribeiraopreto.com.br\/wp-content\/uploads\/2024\/02\/4bcd3457-87f9-465f-9e63-cd7d2f8574a6-scaled.jpg?fit=967%2C645&ssl=1&resize=350%2C200 1x, https:\/\/i0.wp.com\/noticiasribeiraopreto.com.br\/wp-content\/uploads\/2024\/02\/4bcd3457-87f9-465f-9e63-cd7d2f8574a6-scaled.jpg?fit=967%2C645&ssl=1&resize=525%2C300 1.5x, https:\/\/i0.wp.com\/noticiasribeiraopreto.com.br\/wp-content\/uploads\/2024\/02\/4bcd3457-87f9-465f-9e63-cd7d2f8574a6-scaled.jpg?fit=967%2C645&ssl=1&resize=700%2C400 2x"},"classes":[]},{"id":40028,"url":"https:\/\/noticiasribeiraopreto.com.br\/index.php\/2024\/02\/29\/caixa-abre-inscricoes-para-concurso-com-salarios-de-ate-r-149-mil\/","url_meta":{"origin":34795,"position":3},"title":"Caixa abre inscri\u00e7\u00f5es para concurso com sal\u00e1rios de at\u00e9 R$ 14,9 mil","author":"noticiasribeiraopreto.com.br","date":"29 de February de 2024","format":false,"excerpt":"29 de fevereiro de 2024 | 15:3029 de fevereiro de 2024 | 13:31 0Come\u00e7aram nesta quinta-feira (29) as inscri\u00e7\u00f5es para o concurso da Caixa. Com mais de 4 mil vagas para todo o Brasil, incluindo cadastro reserva, as inscri\u00e7\u00f5es para o certame podem ser feitas pelo\u00a0site da Funda\u00e7\u00e3o Cesgranrio.\u00a0O valor\u2026","rel":"","context":"In &quot;Not\u00edcias de Ribeir\u00e3o Preto-SP e Regi\u00e3o&quot;","block_context":{"text":"Not\u00edcias de Ribeir\u00e3o Preto-SP e Regi\u00e3o","link":"https:\/\/noticiasribeiraopreto.com.br\/index.php\/category\/noticias-de-ribeirao-preto-sp-e-regiao-ismael-colosi\/"},"img":{"alt_text":"","src":"https:\/\/i0.wp.com\/noticiasribeiraopreto.com.br\/wp-content\/uploads\/2024\/02\/937c4299-3d64-4605-bfeb-feeba2a9a61c-scaled.jpg?fit=1000%2C598&ssl=1&resize=350%2C200","width":350,"height":200,"srcset":"https:\/\/i0.wp.com\/noticiasribeiraopreto.com.br\/wp-content\/uploads\/2024\/02\/937c4299-3d64-4605-bfeb-feeba2a9a61c-scaled.jpg?fit=1000%2C598&ssl=1&resize=350%2C200 1x, https:\/\/i0.wp.com\/noticiasribeiraopreto.com.br\/wp-content\/uploads\/2024\/02\/937c4299-3d64-4605-bfeb-feeba2a9a61c-scaled.jpg?fit=1000%2C598&ssl=1&resize=525%2C300 1.5x, https:\/\/i0.wp.com\/noticiasribeiraopreto.com.br\/wp-content\/uploads\/2024\/02\/937c4299-3d64-4605-bfeb-feeba2a9a61c-scaled.jpg?fit=1000%2C598&ssl=1&resize=700%2C400 2x"},"classes":[]},{"id":25513,"url":"https:\/\/noticiasribeiraopreto.com.br\/index.php\/2024\/01\/07\/prefeitura-de-ribeirao-preto-abre-inscricoes-para-concurso-publico-nesta-segunda\/","url_meta":{"origin":34795,"position":4},"title":"Prefeitura de Ribeir\u00e3o Preto abre inscri\u00e7\u00f5es para concurso p\u00fablico nesta segunda","author":"noticiasribeiraopreto.com.br","date":"7 de January de 2024","format":false,"excerpt":"A Prefeitura de Ribeir\u00e3o Preto abre nesta segunda-feira (8) as inscri\u00e7\u00f5es do concurso p\u00fablico com vagas na Secretaria Municipal de \u00c1gua e Esgoto (Saerp). S\u00e3o 16 vagas abertas com cargos para n\u00edveis fundamental, m\u00e9dio, t\u00e9cnico e superior, com sal\u00e1rios iniciais variando entre R$ 2.250 e R$ 5.645. O edital foi\u2026","rel":"","context":"In &quot;Not\u00edcias de Ribeir\u00e3o Preto-SP e Regi\u00e3o&quot;","block_context":{"text":"Not\u00edcias de Ribeir\u00e3o Preto-SP e Regi\u00e3o","link":"https:\/\/noticiasribeiraopreto.com.br\/index.php\/category\/noticias-de-ribeirao-preto-sp-e-regiao-ismael-colosi\/"},"img":{"alt_text":"","src":"https:\/\/i0.wp.com\/noticiasribeiraopreto.com.br\/wp-content\/uploads\/2024\/01\/man-5710164_1280.jpg?fit=1200%2C800&ssl=1&resize=350%2C200","width":350,"height":200,"srcset":"https:\/\/i0.wp.com\/noticiasribeiraopreto.com.br\/wp-content\/uploads\/2024\/01\/man-5710164_1280.jpg?fit=1200%2C800&ssl=1&resize=350%2C200 1x, https:\/\/i0.wp.com\/noticiasribeiraopreto.com.br\/wp-content\/uploads\/2024\/01\/man-5710164_1280.jpg?fit=1200%2C800&ssl=1&resize=525%2C300 1.5x, https:\/\/i0.wp.com\/noticiasribeiraopreto.com.br\/wp-content\/uploads\/2024\/01\/man-5710164_1280.jpg?fit=1200%2C800&ssl=1&resize=700%2C400 2x, https:\/\/i0.wp.com\/noticiasribeiraopreto.com.br\/wp-content\/uploads\/2024\/01\/man-5710164_1280.jpg?fit=1200%2C800&ssl=1&resize=1050%2C600 3x"},"classes":[]},{"id":35513,"url":"https:\/\/noticiasribeiraopreto.com.br\/index.php\/2024\/02\/06\/taca-eptv-de-futsal-ribeirao-preto-abre-inscricoes-para-edicao-de-2024-confira-o-calendario\/","url_meta":{"origin":34795,"position":5},"title":"Ta\u00e7a EPTV de Futsal Ribeir\u00e3o Preto abre inscri\u00e7\u00f5es para edi\u00e7\u00e3o de 2024; Confira o calend\u00e1rio","author":"noticiasribeiraopreto.com.br","date":"6 de February de 2024","format":false,"excerpt":"A Ta\u00e7a EPTV de Futsal Ribeir\u00e3o Preto abre nesta ter\u00e7a-feira (6) as inscri\u00e7\u00f5es para a edi\u00e7\u00e3o de 2024. As cidades e distritos interessados devem enviar as inscri\u00e7\u00f5es at\u00e9 1\u00b0 de mar\u00e7o, exclusivamente pelo aplicativo. O regulamento completo do torneio pode ser consultado no aplicativo \u201cFutsal EPTV\u201d, dispon\u00edvel para Android e\u2026","rel":"","context":"In &quot;Not\u00edcias de Ribeir\u00e3o Preto-SP e Regi\u00e3o&quot;","block_context":{"text":"Not\u00edcias de Ribeir\u00e3o Preto-SP e Regi\u00e3o","link":"https:\/\/noticiasribeiraopreto.com.br\/index.php\/category\/noticias-de-ribeirao-preto-sp-e-regiao-ismael-colosi\/"},"img":{"alt_text":"","src":"https:\/\/i0.wp.com\/noticiasribeiraopreto.com.br\/wp-content\/uploads\/2024\/02\/taca-eptv-futsal.jpg?fit=984%2C656&ssl=1&resize=350%2C200","width":350,"height":200,"srcset":"https:\/\/i0.wp.com\/noticiasribeiraopreto.com.br\/wp-content\/uploads\/2024\/02\/taca-eptv-futsal.jpg?fit=984%2C656&ssl=1&resize=350%2C200 1x, https:\/\/i0.wp.com\/noticiasribeiraopreto.com.br\/wp-content\/uploads\/2024\/02\/taca-eptv-futsal.jpg?fit=984%2C656&ssl=1&resize=525%2C300 1.5x, https:\/\/i0.wp.com\/noticiasribeiraopreto.com.br\/wp-content\/uploads\/2024\/02\/taca-eptv-futsal.jpg?fit=984%2C656&ssl=1&resize=700%2C400 2x"},"classes":[]}],"jetpack_sharing_enabled":true,"jetpack_shortlink":"https:\/\/wp.me\/peQAOb-93d","_links":{"self":[{"href":"https:\/\/noticiasribeiraopreto.com.br\/index.php\/wp-json\/wp\/v2\/posts\/34795","targetHints":{"allow":["GET"]}}],"collection":[{"href":"https:\/\/noticiasribeiraopreto.com.br\/index.php\/wp-json\/wp\/v2\/posts"}],"about":[{"href":"https:\/\/noticiasribeiraopreto.com.br\/index.php\/wp-json\/wp\/v2\/types\/post"}],"author":[{"embeddable":true,"href":"https:\/\/noticiasribeiraopreto.com.br\/index.php\/wp-json\/wp\/v2\/users\/1"}],"replies":[{"embeddable":true,"href":"https:\/\/noticiasribeiraopreto.com.br\/index.php\/wp-json\/wp\/v2\/comments?post=34795"}],"version-history":[{"count":0,"href":"https:\/\/noticiasribeiraopreto.com.br\/index.php\/wp-json\/wp\/v2\/posts\/34795\/revisions"}],"wp:featuredmedia":[{"embeddable":true,"href":"https:\/\/noticiasribeiraopreto.com.br\/index.php\/wp-json\/wp\/v2\/media\/34796"}],"wp:attachment":[{"href":"https:\/\/noticiasribeiraopreto.com.br\/index.php\/wp-json\/wp\/v2\/media?parent=34795"}],"wp:term":[{"taxonomy":"category","embeddable":true,"href":"https:\/\/noticiasribeiraopreto.com.br\/index.php\/wp-json\/wp\/v2\/categories?post=34795"},{"taxonomy":"post_tag","embeddable":true,"href":"https:\/\/noticiasribeiraopreto.com.br\/index.php\/wp-json\/wp\/v2\/tags?post=34795"}],"curies":[{"name":"wp","href":"https:\/\/api.w.org\/{rel}","templated":true}]}}