{"id":34805,"date":"2024-02-03T14:52:47","date_gmt":"2024-02-03T17:52:47","guid":{"rendered":"https:\/\/noticiasribeiraopreto.com.br\/index.php\/2024\/02\/03\/amaury-lorenzo-se-apresenta-no-teatro-municipal-de-ribeirao-preto-saiba-como-comprar-ingressos\/"},"modified":"2024-02-03T14:52:47","modified_gmt":"2024-02-03T17:52:47","slug":"amaury-lorenzo-se-apresenta-no-teatro-municipal-de-ribeirao-preto-saiba-como-comprar-ingressos","status":"publish","type":"post","link":"https:\/\/noticiasribeiraopreto.com.br\/index.php\/2024\/02\/03\/amaury-lorenzo-se-apresenta-no-teatro-municipal-de-ribeirao-preto-saiba-como-comprar-ingressos\/","title":{"rendered":"Amaury Lorenzo se apresenta no Teatro Municipal de Ribeir\u00e3o Preto; Saiba como comprar ingressos"},"content":{"rendered":"<div class='code-block code-block-1' style='margin: 8px 0 8px auto; text-align: right; display: block; clear: both;'>\n<p><a href=\"https:\/\/wa.link\/vpicfd\"><img data-recalc-dims=\"1\" class=\"wp-image-4922\" style=\"aspect-ratio: 2.0253164556962027; width: 561px; height: auto;\" src=\"https:\/\/i0.wp.com\/ismaelcolosi.com.br\/wp-content\/uploads\/2023\/11\/grupo-de-empregos-whatsapp-e-facebook-ismael-colosi-vagas.jpg?ssl=1\" alt=\"\" \/><\/a><\/p>\n<!-- \/wp:image -->\n<\/div>\n<p> <br \/>\n<\/p>\n<div data-td-block-uid=\"tdi_102\">\n<div class=\"tdb-block-inner td-fix-index\">\n<p>O ator <strong>Amaury Lorenzo<\/strong> vai se apresentar em <strong>Ribeir\u00e3o Preto<\/strong> nos dias <strong>23 e 24 de mar\u00e7o <\/strong>com o espet\u00e1culo \u201c<strong>A Luta<\/strong>\u201d no <strong>Teatro Municipal<\/strong>. Os <strong>ingressos<\/strong> podem ser adquiridos <strong><a href=\"https:\/\/www.megabilheteria.com\/\" target=\"_blank\" rel=\"noreferrer noopener\">on-line<\/a><\/strong> e os <strong>pre\u00e7os <\/strong>variam entre <strong>R$ 60 a R$ 120<\/strong>.<\/p>\n<p>O ator ganhou destaque recentemente na TV ap\u00f3s dar vida ao personagem \u2018<strong>Ramiro<\/strong>\u2019 em <strong>\u201cTerra e Paix\u00e3o<\/strong>\u201c, a \u00faltima novela das <strong>21h<\/strong> da <strong>TV Globo<\/strong>.<\/p>\n<p>Ele tamb\u00e9m foi indicado ao <strong>Pr\u00eamio Cesgranrio<\/strong> na categoria <strong>Melhor Ator<\/strong> pela pe\u00e7a \u201c<strong>A Luta<\/strong>\u201c. O espet\u00e1culo \u00e9 um mon\u00f3logo teatral baseado na terceira parte do livro \u201c<strong>Os sert\u00f5es<\/strong>\u201c, de <strong>Euclides da Cunha.<\/strong><\/p>\n<h4 class=\"wp-block-heading\"><strong>Ingressos<\/strong><\/h4>\n<p>As apresenta\u00e7\u00f5es <strong>acontecem<\/strong> nos dias <strong>23 e 24 de mar\u00e7o<\/strong> (s\u00e1bado e domingo), sendo a sess\u00e3o do<strong> dia 23 \u00e0s 20h<\/strong> e no <strong>dia 24 \u00e0s 19h<\/strong>. Os ingressos variam entre<\/p>\n<ul>\n<li>Meia-entrada \u2013 R$ 60<\/li>\n<li>Antecipado \u2013 R$ 90<\/li>\n<li>Inteira \u2013 R$120<\/li>\n<\/ul>\n<p>Atrav\u00e9s do site \u00e9 poss\u00edvel visualizar o mapa do Teatro Municipal, que fica localizado na <strong>via S\u00e3o Bento, nos Campos El\u00edseos.<\/strong><\/p>\n<p>As <strong>vendas<\/strong> dos <strong>ingressos<\/strong> dos dois dias est\u00e3o sendo feitas <strong>separadamente<\/strong> e <strong>on-line<\/strong>, sendo <strong>s\u00e1bado <a href=\"https:\/\/www.megabilheteria.com\/evento?id=20240131120029\">neste link<\/a><\/strong>, e <strong>domingo <a href=\"https:\/\/www.megabilheteria.com\/evento?id=20240131121110\">neste link<\/a><\/strong>.<\/p>\n<h4 class=\"wp-block-heading\"><strong>SERVI\u00c7O<\/strong><\/h4>\n<p><em>A Luta com Amaury Lorenzo<\/em><\/p>\n<p><strong>Data: <\/strong>23 e 24 de mar\u00e7o (s\u00e1bado e domingo)<strong><br \/>Hor\u00e1rio: <\/strong>dia 23 \u00e0s 20h e 24 \u00e0s 19h<strong><br \/>Local: <\/strong>Teatro Municipal<strong><br \/>Endere\u00e7o: <\/strong>via S\u00e3o Bento, Campos El\u00edseos<strong><br \/>Ingressos: <\/strong><a href=\"https:\/\/www.megabilheteria.com\/evento?id=20240131120029\">s\u00e1bado<\/a> e <a href=\"https:\/\/www.megabilheteria.com\/evento?id=20240131121110\">domingo<\/a><\/p>\n<p>SAIBA MAIS<br \/>Veja a programa\u00e7\u00e3o do Sesi Ribeir\u00e3o Preto para o Carnaval<\/p>\n<h4 class=\"wp-block-heading\"><strong>FIQUE ON<\/strong><\/h4>\n<p>Fique ligado em tudo que acontece em Ribeir\u00e3o Preto e regi\u00e3o. Siga os perfis do acidade on no <a href=\"https:\/\/www.instagram.com\/acidadeonribeirao\" target=\"_blank\" rel=\"noreferrer noopener\">Instagram<\/a> e no <a href=\"https:\/\/www.facebook.com\/acidadeonribeirao\" target=\"_blank\" rel=\"noreferrer noopener\">Facebook<\/a>.<\/p>\n<p>Receba not\u00edcias do acidade on no WhatsApp. Para entrar no grupo, basta <a href=\"https:\/\/chat.whatsapp.com\/Bnv2w66ZT4VDyZW3oiZ69n\" target=\"_blank\" rel=\"noreferrer noopener\">clicar aqui<\/a>.<\/p>\n<p>Fa\u00e7a uma den\u00fancia ou sugira uma reportagem sobre Ribeir\u00e3o Preto e regi\u00e3o pelo WhatsApp: 16 99117 7802.<\/p>\n<p>VEJA TAMB\u00c9M<br \/>Big Fone mudou de hor\u00e1rio no BBB 24; veja que horas vai tocar<\/p>\n<p><!-- AI CONTENT END 1 -->\n<\/div>\n<\/div>\n<p><script async src=\"\/\/www.instagram.com\/embed.js\"><\/script><br \/>\n<br \/><br \/>\n<br \/><a href=\"https:\/\/www.acidadeon.com\/ribeiraopreto\/lazer-e-cultura\/amaury-lorenzo-se-apresenta-no-teatro-municipal-de-ribeirao-preto-saiba-como-comprar-ingressos\/\">Source link <\/a><\/p>\n<!-- CONTENT END 1 -->\n","protected":false},"excerpt":{"rendered":"<p>O ator Amaury Lorenzo vai se apresentar em Ribeir\u00e3o Preto nos dias 23 e 24 de mar\u00e7o com o espet\u00e1culo \u201cA Luta\u201d no Teatro Municipal&#8230;.<\/p>\n","protected":false},"author":1,"featured_media":34806,"comment_status":"open","ping_status":"open","sticky":false,"template":"","format":"standard","meta":{"advanced_seo_description":"","jetpack_seo_html_title":"","jetpack_seo_noindex":false,"jetpack_post_was_ever_published":false,"_jetpack_newsletter_access":"","_jetpack_dont_email_post_to_subs":false,"_jetpack_newsletter_tier_id":0,"_jetpack_memberships_contains_paywalled_content":false,"_jetpack_memberships_contains_paid_content":false,"footnotes":"","jetpack_publicize_message":"","jetpack_publicize_feature_enabled":true,"jetpack_social_post_already_shared":true,"jetpack_social_options":{"image_generator_settings":{"template":"highway","default_image_id":0,"font":"","enabled":false},"version":2}},"categories":[11],"tags":[],"class_list":["post-34805","post","type-post","status-publish","format-standard","has-post-thumbnail","hentry","category-noticias-de-ribeirao-preto-sp-e-regiao-ismael-colosi"],"jetpack_publicize_connections":[],"jetpack_featured_media_url":"https:\/\/i0.wp.com\/noticiasribeiraopreto.com.br\/wp-content\/uploads\/2024\/02\/Copia-de-Copia-de-TAMANHO-EXATO-PARA-FOTOS-NO-SISTEMA-NOVO-2.jpg?fit=1200%2C675&ssl=1","jetpack-related-posts":[{"id":35526,"url":"https:\/\/noticiasribeiraopreto.com.br\/index.php\/2024\/02\/06\/peca-traz-amaury-lorenzo-para-rp\/","url_meta":{"origin":34805,"position":0},"title":"Pe\u00e7a traz Amaury Lorenzo para RP\u00a0","author":"noticiasribeiraopreto.com.br","date":"6 de February de 2024","format":false,"excerpt":"6 de fevereiro de 2024 | 17:006 de fevereiro de 2024 | 8:21 0O espet\u00e1culo \u201cA Luta!\u201d segue sua trajet\u00f3ria de sucesso nos palcos, agora com a indica\u00e7\u00e3o de Amaury Lorenzo ao Pr\u00eamio Cesgranrio de Teatro como melhor ator. Ap\u00f3s ganhar destaque na TV com o personagem Ramiro, na novela\u2026","rel":"","context":"In &quot;Not\u00edcias de Ribeir\u00e3o Preto-SP e Regi\u00e3o&quot;","block_context":{"text":"Not\u00edcias de Ribeir\u00e3o Preto-SP e Regi\u00e3o","link":"https:\/\/noticiasribeiraopreto.com.br\/index.php\/category\/noticias-de-ribeirao-preto-sp-e-regiao-ismael-colosi\/"},"img":{"alt_text":"","src":"https:\/\/i0.wp.com\/noticiasribeiraopreto.com.br\/wp-content\/uploads\/2024\/02\/Amaury-Nando-Machado-05-scaled.jpg?fit=430%2C645&ssl=1&resize=350%2C200","width":350,"height":200},"classes":[]},{"id":77526,"url":"https:\/\/noticiasribeiraopreto.com.br\/index.php\/2025\/09\/20\/a-vinganca-do-judeu-chega-ao-teatro-municipal-de-ribeirao-preto-em-outubro\/","url_meta":{"origin":34805,"position":1},"title":"&#8216;A Vingan\u00e7a do Judeu&#8217; chega ao Teatro Municipal de Ribeir\u00e3o Preto em outubro","author":"noticiasribeiraopreto.com.br","date":"20 de September de 2025","format":false,"excerpt":"A pe\u00e7a \u201cA Vingan\u00e7a do Judeu\u201d chega ao ao palco do Teatro Municipal de Ribeir\u00e3o Preto no dia 5 de outubro. A adapta\u00e7\u00e3o teatral retrata a influ\u00eancia ben\u00e9fica do Espiritismo na sociedade. Os ingressos est\u00e3o dispon\u00edveis e podem ser adquiridos on-line e presencialmente \u2013 veja como abaixo. O espet\u00e1culo \u00e9\u2026","rel":"","context":"In &quot;Not\u00edcias de Ribeir\u00e3o Preto-SP e Regi\u00e3o&quot;","block_context":{"text":"Not\u00edcias de Ribeir\u00e3o Preto-SP e Regi\u00e3o","link":"https:\/\/noticiasribeiraopreto.com.br\/index.php\/category\/noticias-de-ribeirao-preto-sp-e-regiao-ismael-colosi\/"},"img":{"alt_text":"","src":"https:\/\/i0.wp.com\/noticiasribeiraopreto.com.br\/wp-content\/uploads\/2025\/09\/26_2025-09-20_14-12-11.webp.webp?fit=1200%2C900&ssl=1&resize=350%2C200","width":350,"height":200,"srcset":"https:\/\/i0.wp.com\/noticiasribeiraopreto.com.br\/wp-content\/uploads\/2025\/09\/26_2025-09-20_14-12-11.webp.webp?fit=1200%2C900&ssl=1&resize=350%2C200 1x, https:\/\/i0.wp.com\/noticiasribeiraopreto.com.br\/wp-content\/uploads\/2025\/09\/26_2025-09-20_14-12-11.webp.webp?fit=1200%2C900&ssl=1&resize=525%2C300 1.5x, https:\/\/i0.wp.com\/noticiasribeiraopreto.com.br\/wp-content\/uploads\/2025\/09\/26_2025-09-20_14-12-11.webp.webp?fit=1200%2C900&ssl=1&resize=700%2C400 2x, https:\/\/i0.wp.com\/noticiasribeiraopreto.com.br\/wp-content\/uploads\/2025\/09\/26_2025-09-20_14-12-11.webp.webp?fit=1200%2C900&ssl=1&resize=1050%2C600 3x"},"classes":[]},{"id":51943,"url":"https:\/\/noticiasribeiraopreto.com.br\/index.php\/2024\/06\/01\/ator-que-participou-de-filme-sobre-sidney-magal-se-apresenta-em-ribeirao-preto\/","url_meta":{"origin":34805,"position":2},"title":"Ator que participou de filme sobre Sidney Magal se apresenta em Ribeir\u00e3o Preto","author":"noticiasribeiraopreto.com.br","date":"1 de June de 2024","format":false,"excerpt":"O ator Sidney Santiago Kuanza, que atuou recentemente no filme sobre a hist\u00f3ria de Sidney Magal, \u201cMeu Sangue Ferve por Voc\u00ea\u201d, se apresenta em Ribeir\u00e3o Preto na quarta-feira (5), no Teatro Municipal da cidade. O palco vai receber o espet\u00e1culo \u201cA Solid\u00e3o de Um Feio\u201d, que recria fragmentos da trajet\u00f3ria\u2026","rel":"","context":"In &quot;Not\u00edcias de Ribeir\u00e3o Preto-SP e Regi\u00e3o&quot;","block_context":{"text":"Not\u00edcias de Ribeir\u00e3o Preto-SP e Regi\u00e3o","link":"https:\/\/noticiasribeiraopreto.com.br\/index.php\/category\/noticias-de-ribeirao-preto-sp-e-regiao-ismael-colosi\/"},"img":{"alt_text":"","src":"https:\/\/i0.wp.com\/noticiasribeiraopreto.com.br\/wp-content\/uploads\/2024\/06\/06.2024-Teatro-A-solidao-do-feio-Fredo-Peixoto-664x332-1_2024-06-01_17-04-11_png_2024-06-01_17-04-11.webp.webp?fit=664%2C332&ssl=1&resize=350%2C200","width":350,"height":200,"srcset":"https:\/\/i0.wp.com\/noticiasribeiraopreto.com.br\/wp-content\/uploads\/2024\/06\/06.2024-Teatro-A-solidao-do-feio-Fredo-Peixoto-664x332-1_2024-06-01_17-04-11_png_2024-06-01_17-04-11.webp.webp?fit=664%2C332&ssl=1&resize=350%2C200 1x, https:\/\/i0.wp.com\/noticiasribeiraopreto.com.br\/wp-content\/uploads\/2024\/06\/06.2024-Teatro-A-solidao-do-feio-Fredo-Peixoto-664x332-1_2024-06-01_17-04-11_png_2024-06-01_17-04-11.webp.webp?fit=664%2C332&ssl=1&resize=525%2C300 1.5x"},"classes":[]},{"id":84026,"url":"https:\/\/noticiasribeiraopreto.com.br\/index.php\/2026\/03\/31\/lucio-mauro-filho-e-bruno-mazzeo-se-apresentam-em-ribeirao-preto-veja-quando\/","url_meta":{"origin":34805,"position":3},"title":"L\u00facio Mauro Filho e Bruno Mazzeo se apresentam em Ribeir\u00e3o Preto; Veja quando","author":"noticiasribeiraopreto.com.br","date":"31 de March de 2026","format":false,"excerpt":"Ler o resumo da not\u00edcia Os atores L\u00facio Mauro Filho e Bruno Mazzeo apresentam o espet\u00e1culo \"Gostava mais dos pais\" em Ribeir\u00e3o Preto nos dias 22 e 23 de maio, \u00e0s 20h, no Theatro Pedro II. O show explora a rela\u00e7\u00e3o dos artistas com seus pais, os humoristas L\u00facio Mauro\u2026","rel":"","context":"In &quot;Not\u00edcias de Ribeir\u00e3o Preto-SP e Regi\u00e3o&quot;","block_context":{"text":"Not\u00edcias de Ribeir\u00e3o Preto-SP e Regi\u00e3o","link":"https:\/\/noticiasribeiraopreto.com.br\/index.php\/category\/noticias-de-ribeirao-preto-sp-e-regiao-ismael-colosi\/"},"img":{"alt_text":"","src":"https:\/\/i0.wp.com\/noticiasribeiraopreto.com.br\/wp-content\/uploads\/2026\/03\/palace-14_2026-03-31_14-37-47.webp.webp?fit=1200%2C675&ssl=1&resize=350%2C200","width":350,"height":200,"srcset":"https:\/\/i0.wp.com\/noticiasribeiraopreto.com.br\/wp-content\/uploads\/2026\/03\/palace-14_2026-03-31_14-37-47.webp.webp?fit=1200%2C675&ssl=1&resize=350%2C200 1x, https:\/\/i0.wp.com\/noticiasribeiraopreto.com.br\/wp-content\/uploads\/2026\/03\/palace-14_2026-03-31_14-37-47.webp.webp?fit=1200%2C675&ssl=1&resize=525%2C300 1.5x, https:\/\/i0.wp.com\/noticiasribeiraopreto.com.br\/wp-content\/uploads\/2026\/03\/palace-14_2026-03-31_14-37-47.webp.webp?fit=1200%2C675&ssl=1&resize=700%2C400 2x, https:\/\/i0.wp.com\/noticiasribeiraopreto.com.br\/wp-content\/uploads\/2026\/03\/palace-14_2026-03-31_14-37-47.webp.webp?fit=1200%2C675&ssl=1&resize=1050%2C600 3x"},"classes":[]},{"id":45948,"url":"https:\/\/noticiasribeiraopreto.com.br\/index.php\/2024\/04\/08\/peca-homenageando-chico-xavier-chega-a-ribeirao-preto-veja-como-comprar-ingressos\/","url_meta":{"origin":34805,"position":4},"title":"Pe\u00e7a homenageando Chico Xavier chega a Ribeir\u00e3o Preto; Veja como comprar ingressos","author":"noticiasribeiraopreto.com.br","date":"8 de April de 2024","format":false,"excerpt":"O Teatro Municipal de Ribeir\u00e3o Preto recebe o espet\u00e1culo \u201cChico Xavier em pessoa\u201d, \u00e0s 20h, no dia 26 de abril. Os ingressos est\u00e3o \u00e0 venda a partir de R$ 30 pelo site. O espet\u00e1culo \u00e9 protagonizado pelo ator Renato Prieto, que foi nomeado pelo jornal \u2018O Globo\u2019 como \u201cpopstar do\u2026","rel":"","context":"In &quot;Not\u00edcias de Ribeir\u00e3o Preto-SP e Regi\u00e3o&quot;","block_context":{"text":"Not\u00edcias de Ribeir\u00e3o Preto-SP e Regi\u00e3o","link":"https:\/\/noticiasribeiraopreto.com.br\/index.php\/category\/noticias-de-ribeirao-preto-sp-e-regiao-ismael-colosi\/"},"img":{"alt_text":"","src":"https:\/\/i0.wp.com\/noticiasribeiraopreto.com.br\/wp-content\/uploads\/2024\/04\/8.jpeg?fit=1200%2C900&ssl=1&resize=350%2C200","width":350,"height":200,"srcset":"https:\/\/i0.wp.com\/noticiasribeiraopreto.com.br\/wp-content\/uploads\/2024\/04\/8.jpeg?fit=1200%2C900&ssl=1&resize=350%2C200 1x, https:\/\/i0.wp.com\/noticiasribeiraopreto.com.br\/wp-content\/uploads\/2024\/04\/8.jpeg?fit=1200%2C900&ssl=1&resize=525%2C300 1.5x, https:\/\/i0.wp.com\/noticiasribeiraopreto.com.br\/wp-content\/uploads\/2024\/04\/8.jpeg?fit=1200%2C900&ssl=1&resize=700%2C400 2x, https:\/\/i0.wp.com\/noticiasribeiraopreto.com.br\/wp-content\/uploads\/2024\/04\/8.jpeg?fit=1200%2C900&ssl=1&resize=1050%2C600 3x"},"classes":[]},{"id":73180,"url":"https:\/\/noticiasribeiraopreto.com.br\/index.php\/2025\/06\/26\/marcos-veras-apresenta-espetaculo-solo-na-regiao-de-ribeirao-preto-no-fim-de-semana\/","url_meta":{"origin":34805,"position":5},"title":"Marcos Veras apresenta espet\u00e1culo solo na regi\u00e3o de Ribeir\u00e3o Preto no fim de semana","author":"noticiasribeiraopreto.com.br","date":"26 de June de 2025","format":false,"excerpt":"O ator Marcos Veras apresenta o espet\u00e1culo \u201cVoc\u00eas Foram Maravilhosos\u201d, na 2\u00aa edi\u00e7\u00e3o do Festival de Teatro Seguros Unimed, nos dias 28 e 29 de junho, no Teatro Cine Barretos Os\u00f3rio Falleiros da Rocha, localizado em Barretos, cidade a 130 km de Ribeir\u00e3o Preto. No s\u00e1bado (28) a sess\u00e3o acontece\u2026","rel":"","context":"In &quot;Not\u00edcias de Ribeir\u00e3o Preto-SP e Regi\u00e3o&quot;","block_context":{"text":"Not\u00edcias de Ribeir\u00e3o Preto-SP e Regi\u00e3o","link":"https:\/\/noticiasribeiraopreto.com.br\/index.php\/category\/noticias-de-ribeirao-preto-sp-e-regiao-ismael-colosi\/"},"img":{"alt_text":"","src":"https:\/\/i0.wp.com\/noticiasribeiraopreto.com.br\/wp-content\/uploads\/2025\/06\/marcos-veras-revista_widelg-1_2025-06-26_13-19-12.webp.webp?fit=800%2C450&ssl=1&resize=350%2C200","width":350,"height":200,"srcset":"https:\/\/i0.wp.com\/noticiasribeiraopreto.com.br\/wp-content\/uploads\/2025\/06\/marcos-veras-revista_widelg-1_2025-06-26_13-19-12.webp.webp?fit=800%2C450&ssl=1&resize=350%2C200 1x, https:\/\/i0.wp.com\/noticiasribeiraopreto.com.br\/wp-content\/uploads\/2025\/06\/marcos-veras-revista_widelg-1_2025-06-26_13-19-12.webp.webp?fit=800%2C450&ssl=1&resize=525%2C300 1.5x, https:\/\/i0.wp.com\/noticiasribeiraopreto.com.br\/wp-content\/uploads\/2025\/06\/marcos-veras-revista_widelg-1_2025-06-26_13-19-12.webp.webp?fit=800%2C450&ssl=1&resize=700%2C400 2x"},"classes":[]}],"jetpack_sharing_enabled":true,"jetpack_shortlink":"https:\/\/wp.me\/peQAOb-93n","_links":{"self":[{"href":"https:\/\/noticiasribeiraopreto.com.br\/index.php\/wp-json\/wp\/v2\/posts\/34805","targetHints":{"allow":["GET"]}}],"collection":[{"href":"https:\/\/noticiasribeiraopreto.com.br\/index.php\/wp-json\/wp\/v2\/posts"}],"about":[{"href":"https:\/\/noticiasribeiraopreto.com.br\/index.php\/wp-json\/wp\/v2\/types\/post"}],"author":[{"embeddable":true,"href":"https:\/\/noticiasribeiraopreto.com.br\/index.php\/wp-json\/wp\/v2\/users\/1"}],"replies":[{"embeddable":true,"href":"https:\/\/noticiasribeiraopreto.com.br\/index.php\/wp-json\/wp\/v2\/comments?post=34805"}],"version-history":[{"count":0,"href":"https:\/\/noticiasribeiraopreto.com.br\/index.php\/wp-json\/wp\/v2\/posts\/34805\/revisions"}],"wp:featuredmedia":[{"embeddable":true,"href":"https:\/\/noticiasribeiraopreto.com.br\/index.php\/wp-json\/wp\/v2\/media\/34806"}],"wp:attachment":[{"href":"https:\/\/noticiasribeiraopreto.com.br\/index.php\/wp-json\/wp\/v2\/media?parent=34805"}],"wp:term":[{"taxonomy":"category","embeddable":true,"href":"https:\/\/noticiasribeiraopreto.com.br\/index.php\/wp-json\/wp\/v2\/categories?post=34805"},{"taxonomy":"post_tag","embeddable":true,"href":"https:\/\/noticiasribeiraopreto.com.br\/index.php\/wp-json\/wp\/v2\/tags?post=34805"}],"curies":[{"name":"wp","href":"https:\/\/api.w.org\/{rel}","templated":true}]}}