{"id":34811,"date":"2024-02-03T15:23:59","date_gmt":"2024-02-03T18:23:59","guid":{"rendered":"https:\/\/noticiasribeiraopreto.com.br\/index.php\/2024\/02\/03\/chegada-de-marta-suplicy-ao-pt-divide-partido-e-membros-se-opoe-a-filiacao-da-politica-ao-partido\/"},"modified":"2024-02-03T15:23:59","modified_gmt":"2024-02-03T18:23:59","slug":"chegada-de-marta-suplicy-ao-pt-divide-partido-e-membros-se-opoe-a-filiacao-da-politica-ao-partido","status":"publish","type":"post","link":"https:\/\/noticiasribeiraopreto.com.br\/index.php\/2024\/02\/03\/chegada-de-marta-suplicy-ao-pt-divide-partido-e-membros-se-opoe-a-filiacao-da-politica-ao-partido\/","title":{"rendered":"Chegada de Marta Suplicy ao PT divide partido e membros se op\u00f5e \u00e0 filia\u00e7\u00e3o da pol\u00edtica ao partido"},"content":{"rendered":"<div class='code-block code-block-1' style='margin: 8px 0 8px auto; text-align: right; display: block; clear: both;'>\n<p><a href=\"https:\/\/wa.link\/vpicfd\"><img data-recalc-dims=\"1\" class=\"wp-image-4922\" style=\"aspect-ratio: 2.0253164556962027; width: 561px; height: auto;\" src=\"https:\/\/i0.wp.com\/ismaelcolosi.com.br\/wp-content\/uploads\/2023\/11\/grupo-de-empregos-whatsapp-e-facebook-ismael-colosi-vagas.jpg?ssl=1\" alt=\"\" \/><\/a><\/p>\n<!-- \/wp:image -->\n<\/div>\n<p> <br \/>\n<\/p>\n<div id=\"js-first-letter\">\n<p>Valter Pomar, dirigente nacional do Partido dos Trabalhadores (PT), publicou na manh\u00e3 deste s\u00e1bado (3), um manifesto em que pede a impugna\u00e7\u00e3o da filia\u00e7\u00e3o de Marta Suplicy ao partido, confirmada em cerim\u00f4nia na \u00faltima sexta-feira (2).<\/p>\n<p>Pomar \u00e9 l\u00edder da tend\u00eancia Articula\u00e7\u00e3o de Esquerda (AE), conhecida por posi\u00e7\u00f5es contr\u00e1rias \u00e0s alas majorit\u00e1rias do PT, e baseou seu pedido em declara\u00e7\u00f5es e posi\u00e7\u00f5es da ex-prefeita que foram contra o interesse da sigla nos \u00faltimos oito anos.<\/p>\n<p>Pomar j\u00e1 havia se posicionado contra o retorno de Marta desde os primeiros sinais de <a href=\"https:\/\/www.seudinheiro.com\/2024\/politica\/guilherme-boulos-marta-suplicy-selam-alianca-prefeitura-sao-paulo-rsgp\/\">reaproxima\u00e7\u00e3o da ex-prefeita com o PT<\/a>, partido em que esteve durante mais de tr\u00eas d\u00e9cadas e da qual estava afastada desde 2015.<\/p>\n<p>O processo de aproxima\u00e7\u00e3o foi mediado pelo presidente Luiz In\u00e1cio Lula da Silva (PT), que busca a nomea\u00e7\u00e3o de Marta como vice na chapa do pr\u00e9-candidato Guilherme Boulos (PSOL) \u00e0 Prefeitura de S\u00e3o Paulo.<\/p>\n<h2 class=\"wp-block-heading\" id=\"h-apesar-disso-pedido-tende-a-nao-seguir-adiante\">Apesar disso, pedido tende a n\u00e3o seguir adiante<\/h2>\n<p>As chances do pedido ser levado adiante s\u00e3o m\u00ednimas. Isso porque o retorno de Marta j\u00e1 havia sido aprovado pelo Diret\u00f3rio Municipal do PT por 12 votos a 1.<\/p>\n<p>A terceira vice-presidente do PT paulistano, Barbara Corrales, foi a \u00fanica que se op\u00f4s \u00e0 medida.<\/p>\n<p>&#8220;A refilia\u00e7\u00e3o de Marta Suplicy, sem qualquer balan\u00e7o de seu passado pregresso, \u00e9 um elemento de desmoraliza\u00e7\u00e3o n\u00e3o dela, mas do partido&#8221;, afirmou Barbara, que integra a corrente interna O Trabalho, em nota enviada ao Estad\u00e3o.<\/p>\n<p>Por outro lado, o presidente do PT paulistano, La\u00e9rcio Ribeiro, saudou a volta de Marta. &#8220;O Diret\u00f3rio Municipal recebe com bom grado e dar\u00e1 as boas-vindas ao retorno da Marta Suplicy&#8221;, justificou Ribeiro. No mesmo sentido, a t\u00f4nica do evento de ontem foi de elogios \u00e0 volta da ex-prefeita.<\/p>\n<figure class=\"wp-block-embed is-type-video is-provider-youtube wp-block-embed-youtube wp-embed-aspect-16-9 wp-has-aspect-ratio\">\n<p>\n<iframe loading=\"lazy\" title=\"POSSO PARAR DE PAGAR PENS\u00c3O DA  FILHA QUE N\u00c3O VEJO? I DESCOBRI TRAI\u00c7\u00c3O E &#039;LIMPEI&#039; CONTA CONJUNTA\" width=\"500\" height=\"281\" src=\"https:\/\/www.youtube.com\/embed\/S37g8Z5Jmrw?feature=oembed\" frameborder=\"0\" allow=\"accelerometer; autoplay; clipboard-write; encrypted-media; gyroscope; picture-in-picture; web-share\" referrerpolicy=\"strict-origin-when-cross-origin\" allowfullscreen><\/iframe>\n<\/p>\n<\/figure>\n<h3 class=\"wp-block-heading\" id=\"h-marta-volta-a-pedido-de-lula\">Marta volta a pedido de Lula<\/h3>\n<p>Na cerim\u00f4nia, Lula disse que insistiu na volta de Marta para o PT porque considerava que ela seria importante na pr\u00e9-candidatura de Boulos, projeto apoiado pelo presidente na capital paulista.<\/p>\n<p>O deputado se destaca, no momento, como principal advers\u00e1rio nas urnas do prefeito Ricardo Nunes (MDB), apoiado pelo ex-presidente Jair Bolsonaro (PL).<\/p>\n<p>&#8220;O Boulos, que \u00e9 um jovem talento, precisa de algu\u00e9m como a Marta que tem a marca de uma boa gest\u00e3o&#8221;, afirmou Lula.<\/p>\n<h3 class=\"wp-block-heading\" id=\"h-duro-de-explicar-e-de-engolir-diz-pomar\">&#8216;Duro de explicar e de engolir&#8217;, diz Pomar<\/h3>\n<p>A carta divulgada por Pomar na manh\u00e3 deste s\u00e1bado elenca, como argumentos, quatro declara\u00e7\u00f5es p\u00fablicas de Marta Suplicy no per\u00edodo ap\u00f3s o rompimento com o PT.<\/p>\n<p>Essas falas, segundo o dirigente, &#8220;s\u00e3o fatos inquestion\u00e1veis, duros de explicar e de engolir&#8221;.<\/p>\n<p>As cita\u00e7\u00f5es envolvem t\u00f3picos sens\u00edveis ao PT e nos quais Marta se posicionou de forma contr\u00e1ria aos interesses do partido,<a href=\"https:\/\/www.seudinheiro.com\/2023\/politica\/dilma-rousseff-elegivel-stf-mantem-direitos-politicos-da-ex-presidente-apos-impeachment-miql\/\"> tais como o impeachment de Dilma Rousseff,<\/a> a <a href=\"https:\/\/www.seudinheiro.com\/2022\/economia\/pt-reforma-trabalhista-gleisi-rsgp\/\">reforma trabalhista<\/a> de 2017 e os esc\u00e2ndalos de corrup\u00e7\u00e3o envolvendo petistas.<\/p>\n<p>Para Pomar, \u00e9 ir\u00f4nico que os dirigentes adeptos do retorno da ex-prefeita ao PT ignorem o posicionamento de Marta durante os oito anos em que ela esteve fora do partido. &#8220;Como se a partir de 2015 ela tivesse sa\u00eddo em viagem interestelar, regressando s\u00f3 agora&#8221;, satirizou Pomar no documento.<\/p>\n<h3 class=\"wp-block-heading\" id=\"h-dirigente-critica-aconchego-de-marta\">Dirigente critica &#8216;aconchego&#8217; de Marta<\/h3>\n<p>Na noite de sexta-feira, Marta \u2014 que tamb\u00e9m j\u00e1 foi ministra de Estado em governos do PT \u2014 discursou na solenidade em que confirmou a filia\u00e7\u00e3o. &#8220;Eu estou de volta ao meu aconchego, \u00e0 minha raiz&#8221;, disse na ocasi\u00e3o.<\/p>\n<p>Pomar respondeu diretamente a esse discurso em seu manifesto.<\/p>\n<p>&#8220;Chega a ser desrespeitoso, depois de tudo o que aconteceu, sem que se fa\u00e7a um m\u00ednimo balan\u00e7o sobre o que ocorreu desde 2015, falar em voltar ao &#8216;aconchego&#8217; do partido&#8221;, criticou o dirigente, que cobra de Marta &#8220;alguma vers\u00e3o, alguma explica\u00e7\u00e3o, alguma interpreta\u00e7\u00e3o, alguma justificativa&#8221; sobre os posicionamentos que adotou desde ent\u00e3o.<\/p>\n<h3 class=\"wp-block-heading\" id=\"h-o-que-sao-as-tendencias-do-pt\">O que s\u00e3o as tend\u00eancias do PT?<\/h3>\n<p>Como explicou o Estad\u00e3o, o Partido dos Trabalhadores possui 14 tend\u00eancias internas com representa\u00e7\u00e3o no seu Diret\u00f3rio Nacional.<\/p>\n<p>Organizados no \u00e2mbito interno do PT, esses grupos podem divergir entre si, como ocorre no caso da concord\u00e2ncia ou n\u00e3o em refiliar Marta Suplicy.<\/p>\n<p>Gleisi Hoffmann, presidente nacional da sigla, representa a corrente interna de maior influ\u00eancia dentro do partido, a Construindo um Novo Brasil (CNB).<\/p>\n<p>O direito de tend\u00eancia \u00e9 reconhecido pela Justi\u00e7a Eleitoral como uma forma a abrigar a liberdade de pensamento dentro dos partidos pol\u00edticos, mas Gleisi \u00e9 acusada por correligion\u00e1rios de impor suas decis\u00f5es \u00e0s demais correntes da sigla de maneira unilateral.<\/p>\n<p>Pomar, da AE, foi derrotado por Gleisi na \u00faltima disputa \u00e0 presid\u00eancia do PT, em novembro de 2019.<\/p>\n<p><em>*Com informa\u00e7\u00f5es do Estad\u00e3o Conte\u00fado<\/em><\/p>\n<\/div>\n<p><br \/>\n<br \/><a href=\"https:\/\/www.seudinheiro.com\/2024\/politica\/marta-suplicy-pt-partido-filiacao-rens\/\">Source link <\/a><\/p>\n<!-- CONTENT END 1 -->\n","protected":false},"excerpt":{"rendered":"<p>Valter Pomar, dirigente nacional do Partido dos Trabalhadores (PT), publicou na manh\u00e3 deste s\u00e1bado (3), um manifesto em que pede a impugna\u00e7\u00e3o da filia\u00e7\u00e3o de&#8230;<\/p>\n","protected":false},"author":1,"featured_media":34812,"comment_status":"open","ping_status":"open","sticky":false,"template":"","format":"standard","meta":{"advanced_seo_description":"","jetpack_seo_html_title":"","jetpack_seo_noindex":false,"jetpack_post_was_ever_published":false,"_jetpack_newsletter_access":"","_jetpack_dont_email_post_to_subs":false,"_jetpack_newsletter_tier_id":0,"_jetpack_memberships_contains_paywalled_content":false,"_jetpack_memberships_contains_paid_content":false,"footnotes":"","jetpack_publicize_message":"","jetpack_publicize_feature_enabled":true,"jetpack_social_post_already_shared":true,"jetpack_social_options":{"image_generator_settings":{"template":"highway","default_image_id":0,"font":"","enabled":false},"version":2}},"categories":[1235],"tags":[],"class_list":["post-34811","post","type-post","status-publish","format-standard","has-post-thumbnail","hentry","category-dinheiro-e-investimento-como-fazer-como-ganhar"],"jetpack_publicize_connections":[],"jetpack_featured_media_url":"https:\/\/i0.wp.com\/noticiasribeiraopreto.com.br\/wp-content\/uploads\/2024\/02\/Artes-SD-Mille-715x402.png?fit=715%2C402&ssl=1","jetpack-related-posts":[{"id":27908,"url":"https:\/\/noticiasribeiraopreto.com.br\/index.php\/2024\/01\/13\/guilherme-boulos-e-marta-suplicy-tentam-reeditar-em-sao-paulo-a-frente-ampla-que-derrotou-bolsonaro\/","url_meta":{"origin":34811,"position":0},"title":"Guilherme Boulos e Marta Suplicy tentam reeditar em S\u00e3o Paulo a frente ampla que derrotou Bolsonaro","author":"noticiasribeiraopreto.com.br","date":"13 de January de 2024","format":false,"excerpt":"O deputado federal Guilherme Boulos (Psol) e a ex-prefeita paulistana Marta Suplicy selaram em almo\u00e7o realizado neste s\u00e1bado (13) uma alian\u00e7a para disputar a Prefeitura de S\u00e3o Paulo. A chapa deve ter Boulos como candidato a prefeito e Marta, que est\u00e1 trilhando seu retorno ao PT, na condi\u00e7\u00e3o de vice.\u2026","rel":"","context":"In &quot;Dinheiro e Investimento&quot;","block_context":{"text":"Dinheiro e Investimento","link":"https:\/\/noticiasribeiraopreto.com.br\/index.php\/category\/dinheiro-e-investimento-como-fazer-como-ganhar\/"},"img":{"alt_text":"","src":"https:\/\/i0.wp.com\/noticiasribeiraopreto.com.br\/wp-content\/uploads\/2024\/01\/boulos.jpg?fit=613%2C348&ssl=1&resize=350%2C200","width":350,"height":200,"srcset":"https:\/\/i0.wp.com\/noticiasribeiraopreto.com.br\/wp-content\/uploads\/2024\/01\/boulos.jpg?fit=613%2C348&ssl=1&resize=350%2C200 1x, https:\/\/i0.wp.com\/noticiasribeiraopreto.com.br\/wp-content\/uploads\/2024\/01\/boulos.jpg?fit=613%2C348&ssl=1&resize=525%2C300 1.5x"},"classes":[]},{"id":27115,"url":"https:\/\/noticiasribeiraopreto.com.br\/index.php\/2024\/01\/11\/lula-e-bolsonaro-no-mesmo-partido-policia-federal-investiga-adulteracao-de-dados-do-cadastro-do-presidente-na-justica-eleitoral\/","url_meta":{"origin":34811,"position":1},"title":"Lula e Bolsonaro no mesmo partido? Pol\u00edcia Federal investiga adultera\u00e7\u00e3o de dados do cadastro do presidente na justi\u00e7a eleitoral\u00a0","author":"noticiasribeiraopreto.com.br","date":"11 de January de 2024","format":false,"excerpt":"Rivais e\u2026 integrantes do mesmo partido? \u00c9 o que aconteceu com o presidente Luiz In\u00e1cio Lula da Silva e seu antecessor, Jair Bolsonaro. O Tribunal Superior Eleitoral (TSE) identificou \u201cclaros ind\u00edcios de falsidade ideol\u00f3gica\u201d em uma filia\u00e7\u00e3o feita em nome do petista ao PL, partido de Bolsonaro. Lula estava formalmente\u2026","rel":"","context":"In &quot;Dinheiro e Investimento&quot;","block_context":{"text":"Dinheiro e Investimento","link":"https:\/\/noticiasribeiraopreto.com.br\/index.php\/category\/dinheiro-e-investimento-como-fazer-como-ganhar\/"},"img":{"alt_text":"","src":"https:\/\/i0.wp.com\/noticiasribeiraopreto.com.br\/wp-content\/uploads\/2024\/01\/Lula-X-Bolsonaro-v3-creditos-Ricardo-Stuckert-Flickr-Lula-Oficial-Alan-Santos-PR-montagem-Brenda-Silva-628x353.jpg?fit=628%2C353&ssl=1&resize=350%2C200","width":350,"height":200,"srcset":"https:\/\/i0.wp.com\/noticiasribeiraopreto.com.br\/wp-content\/uploads\/2024\/01\/Lula-X-Bolsonaro-v3-creditos-Ricardo-Stuckert-Flickr-Lula-Oficial-Alan-Santos-PR-montagem-Brenda-Silva-628x353.jpg?fit=628%2C353&ssl=1&resize=350%2C200 1x, https:\/\/i0.wp.com\/noticiasribeiraopreto.com.br\/wp-content\/uploads\/2024\/01\/Lula-X-Bolsonaro-v3-creditos-Ricardo-Stuckert-Flickr-Lula-Oficial-Alan-Santos-PR-montagem-Brenda-Silva-628x353.jpg?fit=628%2C353&ssl=1&resize=525%2C300 1.5x"},"classes":[]},{"id":83137,"url":"https:\/\/noticiasribeiraopreto.com.br\/index.php\/2026\/03\/10\/mdb-cancela-filiacao-de-dado-dolabella-cinco-dias-apos-anuncio-de-pre-candidatura\/","url_meta":{"origin":34811,"position":2},"title":"MDB cancela filia\u00e7\u00e3o de Dado Dolabella cinco dias ap\u00f3s an\u00fancio de pr\u00e9-candidatura","author":"noticiasribeiraopreto.com.br","date":"10 de March de 2026","format":false,"excerpt":"O Movimento Democr\u00e1tico Brasileiro (MDB) cancelou nesta segunda-feira (9) a filia\u00e7\u00e3o do ator e cantor Dado Dolabella ao diret\u00f3rio do partido no Rio de Janeiro. A decis\u00e3o foi divulgada cinco dias ap\u00f3s o artista anunciar que pretendia disputar uma vaga como pr\u00e9-candidato a deputado federal. O comunicado foi publicado nas\u2026","rel":"","context":"In &quot;Not\u00edcias de Ribeir\u00e3o Preto-SP e Regi\u00e3o&quot;","block_context":{"text":"Not\u00edcias de Ribeir\u00e3o Preto-SP e Regi\u00e3o","link":"https:\/\/noticiasribeiraopreto.com.br\/index.php\/category\/noticias-de-ribeirao-preto-sp-e-regiao-ismael-colosi\/"},"img":{"alt_text":"","src":"https:\/\/i0.wp.com\/noticiasribeiraopreto.com.br\/wp-content\/uploads\/2026\/03\/palace-35_2026-03-09_19-51-58.webp.webp?fit=1200%2C675&ssl=1&resize=350%2C200","width":350,"height":200,"srcset":"https:\/\/i0.wp.com\/noticiasribeiraopreto.com.br\/wp-content\/uploads\/2026\/03\/palace-35_2026-03-09_19-51-58.webp.webp?fit=1200%2C675&ssl=1&resize=350%2C200 1x, https:\/\/i0.wp.com\/noticiasribeiraopreto.com.br\/wp-content\/uploads\/2026\/03\/palace-35_2026-03-09_19-51-58.webp.webp?fit=1200%2C675&ssl=1&resize=525%2C300 1.5x, https:\/\/i0.wp.com\/noticiasribeiraopreto.com.br\/wp-content\/uploads\/2026\/03\/palace-35_2026-03-09_19-51-58.webp.webp?fit=1200%2C675&ssl=1&resize=700%2C400 2x, https:\/\/i0.wp.com\/noticiasribeiraopreto.com.br\/wp-content\/uploads\/2026\/03\/palace-35_2026-03-09_19-51-58.webp.webp?fit=1200%2C675&ssl=1&resize=1050%2C600 3x"},"classes":[]},{"id":83912,"url":"https:\/\/noticiasribeiraopreto.com.br\/index.php\/2026\/03\/28\/felicio-ramuth-oficializa-filiacao-ao-mdb-apos-convites-de-liderancas\/","url_meta":{"origin":34811,"position":3},"title":"Fel\u00edcio Ramuth oficializa filia\u00e7\u00e3o ao MDB ap\u00f3s convites de lideran\u00e7as","author":"noticiasribeiraopreto.com.br","date":"28 de March de 2026","format":false,"excerpt":"O vice-governador de S\u00e3o Paulo, Fel\u00edcio Ramuth, oficializou sua filia\u00e7\u00e3o ao MDB (Movimento Democr\u00e1tico Brasileiro). Segundo fontes do acidade on, o encontro entre o vice-governador e o presidente nacional da sigla, o deputado federal Baleia Rossi, teria ocorrido em Ribeir\u00e3o Preto. A ades\u00e3o de Ramuth ao MDB ocorreu ap\u00f3s convites\u2026","rel":"","context":"In &quot;Not\u00edcias de Ribeir\u00e3o Preto-SP e Regi\u00e3o&quot;","block_context":{"text":"Not\u00edcias de Ribeir\u00e3o Preto-SP e Regi\u00e3o","link":"https:\/\/noticiasribeiraopreto.com.br\/index.php\/category\/noticias-de-ribeirao-preto-sp-e-regiao-ismael-colosi\/"},"img":{"alt_text":"","src":"https:\/\/i0.wp.com\/noticiasribeiraopreto.com.br\/wp-content\/uploads\/2026\/03\/palace-8_2026-03-28_14-18-10.webp.webp?fit=1200%2C675&ssl=1&resize=350%2C200","width":350,"height":200,"srcset":"https:\/\/i0.wp.com\/noticiasribeiraopreto.com.br\/wp-content\/uploads\/2026\/03\/palace-8_2026-03-28_14-18-10.webp.webp?fit=1200%2C675&ssl=1&resize=350%2C200 1x, https:\/\/i0.wp.com\/noticiasribeiraopreto.com.br\/wp-content\/uploads\/2026\/03\/palace-8_2026-03-28_14-18-10.webp.webp?fit=1200%2C675&ssl=1&resize=525%2C300 1.5x, https:\/\/i0.wp.com\/noticiasribeiraopreto.com.br\/wp-content\/uploads\/2026\/03\/palace-8_2026-03-28_14-18-10.webp.webp?fit=1200%2C675&ssl=1&resize=700%2C400 2x, https:\/\/i0.wp.com\/noticiasribeiraopreto.com.br\/wp-content\/uploads\/2026\/03\/palace-8_2026-03-28_14-18-10.webp.webp?fit=1200%2C675&ssl=1&resize=1050%2C600 3x"},"classes":[]},{"id":35251,"url":"https:\/\/noticiasribeiraopreto.com.br\/index.php\/2024\/02\/05\/acaba-de-chegar-triste-noticia-sobre-aviao-do-presidente-lula-e-e-confirmado-a-aeronave-ver-mais\/","url_meta":{"origin":34811,"position":4},"title":"Acaba de chegar TRISTE NOT\u00cdCIA sobre avi\u00e3o do presidente Lula e \u00c9 CONFIRMADO: &#8220;A aeronave&#8230;Ver mais","author":"noticiasribeiraopreto.com.br","date":"5 de February de 2024","format":false,"excerpt":"O avi\u00e3o do atual presidente Luiz In\u00e1cio Lula da Silva sofreu problemas em sua decolagem, algo que preocupou grande parte dos seus apoiadores e admiradores. A aeronave que estava fazendo o transporte do presidente acabou interrompendo a decolagem em Congonhas, aeroporto localizado em S\u00e3o Paulo. Na ocasi\u00e3o o avi\u00e3o Airbus\u2026","rel":"","context":"In &quot;Variedades&quot;","block_context":{"text":"Variedades","link":"https:\/\/noticiasribeiraopreto.com.br\/index.php\/category\/variedades\/"},"img":{"alt_text":"","src":"https:\/\/i0.wp.com\/noticiasribeiraopreto.com.br\/wp-content\/uploads\/2024\/02\/Apresentacao-sem-titulo-3.png?fit=960%2C540&ssl=1&resize=350%2C200","width":350,"height":200,"srcset":"https:\/\/i0.wp.com\/noticiasribeiraopreto.com.br\/wp-content\/uploads\/2024\/02\/Apresentacao-sem-titulo-3.png?fit=960%2C540&ssl=1&resize=350%2C200 1x, https:\/\/i0.wp.com\/noticiasribeiraopreto.com.br\/wp-content\/uploads\/2024\/02\/Apresentacao-sem-titulo-3.png?fit=960%2C540&ssl=1&resize=525%2C300 1.5x, https:\/\/i0.wp.com\/noticiasribeiraopreto.com.br\/wp-content\/uploads\/2024\/02\/Apresentacao-sem-titulo-3.png?fit=960%2C540&ssl=1&resize=700%2C400 2x"},"classes":[]},{"id":55004,"url":"https:\/\/noticiasribeiraopreto.com.br\/index.php\/2024\/07\/27\/pt-confirma-jorge-roque-como-candidato-a-prefeitura-de-ribeirao-preto\/","url_meta":{"origin":34811,"position":5},"title":"PT confirma Jorge Roque como candidato \u00e0 Prefeitura de Ribeir\u00e3o Preto","author":"noticiasribeiraopreto.com.br","date":"27 de July de 2024","format":false,"excerpt":"O PT (Partido dos Trabalhadores) confirmou o presidente do partido em Ribeir\u00e3o Preto, Jorge Roque, como candidato a prefeito. O an\u00fancio que incluiu, tamb\u00e9m, o nome da vice-prefeita, Artemizia Torres (PSOL), ocorreu na manh\u00e3 deste s\u00e1bado (27), na sede do PT, que fica no bairro Jardim Sumar\u00e9. \u201cDessa vez, depois\u2026","rel":"","context":"In &quot;Not\u00edcias de Ribeir\u00e3o Preto-SP e Regi\u00e3o&quot;","block_context":{"text":"Not\u00edcias de Ribeir\u00e3o Preto-SP e Regi\u00e3o","link":"https:\/\/noticiasribeiraopreto.com.br\/index.php\/category\/noticias-de-ribeirao-preto-sp-e-regiao-ismael-colosi\/"},"img":{"alt_text":"","src":"https:\/\/i0.wp.com\/noticiasribeiraopreto.com.br\/wp-content\/uploads\/2024\/07\/Copia-de-Copia-de-TAMANHO-EXATO-PARA-FOTOS-NO-SISTEMA-NOVO-1_2024-07-27_14-30-52_jpg_2024-07-27_14-30-52.webp.webp?fit=1200%2C675&ssl=1&resize=350%2C200","width":350,"height":200,"srcset":"https:\/\/i0.wp.com\/noticiasribeiraopreto.com.br\/wp-content\/uploads\/2024\/07\/Copia-de-Copia-de-TAMANHO-EXATO-PARA-FOTOS-NO-SISTEMA-NOVO-1_2024-07-27_14-30-52_jpg_2024-07-27_14-30-52.webp.webp?fit=1200%2C675&ssl=1&resize=350%2C200 1x, https:\/\/i0.wp.com\/noticiasribeiraopreto.com.br\/wp-content\/uploads\/2024\/07\/Copia-de-Copia-de-TAMANHO-EXATO-PARA-FOTOS-NO-SISTEMA-NOVO-1_2024-07-27_14-30-52_jpg_2024-07-27_14-30-52.webp.webp?fit=1200%2C675&ssl=1&resize=525%2C300 1.5x, https:\/\/i0.wp.com\/noticiasribeiraopreto.com.br\/wp-content\/uploads\/2024\/07\/Copia-de-Copia-de-TAMANHO-EXATO-PARA-FOTOS-NO-SISTEMA-NOVO-1_2024-07-27_14-30-52_jpg_2024-07-27_14-30-52.webp.webp?fit=1200%2C675&ssl=1&resize=700%2C400 2x, https:\/\/i0.wp.com\/noticiasribeiraopreto.com.br\/wp-content\/uploads\/2024\/07\/Copia-de-Copia-de-TAMANHO-EXATO-PARA-FOTOS-NO-SISTEMA-NOVO-1_2024-07-27_14-30-52_jpg_2024-07-27_14-30-52.webp.webp?fit=1200%2C675&ssl=1&resize=1050%2C600 3x"},"classes":[]}],"jetpack_sharing_enabled":true,"jetpack_shortlink":"https:\/\/wp.me\/peQAOb-93t","_links":{"self":[{"href":"https:\/\/noticiasribeiraopreto.com.br\/index.php\/wp-json\/wp\/v2\/posts\/34811","targetHints":{"allow":["GET"]}}],"collection":[{"href":"https:\/\/noticiasribeiraopreto.com.br\/index.php\/wp-json\/wp\/v2\/posts"}],"about":[{"href":"https:\/\/noticiasribeiraopreto.com.br\/index.php\/wp-json\/wp\/v2\/types\/post"}],"author":[{"embeddable":true,"href":"https:\/\/noticiasribeiraopreto.com.br\/index.php\/wp-json\/wp\/v2\/users\/1"}],"replies":[{"embeddable":true,"href":"https:\/\/noticiasribeiraopreto.com.br\/index.php\/wp-json\/wp\/v2\/comments?post=34811"}],"version-history":[{"count":0,"href":"https:\/\/noticiasribeiraopreto.com.br\/index.php\/wp-json\/wp\/v2\/posts\/34811\/revisions"}],"wp:featuredmedia":[{"embeddable":true,"href":"https:\/\/noticiasribeiraopreto.com.br\/index.php\/wp-json\/wp\/v2\/media\/34812"}],"wp:attachment":[{"href":"https:\/\/noticiasribeiraopreto.com.br\/index.php\/wp-json\/wp\/v2\/media?parent=34811"}],"wp:term":[{"taxonomy":"category","embeddable":true,"href":"https:\/\/noticiasribeiraopreto.com.br\/index.php\/wp-json\/wp\/v2\/categories?post=34811"},{"taxonomy":"post_tag","embeddable":true,"href":"https:\/\/noticiasribeiraopreto.com.br\/index.php\/wp-json\/wp\/v2\/tags?post=34811"}],"curies":[{"name":"wp","href":"https:\/\/api.w.org\/{rel}","templated":true}]}}