{"id":34860,"date":"2024-02-03T20:39:58","date_gmt":"2024-02-03T23:39:58","guid":{"rendered":"https:\/\/noticiasribeiraopreto.com.br\/index.php\/2024\/02\/03\/camara-apresenta-prototipo-de-portal\/"},"modified":"2024-02-03T20:39:58","modified_gmt":"2024-02-03T23:39:58","slug":"camara-apresenta-prototipo-de-portal","status":"publish","type":"post","link":"https:\/\/noticiasribeiraopreto.com.br\/index.php\/2024\/02\/03\/camara-apresenta-prototipo-de-portal\/","title":{"rendered":"C\u00e2mara apresenta prot\u00f3tipo de portal\u00a0"},"content":{"rendered":"<div class='code-block code-block-1' style='margin: 8px 0 8px auto; text-align: right; display: block; clear: both;'>\n<p><a href=\"https:\/\/wa.link\/vpicfd\"><img data-recalc-dims=\"1\" class=\"wp-image-4922\" style=\"aspect-ratio: 2.0253164556962027; width: 561px; height: auto;\" src=\"https:\/\/i0.wp.com\/ismaelcolosi.com.br\/wp-content\/uploads\/2023\/11\/grupo-de-empregos-whatsapp-e-facebook-ismael-colosi-vagas.jpg?ssl=1\" alt=\"\" \/><\/a><\/p>\n<!-- \/wp:image -->\n<\/div>\n<p> <br \/>\n<\/p>\n<div id=\"post-372471\">\n<header class=\"entry-header penci-entry-header penci-title-center\">\n<p> <span class=\"entry-meta-item penci-posted-on\"><i class=\"fa fa-clock-o\"\/><time class=\"entry-date published\" datetime=\"2024-02-03T17:00:18-03:00\">3 de fevereiro de 2024 | 17:00<\/time><time class=\"updated\" datetime=\"2024-02-02T20:58:37-03:00\">2 de fevereiro de 2024 | 20:58<\/time><\/span><\/p>\n<p> <span class=\"penci-social-buttons penci-social-share-footer\"><a href=\"#\" class=\"penci-post-like penci_post-meta_item  single-like-button penci-social-item like\" data-post_id=\"372471\" title=\"Like\" data-like=\"Like\" data-unlike=\"Unlike\"><i class=\"fa fa-thumbs-o-up\"\/><span class=\"penci-share-number\">0<\/span><\/a><i class=\"fa fa-facebook\"\/><a class=\"penci-social-item twitter\" target=\"_blank\" rel=\"noopener\" title=\"\" href=\"https:\/\/twitter.com\/intent\/tweet?text=C\u00e2mara%20apresenta%20prot\u00f3tipo%20de%20portal\u00a0%20-%20https:\/\/www.tribunaribeirao.com.br\/site\/camara-apresenta-prototipo-de-portal\/\"><i class=\"fa fa-twitter\"\/><\/a><i class=\"fa fa-whatsapp\"\/><\/span><\/header>\n<div class=\"penci-entry-content entry-content\">\n<p><span class=\"TextRun SCXW113965819 BCX0\" lang=\"PT-BR\" xml:lang=\"PT-BR\" data-contrast=\"auto\"><span class=\"NormalTextRun SCXW113965819 BCX0\">O novo portal da C\u00e2mara Municipal de Ribeir\u00e3o Preto j\u00e1 tem formato. Por meio de um prot\u00f3tipo, a empresa Inform\u00e1tica de Munic\u00edpios Associados (IMA), <\/span><span class=\"NormalTextRun SCXW113965819 BCX0\">de Campinas, <\/span><span class=\"NormalTextRun SCXW113965819 BCX0\">respons\u00e1vel pela cria\u00e7\u00e3o<\/span><span class=\"NormalTextRun SCXW113965819 BCX0\"> do site e que j\u00e1 presta servi\u00e7o para Legislativos de outras cidades<\/span><span class=\"NormalTextRun SCXW113965819 BCX0\">, apresentou o novo modelo. <\/span><\/span><span class=\"LineBreakBlob BlobObject DragDrop SCXW113965819 BCX0\"><span class=\"SCXW113965819 BCX0\">\u00a0<\/span><br class=\"SCXW113965819 BCX0\"\/><\/span><span class=\"LineBreakBlob BlobObject DragDrop SCXW113965819 BCX0\"><span class=\"SCXW113965819 BCX0\">\u00a0<\/span><br class=\"SCXW113965819 BCX0\"\/><\/span><span class=\"TextRun SCXW113965819 BCX0\" lang=\"PT-BR\" xml:lang=\"PT-BR\" data-contrast=\"auto\"><span class=\"NormalTextRun SCXW113965819 BCX0\">A proposta do novo portal \u00e9 baseada no modelo \u201cdois cliques\u201d, em que o usu\u00e1rio consegue facilmente encontrar o conte\u00fado que <\/span><span class=\"NormalTextRun SCXW113965819 BCX0\">procura,<\/span><span class=\"NormalTextRun SCXW113965819 BCX0\"> principalmente informa\u00e7\u00f5es voltadas \u00e0 transpar\u00eancia. A nova ferramenta foi uma solicita\u00e7\u00e3o do presidente da C\u00e2mara, Isaac Antunes (PL).<\/span><span class=\"NormalTextRun SCXW113965819 BCX0\">\u00a0<\/span><span class=\"NormalTextRun SCXW113965819 BCX0\"> \u201cQuanto mais transpar\u00eancia e facilidade aos internautas, melhor<\/span><span class=\"NormalTextRun SCXW113965819 BCX0\">\u201d, diz<\/span><span class=\"NormalTextRun SCXW113965819 BCX0\">. <\/span><\/span><span class=\"LineBreakBlob BlobObject DragDrop SCXW113965819 BCX0\"><span class=\"SCXW113965819 BCX0\">\u00a0<\/span><br class=\"SCXW113965819 BCX0\"\/><\/span><span class=\"LineBreakBlob BlobObject DragDrop SCXW113965819 BCX0\"><span class=\"SCXW113965819 BCX0\">\u00a0<\/span><br class=\"SCXW113965819 BCX0\"\/><\/span><span class=\"TextRun SCXW113965819 BCX0\" lang=\"PT-BR\" xml:lang=\"PT-BR\" data-contrast=\"auto\"><span class=\"NormalTextRun SCXW113965819 BCX0\">\u201c<\/span><span class=\"NormalTextRun SCXW113965819 BCX0\">Essa \u00e9 a proposta<\/span><span class=\"NormalTextRun SCXW113965819 BCX0\">.<\/span><span class=\"NormalTextRun SCXW113965819 BCX0\"> Em dois cliques o morador de Ribeir\u00e3o Preto vai encontrar, por exemplo, o subs\u00eddio dos parlamentares ou ent\u00e3o os gastos do gabinete. Tudo de forma r\u00e1pida e muito transparente\u201d, afirma.<\/span> <span class=\"NormalTextRun SCXW113965819 BCX0\">O Legislativo municipal investir\u00e1 at\u00e9 R$ R$ 490.173,97 na constru\u00e7\u00e3o, manuten\u00e7\u00e3o, hospedagem e <\/span><span class=\"NormalTextRun SCXW113965819 BCX0\">implementa\u00e7\u00e3o<\/span><span class=\"NormalTextRun SCXW113965819 BCX0\"> de novas tecnologias de seu novo portal. <\/span><\/span><span class=\"LineBreakBlob BlobObject DragDrop SCXW113965819 BCX0\"><span class=\"SCXW113965819 BCX0\">\u00a0<\/span><br class=\"SCXW113965819 BCX0\"\/><\/span><span class=\"LineBreakBlob BlobObject DragDrop SCXW113965819 BCX0\"><span class=\"SCXW113965819 BCX0\">\u00a0<\/span><br class=\"SCXW113965819 BCX0\"\/><\/span><span class=\"TextRun SCXW113965819 BCX0\" lang=\"PT-BR\" xml:lang=\"PT-BR\" data-contrast=\"auto\"><span class=\"NormalTextRun SCXW113965819 BCX0\">Do total que ser\u00e1 investido, R$ 241.044,13 ser\u00e1 pa<\/span><span class=\"NormalTextRun SCXW113965819 BCX0\">ra o pagamento da confec\u00e7\u00e3o do p<\/span><span class=\"NormalTextRun SCXW113965819 BCX0\">ortal e R$ 70.859,84 pela hospedagem do site, incluindo servi\u00e7os de manuten\u00e7\u00f5es corretivas e suporte t\u00e9cnico.\u00a0<\/span> <span class=\"NormalTextRun SCXW113965819 BCX0\">J\u00e1 R$<\/span> <span class=\"NormalTextRun SCXW113965819 BCX0\">178.270<\/span> <span class=\"NormalTextRun SCXW113965819 BCX0\">ser\u00e3o destinados para o desenvolvimento de novos servi\u00e7os tecnol\u00f3gicos, caso a C\u00e2mara <\/span><span class=\"NormalTextRun ContextualSpellingAndGrammarErrorV2Themed SCXW113965819 BCX0\">deseja<\/span><span class=\"NormalTextRun SCXW113965819 BCX0\"> implant\u00e1-las. <\/span><\/span><span class=\"LineBreakBlob BlobObject DragDrop SCXW113965819 BCX0\"><span class=\"SCXW113965819 BCX0\">\u00a0<\/span><br class=\"SCXW113965819 BCX0\"\/><\/span><span class=\"LineBreakBlob BlobObject DragDrop SCXW113965819 BCX0\"><span class=\"SCXW113965819 BCX0\">\u00a0<\/span><br class=\"SCXW113965819 BCX0\"\/><\/span><span class=\"TextRun SCXW113965819 BCX0\" lang=\"PT-BR\" xml:lang=\"PT-BR\" data-contrast=\"auto\"><span class=\"NormalTextRun SCXW113965819 BCX0\">Os <\/span><span class=\"NormalTextRun SCXW113965819 BCX0\">R$ 178.270 <\/span><span class=\"NormalTextRun SCXW113965819 BCX0\">ser\u00e3o pagos conforme a realiza\u00e7\u00e3o dos servi\u00e7os solicitados. A dura\u00e7\u00e3o do contrato ser\u00e1 de doze meses contados a partir da assinatura do contrato podendo ser renovado. A migra\u00e7\u00e3o do site antigo para o novo, incluindo dados de controle interno, dever\u00e1 demorar at\u00e9 quatro meses, prazo previsto no contrato. At\u00e9 l\u00e1, em etapas, a nova <\/span><span class=\"NormalTextRun SCXW113965819 BCX0\">ideia<\/span><span class=\"NormalTextRun SCXW113965819 BCX0\"> ser\u00e1 compartilhada com a popula\u00e7\u00e3o.<\/span><\/span><span class=\"LineBreakBlob BlobObject DragDrop SCXW113965819 BCX0\"><span class=\"SCXW113965819 BCX0\">\u00a0<\/span><br class=\"SCXW113965819 BCX0\"\/><\/span><span class=\"LineBreakBlob BlobObject DragDrop SCXW113965819 BCX0\"><span class=\"SCXW113965819 BCX0\">\u00a0<\/span><br class=\"SCXW113965819 BCX0\"\/><\/span><span class=\"TextRun SCXW113965819 BCX0\" lang=\"PT-BR\" xml:lang=\"PT-BR\" data-contrast=\"auto\"><span class=\"NormalTextRun SCXW113965819 BCX0\">A C\u00e2mara de Ribeir\u00e3o Preto tem atualmente 93 servidores efetivos e 113 comissionados \u2013 dos quais cinco para cada um dos 22 gabinetes. De acordo com a Constitui\u00e7\u00e3o Federal, tem direito a receber, todo ano, 4,5% dos recursos financeiros constantes do Or\u00e7amento Municipal por meio de transfer\u00eancias financeiras realizada pelo Executivo na forma de duod\u00e9cimos. Para 2024, o valor seria de R$ 84.000.000 com base em 4,5%, mas essa taxa caiu para 3,50% este ano.<\/span><\/span><span class=\"LineBreakBlob BlobObject DragDrop SCXW113965819 BCX0\"><span class=\"SCXW113965819 BCX0\">\u00a0<\/span><br class=\"SCXW113965819 BCX0\"\/><\/span><span class=\"LineBreakBlob BlobObject DragDrop SCXW113965819 BCX0\"><span class=\"SCXW113965819 BCX0\">\u00a0<\/span><br class=\"SCXW113965819 BCX0\"\/><\/span><\/p>\n<\/div>\n<footer class=\"penci-entry-footer\"\/><\/div>\n<p><script async src=\"\/\/platform.twitter.com\/widgets.js\" charset=\"utf-8\"><\/script><br \/>\n<br \/><br \/>\n<br \/><a href=\"https:\/\/www.tribunaribeirao.com.br\/site\/camara-apresenta-prototipo-de-portal\/\">Source link <\/a><\/p>\n<!-- CONTENT END 1 -->\n","protected":false},"excerpt":{"rendered":"<p>3 de fevereiro de 2024 | 17:002 de fevereiro de 2024 | 20:58 0 O novo portal da C\u00e2mara Municipal de Ribeir\u00e3o Preto j\u00e1 tem&#8230;<\/p>\n","protected":false},"author":1,"featured_media":34861,"comment_status":"open","ping_status":"open","sticky":false,"template":"","format":"standard","meta":{"advanced_seo_description":"","jetpack_seo_html_title":"","jetpack_seo_noindex":false,"jetpack_post_was_ever_published":false,"_jetpack_newsletter_access":"","_jetpack_dont_email_post_to_subs":false,"_jetpack_newsletter_tier_id":0,"_jetpack_memberships_contains_paywalled_content":false,"_jetpack_memberships_contains_paid_content":false,"footnotes":"","jetpack_publicize_message":"","jetpack_publicize_feature_enabled":true,"jetpack_social_post_already_shared":true,"jetpack_social_options":{"image_generator_settings":{"template":"highway","default_image_id":0,"font":"","enabled":false},"version":2}},"categories":[11],"tags":[56,154,3337,4051],"class_list":["post-34860","post","type-post","status-publish","format-standard","has-post-thumbnail","hentry","category-noticias-de-ribeirao-preto-sp-e-regiao-ismael-colosi","tag-apresenta","tag-camara","tag-portal","tag-prototipo"],"jetpack_publicize_connections":[],"jetpack_featured_media_url":"https:\/\/i0.wp.com\/noticiasribeiraopreto.com.br\/wp-content\/uploads\/2024\/02\/CamaraRP-Divulgacao-scaled.jpg?fit=374%2C645&ssl=1","jetpack-related-posts":[{"id":63704,"url":"https:\/\/noticiasribeiraopreto.com.br\/index.php\/2025\/02\/19\/valor-do-coffe-break-da-camara-de-ribeirao-preto-aumenta-35\/","url_meta":{"origin":34860,"position":0},"title":"Valor do Coffe Break da C\u00e2mara de Ribeir\u00e3o Preto aumenta 35%","author":"noticiasribeiraopreto.com.br","date":"19 de February de 2025","format":false,"excerpt":"O contrato para fornecimento de Coffe Break aos 22 vereadores da C\u00e2mara de Ribeir\u00e3o Preto, durante as sess\u00f5es ordin\u00e1rias, aumentou cerca de 35% em rela\u00e7\u00e3o ao ano passado. Conforme dados obtidos atrav\u00e9s do Portal da Transpar\u00eancia, o valor global do contrato assinado para 12 meses foi de R$ 29.950,00, em\u2026","rel":"","context":"In &quot;Not\u00edcias de Ribeir\u00e3o Preto-SP e Regi\u00e3o&quot;","block_context":{"text":"Not\u00edcias de Ribeir\u00e3o Preto-SP e Regi\u00e3o","link":"https:\/\/noticiasribeiraopreto.com.br\/index.php\/category\/noticias-de-ribeirao-preto-sp-e-regiao-ismael-colosi\/"},"img":{"alt_text":"","src":"https:\/\/i0.wp.com\/noticiasribeiraopreto.com.br\/wp-content\/uploads\/2025\/02\/camara-ribeirao_2025-02-13_20-51-47_jpg_2025-02-13_20-51-47.webp.webp?fit=1200%2C800&ssl=1&resize=350%2C200","width":350,"height":200,"srcset":"https:\/\/i0.wp.com\/noticiasribeiraopreto.com.br\/wp-content\/uploads\/2025\/02\/camara-ribeirao_2025-02-13_20-51-47_jpg_2025-02-13_20-51-47.webp.webp?fit=1200%2C800&ssl=1&resize=350%2C200 1x, https:\/\/i0.wp.com\/noticiasribeiraopreto.com.br\/wp-content\/uploads\/2025\/02\/camara-ribeirao_2025-02-13_20-51-47_jpg_2025-02-13_20-51-47.webp.webp?fit=1200%2C800&ssl=1&resize=525%2C300 1.5x, https:\/\/i0.wp.com\/noticiasribeiraopreto.com.br\/wp-content\/uploads\/2025\/02\/camara-ribeirao_2025-02-13_20-51-47_jpg_2025-02-13_20-51-47.webp.webp?fit=1200%2C800&ssl=1&resize=700%2C400 2x, https:\/\/i0.wp.com\/noticiasribeiraopreto.com.br\/wp-content\/uploads\/2025\/02\/camara-ribeirao_2025-02-13_20-51-47_jpg_2025-02-13_20-51-47.webp.webp?fit=1200%2C800&ssl=1&resize=1050%2C600 3x"},"classes":[]},{"id":45076,"url":"https:\/\/noticiasribeiraopreto.com.br\/index.php\/2024\/04\/02\/carros-da-camara-concessionaria-apresenta-recurso\/","url_meta":{"origin":34860,"position":1},"title":"Carros da C\u00e2mara:\u00a0concession\u00e1ria apresenta recurso\u00a0","author":"noticiasribeiraopreto.com.br","date":"2 de April de 2024","format":false,"excerpt":"Ap\u00f3s ser notificada tr\u00eas vezes pela C\u00e2mara de Ribeir\u00e3o Preto, a concession\u00e1ria GT8 Ve\u00edculos e Pe\u00e7as Ltda., da cidade de Franca, respons\u00e1vel pela venda de doze novos ve\u00edculos para o Legislativo, apresentou recurso por n\u00e3o entregar o decalque dos motores e c\u00f3pia das notas fiscais de f\u00e1brica. A empresa do\u2026","rel":"","context":"In &quot;Not\u00edcias de Ribeir\u00e3o Preto-SP e Regi\u00e3o&quot;","block_context":{"text":"Not\u00edcias de Ribeir\u00e3o Preto-SP e Regi\u00e3o","link":"https:\/\/noticiasribeiraopreto.com.br\/index.php\/category\/noticias-de-ribeirao-preto-sp-e-regiao-ismael-colosi\/"},"img":{"alt_text":"","src":"https:\/\/i0.wp.com\/noticiasribeiraopreto.com.br\/wp-content\/uploads\/2024\/04\/CarroCAM-Pre-Reproducao-01-2.jpg?fit=800%2C382&ssl=1&resize=350%2C200","width":350,"height":200,"srcset":"https:\/\/i0.wp.com\/noticiasribeiraopreto.com.br\/wp-content\/uploads\/2024\/04\/CarroCAM-Pre-Reproducao-01-2.jpg?fit=800%2C382&ssl=1&resize=350%2C200 1x, https:\/\/i0.wp.com\/noticiasribeiraopreto.com.br\/wp-content\/uploads\/2024\/04\/CarroCAM-Pre-Reproducao-01-2.jpg?fit=800%2C382&ssl=1&resize=525%2C300 1.5x, https:\/\/i0.wp.com\/noticiasribeiraopreto.com.br\/wp-content\/uploads\/2024\/04\/CarroCAM-Pre-Reproducao-01-2.jpg?fit=800%2C382&ssl=1&resize=700%2C400 2x"},"classes":[]},{"id":36282,"url":"https:\/\/noticiasribeiraopreto.com.br\/index.php\/2024\/02\/09\/camara-inaugura-galeria-com-fotos-de-vereadoras\/","url_meta":{"origin":34860,"position":2},"title":"C\u00e2mara inaugura galeria com fotos de vereadoras\u00a0","author":"noticiasribeiraopreto.com.br","date":"9 de February de 2024","format":false,"excerpt":"8 de fevereiro de 2024 | 15:008 de fevereiro de 2024 | 15:20 0A C\u00e2mara de Ribeir\u00e3o Preto inaugura, nesta quinta-feira, 8 de fevereiro, a Galeria Lil\u00e1s, um mural de fotos e imagens dedicado a homenagear as mulheres parlamentares de todas as legislaturas. A iniciativa \u00e9 resultado de um projeto\u2026","rel":"","context":"In &quot;Not\u00edcias de Ribeir\u00e3o Preto-SP e Regi\u00e3o&quot;","block_context":{"text":"Not\u00edcias de Ribeir\u00e3o Preto-SP e Regi\u00e3o","link":"https:\/\/noticiasribeiraopreto.com.br\/index.php\/category\/noticias-de-ribeirao-preto-sp-e-regiao-ismael-colosi\/"},"img":{"alt_text":"","src":"https:\/\/i0.wp.com\/noticiasribeiraopreto.com.br\/wp-content\/uploads\/2024\/02\/2-FACHADA-Camara-Municipal-4-1-scaled.jpg?fit=967%2C645&ssl=1&resize=350%2C200","width":350,"height":200,"srcset":"https:\/\/i0.wp.com\/noticiasribeiraopreto.com.br\/wp-content\/uploads\/2024\/02\/2-FACHADA-Camara-Municipal-4-1-scaled.jpg?fit=967%2C645&ssl=1&resize=350%2C200 1x, https:\/\/i0.wp.com\/noticiasribeiraopreto.com.br\/wp-content\/uploads\/2024\/02\/2-FACHADA-Camara-Municipal-4-1-scaled.jpg?fit=967%2C645&ssl=1&resize=525%2C300 1.5x, https:\/\/i0.wp.com\/noticiasribeiraopreto.com.br\/wp-content\/uploads\/2024\/02\/2-FACHADA-Camara-Municipal-4-1-scaled.jpg?fit=967%2C645&ssl=1&resize=700%2C400 2x"},"classes":[]},{"id":64731,"url":"https:\/\/noticiasribeiraopreto.com.br\/index.php\/2025\/03\/11\/camara-aprova-o-fevereiro-roxo-para-conscientizacao-e-prevencao-de-lupus-fibromialgia-e-alzheimer\/","url_meta":{"origin":34860,"position":3},"title":"C\u00e2mara aprova o \u201cFevereiro Roxo\u201d para conscientiza\u00e7\u00e3o e preven\u00e7\u00e3o de L\u00fapus, Fibromialgia e Alzheimer","author":"noticiasribeiraopreto.com.br","date":"11 de March de 2025","format":false,"excerpt":"Na Sess\u00e3o Ordin\u00e1ria do \u00faltimo dia 18 de fevereiro, a C\u00e2mara Municipal de Ribeir\u00e3o Preto aprovou o Projeto de Lei do vereador Maur\u00edcio Gasparini (Uni\u00e3o), instituindo a Campanha \u201cFevereiro Roxo\u201d. A proposta visa conscientizar a popula\u00e7\u00e3o sobre a preven\u00e7\u00e3o e tratamento de tr\u00eas doen\u00e7as s\u00e9rias: L\u00fapus, Fibromialgia e Alzheimer. O\u2026","rel":"","context":"In &quot;Not\u00edcias de Ribeir\u00e3o Preto-SP e Regi\u00e3o&quot;","block_context":{"text":"Not\u00edcias de Ribeir\u00e3o Preto-SP e Regi\u00e3o","link":"https:\/\/noticiasribeiraopreto.com.br\/index.php\/category\/noticias-de-ribeirao-preto-sp-e-regiao-ismael-colosi\/"},"img":{"alt_text":"","src":"https:\/\/i0.wp.com\/noticiasribeiraopreto.com.br\/wp-content\/uploads\/2025\/03\/sessao_ordinaria_18022025_foto_thaisa_coroado-04-scaled.jpg?fit=1200%2C800&ssl=1&resize=350%2C200","width":350,"height":200,"srcset":"https:\/\/i0.wp.com\/noticiasribeiraopreto.com.br\/wp-content\/uploads\/2025\/03\/sessao_ordinaria_18022025_foto_thaisa_coroado-04-scaled.jpg?fit=1200%2C800&ssl=1&resize=350%2C200 1x, https:\/\/i0.wp.com\/noticiasribeiraopreto.com.br\/wp-content\/uploads\/2025\/03\/sessao_ordinaria_18022025_foto_thaisa_coroado-04-scaled.jpg?fit=1200%2C800&ssl=1&resize=525%2C300 1.5x, https:\/\/i0.wp.com\/noticiasribeiraopreto.com.br\/wp-content\/uploads\/2025\/03\/sessao_ordinaria_18022025_foto_thaisa_coroado-04-scaled.jpg?fit=1200%2C800&ssl=1&resize=700%2C400 2x, https:\/\/i0.wp.com\/noticiasribeiraopreto.com.br\/wp-content\/uploads\/2025\/03\/sessao_ordinaria_18022025_foto_thaisa_coroado-04-scaled.jpg?fit=1200%2C800&ssl=1&resize=1050%2C600 3x"},"classes":[]},{"id":26642,"url":"https:\/\/noticiasribeiraopreto.com.br\/index.php\/2024\/01\/10\/camara-vai-investir-r-490-mil-em-novo-portal\/","url_meta":{"origin":34860,"position":4},"title":"C\u00e2mara vai investir R$ 490 mil em novo portal\u00a0","author":"noticiasribeiraopreto.com.br","date":"10 de January de 2024","format":false,"excerpt":"10 de janeiro de 2024 | 13:3010 de janeiro de 2024 | 13:18 0A C\u00e2mara de Ribeir\u00e3o Preto vai investir at\u00e9 R$ R$ 490.173,97 na constru\u00e7\u00e3o, manuten\u00e7\u00e3o, hospedagem e implementa\u00e7\u00e3o de novas tecnologias de seu novo portal na internet. O extrato de contrato com a empresa respons\u00e1vel pelo empreendimento foi\u2026","rel":"","context":"In &quot;Not\u00edcias de Ribeir\u00e3o Preto-SP e Regi\u00e3o&quot;","block_context":{"text":"Not\u00edcias de Ribeir\u00e3o Preto-SP e Regi\u00e3o","link":"https:\/\/noticiasribeiraopreto.com.br\/index.php\/category\/noticias-de-ribeirao-preto-sp-e-regiao-ismael-colosi\/"},"img":{"alt_text":"","src":"https:\/\/i0.wp.com\/noticiasribeiraopreto.com.br\/wp-content\/uploads\/2024\/01\/Camara-Reproducao-scaled.jpg?fit=1000%2C540&ssl=1&resize=350%2C200","width":350,"height":200,"srcset":"https:\/\/i0.wp.com\/noticiasribeiraopreto.com.br\/wp-content\/uploads\/2024\/01\/Camara-Reproducao-scaled.jpg?fit=1000%2C540&ssl=1&resize=350%2C200 1x, https:\/\/i0.wp.com\/noticiasribeiraopreto.com.br\/wp-content\/uploads\/2024\/01\/Camara-Reproducao-scaled.jpg?fit=1000%2C540&ssl=1&resize=525%2C300 1.5x, https:\/\/i0.wp.com\/noticiasribeiraopreto.com.br\/wp-content\/uploads\/2024\/01\/Camara-Reproducao-scaled.jpg?fit=1000%2C540&ssl=1&resize=700%2C400 2x"},"classes":[]},{"id":37619,"url":"https:\/\/noticiasribeiraopreto.com.br\/index.php\/2024\/02\/17\/camara-acata-veto-a-projeto-cultural\/","url_meta":{"origin":34860,"position":5},"title":"C\u00e2mara acata veto a projeto cultural\u00a0","author":"noticiasribeiraopreto.com.br","date":"17 de February de 2024","format":false,"excerpt":"17 de fevereiro de 2024 | 10:0016 de fevereiro de 2024 | 18:29 0Os vereadores de Ribeir\u00e3o Preto acataram o veto do prefeito Duarte Nogueira (PSDB) ao projeto de lei de Duda Hidalgo (PT) que institu\u00eda a pol\u00edtica de incentivo ao artista ribeir\u00e3o-pretano. A proposta estabelecia que em todos eventos\u2026","rel":"","context":"In &quot;Not\u00edcias de Ribeir\u00e3o Preto-SP e Regi\u00e3o&quot;","block_context":{"text":"Not\u00edcias de Ribeir\u00e3o Preto-SP e Regi\u00e3o","link":"https:\/\/noticiasribeiraopreto.com.br\/index.php\/category\/noticias-de-ribeirao-preto-sp-e-regiao-ismael-colosi\/"},"img":{"alt_text":"","src":"https:\/\/i0.wp.com\/noticiasribeiraopreto.com.br\/wp-content\/uploads\/2024\/02\/Artista-Max-Gallao-Mesquita-02-scaled.jpg?fit=970%2C645&ssl=1&resize=350%2C200","width":350,"height":200,"srcset":"https:\/\/i0.wp.com\/noticiasribeiraopreto.com.br\/wp-content\/uploads\/2024\/02\/Artista-Max-Gallao-Mesquita-02-scaled.jpg?fit=970%2C645&ssl=1&resize=350%2C200 1x, https:\/\/i0.wp.com\/noticiasribeiraopreto.com.br\/wp-content\/uploads\/2024\/02\/Artista-Max-Gallao-Mesquita-02-scaled.jpg?fit=970%2C645&ssl=1&resize=525%2C300 1.5x, https:\/\/i0.wp.com\/noticiasribeiraopreto.com.br\/wp-content\/uploads\/2024\/02\/Artista-Max-Gallao-Mesquita-02-scaled.jpg?fit=970%2C645&ssl=1&resize=700%2C400 2x"},"classes":[]}],"jetpack_sharing_enabled":true,"jetpack_shortlink":"https:\/\/wp.me\/peQAOb-94g","_links":{"self":[{"href":"https:\/\/noticiasribeiraopreto.com.br\/index.php\/wp-json\/wp\/v2\/posts\/34860","targetHints":{"allow":["GET"]}}],"collection":[{"href":"https:\/\/noticiasribeiraopreto.com.br\/index.php\/wp-json\/wp\/v2\/posts"}],"about":[{"href":"https:\/\/noticiasribeiraopreto.com.br\/index.php\/wp-json\/wp\/v2\/types\/post"}],"author":[{"embeddable":true,"href":"https:\/\/noticiasribeiraopreto.com.br\/index.php\/wp-json\/wp\/v2\/users\/1"}],"replies":[{"embeddable":true,"href":"https:\/\/noticiasribeiraopreto.com.br\/index.php\/wp-json\/wp\/v2\/comments?post=34860"}],"version-history":[{"count":0,"href":"https:\/\/noticiasribeiraopreto.com.br\/index.php\/wp-json\/wp\/v2\/posts\/34860\/revisions"}],"wp:featuredmedia":[{"embeddable":true,"href":"https:\/\/noticiasribeiraopreto.com.br\/index.php\/wp-json\/wp\/v2\/media\/34861"}],"wp:attachment":[{"href":"https:\/\/noticiasribeiraopreto.com.br\/index.php\/wp-json\/wp\/v2\/media?parent=34860"}],"wp:term":[{"taxonomy":"category","embeddable":true,"href":"https:\/\/noticiasribeiraopreto.com.br\/index.php\/wp-json\/wp\/v2\/categories?post=34860"},{"taxonomy":"post_tag","embeddable":true,"href":"https:\/\/noticiasribeiraopreto.com.br\/index.php\/wp-json\/wp\/v2\/tags?post=34860"}],"curies":[{"name":"wp","href":"https:\/\/api.w.org\/{rel}","templated":true}]}}