{"id":34864,"date":"2024-02-03T22:08:49","date_gmt":"2024-02-04T01:08:49","guid":{"rendered":"https:\/\/noticiasribeiraopreto.com.br\/index.php\/2024\/02\/03\/cco-da-rp-mobi-esta-90-pronto\/"},"modified":"2024-02-03T22:08:49","modified_gmt":"2024-02-04T01:08:49","slug":"cco-da-rp-mobi-esta-90-pronto","status":"publish","type":"post","link":"https:\/\/noticiasribeiraopreto.com.br\/index.php\/2024\/02\/03\/cco-da-rp-mobi-esta-90-pronto\/","title":{"rendered":"CCO da RP Mobi est\u00e1 90% pronto\u00a0"},"content":{"rendered":"<div class='code-block code-block-1' style='margin: 8px 0 8px auto; text-align: right; display: block; clear: both;'>\n<p><a href=\"https:\/\/wa.link\/vpicfd\"><img data-recalc-dims=\"1\" class=\"wp-image-4922\" style=\"aspect-ratio: 2.0253164556962027; width: 561px; height: auto;\" src=\"https:\/\/i0.wp.com\/ismaelcolosi.com.br\/wp-content\/uploads\/2023\/11\/grupo-de-empregos-whatsapp-e-facebook-ismael-colosi-vagas.jpg?ssl=1\" alt=\"\" \/><\/a><\/p>\n<!-- \/wp:image -->\n<\/div>\n<p> <br \/>\n<\/p>\n<div id=\"post-372492\">\n<header class=\"entry-header penci-entry-header penci-title-center\">\n<p> <span class=\"entry-meta-item penci-posted-on\"><i class=\"fa fa-clock-o\"\/><time class=\"entry-date published\" datetime=\"2024-02-03T10:30:19-03:00\">3 de fevereiro de 2024 | 10:30<\/time><time class=\"updated\" datetime=\"2024-02-03T09:57:21-03:00\">3 de fevereiro de 2024 | 9:57<\/time><\/span><\/p>\n<p> <span class=\"penci-social-buttons penci-social-share-footer\"><a href=\"#\" class=\"penci-post-like penci_post-meta_item  single-like-button penci-social-item like\" data-post_id=\"372492\" title=\"Like\" data-like=\"Like\" data-unlike=\"Unlike\"><i class=\"fa fa-thumbs-o-up\"\/><span class=\"penci-share-number\">0<\/span><\/a><i class=\"fa fa-facebook\"\/><a class=\"penci-social-item twitter\" target=\"_blank\" rel=\"noopener\" title=\"\" href=\"https:\/\/twitter.com\/intent\/tweet?text=CCO%20da%20RP%20Mobi%20est\u00e1%2090%20pronto\u00a0%20-%20https:\/\/www.tribunaribeirao.com.br\/site\/cco-da-rp-mobi-esta-90-pronto\/\"><i class=\"fa fa-twitter\"\/><\/a><i class=\"fa fa-whatsapp\"\/><\/span><\/header>\n<div class=\"penci-entry-content entry-content\">\n<p><span class=\"TextRun SCXW25367022 BCX0\" lang=\"PT-BR\" xml:lang=\"PT-BR\" data-contrast=\"none\"><span class=\"NormalTextRun SCXW25367022 BCX0\">A obra do Centro de Controle Operacional (CCO)<\/span><span class=\"NormalTextRun SCXW25367022 BCX0\">,<\/span><span class=\"NormalTextRun SCXW25367022 BCX0\"> na sede da RP <\/span><span class=\"NormalTextRun SpellingErrorV2Themed SCXW25367022 BCX0\">Mobi<\/span><span class=\"NormalTextRun SCXW25367022 BCX0\">, empresa que gerencia do tr\u00e2nsito e o transporte urbano de Ribeir\u00e3o Preto, est\u00e1 90% conclu\u00edda. A constru\u00e7\u00e3o segue na fase de acabamento final que inclui servi\u00e7os de pintura, finaliza\u00e7\u00e3o das instala\u00e7\u00f5es el\u00e9tricas e implanta\u00e7\u00e3o do mobili\u00e1rio interno. <\/span><\/span><span class=\"LineBreakBlob BlobObject DragDrop SCXW25367022 BCX0\"><span class=\"SCXW25367022 BCX0\">\u00a0<\/span><br class=\"SCXW25367022 BCX0\"\/><\/span><span class=\"TextRun SCXW25367022 BCX0\" lang=\"PT-BR\" xml:lang=\"PT-BR\" data-contrast=\"none\"><span class=\"NormalTextRun SCXW25367022 BCX0\">Na manh\u00e3 desta sexta-feira, <\/span><span class=\"NormalTextRun SCXW25367022 BCX0\">2<\/span><span class=\"NormalTextRun SCXW25367022 BCX0\"> de fevereiro, o local foi vistoriado por uma comitiva da prefeitura.<\/span><span class=\"NormalTextRun SCXW25367022 BCX0\"> P<\/span><span class=\"NormalTextRun SCXW25367022 BCX0\">articiparam <\/span><span class=\"NormalTextRun SCXW25367022 BCX0\">da visita t\u00e9cnica <\/span><span class=\"NormalTextRun SCXW25367022 BCX0\">o prefeito Duarte Nogueira<\/span><span class=\"NormalTextRun SCXW25367022 BCX0\"> (PSDB),<\/span><span class=\"NormalTextRun SCXW25367022 BCX0\"> os secret\u00e1rios Pedro <\/span><span class=\"NormalTextRun SCXW25367022 BCX0\">Luiz <\/span><span class=\"NormalTextRun SpellingErrorV2Themed SCXW25367022 BCX0\">Pegoraro<\/span><span class=\"NormalTextRun SCXW25367022 BCX0\"> (Obras P\u00fablicas) e Alessandro Hirata (Casa Civil)<\/span><span class=\"NormalTextRun SCXW25367022 BCX0\"> e <\/span><span class=\"NormalTextRun SCXW25367022 BCX0\">os diretores da RP <\/span><span class=\"NormalTextRun SpellingErrorV2Themed SCXW25367022 BCX0\">Mobi<\/span><span class=\"NormalTextRun SCXW25367022 BCX0\">: Marcelo <\/span><span class=\"NormalTextRun SCXW25367022 BCX0\">Galli<\/span><span class=\"NormalTextRun SCXW25367022 BCX0\"> (superintendente) e Jos\u00e9 Mauro de Ara\u00fajo (diretor de Transporte). <\/span><\/span><span class=\"LineBreakBlob BlobObject DragDrop SCXW25367022 BCX0\"><span class=\"SCXW25367022 BCX0\">\u00a0<\/span><br class=\"SCXW25367022 BCX0\"\/><\/span><span class=\"LineBreakBlob BlobObject DragDrop SCXW25367022 BCX0\"><span class=\"SCXW25367022 BCX0\">\u00a0<\/span><br class=\"SCXW25367022 BCX0\"\/><\/span><span class=\"TextRun SCXW25367022 BCX0\" lang=\"PT-BR\" xml:lang=\"PT-BR\" data-contrast=\"none\"><span class=\"NormalTextRun SCXW25367022 BCX0\">O CCO tem 383,00 m<\/span><span class=\"NormalTextRun SCXW25367022 BCX0\">etros quadrados <\/span><span class=\"NormalTextRun SCXW25367022 BCX0\">de \u00e1rea constru\u00edda e vai integrar o trabalho operacional dos <\/span><span class=\"NormalTextRun SCXW25367022 BCX0\">a<\/span><span class=\"NormalTextRun SCXW25367022 BCX0\">gentes de <\/span><span class=\"NormalTextRun SCXW25367022 BCX0\">t<\/span><span class=\"NormalTextRun SCXW25367022 BCX0\">r\u00e2nsito e os de <\/span><span class=\"NormalTextRun SCXW25367022 BCX0\">f<\/span><span class=\"NormalTextRun SCXW25367022 BCX0\">iscaliza\u00e7\u00e3o de <\/span><span class=\"NormalTextRun SCXW25367022 BCX0\">t<\/span><span class=\"NormalTextRun SCXW25367022 BCX0\">ransporte, amplia<\/span><span class=\"NormalTextRun SCXW25367022 BCX0\">ndo <\/span><span class=\"NormalTextRun SCXW25367022 BCX0\">o monitoramento urbano e aperfei\u00e7oa<\/span><span class=\"NormalTextRun SCXW25367022 BCX0\">ndo <\/span><span class=\"NormalTextRun SCXW25367022 BCX0\">a gest\u00e3o da mobilidade nas principais vias e corredores de \u00f4nibus da cidade.<\/span><\/span><span class=\"LineBreakBlob BlobObject DragDrop SCXW25367022 BCX0\"><span class=\"SCXW25367022 BCX0\">\u00a0<\/span><br class=\"SCXW25367022 BCX0\"\/><\/span><span class=\"LineBreakBlob BlobObject DragDrop SCXW25367022 BCX0\"><span class=\"SCXW25367022 BCX0\">\u00a0<\/span><br class=\"SCXW25367022 BCX0\"\/><\/span><span class=\"TextRun SCXW25367022 BCX0\" lang=\"PT-BR\" xml:lang=\"PT-BR\" data-contrast=\"none\"><span class=\"NormalTextRun SCXW25367022 BCX0\">Previsto para iniciar a opera\u00e7\u00e3o em abril, o CCO recebe investimentos na ordem de R$ 2.393.533,42 por meio de recursos do programa de Financiamento \u00e0 <\/span><span class=\"NormalTextRun SCXW25367022 BCX0\">Infraestrutura<\/span><span class=\"NormalTextRun SCXW25367022 BCX0\"> e ao Saneamento (<\/span><span class=\"NormalTextRun SpellingErrorV2Themed SCXW25367022 BCX0\">Finisa<\/span><span class=\"NormalTextRun SCXW25367022 BCX0\">), da Caixa Econ\u00f4mica Federal. As obras est\u00e3o sendo feitas pela <\/span><span class=\"NormalTextRun SpellingErrorV2Themed SCXW25367022 BCX0\">Laforma<\/span><span class=\"NormalTextRun SCXW25367022 BCX0\"> Com\u00e9rcio e Servi\u00e7o <\/span><span class=\"NormalTextRun SCXW25367022 BCX0\">Ltda<\/span><span class=\"NormalTextRun SCXW25367022 BCX0\">, de S\u00e3o Paulo.<\/span><\/span><span class=\"LineBreakBlob BlobObject DragDrop SCXW25367022 BCX0\"><span class=\"SCXW25367022 BCX0\">\u00a0<\/span><br class=\"SCXW25367022 BCX0\"\/><\/span><span class=\"LineBreakBlob BlobObject DragDrop SCXW25367022 BCX0\"><span class=\"SCXW25367022 BCX0\">\u00a0<\/span><br class=\"SCXW25367022 BCX0\"\/><\/span><span class=\"TextRun SCXW25367022 BCX0\" lang=\"PT-BR\" xml:lang=\"PT-BR\" data-contrast=\"none\"><span class=\"NormalTextRun SCXW25367022 BCX0\">Com o CCO haver\u00e1 o monitoramento online do tr\u00e2nsito (sistemas semaf\u00f3rico e de c\u00e2meras, melhoria do monitoramento do transporte coletivo) sob o aux\u00edlio de v\u00eddeo <\/span><span class=\"NormalTextRun SCXW25367022 BCX0\">Wall<\/span><span class=\"NormalTextRun SCXW25367022 BCX0\"> com 24 <\/span><span class=\"NormalTextRun SpellingErrorV2Themed SCXW25367022 BCX0\">TV\u2019s<\/span><span class=\"NormalTextRun SCXW25367022 BCX0\">\/<\/span><span class=\"NormalTextRun SCXW25367022 BCX0\">m<\/span><span class=\"NormalTextRun SCXW25367022 BCX0\">onitores de 55 polegadas, que servir\u00e3o para acompanhar os corredores de \u00f4nibus 24 horas por dia; al\u00e9m de uma moderna plataforma de integra\u00e7\u00e3o tipo <\/span><span class=\"NormalTextRun SpellingErrorV2Themed SCXW25367022 BCX0\">s<\/span><span class=\"NormalTextRun SpellingErrorV2Themed SCXW25367022 BCX0\">mart<\/span> <span class=\"NormalTextRun SpellingErrorV2Themed SCXW25367022 BCX0\">c<\/span><span class=\"NormalTextRun SpellingErrorV2Themed SCXW25367022 BCX0\">ity<\/span><span class=\"NormalTextRun SCXW25367022 BCX0\"> (<\/span><span class=\"NormalTextRun SCXW25367022 BCX0\">c<\/span><span class=\"NormalTextRun SCXW25367022 BCX0\">idade <\/span><span class=\"NormalTextRun SCXW25367022 BCX0\">i<\/span><span class=\"NormalTextRun SCXW25367022 BCX0\">nteligente) e com mapa de <\/span><span class=\"NormalTextRun SCXW25367022 BCX0\">georreferenciamento<\/span><span class=\"NormalTextRun SCXW25367022 BCX0\">.<\/span><\/span><span class=\"LineBreakBlob BlobObject DragDrop SCXW25367022 BCX0\"><span class=\"SCXW25367022 BCX0\">\u00a0<\/span><br class=\"SCXW25367022 BCX0\"\/><\/span><span class=\"LineBreakBlob BlobObject DragDrop SCXW25367022 BCX0\"><span class=\"SCXW25367022 BCX0\">\u00a0<\/span><br class=\"SCXW25367022 BCX0\"\/><\/span><span class=\"TextRun SCXW25367022 BCX0\" lang=\"PT-BR\" xml:lang=\"PT-BR\" data-contrast=\"none\"><span class=\"NormalTextRun SCXW25367022 BCX0\">Na pr\u00e1tica, vai funcionar uma grande central de monitoramento do tr\u00e2nsito nos corredores do transporte coletivo urbano \u2013 principais vias de Ribeir\u00e3o Preto. Na primeira etapa ser\u00e3o 13 c\u00e2meras pela cidade em funcionamento, totalizando 100 no final da implanta\u00e7\u00e3o. Al\u00e9m disso, haver\u00e1 85 controladores de sem\u00e1foros inteligentes.<\/span><\/span><span class=\"LineBreakBlob BlobObject DragDrop SCXW25367022 BCX0\"><span class=\"SCXW25367022 BCX0\">\u00a0<\/span><br class=\"SCXW25367022 BCX0\"\/><\/span><span class=\"LineBreakBlob BlobObject DragDrop SCXW25367022 BCX0\"><span class=\"SCXW25367022 BCX0\">\u00a0<\/span><br class=\"SCXW25367022 BCX0\"\/><\/span><span class=\"TextRun SCXW25367022 BCX0\" lang=\"PT-BR\" xml:lang=\"PT-BR\" data-contrast=\"none\"><span class=\"NormalTextRun SCXW25367022 BCX0\">O Sistema Inteligente de Transporte (ITS) est\u00e1 sendo implantado pelo Cons\u00f3rcio ITS \u2013 Ribeir\u00e3o Preto, formado pelas empresas Sigma Engenharia Ind\u00fastria e Com\u00e9rcio <\/span><span class=\"NormalTextRun SCXW25367022 BCX0\">Ltda<\/span><span class=\"NormalTextRun SCXW25367022 BCX0\">, <\/span><span class=\"NormalTextRun SpellingErrorV2Themed SCXW25367022 BCX0\">Kapsch<\/span> <span class=\"NormalTextRun SpellingErrorV2Themed SCXW25367022 BCX0\">TrafficCom<\/span><span class=\"NormalTextRun SCXW25367022 BCX0\"> Controle de Tr\u00e1fego e de Transportes do Brasil <\/span><span class=\"NormalTextRun SCXW25367022 BCX0\">Ltda<\/span><span class=\"NormalTextRun SCXW25367022 BCX0\"> e <\/span><span class=\"NormalTextRun SpellingErrorV2Themed SCXW25367022 BCX0\">Sitran<\/span><span class=\"NormalTextRun SCXW25367022 BCX0\"> Sinaliza\u00e7\u00e3o de Tr\u00e2nsito Industrial <\/span><span class=\"NormalTextRun SCXW25367022 BCX0\">Ltda<\/span><span class=\"NormalTextRun SCXW25367022 BCX0\">, com sede em Contagem, Minas Gerais.<\/span><\/span><span class=\"LineBreakBlob BlobObject DragDrop SCXW25367022 BCX0\"><span class=\"SCXW25367022 BCX0\">\u00a0<\/span><br class=\"SCXW25367022 BCX0\"\/><\/span><span class=\"LineBreakBlob BlobObject DragDrop SCXW25367022 BCX0\"><span class=\"SCXW25367022 BCX0\">\u00a0<\/span><br class=\"SCXW25367022 BCX0\"\/><\/span><span class=\"TextRun SCXW25367022 BCX0\" lang=\"PT-BR\" xml:lang=\"PT-BR\" data-contrast=\"none\"><span class=\"NormalTextRun SCXW25367022 BCX0\">Uma das novidades ser\u00e1 a possibilidade de alterar o tempo de sem\u00e1foro verde nos cruzamentos com congestionamento. Ou seja, se uma das vias estiver com o fluxo maior, vai ter sem\u00e1foro verde por mais tempo.\u00a0<\/span> <span class=\"NormalTextRun SCXW25367022 BCX0\">Internamente, a divis\u00e3o das salas ser\u00e1 modular, com paredes em sistema <\/span><span class=\"NormalTextRun SpellingErrorV2Themed SCXW25367022 BCX0\">Dry<\/span> <span class=\"NormalTextRun SCXW25367022 BCX0\">Wall<\/span><span class=\"NormalTextRun SCXW25367022 BCX0\">, o que possibilita eventuais mudan\u00e7as de acordo com a necessidade de espa\u00e7o de cada setor. <\/span><\/span><span class=\"LineBreakBlob BlobObject DragDrop SCXW25367022 BCX0\"><span class=\"SCXW25367022 BCX0\">\u00a0<\/span><br class=\"SCXW25367022 BCX0\"\/><\/span><span class=\"LineBreakBlob BlobObject DragDrop SCXW25367022 BCX0\"><span class=\"SCXW25367022 BCX0\">\u00a0<\/span><br class=\"SCXW25367022 BCX0\"\/><\/span><span class=\"TextRun SCXW25367022 BCX0\" lang=\"PT-BR\" xml:lang=\"PT-BR\" data-contrast=\"none\"><span class=\"NormalTextRun SCXW25367022 BCX0\">A equipe respons\u00e1vel pela opera\u00e7\u00e3o do CCO ser\u00e1 composta por 10 operadores, de departamentos ligados \u00e0 opera\u00e7\u00e3o vi\u00e1ria da RP <\/span><span class=\"NormalTextRun SpellingErrorV2Themed SCXW25367022 BCX0\">Mobi<\/span><span class=\"NormalTextRun SCXW25367022 BCX0\">. A inten\u00e7\u00e3o, por meio do CCO, \u00e9 possibilitar a amplia\u00e7\u00e3o do monitoramento urbano e aperfei\u00e7oar a gest\u00e3o da mobilidade nas principais vias da cidade.<\/span><\/span><span class=\"LineBreakBlob BlobObject DragDrop SCXW25367022 BCX0\"><span class=\"SCXW25367022 BCX0\">\u00a0<\/span><br class=\"SCXW25367022 BCX0\"\/><\/span><span class=\"LineBreakBlob BlobObject DragDrop SCXW25367022 BCX0\"><span class=\"SCXW25367022 BCX0\">\u00a0<\/span><br class=\"SCXW25367022 BCX0\"\/><\/span><\/p>\n<\/div>\n<footer class=\"penci-entry-footer\"\/><\/div>\n<p><script async src=\"\/\/platform.twitter.com\/widgets.js\" charset=\"utf-8\"><\/script><br \/>\n<br \/><br \/>\n<br \/><a href=\"https:\/\/www.tribunaribeirao.com.br\/site\/cco-da-rp-mobi-esta-90-pronto\/\">Source link <\/a><\/p>\n<!-- CONTENT END 1 -->\n","protected":false},"excerpt":{"rendered":"<p>3 de fevereiro de 2024 | 10:303 de fevereiro de 2024 | 9:57 0 A obra do Centro de Controle Operacional (CCO), na sede da&#8230;<\/p>\n","protected":false},"author":1,"featured_media":34865,"comment_status":"open","ping_status":"open","sticky":false,"template":"","format":"standard","meta":{"advanced_seo_description":"","jetpack_seo_html_title":"","jetpack_seo_noindex":false,"jetpack_post_was_ever_published":false,"_jetpack_newsletter_access":"","_jetpack_dont_email_post_to_subs":false,"_jetpack_newsletter_tier_id":0,"_jetpack_memberships_contains_paywalled_content":false,"_jetpack_memberships_contains_paid_content":false,"footnotes":"","jetpack_publicize_message":"","jetpack_publicize_feature_enabled":true,"jetpack_social_post_already_shared":true,"jetpack_social_options":{"image_generator_settings":{"template":"highway","default_image_id":0,"font":"","enabled":false},"version":2}},"categories":[11],"tags":[4052,656,40,4053],"class_list":["post-34864","post","type-post","status-publish","format-standard","has-post-thumbnail","hentry","category-noticias-de-ribeirao-preto-sp-e-regiao-ismael-colosi","tag-cco","tag-esta","tag-mobi","tag-pronto"],"jetpack_publicize_connections":[],"jetpack_featured_media_url":"https:\/\/i0.wp.com\/noticiasribeiraopreto.com.br\/wp-content\/uploads\/2024\/02\/Transerp-Guilherme-Sircili-scaled.jpg?fit=967%2C645&ssl=1","jetpack-related-posts":[{"id":78084,"url":"https:\/\/noticiasribeiraopreto.com.br\/index.php\/2025\/10\/01\/nao-esta-ligado-na-tomada-diz-superintendente-da-rp-mobi-sobre-semaforos-inteligentes\/","url_meta":{"origin":34864,"position":0},"title":"\u2018N\u00e3o est\u00e1 ligado na tomada\u2019, diz superintendente da RP Mobi sobre sem\u00e1foros inteligentes","author":"noticiasribeiraopreto.com.br","date":"1 de October de 2025","format":false,"excerpt":"O superintendente da RP Mobi, Marcelo Galli, disse que o ITS, o sistema de sem\u00e1foros inteligentes de Ribeir\u00e3o Preto n\u00e3o funciona na totalidade porque \u201cn\u00e3o est\u00e1 ligado na tomada\u201d. Galli participou nesta quarta-feira (1\u00ba de outubro) da primeira reuni\u00e3o da CPI (Comiss\u00e3o Parlamentar de Inqu\u00e9rito) que investiga o funcionamento do\u2026","rel":"","context":"In &quot;Not\u00edcias de Ribeir\u00e3o Preto-SP e Regi\u00e3o&quot;","block_context":{"text":"Not\u00edcias de Ribeir\u00e3o Preto-SP e Regi\u00e3o","link":"https:\/\/noticiasribeiraopreto.com.br\/index.php\/category\/noticias-de-ribeirao-preto-sp-e-regiao-ismael-colosi\/"},"img":{"alt_text":"","src":"https:\/\/i0.wp.com\/noticiasribeiraopreto.com.br\/wp-content\/uploads\/2025\/10\/inauguracao_cco_rp_mobi_-_foto_fernando_gonzaga_6_2024-06-17_20-47-58_jpg_2024-06-17_20-47-58.webp.webp?fit=1200%2C799&ssl=1&resize=350%2C200","width":350,"height":200,"srcset":"https:\/\/i0.wp.com\/noticiasribeiraopreto.com.br\/wp-content\/uploads\/2025\/10\/inauguracao_cco_rp_mobi_-_foto_fernando_gonzaga_6_2024-06-17_20-47-58_jpg_2024-06-17_20-47-58.webp.webp?fit=1200%2C799&ssl=1&resize=350%2C200 1x, https:\/\/i0.wp.com\/noticiasribeiraopreto.com.br\/wp-content\/uploads\/2025\/10\/inauguracao_cco_rp_mobi_-_foto_fernando_gonzaga_6_2024-06-17_20-47-58_jpg_2024-06-17_20-47-58.webp.webp?fit=1200%2C799&ssl=1&resize=525%2C300 1.5x, https:\/\/i0.wp.com\/noticiasribeiraopreto.com.br\/wp-content\/uploads\/2025\/10\/inauguracao_cco_rp_mobi_-_foto_fernando_gonzaga_6_2024-06-17_20-47-58_jpg_2024-06-17_20-47-58.webp.webp?fit=1200%2C799&ssl=1&resize=700%2C400 2x, https:\/\/i0.wp.com\/noticiasribeiraopreto.com.br\/wp-content\/uploads\/2025\/10\/inauguracao_cco_rp_mobi_-_foto_fernando_gonzaga_6_2024-06-17_20-47-58_jpg_2024-06-17_20-47-58.webp.webp?fit=1200%2C799&ssl=1&resize=1050%2C600 3x"},"classes":[]},{"id":78338,"url":"https:\/\/noticiasribeiraopreto.com.br\/index.php\/2025\/10\/08\/secretario-explica-o-que-falta-no-sistema-de-semaforos-inteligentes-de-ribeirao-preto\/","url_meta":{"origin":34864,"position":1},"title":"Secret\u00e1rio explica o que falta no sistema de sem\u00e1foros inteligentes de Ribeir\u00e3o Preto","author":"noticiasribeiraopreto.com.br","date":"8 de October de 2025","format":false,"excerpt":"O secret\u00e1rio de Obras de Ribeir\u00e3o Preto, Walter Telli, disse nesta quarta-feira (8) que o sistema de sem\u00e1foros inteligentes, o ITS, precisa estar ligado ao CCO (Centro de Controle Operacional) da RP Mobi, via cabo de fibra \u00f3ptica, o que n\u00e3o ocorre atualmente, para funcionar em plena capacidade. \u201cPorque ele\u2026","rel":"","context":"In &quot;Not\u00edcias de Ribeir\u00e3o Preto-SP e Regi\u00e3o&quot;","block_context":{"text":"Not\u00edcias de Ribeir\u00e3o Preto-SP e Regi\u00e3o","link":"https:\/\/noticiasribeiraopreto.com.br\/index.php\/category\/noticias-de-ribeirao-preto-sp-e-regiao-ismael-colosi\/"},"img":{"alt_text":"","src":"https:\/\/i0.wp.com\/noticiasribeiraopreto.com.br\/wp-content\/uploads\/2025\/10\/avenida-presidente-vargas_2024-08-21_19-31-33_jpg_2024-08-21_19-31-33.webp.webp?fit=977%2C607&ssl=1&resize=350%2C200","width":350,"height":200,"srcset":"https:\/\/i0.wp.com\/noticiasribeiraopreto.com.br\/wp-content\/uploads\/2025\/10\/avenida-presidente-vargas_2024-08-21_19-31-33_jpg_2024-08-21_19-31-33.webp.webp?fit=977%2C607&ssl=1&resize=350%2C200 1x, https:\/\/i0.wp.com\/noticiasribeiraopreto.com.br\/wp-content\/uploads\/2025\/10\/avenida-presidente-vargas_2024-08-21_19-31-33_jpg_2024-08-21_19-31-33.webp.webp?fit=977%2C607&ssl=1&resize=525%2C300 1.5x, https:\/\/i0.wp.com\/noticiasribeiraopreto.com.br\/wp-content\/uploads\/2025\/10\/avenida-presidente-vargas_2024-08-21_19-31-33_jpg_2024-08-21_19-31-33.webp.webp?fit=977%2C607&ssl=1&resize=700%2C400 2x"},"classes":[]},{"id":57041,"url":"https:\/\/noticiasribeiraopreto.com.br\/index.php\/2024\/08\/21\/veja-quando-sera-concluida-a-primeira-fase-de-contrato-milionario-em-ribeirao-preto\/","url_meta":{"origin":34864,"position":2},"title":"Veja quando ser\u00e1 conclu\u00edda a primeira fase de contrato milion\u00e1rio em Ribeir\u00e3o Preto","author":"noticiasribeiraopreto.com.br","date":"21 de August de 2024","format":false,"excerpt":"A RP Mobi, empresa respons\u00e1vel pelo gerenciamento do tr\u00e2nsito em Ribeir\u00e3o Preto, informou que a primeira fase da implanta\u00e7\u00e3o do ITS (Sistema Inteligente de Transporte), os sem\u00e1foros inteligentes, deve ser conclu\u00edda apenas em 2025. Segundo a empresa, o trabalho \u00e9 \u201ccomplexo\u201d. Ao todo, o sistema vai custar R$ 19.499.892,02 aos\u2026","rel":"","context":"In &quot;Not\u00edcias de Ribeir\u00e3o Preto-SP e Regi\u00e3o&quot;","block_context":{"text":"Not\u00edcias de Ribeir\u00e3o Preto-SP e Regi\u00e3o","link":"https:\/\/noticiasribeiraopreto.com.br\/index.php\/category\/noticias-de-ribeirao-preto-sp-e-regiao-ismael-colosi\/"},"img":{"alt_text":"","src":"https:\/\/i0.wp.com\/noticiasribeiraopreto.com.br\/wp-content\/uploads\/2024\/08\/avenida-presidente-vargas_2024-08-21_19-31-33_jpg_2024-08-21_19-31-33.webp.webp?fit=977%2C607&ssl=1&resize=350%2C200","width":350,"height":200,"srcset":"https:\/\/i0.wp.com\/noticiasribeiraopreto.com.br\/wp-content\/uploads\/2024\/08\/avenida-presidente-vargas_2024-08-21_19-31-33_jpg_2024-08-21_19-31-33.webp.webp?fit=977%2C607&ssl=1&resize=350%2C200 1x, https:\/\/i0.wp.com\/noticiasribeiraopreto.com.br\/wp-content\/uploads\/2024\/08\/avenida-presidente-vargas_2024-08-21_19-31-33_jpg_2024-08-21_19-31-33.webp.webp?fit=977%2C607&ssl=1&resize=525%2C300 1.5x, https:\/\/i0.wp.com\/noticiasribeiraopreto.com.br\/wp-content\/uploads\/2024\/08\/avenida-presidente-vargas_2024-08-21_19-31-33_jpg_2024-08-21_19-31-33.webp.webp?fit=977%2C607&ssl=1&resize=700%2C400 2x"},"classes":[]},{"id":39706,"url":"https:\/\/noticiasribeiraopreto.com.br\/index.php\/2024\/02\/27\/marginal-da-anhanguera-proximo-ao-jardim-ouro-branco-sera-interditada-nesta-quarta\/","url_meta":{"origin":34864,"position":3},"title":"Marginal da Anhanguera pr\u00f3ximo ao Jardim Ouro Branco ser\u00e1 interditada nesta quarta","author":"noticiasribeiraopreto.com.br","date":"27 de February de 2024","format":false,"excerpt":"27 de fevereiro de 2024 | 18:0026 de fevereiro de 2024 | 16:41 0A Arteris ViaPaulista far\u00e1 a interdi\u00e7\u00e3o da marginal norte da Rodovia Anhanguera (SP-330) no sentido capital-interior, entre o km 312+794 e 313+449, a partir desta quarta-feira (28) at\u00e9 3 de mar\u00e7o. O trecho est\u00e1 localizado pr\u00f3ximo ao\u2026","rel":"","context":"In &quot;Not\u00edcias de Ribeir\u00e3o Preto-SP e Regi\u00e3o&quot;","block_context":{"text":"Not\u00edcias de Ribeir\u00e3o Preto-SP e Regi\u00e3o","link":"https:\/\/noticiasribeiraopreto.com.br\/index.php\/category\/noticias-de-ribeirao-preto-sp-e-regiao-ismael-colosi\/"},"img":{"alt_text":"","src":"https:\/\/i0.wp.com\/noticiasribeiraopreto.com.br\/wp-content\/uploads\/2024\/02\/desvio_anhanguera__26.02_h8v2cfl.original.jpg?fit=493%2C489&ssl=1&resize=350%2C200","width":350,"height":200},"classes":[]},{"id":34320,"url":"https:\/\/noticiasribeiraopreto.com.br\/index.php\/2024\/02\/01\/acesso-a-rua-campos-sales-a-partir-da-rua-visconde-de-inhauma-volta-a-ser-interditado\/","url_meta":{"origin":34864,"position":4},"title":"Acesso \u00e0 rua Campos Sales a partir da rua Visconde de Inha\u00fama volta a ser interditado","author":"noticiasribeiraopreto.com.br","date":"1 de February de 2024","format":false,"excerpt":"1 de fevereiro de 2024 | 17:271 de fevereiro de 2024 | 17:28 0Em raz\u00e3o do andamento das obras do corredor de \u00f4nibus no quadril\u00e1tero Central, pelo programa Ribeir\u00e3o Mobilidade, nesta quinta-feira, dia 1\u00ba de fevereiro, houve a necessidade de retomar a interdi\u00e7\u00e3o total do acesso \u00e0 rua Campos Sales\u2026","rel":"","context":"In &quot;Not\u00edcias de Ribeir\u00e3o Preto-SP e Regi\u00e3o&quot;","block_context":{"text":"Not\u00edcias de Ribeir\u00e3o Preto-SP e Regi\u00e3o","link":"https:\/\/noticiasribeiraopreto.com.br\/index.php\/category\/noticias-de-ribeirao-preto-sp-e-regiao-ismael-colosi\/"},"img":{"alt_text":"","src":"https:\/\/i0.wp.com\/noticiasribeiraopreto.com.br\/wp-content\/uploads\/2024\/02\/interdicao_campos_sales1-scaled.jpeg?fit=956%2C645&ssl=1&resize=350%2C200","width":350,"height":200,"srcset":"https:\/\/i0.wp.com\/noticiasribeiraopreto.com.br\/wp-content\/uploads\/2024\/02\/interdicao_campos_sales1-scaled.jpeg?fit=956%2C645&ssl=1&resize=350%2C200 1x, https:\/\/i0.wp.com\/noticiasribeiraopreto.com.br\/wp-content\/uploads\/2024\/02\/interdicao_campos_sales1-scaled.jpeg?fit=956%2C645&ssl=1&resize=525%2C300 1.5x, https:\/\/i0.wp.com\/noticiasribeiraopreto.com.br\/wp-content\/uploads\/2024\/02\/interdicao_campos_sales1-scaled.jpeg?fit=956%2C645&ssl=1&resize=700%2C400 2x"},"classes":[]},{"id":65033,"url":"https:\/\/noticiasribeiraopreto.com.br\/index.php\/2025\/03\/14\/painel-de-alerta-sobre-transito-esta-sendo-instalado-em-avenida-de-ribeirao-entenda\/","url_meta":{"origin":34864,"position":5},"title":"Painel de alerta sobre tr\u00e2nsito est\u00e1 sendo instalado em avenida de Ribeir\u00e3o; Entenda","author":"noticiasribeiraopreto.com.br","date":"14 de March de 2025","format":false,"excerpt":"Est\u00e1 em fase de implanta\u00e7\u00e3o na avenida Independ\u00eancia, zona Sul de Ribeir\u00e3o Preto, a estrutura do primeiro PMV (Painel de Mensagens Vari\u00e1veis) do munic\u00edpio. De acordo com a RP Mobi, empresa que gerencia o tr\u00e2nsito da cidade, o equipamento ir\u00e1 compor o ITS (Sistema Inteligente de Transporte), sob instala\u00e7\u00e3o do\u2026","rel":"","context":"In &quot;Not\u00edcias de Ribeir\u00e3o Preto-SP e Regi\u00e3o&quot;","block_context":{"text":"Not\u00edcias de Ribeir\u00e3o Preto-SP e Regi\u00e3o","link":"https:\/\/noticiasribeiraopreto.com.br\/index.php\/category\/noticias-de-ribeirao-preto-sp-e-regiao-ismael-colosi\/"},"img":{"alt_text":"","src":"https:\/\/i0.wp.com\/noticiasribeiraopreto.com.br\/wp-content\/uploads\/2025\/03\/Copia-de-Copia-de-Copia-de-TAMANHO-EXATO-PARA-FOTOS-NO-SISTEMA-NOVO-2025-03-14T190700.866_2025-03-14_22-08-30_png_2025-03-14_22-08-30.webp.webp?fit=1200%2C675&ssl=1&resize=350%2C200","width":350,"height":200,"srcset":"https:\/\/i0.wp.com\/noticiasribeiraopreto.com.br\/wp-content\/uploads\/2025\/03\/Copia-de-Copia-de-Copia-de-TAMANHO-EXATO-PARA-FOTOS-NO-SISTEMA-NOVO-2025-03-14T190700.866_2025-03-14_22-08-30_png_2025-03-14_22-08-30.webp.webp?fit=1200%2C675&ssl=1&resize=350%2C200 1x, https:\/\/i0.wp.com\/noticiasribeiraopreto.com.br\/wp-content\/uploads\/2025\/03\/Copia-de-Copia-de-Copia-de-TAMANHO-EXATO-PARA-FOTOS-NO-SISTEMA-NOVO-2025-03-14T190700.866_2025-03-14_22-08-30_png_2025-03-14_22-08-30.webp.webp?fit=1200%2C675&ssl=1&resize=525%2C300 1.5x, https:\/\/i0.wp.com\/noticiasribeiraopreto.com.br\/wp-content\/uploads\/2025\/03\/Copia-de-Copia-de-Copia-de-TAMANHO-EXATO-PARA-FOTOS-NO-SISTEMA-NOVO-2025-03-14T190700.866_2025-03-14_22-08-30_png_2025-03-14_22-08-30.webp.webp?fit=1200%2C675&ssl=1&resize=700%2C400 2x, https:\/\/i0.wp.com\/noticiasribeiraopreto.com.br\/wp-content\/uploads\/2025\/03\/Copia-de-Copia-de-Copia-de-TAMANHO-EXATO-PARA-FOTOS-NO-SISTEMA-NOVO-2025-03-14T190700.866_2025-03-14_22-08-30_png_2025-03-14_22-08-30.webp.webp?fit=1200%2C675&ssl=1&resize=1050%2C600 3x"},"classes":[]}],"jetpack_sharing_enabled":true,"jetpack_shortlink":"https:\/\/wp.me\/peQAOb-94k","_links":{"self":[{"href":"https:\/\/noticiasribeiraopreto.com.br\/index.php\/wp-json\/wp\/v2\/posts\/34864","targetHints":{"allow":["GET"]}}],"collection":[{"href":"https:\/\/noticiasribeiraopreto.com.br\/index.php\/wp-json\/wp\/v2\/posts"}],"about":[{"href":"https:\/\/noticiasribeiraopreto.com.br\/index.php\/wp-json\/wp\/v2\/types\/post"}],"author":[{"embeddable":true,"href":"https:\/\/noticiasribeiraopreto.com.br\/index.php\/wp-json\/wp\/v2\/users\/1"}],"replies":[{"embeddable":true,"href":"https:\/\/noticiasribeiraopreto.com.br\/index.php\/wp-json\/wp\/v2\/comments?post=34864"}],"version-history":[{"count":0,"href":"https:\/\/noticiasribeiraopreto.com.br\/index.php\/wp-json\/wp\/v2\/posts\/34864\/revisions"}],"wp:featuredmedia":[{"embeddable":true,"href":"https:\/\/noticiasribeiraopreto.com.br\/index.php\/wp-json\/wp\/v2\/media\/34865"}],"wp:attachment":[{"href":"https:\/\/noticiasribeiraopreto.com.br\/index.php\/wp-json\/wp\/v2\/media?parent=34864"}],"wp:term":[{"taxonomy":"category","embeddable":true,"href":"https:\/\/noticiasribeiraopreto.com.br\/index.php\/wp-json\/wp\/v2\/categories?post=34864"},{"taxonomy":"post_tag","embeddable":true,"href":"https:\/\/noticiasribeiraopreto.com.br\/index.php\/wp-json\/wp\/v2\/tags?post=34864"}],"curies":[{"name":"wp","href":"https:\/\/api.w.org\/{rel}","templated":true}]}}