{"id":34871,"date":"2024-02-04T07:31:05","date_gmt":"2024-02-04T10:31:05","guid":{"rendered":"https:\/\/noticiasribeiraopreto.com.br\/index.php\/2024\/02\/04\/acompanhe-eventos-da-semana-05-02\/"},"modified":"2024-02-04T07:31:05","modified_gmt":"2024-02-04T10:31:05","slug":"acompanhe-eventos-da-semana-05-02","status":"publish","type":"post","link":"https:\/\/noticiasribeiraopreto.com.br\/index.php\/2024\/02\/04\/acompanhe-eventos-da-semana-05-02\/","title":{"rendered":"acompanhe eventos da semana (05\/02)"},"content":{"rendered":"<div class='code-block code-block-1' style='margin: 8px 0 8px auto; text-align: right; display: block; clear: both;'>\n<p><a href=\"https:\/\/wa.link\/vpicfd\"><img data-recalc-dims=\"1\" class=\"wp-image-4922\" style=\"aspect-ratio: 2.0253164556962027; width: 561px; height: auto;\" src=\"https:\/\/i0.wp.com\/ismaelcolosi.com.br\/wp-content\/uploads\/2023\/11\/grupo-de-empregos-whatsapp-e-facebook-ismael-colosi-vagas.jpg?ssl=1\" alt=\"\" \/><\/a><\/p>\n<!-- \/wp:image -->\n<\/div>\n<p> <br \/>\n<\/p>\n<div id=\"js-first-letter\">\n<p>A pr\u00f3xima semana reserva importantes <strong>indicadores no cen\u00e1rio econ\u00f4mico global<\/strong>, com destaque para a <strong>agenda dom\u00e9stica brasileira<\/strong>, que ter\u00e1 a divulga\u00e7\u00e3o do \u00edndice de infla\u00e7\u00e3o e a ata do Copom.\u00a0<\/p>\n<p>Na ter\u00e7a-feira (06), o mercado financeiro acompanha o documento do Banco Central em busca dos pr\u00f3ximos passos da <strong>pol\u00edtica monet\u00e1ria<\/strong> no pa\u00eds. A autoridade monet\u00e1ria <a href=\"https:\/\/www.seudinheiro.com\/2024\/economia\/banco-central-campos-neto-corta-selic-em-meio-ponto-novamente-e-taxa-vai-a-11-25-ao-ano-lvit\/\" target=\"_blank\" rel=\"noreferrer noopener\">cortou os juros em 50 pontos-base na primeira reuni\u00e3o de 2024.<\/a><\/p>\n<p>A expectativa \u00e9 de que, na pr\u00f3xima reuni\u00e3o, o Copom corte os juros mais uma vez e na mesma magnitude. Assim, a Selic deve ir de 11,25% para 10,75% ao ano a partir de meados de mar\u00e7o.<\/p>\n<p>Ainda no Brasil, o <strong>\u00cdndice de Pre\u00e7os ao Consumidor Amplo (IPCA) de dezembro<\/strong> ser\u00e1 divulgado na quinta-feira (14). Por fim, os investidores ainda acompanham a temporada de balan\u00e7os locais, que ganha tra\u00e7\u00e3o nos pr\u00f3ximos dias.<\/p>\n<p>Bancos como Ita\u00fa (ITUB3\/ITUB4) e BTG (BPAC11) publicam seus dados na segunda (05); Bradesco (BBDC3\/BBDC4) e Inter (INTR\/INBR32), na quarta (07); e Banco do Brasil (BBAS3) na quinta (08).<\/p>\n<ul>\n<li><strong>A DINHEIRISTA \u2014<\/strong> Serasa foi s\u00f3 o come\u00e7o: \u201cestou sendo processada e meus bens foram bloqueados por d\u00edvida com a faculdade\u201d<\/li>\n<\/ul>\n<figure class=\"wp-block-embed is-type-video is-provider-youtube wp-block-embed-youtube wp-embed-aspect-16-9 wp-has-aspect-ratio\">\n<p>\n<iframe loading=\"lazy\" title=\"SERASA FOI S\u00d3 O COME\u00c7O: SEREI PROCESSADA POR D\u00cdVIDA COM A FACULDADE I A DINHEIRISTA\" width=\"500\" height=\"281\" src=\"https:\/\/www.youtube.com\/embed\/2D0puTR9lBI?feature=oembed\" frameborder=\"0\" allow=\"accelerometer; autoplay; clipboard-write; encrypted-media; gyroscope; picture-in-picture; web-share\" referrerpolicy=\"strict-origin-when-cross-origin\" allowfullscreen><\/iframe>\n<\/p>\n<\/figure>\n<h2 class=\"wp-block-heading\" id=\"h-alem-da-agenda-local-giro-internacional\">Al\u00e9m da agenda local: giro internacional<\/h2>\n<p>Nos Estados Unidos, as aten\u00e7\u00f5es estar\u00e3o voltadas para os discursos de membros do Fomc, o Copom norte-americano, oferecendo pistas sobre a dire\u00e7\u00e3o da <strong>pol\u00edtica monet\u00e1ria<\/strong> americana.<\/p>\n<p>Tamb\u00e9m em sua mais recente reuni\u00e3o, <a href=\"https:\/\/www.seudinheiro.com\/2024\/internacional\/corte-de-juros-vai-entrar-em-campo-a-proxima-jogada-do-fed-apos-a-decisao-que-derrubou-as-bolsas-la-fora-ccgg\/\" target=\"_blank\" rel=\"noreferrer noopener\">o Fomc anunciou a manuten\u00e7\u00e3o das taxas na faixa de 5,25% a 5,50% ao ano<\/a>. Al\u00e9m disso, os membros do comit\u00ea afirmaram que a economia n\u00e3o &#8220;est\u00e1 pronta para o in\u00edcio de corte nos juros&#8221;.<\/p>\n<p>Durante a semana, outros <strong>indicadores fundamentais<\/strong> incluem o relat\u00f3rio mensal do Banco Central Europeu (BCE) e as reservas cambiais da China, que podem impactar os mercados financeiros globais.<\/p>\n<p>Confira os eventos da pr\u00f3xima semana. Todos os hor\u00e1rios s\u00e3o de Bras\u00edlia:<\/p>\n<h3 class=\"wp-block-heading\" id=\"h-segunda-feira-05\">Segunda-feira (05)<\/h3>\n<figure class=\"wp-block-table is-style-stripes\">\n<table>\n<tbody>\n<tr>\n<td><strong>Hor\u00e1rio<\/strong><\/td>\n<td><strong>Pa\u00eds<\/strong><\/td>\n<td><strong>Evento<\/strong><\/td>\n<\/tr>\n<tr>\n<td>04h00<\/td>\n<td>Alemanha<\/td>\n<td>Balan\u00e7a Comercial de dezembro<\/td>\n<\/tr>\n<tr>\n<td>05h55<\/td>\n<td>Alemanha<\/td>\n<td>PMI composto e de servi\u00e7os em janeiro<\/td>\n<\/tr>\n<tr>\n<td>06h00<\/td>\n<td>Zona do Euro<\/td>\n<td>PMI composto e de servi\u00e7os em janeiro<\/td>\n<\/tr>\n<tr>\n<td>06h30<\/td>\n<td>Reino Unido<\/td>\n<td>PMI composto e de servi\u00e7os em janeiro<\/td>\n<\/tr>\n<tr>\n<td>07h00<\/td>\n<td>Zona do Euro<\/td>\n<td>\u00cdndice de pre\u00e7os ao produtor (PPI) de dezembro<\/td>\n<\/tr>\n<tr>\n<td>08h25<\/td>\n<td>Brasil<\/td>\n<td>Boletim Focus<\/td>\n<\/tr>\n<tr>\n<td>08h30<\/td>\n<td>Brasil<\/td>\n<td>Estat\u00edsticas fiscais e Investimentos Diretos no Pa\u00eds (IDP) em dezembro<\/td>\n<\/tr>\n<tr>\n<td>10h00<\/td>\n<td>Brasil<\/td>\n<td>PMI composto e de servi\u00e7os em janeiro<\/td>\n<\/tr>\n<tr>\n<td>11h45<\/td>\n<td>Estados Unidos<\/td>\n<td>PMI composto e de servi\u00e7os em janeiro<\/td>\n<\/tr>\n<tr>\n<td>16h00<\/td>\n<td>Estados Unidos<\/td>\n<td>Discurso de Raphael Bostic, do Fomc, o Copom americano<\/td>\n<\/tr>\n<\/tbody>\n<\/table><figcaption class=\"wp-element-caption\">Fonte: Investing.com<\/figcaption><\/figure>\n<p>Balan\u00e7os do dia:\u00a0<\/p>\n<figure class=\"wp-block-table is-style-stripes\">\n<table>\n<tbody>\n<tr>\n<td><strong>Nome<\/strong><\/td>\n<td><strong>Ticker<\/strong><\/td>\n<td><strong>Hor\u00e1rio de divulga\u00e7\u00e3o<\/strong><\/td>\n<\/tr>\n<tr>\n<td>Cielo<\/td>\n<td>CIEL3<\/td>\n<td><em>Hor\u00e1rio a confirmar<\/em><\/td>\n<\/tr>\n<tr>\n<td>Banco BTG Pactual<\/td>\n<td>BPAC11<\/td>\n<td>Antes da abertura<\/td>\n<\/tr>\n<tr>\n<td>McDonald\u2019s<\/td>\n<td>MCD<\/td>\n<td>Antes da abertura<\/td>\n<\/tr>\n<tr>\n<td>Ita\u00fa Unibanco<\/td>\n<td>ITUB4<\/td>\n<td>Ap\u00f3s o fechamento<\/td>\n<\/tr>\n<tr>\n<td>Banco BMG<\/td>\n<td>BMGB4<\/td>\n<td>Ap\u00f3s o fechamento<\/td>\n<\/tr>\n<\/tbody>\n<\/table><figcaption class=\"wp-element-caption\">Fonte: Levantamento Seu Dinheiro<\/figcaption><\/figure>\n<h3 class=\"wp-block-heading\" id=\"h-terca-feira-06\">Ter\u00e7a-feira (06)<\/h3>\n<figure class=\"wp-block-table is-style-stripes\">\n<table>\n<tbody>\n<tr>\n<td><strong>Hor\u00e1rio<\/strong><\/td>\n<td><strong>Pa\u00eds<\/strong><\/td>\n<td><strong>Evento<\/strong><\/td>\n<\/tr>\n<tr>\n<td>07h00<\/td>\n<td>Zona do Euro<\/td>\n<td>Vendas no varejo em dezembro<\/td>\n<\/tr>\n<tr>\n<td>08h00<\/td>\n<td>Brasil<\/td>\n<td>Ata do Copom<\/td>\n<\/tr>\n<tr>\n<td>09h00<\/td>\n<td>Brasil<\/td>\n<td>IGP-DI (Mensal) (Dez)<\/td>\n<\/tr>\n<tr>\n<td>14h00<\/td>\n<td>Estados Unidos<\/td>\n<td>Discurso de Loretta J. Mester, do Fomc, o Copom americano<\/td>\n<\/tr>\n<tr>\n<td>18h30<\/td>\n<td>Estados Unidos<\/td>\n<td>Estoques de petr\u00f3leo bruto<\/td>\n<\/tr>\n<\/tbody>\n<\/table><figcaption class=\"wp-element-caption\">Fonte: Investing.com<\/figcaption><\/figure>\n<p>Balan\u00e7os do dia:<\/p>\n<figure class=\"wp-block-table is-style-stripes\">\n<table>\n<tbody>\n<tr>\n<td><strong>Nome<\/strong><\/td>\n<td><strong>Ticker<\/strong><\/td>\n<td><strong>Hor\u00e1rio de divulga\u00e7\u00e3o<\/strong><\/td>\n<\/tr>\n<tr>\n<td>LOG Commercial Properties<\/td>\n<td>LOGG3<\/td>\n<td><em>Hor\u00e1rio a confirmar<\/em><\/td>\n<\/tr>\n<tr>\n<td>TIM<\/td>\n<td>TIMS3<\/td>\n<td><em>Hor\u00e1rio a confirmar<\/em><\/td>\n<\/tr>\n<tr>\n<td>Banco ABC Brasil<\/td>\n<td>ABCB4<\/td>\n<td><em>Hor\u00e1rio a confirmar<\/em><\/td>\n<\/tr>\n<tr>\n<td>Toyota<\/td>\n<td>TM<\/td>\n<td>Antes da abertura<\/td>\n<\/tr>\n<tr>\n<td>UBS\u00a0<\/td>\n<td>UBS<\/td>\n<td>Antes da abertura<\/td>\n<\/tr>\n<tr>\n<td>Spotify<\/td>\n<td>SPOT<\/td>\n<td>Antes da abertura<\/td>\n<\/tr>\n<tr>\n<td>Ford\u00a0<\/td>\n<td>F<\/td>\n<td>Ap\u00f3s o fechamento<\/td>\n<\/tr>\n<tr>\n<td>Microstrategy<\/td>\n<td>MSTR<\/td>\n<td>Ap\u00f3s o fechamento<\/td>\n<\/tr>\n<\/tbody>\n<\/table><figcaption class=\"wp-element-caption\">Fonte: Levantamento Seu Dinheiro<\/figcaption><\/figure>\n<h3 class=\"wp-block-heading\" id=\"h-quarta-feira-07\">Quarta-feira (07)<\/h3>\n<figure class=\"wp-block-table is-style-stripes\">\n<table>\n<tbody>\n<tr>\n<td><strong>Hor\u00e1rio<\/strong><\/td>\n<td><strong>Pa\u00eds<\/strong><\/td>\n<td><strong>Evento<\/strong><\/td>\n<\/tr>\n<tr>\n<td>05h00<\/td>\n<td>China<\/td>\n<td>Reservas cambiais<\/td>\n<\/tr>\n<tr>\n<td>08h30<\/td>\n<td>Brasil<\/td>\n<td>IGP-DI (Mensal) (Dez)<\/td>\n<\/tr>\n<tr>\n<td>08h30<\/td>\n<td>Brasil<\/td>\n<td>Balan\u00e7a comercial em dezembro<\/td>\n<\/tr>\n<tr>\n<td>09h00<\/td>\n<td>Brasil<\/td>\n<td>Vendas no varejo em dezembro<\/td>\n<\/tr>\n<tr>\n<td>10h00<\/td>\n<td>Brasil<\/td>\n<td>Produ\u00e7\u00e3o de ve\u00edculos em janeiro<\/td>\n<\/tr>\n<tr>\n<td>10h30<\/td>\n<td>Estados Unidos<\/td>\n<td>Balan\u00e7a comercial em dezembro<\/td>\n<\/tr>\n<tr>\n<td>12h30<\/td>\n<td>Estados Unidos<\/td>\n<td>Estoques de petr\u00f3leo bruto<\/td>\n<\/tr>\n<tr>\n<td>14h30<\/td>\n<td>Brasil<\/td>\n<td>Fluxo Cambial Estrangeiro<\/td>\n<\/tr>\n<tr>\n<td>14h30<\/td>\n<td>Estados Unidos<\/td>\n<td>Discurso de Tom Barkin, do Fomc, o Copom americano<\/td>\n<\/tr>\n<tr>\n<td>15h00<\/td>\n<td>Brasil<\/td>\n<td>Balan\u00e7a Comercial<\/td>\n<\/tr>\n<tr>\n<td>16h00<\/td>\n<td>Estados Unidos<\/td>\n<td>Discurso de Michelle W. Bowman, do Fomc, o Copom americano<\/td>\n<\/tr>\n<tr>\n<td>22h30<\/td>\n<td>China<\/td>\n<td>\u00cdndice de pre\u00e7os ao consumidor (CPI) em janeiro<\/td>\n<\/tr>\n<tr>\n<td>22h30<\/td>\n<td>China<\/td>\n<td>\u00cdndice de pre\u00e7os ao produtor (PPI) em janeiro<\/td>\n<\/tr>\n<\/tbody>\n<\/table><figcaption class=\"wp-element-caption\">Fonte: Investing.com<\/figcaption><\/figure>\n<figure class=\"wp-block-table is-style-stripes\">\n<table>\n<tbody>\n<tr>\n<td><strong>Nome<\/strong><\/td>\n<td><strong>Ticker<\/strong><\/td>\n<td><strong>Hor\u00e1rio de divulga\u00e7\u00e3o<\/strong><\/td>\n<\/tr>\n<tr>\n<td>Neoenergia<\/td>\n<td>NEOE3<\/td>\n<td><em>Hor\u00e1rio a confirmar<\/em><\/td>\n<\/tr>\n<tr>\n<td>Auren Energia (ex-CESP)<\/td>\n<td>AURE3<\/td>\n<td><em>Hor\u00e1rio a confirmar<\/em><\/td>\n<\/tr>\n<tr>\n<td>BrasilAgro<\/td>\n<td>AGRO3<\/td>\n<td><em>Hor\u00e1rio a confirmar<\/em><\/td>\n<\/tr>\n<tr>\n<td>Alpargatas<\/td>\n<td>ALPA4<\/td>\n<td><em>Hor\u00e1rio a confirmar<\/em><\/td>\n<\/tr>\n<tr>\n<td>Banco Bradesco<\/td>\n<td>BBDC4<\/td>\n<td><em>Hor\u00e1rio a confirmar<\/em><\/td>\n<\/tr>\n<tr>\n<td>Klabin<\/td>\n<td>KLBN11<\/td>\n<td>Antes da abertura<\/td>\n<\/tr>\n<tr>\n<td>Alibaba ADR<\/td>\n<td>BABA<\/td>\n<td>Antes da abertura<\/td>\n<\/tr>\n<tr>\n<td>Walt Disney<\/td>\n<td>DIS<\/td>\n<td>Ap\u00f3s o fechamento<\/td>\n<\/tr>\n<\/tbody>\n<\/table><figcaption class=\"wp-element-caption\">Fonte: Levantamento Seu Dinheiro<\/figcaption><\/figure>\n<h3 class=\"wp-block-heading\" id=\"h-quinta-feira-08\">Quinta-feira (08)<\/h3>\n<figure class=\"wp-block-table is-style-stripes\">\n<table>\n<tbody>\n<tr>\n<td><strong>Hor\u00e1rio<\/strong><\/td>\n<td><strong>Pa\u00eds<\/strong><\/td>\n<td><strong>Evento<\/strong><\/td>\n<\/tr>\n<tr>\n<td>06h00<\/td>\n<td>Zona do Euro<\/td>\n<td>Relat\u00f3rio Mensal do BCE em janeiro<\/td>\n<\/tr>\n<tr>\n<td>09h00<\/td>\n<td>Brasil<\/td>\n<td>IPCA de janeiro<\/td>\n<\/tr>\n<tr>\n<td>10h30<\/td>\n<td>Estados Unidos<\/td>\n<td>Pedidos de aux\u00edlio-desemprego<\/td>\n<\/tr>\n<tr>\n<td>18h30<\/td>\n<td>Estados Unidos<\/td>\n<td>Balan\u00e7o do Federal Reserve, o BC dos EUA<\/td>\n<\/tr>\n<\/tbody>\n<\/table><figcaption class=\"wp-element-caption\">Fonte: Investing.com<\/figcaption><\/figure>\n<figure class=\"wp-block-table is-style-stripes\">\n<table>\n<tbody>\n<tr>\n<td><strong>Nome<\/strong><\/td>\n<td><strong>Ticker<\/strong><\/td>\n<td><strong>Hor\u00e1rio de divulga\u00e7\u00e3o<\/strong><\/td>\n<\/tr>\n<tr>\n<td>Multiplan<\/td>\n<td>MULT3<\/td>\n<td><em>Hor\u00e1rio a confirmar<\/em><\/td>\n<\/tr>\n<tr>\n<td>CCR<\/td>\n<td>CCRO3<\/td>\n<td><em>Hor\u00e1rio a confirmar<\/em><\/td>\n<\/tr>\n<tr>\n<td>Jalles Machado<\/td>\n<td>JALL3<\/td>\n<td><em>Hor\u00e1rio a confirmar<\/em><\/td>\n<\/tr>\n<tr>\n<td>S\u00e3o Martinho<\/td>\n<td>SMTO3<\/td>\n<td><em>Hor\u00e1rio a confirmar<\/em><\/td>\n<\/tr>\n<tr>\n<td>SoftBank<\/td>\n<td>SFTBY<\/td>\n<td><em>Hor\u00e1rio a confirmar<\/em><\/td>\n<\/tr>\n<tr>\n<td>Banco Pine<\/td>\n<td>PINE4<\/td>\n<td>Antes da abertura<\/td>\n<\/tr>\n<tr>\n<td>AstraZeneca<\/td>\n<td>LRLCY<\/td>\n<td>Antes da abertura<\/td>\n<\/tr>\n<tr>\n<td>Banco do Brasil<\/td>\n<td>BBAS3<\/td>\n<td>Ap\u00f3s o fechamento<\/td>\n<\/tr>\n<tr>\n<td>Ra\u00edzen<\/td>\n<td>RAIZ4<\/td>\n<td>Ap\u00f3s o fechamento<\/td>\n<\/tr>\n<\/tbody>\n<\/table><figcaption class=\"wp-element-caption\">Fonte: Levantamento Seu Dinheiro<\/figcaption><\/figure>\n<h3 class=\"wp-block-heading\" id=\"h-sexta-feira-09\">Sexta-feira (09)<\/h3>\n<figure class=\"wp-block-table is-style-stripes\">\n<table>\n<tbody>\n<tr>\n<td><strong>Hor\u00e1rio<\/strong><\/td>\n<td><strong>Pa\u00eds<\/strong><\/td>\n<td><strong>Evento<\/strong><\/td>\n<\/tr>\n<tr>\n<td><em>Todo o dia<\/em><\/td>\n<td><em>China<\/em><\/td>\n<td><em>Feriado do Ano Novo Chin\u00eas<\/em><\/td>\n<\/tr>\n<tr>\n<td>04h00<\/td>\n<td>Alemanha<\/td>\n<td>IPC &#8211; Alemanha (Mensal) (Jan)<\/td>\n<\/tr>\n<tr>\n<td>09h00<\/td>\n<td>Brasil<\/td>\n<td>Crescimento do setor de servi\u00e7os em dezembro<\/td>\n<\/tr>\n<\/tbody>\n<\/table><figcaption class=\"wp-element-caption\">Fonte: Investing.com<\/figcaption><\/figure>\n<figure class=\"wp-block-table is-style-stripes\">\n<table>\n<tbody>\n<tr>\n<td><strong>Nome<\/strong><\/td>\n<td><strong>Ticker<\/strong><\/td>\n<td><strong>Hor\u00e1rio de divulga\u00e7\u00e3o<\/strong><\/td>\n<\/tr>\n<tr>\n<td>Banrisul<\/td>\n<td>BRSR6<\/td>\n<td>Antes da abertura<\/td>\n<\/tr>\n<\/tbody>\n<\/table><figcaption class=\"wp-element-caption\">Fonte: Levantamento Seu Dinheiro<\/figcaption><\/figure>\n<p><em>*Este texto contou com o aux\u00edlio de ferramentas de intelig\u00eancia artificial.<\/em><\/p>\n<\/div>\n<p><br \/>\n<br \/><a href=\"https:\/\/www.seudinheiro.com\/2024\/economia\/agenda-economica-inflacao-ata-copom-exterior-esvaziado-rens\/\">Source link <\/a><\/p>\n<!-- CONTENT END 1 -->\n","protected":false},"excerpt":{"rendered":"<p>A pr\u00f3xima semana reserva importantes indicadores no cen\u00e1rio econ\u00f4mico global, com destaque para a agenda dom\u00e9stica brasileira, que ter\u00e1 a divulga\u00e7\u00e3o do \u00edndice de infla\u00e7\u00e3o&#8230;<\/p>\n","protected":false},"author":1,"featured_media":34872,"comment_status":"open","ping_status":"open","sticky":false,"template":"","format":"standard","meta":{"advanced_seo_description":"","jetpack_seo_html_title":"","jetpack_seo_noindex":false,"jetpack_post_was_ever_published":false,"_jetpack_newsletter_access":"","_jetpack_dont_email_post_to_subs":false,"_jetpack_newsletter_tier_id":0,"_jetpack_memberships_contains_paywalled_content":false,"_jetpack_memberships_contains_paid_content":false,"footnotes":"","jetpack_publicize_message":"","jetpack_publicize_feature_enabled":true,"jetpack_social_post_already_shared":true,"jetpack_social_options":{"image_generator_settings":{"template":"highway","default_image_id":0,"font":"","enabled":false},"version":2}},"categories":[1235],"tags":[],"class_list":["post-34871","post","type-post","status-publish","format-standard","has-post-thumbnail","hentry","category-dinheiro-e-investimento-como-fazer-como-ganhar"],"jetpack_publicize_connections":[],"jetpack_featured_media_url":"https:\/\/i0.wp.com\/noticiasribeiraopreto.com.br\/wp-content\/uploads\/2024\/02\/Servindo-IPCA-PAYROLL-628x353.jpg?fit=628%2C353&ssl=1","jetpack-related-posts":[{"id":34113,"url":"https:\/\/noticiasribeiraopreto.com.br\/index.php\/2024\/02\/01\/selic-cai-mais-meio-ponto-e-vai-a-1125-ao-ano-mas-bc-de-campos-neto-nao-deve-acelerar-cortes-de-juros-tao-cedo\/","url_meta":{"origin":34871,"position":0},"title":"Selic cai mais meio ponto e vai a 11,25% ao ano, mas BC de Campos Neto n\u00e3o deve acelerar cortes de juros t\u00e3o cedo","author":"noticiasribeiraopreto.com.br","date":"1 de February de 2024","format":false,"excerpt":"Depois de passarem dois dias discutindo os rumos da economia brasileira e afiando as espadas, a cavalaria da pol\u00edtica monet\u00e1ria brasileira \u2014 os dirigentes do Banco Central \u2014 cortou novamente a taxa b\u00e1sica de juros em meio ponto percentual, baixando a Selic para 11,25% ao ano. A nova redu\u00e7\u00e3o \u00e9\u2026","rel":"","context":"In &quot;Dinheiro e Investimento&quot;","block_context":{"text":"Dinheiro e Investimento","link":"https:\/\/noticiasribeiraopreto.com.br\/index.php\/category\/dinheiro-e-investimento-como-fazer-como-ganhar\/"},"img":{"alt_text":"","src":"https:\/\/i0.wp.com\/noticiasribeiraopreto.com.br\/wp-content\/uploads\/2024\/02\/Roberto-Campos-Neto-Selic-Inflacao-Tom-Cruise-Montagem-Andrei-Morais-Divulgacao-715x402.jpg?fit=715%2C402&ssl=1&resize=350%2C200","width":350,"height":200,"srcset":"https:\/\/i0.wp.com\/noticiasribeiraopreto.com.br\/wp-content\/uploads\/2024\/02\/Roberto-Campos-Neto-Selic-Inflacao-Tom-Cruise-Montagem-Andrei-Morais-Divulgacao-715x402.jpg?fit=715%2C402&ssl=1&resize=350%2C200 1x, https:\/\/i0.wp.com\/noticiasribeiraopreto.com.br\/wp-content\/uploads\/2024\/02\/Roberto-Campos-Neto-Selic-Inflacao-Tom-Cruise-Montagem-Andrei-Morais-Divulgacao-715x402.jpg?fit=715%2C402&ssl=1&resize=525%2C300 1.5x, https:\/\/i0.wp.com\/noticiasribeiraopreto.com.br\/wp-content\/uploads\/2024\/02\/Roberto-Campos-Neto-Selic-Inflacao-Tom-Cruise-Montagem-Andrei-Morais-Divulgacao-715x402.jpg?fit=715%2C402&ssl=1&resize=700%2C400 2x"},"classes":[]},{"id":16106,"url":"https:\/\/noticiasribeiraopreto.com.br\/index.php\/2023\/12\/14\/selic-copom-corta-taxa-de-1225-para-1175-ao-ano-meu-valor-digital\/","url_meta":{"origin":34871,"position":1},"title":"Selic: Copom corta taxa de 12,25% para 11,75% ao ano &#8211; Meu Valor Digital","author":"noticiasribeiraopreto.com.br","date":"14 de December de 2023","format":false,"excerpt":"No Brasil, a taxa Selic \u00e9 a taxa b\u00e1sica de juros da economia. \u00c9 o principal instrumento de pol\u00edtica monet\u00e1ria utilizado pelo Banco Central do Brasil (BC) para controle da infla\u00e7\u00e3o. A taxa b\u00e1sica de juros \u00e9 refer\u00eancia para todas as demais taxas de juros do pa\u00eds \u2014 tais como\u2026","rel":"","context":"In &quot;Vagas de Emprego em Ribeir\u00e3o Preto-SP&quot;","block_context":{"text":"Vagas de Emprego em Ribeir\u00e3o Preto-SP","link":"https:\/\/noticiasribeiraopreto.com.br\/index.php\/category\/empregos-classificados-vagas-trabalho\/vagas-de-empregos-em-ribeirao-preto-regiao-brasil\/"},"img":{"alt_text":"","src":"https:\/\/i0.wp.com\/noticiasribeiraopreto.com.br\/wp-content\/uploads\/2023\/12\/4-selic.jpg?fit=1200%2C800&ssl=1&resize=350%2C200","width":350,"height":200,"srcset":"https:\/\/i0.wp.com\/noticiasribeiraopreto.com.br\/wp-content\/uploads\/2023\/12\/4-selic.jpg?fit=1200%2C800&ssl=1&resize=350%2C200 1x, https:\/\/i0.wp.com\/noticiasribeiraopreto.com.br\/wp-content\/uploads\/2023\/12\/4-selic.jpg?fit=1200%2C800&ssl=1&resize=525%2C300 1.5x, https:\/\/i0.wp.com\/noticiasribeiraopreto.com.br\/wp-content\/uploads\/2023\/12\/4-selic.jpg?fit=1200%2C800&ssl=1&resize=700%2C400 2x, https:\/\/i0.wp.com\/noticiasribeiraopreto.com.br\/wp-content\/uploads\/2023\/12\/4-selic.jpg?fit=1200%2C800&ssl=1&resize=1050%2C600 3x"},"classes":[]},{"id":17820,"url":"https:\/\/noticiasribeiraopreto.com.br\/index.php\/2023\/12\/19\/esquenta-dos-mercados-bolsas-internacionais-sobem-em-dia-de-agenda-fraca-ibovespa-aguarda-ata-do-copom-e-falas-de-campos-neto-hoje\/","url_meta":{"origin":34871,"position":2},"title":"Esquenta dos mercados: Bolsas internacionais sobem em dia de agenda fraca; Ibovespa aguarda ata do Copom e falas de Campos Neto hoje","author":"noticiasribeiraopreto.com.br","date":"19 de December de 2023","format":false,"excerpt":"O ritmo de alta da semana passada foi mantido no preg\u00e3o de hoje e o Ibovespa se aproximou, mais uma vez, da m\u00e1xima intraday alcan\u00e7ada na \u00faltima sexta-feira (15). O \u00edndice fechou no maior n\u00edvel da hist\u00f3ria. Mesmo diante da aproxima\u00e7\u00e3o do fim do ano, o que comumente resulta em\u2026","rel":"","context":"In &quot;Dinheiro e Investimento&quot;","block_context":{"text":"Dinheiro e Investimento","link":"https:\/\/noticiasribeiraopreto.com.br\/index.php\/category\/dinheiro-e-investimento-como-fazer-como-ganhar\/"},"img":{"alt_text":"","src":"https:\/\/i0.wp.com\/noticiasribeiraopreto.com.br\/wp-content\/uploads\/2023\/12\/1702981391_Selo-Mercados-Touro-Alta-ESQUENTA-e1694168533397-715x402.jpg?fit=715%2C402&ssl=1&resize=350%2C200","width":350,"height":200,"srcset":"https:\/\/i0.wp.com\/noticiasribeiraopreto.com.br\/wp-content\/uploads\/2023\/12\/1702981391_Selo-Mercados-Touro-Alta-ESQUENTA-e1694168533397-715x402.jpg?fit=715%2C402&ssl=1&resize=350%2C200 1x, https:\/\/i0.wp.com\/noticiasribeiraopreto.com.br\/wp-content\/uploads\/2023\/12\/1702981391_Selo-Mercados-Touro-Alta-ESQUENTA-e1694168533397-715x402.jpg?fit=715%2C402&ssl=1&resize=525%2C300 1.5x, https:\/\/i0.wp.com\/noticiasribeiraopreto.com.br\/wp-content\/uploads\/2023\/12\/1702981391_Selo-Mercados-Touro-Alta-ESQUENTA-e1694168533397-715x402.jpg?fit=715%2C402&ssl=1&resize=700%2C400 2x"},"classes":[]},{"id":15286,"url":"https:\/\/noticiasribeiraopreto.com.br\/index.php\/2023\/12\/13\/decisao-do-copom-selic-em-1175-tres-motivos-a-favor-do-corte-de-050-pp-e-dois-contra\/","url_meta":{"origin":34871,"position":3},"title":"Decis\u00e3o do Copom: Selic em 11,75%? Tr\u00eas motivos a favor do corte de 0,50 pp (e dois contra)","author":"noticiasribeiraopreto.com.br","date":"13 de December de 2023","format":false,"excerpt":"Amanh\u00e3, o Comit\u00ea de Pol\u00edtica Monet\u00e1ria (Copom) se re\u00fane pela \u00faltima vez este ano para definir o futuro da Selic. J\u00e1 est\u00e1 precificado no mercado um corte \u2013 Todos os direitos: MoneyTimes A expectativa do mercado \u00e9 de que o Copom reduza a taxa Selic em 0,50 ponto percentual amanh\u00e3.\u2026","rel":"","context":"In &quot;Vagas de Emprego em Ribeir\u00e3o Preto-SP&quot;","block_context":{"text":"Vagas de Emprego em Ribeir\u00e3o Preto-SP","link":"https:\/\/noticiasribeiraopreto.com.br\/index.php\/category\/empregos-classificados-vagas-trabalho\/vagas-de-empregos-em-ribeirao-preto-regiao-brasil\/"},"img":{"alt_text":"","src":"https:\/\/i0.wp.com\/noticiasribeiraopreto.com.br\/wp-content\/uploads\/2023\/12\/decisao-do-copom-selic-em-1175-tres-motivos-a-favor-do-corte-de-050-pp-e-dois-contra-830x450.webp.webp?fit=830%2C450&ssl=1&resize=350%2C200","width":350,"height":200,"srcset":"https:\/\/i0.wp.com\/noticiasribeiraopreto.com.br\/wp-content\/uploads\/2023\/12\/decisao-do-copom-selic-em-1175-tres-motivos-a-favor-do-corte-de-050-pp-e-dois-contra-830x450.webp.webp?fit=830%2C450&ssl=1&resize=350%2C200 1x, https:\/\/i0.wp.com\/noticiasribeiraopreto.com.br\/wp-content\/uploads\/2023\/12\/decisao-do-copom-selic-em-1175-tres-motivos-a-favor-do-corte-de-050-pp-e-dois-contra-830x450.webp.webp?fit=830%2C450&ssl=1&resize=525%2C300 1.5x, https:\/\/i0.wp.com\/noticiasribeiraopreto.com.br\/wp-content\/uploads\/2023\/12\/decisao-do-copom-selic-em-1175-tres-motivos-a-favor-do-corte-de-050-pp-e-dois-contra-830x450.webp.webp?fit=830%2C450&ssl=1&resize=700%2C400 2x"},"classes":[]},{"id":69674,"url":"https:\/\/noticiasribeiraopreto.com.br\/index.php\/2025\/05\/08\/copom-eleva-juros-basicos-da-economia-para-1475-ao-ano\/","url_meta":{"origin":34871,"position":4},"title":"Copom eleva juros b\u00e1sicos da economia para 14,75% ao ano","author":"noticiasribeiraopreto.com.br","date":"8 de May de 2025","format":false,"excerpt":"A\u00a0alta do pre\u00e7o dos alimentos e da energia e as incertezas em torno da economia global fizeram o Banco Central (BC) aumentar mais uma vez os juros. Por\u00a0unanimidade, o\u00a0Comit\u00ea de Pol\u00edtica Monet\u00e1ria (Copom) aumentou a taxa Selic, juros b\u00e1sicos da economia,\u00a0em 0,5 ponto percentual,\u00a0para 14,75% ao ano. A decis\u00e3o era\u00a0esperada\u2026","rel":"","context":"In &quot;Not\u00edcias de Ribeir\u00e3o Preto-SP e Regi\u00e3o&quot;","block_context":{"text":"Not\u00edcias de Ribeir\u00e3o Preto-SP e Regi\u00e3o","link":"https:\/\/noticiasribeiraopreto.com.br\/index.php\/category\/noticias-de-ribeirao-preto-sp-e-regiao-ismael-colosi\/"},"img":{"alt_text":"","src":"https:\/\/i0.wp.com\/noticiasribeiraopreto.com.br\/wp-content\/uploads\/2025\/05\/banco_central_mcajr_abr_0104222276-scaled-1.jpg?fit=1000%2C598&ssl=1&resize=350%2C200","width":350,"height":200,"srcset":"https:\/\/i0.wp.com\/noticiasribeiraopreto.com.br\/wp-content\/uploads\/2025\/05\/banco_central_mcajr_abr_0104222276-scaled-1.jpg?fit=1000%2C598&ssl=1&resize=350%2C200 1x, https:\/\/i0.wp.com\/noticiasribeiraopreto.com.br\/wp-content\/uploads\/2025\/05\/banco_central_mcajr_abr_0104222276-scaled-1.jpg?fit=1000%2C598&ssl=1&resize=525%2C300 1.5x, https:\/\/i0.wp.com\/noticiasribeiraopreto.com.br\/wp-content\/uploads\/2025\/05\/banco_central_mcajr_abr_0104222276-scaled-1.jpg?fit=1000%2C598&ssl=1&resize=700%2C400 2x"},"classes":[]},{"id":15463,"url":"https:\/\/noticiasribeiraopreto.com.br\/index.php\/2023\/12\/13\/campos-neto-entrega-novo-corte-de-meio-ponto-na-selic-que-vai-a-1175-ao-ano\/","url_meta":{"origin":34871,"position":5},"title":"Campos Neto entrega novo corte de meio ponto na Selic, que vai a 11,75% ao ano","author":"noticiasribeiraopreto.com.br","date":"13 de December de 2023","format":false,"excerpt":"Ent\u00e3o \u00e9 Natal (ou quase), e o Banco Central fez o que se esperava: cortou novamente a taxa b\u00e1sica de juros (Selic) em meio ponto percentual, de 12,25% para 11,75% ao ano. Foi a quarta redu\u00e7\u00e3o consecutiva dos juros pelo Comit\u00ea de Pol\u00edtica Monet\u00e1ria (Copom) liderado por Roberto Campos Neto.\u2026","rel":"","context":"In &quot;Dinheiro e Investimento&quot;","block_context":{"text":"Dinheiro e Investimento","link":"https:\/\/noticiasribeiraopreto.com.br\/index.php\/category\/dinheiro-e-investimento-como-fazer-como-ganhar\/"},"img":{"alt_text":"","src":"https:\/\/i0.wp.com\/noticiasribeiraopreto.com.br\/wp-content\/uploads\/2023\/12\/Roberto-Campos-Neto-Dinheiro-Arvore-Natal-Montagem-Andrei-Morais-Pexels-Flickr-Banco-Central-2-715x402.jpg?fit=715%2C402&ssl=1&resize=350%2C200","width":350,"height":200,"srcset":"https:\/\/i0.wp.com\/noticiasribeiraopreto.com.br\/wp-content\/uploads\/2023\/12\/Roberto-Campos-Neto-Dinheiro-Arvore-Natal-Montagem-Andrei-Morais-Pexels-Flickr-Banco-Central-2-715x402.jpg?fit=715%2C402&ssl=1&resize=350%2C200 1x, https:\/\/i0.wp.com\/noticiasribeiraopreto.com.br\/wp-content\/uploads\/2023\/12\/Roberto-Campos-Neto-Dinheiro-Arvore-Natal-Montagem-Andrei-Morais-Pexels-Flickr-Banco-Central-2-715x402.jpg?fit=715%2C402&ssl=1&resize=525%2C300 1.5x, https:\/\/i0.wp.com\/noticiasribeiraopreto.com.br\/wp-content\/uploads\/2023\/12\/Roberto-Campos-Neto-Dinheiro-Arvore-Natal-Montagem-Andrei-Morais-Pexels-Flickr-Banco-Central-2-715x402.jpg?fit=715%2C402&ssl=1&resize=700%2C400 2x"},"classes":[]}],"jetpack_sharing_enabled":true,"jetpack_shortlink":"https:\/\/wp.me\/peQAOb-94r","_links":{"self":[{"href":"https:\/\/noticiasribeiraopreto.com.br\/index.php\/wp-json\/wp\/v2\/posts\/34871","targetHints":{"allow":["GET"]}}],"collection":[{"href":"https:\/\/noticiasribeiraopreto.com.br\/index.php\/wp-json\/wp\/v2\/posts"}],"about":[{"href":"https:\/\/noticiasribeiraopreto.com.br\/index.php\/wp-json\/wp\/v2\/types\/post"}],"author":[{"embeddable":true,"href":"https:\/\/noticiasribeiraopreto.com.br\/index.php\/wp-json\/wp\/v2\/users\/1"}],"replies":[{"embeddable":true,"href":"https:\/\/noticiasribeiraopreto.com.br\/index.php\/wp-json\/wp\/v2\/comments?post=34871"}],"version-history":[{"count":0,"href":"https:\/\/noticiasribeiraopreto.com.br\/index.php\/wp-json\/wp\/v2\/posts\/34871\/revisions"}],"wp:featuredmedia":[{"embeddable":true,"href":"https:\/\/noticiasribeiraopreto.com.br\/index.php\/wp-json\/wp\/v2\/media\/34872"}],"wp:attachment":[{"href":"https:\/\/noticiasribeiraopreto.com.br\/index.php\/wp-json\/wp\/v2\/media?parent=34871"}],"wp:term":[{"taxonomy":"category","embeddable":true,"href":"https:\/\/noticiasribeiraopreto.com.br\/index.php\/wp-json\/wp\/v2\/categories?post=34871"},{"taxonomy":"post_tag","embeddable":true,"href":"https:\/\/noticiasribeiraopreto.com.br\/index.php\/wp-json\/wp\/v2\/tags?post=34871"}],"curies":[{"name":"wp","href":"https:\/\/api.w.org\/{rel}","templated":true}]}}