{"id":34873,"date":"2024-02-04T08:11:51","date_gmt":"2024-02-04T11:11:51","guid":{"rendered":"https:\/\/noticiasribeiraopreto.com.br\/index.php\/2024\/02\/04\/confira-as-datas-salarios-e-os-editais\/"},"modified":"2024-02-04T08:11:51","modified_gmt":"2024-02-04T11:11:51","slug":"confira-as-datas-salarios-e-os-editais","status":"publish","type":"post","link":"https:\/\/noticiasribeiraopreto.com.br\/index.php\/2024\/02\/04\/confira-as-datas-salarios-e-os-editais\/","title":{"rendered":"confira as datas, sal\u00e1rios e os editais"},"content":{"rendered":"<div class='code-block code-block-1' style='margin: 8px 0 8px auto; text-align: right; display: block; clear: both;'>\n<p><a href=\"https:\/\/wa.link\/vpicfd\"><img data-recalc-dims=\"1\" class=\"wp-image-4922\" style=\"aspect-ratio: 2.0253164556962027; width: 561px; height: auto;\" src=\"https:\/\/i0.wp.com\/ismaelcolosi.com.br\/wp-content\/uploads\/2023\/11\/grupo-de-empregos-whatsapp-e-facebook-ismael-colosi-vagas.jpg?ssl=1\" alt=\"\" \/><\/a><\/p>\n<!-- \/wp:image -->\n<\/div>\n<p> <br \/>\n<\/p>\n<div id=\"js-first-letter\">\n<p>O sonho de passar em um <strong>concurso p\u00fablico<\/strong> vem ficando mais pr\u00f3ximo em 2024. O primeiro m\u00eas do ano trouxe ventos favor\u00e1veis, com vagas e inscri\u00e7\u00f5es abertas de diversos \u00f3rg\u00e3os p\u00fablicos.<\/p>\n<p>E n\u00e3o foi s\u00f3 isso, o governo federal tamb\u00e9m tornou o caminho mais f\u00e1cil com a cria\u00e7\u00e3o do Concurso P\u00fablico Nacional Unificado. A partir de 2024, o <a href=\"https:\/\/www.seudinheiro.com\/2024\/carreiras\/enem-dos-concursos-publicos-deve-acontecer-a-cada-dois-anos-e-abre-vagas-para-21-orgaos-do-governo-veja-como-se-inscrever-miql\/\" target=\"_blank\" rel=\"noreferrer noopener\">processo seletivo deve ocorrer a cada dois anos<\/a>.<\/p>\n<p>Para ajudar os concurseiros de plant\u00e3o a se planejarem e n\u00e3o se perderem em meio a tantas datas, o <strong>Seu Dinheiro<\/strong> separou os principais concursos que ainda est\u00e3o com inscri\u00e7\u00f5es abertas.<\/p>\n<p>Vale ressaltar que, para todas as vagas, os candidatos inscritos no Cad\u00danico e doadores de medula \u00f3ssea poder\u00e3o pedir isen\u00e7\u00e3o do pagamento da taxa de inscri\u00e7\u00e3o.<\/p>\n<h2 class=\"wp-block-heading\" id=\"h-enem-dos-concursos-publicos\">Enem dos concursos p\u00fablicos<\/h2>\n<p>Uma das boas not\u00edcias que chegaram com o in\u00edcio de 2024 foi o chamado \u201c<strong>Enem dos concursos<\/strong>\u201d. O projeto, inspirado no Exame Nacional do Ensino M\u00e9dio, facilita o processo seletivo para vagas em \u00f3rg\u00e3os do governo.<\/p>\n<p>A cria\u00e7\u00e3o do Concurso P\u00fablico Nacional Unificado (CNU) foi decretado em setembro de 2023, mas passa a acontecer a partir de 2024.<\/p>\n<p>Ele tem como intuito oferecer acesso a diversas vagas por meio de um \u00fanico concurso. At\u00e9 ent\u00e3o, os candidatos precisavam participar do processo seletivo de cada \u00f3rg\u00e3o.<\/p>\n<p>O exame \u00e9 composto por duas etapas. Na primeira, ser\u00e3o aplicadas provas objetivas, com conte\u00fado comum a todos os candidatos. Na segunda, ser\u00e3o realizados exames espec\u00edficos e dissertativos.<\/p>\n<p>A taxa para participa\u00e7\u00e3o do exame \u00e9 de R$ 60 para vagas de n\u00edvel m\u00e9dio e de R$ 90 para vagas de n\u00edvel superior.<\/p>\n<p>J\u00e1 os sal\u00e1rios para as vagas t\u00eam valores iniciais que v\u00e3o de R$ 3,7 mil a R$ 23 mil. Confira o calend\u00e1rio com as principais datas abaixo:<\/p>\n<ul>\n<li>Inscri\u00e7\u00f5es: 19 de janeiro at\u00e9 9 de fevereiro<\/li>\n<li>Divulga\u00e7\u00e3o dos dados finais de inscri\u00e7\u00f5es: 29 de fevereiro<\/li>\n<li>Divulga\u00e7\u00e3o dos Cart\u00f5es de Confirma\u00e7\u00e3o: 29 de abril<\/li>\n<li>Aplica\u00e7\u00e3o das Provas: 5 de maio<\/li>\n<li>Divulga\u00e7\u00e3o dos resultados das provas objetivas e preliminares das provas discursivas e reda\u00e7\u00e3o: 3 de junho<\/li>\n<li>Divulga\u00e7\u00e3o Final dos Resultados: 30 de julho<\/li>\n<li>In\u00edcio da Convoca\u00e7\u00e3o para posse e Cursos de Forma\u00e7\u00e3o: 5 de agosto<\/li>\n<\/ul>\n<figure class=\"wp-block-embed is-type-video is-provider-youtube wp-block-embed-youtube wp-embed-aspect-16-9 wp-has-aspect-ratio\">\n<p>\n<iframe loading=\"lazy\" title=\"SERASA FOI S\u00d3 O COME\u00c7O: SEREI PROCESSADA POR D\u00cdVIDA COM A FACULDADE I A DINHEIRISTA\" width=\"500\" height=\"281\" src=\"https:\/\/www.youtube.com\/embed\/2D0puTR9lBI?feature=oembed\" frameborder=\"0\" allow=\"accelerometer; autoplay; clipboard-write; encrypted-media; gyroscope; picture-in-picture; web-share\" referrerpolicy=\"strict-origin-when-cross-origin\" allowfullscreen><\/iframe>\n<\/p>\n<\/figure>\n<h2 class=\"wp-block-heading\" id=\"h-agencia-nacional-de-vigilancia-sanitaria-anvisa\">Ag\u00eancia Nacional de Vigil\u00e2ncia Sanit\u00e1ria (Anvisa)<\/h2>\n<p>A <a href=\"https:\/\/www.seudinheiro.com\/2024\/carreiras\/anvisa-abre-inscricoes-para-concurso-publico-com-salario-de-mais-de-r-16-mil-davs\/\" target=\"_blank\" rel=\"noreferrer noopener\">Anvisa est\u00e1 disponibilizando 50 vagas<\/a> com sal\u00e1rio inicial de mais de R$ 16 mil. A jornada de trabalho \u00e9 de 40 horas semanais.<\/p>\n<p>Por\u00e9m, os candidatos precisam ficar atentos: as oportunidades s\u00e3o divididas por \u00e1reas de atua\u00e7\u00e3o.<\/p>\n<p>Todos os setores exigem gradua\u00e7\u00e3o no ensino superior, por\u00e9m cada um exige forma\u00e7\u00f5es distintas.<\/p>\n<p>Veja as principais datas:<\/p>\n<ul>\n<li>Inscri\u00e7\u00f5es: 23 de janeiro at\u00e9 16 de fevereiro<\/li>\n<li>Divulga\u00e7\u00e3o do edital que informa a consulta aos locais de provas: 4 de abril<\/li>\n<li>Aplica\u00e7\u00e3o das provas objetivas e discursiva: 21 de abril<\/li>\n<li>Consulta individual aos gabaritos preliminares das provas objetivas: 23 at\u00e9 25 de abril<\/li>\n<li>Divulga\u00e7\u00e3o do edital de resultado final nas provas objetivas e de resultado provis\u00f3rio na prova discursiva: 21 de maio<\/li>\n<\/ul>\n<h2 class=\"wp-block-heading\" id=\"h-concurso-do-banco-central-do-brasil-bacen\">Concurso do Banco Central do Brasil (Bacen)<\/h2>\n<p>O Banco Central do Brasil (Bacen) tamb\u00e9m abriu inscri\u00e7\u00f5es para concurso p\u00fablico. Ele est\u00e1 oferecendo 100 vagas nas \u00e1reas de Tecnologia da Informa\u00e7\u00e3o e Economia e Finan\u00e7as.<\/p>\n<p>Os candidatos interessados devem ter n\u00edvel superior em qualquer \u00e1rea de forma\u00e7\u00e3o e disponibilidade para cumprir jornada de 40 horas semanais.<\/p>\n<p>Para participar, os candidatos dever\u00e3o pagar taxa de inscri\u00e7\u00e3o de R$ 150,00. J\u00e1 o sal\u00e1rio tem valor inicial de R$ 20,9 mil. Confira as principais datas do concurso:<\/p>\n<ul>\n<li>Inscri\u00e7\u00f5es: 22 de janeiro at\u00e9 20 de fevereiro<\/li>\n<li>Data final para o pagamento da taxa de inscri\u00e7\u00e3o: 13 de mar\u00e7o<\/li>\n<li>Divulga\u00e7\u00e3o do edital que informar\u00e1 a disponibiliza\u00e7\u00e3o da<\/li>\n<li>consulta aos locais de provas: 7 de maio<\/li>\n<li>Aplica\u00e7\u00e3o das provas objetivas e discursivas: 19 de maio<\/li>\n<li>Divulga\u00e7\u00e3o dos gabaritos oficiais das provas objetivas, das respostas das provas discursivas, do resultado final nas provas objetivas e do resultado provis\u00f3rio nas provas discursivas: 18 de junho<\/li>\n<\/ul>\n<h2 class=\"wp-block-heading\" id=\"h-agencia-nacional-de-aguas\">Ag\u00eancia Nacional de \u00c1guas<\/h2>\n<p>A <a href=\"https:\/\/www.seudinheiro.com\/2024\/carreiras\/com-40-vagas-e-salario-de-mais-de-r-16-mil-agencia-nacional-de-aguas-divulga-edital-para-concurso-publico-veja-como-se-inscrever-davs\/\" target=\"_blank\" rel=\"noreferrer noopener\">Ag\u00eancia Nacional de \u00c1guas<\/a> saiu de um hiatus de 16 anos. O \u00f3rg\u00e3o n\u00e3o abria vagas para concursos p\u00fablicos para n\u00edvel superior desde 2008.<\/p>\n<p>Nesta nova oportunidade, os cargos s\u00e3o para especialistas em regula\u00e7\u00e3o de recursos h\u00eddricos e saneamento b\u00e1sico. Com sal\u00e1rio de mais de R$ 16,4 mil, os aprovados dever\u00e3o atuar em Bras\u00edlia.<\/p>\n<p>A taxa de inscri\u00e7\u00e3o \u00e9 de R$ 110,00. Confira o calend\u00e1rio:<\/p>\n<ul>\n<li>Inscri\u00e7\u00f5es: 29 de janeiro at\u00e9 21 de fevereiro<\/li>\n<li>Data final para o pagamento da taxa de inscri\u00e7\u00e3o: 11 de mar\u00e7o<\/li>\n<li>Divulga\u00e7\u00e3o do edital que informa a consulta aos locais de provas: 12 de abril<\/li>\n<li>Aplica\u00e7\u00e3o das provas objetivas e discursiva: 28 de abril<\/li>\n<li>Divulga\u00e7\u00e3o do edital de resultado final nas provas objetivas e de resultado provis\u00f3rio na prova discursiva: 22 de maio<\/li>\n<\/ul>\n<h2 class=\"wp-block-heading\" id=\"h-concurso-publico-do-ministerio-do-planejamento\">Concurso p\u00fablico do Minist\u00e9rio do Planejamento<\/h2>\n<p>Na \u00faltima semana, o Minist\u00e9rio do Planejamento abriu 100 vagas para o cargo de analista de planejamento e or\u00e7amento.<\/p>\n<p>A remunera\u00e7\u00e3o inicial \u00e9 de mais de R$ 20,9 mil, mas os aprovados podem chegar a R$ 29,8 mil ao final da carreira.\u00a0<\/p>\n<p>Al\u00e9m disso, dever\u00e3o trabalhar na sede do \u00f3rg\u00e3o, em Bras\u00edlia (DF). A jornada de trabalho \u00e9 de 40 horas semanais.<\/p>\n<p>As oportunidades s\u00e3o para n\u00edvel superior, portanto \u00e9 necess\u00e1rio comprovar conclus\u00e3o de gradua\u00e7\u00e3o em qualquer \u00e1rea de forma\u00e7\u00e3o.<\/p>\n<p>As vagas s\u00e3o divididas entre \u00e1reas gerais e especialidades. Para participar, os candidatos dever\u00e3o pagar taxa de inscri\u00e7\u00e3o no valor de R$ 100.<\/p>\n<ul>\n<li>Inscri\u00e7\u00f5es: 31 de janeiro at\u00e9 21 de fevereiro<\/li>\n<li>Data final para o pagamento da taxa de inscri\u00e7\u00e3o: 11 de mar\u00e7o<\/li>\n<li>Divulga\u00e7\u00e3o dos locais das provas objetivas: 12 de abril<\/li>\n<li>Aplica\u00e7\u00e3o das provas objetivas: 28 de abril<\/li>\n<li>Divulga\u00e7\u00e3o dos resultados finais das provas objetivas e convoca\u00e7\u00e3o para provas discursivas: 24 de maio<\/li>\n<li>Aplica\u00e7\u00e3o das provas discursivas: 9 de junho<\/li>\n<li>Divulga\u00e7\u00e3o dos resultados provis\u00f3rios das provas discursivas: 3 de julho<\/li>\n<\/ul>\n<h2 class=\"wp-block-heading\" id=\"h-comissao-de-valores-imobiliarios-cvm\">Comiss\u00e3o de Valores Imobili\u00e1rios (CVM)<\/h2>\n<p>O <a href=\"https:\/\/www.seudinheiro.com\/2024\/carreiras\/banco-central-secretaria-do-tesouro-e-cvm-divulgam-editais-para-concursos-com-salario-inicial-que-passa-de-r-20-mil-davs\/\" target=\"_blank\" rel=\"noreferrer noopener\">processo seletivo da Comiss\u00e3o de Valores Imobili\u00e1rios<\/a> (CVM) abriu concurso p\u00fablico para os cargos de inspetor, com 20 vagas, e para analista, com 40.<\/p>\n<p>Os candidatos interessados devem ter n\u00edvel superior em qualquer \u00e1rea de forma\u00e7\u00e3o. No entanto, para algumas vagas espec\u00edficas, \u00e9 necess\u00e1rio ter forma\u00e7\u00e3o em contabilidade.<\/p>\n<p>O sal\u00e1rio das vagas tem faixa inicial de R$ 20,9 mil. J\u00e1 a taxa de inscri\u00e7\u00e3o para participar do concurso custa R$ 145,00. Confira as principais datas:<\/p>\n<ul>\n<li>Inscri\u00e7\u00f5es: 30 de janeiro at\u00e9 6 de mar\u00e7o<\/li>\n<li>Data final para o pagamento da taxa de inscri\u00e7\u00e3o: 7 de mar\u00e7o<\/li>\n<li>Divulga\u00e7\u00e3o dos locais das provas: 20 de maio<\/li>\n<li>Aplica\u00e7\u00e3o das provas objetivas e discursivas: 26 de maio<\/li>\n<\/ul>\n<\/div>\n<p><br \/>\n<br \/><a href=\"https:\/\/www.seudinheiro.com\/2024\/carreiras\/concursos-publicos-confira-as-datas-salarios-e-os-editais-das-principais-vagas-de-2024-davs\/\">Source link <\/a><\/p>\n<!-- CONTENT END 1 -->\n","protected":false},"excerpt":{"rendered":"<p>O sonho de passar em um concurso p\u00fablico vem ficando mais pr\u00f3ximo em 2024. O primeiro m\u00eas do ano trouxe ventos favor\u00e1veis, com vagas e&#8230;<\/p>\n","protected":false},"author":1,"featured_media":34874,"comment_status":"open","ping_status":"open","sticky":false,"template":"","format":"standard","meta":{"advanced_seo_description":"","jetpack_seo_html_title":"","jetpack_seo_noindex":false,"jetpack_post_was_ever_published":false,"_jetpack_newsletter_access":"","_jetpack_dont_email_post_to_subs":false,"_jetpack_newsletter_tier_id":0,"_jetpack_memberships_contains_paywalled_content":false,"_jetpack_memberships_contains_paid_content":false,"footnotes":"","jetpack_publicize_message":"","jetpack_publicize_feature_enabled":true,"jetpack_social_post_already_shared":true,"jetpack_social_options":{"image_generator_settings":{"template":"highway","default_image_id":0,"font":"","enabled":false},"version":2}},"categories":[1235],"tags":[],"class_list":["post-34873","post","type-post","status-publish","format-standard","has-post-thumbnail","hentry","category-dinheiro-e-investimento-como-fazer-como-ganhar"],"jetpack_publicize_connections":[],"jetpack_featured_media_url":"https:\/\/i0.wp.com\/noticiasribeiraopreto.com.br\/wp-content\/uploads\/2024\/02\/concursos_abertos-715x402.jpg?fit=715%2C402&ssl=1","jetpack-related-posts":[{"id":23719,"url":"https:\/\/noticiasribeiraopreto.com.br\/index.php\/2024\/01\/02\/estao-abertas-inscricoes-para-concurso-publico-em-rp\/","url_meta":{"origin":34873,"position":0},"title":"Est\u00e3o abertas inscri\u00e7\u00f5es para concurso p\u00fablico em RP","author":"noticiasribeiraopreto.com.br","date":"2 de January de 2024","format":false,"excerpt":"Destaque Empregos e Est\u00e1gios 2 de janeiro de 2024 | 17:282 de janeiro de 2024 | 17:29 0A prefeitura de Ribeir\u00e3o Preto, por meio da Secretaria Municipal da Administra\u00e7\u00e3o, publicou, no Di\u00e1rio Oficial do Munic\u00edpio de sexta-feira, 22 de dezembro, o Edital n\u00ba06\/2023 para a realiza\u00e7\u00e3o de um novo concurso\u2026","rel":"","context":"In &quot;Not\u00edcias de Ribeir\u00e3o Preto-SP e Regi\u00e3o&quot;","block_context":{"text":"Not\u00edcias de Ribeir\u00e3o Preto-SP e Regi\u00e3o","link":"https:\/\/noticiasribeiraopreto.com.br\/index.php\/category\/noticias-de-ribeirao-preto-sp-e-regiao-ismael-colosi\/"},"img":{"alt_text":"","src":"https:\/\/i0.wp.com\/noticiasribeiraopreto.com.br\/wp-content\/uploads\/2024\/01\/concurso1-scaled.jpeg?fit=968%2C645&ssl=1&resize=350%2C200","width":350,"height":200,"srcset":"https:\/\/i0.wp.com\/noticiasribeiraopreto.com.br\/wp-content\/uploads\/2024\/01\/concurso1-scaled.jpeg?fit=968%2C645&ssl=1&resize=350%2C200 1x, https:\/\/i0.wp.com\/noticiasribeiraopreto.com.br\/wp-content\/uploads\/2024\/01\/concurso1-scaled.jpeg?fit=968%2C645&ssl=1&resize=525%2C300 1.5x, https:\/\/i0.wp.com\/noticiasribeiraopreto.com.br\/wp-content\/uploads\/2024\/01\/concurso1-scaled.jpeg?fit=968%2C645&ssl=1&resize=700%2C400 2x"},"classes":[]},{"id":23615,"url":"https:\/\/noticiasribeiraopreto.com.br\/index.php\/2024\/01\/02\/concurso-publico-ministerio-de-pesca-e-aquicultura-vai-abrir-inscricoes-para-mais-de-200-vagas-em-breve-confira\/","url_meta":{"origin":34873,"position":1},"title":"Concurso p\u00fablico: Minist\u00e9rio de Pesca e Aquicultura vai abrir inscri\u00e7\u00f5es para mais de 200 vagas em breve; confira","author":"noticiasribeiraopreto.com.br","date":"2 de January de 2024","format":false,"excerpt":"Ano novo, emprego novo. O Minist\u00e9rio da Pesca e Aquicultura (MPA) foi autorizado a realizar concurso p\u00fablico para a contrata\u00e7\u00e3o de 264 tempor\u00e1rios em\u00a0cargos de n\u00edvel superior. As vagas s\u00e3o para atender as demandas administrativas, judiciais e gerenciais relacionadas ao setor pesqueiro no pa\u00eds. Os selecionados ser\u00e3o contratados por quatro\u2026","rel":"","context":"In &quot;Dinheiro e Investimento&quot;","block_context":{"text":"Dinheiro e Investimento","link":"https:\/\/noticiasribeiraopreto.com.br\/index.php\/category\/dinheiro-e-investimento-como-fazer-como-ganhar\/"},"img":{"alt_text":"","src":"https:\/\/i0.wp.com\/noticiasribeiraopreto.com.br\/wp-content\/uploads\/2024\/01\/concursos_abertos-715x402.jpg?fit=715%2C402&ssl=1&resize=350%2C200","width":350,"height":200,"srcset":"https:\/\/i0.wp.com\/noticiasribeiraopreto.com.br\/wp-content\/uploads\/2024\/01\/concursos_abertos-715x402.jpg?fit=715%2C402&ssl=1&resize=350%2C200 1x, https:\/\/i0.wp.com\/noticiasribeiraopreto.com.br\/wp-content\/uploads\/2024\/01\/concursos_abertos-715x402.jpg?fit=715%2C402&ssl=1&resize=525%2C300 1.5x, https:\/\/i0.wp.com\/noticiasribeiraopreto.com.br\/wp-content\/uploads\/2024\/01\/concursos_abertos-715x402.jpg?fit=715%2C402&ssl=1&resize=700%2C400 2x"},"classes":[]},{"id":34931,"url":"https:\/\/noticiasribeiraopreto.com.br\/index.php\/2024\/02\/04\/inscricoes-abertas-para-concurso-publico-da-anatel-com-salario-de-r-164-mil\/","url_meta":{"origin":34873,"position":2},"title":"Inscri\u00e7\u00f5es abertas para concurso p\u00fablico da Anatel com sal\u00e1rio de R$ 16,4 mil","author":"noticiasribeiraopreto.com.br","date":"4 de February de 2024","format":false,"excerpt":"As inscri\u00e7\u00f5es para o concurso p\u00fablico da Anatel (Ag\u00eancia Nacional de Telecomunica\u00e7\u00f5es) est\u00e3o abertas at\u00e9 \u00e0s 18h do dia 26 de fevereiro. Os interessados devem se inscrever pelo site. A taxa de inscri\u00e7\u00e3o \u00e9 R$ 130. Ao todo, s\u00e3o oferecidas 50 vagas, sendo para preenchimento imediato e forma\u00e7\u00e3o de cadastro\u2026","rel":"","context":"In &quot;Not\u00edcias de Ribeir\u00e3o Preto-SP e Regi\u00e3o&quot;","block_context":{"text":"Not\u00edcias de Ribeir\u00e3o Preto-SP e Regi\u00e3o","link":"https:\/\/noticiasribeiraopreto.com.br\/index.php\/category\/noticias-de-ribeirao-preto-sp-e-regiao-ismael-colosi\/"},"img":{"alt_text":"","src":"https:\/\/i0.wp.com\/noticiasribeiraopreto.com.br\/wp-content\/uploads\/2024\/02\/Copia-de-Copia-de-TAMANHO-EXATO-PARA-FOTOS-NO-SISTEMA-NOVO-6.jpg?fit=1200%2C675&ssl=1&resize=350%2C200","width":350,"height":200,"srcset":"https:\/\/i0.wp.com\/noticiasribeiraopreto.com.br\/wp-content\/uploads\/2024\/02\/Copia-de-Copia-de-TAMANHO-EXATO-PARA-FOTOS-NO-SISTEMA-NOVO-6.jpg?fit=1200%2C675&ssl=1&resize=350%2C200 1x, https:\/\/i0.wp.com\/noticiasribeiraopreto.com.br\/wp-content\/uploads\/2024\/02\/Copia-de-Copia-de-TAMANHO-EXATO-PARA-FOTOS-NO-SISTEMA-NOVO-6.jpg?fit=1200%2C675&ssl=1&resize=525%2C300 1.5x, https:\/\/i0.wp.com\/noticiasribeiraopreto.com.br\/wp-content\/uploads\/2024\/02\/Copia-de-Copia-de-TAMANHO-EXATO-PARA-FOTOS-NO-SISTEMA-NOVO-6.jpg?fit=1200%2C675&ssl=1&resize=700%2C400 2x, https:\/\/i0.wp.com\/noticiasribeiraopreto.com.br\/wp-content\/uploads\/2024\/02\/Copia-de-Copia-de-TAMANHO-EXATO-PARA-FOTOS-NO-SISTEMA-NOVO-6.jpg?fit=1200%2C675&ssl=1&resize=1050%2C600 3x"},"classes":[]},{"id":33398,"url":"https:\/\/noticiasribeiraopreto.com.br\/index.php\/2024\/01\/29\/abertas-as-inscricoes-para-concurso-publico-com-salario-de-r-8-mil-em-ribeirao-preto\/","url_meta":{"origin":34873,"position":3},"title":"Abertas as inscri\u00e7\u00f5es para concurso p\u00fablico com sal\u00e1rio de R$ 8 mil em Ribeir\u00e3o Preto","author":"noticiasribeiraopreto.com.br","date":"29 de January de 2024","format":false,"excerpt":"As inscri\u00e7\u00f5es para o concurso de Fiscal Fazend\u00e1rio da Prefeitura de Ribeir\u00e3o Preto come\u00e7aram nesta segunda-feira (29). Ao todo, s\u00e3o 10 vagas para o cargo que ter\u00e1 o sal\u00e1rio de R$ 8.852,98 por 40h de trabalho semanais. Os interessados devem se inscrever at\u00e9 o dia 1\u00ba de mar\u00e7o no site\u2026","rel":"","context":"In &quot;Not\u00edcias de Ribeir\u00e3o Preto-SP e Regi\u00e3o&quot;","block_context":{"text":"Not\u00edcias de Ribeir\u00e3o Preto-SP e Regi\u00e3o","link":"https:\/\/noticiasribeiraopreto.com.br\/index.php\/category\/noticias-de-ribeirao-preto-sp-e-regiao-ismael-colosi\/"},"img":{"alt_text":"","src":"https:\/\/i0.wp.com\/noticiasribeiraopreto.com.br\/wp-content\/uploads\/2024\/01\/mao-com-a-pena-sobre-o-formulario-de-candidatura-scaled.jpg?fit=1200%2C801&ssl=1&resize=350%2C200","width":350,"height":200,"srcset":"https:\/\/i0.wp.com\/noticiasribeiraopreto.com.br\/wp-content\/uploads\/2024\/01\/mao-com-a-pena-sobre-o-formulario-de-candidatura-scaled.jpg?fit=1200%2C801&ssl=1&resize=350%2C200 1x, https:\/\/i0.wp.com\/noticiasribeiraopreto.com.br\/wp-content\/uploads\/2024\/01\/mao-com-a-pena-sobre-o-formulario-de-candidatura-scaled.jpg?fit=1200%2C801&ssl=1&resize=525%2C300 1.5x, https:\/\/i0.wp.com\/noticiasribeiraopreto.com.br\/wp-content\/uploads\/2024\/01\/mao-com-a-pena-sobre-o-formulario-de-candidatura-scaled.jpg?fit=1200%2C801&ssl=1&resize=700%2C400 2x, https:\/\/i0.wp.com\/noticiasribeiraopreto.com.br\/wp-content\/uploads\/2024\/01\/mao-com-a-pena-sobre-o-formulario-de-candidatura-scaled.jpg?fit=1200%2C801&ssl=1&resize=1050%2C600 3x"},"classes":[]},{"id":45782,"url":"https:\/\/noticiasribeiraopreto.com.br\/index.php\/2024\/04\/07\/veja-quatro-concursos-publicos-com-as-inscricoes-abertas-no-interior-de-sp\/","url_meta":{"origin":34873,"position":4},"title":"Veja quatro concursos p\u00fablicos com as inscri\u00e7\u00f5es abertas no interior de SP","author":"noticiasribeiraopreto.com.br","date":"7 de April de 2024","format":false,"excerpt":"Para quem est\u00e1 em busca de uma oportunidade de emprego no servi\u00e7o p\u00fablico, o acidade on Ribeir\u00e3o separou quatro concursos p\u00fablicos com as inscri\u00e7\u00f5es abertas no interior de S\u00e3o Paulo. S\u00e3o mais de 400 vagas e sal\u00e1rios de at\u00e9 R$ 8 mil. Prefeitura de Ribeir\u00e3o Preto A Prefeitura de Ribeir\u00e3o\u2026","rel":"","context":"In &quot;Not\u00edcias de Ribeir\u00e3o Preto-SP e Regi\u00e3o&quot;","block_context":{"text":"Not\u00edcias de Ribeir\u00e3o Preto-SP e Regi\u00e3o","link":"https:\/\/noticiasribeiraopreto.com.br\/index.php\/category\/noticias-de-ribeirao-preto-sp-e-regiao-ismael-colosi\/"},"img":{"alt_text":"","src":"https:\/\/i0.wp.com\/noticiasribeiraopreto.com.br\/wp-content\/uploads\/2024\/04\/prova-concurso-publico-2.jpg?fit=1200%2C801&ssl=1&resize=350%2C200","width":350,"height":200,"srcset":"https:\/\/i0.wp.com\/noticiasribeiraopreto.com.br\/wp-content\/uploads\/2024\/04\/prova-concurso-publico-2.jpg?fit=1200%2C801&ssl=1&resize=350%2C200 1x, https:\/\/i0.wp.com\/noticiasribeiraopreto.com.br\/wp-content\/uploads\/2024\/04\/prova-concurso-publico-2.jpg?fit=1200%2C801&ssl=1&resize=525%2C300 1.5x, https:\/\/i0.wp.com\/noticiasribeiraopreto.com.br\/wp-content\/uploads\/2024\/04\/prova-concurso-publico-2.jpg?fit=1200%2C801&ssl=1&resize=700%2C400 2x, https:\/\/i0.wp.com\/noticiasribeiraopreto.com.br\/wp-content\/uploads\/2024\/04\/prova-concurso-publico-2.jpg?fit=1200%2C801&ssl=1&resize=1050%2C600 3x"},"classes":[]},{"id":27001,"url":"https:\/\/noticiasribeiraopreto.com.br\/index.php\/2024\/01\/11\/enem-dos-concursos-publicos-deve-acontecer-a-cada-dois-anos-e-abre-vagas-para-21-orgaos-do-governo-veja-como-se-inscrever\/","url_meta":{"origin":34873,"position":5},"title":"\u2018Enem dos concursos p\u00fablicos\u2019 deve acontecer a cada dois anos e abre vagas para 21 \u00f3rg\u00e3os do governo \u2014 veja como se inscrever","author":"noticiasribeiraopreto.com.br","date":"11 de January de 2024","format":false,"excerpt":"As inscri\u00e7\u00f5es para o chamado \u2018Enem dos concursos p\u00fablicos\u2019 est\u00e3o cada vez mais pr\u00f3ximas. O prazo para os cadastros para o Concurso P\u00fablico Nacional Unificado est\u00e1 marcado para iniciar no dia 19 de janeiro e se estender\u00e1 at\u00e9 9 de fevereiro. A prova acontecer\u00e1 em 5 de maio e ser\u00e1\u2026","rel":"","context":"In &quot;Dinheiro e Investimento&quot;","block_context":{"text":"Dinheiro e Investimento","link":"https:\/\/noticiasribeiraopreto.com.br\/index.php\/category\/dinheiro-e-investimento-como-fazer-como-ganhar\/"},"img":{"alt_text":"","src":"https:\/\/i0.wp.com\/noticiasribeiraopreto.com.br\/wp-content\/uploads\/2024\/01\/1704979588_concurso-publico-vagas-agosto-profissao-CAPA-SD-715x402.jpg?fit=715%2C402&ssl=1&resize=350%2C200","width":350,"height":200,"srcset":"https:\/\/i0.wp.com\/noticiasribeiraopreto.com.br\/wp-content\/uploads\/2024\/01\/1704979588_concurso-publico-vagas-agosto-profissao-CAPA-SD-715x402.jpg?fit=715%2C402&ssl=1&resize=350%2C200 1x, https:\/\/i0.wp.com\/noticiasribeiraopreto.com.br\/wp-content\/uploads\/2024\/01\/1704979588_concurso-publico-vagas-agosto-profissao-CAPA-SD-715x402.jpg?fit=715%2C402&ssl=1&resize=525%2C300 1.5x, https:\/\/i0.wp.com\/noticiasribeiraopreto.com.br\/wp-content\/uploads\/2024\/01\/1704979588_concurso-publico-vagas-agosto-profissao-CAPA-SD-715x402.jpg?fit=715%2C402&ssl=1&resize=700%2C400 2x"},"classes":[]}],"jetpack_sharing_enabled":true,"jetpack_shortlink":"https:\/\/wp.me\/peQAOb-94t","_links":{"self":[{"href":"https:\/\/noticiasribeiraopreto.com.br\/index.php\/wp-json\/wp\/v2\/posts\/34873","targetHints":{"allow":["GET"]}}],"collection":[{"href":"https:\/\/noticiasribeiraopreto.com.br\/index.php\/wp-json\/wp\/v2\/posts"}],"about":[{"href":"https:\/\/noticiasribeiraopreto.com.br\/index.php\/wp-json\/wp\/v2\/types\/post"}],"author":[{"embeddable":true,"href":"https:\/\/noticiasribeiraopreto.com.br\/index.php\/wp-json\/wp\/v2\/users\/1"}],"replies":[{"embeddable":true,"href":"https:\/\/noticiasribeiraopreto.com.br\/index.php\/wp-json\/wp\/v2\/comments?post=34873"}],"version-history":[{"count":0,"href":"https:\/\/noticiasribeiraopreto.com.br\/index.php\/wp-json\/wp\/v2\/posts\/34873\/revisions"}],"wp:featuredmedia":[{"embeddable":true,"href":"https:\/\/noticiasribeiraopreto.com.br\/index.php\/wp-json\/wp\/v2\/media\/34874"}],"wp:attachment":[{"href":"https:\/\/noticiasribeiraopreto.com.br\/index.php\/wp-json\/wp\/v2\/media?parent=34873"}],"wp:term":[{"taxonomy":"category","embeddable":true,"href":"https:\/\/noticiasribeiraopreto.com.br\/index.php\/wp-json\/wp\/v2\/categories?post=34873"},{"taxonomy":"post_tag","embeddable":true,"href":"https:\/\/noticiasribeiraopreto.com.br\/index.php\/wp-json\/wp\/v2\/tags?post=34873"}],"curies":[{"name":"wp","href":"https:\/\/api.w.org\/{rel}","templated":true}]}}