{"id":34897,"date":"2024-02-04T10:41:56","date_gmt":"2024-02-04T13:41:56","guid":{"rendered":"https:\/\/noticiasribeiraopreto.com.br\/index.php\/2024\/02\/04\/atestado-aponta-causa-da-m0rte-da-jovem-que-esteve-com-jogador-e-detalhes-sao-revelados-objeto-introduver-mais\/"},"modified":"2024-02-04T10:41:56","modified_gmt":"2024-02-04T13:41:56","slug":"atestado-aponta-causa-da-m0rte-da-jovem-que-esteve-com-jogador-e-detalhes-sao-revelados-objeto-introduver-mais","status":"publish","type":"post","link":"https:\/\/noticiasribeiraopreto.com.br\/index.php\/2024\/02\/04\/atestado-aponta-causa-da-m0rte-da-jovem-que-esteve-com-jogador-e-detalhes-sao-revelados-objeto-introduver-mais\/","title":{"rendered":"Atestado aponta causa da M0RTE da jovem que esteve com jogador e detalhes s\u00e3o REVELADOS: &#8220;Objeto introdu\u2026Ver mais"},"content":{"rendered":"<div class='code-block code-block-1' style='margin: 8px 0 8px auto; text-align: right; display: block; clear: both;'>\n<p><a href=\"https:\/\/wa.link\/vpicfd\"><img data-recalc-dims=\"1\" class=\"wp-image-4922\" style=\"aspect-ratio: 2.0253164556962027; width: 561px; height: auto;\" src=\"https:\/\/i0.wp.com\/ismaelcolosi.com.br\/wp-content\/uploads\/2023\/11\/grupo-de-empregos-whatsapp-e-facebook-ismael-colosi-vagas.jpg?ssl=1\" alt=\"\" \/><\/a><\/p>\n<!-- \/wp:image -->\n<\/div>\n<p> <br \/>\n<\/p>\n<div itemprop=\"text\">\n<p style=\"text-align: justify;\"><span style=\"font-weight: 400; font-family: arial, helvetica, sans-serif; font-size: 14pt;\">Uma jovem chamada L\u00edvia Gabriele da Silva Matos de apenas 19 anos de idade sofreu uma fatalidade nesta \u00faltima ter\u00e7a (30) e o caso est\u00e1 levantando discuss\u00f5es nas redes sociais.<\/span><\/p>\n<p style=\"text-align: justify;\"><span style=\"font-weight: 400; font-family: arial, helvetica, sans-serif; font-size: 14pt;\">A garota que estava em um encontro com o jogador de futebol Dimas C\u00e2ndido de Oliveira Filho acabou vindo a \u00f3bito e o documento detalhando a causa deixou todos chocados. No atestado, L\u00edvia sofreu um dano em sua regi\u00e3o \u00edntima.<\/span><\/p>\n<p style=\"text-align: justify;\"><span style=\"font-weight: 400; font-family: arial, helvetica, sans-serif; font-size: 14pt;\">Na descri\u00e7\u00e3o, a causa da perda repentina da jovem foi uma les\u00e3o no \u201cSaco de Douglas\u201d, regi\u00e3o pouco conhecida pela popula\u00e7\u00e3o mundial. Essa \u00e1rea est\u00e1 localizada no abd\u00f4men em sua regi\u00e3o inferior e fica entre o reto e o \u00fatero.<\/span><\/p>\n<p style=\"text-align: justify;\"><span style=\"font-weight: 400; font-family: arial, helvetica, sans-serif; font-size: 14pt;\">O documento atestando a causa do falecimento foi emitido pelo Hospital Municipal do Tatuap\u00e9 \u00e0s 00h, mas exames complementares devem ser feitos durante a investiga\u00e7\u00e3o do caso. Al\u00e9m da causa, as autoridades ainda buscam saber se a ruptura foi feita de forma acidental ou se L\u00edvia consumiu algum tipo de subst\u00e2ncia l\u00edcita ou il\u00edcita.<\/span><\/p>\n<p style=\"text-align: justify;\"><span style=\"font-weight: 400; font-family: arial, helvetica, sans-serif; font-size: 14pt;\">A fam\u00edlia de L\u00edvia, entretanto, fez declara\u00e7\u00f5es bastante pol\u00eamicas sobre o caso e diz n\u00e3o acreditar que essa ruptura tenha acontecido de forma acidental em uma rela\u00e7\u00e3o \u00edntima.\u00a0<\/span><\/p>\n<p style=\"text-align: justify;\"><span style=\"font-family: arial, helvetica, sans-serif; font-size: 14pt;\"><span style=\"font-weight: 400;\">Segundo o advogado:<\/span><i><span style=\"font-weight: 400;\"> \u201cO que est\u00e1 sendo investigado pela pol\u00edcia, competente delegada que est\u00e1 no caso, \u00e9 saber se houve viol\u00eancia ou introdu\u00e7\u00e3o de algum objeto a\u00ed\u201d<\/span><\/i><span style=\"font-weight: 400;\">, veja:<\/span><\/span><\/p>\n<p><iframe loading=\"lazy\" title=\"Saiba o que \u00e9 saco de Douglas e como sua ruptura pode causar hemorragia ou at\u00e9 a morte | O POVO NEWS\" width=\"500\" height=\"281\" src=\"https:\/\/www.youtube.com\/embed\/HWKFCR0whvo?feature=oembed\" frameborder=\"0\" allow=\"accelerometer; autoplay; clipboard-write; encrypted-media; gyroscope; picture-in-picture; web-share\" referrerpolicy=\"strict-origin-when-cross-origin\" allowfullscreen><\/iframe><\/p>\n<p><!-- AI CONTENT END 1 -->\n<\/div>\n<p><br \/>\n<br \/><a href=\"https:\/\/informenoticias.net\/atestado-aponta-causa-da-m0rte-da-jovem-que-esteve-com-jogador-e-detalhes-sao-revelados-objeto-introduver-mais\/\">Source link <\/a><\/p>\n<!-- CONTENT END 1 -->\n","protected":false},"excerpt":{"rendered":"<p>Uma jovem chamada L\u00edvia Gabriele da Silva Matos de apenas 19 anos de idade sofreu uma fatalidade nesta \u00faltima ter\u00e7a (30) e o caso est\u00e1&#8230;<\/p>\n","protected":false},"author":1,"featured_media":34898,"comment_status":"open","ping_status":"open","sticky":false,"template":"","format":"standard","meta":{"advanced_seo_description":"","jetpack_seo_html_title":"","jetpack_seo_noindex":false,"jetpack_post_was_ever_published":false,"_jetpack_newsletter_access":"","_jetpack_dont_email_post_to_subs":false,"_jetpack_newsletter_tier_id":0,"_jetpack_memberships_contains_paywalled_content":false,"_jetpack_memberships_contains_paid_content":false,"footnotes":"","jetpack_publicize_message":"","jetpack_publicize_feature_enabled":true,"jetpack_social_post_already_shared":true,"jetpack_social_options":{"image_generator_settings":{"template":"highway","default_image_id":0,"font":"","enabled":false},"version":2}},"categories":[19],"tags":[],"class_list":["post-34897","post","type-post","status-publish","format-standard","has-post-thumbnail","hentry","category-variedades"],"jetpack_publicize_connections":[],"jetpack_featured_media_url":"https:\/\/i0.wp.com\/noticiasribeiraopreto.com.br\/wp-content\/uploads\/2024\/02\/Captura-de-tela-2024-02-03-130924.webp.webp?fit=633%2C349&ssl=1","jetpack-related-posts":[{"id":35202,"url":"https:\/\/noticiasribeiraopreto.com.br\/index.php\/2024\/02\/05\/exclusivo-vazam-as-ultimas-mensagens-entre-jogador-do-corinthians-e-jovem-que-m0rreu-apos-relacao-e-deixam-todos-chocados\/","url_meta":{"origin":34897,"position":0},"title":"EXCLUSIVO: Vazam as \u00faltimas mensagens entre jogador do Corinthians e jovem que m0rreu ap\u00f3s rela\u00e7\u00e3o e deixam todos CHOCADOS","author":"noticiasribeiraopreto.com.br","date":"5 de February de 2024","format":false,"excerpt":"Na \u00faltima ter\u00e7a (30), um caso deixou todos em choque. Uma jovem de apenas 19 anos, chamada L\u00edvia Gabriele da Silva Matos, sofreu uma fatalidade e o ocorrido est\u00e1 levantando discuss\u00f5es nas redes sociais. A garota estava em um encontro amoroso com o jogador de futebol Dimas C\u00e2ndido de Oliveira\u2026","rel":"","context":"In &quot;Variedades&quot;","block_context":{"text":"Variedades","link":"https:\/\/noticiasribeiraopreto.com.br\/index.php\/category\/variedades\/"},"img":{"alt_text":"","src":"https:\/\/i0.wp.com\/noticiasribeiraopreto.com.br\/wp-content\/uploads\/2024\/02\/9280a47b-c3bc-4765-b57c-7309eaa14b0a-1.jpg?fit=1200%2C675&ssl=1&resize=350%2C200","width":350,"height":200,"srcset":"https:\/\/i0.wp.com\/noticiasribeiraopreto.com.br\/wp-content\/uploads\/2024\/02\/9280a47b-c3bc-4765-b57c-7309eaa14b0a-1.jpg?fit=1200%2C675&ssl=1&resize=350%2C200 1x, https:\/\/i0.wp.com\/noticiasribeiraopreto.com.br\/wp-content\/uploads\/2024\/02\/9280a47b-c3bc-4765-b57c-7309eaa14b0a-1.jpg?fit=1200%2C675&ssl=1&resize=525%2C300 1.5x, https:\/\/i0.wp.com\/noticiasribeiraopreto.com.br\/wp-content\/uploads\/2024\/02\/9280a47b-c3bc-4765-b57c-7309eaa14b0a-1.jpg?fit=1200%2C675&ssl=1&resize=700%2C400 2x, https:\/\/i0.wp.com\/noticiasribeiraopreto.com.br\/wp-content\/uploads\/2024\/02\/9280a47b-c3bc-4765-b57c-7309eaa14b0a-1.jpg?fit=1200%2C675&ssl=1&resize=1050%2C600 3x"},"classes":[]},{"id":35817,"url":"https:\/\/noticiasribeiraopreto.com.br\/index.php\/2024\/02\/07\/tia-de-livia-gabriele-deixa-todos-em-choque-ao-revelar-o-que-tinha-no-corpo-da-sobrinha-era-visivel-que-tinha-umas-pan-ver-mais\/","url_meta":{"origin":34897,"position":1},"title":"Tia de L\u00edvia Gabriele deixa todos em CHOQUE ao revelar o que tinha no corpo da sobrinha: \u2018Era vis\u00edvel que tinha umas pan&#8230;\u2019 Ver mais","author":"noticiasribeiraopreto.com.br","date":"7 de February de 2024","format":false,"excerpt":"Na \u00faltima ter\u00e7a (30), um caso deixou todos em choque. Uma jovem de apenas 19 anos, chamada L\u00edvia Gabriele da Silva Matos, sofreu uma fatalidade e o ocorrido est\u00e1 levantando discuss\u00f5es nas redes sociais. A Pol\u00edcia Civil est\u00e1 conduzindo uma investiga\u00e7\u00e3o sobre o falecimento da jovem. O encontro ocorreu no\u2026","rel":"","context":"In &quot;Variedades&quot;","block_context":{"text":"Variedades","link":"https:\/\/noticiasribeiraopreto.com.br\/index.php\/category\/variedades\/"},"img":{"alt_text":"","src":"https:\/\/i0.wp.com\/noticiasribeiraopreto.com.br\/wp-content\/uploads\/2024\/02\/PODE-SER-CANCER-5.webp.webp?fit=888%2C499&ssl=1&resize=350%2C200","width":350,"height":200,"srcset":"https:\/\/i0.wp.com\/noticiasribeiraopreto.com.br\/wp-content\/uploads\/2024\/02\/PODE-SER-CANCER-5.webp.webp?fit=888%2C499&ssl=1&resize=350%2C200 1x, https:\/\/i0.wp.com\/noticiasribeiraopreto.com.br\/wp-content\/uploads\/2024\/02\/PODE-SER-CANCER-5.webp.webp?fit=888%2C499&ssl=1&resize=525%2C300 1.5x, https:\/\/i0.wp.com\/noticiasribeiraopreto.com.br\/wp-content\/uploads\/2024\/02\/PODE-SER-CANCER-5.webp.webp?fit=888%2C499&ssl=1&resize=700%2C400 2x"},"classes":[]},{"id":34616,"url":"https:\/\/noticiasribeiraopreto.com.br\/index.php\/2024\/02\/02\/saco-de-douglas-entenda-o-que-e-a-regiao-que-causou-a-m0rte-da-jovem-que-teve-encontro-com-jogador-ver-mais\/","url_meta":{"origin":34897,"position":2},"title":"Saco De Douglas: Entenda o que \u00e9 a regi\u00e3o que causou a m0rte da jovem que teve encontro com jogador&#8230; Ver Mais","author":"noticiasribeiraopreto.com.br","date":"2 de February de 2024","format":false,"excerpt":"O Saco de Douglas \u00e9 uma cavidade que se encontra na parte inferior do abd\u00f4men, perto da regi\u00e3o genital. \u00c9 uma regi\u00e3o conhecida tamb\u00e9m por outros nomes, como exemplo \u201cescava\u00e7\u00e3o retouterina\u201d, \u201cbolsa de Douglas\u201d ou \u201cespa\u00e7o de Douglas\u201d. A jovem Livia Gabriele da Silva Matos, de 19 anos, teve sua\u2026","rel":"","context":"In &quot;Variedades&quot;","block_context":{"text":"Variedades","link":"https:\/\/noticiasribeiraopreto.com.br\/index.php\/category\/variedades\/"},"img":{"alt_text":"","src":"https:\/\/i0.wp.com\/noticiasribeiraopreto.com.br\/wp-content\/uploads\/2024\/02\/Design-sem-nome-2024-02-01T210741.276.webp.webp?fit=888%2C499&ssl=1&resize=350%2C200","width":350,"height":200,"srcset":"https:\/\/i0.wp.com\/noticiasribeiraopreto.com.br\/wp-content\/uploads\/2024\/02\/Design-sem-nome-2024-02-01T210741.276.webp.webp?fit=888%2C499&ssl=1&resize=350%2C200 1x, https:\/\/i0.wp.com\/noticiasribeiraopreto.com.br\/wp-content\/uploads\/2024\/02\/Design-sem-nome-2024-02-01T210741.276.webp.webp?fit=888%2C499&ssl=1&resize=525%2C300 1.5x, https:\/\/i0.wp.com\/noticiasribeiraopreto.com.br\/wp-content\/uploads\/2024\/02\/Design-sem-nome-2024-02-01T210741.276.webp.webp?fit=888%2C499&ssl=1&resize=700%2C400 2x"},"classes":[]},{"id":60947,"url":"https:\/\/noticiasribeiraopreto.com.br\/index.php\/2024\/11\/29\/familia-faz-buscas-por-jovem-desaparecida-ha-20-dias-na-regiao-de-ribeirao-preto\/","url_meta":{"origin":34897,"position":3},"title":"Fam\u00edlia faz buscas por jovem desaparecida h\u00e1 20 dias na regi\u00e3o de Ribeir\u00e3o Preto","author":"noticiasribeiraopreto.com.br","date":"29 de November de 2024","format":false,"excerpt":"Familiares de L\u00edvia Barbosa dos Santos, de 18 anos, desaparecida desde o \u00faltimo dia 9 de novembro, quando saiu de casa para trabalhar em um shopping de Ribeir\u00e3o Preto, est\u00e3o refazendo os caminhos por onde ela costuma passar e realizam at\u00e9 buscas em \u00e1reas de matas na regi\u00e3o \u00e0 procura\u2026","rel":"","context":"In &quot;Not\u00edcias de Ribeir\u00e3o Preto-SP e Regi\u00e3o&quot;","block_context":{"text":"Not\u00edcias de Ribeir\u00e3o Preto-SP e Regi\u00e3o","link":"https:\/\/noticiasribeiraopreto.com.br\/index.php\/category\/noticias-de-ribeirao-preto-sp-e-regiao-ismael-colosi\/"},"img":{"alt_text":"","src":"https:\/\/i0.wp.com\/noticiasribeiraopreto.com.br\/wp-content\/uploads\/2024\/11\/livia_2024-11-15_18-17-45_jpeg_2024-11-15_18-17-45.webp.webp?fit=1200%2C675&ssl=1&resize=350%2C200","width":350,"height":200,"srcset":"https:\/\/i0.wp.com\/noticiasribeiraopreto.com.br\/wp-content\/uploads\/2024\/11\/livia_2024-11-15_18-17-45_jpeg_2024-11-15_18-17-45.webp.webp?fit=1200%2C675&ssl=1&resize=350%2C200 1x, https:\/\/i0.wp.com\/noticiasribeiraopreto.com.br\/wp-content\/uploads\/2024\/11\/livia_2024-11-15_18-17-45_jpeg_2024-11-15_18-17-45.webp.webp?fit=1200%2C675&ssl=1&resize=525%2C300 1.5x, https:\/\/i0.wp.com\/noticiasribeiraopreto.com.br\/wp-content\/uploads\/2024\/11\/livia_2024-11-15_18-17-45_jpeg_2024-11-15_18-17-45.webp.webp?fit=1200%2C675&ssl=1&resize=700%2C400 2x, https:\/\/i0.wp.com\/noticiasribeiraopreto.com.br\/wp-content\/uploads\/2024\/11\/livia_2024-11-15_18-17-45_jpeg_2024-11-15_18-17-45.webp.webp?fit=1200%2C675&ssl=1&resize=1050%2C600 3x"},"classes":[]},{"id":60503,"url":"https:\/\/noticiasribeiraopreto.com.br\/index.php\/2024\/11\/15\/jovem-esta-desaparecida-ha-quase-uma-semana-apos-sair-para-trabalhar-em-ribeirao-preto\/","url_meta":{"origin":34897,"position":4},"title":"Jovem est\u00e1 desaparecida h\u00e1 quase uma semana ap\u00f3s sair para trabalhar em Ribeir\u00e3o Preto","author":"noticiasribeiraopreto.com.br","date":"15 de November de 2024","format":false,"excerpt":"Uma jovem de 18 anos est\u00e1 desaparecida h\u00e1 quase uma semana ap\u00f3s ter sa\u00eddo de casa para trabalhar em uma loja de shopping em Ribeir\u00e3o Preto. L\u00edvia Barbosa dos Santos mora em Jardin\u00f3polis e foi vista pela \u00faltima vez na manh\u00e3 do s\u00e1bado (9). De acordo com o B.O. (boletim\u2026","rel":"","context":"In &quot;Not\u00edcias de Ribeir\u00e3o Preto-SP e Regi\u00e3o&quot;","block_context":{"text":"Not\u00edcias de Ribeir\u00e3o Preto-SP e Regi\u00e3o","link":"https:\/\/noticiasribeiraopreto.com.br\/index.php\/category\/noticias-de-ribeirao-preto-sp-e-regiao-ismael-colosi\/"},"img":{"alt_text":"","src":"https:\/\/i0.wp.com\/noticiasribeiraopreto.com.br\/wp-content\/uploads\/2024\/11\/livia_2024-11-15_18-17-45_jpeg_2024-11-15_18-17-45.webp.webp?fit=1200%2C675&ssl=1&resize=350%2C200","width":350,"height":200,"srcset":"https:\/\/i0.wp.com\/noticiasribeiraopreto.com.br\/wp-content\/uploads\/2024\/11\/livia_2024-11-15_18-17-45_jpeg_2024-11-15_18-17-45.webp.webp?fit=1200%2C675&ssl=1&resize=350%2C200 1x, https:\/\/i0.wp.com\/noticiasribeiraopreto.com.br\/wp-content\/uploads\/2024\/11\/livia_2024-11-15_18-17-45_jpeg_2024-11-15_18-17-45.webp.webp?fit=1200%2C675&ssl=1&resize=525%2C300 1.5x, https:\/\/i0.wp.com\/noticiasribeiraopreto.com.br\/wp-content\/uploads\/2024\/11\/livia_2024-11-15_18-17-45_jpeg_2024-11-15_18-17-45.webp.webp?fit=1200%2C675&ssl=1&resize=700%2C400 2x, https:\/\/i0.wp.com\/noticiasribeiraopreto.com.br\/wp-content\/uploads\/2024\/11\/livia_2024-11-15_18-17-45_jpeg_2024-11-15_18-17-45.webp.webp?fit=1200%2C675&ssl=1&resize=1050%2C600 3x"},"classes":[]},{"id":60724,"url":"https:\/\/noticiasribeiraopreto.com.br\/index.php\/2024\/11\/23\/o-que-se-sabe-sobre-o-caso-da-jovem-que-desapareceu-apos-sair-para-trabalhar-em-ribeirao\/","url_meta":{"origin":34897,"position":5},"title":"O que se sabe sobre o caso da jovem que desapareceu ap\u00f3s sair para trabalhar em Ribeir\u00e3o","author":"noticiasribeiraopreto.com.br","date":"23 de November de 2024","format":false,"excerpt":"Ap\u00f3s duas semanas, familiares e amigos seguem pedindo ajuda para encontrar a jovem L\u00edvia Marques, de 18 anos, que est\u00e1 desaparecida desde o dia 9 de novembro de 2024, em Jardin\u00f3polis, na regi\u00e3o de Ribeir\u00e3o Preto. L\u00edvia, que trabalha como balconista em um shopping de Ribeir\u00e3o, desapareceu enquanto se dirigia\u2026","rel":"","context":"In &quot;Not\u00edcias de Ribeir\u00e3o Preto-SP e Regi\u00e3o&quot;","block_context":{"text":"Not\u00edcias de Ribeir\u00e3o Preto-SP e Regi\u00e3o","link":"https:\/\/noticiasribeiraopreto.com.br\/index.php\/category\/noticias-de-ribeirao-preto-sp-e-regiao-ismael-colosi\/"},"img":{"alt_text":"","src":"https:\/\/i0.wp.com\/noticiasribeiraopreto.com.br\/wp-content\/uploads\/2024\/11\/livia_2024-11-15_18-17-45_jpeg_2024-11-15_18-17-45.webp.webp?fit=1200%2C675&ssl=1&resize=350%2C200","width":350,"height":200,"srcset":"https:\/\/i0.wp.com\/noticiasribeiraopreto.com.br\/wp-content\/uploads\/2024\/11\/livia_2024-11-15_18-17-45_jpeg_2024-11-15_18-17-45.webp.webp?fit=1200%2C675&ssl=1&resize=350%2C200 1x, https:\/\/i0.wp.com\/noticiasribeiraopreto.com.br\/wp-content\/uploads\/2024\/11\/livia_2024-11-15_18-17-45_jpeg_2024-11-15_18-17-45.webp.webp?fit=1200%2C675&ssl=1&resize=525%2C300 1.5x, https:\/\/i0.wp.com\/noticiasribeiraopreto.com.br\/wp-content\/uploads\/2024\/11\/livia_2024-11-15_18-17-45_jpeg_2024-11-15_18-17-45.webp.webp?fit=1200%2C675&ssl=1&resize=700%2C400 2x, https:\/\/i0.wp.com\/noticiasribeiraopreto.com.br\/wp-content\/uploads\/2024\/11\/livia_2024-11-15_18-17-45_jpeg_2024-11-15_18-17-45.webp.webp?fit=1200%2C675&ssl=1&resize=1050%2C600 3x"},"classes":[]}],"jetpack_sharing_enabled":true,"jetpack_shortlink":"https:\/\/wp.me\/peQAOb-94R","_links":{"self":[{"href":"https:\/\/noticiasribeiraopreto.com.br\/index.php\/wp-json\/wp\/v2\/posts\/34897","targetHints":{"allow":["GET"]}}],"collection":[{"href":"https:\/\/noticiasribeiraopreto.com.br\/index.php\/wp-json\/wp\/v2\/posts"}],"about":[{"href":"https:\/\/noticiasribeiraopreto.com.br\/index.php\/wp-json\/wp\/v2\/types\/post"}],"author":[{"embeddable":true,"href":"https:\/\/noticiasribeiraopreto.com.br\/index.php\/wp-json\/wp\/v2\/users\/1"}],"replies":[{"embeddable":true,"href":"https:\/\/noticiasribeiraopreto.com.br\/index.php\/wp-json\/wp\/v2\/comments?post=34897"}],"version-history":[{"count":0,"href":"https:\/\/noticiasribeiraopreto.com.br\/index.php\/wp-json\/wp\/v2\/posts\/34897\/revisions"}],"wp:featuredmedia":[{"embeddable":true,"href":"https:\/\/noticiasribeiraopreto.com.br\/index.php\/wp-json\/wp\/v2\/media\/34898"}],"wp:attachment":[{"href":"https:\/\/noticiasribeiraopreto.com.br\/index.php\/wp-json\/wp\/v2\/media?parent=34897"}],"wp:term":[{"taxonomy":"category","embeddable":true,"href":"https:\/\/noticiasribeiraopreto.com.br\/index.php\/wp-json\/wp\/v2\/categories?post=34897"},{"taxonomy":"post_tag","embeddable":true,"href":"https:\/\/noticiasribeiraopreto.com.br\/index.php\/wp-json\/wp\/v2\/tags?post=34897"}],"curies":[{"name":"wp","href":"https:\/\/api.w.org\/{rel}","templated":true}]}}