{"id":34923,"date":"2024-02-04T13:22:11","date_gmt":"2024-02-04T16:22:11","guid":{"rendered":"https:\/\/noticiasribeiraopreto.com.br\/index.php\/2024\/02\/04\/372551-2\/"},"modified":"2024-02-04T13:22:11","modified_gmt":"2024-02-04T16:22:11","slug":"372551-2","status":"publish","type":"post","link":"https:\/\/noticiasribeiraopreto.com.br\/index.php\/2024\/02\/04\/372551-2\/","title":{"rendered":"S\u00e3o Paulo e Palmeiras decidem a Supercopa do Brasil"},"content":{"rendered":"<div class='code-block code-block-1' style='margin: 8px 0 8px auto; text-align: right; display: block; clear: both;'>\n<p><a href=\"https:\/\/wa.link\/vpicfd\"><img data-recalc-dims=\"1\" class=\"wp-image-4922\" style=\"aspect-ratio: 2.0253164556962027; width: 561px; height: auto;\" src=\"https:\/\/i0.wp.com\/ismaelcolosi.com.br\/wp-content\/uploads\/2023\/11\/grupo-de-empregos-whatsapp-e-facebook-ismael-colosi-vagas.jpg?ssl=1\" alt=\"\" \/><\/a><\/p>\n<!-- \/wp:image -->\n<\/div>\n<p> <br \/>\n<\/p>\n<div id=\"\">\n<p> <span class=\"entry-meta-item penci-posted-on\"><i class=\"fa fa-clock-o\"\/><time class=\"entry-date published\" datetime=\"2024-02-04T11:30:39-03:00\">4 de fevereiro de 2024 | 11:30<\/time><time class=\"updated\" datetime=\"2024-02-04T11:21:17-03:00\">4 de fevereiro de 2024 | 11:21<\/time><\/span><\/p>\n<p> <span class=\"penci-social-buttons penci-social-share-footer\"><a href=\"#\" class=\"penci-post-like penci_post-meta_item  single-like-button penci-social-item like\" data-post_id=\"372551\" title=\"Like\" data-like=\"Like\" data-unlike=\"Unlike\"><i class=\"fa fa-thumbs-o-up\"\/><span class=\"penci-share-number\">0<\/span><\/a><i class=\"fa fa-facebook\"\/><a class=\"penci-social-item twitter\" target=\"_blank\" rel=\"noopener\" title=\"\" href=\"https:\/\/twitter.com\/intent\/tweet?text=S\u00e3o%20Paulo%20e%20Palmeiras%20decidem%20a%20Supercopa%20do%20Brasil%20-%20https:\/\/www.tribunaribeirao.com.br\/site\/372551-2\/\"><i class=\"fa fa-twitter\"\/><\/a><i class=\"fa fa-whatsapp\"\/><\/span><\/div>\n<div>\n<p><span data-contrast=\"auto\">S\u00e3o Paulo e Palmeiras est\u00e3o prontos para decidir a Supercopa do Brasil. O confronto coloca frente a frente o campe\u00e3o do Brasileir\u00e3o e da Copa do Brasil, neste domingo (04), \u00e0s 16 horas. O duelo vai acontecer na cidade de Belo Horizonte, no est\u00e1dio do Mineir\u00e3o. <\/span><span data-ccp-props=\"{&quot;201341983&quot;:0,&quot;335551550&quot;:6,&quot;335551620&quot;:6,&quot;335559739&quot;:200,&quot;335559740&quot;:276}\">\u00a0<\/span><\/p>\n<p><span data-contrast=\"auto\">Ambos os times chegam para a partida com alguns problemas para resolver. O S\u00e3o Paulo n\u00e3o tem Lucas 100% e tem o desfalque de Rodrigo Nestor, que se recupera de uma cirurgia.\u00a0<\/span><span data-ccp-props=\"{&quot;201341983&quot;:0,&quot;335551550&quot;:6,&quot;335551620&quot;:6,&quot;335559739&quot;:200,&quot;335559740&quot;:276}\">\u00a0<\/span><\/p>\n<p><span data-contrast=\"auto\">O colombiano James Rodriguez \u00e9 outro que n\u00e3o deve participar do jogo. Considerado uma das estrelas do elenco, o jogador ainda n\u00e3o estreou na temporada e nem deve ser relacionado. Especulou-se que ele poderia aparecer na lista de Carpini, mas isso n\u00e3o deve acontecer.\u00a0<\/span><span data-ccp-props=\"{&quot;201341983&quot;:0,&quot;335551550&quot;:6,&quot;335551620&quot;:6,&quot;335559739&quot;:200,&quot;335559740&quot;:276}\">\u00a0<\/span><\/p>\n<p><span data-contrast=\"auto\">O lateral-direito Igor Vinicius tamb\u00e9m n\u00e3o tem condi\u00e7\u00f5es de jogo. Depois de ficar um ano inteiro sem jogar, ele retornou nesta temporada, mas est\u00e1 com dores musculares e n\u00e3o vai para a partida. Rafinha ser\u00e1 o titular.\u00a0<\/span><span data-ccp-props=\"{&quot;201341983&quot;:0,&quot;335551550&quot;:6,&quot;335551620&quot;:6,&quot;335559739&quot;:200,&quot;335559740&quot;:276}\">\u00a0<\/span><\/p>\n<p><span data-contrast=\"auto\">Com a sa\u00edda de Beraldo, negociado com o PSG, uma vaga na defesa do S\u00e3o Paulo foi aberta. Diego Costa \u00e9 quem vem tendo mais espa\u00e7o e ele deve jogar. Na lateral-esquerda, sem Caio Paulista, que pulou o muro e foi para o Palmeiras, Wellington ser\u00e1 titular.\u00a0<\/span><span data-ccp-props=\"{&quot;201341983&quot;:0,&quot;335551550&quot;:6,&quot;335551620&quot;:6,&quot;335559739&quot;:200,&quot;335559740&quot;:276}\">\u00a0<\/span><\/p>\n<p><span data-contrast=\"auto\">O S\u00e3o Paulo deve come\u00e7ar a partida com a seguinte escala\u00e7\u00e3o: Rafael; Rafinha, Diego Costa, Arboleda e Wellington; Pablo Maia, Alisson e Luciano; Rato, Lucas e Calleri.\u00a0<\/span><span data-ccp-props=\"{&quot;201341983&quot;:0,&quot;335551550&quot;:6,&quot;335551620&quot;:6,&quot;335559739&quot;:200,&quot;335559740&quot;:276}\">\u00a0<\/span><\/p>\n<p><b><span data-contrast=\"auto\">Palmeiras\u00a0<\/span><\/b><span data-ccp-props=\"{&quot;201341983&quot;:0,&quot;335551550&quot;:6,&quot;335551620&quot;:6,&quot;335559739&quot;:200,&quot;335559740&quot;:276}\">\u00a0<\/span><\/p>\n<p><span data-contrast=\"auto\">O Verd\u00e3o tamb\u00e9m tem problemas para montar seu time. Alguns desde o ano passado, como a aus\u00eancia de Dudu. Abel Ferreira tamb\u00e9m n\u00e3o tem \u00e0 disposi\u00e7\u00e3o um dos refor\u00e7os da temporada, o atacante Bruno Rodrigues, que sofreu uma les\u00e3o ligamentar e n\u00e3o deve jogar nesta temporada.\u00a0<\/span><span data-ccp-props=\"{&quot;201341983&quot;:0,&quot;335551550&quot;:6,&quot;335551620&quot;:6,&quot;335559739&quot;:200,&quot;335559740&quot;:276}\">\u00a0<\/span><\/p>\n<p><span data-contrast=\"auto\">O Palmeiras tamb\u00e9m n\u00e3o tem Endrick, que est\u00e1 com a sele\u00e7\u00e3o na disputa do Pr\u00e9-Ol\u00edmpico. Por esse motivo, Flaco L\u00f3pez deve ser o titular no confronto com o S\u00e3o Paulo.\u00a0<\/span><span data-ccp-props=\"{&quot;201341983&quot;:0,&quot;335551550&quot;:6,&quot;335551620&quot;:6,&quot;335559739&quot;:200,&quot;335559740&quot;:276}\">\u00a0<\/span><\/p>\n<p><span data-contrast=\"auto\">Na \u00faltima rodada, contra o Bragantino, Abel poupou os titulares e deu ind\u00edcios de como o seu time pode vir escalado no cl\u00e1ssico.\u00a0<\/span><span data-ccp-props=\"{&quot;201341983&quot;:0,&quot;335551550&quot;:6,&quot;335551620&quot;:6,&quot;335559739&quot;:200,&quot;335559740&quot;:276}\">\u00a0<\/span><\/p>\n<p><span data-contrast=\"auto\">O Palmeiras pode vir escalado da seguinte maneira: Weverton, Marcos Rocha, Murilo, Gustavo G\u00f3mez e Piquerez; Mayke, Z\u00e9 Rafael, Richard R\u00edos e Raphael Veiga; Rony e Flaco L\u00f3pez.<\/span><span data-ccp-props=\"{&quot;201341983&quot;:0,&quot;335551550&quot;:6,&quot;335551620&quot;:6,&quot;335559739&quot;:200,&quot;335559740&quot;:276}\">\u00a0<\/span><\/p>\n<p><b><span data-contrast=\"auto\">Novidades na arbitragem\u00a0<\/span><\/b><span data-ccp-props=\"{&quot;201341983&quot;:0,&quot;335551550&quot;:6,&quot;335551620&quot;:6,&quot;335559739&quot;:200,&quot;335559740&quot;:276}\">\u00a0<\/span><\/p>\n<p><span data-contrast=\"auto\">A CBF vai estrear na Supercopa Rei o recurso de an\u00fancio das decis\u00f5es revisadas pelo VAR. Ou seja, a arbitragem \u2013 conduzida pelo \u00e1rbitro Br\u00e1ulio da Silva Machado \u2013 se comunicar\u00e1 com o p\u00fablico do Mineir\u00e3o.\u00a0<\/span><span data-ccp-props=\"{&quot;201341983&quot;:0,&quot;335551550&quot;:6,&quot;335551620&quot;:6,&quot;335559739&quot;:200,&quot;335559740&quot;:276}\">\u00a0<\/span><\/p>\n<p><span data-contrast=\"auto\">A Comiss\u00e3o de Arbitragem da CBF fez treinamentos com os \u00e1rbitros brasileiros e esperava a aprova\u00e7\u00e3o da Fifa para utilizar o recurso.<\/span><span data-ccp-props=\"{&quot;201341983&quot;:0,&quot;335551550&quot;:6,&quot;335551620&quot;:6,&quot;335559739&quot;:200,&quot;335559740&quot;:276}\">\u00a0<\/span><\/p>\n<p><span data-contrast=\"auto\">A comunica\u00e7\u00e3o das decis\u00f5es chegou a ser testada recentemente no Mundial de Clubes da Fifa e tamb\u00e9m na Copa do Mundo Feminina de 2023. O plano da Comiss\u00e3o da CBF \u00e9 adotar a medida na S\u00e9rie A do Brasileiro e na Copa do Brasil.<\/span><span data-ccp-props=\"{&quot;201341983&quot;:0,&quot;335551550&quot;:6,&quot;335551620&quot;:6,&quot;335559739&quot;:200,&quot;335559740&quot;:276}\">\u00a0<\/span><\/p>\n<p>\u00a0<\/p>\n<\/div>\n<p><script async src=\"\/\/platform.twitter.com\/widgets.js\" charset=\"utf-8\"><\/script><br \/>\n<br \/><br \/>\n<br \/><a href=\"https:\/\/www.tribunaribeirao.com.br\/site\/372551-2\/\">Source link <\/a><\/p>\n<!-- CONTENT END 1 -->\n","protected":false},"excerpt":{"rendered":"<p>4 de fevereiro de 2024 | 11:304 de fevereiro de 2024 | 11:21 0 S\u00e3o Paulo e Palmeiras est\u00e3o prontos para decidir a Supercopa do&#8230;<\/p>\n","protected":false},"author":1,"featured_media":34924,"comment_status":"open","ping_status":"open","sticky":false,"template":"","format":"standard","meta":{"advanced_seo_description":"","jetpack_seo_html_title":"","jetpack_seo_noindex":false,"jetpack_post_was_ever_published":false,"_jetpack_newsletter_access":"","_jetpack_dont_email_post_to_subs":false,"_jetpack_newsletter_tier_id":0,"_jetpack_memberships_contains_paywalled_content":false,"_jetpack_memberships_contains_paid_content":false,"footnotes":"","jetpack_publicize_message":"","jetpack_publicize_feature_enabled":true,"jetpack_social_post_already_shared":true,"jetpack_social_options":{"image_generator_settings":{"template":"highway","default_image_id":0,"font":"","enabled":false},"version":2}},"categories":[11],"tags":[137,4060,459,161,50,3572],"class_list":["post-34923","post","type-post","status-publish","format-standard","has-post-thumbnail","hentry","category-noticias-de-ribeirao-preto-sp-e-regiao-ismael-colosi","tag-brasil","tag-decidem","tag-palmeiras","tag-paulo","tag-sao","tag-supercopa"],"jetpack_publicize_connections":[],"jetpack_featured_media_url":"https:\/\/i0.wp.com\/noticiasribeiraopreto.com.br\/wp-content\/uploads\/2024\/02\/Supercopa-scaled.jpg?fit=717%2C645&ssl=1","jetpack-related-posts":[{"id":31370,"url":"https:\/\/noticiasribeiraopreto.com.br\/index.php\/2024\/01\/22\/top-10-times-com-mais-titulos-no-brasil-em-competicoes-nacionais\/","url_meta":{"origin":34923,"position":0},"title":"Top 10 times com mais t\u00edtulos no Brasil em competi\u00e7\u00f5es nacionais","author":"noticiasribeiraopreto.com.br","date":"22 de January de 2024","format":false,"excerpt":"O top 10 times com mais t\u00edtulos no Brasil, inclui os clubes que se sagraram campe\u00f5es das competi\u00e7\u00f5es nacionais realizadas pela antiga CBD e posteriormente pela Confedera\u00e7\u00e3o Brasileira de Futebol(CBF). E nesta lista, n\u00f3s n\u00e3o inclu\u00edmos as divis\u00f5es inferiores como por exemplo a s\u00e9rie B do Brasileir\u00e3o. Como crit\u00e9rios de\u2026","rel":"","context":"In &quot;Blog&quot;","block_context":{"text":"Blog","link":"https:\/\/noticiasribeiraopreto.com.br\/index.php\/category\/blog\/"},"img":{"alt_text":"","src":"https:\/\/i0.wp.com\/noticiasribeiraopreto.com.br\/wp-content\/uploads\/2024\/01\/Times-com-mais-titulos-no-Brasil.jpg?fit=1200%2C780&ssl=1&resize=350%2C200","width":350,"height":200,"srcset":"https:\/\/i0.wp.com\/noticiasribeiraopreto.com.br\/wp-content\/uploads\/2024\/01\/Times-com-mais-titulos-no-Brasil.jpg?fit=1200%2C780&ssl=1&resize=350%2C200 1x, https:\/\/i0.wp.com\/noticiasribeiraopreto.com.br\/wp-content\/uploads\/2024\/01\/Times-com-mais-titulos-no-Brasil.jpg?fit=1200%2C780&ssl=1&resize=525%2C300 1.5x, https:\/\/i0.wp.com\/noticiasribeiraopreto.com.br\/wp-content\/uploads\/2024\/01\/Times-com-mais-titulos-no-Brasil.jpg?fit=1200%2C780&ssl=1&resize=700%2C400 2x, https:\/\/i0.wp.com\/noticiasribeiraopreto.com.br\/wp-content\/uploads\/2024\/01\/Times-com-mais-titulos-no-Brasil.jpg?fit=1200%2C780&ssl=1&resize=1050%2C600 3x"},"classes":[]},{"id":71095,"url":"https:\/\/noticiasribeiraopreto.com.br\/index.php\/2025\/06\/02\/libertadores-tem-confrontos-das-oitavas-definidos\/","url_meta":{"origin":34923,"position":1},"title":"Libertadores tem confrontos das oitavas definidos","author":"noticiasribeiraopreto.com.br","date":"2 de June de 2025","format":false,"excerpt":"Dupla paulista fica na mesma \u2018chave\u2019; Inter e Flamengo fazem duelo brasileiro 2 de junho de 2025 15:463 Compartilhar0 Os confrontos das oitavas de final da Copa Libertadores foram definidos nesta segunda-feira (2), na sede da entidade em Luque, no Paraguai. Os destaques foram a dupla S\u00e3o Paulo e Palmeiras,\u2026","rel":"","context":"In &quot;Not\u00edcias de Ribeir\u00e3o Preto-SP e Regi\u00e3o&quot;","block_context":{"text":"Not\u00edcias de Ribeir\u00e3o Preto-SP e Regi\u00e3o","link":"https:\/\/noticiasribeiraopreto.com.br\/index.php\/category\/noticias-de-ribeirao-preto-sp-e-regiao-ismael-colosi\/"},"img":{"alt_text":"","src":"https:\/\/i0.wp.com\/noticiasribeiraopreto.com.br\/wp-content\/uploads\/2025\/06\/WhatsApp-Image-2025-06-02-at-15.45.25.jpeg?fit=984%2C669&ssl=1&resize=350%2C200","width":350,"height":200,"srcset":"https:\/\/i0.wp.com\/noticiasribeiraopreto.com.br\/wp-content\/uploads\/2025\/06\/WhatsApp-Image-2025-06-02-at-15.45.25.jpeg?fit=984%2C669&ssl=1&resize=350%2C200 1x, https:\/\/i0.wp.com\/noticiasribeiraopreto.com.br\/wp-content\/uploads\/2025\/06\/WhatsApp-Image-2025-06-02-at-15.45.25.jpeg?fit=984%2C669&ssl=1&resize=525%2C300 1.5x, https:\/\/i0.wp.com\/noticiasribeiraopreto.com.br\/wp-content\/uploads\/2025\/06\/WhatsApp-Image-2025-06-02-at-15.45.25.jpeg?fit=984%2C669&ssl=1&resize=700%2C400 2x"},"classes":[]},{"id":81150,"url":"https:\/\/noticiasribeiraopreto.com.br\/index.php\/2025\/12\/25\/corinthians-ultrapassa-palmeiras-e-sao-paulo-e-assume-2a-lugar-do-ranking-da-cbf\/","url_meta":{"origin":34923,"position":2},"title":"Corinthians ultrapassa Palmeiras e S\u00e3o Paulo e assume 2\u00aa lugar do ranking da CBF","author":"noticiasribeiraopreto.com.br","date":"25 de December de 2025","format":false,"excerpt":"\r \r \r 25 de dezembro de 2025 07:3024 de dezembro de 2025 11:02 \r Compartilhar0 A Confedera\u00e7\u00e3o Brasileira de Futebol (CBF) divulgou nesta quarta-feira a atualiza\u00e7\u00e3o do seu ranking nacional de clubes, que \u00e9 utilizado para defini\u00e7\u00e3o de potes nos sorteios referentes \u00e0 Copa do Brasil. O Flamengo sustentou\u2026","rel":"","context":"In &quot;Not\u00edcias de Ribeir\u00e3o Preto-SP e Regi\u00e3o&quot;","block_context":{"text":"Not\u00edcias de Ribeir\u00e3o Preto-SP e Regi\u00e3o","link":"https:\/\/noticiasribeiraopreto.com.br\/index.php\/category\/noticias-de-ribeirao-preto-sp-e-regiao-ismael-colosi\/"},"img":{"alt_text":"","src":"https:\/\/i0.wp.com\/noticiasribeiraopreto.com.br\/wp-content\/uploads\/2025\/12\/jogadores_do_corinthians_celebram_a_conquista_da_koec.jpg?fit=941%2C748&ssl=1&resize=350%2C200","width":350,"height":200,"srcset":"https:\/\/i0.wp.com\/noticiasribeiraopreto.com.br\/wp-content\/uploads\/2025\/12\/jogadores_do_corinthians_celebram_a_conquista_da_koec.jpg?fit=941%2C748&ssl=1&resize=350%2C200 1x, https:\/\/i0.wp.com\/noticiasribeiraopreto.com.br\/wp-content\/uploads\/2025\/12\/jogadores_do_corinthians_celebram_a_conquista_da_koec.jpg?fit=941%2C748&ssl=1&resize=525%2C300 1.5x, https:\/\/i0.wp.com\/noticiasribeiraopreto.com.br\/wp-content\/uploads\/2025\/12\/jogadores_do_corinthians_celebram_a_conquista_da_koec.jpg?fit=941%2C748&ssl=1&resize=700%2C400 2x"},"classes":[]},{"id":82820,"url":"https:\/\/noticiasribeiraopreto.com.br\/index.php\/2026\/02\/28\/corinthians-visita-novorizontino-pela-semifinal-do-paulistao\/","url_meta":{"origin":34923,"position":3},"title":"Corinthians visita Novorizontino pela semifinal do Paulist\u00e3o","author":"noticiasribeiraopreto.com.br","date":"28 de February de 2026","format":false,"excerpt":"\r \r \r 28 de fevereiro de 2026 09:0428 de fevereiro de 2026 02:17 \r Compartilhar0 Por Hugo Luque O Corinthians encara o Novorizontino neste s\u00e1bado (28), \u00e0s 20h30, pela semifinal do Campeonato Paulista. O vencedor do confronto, que ser\u00e1 realizado no Est\u00e1dio Doutor Jorge Ismael de Biasi, o Jorj\u00e3o,\u2026","rel":"","context":"In &quot;Not\u00edcias de Ribeir\u00e3o Preto-SP e Regi\u00e3o&quot;","block_context":{"text":"Not\u00edcias de Ribeir\u00e3o Preto-SP e Regi\u00e3o","link":"https:\/\/noticiasribeiraopreto.com.br\/index.php\/category\/noticias-de-ribeirao-preto-sp-e-regiao-ismael-colosi\/"},"img":{"alt_text":"","src":"https:\/\/i0.wp.com\/noticiasribeiraopreto.com.br\/wp-content\/uploads\/2026\/02\/1-Corinthians-x-Novorizontino-2025-Divulgacao_Novorizontino.jpg?fit=799%2C533&ssl=1&resize=350%2C200","width":350,"height":200,"srcset":"https:\/\/i0.wp.com\/noticiasribeiraopreto.com.br\/wp-content\/uploads\/2026\/02\/1-Corinthians-x-Novorizontino-2025-Divulgacao_Novorizontino.jpg?fit=799%2C533&ssl=1&resize=350%2C200 1x, https:\/\/i0.wp.com\/noticiasribeiraopreto.com.br\/wp-content\/uploads\/2026\/02\/1-Corinthians-x-Novorizontino-2025-Divulgacao_Novorizontino.jpg?fit=799%2C533&ssl=1&resize=525%2C300 1.5x, https:\/\/i0.wp.com\/noticiasribeiraopreto.com.br\/wp-content\/uploads\/2026\/02\/1-Corinthians-x-Novorizontino-2025-Divulgacao_Novorizontino.jpg?fit=799%2C533&ssl=1&resize=700%2C400 2x"},"classes":[]},{"id":48448,"url":"https:\/\/noticiasribeiraopreto.com.br\/index.php\/2024\/05\/02\/palmeiras-marca-no-ultimo-lance-e-sai-na-frente-do-botafogo-pela-copa-do-brasil\/","url_meta":{"origin":34923,"position":4},"title":"Palmeiras marca no \u00faltimo lance e sai na frente do Botafogo pela Copa do Brasil","author":"noticiasribeiraopreto.com.br","date":"2 de May de 2024","format":false,"excerpt":"O Palmeiras derrotou o Botafogo por 2 a 1 na noite desta quinta-feira (2), em partida v\u00e1lida pela terceira fase da Copa do Brasil. As equipes se enfrentaram no Allianz Parque, em S\u00e3o Paulo, no jogo de ida do confronto. No primeiro tempo, a equipe de Ribeir\u00e3o Preto desperdi\u00e7ou duas\u2026","rel":"","context":"In &quot;Not\u00edcias de Ribeir\u00e3o Preto-SP e Regi\u00e3o&quot;","block_context":{"text":"Not\u00edcias de Ribeir\u00e3o Preto-SP e Regi\u00e3o","link":"https:\/\/noticiasribeiraopreto.com.br\/index.php\/category\/noticias-de-ribeirao-preto-sp-e-regiao-ismael-colosi\/"},"img":{"alt_text":"","src":"https:\/\/i0.wp.com\/noticiasribeiraopreto.com.br\/wp-content\/uploads\/2024\/05\/palmeiras-botafogo_2024-05-03_01-55-36_jpg_2024-05-03_01-55-36.webp.webp?fit=1200%2C675&ssl=1&resize=350%2C200","width":350,"height":200,"srcset":"https:\/\/i0.wp.com\/noticiasribeiraopreto.com.br\/wp-content\/uploads\/2024\/05\/palmeiras-botafogo_2024-05-03_01-55-36_jpg_2024-05-03_01-55-36.webp.webp?fit=1200%2C675&ssl=1&resize=350%2C200 1x, https:\/\/i0.wp.com\/noticiasribeiraopreto.com.br\/wp-content\/uploads\/2024\/05\/palmeiras-botafogo_2024-05-03_01-55-36_jpg_2024-05-03_01-55-36.webp.webp?fit=1200%2C675&ssl=1&resize=525%2C300 1.5x, https:\/\/i0.wp.com\/noticiasribeiraopreto.com.br\/wp-content\/uploads\/2024\/05\/palmeiras-botafogo_2024-05-03_01-55-36_jpg_2024-05-03_01-55-36.webp.webp?fit=1200%2C675&ssl=1&resize=700%2C400 2x, https:\/\/i0.wp.com\/noticiasribeiraopreto.com.br\/wp-content\/uploads\/2024\/05\/palmeiras-botafogo_2024-05-03_01-55-36_jpg_2024-05-03_01-55-36.webp.webp?fit=1200%2C675&ssl=1&resize=1050%2C600 3x"},"classes":[]},{"id":65465,"url":"https:\/\/noticiasribeiraopreto.com.br\/index.php\/2025\/03\/20\/aguardando-revanche-diz-morador-de-ribeirao-que-levou-caneta-de-mascote-do-palmeiras\/","url_meta":{"origin":34923,"position":5},"title":"\u2018Aguardando revanche\u2019, diz morador de Ribeir\u00e3o que levou caneta de mascote do Palmeiras","author":"noticiasribeiraopreto.com.br","date":"20 de March de 2025","format":false,"excerpt":"O v\u00eddeo do torcedor do Palmeiras que levou uma caneta do mascote do clube em uma a\u00e7\u00e3o no Allianz Parque, em S\u00e3o Paulo, viralizou nas redes sociais nos \u00faltimos dias. A \u201cv\u00edtima\u201d do Periquito \u00e9 o recreador Rodrigo Santos, conhecido como Cabelinho, que \u00e9 de Ribeir\u00e3o Preto. A repercuss\u00e3o foi\u2026","rel":"","context":"In &quot;Not\u00edcias de Ribeir\u00e3o Preto-SP e Regi\u00e3o&quot;","block_context":{"text":"Not\u00edcias de Ribeir\u00e3o Preto-SP e Regi\u00e3o","link":"https:\/\/noticiasribeiraopreto.com.br\/index.php\/category\/noticias-de-ribeirao-preto-sp-e-regiao-ismael-colosi\/"},"img":{"alt_text":"","src":"https:\/\/i0.wp.com\/noticiasribeiraopreto.com.br\/wp-content\/uploads\/2025\/03\/caneta-periquito_2025-03-20_17-08-30_jpg_2025-03-20_17-08-30.webp.webp?fit=1000%2C727&ssl=1&resize=350%2C200","width":350,"height":200,"srcset":"https:\/\/i0.wp.com\/noticiasribeiraopreto.com.br\/wp-content\/uploads\/2025\/03\/caneta-periquito_2025-03-20_17-08-30_jpg_2025-03-20_17-08-30.webp.webp?fit=1000%2C727&ssl=1&resize=350%2C200 1x, https:\/\/i0.wp.com\/noticiasribeiraopreto.com.br\/wp-content\/uploads\/2025\/03\/caneta-periquito_2025-03-20_17-08-30_jpg_2025-03-20_17-08-30.webp.webp?fit=1000%2C727&ssl=1&resize=525%2C300 1.5x, https:\/\/i0.wp.com\/noticiasribeiraopreto.com.br\/wp-content\/uploads\/2025\/03\/caneta-periquito_2025-03-20_17-08-30_jpg_2025-03-20_17-08-30.webp.webp?fit=1000%2C727&ssl=1&resize=700%2C400 2x"},"classes":[]}],"jetpack_sharing_enabled":true,"jetpack_shortlink":"https:\/\/wp.me\/peQAOb-95h","_links":{"self":[{"href":"https:\/\/noticiasribeiraopreto.com.br\/index.php\/wp-json\/wp\/v2\/posts\/34923","targetHints":{"allow":["GET"]}}],"collection":[{"href":"https:\/\/noticiasribeiraopreto.com.br\/index.php\/wp-json\/wp\/v2\/posts"}],"about":[{"href":"https:\/\/noticiasribeiraopreto.com.br\/index.php\/wp-json\/wp\/v2\/types\/post"}],"author":[{"embeddable":true,"href":"https:\/\/noticiasribeiraopreto.com.br\/index.php\/wp-json\/wp\/v2\/users\/1"}],"replies":[{"embeddable":true,"href":"https:\/\/noticiasribeiraopreto.com.br\/index.php\/wp-json\/wp\/v2\/comments?post=34923"}],"version-history":[{"count":0,"href":"https:\/\/noticiasribeiraopreto.com.br\/index.php\/wp-json\/wp\/v2\/posts\/34923\/revisions"}],"wp:featuredmedia":[{"embeddable":true,"href":"https:\/\/noticiasribeiraopreto.com.br\/index.php\/wp-json\/wp\/v2\/media\/34924"}],"wp:attachment":[{"href":"https:\/\/noticiasribeiraopreto.com.br\/index.php\/wp-json\/wp\/v2\/media?parent=34923"}],"wp:term":[{"taxonomy":"category","embeddable":true,"href":"https:\/\/noticiasribeiraopreto.com.br\/index.php\/wp-json\/wp\/v2\/categories?post=34923"},{"taxonomy":"post_tag","embeddable":true,"href":"https:\/\/noticiasribeiraopreto.com.br\/index.php\/wp-json\/wp\/v2\/tags?post=34923"}],"curies":[{"name":"wp","href":"https:\/\/api.w.org\/{rel}","templated":true}]}}