{"id":34927,"date":"2024-02-04T13:29:33","date_gmt":"2024-02-04T16:29:33","guid":{"rendered":"https:\/\/noticiasribeiraopreto.com.br\/index.php\/2024\/02\/04\/usp-oferece-oficinas-gratuitas-de-canto-e-instrumentos-musicais-em-ribeirao-preto\/"},"modified":"2024-02-04T13:29:33","modified_gmt":"2024-02-04T16:29:33","slug":"usp-oferece-oficinas-gratuitas-de-canto-e-instrumentos-musicais-em-ribeirao-preto","status":"publish","type":"post","link":"https:\/\/noticiasribeiraopreto.com.br\/index.php\/2024\/02\/04\/usp-oferece-oficinas-gratuitas-de-canto-e-instrumentos-musicais-em-ribeirao-preto\/","title":{"rendered":"USP oferece oficinas gratuitas de canto e instrumentos musicais em Ribeir\u00e3o Preto"},"content":{"rendered":"<div class='code-block code-block-1' style='margin: 8px 0 8px auto; text-align: right; display: block; clear: both;'>\n<p><a href=\"https:\/\/wa.link\/vpicfd\"><img data-recalc-dims=\"1\" class=\"wp-image-4922\" style=\"aspect-ratio: 2.0253164556962027; width: 561px; height: auto;\" src=\"https:\/\/i0.wp.com\/ismaelcolosi.com.br\/wp-content\/uploads\/2023\/11\/grupo-de-empregos-whatsapp-e-facebook-ismael-colosi-vagas.jpg?ssl=1\" alt=\"\" \/><\/a><\/p>\n<!-- \/wp:image -->\n<\/div>\n<p> <br \/>\n<\/p>\n<div>\n<p>O <strong>Departamento de M\u00fasica<\/strong> da <strong>Faculdade de Filosofia, Ci\u00eancias e Letras de Ribeir\u00e3o Preto (FFCLRP)<\/strong> da <strong>USP (Universidade de S\u00e3o Paulo)<\/strong>, est\u00e1 com inscri\u00e7\u00f5es abertas para <strong>oficinas gratuitas<\/strong> de canto e instrumentos musicais.<\/p>\n<p>Os interessados devem se inscrever de forma on-line (<a href=\"https:\/\/www.ffclrp.usp.br\/noticias\/integra.php?id=4958\" target=\"_blank\" rel=\"noreferrer noopener\">clique aqui<\/a>), <strong>at\u00e9 \u00e0s 16h do dia 16 de fevereiro<\/strong>. <mark style=\"background-color:#fcb900\" class=\"has-inline-color\">As oficinas s\u00e3o abertas a toda comunidade interna e externa \u00e0 <strong>USP<\/strong>, a partir de 6 anos.<\/mark><\/p>\n<p>A iniciativa busca promover o desenvolvimento e aprimoramento das habilidades musicais da comunidade local.<\/p>\n<h4 class=\"wp-block-heading\"><strong>Quais s\u00e3o as oficinas dispon\u00edveis?<\/strong><\/h4>\n<p>De acordo com a <strong>FFCLRP-USP<\/strong>, h\u00e1 vagas para oficinas de flauta transversal, percuss\u00e3o, piano, viola brasileira\/caipira, viol\u00e3o, violoncelo e para participa\u00e7\u00e3o no Coral da Fil\u00f4.<\/p>\n<p>As atividades acontecem do <strong>dia 4 de mar\u00e7o a 21 de junho<\/strong>, e ser\u00e3o ministradas nas depend\u00eancias do <strong>Departamento de M\u00fasica<\/strong>, no campus <strong>USP<\/strong> em <strong>Ribeir\u00e3o Preto<\/strong>.<\/p>\n<p>As turmas de aulas s\u00e3o divididas em grupos \u2013 direcionadas para iniciantes, e em aulas individuais \u2013 que ser\u00e3o adaptadas de acordo com o n\u00edvel de cada aluno.<strong> Os hor\u00e1rios e as turmas est\u00e3o dispon\u00edveis na<a href=\"https:\/\/www.ffclrp.usp.br\/noticias\/integra.php?id=4958\" target=\"_blank\" rel=\"noreferrer noopener\"> p\u00e1gina de inscri\u00e7\u00e3o<\/a>.<\/strong><\/p>\n<h4 class=\"wp-block-heading\"><strong>Posso participar de v\u00e1rias oficinas?<\/strong><\/h4>\n<p>Os interessados podem se inscrever em mais de uma oficina, contudo, a participa\u00e7\u00e3o em mais de uma est\u00e1 condicionada \u00e0 <strong>disponibilidade de vagas remanescentes<\/strong>, portanto, devem se inscrever por ordem de prioridade.<\/p>\n<p>Vale ressaltar que, dentro de uma mesma oficina o candidato poder\u00e1 selecionar diversas turmas, por\u00e9m, ser\u00e1 chamado apenas para uma delas, para a qual houver vaga dispon\u00edvel.<\/p>\n<p>SAIBA MAIS<\/p>\n<p>Bloco Calif\u00f3rnia agita Ribeir\u00e3o e re\u00fane 15 mil foli\u00f5es; Veja fotos<\/p>\n<p>Fique ligado em tudo que acontece em Ribeir\u00e3o Preto e regi\u00e3o. Siga os perfis do\u00a0<strong>acidade on<\/strong>\u00a0no\u00a0<a href=\"https:\/\/www.instagram.com\/acidadeonribeirao\" target=\"_blank\" rel=\"noreferrer noopener\">Instagram<\/a>\u00a0e no\u00a0<a href=\"https:\/\/www.facebook.com\/acidadeonribeirao\" target=\"_blank\" rel=\"noreferrer noopener\">Facebook<\/a>.<\/p>\n<p>Receba not\u00edcias do\u00a0<strong>acidade on\u00a0<\/strong>no WhatsApp.\u00a0<a href=\"https:\/\/chat.whatsapp.com\/Bnv2w66ZT4VDyZW3oiZ69n\" target=\"_blank\" rel=\"noreferrer noopener\">Para entrar no grupo, basta clicar aqui.<\/a><\/p>\n<p>Fa\u00e7a uma den\u00fancia ou sugira uma reportagem sobre Ribeir\u00e3o Preto e regi\u00e3o pelo WhatsApp: 16 99117 7802.<\/p>\n<p>VEJA TAMB\u00c9M<\/p>\n<p>Qual o regime de casamento para maiores de 70 anos?<\/p>\n<p><!-- AI CONTENT END 1 -->\n<\/div>\n<p><script async src=\"\/\/www.instagram.com\/embed.js\"><\/script><br \/>\n<br \/><br \/>\n<br \/><a href=\"https:\/\/www.acidadeon.com\/ribeiraopreto\/cotidiano\/usp-oferece-oficinas-gratuitas-de-canto-e-instrumentos-musicais-em-ribeirao-preto\/\">Source link <\/a><\/p>\n<!-- CONTENT END 1 -->\n","protected":false},"excerpt":{"rendered":"<p>O Departamento de M\u00fasica da Faculdade de Filosofia, Ci\u00eancias e Letras de Ribeir\u00e3o Preto (FFCLRP) da USP (Universidade de S\u00e3o Paulo), est\u00e1 com inscri\u00e7\u00f5es abertas&#8230;<\/p>\n","protected":false},"author":1,"featured_media":34928,"comment_status":"open","ping_status":"open","sticky":false,"template":"","format":"standard","meta":{"advanced_seo_description":"","jetpack_seo_html_title":"","jetpack_seo_noindex":false,"jetpack_post_was_ever_published":false,"_jetpack_newsletter_access":"","_jetpack_dont_email_post_to_subs":false,"_jetpack_newsletter_tier_id":0,"_jetpack_memberships_contains_paywalled_content":false,"_jetpack_memberships_contains_paid_content":false,"footnotes":"","jetpack_publicize_message":"","jetpack_publicize_feature_enabled":true,"jetpack_social_post_already_shared":true,"jetpack_social_options":{"image_generator_settings":{"template":"highway","default_image_id":0,"font":"","enabled":false},"version":2}},"categories":[11],"tags":[],"class_list":["post-34927","post","type-post","status-publish","format-standard","has-post-thumbnail","hentry","category-noticias-de-ribeirao-preto-sp-e-regiao-ismael-colosi"],"jetpack_publicize_connections":[],"jetpack_featured_media_url":"https:\/\/i0.wp.com\/noticiasribeiraopreto.com.br\/wp-content\/uploads\/2024\/02\/piano-1655558_1920.jpg?fit=1920%2C1280&ssl=1","jetpack-related-posts":[{"id":63003,"url":"https:\/\/noticiasribeiraopreto.com.br\/index.php\/2025\/01\/30\/usp-ribeirao-oferece-oficinas-gratuitas-de-canto-e-instrumentos-musicais\/","url_meta":{"origin":34927,"position":0},"title":"USP Ribeir\u00e3o oferece oficinas gratuitas de canto e instrumentos musicais","author":"noticiasribeiraopreto.com.br","date":"30 de January de 2025","format":false,"excerpt":"O\u00a0Departamento de M\u00fasica\u00a0da\u00a0Faculdade de Filosofia, Ci\u00eancias e Letras de Ribeir\u00e3o Preto (FFCLRP)\u00a0da\u00a0USP (Universidade de S\u00e3o Paulo), oferece\u00a0oficinas gratuitas\u00a0de canto e instrumentos musicais. As inscri\u00e7\u00f5es come\u00e7am na pr\u00f3xima segunda-feira (3) e seguem at\u00e9 o dia 12 de fevereiro. Os interessados devem se inscrever de forma on-line (clique aqui).\u00a0 As oficinas s\u00e3o\u2026","rel":"","context":"In &quot;Not\u00edcias de Ribeir\u00e3o Preto-SP e Regi\u00e3o&quot;","block_context":{"text":"Not\u00edcias de Ribeir\u00e3o Preto-SP e Regi\u00e3o","link":"https:\/\/noticiasribeiraopreto.com.br\/index.php\/category\/noticias-de-ribeirao-preto-sp-e-regiao-ismael-colosi\/"},"img":{"alt_text":"","src":"https:\/\/i0.wp.com\/noticiasribeiraopreto.com.br\/wp-content\/uploads\/2025\/01\/violin-standing-sheet-music_2025-01-30_18-26-46_jpg_2025-01-30_18-26-48-scaled.webp.webp?fit=1200%2C800&ssl=1&resize=350%2C200","width":350,"height":200,"srcset":"https:\/\/i0.wp.com\/noticiasribeiraopreto.com.br\/wp-content\/uploads\/2025\/01\/violin-standing-sheet-music_2025-01-30_18-26-46_jpg_2025-01-30_18-26-48-scaled.webp.webp?fit=1200%2C800&ssl=1&resize=350%2C200 1x, https:\/\/i0.wp.com\/noticiasribeiraopreto.com.br\/wp-content\/uploads\/2025\/01\/violin-standing-sheet-music_2025-01-30_18-26-46_jpg_2025-01-30_18-26-48-scaled.webp.webp?fit=1200%2C800&ssl=1&resize=525%2C300 1.5x, https:\/\/i0.wp.com\/noticiasribeiraopreto.com.br\/wp-content\/uploads\/2025\/01\/violin-standing-sheet-music_2025-01-30_18-26-46_jpg_2025-01-30_18-26-48-scaled.webp.webp?fit=1200%2C800&ssl=1&resize=700%2C400 2x, https:\/\/i0.wp.com\/noticiasribeiraopreto.com.br\/wp-content\/uploads\/2025\/01\/violin-standing-sheet-music_2025-01-30_18-26-46_jpg_2025-01-30_18-26-48-scaled.webp.webp?fit=1200%2C800&ssl=1&resize=1050%2C600 3x"},"classes":[]},{"id":74551,"url":"https:\/\/noticiasribeiraopreto.com.br\/index.php\/2025\/07\/24\/oficinas-de-musica-em-ribeirao-preto-oferecem-aulas-gratuitas-de-instrumentos-e-canto-coral\/","url_meta":{"origin":34927,"position":1},"title":"Oficinas de m\u00fasica em Ribeir\u00e3o Preto oferecem aulas gratuitas de instrumentos e canto coral","author":"noticiasribeiraopreto.com.br","date":"24 de July de 2025","format":false,"excerpt":"Moradores de Ribeir\u00e3o Preto podem se inscrever, at\u00e9 as 16h do dia 30 de julho, nas oficinas gratuitas de m\u00fasica promovidas pelo Departamento de M\u00fasica da Faculdade de Filosofia, Ci\u00eancias e Letras da Universidade de S\u00e3o Paulo (USP). As aulas come\u00e7am em 11 de agosto e seguem at\u00e9 5 de\u2026","rel":"","context":"In &quot;Not\u00edcias de Ribeir\u00e3o Preto-SP e Regi\u00e3o&quot;","block_context":{"text":"Not\u00edcias de Ribeir\u00e3o Preto-SP e Regi\u00e3o","link":"https:\/\/noticiasribeiraopreto.com.br\/index.php\/category\/noticias-de-ribeirao-preto-sp-e-regiao-ismael-colosi\/"},"img":{"alt_text":"","src":"https:\/\/i0.wp.com\/noticiasribeiraopreto.com.br\/wp-content\/uploads\/2025\/07\/violin-standing-sheet-music_2025-01-30_18-26-46_jpg_2025-01-30_18-26-48-1024x683.webp.webp?fit=1024%2C683&ssl=1&resize=350%2C200","width":350,"height":200,"srcset":"https:\/\/i0.wp.com\/noticiasribeiraopreto.com.br\/wp-content\/uploads\/2025\/07\/violin-standing-sheet-music_2025-01-30_18-26-46_jpg_2025-01-30_18-26-48-1024x683.webp.webp?fit=1024%2C683&ssl=1&resize=350%2C200 1x, https:\/\/i0.wp.com\/noticiasribeiraopreto.com.br\/wp-content\/uploads\/2025\/07\/violin-standing-sheet-music_2025-01-30_18-26-46_jpg_2025-01-30_18-26-48-1024x683.webp.webp?fit=1024%2C683&ssl=1&resize=525%2C300 1.5x, https:\/\/i0.wp.com\/noticiasribeiraopreto.com.br\/wp-content\/uploads\/2025\/07\/violin-standing-sheet-music_2025-01-30_18-26-46_jpg_2025-01-30_18-26-48-1024x683.webp.webp?fit=1024%2C683&ssl=1&resize=700%2C400 2x"},"classes":[]},{"id":74578,"url":"https:\/\/noticiasribeiraopreto.com.br\/index.php\/2025\/07\/24\/oficinas-de-musica-em-ribeirao-preto-oferecem-aulas-gratuitas-de-instrumentos-e-canto-coral-2\/","url_meta":{"origin":34927,"position":2},"title":"Oficinas de m\u00fasica em Ribeir\u00e3o Preto oferecem aulas gratuitas de instrumentos e canto coral","author":"noticiasribeiraopreto.com.br","date":"24 de July de 2025","format":false,"excerpt":"Moradores de Ribeir\u00e3o Preto podem se inscrever, at\u00e9 as 16h do dia 30 de julho, nas oficinas gratuitas de m\u00fasica promovidas pelo Departamento de M\u00fasica da Faculdade de Filosofia, Ci\u00eancias e Letras da Universidade de S\u00e3o Paulo (USP). As aulas come\u00e7am em 11 de agosto e seguem at\u00e9 5 de\u2026","rel":"","context":"In &quot;Not\u00edcias de Ribeir\u00e3o Preto-SP e Regi\u00e3o&quot;","block_context":{"text":"Not\u00edcias de Ribeir\u00e3o Preto-SP e Regi\u00e3o","link":"https:\/\/noticiasribeiraopreto.com.br\/index.php\/category\/noticias-de-ribeirao-preto-sp-e-regiao-ismael-colosi\/"},"img":{"alt_text":"","src":"https:\/\/i0.wp.com\/noticiasribeiraopreto.com.br\/wp-content\/uploads\/2025\/07\/violin-standing-sheet-music_2025-01-30_18-26-46_jpg_2025-01-30_18-26-48-1024x683.webp.webp?fit=1024%2C683&ssl=1&resize=350%2C200","width":350,"height":200,"srcset":"https:\/\/i0.wp.com\/noticiasribeiraopreto.com.br\/wp-content\/uploads\/2025\/07\/violin-standing-sheet-music_2025-01-30_18-26-46_jpg_2025-01-30_18-26-48-1024x683.webp.webp?fit=1024%2C683&ssl=1&resize=350%2C200 1x, https:\/\/i0.wp.com\/noticiasribeiraopreto.com.br\/wp-content\/uploads\/2025\/07\/violin-standing-sheet-music_2025-01-30_18-26-46_jpg_2025-01-30_18-26-48-1024x683.webp.webp?fit=1024%2C683&ssl=1&resize=525%2C300 1.5x, https:\/\/i0.wp.com\/noticiasribeiraopreto.com.br\/wp-content\/uploads\/2025\/07\/violin-standing-sheet-music_2025-01-30_18-26-46_jpg_2025-01-30_18-26-48-1024x683.webp.webp?fit=1024%2C683&ssl=1&resize=700%2C400 2x"},"classes":[]},{"id":69385,"url":"https:\/\/noticiasribeiraopreto.com.br\/index.php\/2025\/05\/05\/usp-ribeirao-oferece-nova-edicao-de-oficina-para-plantio-de-ervas-medicinais\/","url_meta":{"origin":34927,"position":3},"title":"USP Ribeir\u00e3o oferece nova edi\u00e7\u00e3o de oficina para plantio de ervas medicinais","author":"noticiasribeiraopreto.com.br","date":"5 de May de 2025","format":false,"excerpt":"Est\u00e3o abertas as inscri\u00e7\u00f5es para a terceira edi\u00e7\u00e3o da oficina \u201cCorpo-Terra: construindo com m\u00e3os coletivas\u201d, que acontece no campus da USP (Universidade de S\u00e3o Paulo) de Ribeir\u00e3o Preto. A atividade acontece no dia 25 de maio, das 9h \u00e0s 12h, no novo pr\u00e9dio do Dedic, pr\u00f3ximo ao Departamento de M\u00fasica\u2026","rel":"","context":"In &quot;Not\u00edcias de Ribeir\u00e3o Preto-SP e Regi\u00e3o&quot;","block_context":{"text":"Not\u00edcias de Ribeir\u00e3o Preto-SP e Regi\u00e3o","link":"https:\/\/noticiasribeiraopreto.com.br\/index.php\/category\/noticias-de-ribeirao-preto-sp-e-regiao-ismael-colosi\/"},"img":{"alt_text":"","src":"https:\/\/i0.wp.com\/noticiasribeiraopreto.com.br\/wp-content\/uploads\/2025\/04\/Mil-folhas_Foto-Marcos-Santos_U0Y3971-2048x1365-1_2025-04-04_18-29-24_jpg_2025-04-04_18-29-24.webp.webp?fit=1200%2C800&ssl=1&resize=350%2C200","width":350,"height":200,"srcset":"https:\/\/i0.wp.com\/noticiasribeiraopreto.com.br\/wp-content\/uploads\/2025\/04\/Mil-folhas_Foto-Marcos-Santos_U0Y3971-2048x1365-1_2025-04-04_18-29-24_jpg_2025-04-04_18-29-24.webp.webp?fit=1200%2C800&ssl=1&resize=350%2C200 1x, https:\/\/i0.wp.com\/noticiasribeiraopreto.com.br\/wp-content\/uploads\/2025\/04\/Mil-folhas_Foto-Marcos-Santos_U0Y3971-2048x1365-1_2025-04-04_18-29-24_jpg_2025-04-04_18-29-24.webp.webp?fit=1200%2C800&ssl=1&resize=525%2C300 1.5x, https:\/\/i0.wp.com\/noticiasribeiraopreto.com.br\/wp-content\/uploads\/2025\/04\/Mil-folhas_Foto-Marcos-Santos_U0Y3971-2048x1365-1_2025-04-04_18-29-24_jpg_2025-04-04_18-29-24.webp.webp?fit=1200%2C800&ssl=1&resize=700%2C400 2x, https:\/\/i0.wp.com\/noticiasribeiraopreto.com.br\/wp-content\/uploads\/2025\/04\/Mil-folhas_Foto-Marcos-Santos_U0Y3971-2048x1365-1_2025-04-04_18-29-24_jpg_2025-04-04_18-29-24.webp.webp?fit=1200%2C800&ssl=1&resize=1050%2C600 3x"},"classes":[]},{"id":66723,"url":"https:\/\/noticiasribeiraopreto.com.br\/index.php\/2025\/04\/04\/usp-ribeirao-oferece-oficina-para-o-plantio-de-ervas-medicinais\/","url_meta":{"origin":34927,"position":4},"title":"USP Ribeir\u00e3o oferece oficina para o plantio de ervas medicinais","author":"noticiasribeiraopreto.com.br","date":"4 de April de 2025","format":false,"excerpt":"Acontece neste s\u00e1bado (5), das 8h \u00e0s 12h, a segunda edi\u00e7\u00e3o da oficina \u201cCorpo-Terra: construindo com m\u00e3os coletivas\u201d, no campus da USP (Universidade de S\u00e3o Paulo) de Ribeir\u00e3o Preto. A oficina faz parte de um projeto que busca construir um espa\u00e7o de conviv\u00eancia afroamer\u00edndio na universidade, com o intuito de\u2026","rel":"","context":"In &quot;Not\u00edcias de Ribeir\u00e3o Preto-SP e Regi\u00e3o&quot;","block_context":{"text":"Not\u00edcias de Ribeir\u00e3o Preto-SP e Regi\u00e3o","link":"https:\/\/noticiasribeiraopreto.com.br\/index.php\/category\/noticias-de-ribeirao-preto-sp-e-regiao-ismael-colosi\/"},"img":{"alt_text":"","src":"https:\/\/i0.wp.com\/noticiasribeiraopreto.com.br\/wp-content\/uploads\/2025\/04\/Mil-folhas_Foto-Marcos-Santos_U0Y3971-2048x1365-1_2025-04-04_18-29-24_jpg_2025-04-04_18-29-24.webp.webp?fit=1200%2C800&ssl=1&resize=350%2C200","width":350,"height":200,"srcset":"https:\/\/i0.wp.com\/noticiasribeiraopreto.com.br\/wp-content\/uploads\/2025\/04\/Mil-folhas_Foto-Marcos-Santos_U0Y3971-2048x1365-1_2025-04-04_18-29-24_jpg_2025-04-04_18-29-24.webp.webp?fit=1200%2C800&ssl=1&resize=350%2C200 1x, https:\/\/i0.wp.com\/noticiasribeiraopreto.com.br\/wp-content\/uploads\/2025\/04\/Mil-folhas_Foto-Marcos-Santos_U0Y3971-2048x1365-1_2025-04-04_18-29-24_jpg_2025-04-04_18-29-24.webp.webp?fit=1200%2C800&ssl=1&resize=525%2C300 1.5x, https:\/\/i0.wp.com\/noticiasribeiraopreto.com.br\/wp-content\/uploads\/2025\/04\/Mil-folhas_Foto-Marcos-Santos_U0Y3971-2048x1365-1_2025-04-04_18-29-24_jpg_2025-04-04_18-29-24.webp.webp?fit=1200%2C800&ssl=1&resize=700%2C400 2x, https:\/\/i0.wp.com\/noticiasribeiraopreto.com.br\/wp-content\/uploads\/2025\/04\/Mil-folhas_Foto-Marcos-Santos_U0Y3971-2048x1365-1_2025-04-04_18-29-24_jpg_2025-04-04_18-29-24.webp.webp?fit=1200%2C800&ssl=1&resize=1050%2C600 3x"},"classes":[]},{"id":39819,"url":"https:\/\/noticiasribeiraopreto.com.br\/index.php\/2024\/02\/28\/usp-ribeirao-oferece-aulas-de-capoeira-gratuitas-veja-como-participar\/","url_meta":{"origin":34927,"position":5},"title":"USP Ribeir\u00e3o oferece aulas de capoeira gratuitas; Veja como participar","author":"noticiasribeiraopreto.com.br","date":"28 de February de 2024","format":false,"excerpt":"A Faculdade de Filosofia, Ci\u00eancias e Letras de Ribeir\u00e3o Preto (FFCLRP) da USP (Universidade de S\u00e3o Paulo) est\u00e1 com inscri\u00e7\u00f5es abertas para atividades de capoeira ligadas ao projeto Di\u00e1logos e Viv\u00eancias para as Rela\u00e7\u00f5es \u00c9tnico-Raciais. Qualquer pessoa pode participar da atividade gratuita. Para se inscrever, os interessados devem preencher um\u2026","rel":"","context":"In &quot;Not\u00edcias de Ribeir\u00e3o Preto-SP e Regi\u00e3o&quot;","block_context":{"text":"Not\u00edcias de Ribeir\u00e3o Preto-SP e Regi\u00e3o","link":"https:\/\/noticiasribeiraopreto.com.br\/index.php\/category\/noticias-de-ribeirao-preto-sp-e-regiao-ismael-colosi\/"},"img":{"alt_text":"","src":"https:\/\/i0.wp.com\/noticiasribeiraopreto.com.br\/wp-content\/uploads\/2024\/02\/20230714_capoeira-1.png?fit=768%2C403&ssl=1&resize=350%2C200","width":350,"height":200,"srcset":"https:\/\/i0.wp.com\/noticiasribeiraopreto.com.br\/wp-content\/uploads\/2024\/02\/20230714_capoeira-1.png?fit=768%2C403&ssl=1&resize=350%2C200 1x, https:\/\/i0.wp.com\/noticiasribeiraopreto.com.br\/wp-content\/uploads\/2024\/02\/20230714_capoeira-1.png?fit=768%2C403&ssl=1&resize=525%2C300 1.5x, https:\/\/i0.wp.com\/noticiasribeiraopreto.com.br\/wp-content\/uploads\/2024\/02\/20230714_capoeira-1.png?fit=768%2C403&ssl=1&resize=700%2C400 2x"},"classes":[]}],"jetpack_sharing_enabled":true,"jetpack_shortlink":"https:\/\/wp.me\/peQAOb-95l","_links":{"self":[{"href":"https:\/\/noticiasribeiraopreto.com.br\/index.php\/wp-json\/wp\/v2\/posts\/34927","targetHints":{"allow":["GET"]}}],"collection":[{"href":"https:\/\/noticiasribeiraopreto.com.br\/index.php\/wp-json\/wp\/v2\/posts"}],"about":[{"href":"https:\/\/noticiasribeiraopreto.com.br\/index.php\/wp-json\/wp\/v2\/types\/post"}],"author":[{"embeddable":true,"href":"https:\/\/noticiasribeiraopreto.com.br\/index.php\/wp-json\/wp\/v2\/users\/1"}],"replies":[{"embeddable":true,"href":"https:\/\/noticiasribeiraopreto.com.br\/index.php\/wp-json\/wp\/v2\/comments?post=34927"}],"version-history":[{"count":0,"href":"https:\/\/noticiasribeiraopreto.com.br\/index.php\/wp-json\/wp\/v2\/posts\/34927\/revisions"}],"wp:featuredmedia":[{"embeddable":true,"href":"https:\/\/noticiasribeiraopreto.com.br\/index.php\/wp-json\/wp\/v2\/media\/34928"}],"wp:attachment":[{"href":"https:\/\/noticiasribeiraopreto.com.br\/index.php\/wp-json\/wp\/v2\/media?parent=34927"}],"wp:term":[{"taxonomy":"category","embeddable":true,"href":"https:\/\/noticiasribeiraopreto.com.br\/index.php\/wp-json\/wp\/v2\/categories?post=34927"},{"taxonomy":"post_tag","embeddable":true,"href":"https:\/\/noticiasribeiraopreto.com.br\/index.php\/wp-json\/wp\/v2\/tags?post=34927"}],"curies":[{"name":"wp","href":"https:\/\/api.w.org\/{rel}","templated":true}]}}