{"id":34931,"date":"2024-02-04T13:57:32","date_gmt":"2024-02-04T16:57:32","guid":{"rendered":"https:\/\/noticiasribeiraopreto.com.br\/index.php\/2024\/02\/04\/inscricoes-abertas-para-concurso-publico-da-anatel-com-salario-de-r-164-mil\/"},"modified":"2024-02-04T13:57:32","modified_gmt":"2024-02-04T16:57:32","slug":"inscricoes-abertas-para-concurso-publico-da-anatel-com-salario-de-r-164-mil","status":"publish","type":"post","link":"https:\/\/noticiasribeiraopreto.com.br\/index.php\/2024\/02\/04\/inscricoes-abertas-para-concurso-publico-da-anatel-com-salario-de-r-164-mil\/","title":{"rendered":"Inscri\u00e7\u00f5es abertas para concurso p\u00fablico da Anatel com sal\u00e1rio de R$ 16,4 mil"},"content":{"rendered":"<div class='code-block code-block-1' style='margin: 8px 0 8px auto; text-align: right; display: block; clear: both;'>\n<p><a href=\"https:\/\/wa.link\/vpicfd\"><img data-recalc-dims=\"1\" class=\"wp-image-4922\" style=\"aspect-ratio: 2.0253164556962027; width: 561px; height: auto;\" src=\"https:\/\/i0.wp.com\/ismaelcolosi.com.br\/wp-content\/uploads\/2023\/11\/grupo-de-empregos-whatsapp-e-facebook-ismael-colosi-vagas.jpg?ssl=1\" alt=\"\" \/><\/a><\/p>\n<!-- \/wp:image -->\n<\/div>\n<p> <br \/>\n<\/p>\n<div data-td-block-uid=\"tdi_102\">\n<div class=\"tdb-block-inner td-fix-index\">\n<p>As <strong>inscri\u00e7\u00f5es<\/strong> para o <strong>concurso p\u00fablico<\/strong> da <strong>Anatel<\/strong> (Ag\u00eancia Nacional de Telecomunica\u00e7\u00f5es) est\u00e3o <strong>abertas<\/strong> at\u00e9 \u00e0s 18h do <strong>dia 26 de fevereiro<\/strong>.<\/p>\n<p>Os interessados devem se inscrever pelo <strong><a href=\"https:\/\/www.cebraspe.org.br\/concursos\/anatel_24\" target=\"_blank\" rel=\"noreferrer noopener nofollow\">site<\/a><\/strong>. A <strong>taxa<\/strong> de inscri\u00e7\u00e3o \u00e9 <strong>R$ 130<\/strong>.<\/p>\n<p>Ao todo, s\u00e3o oferecidas<strong> 50 vagas<\/strong>, sendo para <strong>preenchimento<\/strong> <strong>imediato<\/strong> e <strong>forma\u00e7\u00e3o de cadastro<\/strong> reserva. <\/p>\n<p>O <strong>sal\u00e1rio<\/strong> \u00e9 de <strong>R$ 16.413,35<\/strong> para jornada de trabalho de 40 horas semanais. Os candidatos ser\u00e3o lotados na <strong>sede da Anatel,<\/strong> em <strong>Bras\u00edlia<\/strong>.<\/p>\n<p>Os cargos oferecidos s\u00e3o para<strong> Especialistas em Regula\u00e7\u00e3o de Servi\u00e7os P\u00fablicos de Telecomunica\u00e7\u00f5es<\/strong> com especialidades em Ci\u00eancias Cont\u00e1beis (3 vagas), Ci\u00eancias de Dados (15 vagas), Direito (8 vagas), Economia (4 vagas), Engenharia (10 vagas) e Geral (10 vagas).<\/p>\n<p>O edital completo est\u00e1 dispon\u00edvel no <a href=\"https:\/\/cdn.cebraspe.org.br\/concursos\/anatel_24\/arquivos\/ED_1_2023_ANATEL_ABERTURA.PDF\" target=\"_blank\" rel=\"noreferrer noopener nofollow\">link.<\/a><\/p>\n<p>SAIBA MAIS<\/p>\n<p>Cidade na regi\u00e3o de Ribeir\u00e3o tem concurso p\u00fablico com 62 vagas e sal\u00e1rios de R$ 6 mil<\/p>\n<h4 class=\"wp-block-heading\"><strong><mark>FIQUE ON<\/mark><\/strong><\/h4>\n<p>Fique ligado em tudo que acontece em Ribeir\u00e3o Preto e regi\u00e3o. Siga os perfis do<strong>\u00a0acidade on<\/strong>\u00a0no\u00a0<a href=\"https:\/\/www.instagram.com\/acidadeonribeirao\" target=\"_blank\" rel=\"noreferrer noopener\">Instagram\u00a0<\/a>e no\u00a0<a href=\"https:\/\/www.facebook.com\/acidadeonribeirao\" target=\"_blank\" rel=\"noreferrer noopener\">Facebook<\/a>.<\/p>\n<p>Receba not\u00edcias do<strong>\u00a0acidade on\u00a0<\/strong>no WhatsApp.\u00a0<a href=\"https:\/\/chat.whatsapp.com\/Bnv2w66ZT4VDyZW3oiZ69n\" target=\"_blank\" rel=\"noreferrer noopener\">Para entrar no grupo, basta clicar aqui.<\/a><\/p>\n<p>Fa\u00e7a uma den\u00fancia ou sugira uma reportagem sobre Ribeir\u00e3o Preto e regi\u00e3o pelo WhatsApp: 16 99117 7802.<\/p>\n<p>LEIA MAIS<\/p>\n<p>Governo pode ampliar oferta da vacina contra dengue<\/p>\n<p><!-- AI CONTENT END 1 -->\n<\/div>\n<\/div>\n<p><script async src=\"\/\/www.instagram.com\/embed.js\"><\/script><br \/>\n<br \/><br \/>\n<br \/><a href=\"https:\/\/www.acidadeon.com\/ribeiraopreto\/economia\/inscricoes-abertas-para-concurso-publico-da-anatel-com-salario-de-r-164-mil\/\">Source link <\/a><\/p>\n<!-- CONTENT END 1 -->\n","protected":false},"excerpt":{"rendered":"<p>As inscri\u00e7\u00f5es para o concurso p\u00fablico da Anatel (Ag\u00eancia Nacional de Telecomunica\u00e7\u00f5es) est\u00e3o abertas at\u00e9 \u00e0s 18h do dia 26 de fevereiro. Os interessados devem&#8230;<\/p>\n","protected":false},"author":1,"featured_media":34932,"comment_status":"open","ping_status":"open","sticky":false,"template":"","format":"standard","meta":{"advanced_seo_description":"","jetpack_seo_html_title":"","jetpack_seo_noindex":false,"jetpack_post_was_ever_published":false,"_jetpack_newsletter_access":"","_jetpack_dont_email_post_to_subs":false,"_jetpack_newsletter_tier_id":0,"_jetpack_memberships_contains_paywalled_content":false,"_jetpack_memberships_contains_paid_content":false,"footnotes":"","jetpack_publicize_message":"","jetpack_publicize_feature_enabled":true,"jetpack_social_post_already_shared":true,"jetpack_social_options":{"image_generator_settings":{"template":"highway","default_image_id":0,"font":"","enabled":false},"version":2}},"categories":[11],"tags":[],"class_list":["post-34931","post","type-post","status-publish","format-standard","has-post-thumbnail","hentry","category-noticias-de-ribeirao-preto-sp-e-regiao-ismael-colosi"],"jetpack_publicize_connections":[],"jetpack_featured_media_url":"https:\/\/i0.wp.com\/noticiasribeiraopreto.com.br\/wp-content\/uploads\/2024\/02\/Copia-de-Copia-de-TAMANHO-EXATO-PARA-FOTOS-NO-SISTEMA-NOVO-6.jpg?fit=1200%2C675&ssl=1","jetpack-related-posts":[{"id":34534,"url":"https:\/\/noticiasribeiraopreto.com.br\/index.php\/2024\/02\/02\/com-salario-de-mais-de-r-16-mil-anatel-abre-inscricoes-para-concurso-publico-saiba-como-participar\/","url_meta":{"origin":34931,"position":0},"title":"Com sal\u00e1rio de mais de R$ 16 mil, Anatel abre inscri\u00e7\u00f5es para concurso p\u00fablico; saiba como participar","author":"noticiasribeiraopreto.com.br","date":"2 de February de 2024","format":false,"excerpt":"A temporada de concursos segue a todo vapor. A Ag\u00eancia Nacional de Telecomunica\u00e7\u00f5es (Anatel) est\u00e1 com inscri\u00e7\u00f5es abertas para 50 vagas com sal\u00e1rio inicial de R$ 16.413,35. As inscri\u00e7\u00f5es devem ser realizadas at\u00e9 as 18h do dia 26 de fevereiro por meio do site do Centro Brasileiro de Pesquisa em\u2026","rel":"","context":"In &quot;Dinheiro e Investimento&quot;","block_context":{"text":"Dinheiro e Investimento","link":"https:\/\/noticiasribeiraopreto.com.br\/index.php\/category\/dinheiro-e-investimento-como-fazer-como-ganhar\/"},"img":{"alt_text":"","src":"https:\/\/i0.wp.com\/noticiasribeiraopreto.com.br\/wp-content\/uploads\/2024\/02\/concurso-publico-vagas-agosto-profissao-CAPA-SD-715x402.jpg?fit=715%2C402&ssl=1&resize=350%2C200","width":350,"height":200,"srcset":"https:\/\/i0.wp.com\/noticiasribeiraopreto.com.br\/wp-content\/uploads\/2024\/02\/concurso-publico-vagas-agosto-profissao-CAPA-SD-715x402.jpg?fit=715%2C402&ssl=1&resize=350%2C200 1x, https:\/\/i0.wp.com\/noticiasribeiraopreto.com.br\/wp-content\/uploads\/2024\/02\/concurso-publico-vagas-agosto-profissao-CAPA-SD-715x402.jpg?fit=715%2C402&ssl=1&resize=525%2C300 1.5x, https:\/\/i0.wp.com\/noticiasribeiraopreto.com.br\/wp-content\/uploads\/2024\/02\/concurso-publico-vagas-agosto-profissao-CAPA-SD-715x402.jpg?fit=715%2C402&ssl=1&resize=700%2C400 2x"},"classes":[]},{"id":19331,"url":"https:\/\/noticiasribeiraopreto.com.br\/index.php\/2023\/12\/22\/publicado-contrato-com-banca-e-edital-ja-pode-sair-2\/","url_meta":{"origin":34931,"position":1},"title":"publicado contrato com banca e edital j\u00e1 pode sair","author":"noticiasribeiraopreto.com.br","date":"22 de December de 2023","format":false,"excerpt":"O edital do novo concurso Anatel (Ag\u00eancia Nacional de Telecomunica\u00e7\u00f5es) j\u00e1 pode ser publicado. Acontece que foi divulgado, nesta sexta-feira, 22 de dezembro, no di\u00e1rio oficial da Uni\u00e3o, o extrato de contrato com a banca organizadora, que ser\u00e1 o Cebraspe. O nome da empresa j\u00e1 havia sido anunciado no \u00faltimo\u2026","rel":"","context":"In &quot;Vagas de Emprego em Ribeir\u00e3o Preto-SP&quot;","block_context":{"text":"Vagas de Emprego em Ribeir\u00e3o Preto-SP","link":"https:\/\/noticiasribeiraopreto.com.br\/index.php\/category\/empregos-classificados-vagas-trabalho\/vagas-de-empregos-em-ribeirao-preto-regiao-brasil\/"},"img":{"alt_text":"","src":"https:\/\/i0.wp.com\/noticiasribeiraopreto.com.br\/wp-content\/uploads\/2023\/12\/1703240039_anatel_novooo.jpg?fit=1200%2C675&ssl=1&resize=350%2C200","width":350,"height":200,"srcset":"https:\/\/i0.wp.com\/noticiasribeiraopreto.com.br\/wp-content\/uploads\/2023\/12\/1703240039_anatel_novooo.jpg?fit=1200%2C675&ssl=1&resize=350%2C200 1x, https:\/\/i0.wp.com\/noticiasribeiraopreto.com.br\/wp-content\/uploads\/2023\/12\/1703240039_anatel_novooo.jpg?fit=1200%2C675&ssl=1&resize=525%2C300 1.5x, https:\/\/i0.wp.com\/noticiasribeiraopreto.com.br\/wp-content\/uploads\/2023\/12\/1703240039_anatel_novooo.jpg?fit=1200%2C675&ssl=1&resize=700%2C400 2x, https:\/\/i0.wp.com\/noticiasribeiraopreto.com.br\/wp-content\/uploads\/2023\/12\/1703240039_anatel_novooo.jpg?fit=1200%2C675&ssl=1&resize=1050%2C600 3x"},"classes":[]},{"id":19897,"url":"https:\/\/noticiasribeiraopreto.com.br\/index.php\/2023\/12\/23\/quer-ganhar-mais-de-r-10-mil-veja-a-lista-com-os-editais-abertos-e-previstos-para-dezembro\/","url_meta":{"origin":34931,"position":2},"title":"Quer ganhar mais de R$ 10 MIL? Veja a lista com os editais abertos e previstos para dezembro","author":"noticiasribeiraopreto.com.br","date":"23 de December de 2023","format":false,"excerpt":"Os editais trouxeram informa\u00e7\u00f5es sobre sal\u00e1rios e cargos Se voc\u00ea busca por oportunidades para mudar de vida. Esta \u00e9 a sua chance. Trouxemos detalhes sobre editais abertos e previstos com \u00f3timos sal\u00e1rios. Veja a seguir. Concurso Anatel e editais abertos O Di\u00e1rio Oficial tornou p\u00fablico o extrato de contrato do\u2026","rel":"","context":"In &quot;Vagas de Emprego em Ribeir\u00e3o Preto-SP&quot;","block_context":{"text":"Vagas de Emprego em Ribeir\u00e3o Preto-SP","link":"https:\/\/noticiasribeiraopreto.com.br\/index.php\/category\/empregos-classificados-vagas-trabalho\/vagas-de-empregos-em-ribeirao-preto-regiao-brasil\/"},"img":{"alt_text":"","src":"https:\/\/i0.wp.com\/noticiasribeiraopreto.com.br\/wp-content\/uploads\/2023\/12\/noticiasconcursos.com_.br-quer-ganhar-mais-de-r-10-mil-veja-a-lista-com-os-editais-abertos-e-previstos-para-dezembro-book-4600757-1280.jpg?fit=1200%2C801&ssl=1&resize=350%2C200","width":350,"height":200,"srcset":"https:\/\/i0.wp.com\/noticiasribeiraopreto.com.br\/wp-content\/uploads\/2023\/12\/noticiasconcursos.com_.br-quer-ganhar-mais-de-r-10-mil-veja-a-lista-com-os-editais-abertos-e-previstos-para-dezembro-book-4600757-1280.jpg?fit=1200%2C801&ssl=1&resize=350%2C200 1x, https:\/\/i0.wp.com\/noticiasribeiraopreto.com.br\/wp-content\/uploads\/2023\/12\/noticiasconcursos.com_.br-quer-ganhar-mais-de-r-10-mil-veja-a-lista-com-os-editais-abertos-e-previstos-para-dezembro-book-4600757-1280.jpg?fit=1200%2C801&ssl=1&resize=525%2C300 1.5x, https:\/\/i0.wp.com\/noticiasribeiraopreto.com.br\/wp-content\/uploads\/2023\/12\/noticiasconcursos.com_.br-quer-ganhar-mais-de-r-10-mil-veja-a-lista-com-os-editais-abertos-e-previstos-para-dezembro-book-4600757-1280.jpg?fit=1200%2C801&ssl=1&resize=700%2C400 2x, https:\/\/i0.wp.com\/noticiasribeiraopreto.com.br\/wp-content\/uploads\/2023\/12\/noticiasconcursos.com_.br-quer-ganhar-mais-de-r-10-mil-veja-a-lista-com-os-editais-abertos-e-previstos-para-dezembro-book-4600757-1280.jpg?fit=1200%2C801&ssl=1&resize=1050%2C600 3x"},"classes":[]},{"id":11741,"url":"https:\/\/noticiasribeiraopreto.com.br\/index.php\/2023\/12\/06\/edital-previsto-para-ser-publicado-em-janeiro-2\/","url_meta":{"origin":34931,"position":3},"title":"edital previsto para ser publicado em janeiro","author":"noticiasribeiraopreto.com.br","date":"6 de December de 2023","format":false,"excerpt":"O edital do novo concurso Anatel (Ag\u00eancia Nacional de Telecomunica\u00e7\u00f5es) est\u00e1 previsto para ser publicado at\u00e9 meados de janeiro. Para isso, o principal entrave \u00e9 a defini\u00e7\u00e3o da banca organizadora, que deve ser anunciada no decorrer dos pr\u00f3ximos dias, ainda em dezembro. No entanto, somente ap\u00f3s a assinatura do respectivo\u2026","rel":"","context":"In &quot;Vagas de Emprego em Ribeir\u00e3o Preto-SP&quot;","block_context":{"text":"Vagas de Emprego em Ribeir\u00e3o Preto-SP","link":"https:\/\/noticiasribeiraopreto.com.br\/index.php\/category\/empregos-classificados-vagas-trabalho\/vagas-de-empregos-em-ribeirao-preto-regiao-brasil\/"},"img":{"alt_text":"","src":"https:\/\/i0.wp.com\/noticiasribeiraopreto.com.br\/wp-content\/uploads\/2023\/12\/anatel_novooo.jpg?fit=1200%2C675&ssl=1&resize=350%2C200","width":350,"height":200,"srcset":"https:\/\/i0.wp.com\/noticiasribeiraopreto.com.br\/wp-content\/uploads\/2023\/12\/anatel_novooo.jpg?fit=1200%2C675&ssl=1&resize=350%2C200 1x, https:\/\/i0.wp.com\/noticiasribeiraopreto.com.br\/wp-content\/uploads\/2023\/12\/anatel_novooo.jpg?fit=1200%2C675&ssl=1&resize=525%2C300 1.5x, https:\/\/i0.wp.com\/noticiasribeiraopreto.com.br\/wp-content\/uploads\/2023\/12\/anatel_novooo.jpg?fit=1200%2C675&ssl=1&resize=700%2C400 2x, https:\/\/i0.wp.com\/noticiasribeiraopreto.com.br\/wp-content\/uploads\/2023\/12\/anatel_novooo.jpg?fit=1200%2C675&ssl=1&resize=1050%2C600 3x"},"classes":[]},{"id":16618,"url":"https:\/\/noticiasribeiraopreto.com.br\/index.php\/2023\/12\/15\/concurso-anatel-banca-e-definida-e-edital-confirmado-50-vagas-com-salarios-ate-r-17-mil\/","url_meta":{"origin":34931,"position":4},"title":"Concurso ANATEL: banca \u00e9 definida e edital confirmado; 50 vagas com sal\u00e1rios at\u00e9 R$ 17 mil","author":"noticiasribeiraopreto.com.br","date":"15 de December de 2023","format":false,"excerpt":"Mesmo com o prazo apertado, a ANATEL conseguir realizar a defini\u00e7\u00e3o da banca. Edital est\u00e1 previsto para janeiro. O concurso ANATEL j\u00e1 tem banca organizadora. A estatal revelou que a empresa contratada para dar seguimento ao edital \u00e9 o Cebraspe. Agora, com a defini\u00e7\u00e3o da banca, a expectativa \u00e9 pela\u2026","rel":"","context":"In &quot;Vagas de Emprego em Ribeir\u00e3o Preto-SP&quot;","block_context":{"text":"Vagas de Emprego em Ribeir\u00e3o Preto-SP","link":"https:\/\/noticiasribeiraopreto.com.br\/index.php\/category\/empregos-classificados-vagas-trabalho\/vagas-de-empregos-em-ribeirao-preto-regiao-brasil\/"},"img":{"alt_text":"","src":"https:\/\/i0.wp.com\/noticiasribeiraopreto.com.br\/wp-content\/uploads\/2023\/12\/noticiasconcursos.com_.br-anatel-capa.jpg?fit=1200%2C877&ssl=1&resize=350%2C200","width":350,"height":200,"srcset":"https:\/\/i0.wp.com\/noticiasribeiraopreto.com.br\/wp-content\/uploads\/2023\/12\/noticiasconcursos.com_.br-anatel-capa.jpg?fit=1200%2C877&ssl=1&resize=350%2C200 1x, https:\/\/i0.wp.com\/noticiasribeiraopreto.com.br\/wp-content\/uploads\/2023\/12\/noticiasconcursos.com_.br-anatel-capa.jpg?fit=1200%2C877&ssl=1&resize=525%2C300 1.5x, https:\/\/i0.wp.com\/noticiasribeiraopreto.com.br\/wp-content\/uploads\/2023\/12\/noticiasconcursos.com_.br-anatel-capa.jpg?fit=1200%2C877&ssl=1&resize=700%2C400 2x, https:\/\/i0.wp.com\/noticiasribeiraopreto.com.br\/wp-content\/uploads\/2023\/12\/noticiasconcursos.com_.br-anatel-capa.jpg?fit=1200%2C877&ssl=1&resize=1050%2C600 3x"},"classes":[]},{"id":45782,"url":"https:\/\/noticiasribeiraopreto.com.br\/index.php\/2024\/04\/07\/veja-quatro-concursos-publicos-com-as-inscricoes-abertas-no-interior-de-sp\/","url_meta":{"origin":34931,"position":5},"title":"Veja quatro concursos p\u00fablicos com as inscri\u00e7\u00f5es abertas no interior de SP","author":"noticiasribeiraopreto.com.br","date":"7 de April de 2024","format":false,"excerpt":"Para quem est\u00e1 em busca de uma oportunidade de emprego no servi\u00e7o p\u00fablico, o acidade on Ribeir\u00e3o separou quatro concursos p\u00fablicos com as inscri\u00e7\u00f5es abertas no interior de S\u00e3o Paulo. S\u00e3o mais de 400 vagas e sal\u00e1rios de at\u00e9 R$ 8 mil. Prefeitura de Ribeir\u00e3o Preto A Prefeitura de Ribeir\u00e3o\u2026","rel":"","context":"In &quot;Not\u00edcias de Ribeir\u00e3o Preto-SP e Regi\u00e3o&quot;","block_context":{"text":"Not\u00edcias de Ribeir\u00e3o Preto-SP e Regi\u00e3o","link":"https:\/\/noticiasribeiraopreto.com.br\/index.php\/category\/noticias-de-ribeirao-preto-sp-e-regiao-ismael-colosi\/"},"img":{"alt_text":"","src":"https:\/\/i0.wp.com\/noticiasribeiraopreto.com.br\/wp-content\/uploads\/2024\/04\/prova-concurso-publico-2.jpg?fit=1200%2C801&ssl=1&resize=350%2C200","width":350,"height":200,"srcset":"https:\/\/i0.wp.com\/noticiasribeiraopreto.com.br\/wp-content\/uploads\/2024\/04\/prova-concurso-publico-2.jpg?fit=1200%2C801&ssl=1&resize=350%2C200 1x, https:\/\/i0.wp.com\/noticiasribeiraopreto.com.br\/wp-content\/uploads\/2024\/04\/prova-concurso-publico-2.jpg?fit=1200%2C801&ssl=1&resize=525%2C300 1.5x, https:\/\/i0.wp.com\/noticiasribeiraopreto.com.br\/wp-content\/uploads\/2024\/04\/prova-concurso-publico-2.jpg?fit=1200%2C801&ssl=1&resize=700%2C400 2x, https:\/\/i0.wp.com\/noticiasribeiraopreto.com.br\/wp-content\/uploads\/2024\/04\/prova-concurso-publico-2.jpg?fit=1200%2C801&ssl=1&resize=1050%2C600 3x"},"classes":[]}],"jetpack_sharing_enabled":true,"jetpack_shortlink":"https:\/\/wp.me\/peQAOb-95p","_links":{"self":[{"href":"https:\/\/noticiasribeiraopreto.com.br\/index.php\/wp-json\/wp\/v2\/posts\/34931","targetHints":{"allow":["GET"]}}],"collection":[{"href":"https:\/\/noticiasribeiraopreto.com.br\/index.php\/wp-json\/wp\/v2\/posts"}],"about":[{"href":"https:\/\/noticiasribeiraopreto.com.br\/index.php\/wp-json\/wp\/v2\/types\/post"}],"author":[{"embeddable":true,"href":"https:\/\/noticiasribeiraopreto.com.br\/index.php\/wp-json\/wp\/v2\/users\/1"}],"replies":[{"embeddable":true,"href":"https:\/\/noticiasribeiraopreto.com.br\/index.php\/wp-json\/wp\/v2\/comments?post=34931"}],"version-history":[{"count":0,"href":"https:\/\/noticiasribeiraopreto.com.br\/index.php\/wp-json\/wp\/v2\/posts\/34931\/revisions"}],"wp:featuredmedia":[{"embeddable":true,"href":"https:\/\/noticiasribeiraopreto.com.br\/index.php\/wp-json\/wp\/v2\/media\/34932"}],"wp:attachment":[{"href":"https:\/\/noticiasribeiraopreto.com.br\/index.php\/wp-json\/wp\/v2\/media?parent=34931"}],"wp:term":[{"taxonomy":"category","embeddable":true,"href":"https:\/\/noticiasribeiraopreto.com.br\/index.php\/wp-json\/wp\/v2\/categories?post=34931"},{"taxonomy":"post_tag","embeddable":true,"href":"https:\/\/noticiasribeiraopreto.com.br\/index.php\/wp-json\/wp\/v2\/tags?post=34931"}],"curies":[{"name":"wp","href":"https:\/\/api.w.org\/{rel}","templated":true}]}}