{"id":34933,"date":"2024-02-04T14:01:51","date_gmt":"2024-02-04T17:01:51","guid":{"rendered":"https:\/\/noticiasribeiraopreto.com.br\/index.php\/2024\/02\/04\/contrata-se-assistente-contabil-feminino\/"},"modified":"2024-02-04T14:01:51","modified_gmt":"2024-02-04T17:01:51","slug":"contrata-se-assistente-contabil-feminino","status":"publish","type":"post","link":"https:\/\/noticiasribeiraopreto.com.br\/index.php\/2024\/02\/04\/contrata-se-assistente-contabil-feminino\/","title":{"rendered":"CONTRATA-SE ASSISTENTE CONT\u00c1BIL (FEMININO)"},"content":{"rendered":"<div id=\"main\">\n<h5>An\u00fancios<\/h5>\n<ul class=\"listing-card-list \" id=\"listing-card-list\">\n<li class=\"listing-card \">\n<a class=\"listing-thumb\" href=\"https:\/\/www.tribunaribeirao.com.br\/classificadostribuna\/index.php?page=item&amp;id=3387\" title=\"CONTRATA-SE ASSISTENTE CONT\u00c1BIL (FEMININO)\"><img data-recalc-dims=\"1\" loading=\"lazy\" decoding=\"async\" src=\"https:\/\/i0.wp.com\/www.tribunaribeirao.com.br\/classificadostribuna\/oc-content\/uploads\/33\/3879_thumbnail.jpg?resize=240%2C200&#038;ssl=1\" title=\"\" alt=\"CONTRATA-SE ASSISTENTE CONT\u00c1BIL (FEMININO)\" width=\"240\" height=\"200\" \/><\/a><\/p>\n<div class=\"listing-detail\">\n<div class=\"listing-cell\">\n<div class=\"listing-data\">\n<div class=\"listing-basicinfo\">\n<a href=\"https:\/\/www.tribunaribeirao.com.br\/classificadostribuna\/index.php?page=item&amp;id=3387\" class=\"title\" title=\"CONTRATA-SE ASSISTENTE CONT\u00c1BIL (FEMININO)\">CONTRATA-SE ASSISTENTE CONT\u00c1BIL (FEMININO)<\/a><\/p>\n<p>\n<span class=\"category\">Empregos<\/span> &#8211;<br \/>\n<span class=\"location\"> <\/span> <span class=\"g-hide\">&#8211;<\/span> 02\/02\/2024 <\/p>\n<p>Contrata-se. Carga hor\u00e1ria: 40 horas semanais. Dias trabalhados: de segunda a sexta. Sal\u00e1rio: R$ 2.500,00 bruto. Benef\u00edcios: R$ 27,50 de vale alimenta\u00e7\u00e3o por dia \u00fatil; Seguro de vida; Conv\u00eanio m\u00e9dico ap\u00f3s experi\u00eancia sem desconto; PLR ap\u00f3s 1 ano de r&#8230;<\/p>\n<\/div>\n<\/div>\n<\/div>\n<\/div>\n<\/li>\n<li class=\"listing-card \">\n<a class=\"listing-thumb\" href=\"https:\/\/www.tribunaribeirao.com.br\/classificadostribuna\/index.php?page=item&amp;id=3374\" title=\"CONTRATA-SE ANALISTA CONT\u00c1BIL\"><img data-recalc-dims=\"1\" loading=\"lazy\" decoding=\"async\" src=\"https:\/\/i0.wp.com\/www.tribunaribeirao.com.br\/classificadostribuna\/oc-content\/uploads\/33\/3866_thumbnail.jpg?resize=240%2C200&#038;ssl=1\" title=\"\" alt=\"CONTRATA-SE ANALISTA CONT\u00c1BIL\" width=\"240\" height=\"200\" \/><\/a><\/p>\n<\/li>\n<li class=\"listing-card \">\n<a class=\"listing-thumb\" href=\"https:\/\/www.tribunaribeirao.com.br\/classificadostribuna\/index.php?page=item&amp;id=3365\" title=\"CONTRATA-SE MEC\u00c2NICO DE MANUTEN\u00c7\u00c3O\"><img data-recalc-dims=\"1\" loading=\"lazy\" decoding=\"async\" src=\"https:\/\/i0.wp.com\/www.tribunaribeirao.com.br\/classificadostribuna\/oc-content\/uploads\/33\/3857_thumbnail.jpg?resize=240%2C200&#038;ssl=1\" title=\"\" alt=\"CONTRATA-SE MEC\u00c2NICO DE MANUTEN\u00c7\u00c3O\" width=\"240\" height=\"200\" \/><\/a><\/p>\n<div class=\"listing-detail\">\n<div class=\"listing-cell\">\n<div class=\"listing-data\">\n<div class=\"listing-basicinfo\">\n<a href=\"https:\/\/www.tribunaribeirao.com.br\/classificadostribuna\/index.php?page=item&amp;id=3365\" class=\"title\" title=\"CONTRATA-SE MEC\u00c2NICO DE MANUTEN\u00c7\u00c3O\">CONTRATA-SE MEC\u00c2NICO DE MANUTEN\u00c7\u00c3O<\/a><\/p>\n<p>\n<span class=\"category\">Empregos<\/span> &#8211;<br \/>\n<span class=\"location\"> <\/span> <span class=\"g-hide\">&#8211;<\/span> 23\/01\/2024 <\/p>\n<p>mpresa de reciclagem contrata mec\u00e2nico de manuten\u00e7\u00e3o, com experi\u00eancia de manuten\u00e7\u00e3o mec\u00e2nica em geral (manuten\u00e7\u00e3o de moinhos de moer pl\u00e1sticos, trocar rolamentos, conhecimento el\u00e9trico, solda, e demais atividades pertinentes a fun\u00e7\u00e3o. interessados, e&#8230;<\/p>\n<\/div>\n<\/div>\n<\/div>\n<\/div>\n<\/li>\n<li class=\"listing-card last\">\n<a class=\"listing-thumb\" href=\"https:\/\/www.tribunaribeirao.com.br\/classificadostribuna\/index.php?page=item&amp;id=3361\" title=\"CONTRATA-SE JARDINEIRO\"><img data-recalc-dims=\"1\" loading=\"lazy\" decoding=\"async\" src=\"https:\/\/i0.wp.com\/www.tribunaribeirao.com.br\/classificadostribuna\/oc-content\/uploads\/33\/3853_thumbnail.jpg?resize=240%2C200&#038;ssl=1\" title=\"\" alt=\"CONTRATA-SE JARDINEIRO\" width=\"240\" height=\"200\" \/><\/a><\/p>\n<div class=\"listing-detail\">\n<div class=\"listing-cell\">\n<div class=\"listing-data\">\n<div class=\"listing-basicinfo\">\n<a href=\"https:\/\/www.tribunaribeirao.com.br\/classificadostribuna\/index.php?page=item&amp;id=3361\" class=\"title\" title=\"CONTRATA-SE JARDINEIRO\">CONTRATA-SE JARDINEIRO<\/a><\/p>\n<p>\n<span class=\"category\">Empregos<\/span> &#8211;<br \/>\n<span class=\"location\"> <\/span> <span class=\"g-hide\">&#8211;<\/span> 22\/01\/2024 <\/p>\n<p>Acima 18 anos, sexo masculino, n\u00e3o precisa ter experi\u00eancia.\u00a0Sal\u00e1rio compat\u00edvel com a fun\u00e7\u00e3o + cesta b\u00e1sica e VT.\u00a0Enviar curr\u00edculo: (16) 99388-3030.<\/p>\n<\/div>\n<\/div>\n<\/div>\n<\/div>\n<\/li>\n<li class=\"listing-card \">\n<a class=\"listing-thumb\" href=\"https:\/\/www.tribunaribeirao.com.br\/classificadostribuna\/index.php?page=item&amp;id=3360\" title=\"CONTRATA-SE V\u00c1RIAS VAGAS\"><img data-recalc-dims=\"1\" loading=\"lazy\" decoding=\"async\" src=\"https:\/\/i0.wp.com\/www.tribunaribeirao.com.br\/classificadostribuna\/oc-content\/uploads\/33\/3852_thumbnail.jpg?resize=240%2C200&#038;ssl=1\" title=\"\" alt=\"CONTRATA-SE V\u00c1RIAS VAGAS\" width=\"240\" height=\"200\" \/><\/a><\/p>\n<div class=\"listing-detail\">\n<div class=\"listing-cell\">\n<div class=\"listing-data\">\n<div class=\"listing-basicinfo\">\n<a href=\"https:\/\/www.tribunaribeirao.com.br\/classificadostribuna\/index.php?page=item&amp;id=3360\" class=\"title\" title=\"CONTRATA-SE V\u00c1RIAS VAGAS\">CONTRATA-SE V\u00c1RIAS VAGAS<\/a><\/p>\n<p>\n<span class=\"category\">Empregos<\/span> &#8211;<br \/>\n<span class=\"location\"> <\/span> <span class=\"g-hide\">&#8211;<\/span> 22\/01\/2024 <\/p>\n<p>Estamos selecionando homens\/mulheres com disponibilidade para trabalhar nas seguintes vagas: Jardineiro, Eletricista, Zelador, Pintor, Porteiro, Diarista, Vigilante, Encanador, Cuidador (a) de Idosos, Estagi\u00e1rio(a) em Direito, Auxiliar de Contabilida&#8230;<\/p>\n<\/div>\n<\/div>\n<\/div>\n<\/div>\n<\/li>\n<li class=\"listing-card \">\n<a class=\"listing-thumb\" href=\"https:\/\/www.tribunaribeirao.com.br\/classificadostribuna\/index.php?page=item&amp;id=3353\" title=\"CONTRATA-SE AUXILIAR ADMINISTRATIVO\"><img data-recalc-dims=\"1\" loading=\"lazy\" decoding=\"async\" src=\"https:\/\/i0.wp.com\/www.tribunaribeirao.com.br\/classificadostribuna\/oc-content\/uploads\/33\/3845_thumbnail.jpg?resize=240%2C200&#038;ssl=1\" title=\"\" alt=\"CONTRATA-SE AUXILIAR ADMINISTRATIVO\" width=\"240\" height=\"200\" \/><\/a><\/p>\n<\/li>\n<div class='code-block code-block-1' style='margin: 8px 0 8px auto; text-align: right; display: block; clear: both;'>\n<p><a href=\"https:\/\/wa.link\/vpicfd\"><img data-recalc-dims=\"1\" class=\"wp-image-4922\" style=\"aspect-ratio: 2.0253164556962027; width: 561px; height: auto;\" src=\"https:\/\/i0.wp.com\/ismaelcolosi.com.br\/wp-content\/uploads\/2023\/11\/grupo-de-empregos-whatsapp-e-facebook-ismael-colosi-vagas.jpg?ssl=1\" alt=\"\" \/><\/a><\/p>\n<!-- \/wp:image -->\n<\/div>\n<p>\n<script data-cfasync=\"false\" src=\"https:\/\/www.tribunaribeirao.com.br\/cdn-cgi\/scripts\/5c5dd728\/cloudflare-static\/email-decode.min.js\"><\/script><script async=\"\" src=\"https:\/\/pagead2.googlesyndication.com\/pagead\/js\/adsbygoogle.js\"><\/script><\/p>\n<p><ins class=\"adsbygoogle\" style=\"display:block\" data-ad-client=\"ca-pub-6472940315473977\" data-ad-slot=\"9527135572\" data-ad-format=\"auto\" data-full-width-responsive=\"true\"><\/ins><br \/>\n<script><![CDATA[\n     (adsbygoogle = window.adsbygoogle || []).push({});\n]]><\/script><\/p>\n<li class=\"listing-card \">\n<a class=\"listing-thumb\" href=\"https:\/\/www.tribunaribeirao.com.br\/classificadostribuna\/index.php?page=item&amp;id=3352\" title=\"CONTRATA-SE CASEIRO\"><img data-recalc-dims=\"1\" loading=\"lazy\" decoding=\"async\" src=\"https:\/\/i0.wp.com\/www.tribunaribeirao.com.br\/classificadostribuna\/oc-content\/uploads\/33\/3844_thumbnail.jpg?resize=240%2C200&#038;ssl=1\" title=\"\" alt=\"CONTRATA-SE CASEIRO\" width=\"240\" height=\"200\" \/><\/a><\/p>\n<div class=\"listing-detail\">\n<div class=\"listing-cell\">\n<div class=\"listing-data\">\n<div class=\"listing-basicinfo\">\n<a href=\"https:\/\/www.tribunaribeirao.com.br\/classificadostribuna\/index.php?page=item&amp;id=3352\" class=\"title\" title=\"CONTRATA-SE CASEIRO\">CONTRATA-SE CASEIRO<\/a><\/p>\n<p>\n<span class=\"category\">Empregos<\/span> &#8211;<br \/>\n<span class=\"location\"> <\/span> <span class=\"g-hide\">&#8211;<\/span> 18\/01\/2024 <\/p>\n<p>Para Ribeir\u00e3o Preto, residencial Mil P\u00e1ssaros, que seja respons\u00e1vel e tenha disponibilidade para morar na ch\u00e1cara. Telefone 16 99138.3694 ou 16 99166.6445.<\/p>\n<\/div>\n<\/div>\n<\/div>\n<\/div>\n<\/li>\n<li class=\"listing-card last\">\n<a class=\"listing-thumb\" href=\"https:\/\/www.tribunaribeirao.com.br\/classificadostribuna\/index.php?page=item&amp;id=3351\" title=\"CONTRATA-SE REPRESENTANTE COMERCIAL\"><img data-recalc-dims=\"1\" loading=\"lazy\" decoding=\"async\" src=\"https:\/\/i0.wp.com\/www.tribunaribeirao.com.br\/classificadostribuna\/oc-content\/uploads\/33\/3843_thumbnail.jpg?resize=240%2C200&#038;ssl=1\" title=\"\" alt=\"CONTRATA-SE REPRESENTANTE COMERCIAL\" width=\"240\" height=\"200\" \/><\/a><\/p>\n<div class=\"listing-detail\">\n<div class=\"listing-cell\">\n<div class=\"listing-data\">\n<div class=\"listing-basicinfo\">\n<a href=\"https:\/\/www.tribunaribeirao.com.br\/classificadostribuna\/index.php?page=item&amp;id=3351\" class=\"title\" title=\"CONTRATA-SE REPRESENTANTE COMERCIAL\">CONTRATA-SE REPRESENTANTE COMERCIAL<\/a><\/p>\n<p>\n<span class=\"category\">Empregos<\/span> &#8211;<br \/>\n<span class=\"location\"> <\/span> <span class=\"g-hide\">&#8211;<\/span> 18\/01\/2024 <\/p>\n<p>Empresa na \u00e1rea de produtos de higiene profissional contrata\u00a0representante comercial na regi\u00e3o de Ribeir\u00e3o Preto &#8211; SP para atuar com prospec\u00e7\u00e3o e abertura de novos neg\u00f3cios.\u00a0Benef\u00edcios: reembolso das despesas, comissionamento + premia\u00e7\u00f5es. \u00a0Enviar cu&#8230;<\/p>\n<\/div>\n<\/div>\n<\/div>\n<\/div>\n<\/li>\n<li class=\"listing-card \">\n<a class=\"listing-thumb\" href=\"https:\/\/www.tribunaribeirao.com.br\/classificadostribuna\/index.php?page=item&amp;id=3343\" title=\"CONTRATA-SE MOTORISTA APOSENTADO CAT E\"><img data-recalc-dims=\"1\" loading=\"lazy\" decoding=\"async\" src=\"https:\/\/i0.wp.com\/www.tribunaribeirao.com.br\/classificadostribuna\/oc-content\/uploads\/33\/3835_thumbnail.jpg?resize=240%2C200&#038;ssl=1\" title=\"\" alt=\"CONTRATA-SE MOTORISTA APOSENTADO CAT E\" width=\"240\" height=\"200\" \/><\/a><\/p>\n<\/li>\n<li class=\"listing-card \">\n<a class=\"listing-thumb\" href=\"https:\/\/www.tribunaribeirao.com.br\/classificadostribuna\/index.php?page=item&amp;id=3342\" title=\"CONTRATA-SE AUXILIAR ALMOXARIFADO\"><img data-recalc-dims=\"1\" loading=\"lazy\" decoding=\"async\" src=\"https:\/\/i0.wp.com\/www.tribunaribeirao.com.br\/classificadostribuna\/oc-content\/uploads\/33\/3834_thumbnail.jpg?resize=240%2C200&#038;ssl=1\" title=\"\" alt=\"CONTRATA-SE AUXILIAR ALMOXARIFADO\" width=\"240\" height=\"200\" \/><\/a><\/p>\n<\/li>\n<li class=\"listing-card \">\n<a class=\"listing-thumb\" href=\"https:\/\/www.tribunaribeirao.com.br\/classificadostribuna\/index.php?page=item&amp;id=3341\" title=\"CONTRATA-SE AUXILIAR ADMINISTRATIVO\"><img data-recalc-dims=\"1\" loading=\"lazy\" decoding=\"async\" src=\"https:\/\/i0.wp.com\/www.tribunaribeirao.com.br\/classificadostribuna\/oc-content\/uploads\/33\/3833_thumbnail.jpg?resize=240%2C200&#038;ssl=1\" title=\"\" alt=\"CONTRATA-SE AUXILIAR ADMINISTRATIVO\" width=\"240\" height=\"200\" \/><\/a><\/p>\n<\/li>\n<li class=\"listing-card last\">\n<a class=\"listing-thumb\" href=\"https:\/\/www.tribunaribeirao.com.br\/classificadostribuna\/index.php?page=item&amp;id=3320\" title=\"CONTRATA-SE LAVADOR AUTOMOTIVO 6 VAGAS\"><img data-recalc-dims=\"1\" loading=\"lazy\" decoding=\"async\" src=\"https:\/\/i0.wp.com\/www.tribunaribeirao.com.br\/classificadostribuna\/oc-content\/uploads\/33\/3801_thumbnail.jpg?resize=240%2C200&#038;ssl=1\" title=\"\" alt=\"CONTRATA-SE LAVADOR AUTOMOTIVO 6 VAGAS\" width=\"240\" height=\"200\" \/><\/a><\/p>\n<\/li>\n<p>\n<script data-cfasync=\"false\" src=\"https:\/\/www.tribunaribeirao.com.br\/cdn-cgi\/scripts\/5c5dd728\/cloudflare-static\/email-decode.min.js\"><\/script><script async=\"\" src=\"https:\/\/pagead2.googlesyndication.com\/pagead\/js\/adsbygoogle.js\"><\/script><\/p>\n<p><ins class=\"adsbygoogle\" style=\"display:block\" data-ad-client=\"ca-pub-6472940315473977\" data-ad-slot=\"9527135572\" data-ad-format=\"auto\" data-full-width-responsive=\"true\"><\/ins><br \/>\n<script><![CDATA[\n     (adsbygoogle = window.adsbygoogle || []).push({});\n]]><\/script><\/p>\n<li class=\"listing-card \">\n<a class=\"listing-thumb\" href=\"https:\/\/www.tribunaribeirao.com.br\/classificadostribuna\/index.php?page=item&amp;id=3319\" title=\"CONTRATA-SE POLIDOR AUTOMOTIVO - 3 VAGAS\"><img data-recalc-dims=\"1\" loading=\"lazy\" decoding=\"async\" src=\"https:\/\/i0.wp.com\/www.tribunaribeirao.com.br\/classificadostribuna\/oc-content\/uploads\/33\/3800_thumbnail.jpg?resize=240%2C200&#038;ssl=1\" title=\"\" alt=\"CONTRATA-SE POLIDOR AUTOMOTIVO - 3 VAGAS\" width=\"240\" height=\"200\" \/><\/a><\/p>\n<\/li>\n<li class=\"listing-card \">\n<a class=\"listing-thumb\" href=\"https:\/\/www.tribunaribeirao.com.br\/classificadostribuna\/index.php?page=item&amp;id=3318\" title=\"CONTRATA-SE VENDEDOR \u2013 4 VAGAS\"><img data-recalc-dims=\"1\" loading=\"lazy\" decoding=\"async\" src=\"https:\/\/i0.wp.com\/www.tribunaribeirao.com.br\/classificadostribuna\/oc-content\/uploads\/33\/3799_thumbnail.jpg?resize=240%2C200&#038;ssl=1\" title=\"\" alt=\"CONTRATA-SE VENDEDOR \u2013 4 VAGAS\" width=\"240\" height=\"200\" \/><\/a><\/p>\n<\/li>\n<li class=\"listing-card \">\n<a class=\"listing-thumb\" href=\"https:\/\/www.tribunaribeirao.com.br\/classificadostribuna\/index.php?page=item&amp;id=3312\" title=\"CONTRATA-SE T\u00c9CNICO ELETROMEC\u00c2NICO\"><img data-recalc-dims=\"1\" loading=\"lazy\" decoding=\"async\" src=\"https:\/\/i0.wp.com\/www.tribunaribeirao.com.br\/classificadostribuna\/oc-content\/uploads\/33\/3793_thumbnail.jpg?resize=240%2C200&#038;ssl=1\" title=\"\" alt=\"CONTRATA-SE T\u00c9CNICO ELETROMEC\u00c2NICO\" width=\"240\" height=\"200\" \/><\/a><\/p>\n<div class=\"listing-detail\">\n<div class=\"listing-cell\">\n<div class=\"listing-data\">\n<div class=\"listing-basicinfo\">\n<a href=\"https:\/\/www.tribunaribeirao.com.br\/classificadostribuna\/index.php?page=item&amp;id=3312\" class=\"title\" title=\"CONTRATA-SE T\u00c9CNICO ELETROMEC\u00c2NICO\">CONTRATA-SE T\u00c9CNICO ELETROMEC\u00c2NICO<\/a><\/p>\n<p>\n<span class=\"category\">Empregos<\/span> &#8211;<br \/>\n<span class=\"location\"> <\/span> <span class=\"g-hide\">&#8211;<\/span> 09\/01\/2024 <\/p>\n<p>Estamos contratando para INICIO IMEDIATO, manuten\u00e7\u00e3o de equipamentos eletromec\u00e2nico, CNH, CONHECIMENTO T\u00c9CNICO (R$ 2.031,00 + VT em dinheiro, R$250,00 + R$50,00 POR ASSIDUIDADE de V.A\/ V.R + CONV\u00caNIO M\u00c9DICO 50%). Enviar e-mail:\u00a0<a href=\"https:\/\/www.tribunaribeirao.com.br\/cdn-cgi\/l\/email-protection\" class=\"__cf_email__\" data-cfemail=\"a4c5c0c9e4c9c1d0d6cbc8d0c1c7cacbc8cbc3cdc58ac7\">[email\u00a0protected]<\/a>&#8230;<\/p>\n<\/div>\n<\/div>\n<\/div>\n<\/div>\n<\/li>\n<li class=\"listing-card last\">\n<a class=\"listing-thumb\" href=\"https:\/\/www.tribunaribeirao.com.br\/classificadostribuna\/index.php?page=item&amp;id=3284\" title=\"CONTRATA-SE AUXILIAR DE ESTOQUE\"><img data-recalc-dims=\"1\" loading=\"lazy\" decoding=\"async\" src=\"https:\/\/i0.wp.com\/www.tribunaribeirao.com.br\/classificadostribuna\/oc-content\/uploads\/32\/3765_thumbnail.jpg?resize=240%2C200&#038;ssl=1\" title=\"\" alt=\"CONTRATA-SE AUXILIAR DE ESTOQUE\" width=\"240\" height=\"200\" \/><\/a><\/p>\n<div class=\"listing-detail\">\n<div class=\"listing-cell\">\n<div class=\"listing-data\">\n<div class=\"listing-basicinfo\">\n<a href=\"https:\/\/www.tribunaribeirao.com.br\/classificadostribuna\/index.php?page=item&amp;id=3284\" class=\"title\" title=\"CONTRATA-SE AUXILIAR DE ESTOQUE\">CONTRATA-SE AUXILIAR DE ESTOQUE<\/a><\/p>\n<p>\n<span class=\"category\">Empregos<\/span> &#8211;<br \/>\n<span class=\"location\"> <\/span> <span class=\"g-hide\">&#8211;<\/span> 03\/01\/2024 <\/p>\n<p>Empresa de Auto Pe\u00e7as contrata: Auxiliar Estoque com experi\u00eancia (obs.: experi\u00eancia no ramo de caminh\u00f5es, ser\u00e1 um diferencial), para in\u00edcio imediato. Interessados, enviar curr\u00edculo para o e-mail:\u00a0<a href=\"https:\/\/www.tribunaribeirao.com.br\/cdn-cgi\/l\/email-protection\" class=\"__cf_email__\" data-cfemail=\"8fe9e6e1eee1eceae6fde0a1eeebe2cffdeee1ece7eee0eeeceafcfce0fde6e0fca1ece0e2a1edfd\">[email\u00a0protected]<\/a><\/p>\n<\/div>\n<\/div>\n<\/div>\n<\/div>\n<\/li>\n<li class=\"listing-card \">\n<a class=\"listing-thumb\" href=\"https:\/\/www.tribunaribeirao.com.br\/classificadostribuna\/index.php?page=item&amp;id=3283\" title=\"AUTO PE\u00c7AS CONTRATA DIVERSAS FUN\u00c7\u00d5ES\"><img data-recalc-dims=\"1\" loading=\"lazy\" decoding=\"async\" src=\"https:\/\/i0.wp.com\/www.tribunaribeirao.com.br\/classificadostribuna\/oc-content\/uploads\/32\/3764_thumbnail.jpg?resize=240%2C200&#038;ssl=1\" title=\"\" alt=\"AUTO PE\u00c7AS CONTRATA DIVERSAS FUN\u00c7\u00d5ES\" width=\"240\" height=\"200\" \/><\/a><\/p>\n<\/li>\n<li class=\"listing-card \">\n<a class=\"listing-thumb\" href=\"https:\/\/www.tribunaribeirao.com.br\/classificadostribuna\/index.php?page=item&amp;id=3282\" title=\"CONTRATA-SE MOTOBOY\"><img data-recalc-dims=\"1\" loading=\"lazy\" decoding=\"async\" src=\"https:\/\/i0.wp.com\/www.tribunaribeirao.com.br\/classificadostribuna\/oc-content\/uploads\/32\/3763_thumbnail.jpg?resize=240%2C200&#038;ssl=1\" title=\"\" alt=\"CONTRATA-SE MOTOBOY\" width=\"240\" height=\"200\" \/><\/a><\/p>\n<div class=\"listing-detail\">\n<div class=\"listing-cell\">\n<div class=\"listing-data\">\n<div class=\"listing-basicinfo\">\n<a href=\"https:\/\/www.tribunaribeirao.com.br\/classificadostribuna\/index.php?page=item&amp;id=3282\" class=\"title\" title=\"CONTRATA-SE MOTOBOY\">CONTRATA-SE MOTOBOY<\/a><\/p>\n<p>\n<span class=\"category\">Empregos<\/span> &#8211;<br \/>\n<span class=\"location\"> <\/span> <span class=\"g-hide\">&#8211;<\/span> 03\/01\/2024 <\/p>\n<p>Empresa de Auto Pe\u00e7as contrata: Motoboy, com experi\u00eancia na fun\u00e7\u00e3o e Habilita\u00e7\u00e3o A\/B, in\u00edcio imediato. Interessados, enviar curr\u00edculo para o e-mail:\u00a0<a href=\"https:\/\/www.tribunaribeirao.com.br\/cdn-cgi\/l\/email-protection\" class=\"__cf_email__\" data-cfemail=\"53353a3d323d30363a213c7d32373e1321323d303b323c32303620203c213a3c207d303c3e7d3121\">[email\u00a0protected]<\/a><\/p>\n<\/div>\n<\/div>\n<\/div>\n<\/div>\n<\/li>\n<p>\n<script data-cfasync=\"false\" src=\"https:\/\/www.tribunaribeirao.com.br\/cdn-cgi\/scripts\/5c5dd728\/cloudflare-static\/email-decode.min.js\"><\/script><script async=\"\" src=\"https:\/\/pagead2.googlesyndication.com\/pagead\/js\/adsbygoogle.js\"><\/script><\/p>\n<p><ins class=\"adsbygoogle\" style=\"display:block\" data-ad-client=\"ca-pub-6472940315473977\" data-ad-slot=\"9527135572\" data-ad-format=\"auto\" data-full-width-responsive=\"true\"><\/ins><br \/>\n<script><![CDATA[\n     (adsbygoogle = window.adsbygoogle || []).push({});\n]]><\/script><\/p>\n<li class=\"listing-card \">\n<a class=\"listing-thumb\" href=\"https:\/\/www.tribunaribeirao.com.br\/classificadostribuna\/index.php?page=item&amp;id=3281\" title=\"CONTRATA-SE AUXILIAR ADMINISTRATIVO\"><img data-recalc-dims=\"1\" loading=\"lazy\" decoding=\"async\" src=\"https:\/\/i0.wp.com\/www.tribunaribeirao.com.br\/classificadostribuna\/oc-content\/uploads\/32\/3762_thumbnail.jpg?resize=240%2C200&#038;ssl=1\" title=\"\" alt=\"CONTRATA-SE AUXILIAR ADMINISTRATIVO\" width=\"240\" height=\"200\" \/><\/a><\/p>\n<\/li>\n<li class=\"listing-card last\">\n<a class=\"listing-thumb\" href=\"https:\/\/www.tribunaribeirao.com.br\/classificadostribuna\/index.php?page=item&amp;id=3261\" title=\"CONTRATA-SE TELEMARKETING, PRODU\u00c7\u00c3O E SILK\"><img data-recalc-dims=\"1\" loading=\"lazy\" decoding=\"async\" src=\"https:\/\/i0.wp.com\/www.tribunaribeirao.com.br\/classificadostribuna\/oc-content\/uploads\/32\/3741_thumbnail.jpg?resize=240%2C200&#038;ssl=1\" title=\"\" alt=\"CONTRATA-SE TELEMARKETING, PRODU\u00c7\u00c3O E SILK\" width=\"240\" height=\"200\" \/><\/a><\/p>\n<div class=\"listing-detail\">\n<div class=\"listing-cell\">\n<div class=\"listing-data\">\n<div class=\"listing-basicinfo\">\n<a href=\"https:\/\/www.tribunaribeirao.com.br\/classificadostribuna\/index.php?page=item&amp;id=3261\" class=\"title\" title=\"CONTRATA-SE TELEMARKETING, PRODU\u00c7\u00c3O E SILK\">CONTRATA-SE TELEMARKETING, PRODU\u00c7\u00c3O E SILK<\/a><\/p>\n<p>\n<span class=\"category\">Empregos<\/span> &#8211;<br \/>\n<span class=\"location\"> <\/span> <span class=\"g-hide\">&#8211;<\/span> 26\/12\/2023 <\/p>\n<p>Empresa fabricante de copos pl\u00e1sticos admite funcion\u00e1rios para v\u00e1rias fun\u00e7\u00f5es: telemarketing, produ\u00e7\u00e3o, silk, etc. Enviar curr\u00edculos p\/ Av: Presidente Jo\u00e3o Goulart, 305 \u2013 Ribeir\u00e3o Preto ou no 16 98149-0731.<\/p>\n<\/div>\n<\/div>\n<\/div>\n<\/div>\n<\/li>\n<li class=\"listing-card \">\n<a class=\"listing-thumb\" href=\"https:\/\/www.tribunaribeirao.com.br\/classificadostribuna\/index.php?page=item&amp;id=3260\" title=\"CONTRATA-SE MEC\u00c2NICO, AJUDANTE E OFFICE BOY\"><img data-recalc-dims=\"1\" loading=\"lazy\" decoding=\"async\" src=\"https:\/\/i0.wp.com\/www.tribunaribeirao.com.br\/classificadostribuna\/oc-content\/uploads\/32\/3740_thumbnail.jpg?resize=240%2C200&#038;ssl=1\" title=\"\" alt=\"CONTRATA-SE MEC\u00c2NICO, AJUDANTE E OFFICE BOY\" width=\"240\" height=\"200\" \/><\/a><\/p>\n<div class=\"listing-detail\">\n<div class=\"listing-cell\">\n<div class=\"listing-data\">\n<div class=\"listing-basicinfo\">\n<a href=\"https:\/\/www.tribunaribeirao.com.br\/classificadostribuna\/index.php?page=item&amp;id=3260\" class=\"title\" title=\"CONTRATA-SE MEC\u00c2NICO, AJUDANTE E OFFICE BOY\">CONTRATA-SE MEC\u00c2NICO, AJUDANTE E OFFICE BOY<\/a><\/p>\n<p>\n<span class=\"category\">Empregos<\/span> &#8211;<br \/>\n<span class=\"location\"> <\/span> <span class=\"g-hide\">&#8211;<\/span> 26\/12\/2023 <\/p>\n<p>Oficina de moto contrata mec\u00e2nico e ajudante de mec\u00e2nico com experi\u00eancia e um office boy. Interessado entrar em contato na Rua: Esp\u00edrito Santo 1568 hor\u00e1rio comercial 9.9150-9708 \/ 3966-4271<\/p>\n<\/div>\n<\/div>\n<\/div>\n<\/div>\n<\/li>\n<li class=\"listing-card \">\n<a class=\"listing-thumb\" href=\"https:\/\/www.tribunaribeirao.com.br\/classificadostribuna\/index.php?page=item&amp;id=3259\" title=\"CONTRATA-SE SECRET\u00c1RIA\"><img data-recalc-dims=\"1\" loading=\"lazy\" decoding=\"async\" src=\"https:\/\/i0.wp.com\/www.tribunaribeirao.com.br\/classificadostribuna\/oc-content\/uploads\/32\/3739_thumbnail.jpg?resize=240%2C200&#038;ssl=1\" title=\"\" alt=\"CONTRATA-SE SECRET\u00c1RIA\" width=\"240\" height=\"200\" \/><\/a><\/p>\n<div class=\"listing-detail\">\n<div class=\"listing-cell\">\n<div class=\"listing-data\">\n<div class=\"listing-basicinfo\">\n<a href=\"https:\/\/www.tribunaribeirao.com.br\/classificadostribuna\/index.php?page=item&amp;id=3259\" class=\"title\" title=\"CONTRATA-SE SECRET\u00c1RIA\">CONTRATA-SE SECRET\u00c1RIA<\/a><\/p>\n<p>\n<span class=\"category\">Empregos<\/span> &#8211;<br \/>\n<span class=\"location\"> <\/span> <span class=\"g-hide\">&#8211;<\/span> 26\/12\/2023 <\/p>\n<p>Consult\u00f3rio m\u00e9dico no centro de Ribeir\u00e3o Preto. Usu\u00e1ria de pacote office, Internet.\u00a0 Segundo grau completo.\u00a0 Desej\u00e1vel experi\u00eancia.\u00a0<a href=\"https:\/\/www.tribunaribeirao.com.br\/cdn-cgi\/l\/email-protection\" class=\"__cf_email__\" data-cfemail=\"1d5e717473747e7c5d7b7c7f747271686733707879337f6f\">[email\u00a0protected]<\/a>\u00a0<\/p>\n<\/div>\n<\/div>\n<\/div>\n<\/div>\n<\/li>\n<\/ul>\n<\/div>\n<!-- CONTENT END 1 -->\n","protected":false},"excerpt":{"rendered":"<p>An\u00fancios CONTRATA-SE ASSISTENTE CONT\u00c1BIL (FEMININO) Empregos &#8211; &#8211; 02\/02\/2024 Contrata-se. Carga hor\u00e1ria: 40 horas semanais. Dias trabalhados: de segunda a sexta. Sal\u00e1rio: R$ 2.500,00 bruto&#8230;.<\/p>\n","protected":false},"author":1,"featured_media":34934,"comment_status":"open","ping_status":"open","sticky":false,"template":"","format":"standard","meta":{"advanced_seo_description":"","jetpack_seo_html_title":"","jetpack_seo_noindex":false,"jetpack_post_was_ever_published":false,"_jetpack_newsletter_access":"","_jetpack_dont_email_post_to_subs":false,"_jetpack_newsletter_tier_id":0,"_jetpack_memberships_contains_paywalled_content":false,"_jetpack_memberships_contains_paid_content":false,"footnotes":"","jetpack_publicize_message":"","jetpack_publicize_feature_enabled":true,"jetpack_social_post_already_shared":true,"jetpack_social_options":{"image_generator_settings":{"template":"highway","default_image_id":0,"font":"","enabled":false},"version":2}},"categories":[7],"tags":[],"class_list":["post-34933","post","type-post","status-publish","format-standard","has-post-thumbnail","hentry","category-vagas-de-empregos-em-ribeirao-preto-regiao-brasil"],"jetpack_publicize_connections":[],"jetpack_featured_media_url":"https:\/\/i0.wp.com\/noticiasribeiraopreto.com.br\/wp-content\/uploads\/2024\/02\/3879_thumbnail.jpg?fit=240%2C200&ssl=1","jetpack-related-posts":[{"id":39284,"url":"https:\/\/noticiasribeiraopreto.com.br\/index.php\/2024\/02\/24\/contrata-se-vendedor-a-frete\/","url_meta":{"origin":34933,"position":0},"title":"CONTRATA-SE VENDEDOR (A) FRETE","author":"noticiasribeiraopreto.com.br","date":"24 de February de 2024","format":false,"excerpt":"An\u00fancios CONTRATA-SE VENDEDOR (A) FRETE Empregos - - 23\/02\/2024 Empresa do setor de Transportes e Log\u00edstica contrata Vendedor (a) de Frete. Responsabilidades:\u00a0Prospec\u00e7\u00e3o de Clientes, Cota\u00e7\u00f5es, Visitas, Follow-up. Requisitos: Necess\u00e1rio experi\u00eancia com venda de frete. Proativo (a), din\u00e2mico (a) e comunicativo (a).... Servi\u00e7os de Limpeza Empregos - - 21\/02\/2024 Somos da\u00a0Prime\u2026","rel":"","context":"In &quot;Vagas de Emprego em Ribeir\u00e3o Preto-SP&quot;","block_context":{"text":"Vagas de Emprego em Ribeir\u00e3o Preto-SP","link":"https:\/\/noticiasribeiraopreto.com.br\/index.php\/category\/empregos-classificados-vagas-trabalho\/vagas-de-empregos-em-ribeirao-preto-regiao-brasil\/"},"img":{"alt_text":"CONTRATA-SE VENDEDOR (A) FRETE","src":"https:\/\/i0.wp.com\/www.tribunaribeirao.com.br\/classificadostribuna\/oc-content\/uploads\/34\/3955_thumbnail.jpg?resize=350%2C200&ssl=1","width":350,"height":200},"classes":[]},{"id":40748,"url":"https:\/\/noticiasribeiraopreto.com.br\/index.php\/2024\/03\/05\/contrata-se-cuidadora\/","url_meta":{"origin":34933,"position":1},"title":"CONTRATA-SE CUIDADORA","author":"noticiasribeiraopreto.com.br","date":"5 de March de 2024","format":false,"excerpt":"An\u00fancios CONTRATA-SE CUIDADORA Empregos - - 05\/03\/2024 Estamos contratando cuidadora com experi\u00eancia e refer\u00eancia para cuidar de senhora com Alzheimer e cadeirante para tr\u00eas dias da semana per\u00edodo noturno e diurno. As interessadas dever\u00e3o entrar em contato as segundas as sextas-feiras pelo Cel (16) 99794... CONTRATA-SE VENDEDOR (A) FRETE Empregos\u2026","rel":"","context":"In &quot;Vagas de Emprego em Ribeir\u00e3o Preto-SP&quot;","block_context":{"text":"Vagas de Emprego em Ribeir\u00e3o Preto-SP","link":"https:\/\/noticiasribeiraopreto.com.br\/index.php\/category\/empregos-classificados-vagas-trabalho\/vagas-de-empregos-em-ribeirao-preto-regiao-brasil\/"},"img":{"alt_text":"CONTRATA-SE CUIDADORA","src":"https:\/\/i0.wp.com\/www.tribunaribeirao.com.br\/classificadostribuna\/oc-content\/uploads\/34\/3983_thumbnail.jpg?resize=350%2C200&ssl=1","width":350,"height":200},"classes":[]},{"id":42602,"url":"https:\/\/noticiasribeiraopreto.com.br\/index.php\/2024\/03\/15\/contrata-se-auxiliar-de-estoque-2\/","url_meta":{"origin":34933,"position":2},"title":"CONTRATA-SE AUXILIAR DE ESTOQUE","author":"noticiasribeiraopreto.com.br","date":"15 de March de 2024","format":false,"excerpt":"An\u00fancios CONTRATA-SE PEDREIRO E AJUDANTE DE PEDREIRO Empregos - - 07\/03\/2024 Oliveira Piscinas contrata. De prefer\u00eancia com condu\u00e7\u00e3o, para trabalhar em obras de constru\u00e7\u00e3o de piscina, casa de m\u00e1quinas, \u00e1rea gourmet, etc. Contato: (16) 99198-2527 Alessandro. CONTRATA-SE CUIDADORA Empregos - - 05\/03\/2024 Estamos contratando cuidadora com experi\u00eancia e refer\u00eancia para\u2026","rel":"","context":"In &quot;Vagas de Emprego em Ribeir\u00e3o Preto-SP&quot;","block_context":{"text":"Vagas de Emprego em Ribeir\u00e3o Preto-SP","link":"https:\/\/noticiasribeiraopreto.com.br\/index.php\/category\/empregos-classificados-vagas-trabalho\/vagas-de-empregos-em-ribeirao-preto-regiao-brasil\/"},"img":{"alt_text":"CONTRATA-SE AUXILIAR DE ESTOQUE","src":"https:\/\/i0.wp.com\/www.tribunaribeirao.com.br\/classificadostribuna\/oc-content\/uploads\/35\/4012_thumbnail.jpg?resize=350%2C200&ssl=1","width":350,"height":200},"classes":[]},{"id":37126,"url":"https:\/\/noticiasribeiraopreto.com.br\/index.php\/2024\/02\/14\/contrata-se-lavador-automotivo\/","url_meta":{"origin":34933,"position":3},"title":"CONTRATA-SE LAVADOR AUTOMOTIVO","author":"noticiasribeiraopreto.com.br","date":"14 de February de 2024","format":false,"excerpt":"An\u00fancios CONTRATA-SE LAVADOR AUTOMOTIVO Empregos - - 14\/02\/2024 Responsabilidades: Ser comprometido e respons\u00e1vel. Requisitos: Ter experi\u00eancia com limpeza automotiva N\u00c3O \u00e9 obrigat\u00f3rio. Ter disponibilidade de hor\u00e1rios. Os interessados dever\u00e3o entrar em contato via e-mail\u00a0[email\u00a0protected]\u00a0ou WhatsApp (... CONTRATA-SE POLIDOR AUTOMOTIVO Empregos - - 14\/02\/2024 Responsabilidades: Realizar servi\u00e7o de polimento automotivo, manusear\u2026","rel":"","context":"In &quot;Vagas de Emprego em Ribeir\u00e3o Preto-SP&quot;","block_context":{"text":"Vagas de Emprego em Ribeir\u00e3o Preto-SP","link":"https:\/\/noticiasribeiraopreto.com.br\/index.php\/category\/empregos-classificados-vagas-trabalho\/vagas-de-empregos-em-ribeirao-preto-regiao-brasil\/"},"img":{"alt_text":"CONTRATA-SE LAVADOR AUTOMOTIVO","src":"https:\/\/i0.wp.com\/www.tribunaribeirao.com.br\/classificadostribuna\/oc-content\/uploads\/34\/3926_thumbnail.jpg?resize=350%2C200&ssl=1","width":350,"height":200},"classes":[]},{"id":54178,"url":"https:\/\/noticiasribeiraopreto.com.br\/index.php\/2024\/07\/02\/contrata-se-costureira\/","url_meta":{"origin":34933,"position":4},"title":"CONTRATA-SE COSTUREIRA","author":"noticiasribeiraopreto.com.br","date":"2 de July de 2024","format":false,"excerpt":"An\u00fancios CONTRATA-SE COSTUREIRA Empregos - - 02\/07\/2024 Confec\u00e7\u00e3o de moda praia precisa de costureira com pr\u00e1tica. Interessados comparecer \u00e0 Avenida Jo\u00e3o Fiusa, 1287 \u2013 Ribeir\u00e3o Preto\/SP em hor\u00e1rio comercial. CONTRATA-SE ASSISTENTE CONT\u00c1BIL (FEMININO) Empregos - - 02\/07\/2024 Carga hor\u00e1ria: 40 horas semanais.Dias trabalhados: de segunda a sexta. Sal\u00e1rio: R$ 2.500,00\u2026","rel":"","context":"In &quot;Vagas de Emprego em Ribeir\u00e3o Preto-SP&quot;","block_context":{"text":"Vagas de Emprego em Ribeir\u00e3o Preto-SP","link":"https:\/\/noticiasribeiraopreto.com.br\/index.php\/category\/empregos-classificados-vagas-trabalho\/vagas-de-empregos-em-ribeirao-preto-regiao-brasil\/"},"img":{"alt_text":"CONTRATA-SE COSTUREIRA","src":"https:\/\/i0.wp.com\/tribunaribeirao.com.br\/classificadostribuna\/oc-content\/uploads\/37\/4315_thumbnail.jpg?resize=350%2C200&ssl=1","width":350,"height":200},"classes":[]},{"id":54582,"url":"https:\/\/noticiasribeiraopreto.com.br\/index.php\/2024\/07\/13\/contrata-se-tosadora-com-experiencia\/","url_meta":{"origin":34933,"position":5},"title":"CONTRATA-SE TOSADORA COM EXPERI\u00caNCIA","author":"noticiasribeiraopreto.com.br","date":"13 de July de 2024","format":false,"excerpt":"An\u00fancios VAGAS PARA PCD E REABILITADOS Empregos - - 11\/07\/2024 Empresa em grande expans\u00e3o no mercado, contrata Recuperadores de Cr\u00e9ditos (Vagas para PCD e Reabilitados). Carga hor\u00e1ria de 6 horas di\u00e1rias de Segunda a S\u00e1bado (das 08h \u00e0s 14h ou das 14h \u00e0s 20h). Interessados favor encaminhar o curr\u00edculo no\u2026","rel":"","context":"In &quot;Vagas de Emprego em Ribeir\u00e3o Preto-SP&quot;","block_context":{"text":"Vagas de Emprego em Ribeir\u00e3o Preto-SP","link":"https:\/\/noticiasribeiraopreto.com.br\/index.php\/category\/empregos-classificados-vagas-trabalho\/vagas-de-empregos-em-ribeirao-preto-regiao-brasil\/"},"img":{"alt_text":"CONTRATA-SE TOSADORA COM EXPERI\u00caNCIA","src":"https:\/\/i0.wp.com\/tribunaribeirao.com.br\/classificadostribuna\/oc-content\/uploads\/39\/4438_thumbnail.jpg?resize=350%2C200&ssl=1","width":350,"height":200},"classes":[]}],"jetpack_sharing_enabled":true,"jetpack_shortlink":"https:\/\/wp.me\/peQAOb-95r","_links":{"self":[{"href":"https:\/\/noticiasribeiraopreto.com.br\/index.php\/wp-json\/wp\/v2\/posts\/34933","targetHints":{"allow":["GET"]}}],"collection":[{"href":"https:\/\/noticiasribeiraopreto.com.br\/index.php\/wp-json\/wp\/v2\/posts"}],"about":[{"href":"https:\/\/noticiasribeiraopreto.com.br\/index.php\/wp-json\/wp\/v2\/types\/post"}],"author":[{"embeddable":true,"href":"https:\/\/noticiasribeiraopreto.com.br\/index.php\/wp-json\/wp\/v2\/users\/1"}],"replies":[{"embeddable":true,"href":"https:\/\/noticiasribeiraopreto.com.br\/index.php\/wp-json\/wp\/v2\/comments?post=34933"}],"version-history":[{"count":0,"href":"https:\/\/noticiasribeiraopreto.com.br\/index.php\/wp-json\/wp\/v2\/posts\/34933\/revisions"}],"wp:featuredmedia":[{"embeddable":true,"href":"https:\/\/noticiasribeiraopreto.com.br\/index.php\/wp-json\/wp\/v2\/media\/34934"}],"wp:attachment":[{"href":"https:\/\/noticiasribeiraopreto.com.br\/index.php\/wp-json\/wp\/v2\/media?parent=34933"}],"wp:term":[{"taxonomy":"category","embeddable":true,"href":"https:\/\/noticiasribeiraopreto.com.br\/index.php\/wp-json\/wp\/v2\/categories?post=34933"},{"taxonomy":"post_tag","embeddable":true,"href":"https:\/\/noticiasribeiraopreto.com.br\/index.php\/wp-json\/wp\/v2\/tags?post=34933"}],"curies":[{"name":"wp","href":"https:\/\/api.w.org\/{rel}","templated":true}]}}