{"id":34935,"date":"2024-02-04T14:06:24","date_gmt":"2024-02-04T17:06:24","guid":{"rendered":"https:\/\/noticiasribeiraopreto.com.br\/index.php\/2024\/02\/04\/foi-demitido-nao-se-desespere-veja-cinco-passos-para-se-organizar-apos-demissao\/"},"modified":"2024-02-04T14:06:24","modified_gmt":"2024-02-04T17:06:24","slug":"foi-demitido-nao-se-desespere-veja-cinco-passos-para-se-organizar-apos-demissao","status":"publish","type":"post","link":"https:\/\/noticiasribeiraopreto.com.br\/index.php\/2024\/02\/04\/foi-demitido-nao-se-desespere-veja-cinco-passos-para-se-organizar-apos-demissao\/","title":{"rendered":"Foi demitido? N\u00e3o se desespere. Veja cinco passos para se organizar ap\u00f3s demiss\u00e3o"},"content":{"rendered":"<div class='code-block code-block-1' style='margin: 8px 0 8px auto; text-align: right; display: block; clear: both;'>\n<p><a href=\"https:\/\/wa.link\/vpicfd\"><img data-recalc-dims=\"1\" class=\"wp-image-4922\" style=\"aspect-ratio: 2.0253164556962027; width: 561px; height: auto;\" src=\"https:\/\/i0.wp.com\/ismaelcolosi.com.br\/wp-content\/uploads\/2023\/11\/grupo-de-empregos-whatsapp-e-facebook-ismael-colosi-vagas.jpg?ssl=1\" alt=\"\" \/><\/a><\/p>\n<!-- \/wp:image -->\n<\/div>\n<p> <br \/>\n<\/p>\n<div>\n<div id=\"attachment_593657\" class=\"wp-caption alignnone style=\" max-width:=\"\"><img data-recalc-dims=\"1\" fetchpriority=\"high\" decoding=\"async\" class=\"alignnone wp-image-593657 size-medium\" src=\"https:\/\/i0.wp.com\/forbes.com.br\/wp-content\/uploads\/2024\/02\/demissao-768x512.jpg?resize=678%2C452&#038;ssl=1\" http:=\"\" alt=\"Getty images\" width=\"678\" height=\"452\" data-lazy-src=\"https:\/\/forbes.com.br\/wp-content\/uploads\/2024\/02\/demissao-768x512.jpg\"\/><noscript><img data-recalc-dims=\"1\" fetchpriority=\"high\" decoding=\"async\" class=\"alignnone wp-image-593657 size-medium\" src=\"https:\/\/i0.wp.com\/forbes.com.br\/wp-content\/uploads\/2024\/02\/demissao-768x512.jpg?resize=678%2C452&#038;ssl=1\" alt=\"Getty images\" width=\"678\" height=\"452\"\/><\/noscript><\/p>\n<p>Getty images<\/p>\n<p class=\"wp-caption-text\">O recurso mais valioso que voc\u00ea pode investir em sua busca por emprego \u00e9 o tempo, n\u00e3o o dinheiro.<\/p>\n<\/div>\n<p>Ap\u00f3s uma demiss\u00e3o, uma das principais preocupa\u00e7\u00f5es \u00e9 o dinheiro. Sem um sal\u00e1rio, surgem d\u00favidas sobre como pagar as contas e quanto tempo levar\u00e1 para conseguir o pr\u00f3ximo emprego. Por mais urgente que a situa\u00e7\u00e3o pare\u00e7a, n\u00e3o se desespere.<\/p>\n<ul>\n<li>\n<h3>Siga o canal da <a href=\"https:\/\/whatsapp.com\/channel\/0029Va9gQKwBFLgM96cJnu0u\" target=\"_blank\" rel=\"noopener\">Forbes<\/a> e de <a href=\"https:\/\/whatsapp.com\/channel\/0029VaAZk57JuyA9F4UwQc2I\" target=\"_blank\" rel=\"noopener\">Forbes Money<\/a> no WhatsApp e receba as principais not\u00edcias sobre neg\u00f3cios, carreira, tecnologia e estilo de vida<\/h3>\n<\/li>\n<\/ul>\n<p>O recurso mais valioso que voc\u00ea pode investir em sua busca por emprego \u00e9 o tempo, n\u00e3o o dinheiro. Ap\u00f3s uma demiss\u00e3o, voc\u00ea disp\u00f5e de muito tempo e pouco dinheiro, ent\u00e3o utilize cada um deles sabiamente. Dedique tempo \u00e0 pesquisa, marketing, networking, assim como explore maneiras de se cuidar de forma econ\u00f4mica enquanto busca por um novo emprego.<\/p>\n<h2>Aqui est\u00e3o cinco dicas para se organizar ap\u00f3s uma demiss\u00e3o:<\/h2>\n<p>\u00a0<\/p>\n<div class=\"pksGallery\">\n<div class=\"stage\">\n<span class=\"back\"\/><br \/>\n<span class=\"next\"\/><\/p>\n<ul>\n<li>\n<div>\n<span><br \/>\n<img data-recalc-dims=\"1\" height=\"533\" width=\"800\" decoding=\"async\" src=\"https:\/\/i0.wp.com\/forbes.com.br\/wp-content\/uploads\/2024\/02\/orcamento-800x533.jpg?resize=800%2C533&#038;ssl=1\" http:=\"\" data-lazy-src=\"https:\/\/forbes.com.br\/wp-content\/uploads\/2024\/02\/orcamento-800x533.jpg\"\/><noscript><img data-recalc-dims=\"1\" height=\"533\" width=\"800\" decoding=\"async\" src=\"https:\/\/i0.wp.com\/forbes.com.br\/wp-content\/uploads\/2024\/02\/orcamento-800x533.jpg?resize=800%2C533&#038;ssl=1\"\/><\/noscript><\/p>\n<article>\n<span class=\"credito\">Getty Images<\/span><\/p>\n<h3>1 \u2013 CALCULE SUA RESERVA DE EMERG\u00caNCIA<\/h3>\n<p>Saber como voc\u00ea pagar\u00e1 suas contas e por quanto tempo esse dinheiro durar\u00e1 lhe d\u00e1 um prazo para sua busca de emprego. Calcule seus gastos mensais. Uma maneira r\u00e1pida de fazer isso \u00e9 analisar todas as contas pagas e saques em dinheiro feitos no per\u00edodo de um ano e dividir por 12 meses.<\/p>\n<p>Com seus gastos conhecidos, calcule suas fontes de renda, que incluem a indeniza\u00e7\u00e3o da demiss\u00e3o, economias, trabalho paralelo e renda passiva. Divida sua renda mensal por suas despesas mensais, e isso corresponder\u00e1 ao n\u00famero de meses que voc\u00ea tem para conseguir seu pr\u00f3ximo emprego.<\/p>\n<\/article>\n<p><\/span>\n<\/div>\n<\/li>\n<li>\n<div>\n<span><br \/>\n<img data-recalc-dims=\"1\" height=\"533\" width=\"800\" decoding=\"async\" src=\"https:\/\/i0.wp.com\/forbes.com.br\/wp-content\/uploads\/2024\/02\/calculadora-800x533.jpg?resize=800%2C533&#038;ssl=1\" http:=\"\" data-lazy-src=\"https:\/\/forbes.com.br\/wp-content\/uploads\/2024\/02\/calculadora-800x533.jpg\"\/><noscript><img data-recalc-dims=\"1\" height=\"533\" width=\"800\" decoding=\"async\" src=\"https:\/\/i0.wp.com\/forbes.com.br\/wp-content\/uploads\/2024\/02\/calculadora-800x533.jpg?resize=800%2C533&#038;ssl=1\"\/><\/noscript><\/p>\n<article>\n<span class=\"credito\">Getty<\/span><\/p>\n<h3>2 \u2013 IDENTIFIQUE OPORTUNIDADES DE ECONOMIA<\/h3>\n<p>Voc\u00ea pode prolongar seu prazo reduzindo o n\u00famero de despesas. Revise todos os gastos que n\u00e3o s\u00e3o necess\u00e1rios para o seu dia a dia. Muitos s\u00e3o feitos por conveni\u00eancia, n\u00e3o necessidade. Por exemplo, servi\u00e7os de streaming podem ser substitu\u00eddos por visitas a amigos, a entrega de refei\u00e7\u00f5es \u00e9 sup\u00e9rflua quando voc\u00ea tem tempo para cozinhar, e a assinatura de academia pode ser substitu\u00edda por rotinas de treino gratuitas online ou caminhadas ao ar livre.<\/p>\n<\/article>\n<p><\/span>\n<\/div>\n<\/li>\n<li>\n<div>\n<span><br \/>\n<img data-recalc-dims=\"1\" height=\"533\" width=\"800\" decoding=\"async\" src=\"https:\/\/i0.wp.com\/forbes.com.br\/wp-content\/uploads\/2024\/02\/livro-800x533.jpg?resize=800%2C533&#038;ssl=1\" http:=\"\" data-lazy-src=\"https:\/\/forbes.com.br\/wp-content\/uploads\/2024\/02\/livro-800x533.jpg\"\/><noscript><img data-recalc-dims=\"1\" height=\"533\" width=\"800\" decoding=\"async\" src=\"https:\/\/i0.wp.com\/forbes.com.br\/wp-content\/uploads\/2024\/02\/livro-800x533.jpg?resize=800%2C533&#038;ssl=1\"\/><\/noscript><\/p>\n<article>\n<span class=\"credito\">Getty Images<\/span><\/p>\n<h3>3 \u2013 LISTE IDEIAS DE LAZER COM CUSTO BAIXO<\/h3>\n<p>Quanto \u00e0s despesas que contribuem para o seu bem-estar, defina o que \u00e9 verdadeiramente um investimento em compara\u00e7\u00e3o a um luxo. Considerando que reduzir despesas fornece mais tempo para sua busca de emprego, uma abordagem cautelosa seria assumir que todos os gastos vari\u00e1veis s\u00e3o uma indulg\u00eancia. Em vez disso, voc\u00ea pode fazer uma lista de ideias de maneiras gratuitas ou de baixo custo para se mimar. Por exemplo, pegue um livro emprestado na biblioteca, fa\u00e7a cursos online e aproveite as noites gratuitas em seu museu favorito. <\/p>\n<\/article>\n<p><\/span>\n<\/div>\n<\/li>\n<li>\n<div>\n<span><br \/>\n<img data-recalc-dims=\"1\" height=\"533\" width=\"800\" decoding=\"async\" src=\"https:\/\/i0.wp.com\/forbes.com.br\/wp-content\/uploads\/2024\/02\/renda-1-800x533.jpg?resize=800%2C533&#038;ssl=1\" http:=\"\" data-lazy-src=\"https:\/\/forbes.com.br\/wp-content\/uploads\/2024\/02\/renda-1-800x533.jpg\"\/><noscript><img data-recalc-dims=\"1\" height=\"533\" width=\"800\" decoding=\"async\" src=\"https:\/\/i0.wp.com\/forbes.com.br\/wp-content\/uploads\/2024\/02\/renda-1-800x533.jpg?resize=800%2C533&#038;ssl=1\"\/><\/noscript><\/p>\n<article>\n<span class=\"credito\">Getty Images<\/span><\/p>\n<h3>4 \u2013 BUSQUE NOVAS FONTES DE RECEITA<\/h3>\n<p>Procure trabalhos tempor\u00e1rios ou de consultoria que voc\u00ea possa realizar enquanto busca emprego. Mesmo seu ex-empregador, apesar da recente demiss\u00e3o, pode ser uma op\u00e7\u00e3o. Eles talvez n\u00e3o tenham vagas para mant\u00ea-lo em tempo integral, mas ainda podem precisar dos seus servi\u00e7os. Talvez outra \u00e1rea da sua antiga empresa necessite de sua experi\u00eancia. Ou considere iniciar um trabalho paralelo que permita ainda dedicar tempo \u00e0 busca por emprego.<\/p>\n<\/article>\n<p><\/span>\n<\/div>\n<\/li>\n<li>\n<\/li>\n<li>\n<div>\n<span><br \/>\n<img data-recalc-dims=\"1\" height=\"533\" width=\"800\" decoding=\"async\" src=\"https:\/\/i0.wp.com\/forbes.com.br\/wp-content\/uploads\/2024\/02\/telefone-1-800x533.jpg?resize=800%2C533&#038;ssl=1\" http:=\"\" data-lazy-src=\"https:\/\/forbes.com.br\/wp-content\/uploads\/2024\/02\/telefone-1-800x533.jpg\"\/><noscript><img data-recalc-dims=\"1\" height=\"533\" width=\"800\" decoding=\"async\" src=\"https:\/\/i0.wp.com\/forbes.com.br\/wp-content\/uploads\/2024\/02\/telefone-1-800x533.jpg?resize=800%2C533&#038;ssl=1\"\/><\/noscript><\/p>\n<article>\n<span class=\"credito\">Getty Images<\/span><\/p>\n<h3>5- INVISTA EM SUA BUSCA POR EMPREGO COM TEMPO<\/h3>\n<p>Voc\u00ea pode realizar uma busca de emprego cuidadosa e proativa sem gastar muito dinheiro. Seu maior investimento ser\u00e1 o tempo. \u00c9 necess\u00e1rio tempo para pesquisar poss\u00edveis op\u00e7\u00f5es de carreira, empresas e setores. Voc\u00ea precisa de tempo para atualizar seu curr\u00edculo, perfil no LinkedIn e outras estrat\u00e9gias de marketing<\/p>\n<p>\u00c9 importante realizar networking para obter informa\u00e7\u00f5es e ideias de carreira, mas voc\u00ea n\u00e3o precisa almo\u00e7ar com todas as pessoas com quem fala. A maioria das pessoas est\u00e1 t\u00e3o ocupada que provavelmente preferiria uma liga\u00e7\u00e3o ou uma v\u00eddeo chamada. Voc\u00ea sempre pode enviar um vale-presente para o caf\u00e9 favorito delas como agradecimento depois de conseguir o emprego!<\/p>\n<\/article>\n<p><\/span>\n<\/div>\n<\/li>\n<\/ul>\n<\/div>\n<div class=\"description\">\n<span class=\"credito\">Getty Images<\/span><\/p>\n<h3>1 \u2013 CALCULE SUA RESERVA DE EMERG\u00caNCIA<\/h3>\n<p>Saber como voc\u00ea pagar\u00e1 suas contas e por quanto tempo esse dinheiro durar\u00e1 lhe d\u00e1 um prazo para sua busca de emprego. Calcule seus gastos mensais. Uma maneira r\u00e1pida de fazer isso \u00e9 analisar todas as contas pagas e saques em dinheiro feitos no per\u00edodo de um ano e dividir por 12 meses.<\/p>\n<p>Com seus gastos conhecidos, calcule suas fontes de renda, que incluem a indeniza\u00e7\u00e3o da demiss\u00e3o, economias, trabalho paralelo e renda passiva. Divida sua renda mensal por suas despesas mensais, e isso corresponder\u00e1 ao n\u00famero de meses que voc\u00ea tem para conseguir seu pr\u00f3ximo emprego.<\/p>\n<\/div>\n<\/div>\n<\/div>\n<p><script type=\"rocketlazyloadscript\">\n\t\t\t\t(function(d, s, id){\n\t\t\t\t\tvar js, fjs = d.getElementsByTagName(s)[0];\n\t\t\t\t\tif (d.getElementById(id)) return;\n\t\t\t\t\tjs = d.createElement(s); js.id = id;\n\t\t\t\t\tjs.src = \"\/\/connect.facebook.net\/pt_BR\/sdk.js#xfbml=1&version=v2.9\";\n\t\t\t\t\tfjs.parentNode.insertBefore(js, fjs);\n\t\t\t\t}(document, 'script', 'facebook-jssdk'));\n\t\t\t<\/script><br \/>\n<br \/><br \/>\n<br \/><a href=\"https:\/\/forbes.com.br\/forbes-money\/2024\/02\/foi-demitido-nao-se-desespere-veja-cinco-passos-para-se-organizar-apos-demissao\/\">Source link <\/a><\/p>\n<!-- CONTENT END 1 -->\n","protected":false},"excerpt":{"rendered":"<p>Getty images O recurso mais valioso que voc\u00ea pode investir em sua busca por emprego \u00e9 o tempo, n\u00e3o o dinheiro. Ap\u00f3s uma demiss\u00e3o, uma&#8230;<\/p>\n","protected":false},"author":1,"featured_media":34936,"comment_status":"open","ping_status":"open","sticky":false,"template":"","format":"standard","meta":{"advanced_seo_description":"","jetpack_seo_html_title":"","jetpack_seo_noindex":false,"jetpack_post_was_ever_published":false,"_jetpack_newsletter_access":"","_jetpack_dont_email_post_to_subs":false,"_jetpack_newsletter_tier_id":0,"_jetpack_memberships_contains_paywalled_content":false,"_jetpack_memberships_contains_paid_content":false,"footnotes":"","jetpack_publicize_message":"","jetpack_publicize_feature_enabled":true,"jetpack_social_post_already_shared":true,"jetpack_social_options":{"image_generator_settings":{"template":"highway","default_image_id":0,"font":"","enabled":false},"version":2}},"categories":[1],"tags":[],"class_list":["post-34935","post","type-post","status-publish","format-standard","has-post-thumbnail","hentry","category-blog"],"jetpack_publicize_connections":[],"jetpack_featured_media_url":"https:\/\/i0.wp.com\/noticiasribeiraopreto.com.br\/wp-content\/uploads\/2024\/02\/demissao-1024x683.jpg?fit=1024%2C683&ssl=1","jetpack-related-posts":[{"id":24973,"url":"https:\/\/noticiasribeiraopreto.com.br\/index.php\/2024\/01\/05\/7-dicas-sobre-o-que-fazer-apos-ser-demitido\/","url_meta":{"origin":34935,"position":0},"title":"7 dicas sobre o que fazer ap\u00f3s ser demitido","author":"noticiasribeiraopreto.com.br","date":"5 de January de 2024","format":false,"excerpt":"Ser demitido nunca \u00e9 uma situa\u00e7\u00e3o agrad\u00e1vel, sendo um momento dif\u00edcil para o psicol\u00f3gico e autoestima. Por\u00e9m, a demiss\u00e3o pode acontecer por diversos motivos e, por isso, voc\u00ea n\u00e3o deve se sentir menosprezado ou culpado pela situa\u00e7\u00e3o. Nesse momento, \u00e9 preciso ter for\u00e7a e seguir em frente, aprendendo com os\u2026","rel":"","context":"In &quot;Blog&quot;","block_context":{"text":"Blog","link":"https:\/\/noticiasribeiraopreto.com.br\/index.php\/category\/blog\/"},"img":{"alt_text":"","src":"https:\/\/i0.wp.com\/noticiasribeiraopreto.com.br\/wp-content\/uploads\/2024\/01\/demissao-justa-causa.jpg?fit=1200%2C675&ssl=1&resize=350%2C200","width":350,"height":200,"srcset":"https:\/\/i0.wp.com\/noticiasribeiraopreto.com.br\/wp-content\/uploads\/2024\/01\/demissao-justa-causa.jpg?fit=1200%2C675&ssl=1&resize=350%2C200 1x, https:\/\/i0.wp.com\/noticiasribeiraopreto.com.br\/wp-content\/uploads\/2024\/01\/demissao-justa-causa.jpg?fit=1200%2C675&ssl=1&resize=525%2C300 1.5x, https:\/\/i0.wp.com\/noticiasribeiraopreto.com.br\/wp-content\/uploads\/2024\/01\/demissao-justa-causa.jpg?fit=1200%2C675&ssl=1&resize=700%2C400 2x, https:\/\/i0.wp.com\/noticiasribeiraopreto.com.br\/wp-content\/uploads\/2024\/01\/demissao-justa-causa.jpg?fit=1200%2C675&ssl=1&resize=1050%2C600 3x"},"classes":[]},{"id":23332,"url":"https:\/\/noticiasribeiraopreto.com.br\/index.php\/2024\/01\/02\/demissao-sem-justa-causa-7-direitos-que-todo-trabalhador-tem\/","url_meta":{"origin":34935,"position":1},"title":"Demiss\u00e3o sem justa causa: 7 direitos que todo trabalhador tem","author":"noticiasribeiraopreto.com.br","date":"2 de January de 2024","format":false,"excerpt":"A demiss\u00e3o sem justa causa \u00e9 aquela em que o empregador decide encerrar o contrato de trabalho sem que o empregado tenha cometido uma falta grave. Nesse caso, a empresa n\u00e3o precisa apresentar um motivo para a dispensa, mas deve cumprir com as obriga\u00e7\u00f5es trabalhistas previstas na lei. Mas voc\u00ea\u2026","rel":"","context":"In &quot;Vagas de Emprego em Ribeir\u00e3o Preto-SP&quot;","block_context":{"text":"Vagas de Emprego em Ribeir\u00e3o Preto-SP","link":"https:\/\/noticiasribeiraopreto.com.br\/index.php\/category\/empregos-classificados-vagas-trabalho\/vagas-de-empregos-em-ribeirao-preto-regiao-brasil\/"},"img":{"alt_text":"","src":"https:\/\/i0.wp.com\/noticiasribeiraopreto.com.br\/wp-content\/uploads\/2024\/01\/noticiasconcursos.com_.br-demissao-sem-justa-causa-7-direitos-que-todo-trabalhador-tem-reproducao-canva-16.jpg?fit=1200%2C800&ssl=1&resize=350%2C200","width":350,"height":200,"srcset":"https:\/\/i0.wp.com\/noticiasribeiraopreto.com.br\/wp-content\/uploads\/2024\/01\/noticiasconcursos.com_.br-demissao-sem-justa-causa-7-direitos-que-todo-trabalhador-tem-reproducao-canva-16.jpg?fit=1200%2C800&ssl=1&resize=350%2C200 1x, https:\/\/i0.wp.com\/noticiasribeiraopreto.com.br\/wp-content\/uploads\/2024\/01\/noticiasconcursos.com_.br-demissao-sem-justa-causa-7-direitos-que-todo-trabalhador-tem-reproducao-canva-16.jpg?fit=1200%2C800&ssl=1&resize=525%2C300 1.5x, https:\/\/i0.wp.com\/noticiasribeiraopreto.com.br\/wp-content\/uploads\/2024\/01\/noticiasconcursos.com_.br-demissao-sem-justa-causa-7-direitos-que-todo-trabalhador-tem-reproducao-canva-16.jpg?fit=1200%2C800&ssl=1&resize=700%2C400 2x, https:\/\/i0.wp.com\/noticiasribeiraopreto.com.br\/wp-content\/uploads\/2024\/01\/noticiasconcursos.com_.br-demissao-sem-justa-causa-7-direitos-que-todo-trabalhador-tem-reproducao-canva-16.jpg?fit=1200%2C800&ssl=1&resize=1050%2C600 3x"},"classes":[]},{"id":66911,"url":"https:\/\/noticiasribeiraopreto.com.br\/index.php\/2025\/04\/07\/jornal-da-franca-demissao-perder-o-emprego-e-ruim-para-a-saude-mas-tem-como-minimizar-o-impacto\/","url_meta":{"origin":34935,"position":2},"title":"Jornal da Franca &#8211; Demiss\u00e3o: Perder o emprego \u00e9 ruim para a sa\u00fade, mas tem como minimizar o impacto","author":"noticiasribeiraopreto.com.br","date":"7 de April de 2025","format":false,"excerpt":"compartilhar no whatsapp compartilhar no telegram compartilhar no facebook compartilhar no linkedin Al\u00e9m de problemas financeiros, a demiss\u00e3o tamb\u00e9m pode afetar a sa\u00fade f\u00edsica e mental \u2013 foto Arquivo \u00a0 Quando as pessoas perdem seus empregos, elas t\u00eam problemas reais. Normalmente, por exemplo, sua renda e poupan\u00e7a diminuem. Elas podem\u2026","rel":"","context":"In &quot;Not\u00edcias de Franca-SP&quot;","block_context":{"text":"Not\u00edcias de Franca-SP","link":"https:\/\/noticiasribeiraopreto.com.br\/index.php\/category\/noticias-de-ribeirao-preto-sp-e-regiao-ismael-colosi\/noticias-franca-sp\/"},"img":{"alt_text":"","src":"https:\/\/i0.wp.com\/noticiasribeiraopreto.com.br\/wp-content\/uploads\/2025\/04\/demissao.jpg?fit=924%2C679&ssl=1&resize=350%2C200","width":350,"height":200,"srcset":"https:\/\/i0.wp.com\/noticiasribeiraopreto.com.br\/wp-content\/uploads\/2025\/04\/demissao.jpg?fit=924%2C679&ssl=1&resize=350%2C200 1x, https:\/\/i0.wp.com\/noticiasribeiraopreto.com.br\/wp-content\/uploads\/2025\/04\/demissao.jpg?fit=924%2C679&ssl=1&resize=525%2C300 1.5x, https:\/\/i0.wp.com\/noticiasribeiraopreto.com.br\/wp-content\/uploads\/2025\/04\/demissao.jpg?fit=924%2C679&ssl=1&resize=700%2C400 2x"},"classes":[]},{"id":54219,"url":"https:\/\/noticiasribeiraopreto.com.br\/index.php\/2024\/07\/05\/pedir-demissao-na-experiencia-paga-multa-entenda-a-lei\/","url_meta":{"origin":34935,"position":3},"title":"Pedir demiss\u00e3o na experi\u00eancia paga multa? Entenda a lei","author":"noticiasribeiraopreto.com.br","date":"5 de July de 2024","format":false,"excerpt":"Quando nos perguntamos se pedir demiss\u00e3o na experi\u00eancia paga multa, a resposta \u00e9 \u201cdepende\u201d. O per\u00edodo de adapta\u00e7\u00e3o \u00e9 crucial para voc\u00ea entender se voc\u00ea se encaixa na fun\u00e7\u00e3o e combina com a cultura organizacional da empresa. Em alguns casos, tamb\u00e9m serve para voc\u00ea entender que aquela n\u00e3o \u00e9 a\u2026","rel":"","context":"In &quot;Blog&quot;","block_context":{"text":"Blog","link":"https:\/\/noticiasribeiraopreto.com.br\/index.php\/category\/blog\/"},"img":{"alt_text":"","src":"https:\/\/i0.wp.com\/noticiasribeiraopreto.com.br\/wp-content\/uploads\/2024\/07\/Pedir-demissao-na-experiencia-paga-multa.png?fit=1200%2C627&ssl=1&resize=350%2C200","width":350,"height":200,"srcset":"https:\/\/i0.wp.com\/noticiasribeiraopreto.com.br\/wp-content\/uploads\/2024\/07\/Pedir-demissao-na-experiencia-paga-multa.png?fit=1200%2C627&ssl=1&resize=350%2C200 1x, https:\/\/i0.wp.com\/noticiasribeiraopreto.com.br\/wp-content\/uploads\/2024\/07\/Pedir-demissao-na-experiencia-paga-multa.png?fit=1200%2C627&ssl=1&resize=525%2C300 1.5x, https:\/\/i0.wp.com\/noticiasribeiraopreto.com.br\/wp-content\/uploads\/2024\/07\/Pedir-demissao-na-experiencia-paga-multa.png?fit=1200%2C627&ssl=1&resize=700%2C400 2x, https:\/\/i0.wp.com\/noticiasribeiraopreto.com.br\/wp-content\/uploads\/2024\/07\/Pedir-demissao-na-experiencia-paga-multa.png?fit=1200%2C627&ssl=1&resize=1050%2C600 3x"},"classes":[]},{"id":23330,"url":"https:\/\/noticiasribeiraopreto.com.br\/index.php\/2024\/01\/02\/pedido-de-demissao-quais-sao-os-direitos-do-trabalhador-entenda-tudo\/","url_meta":{"origin":34935,"position":4},"title":"Pedido de demiss\u00e3o: quais s\u00e3o os direitos do trabalhador? Entenda tudo","author":"noticiasribeiraopreto.com.br","date":"2 de January de 2024","format":false,"excerpt":"Voc\u00ea est\u00e1 pensando em pedir demiss\u00e3o do seu emprego? Saiba que essa \u00e9 uma decis\u00e3o que envolve alguns direitos e deveres que voc\u00ea deve conhecer antes de formalizar o seu pedido. Neste post, vamos explicar quais s\u00e3o as modalidades de rescis\u00e3o do contrato de trabalho, quais os direitos do trabalhador\u2026","rel":"","context":"In &quot;Vagas de Emprego em Ribeir\u00e3o Preto-SP&quot;","block_context":{"text":"Vagas de Emprego em Ribeir\u00e3o Preto-SP","link":"https:\/\/noticiasribeiraopreto.com.br\/index.php\/category\/empregos-classificados-vagas-trabalho\/vagas-de-empregos-em-ribeirao-preto-regiao-brasil\/"},"img":{"alt_text":"","src":"https:\/\/i0.wp.com\/noticiasribeiraopreto.com.br\/wp-content\/uploads\/2024\/01\/noticiasconcursos.com_.br-pedido-de-demissao-quais-sao-os-direitos-do-trabalhador-entenda-tudo-reproducao-canva-31.jpg?fit=1200%2C800&ssl=1&resize=350%2C200","width":350,"height":200,"srcset":"https:\/\/i0.wp.com\/noticiasribeiraopreto.com.br\/wp-content\/uploads\/2024\/01\/noticiasconcursos.com_.br-pedido-de-demissao-quais-sao-os-direitos-do-trabalhador-entenda-tudo-reproducao-canva-31.jpg?fit=1200%2C800&ssl=1&resize=350%2C200 1x, https:\/\/i0.wp.com\/noticiasribeiraopreto.com.br\/wp-content\/uploads\/2024\/01\/noticiasconcursos.com_.br-pedido-de-demissao-quais-sao-os-direitos-do-trabalhador-entenda-tudo-reproducao-canva-31.jpg?fit=1200%2C800&ssl=1&resize=525%2C300 1.5x, https:\/\/i0.wp.com\/noticiasribeiraopreto.com.br\/wp-content\/uploads\/2024\/01\/noticiasconcursos.com_.br-pedido-de-demissao-quais-sao-os-direitos-do-trabalhador-entenda-tudo-reproducao-canva-31.jpg?fit=1200%2C800&ssl=1&resize=700%2C400 2x, https:\/\/i0.wp.com\/noticiasribeiraopreto.com.br\/wp-content\/uploads\/2024\/01\/noticiasconcursos.com_.br-pedido-de-demissao-quais-sao-os-direitos-do-trabalhador-entenda-tudo-reproducao-canva-31.jpg?fit=1200%2C800&ssl=1&resize=1050%2C600 3x"},"classes":[]},{"id":52800,"url":"https:\/\/noticiasribeiraopreto.com.br\/index.php\/2024\/06\/12\/posso-pedir-demissao-nas-ferias-entenda-o-que-diz-a-lei\/","url_meta":{"origin":34935,"position":5},"title":"Posso pedir demiss\u00e3o nas f\u00e9rias? Entenda o que diz a lei","author":"noticiasribeiraopreto.com.br","date":"12 de June de 2024","format":false,"excerpt":"A decis\u00e3o de pedir demiss\u00e3o deve ser feita com planejamento e organiza\u00e7\u00e3o para que o funcion\u00e1rio n\u00e3o saia prejudicado. Para isso, deve ser feito da maneira mais adequada poss\u00edvel, conhecendo os seus direitos e o que a legisla\u00e7\u00e3o trabalhista determina sobre o assunto. Ent\u00e3o, o funcion\u00e1rio pode\u00a0pedir demiss\u00e3o\u00a0durante as suas\u2026","rel":"","context":"In &quot;Blog&quot;","block_context":{"text":"Blog","link":"https:\/\/noticiasribeiraopreto.com.br\/index.php\/category\/blog\/"},"img":{"alt_text":"","src":"https:\/\/i0.wp.com\/noticiasribeiraopreto.com.br\/wp-content\/uploads\/2024\/06\/Posso-pedir-demissao-nas-ferias-.png?fit=1200%2C627&ssl=1&resize=350%2C200","width":350,"height":200,"srcset":"https:\/\/i0.wp.com\/noticiasribeiraopreto.com.br\/wp-content\/uploads\/2024\/06\/Posso-pedir-demissao-nas-ferias-.png?fit=1200%2C627&ssl=1&resize=350%2C200 1x, https:\/\/i0.wp.com\/noticiasribeiraopreto.com.br\/wp-content\/uploads\/2024\/06\/Posso-pedir-demissao-nas-ferias-.png?fit=1200%2C627&ssl=1&resize=525%2C300 1.5x, https:\/\/i0.wp.com\/noticiasribeiraopreto.com.br\/wp-content\/uploads\/2024\/06\/Posso-pedir-demissao-nas-ferias-.png?fit=1200%2C627&ssl=1&resize=700%2C400 2x, https:\/\/i0.wp.com\/noticiasribeiraopreto.com.br\/wp-content\/uploads\/2024\/06\/Posso-pedir-demissao-nas-ferias-.png?fit=1200%2C627&ssl=1&resize=1050%2C600 3x"},"classes":[]}],"jetpack_sharing_enabled":true,"jetpack_shortlink":"https:\/\/wp.me\/peQAOb-95t","_links":{"self":[{"href":"https:\/\/noticiasribeiraopreto.com.br\/index.php\/wp-json\/wp\/v2\/posts\/34935","targetHints":{"allow":["GET"]}}],"collection":[{"href":"https:\/\/noticiasribeiraopreto.com.br\/index.php\/wp-json\/wp\/v2\/posts"}],"about":[{"href":"https:\/\/noticiasribeiraopreto.com.br\/index.php\/wp-json\/wp\/v2\/types\/post"}],"author":[{"embeddable":true,"href":"https:\/\/noticiasribeiraopreto.com.br\/index.php\/wp-json\/wp\/v2\/users\/1"}],"replies":[{"embeddable":true,"href":"https:\/\/noticiasribeiraopreto.com.br\/index.php\/wp-json\/wp\/v2\/comments?post=34935"}],"version-history":[{"count":0,"href":"https:\/\/noticiasribeiraopreto.com.br\/index.php\/wp-json\/wp\/v2\/posts\/34935\/revisions"}],"wp:featuredmedia":[{"embeddable":true,"href":"https:\/\/noticiasribeiraopreto.com.br\/index.php\/wp-json\/wp\/v2\/media\/34936"}],"wp:attachment":[{"href":"https:\/\/noticiasribeiraopreto.com.br\/index.php\/wp-json\/wp\/v2\/media?parent=34935"}],"wp:term":[{"taxonomy":"category","embeddable":true,"href":"https:\/\/noticiasribeiraopreto.com.br\/index.php\/wp-json\/wp\/v2\/categories?post=34935"},{"taxonomy":"post_tag","embeddable":true,"href":"https:\/\/noticiasribeiraopreto.com.br\/index.php\/wp-json\/wp\/v2\/tags?post=34935"}],"curies":[{"name":"wp","href":"https:\/\/api.w.org\/{rel}","templated":true}]}}