{"id":3497,"date":"2023-11-18T18:56:23","date_gmt":"2023-11-18T21:56:23","guid":{"rendered":"https:\/\/noticiasribeiraopreto.com.br\/index.php\/2023\/11\/18\/botafogo-perde-para-o-criciuma-na-serie-b-e-equipe-catarinense-conquista-o-acesso\/"},"modified":"2023-11-18T18:56:23","modified_gmt":"2023-11-18T21:56:23","slug":"botafogo-perde-para-o-criciuma-na-serie-b-e-equipe-catarinense-conquista-o-acesso","status":"publish","type":"post","link":"https:\/\/noticiasribeiraopreto.com.br\/index.php\/2023\/11\/18\/botafogo-perde-para-o-criciuma-na-serie-b-e-equipe-catarinense-conquista-o-acesso\/","title":{"rendered":"Botafogo perde para o Crici\u00fama na S\u00e9rie B e equipe catarinense conquista o acesso"},"content":{"rendered":"<div class='code-block code-block-1' style='margin: 8px 0 8px auto; text-align: right; display: block; clear: both;'>\n<p><a href=\"https:\/\/wa.link\/vpicfd\"><img data-recalc-dims=\"1\" class=\"wp-image-4922\" style=\"aspect-ratio: 2.0253164556962027; width: 561px; height: auto;\" src=\"https:\/\/i0.wp.com\/ismaelcolosi.com.br\/wp-content\/uploads\/2023\/11\/grupo-de-empregos-whatsapp-e-facebook-ismael-colosi-vagas.jpg?ssl=1\" alt=\"\" \/><\/a><\/p>\n<!-- \/wp:image -->\n<\/div>\n<p> <br \/>\n<\/p>\n<div data-td-block-uid=\"tdi_104\">\n<div class=\"tdb-block-inner td-fix-index\">\n<p><strong>J\u00e1 sem objetivos no Campeonato Brasileiro da S\u00e9rie B, o Botafogo foi derrotado por 3 a 0 pelo Crici\u00fama, na tarde deste s\u00e1bado (18). A partida foi realizada no est\u00e1dio Heriberto Hulse, em Crici\u00fama-SC, e garantiu o acesso da equipe da casa no Campeonato Brasileiro da S\u00e9rie A em 2024.<\/strong><\/p>\n<p><mark style=\"background-color:#fcb900\" class=\"has-inline-color has-black-color\">O primeiro gol da partida foi anotado pelo atacante Eder, ex-jogador do S\u00e3o Paulo, aos 36 minutos do primeiro tempo<\/mark>. O segundo gol do Tigre foi marcado por Fellipe Mateus, de falta, aos 36 minutos do segundo tempo. J\u00e1 o terceiro gol foi anotado por Felipe Vizeu, nos acr\u00e9scimos.<\/p>\n<p>Com o resultado, o Crici\u00fama chegou aos 64 pontos e alcan\u00e7ou a segunda coloca\u00e7\u00e3o na S\u00e9rie B. Como tem 19 vit\u00f3rias, a equipe de Santa Catarina n\u00e3o pode mais ser alcan\u00e7ada pelo quinto colocado na disputa, garantindo a vaga no G-4.<\/p>\n<p>A competi\u00e7\u00e3o tem o <strong>Vit\u00f3ria <\/strong>como campe\u00e3o definido, com 72 pontos conquistados \u2013 a equipe baiana j\u00e1 est\u00e1 garantida na S\u00e9rie A do ano que vem. J\u00e1 o Botafogo segue com 47 pontos e ocupa a 12\u00aa coloca\u00e7\u00e3o na S\u00e9rie B.<\/p>\n<h4 class=\"wp-block-heading\"><strong>\u00daltima rodada<\/strong><\/h4>\n<p>Na \u00faltima rodada da S\u00e9rie B, o Botafogo recebe o Londrina no est\u00e1dio Santa Cruz, em Ribeir\u00e3o Preto. J\u00e1 o Crici\u00fama enfrenta o Novorizontino, no est\u00e1dio Jorge Ismael de Biasi, em Novo Horizonte. As duas partidas acontecem a partir das 17h de s\u00e1bado (25).<\/p>\n<h4 class=\"wp-block-heading\"><strong>FIQUE ON<\/strong><\/h4>\n<p>Fique ligado em tudo que acontece em Ribeir\u00e3o Preto e regi\u00e3o. Siga os perfis do <strong>acidade on<\/strong> no <a href=\"https:\/\/www.instagram.com\/acidadeonribeirao\" target=\"_blank\" rel=\"noreferrer noopener nofollow\">Instagram<\/a> e no <a href=\"https:\/\/www.facebook.com\/acidadeonribeirao\" target=\"_blank\" rel=\"noreferrer noopener nofollow\">Facebook.<\/a><\/p>\n<p>Receba not\u00edcias do <strong>acidade on <\/strong>no WhatsApp. <a href=\"https:\/\/chat.whatsapp.com\/Bnv2w66ZT4VDyZW3oiZ69n\" target=\"_blank\" rel=\"noreferrer noopener nofollow\">Para entrar no grupo, basta clicar aqui.<\/a><\/p>\n<p>Fa\u00e7a uma den\u00fancia ou sugira uma reportagem sobre a Ribeir\u00e3o Preto e regi\u00e3o pelo WhatsApp: (16) 99117 7802.<\/p>\n<p>LEIA MAIS<\/p>\n<p>Ganhou na Mega? Time do interior de SP pode ficar milion\u00e1rio<\/p>\n<p><!-- AI CONTENT END 1 -->\n<\/div>\n<\/div>\n<p><script async src=\"\/\/www.instagram.com\/embed.js\"><\/script><br \/>\n<br \/><br \/>\n<br \/><a href=\"https:\/\/www.acidadeon.com\/ribeiraopreto\/esportes\/botafogo-perde-para-o-criciuma-na-serie-b-e-equipe-catarinense-conquista-o-acesso\/\">Source link <\/a><\/p>\n<!-- CONTENT END 1 -->\n","protected":false},"excerpt":{"rendered":"<p>J\u00e1 sem objetivos no Campeonato Brasileiro da S\u00e9rie B, o Botafogo foi derrotado por 3 a 0 pelo Crici\u00fama, na tarde deste s\u00e1bado (18). A&#8230;<\/p>\n","protected":false},"author":1,"featured_media":3498,"comment_status":"open","ping_status":"open","sticky":false,"template":"","format":"standard","meta":{"advanced_seo_description":"","jetpack_seo_html_title":"","jetpack_seo_noindex":false,"jetpack_post_was_ever_published":false,"_jetpack_newsletter_access":"","_jetpack_dont_email_post_to_subs":false,"_jetpack_newsletter_tier_id":0,"_jetpack_memberships_contains_paywalled_content":false,"_jetpack_memberships_contains_paid_content":false,"footnotes":"","jetpack_publicize_message":"","jetpack_publicize_feature_enabled":true,"jetpack_social_post_already_shared":true,"jetpack_social_options":{"image_generator_settings":{"template":"highway","default_image_id":0,"font":"","enabled":false},"version":2}},"categories":[11],"tags":[318,52,316,317,313,315,71,312,314],"class_list":["post-3497","post","type-post","status-publish","format-standard","has-post-thumbnail","hentry","category-noticias-de-ribeirao-preto-sp-e-regiao-ismael-colosi","tag-acesso","tag-botafogo","tag-catarinense","tag-conquista","tag-criciuma","tag-equipe","tag-para","tag-perde","tag-serie"],"jetpack_publicize_connections":[],"jetpack_featured_media_url":"https:\/\/i0.wp.com\/noticiasribeiraopreto.com.br\/wp-content\/uploads\/2023\/11\/botafogo-criciuma-scaled.jpg?fit=2560%2C1707&ssl=1","jetpack-related-posts":[{"id":84527,"url":"https:\/\/noticiasribeiraopreto.com.br\/index.php\/2026\/04\/11\/com-gol-nos-acrescimos-botafogo-perde-para-o-criciuma-pela-4a-rodada-da-serie-b\/","url_meta":{"origin":3497,"position":0},"title":"Com gol nos acr\u00e9scimos, Botafogo perde para o Crici\u00fama pela 4\u00aa rodada da S\u00e9rie B","author":"noticiasribeiraopreto.com.br","date":"11 de April de 2026","format":false,"excerpt":"Ler o resumo da not\u00edcia \r Botafogo perdeu para o Crici\u00fama por 1 a 0 na noite desta sexta-feira (10), pela 4\u00aa rodada da S\u00e9rie B.\r O gol foi marcado por Otero aos 51 minutos do segundo tempo, em cobran\u00e7a de falta, no est\u00e1dio Heriberto H\u00fclse.\r O Tricolor volta a\u2026","rel":"","context":"In &quot;Not\u00edcias de Ribeir\u00e3o Preto-SP e Regi\u00e3o&quot;","block_context":{"text":"Not\u00edcias de Ribeir\u00e3o Preto-SP e Regi\u00e3o","link":"https:\/\/noticiasribeiraopreto.com.br\/index.php\/category\/noticias-de-ribeirao-preto-sp-e-regiao-ismael-colosi\/"},"img":{"alt_text":"","src":"https:\/\/i0.wp.com\/noticiasribeiraopreto.com.br\/wp-content\/uploads\/2026\/04\/palace-2026-04-10T222205.039_2026-04-11_01-22-18.webp.webp?fit=1200%2C675&ssl=1&resize=350%2C200","width":350,"height":200,"srcset":"https:\/\/i0.wp.com\/noticiasribeiraopreto.com.br\/wp-content\/uploads\/2026\/04\/palace-2026-04-10T222205.039_2026-04-11_01-22-18.webp.webp?fit=1200%2C675&ssl=1&resize=350%2C200 1x, https:\/\/i0.wp.com\/noticiasribeiraopreto.com.br\/wp-content\/uploads\/2026\/04\/palace-2026-04-10T222205.039_2026-04-11_01-22-18.webp.webp?fit=1200%2C675&ssl=1&resize=525%2C300 1.5x, https:\/\/i0.wp.com\/noticiasribeiraopreto.com.br\/wp-content\/uploads\/2026\/04\/palace-2026-04-10T222205.039_2026-04-11_01-22-18.webp.webp?fit=1200%2C675&ssl=1&resize=700%2C400 2x, https:\/\/i0.wp.com\/noticiasribeiraopreto.com.br\/wp-content\/uploads\/2026\/04\/palace-2026-04-10T222205.039_2026-04-11_01-22-18.webp.webp?fit=1200%2C675&ssl=1&resize=1050%2C600 3x"},"classes":[]},{"id":80162,"url":"https:\/\/noticiasribeiraopreto.com.br\/index.php\/2025\/11\/16\/botafogo-perde-para-criciuma-e-adia-permanencia-na-serie-b\/","url_meta":{"origin":3497,"position":1},"title":"Botafogo perde para Crici\u00fama e adia perman\u00eancia na S\u00e9rie B","author":"noticiasribeiraopreto.com.br","date":"16 de November de 2025","format":false,"excerpt":"Pantera ter\u00e1 de vencer na \u00faltima rodada para garantir posto na divis\u00e3o 16 de novembro de 2025 18:59 Compartilhar1Por Hugo LuqueO Botafogo perdeu para o Crici\u00fama por 2 a 0 neste domingo (16), no Est\u00e1dio Heriberto H\u00fclse, pela 37\u00aa e pen\u00faltima rodada da S\u00e9rie B do Campeonato Brasileiro. Com o\u2026","rel":"","context":"In &quot;Not\u00edcias de Ribeir\u00e3o Preto-SP e Regi\u00e3o&quot;","block_context":{"text":"Not\u00edcias de Ribeir\u00e3o Preto-SP e Regi\u00e3o","link":"https:\/\/noticiasribeiraopreto.com.br\/index.php\/category\/noticias-de-ribeirao-preto-sp-e-regiao-ismael-colosi\/"},"img":{"alt_text":"","src":"https:\/\/i0.wp.com\/noticiasribeiraopreto.com.br\/wp-content\/uploads\/2025\/11\/Criciuma-x-Botafogo-Luiz-Fernando-Cosenzo_Agencia-Botafogo-scaled.jpg?fit=1200%2C800&ssl=1&resize=350%2C200","width":350,"height":200,"srcset":"https:\/\/i0.wp.com\/noticiasribeiraopreto.com.br\/wp-content\/uploads\/2025\/11\/Criciuma-x-Botafogo-Luiz-Fernando-Cosenzo_Agencia-Botafogo-scaled.jpg?fit=1200%2C800&ssl=1&resize=350%2C200 1x, https:\/\/i0.wp.com\/noticiasribeiraopreto.com.br\/wp-content\/uploads\/2025\/11\/Criciuma-x-Botafogo-Luiz-Fernando-Cosenzo_Agencia-Botafogo-scaled.jpg?fit=1200%2C800&ssl=1&resize=525%2C300 1.5x, https:\/\/i0.wp.com\/noticiasribeiraopreto.com.br\/wp-content\/uploads\/2025\/11\/Criciuma-x-Botafogo-Luiz-Fernando-Cosenzo_Agencia-Botafogo-scaled.jpg?fit=1200%2C800&ssl=1&resize=700%2C400 2x, https:\/\/i0.wp.com\/noticiasribeiraopreto.com.br\/wp-content\/uploads\/2025\/11\/Criciuma-x-Botafogo-Luiz-Fernando-Cosenzo_Agencia-Botafogo-scaled.jpg?fit=1200%2C800&ssl=1&resize=1050%2C600 3x"},"classes":[]},{"id":84525,"url":"https:\/\/noticiasribeiraopreto.com.br\/index.php\/2026\/04\/10\/com-um-a-mais-botafogo-perde-para-criciuma\/","url_meta":{"origin":3497,"position":2},"title":"Com um a mais, Botafogo perde para Crici\u00fama","author":"noticiasribeiraopreto.com.br","date":"10 de April de 2026","format":false,"excerpt":"\r Pantera joga um ter\u00e7o da partida em vantagem num\u00e9rica e leva gol nos minutos finais\r \r 10 de abril de 2026 22:48 \r Compartilhar1 Por Hugo Luque A noite terminou ruim para o Botafogo, que perdeu por 1 a 0 para o Crici\u00fama nesta sexta-feira (10), no Est\u00e1dio Heriberto\u2026","rel":"","context":"In &quot;Not\u00edcias de Ribeir\u00e3o Preto-SP e Regi\u00e3o&quot;","block_context":{"text":"Not\u00edcias de Ribeir\u00e3o Preto-SP e Regi\u00e3o","link":"https:\/\/noticiasribeiraopreto.com.br\/index.php\/category\/noticias-de-ribeirao-preto-sp-e-regiao-ismael-colosi\/"},"img":{"alt_text":"","src":"https:\/\/i0.wp.com\/noticiasribeiraopreto.com.br\/wp-content\/uploads\/2026\/04\/1-Criciuma-x-Botafogo-Celso-da-Luz_Criciuma-E.C-scaled.jpg?fit=1170%2C780&ssl=1&resize=350%2C200","width":350,"height":200,"srcset":"https:\/\/i0.wp.com\/noticiasribeiraopreto.com.br\/wp-content\/uploads\/2026\/04\/1-Criciuma-x-Botafogo-Celso-da-Luz_Criciuma-E.C-scaled.jpg?fit=1170%2C780&ssl=1&resize=350%2C200 1x, https:\/\/i0.wp.com\/noticiasribeiraopreto.com.br\/wp-content\/uploads\/2026\/04\/1-Criciuma-x-Botafogo-Celso-da-Luz_Criciuma-E.C-scaled.jpg?fit=1170%2C780&ssl=1&resize=525%2C300 1.5x, https:\/\/i0.wp.com\/noticiasribeiraopreto.com.br\/wp-content\/uploads\/2026\/04\/1-Criciuma-x-Botafogo-Celso-da-Luz_Criciuma-E.C-scaled.jpg?fit=1170%2C780&ssl=1&resize=700%2C400 2x, https:\/\/i0.wp.com\/noticiasribeiraopreto.com.br\/wp-content\/uploads\/2026\/04\/1-Criciuma-x-Botafogo-Celso-da-Luz_Criciuma-E.C-scaled.jpg?fit=1170%2C780&ssl=1&resize=1050%2C600 3x"},"classes":[]},{"id":74579,"url":"https:\/\/noticiasribeiraopreto.com.br\/index.php\/2025\/07\/24\/botafogo-perde-para-criciuma-e-vira-lanterna-da-serie-b\/","url_meta":{"origin":3497,"position":3},"title":"Botafogo perde para Crici\u00fama e vira lanterna da S\u00e9rie B","author":"noticiasribeiraopreto.com.br","date":"24 de July de 2025","format":false,"excerpt":"Pantera sofre um gol no in\u00edcio de cada tempo e se complica 24 de julho de 2025 21:1324 de julho de 2025 21:153 Compartilhar1 Por Hugo Luque O Botafogo mais uma vez criou e finalizou mais do que o advers\u00e1rio, mas sofreu com a falta de aten\u00e7\u00e3o no in\u00edcio de\u2026","rel":"","context":"In &quot;Not\u00edcias de Ribeir\u00e3o Preto-SP e Regi\u00e3o&quot;","block_context":{"text":"Not\u00edcias de Ribeir\u00e3o Preto-SP e Regi\u00e3o","link":"https:\/\/noticiasribeiraopreto.com.br\/index.php\/category\/noticias-de-ribeirao-preto-sp-e-regiao-ismael-colosi\/"},"img":{"alt_text":"","src":"https:\/\/i0.wp.com\/noticiasribeiraopreto.com.br\/wp-content\/uploads\/2025\/07\/Tribuna-5.jpg?fit=800%2C500&ssl=1&resize=350%2C200","width":350,"height":200,"srcset":"https:\/\/i0.wp.com\/noticiasribeiraopreto.com.br\/wp-content\/uploads\/2025\/07\/Tribuna-5.jpg?fit=800%2C500&ssl=1&resize=350%2C200 1x, https:\/\/i0.wp.com\/noticiasribeiraopreto.com.br\/wp-content\/uploads\/2025\/07\/Tribuna-5.jpg?fit=800%2C500&ssl=1&resize=525%2C300 1.5x, https:\/\/i0.wp.com\/noticiasribeiraopreto.com.br\/wp-content\/uploads\/2025\/07\/Tribuna-5.jpg?fit=800%2C500&ssl=1&resize=700%2C400 2x"},"classes":[]},{"id":72206,"url":"https:\/\/noticiasribeiraopreto.com.br\/index.php\/2025\/06\/14\/botafogo-perde-para-o-paysandu-com-gol-no-final-pela-serie-b-do-brasileiro\/","url_meta":{"origin":3497,"position":4},"title":"Botafogo perde para o Paysandu\u00a0com gol no final pela S\u00e9rie B do Brasileiro","author":"noticiasribeiraopreto.com.br","date":"14 de June de 2025","format":false,"excerpt":"O Botafogo perdeu para o Paysandu na noite desta sexta-feira (13), com gol marcado aos 45 minutos do segundo tempo, na Curuzu, em Bel\u00e9m, pela 12\u00aa rodada da S\u00e9rie B do Campeonato Brasileiro. O \u00fanico gol da partida foi anotado pelo volante Leandro Vilela. Com o resultado, o Pantera permanece\u2026","rel":"","context":"In &quot;Not\u00edcias de Ribeir\u00e3o Preto-SP e Regi\u00e3o&quot;","block_context":{"text":"Not\u00edcias de Ribeir\u00e3o Preto-SP e Regi\u00e3o","link":"https:\/\/noticiasribeiraopreto.com.br\/index.php\/category\/noticias-de-ribeirao-preto-sp-e-regiao-ismael-colosi\/"},"img":{"alt_text":"","src":"https:\/\/i0.wp.com\/noticiasribeiraopreto.com.br\/wp-content\/uploads\/2025\/06\/54587929423_c04c312ee9_k_2025-06-14_12-36-31.webp.webp?fit=1200%2C800&ssl=1&resize=350%2C200","width":350,"height":200,"srcset":"https:\/\/i0.wp.com\/noticiasribeiraopreto.com.br\/wp-content\/uploads\/2025\/06\/54587929423_c04c312ee9_k_2025-06-14_12-36-31.webp.webp?fit=1200%2C800&ssl=1&resize=350%2C200 1x, https:\/\/i0.wp.com\/noticiasribeiraopreto.com.br\/wp-content\/uploads\/2025\/06\/54587929423_c04c312ee9_k_2025-06-14_12-36-31.webp.webp?fit=1200%2C800&ssl=1&resize=525%2C300 1.5x, https:\/\/i0.wp.com\/noticiasribeiraopreto.com.br\/wp-content\/uploads\/2025\/06\/54587929423_c04c312ee9_k_2025-06-14_12-36-31.webp.webp?fit=1200%2C800&ssl=1&resize=700%2C400 2x, https:\/\/i0.wp.com\/noticiasribeiraopreto.com.br\/wp-content\/uploads\/2025\/06\/54587929423_c04c312ee9_k_2025-06-14_12-36-31.webp.webp?fit=1200%2C800&ssl=1&resize=1050%2C600 3x"},"classes":[]},{"id":80164,"url":"https:\/\/noticiasribeiraopreto.com.br\/index.php\/2025\/11\/16\/botafogo-perde-para-o-criciuma-e-continua-na-luta-para-evitar-o-rebaixamento\/","url_meta":{"origin":3497,"position":5},"title":"Botafogo perde para o Crici\u00fama e continua na luta para evitar o rebaixamento","author":"noticiasribeiraopreto.com.br","date":"16 de November de 2025","format":false,"excerpt":"O Botafogo sofreu derrota por 2 a 0 para o Crici\u00fama na tarde deste domingo (16), fora de casa, e manteve a 16\u00aa posi\u00e7\u00e3o na S\u00e9rie B. O Pantera entrou em campo pressionado pela zona de rebaixamento. Com a derrota em Crici\u00fama, o Botafogo entra na \u00faltima rodada precisando vencer\u2026","rel":"","context":"In &quot;Not\u00edcias de Ribeir\u00e3o Preto-SP e Regi\u00e3o&quot;","block_context":{"text":"Not\u00edcias de Ribeir\u00e3o Preto-SP e Regi\u00e3o","link":"https:\/\/noticiasribeiraopreto.com.br\/index.php\/category\/noticias-de-ribeirao-preto-sp-e-regiao-ismael-colosi\/"},"img":{"alt_text":"","src":"https:\/\/i0.wp.com\/noticiasribeiraopreto.com.br\/wp-content\/uploads\/2025\/11\/IMG_0768_2025-11-16_21-33-34.webp.webp?fit=1200%2C873&ssl=1&resize=350%2C200","width":350,"height":200,"srcset":"https:\/\/i0.wp.com\/noticiasribeiraopreto.com.br\/wp-content\/uploads\/2025\/11\/IMG_0768_2025-11-16_21-33-34.webp.webp?fit=1200%2C873&ssl=1&resize=350%2C200 1x, https:\/\/i0.wp.com\/noticiasribeiraopreto.com.br\/wp-content\/uploads\/2025\/11\/IMG_0768_2025-11-16_21-33-34.webp.webp?fit=1200%2C873&ssl=1&resize=525%2C300 1.5x, https:\/\/i0.wp.com\/noticiasribeiraopreto.com.br\/wp-content\/uploads\/2025\/11\/IMG_0768_2025-11-16_21-33-34.webp.webp?fit=1200%2C873&ssl=1&resize=700%2C400 2x, https:\/\/i0.wp.com\/noticiasribeiraopreto.com.br\/wp-content\/uploads\/2025\/11\/IMG_0768_2025-11-16_21-33-34.webp.webp?fit=1200%2C873&ssl=1&resize=1050%2C600 3x"},"classes":[]}],"jetpack_sharing_enabled":true,"jetpack_shortlink":"https:\/\/wp.me\/peQAOb-Up","_links":{"self":[{"href":"https:\/\/noticiasribeiraopreto.com.br\/index.php\/wp-json\/wp\/v2\/posts\/3497","targetHints":{"allow":["GET"]}}],"collection":[{"href":"https:\/\/noticiasribeiraopreto.com.br\/index.php\/wp-json\/wp\/v2\/posts"}],"about":[{"href":"https:\/\/noticiasribeiraopreto.com.br\/index.php\/wp-json\/wp\/v2\/types\/post"}],"author":[{"embeddable":true,"href":"https:\/\/noticiasribeiraopreto.com.br\/index.php\/wp-json\/wp\/v2\/users\/1"}],"replies":[{"embeddable":true,"href":"https:\/\/noticiasribeiraopreto.com.br\/index.php\/wp-json\/wp\/v2\/comments?post=3497"}],"version-history":[{"count":0,"href":"https:\/\/noticiasribeiraopreto.com.br\/index.php\/wp-json\/wp\/v2\/posts\/3497\/revisions"}],"wp:featuredmedia":[{"embeddable":true,"href":"https:\/\/noticiasribeiraopreto.com.br\/index.php\/wp-json\/wp\/v2\/media\/3498"}],"wp:attachment":[{"href":"https:\/\/noticiasribeiraopreto.com.br\/index.php\/wp-json\/wp\/v2\/media?parent=3497"}],"wp:term":[{"taxonomy":"category","embeddable":true,"href":"https:\/\/noticiasribeiraopreto.com.br\/index.php\/wp-json\/wp\/v2\/categories?post=3497"},{"taxonomy":"post_tag","embeddable":true,"href":"https:\/\/noticiasribeiraopreto.com.br\/index.php\/wp-json\/wp\/v2\/tags?post=3497"}],"curies":[{"name":"wp","href":"https:\/\/api.w.org\/{rel}","templated":true}]}}