{"id":34971,"date":"2024-02-04T16:38:50","date_gmt":"2024-02-04T19:38:50","guid":{"rendered":"https:\/\/noticiasribeiraopreto.com.br\/index.php\/2024\/02\/04\/vale-historico-busca-aumentar-fluxo-de-visitantes\/"},"modified":"2024-02-04T16:38:50","modified_gmt":"2024-02-04T19:38:50","slug":"vale-historico-busca-aumentar-fluxo-de-visitantes","status":"publish","type":"post","link":"https:\/\/noticiasribeiraopreto.com.br\/index.php\/2024\/02\/04\/vale-historico-busca-aumentar-fluxo-de-visitantes\/","title":{"rendered":"Vale Hist\u00f3rico busca aumentar fluxo de visitantes\u00a0"},"content":{"rendered":"<div class='code-block code-block-1' style='margin: 8px 0 8px auto; text-align: right; display: block; clear: both;'>\n<p><a href=\"https:\/\/wa.link\/vpicfd\"><img data-recalc-dims=\"1\" class=\"wp-image-4922\" style=\"aspect-ratio: 2.0253164556962027; width: 561px; height: auto;\" src=\"https:\/\/i0.wp.com\/ismaelcolosi.com.br\/wp-content\/uploads\/2023\/11\/grupo-de-empregos-whatsapp-e-facebook-ismael-colosi-vagas.jpg?ssl=1\" alt=\"\" \/><\/a><\/p>\n<!-- \/wp:image -->\n<\/div>\n<p> <br \/>\n<\/p>\n<div>\n<p><span data-contrast=\"auto\">Com o objetivo de fortalecer a identidade dos destinos tur\u00edsticos de Queluz, S\u00e3o Jos\u00e9 do Barreiro, Silveiras, Arape\u00ed, Lavrinhas, Areias, Cruzeiro e Bananal [todas no interior paulista], a Secretaria de Turismo e Viagens de S\u00e3o Paulo lan\u00e7ou nesta semana (29) a marca tur\u00edstica Vale Hist\u00f3rico, valorizando a arquitetura da \u00e9poca colonial, a tradi\u00e7\u00e3o da gastronomia regional tropeira e as in\u00fameras belezas naturais de munic\u00edpios localizados entre as Serras da Bocaina e da Mantiqueira.<\/span><span data-ccp-props=\"{&quot;201341983&quot;:0,&quot;335559739&quot;:160,&quot;335559740&quot;:259}\">\u00a0<\/span><\/p>\n<p><span data-contrast=\"auto\">\u201cO projeto ajuda a organizar a mensagem com alma e personalidade, criando v\u00ednculos emocionais com os visitantes para promover adequadamente toda a regi\u00e3o\u201d, afirmou Roberto de Lucena, secret\u00e1rio de Turismo e Viagens de S\u00e3o Paulo, que participou do lan\u00e7amento, ao lado de prefeitos e autoridades locais.<\/span><span data-ccp-props=\"{&quot;201341983&quot;:0,&quot;335559739&quot;:160,&quot;335559740&quot;:259}\">\u00a0<\/span><\/p>\n<p><span data-contrast=\"auto\">Para realizar o trabalho, uma equipe da secretaria analisou por mais de seis meses, em parceria com o munic\u00edpio e a FIA Consultoria, os atrativos de cada um dos munic\u00edpios e dados estat\u00edsticos do setor, al\u00e9m de realizar entrevistas com o p\u00fablico que visita e mora no local. Arape\u00ed se destaca pelas trilhas e cavernas. Bananal, pelas fazendas hist\u00f3ricas de caf\u00e9; e S\u00e3o Jos\u00e9 do Barreiro, pela natureza e Carnaval com blocos de rua.<\/span><span data-ccp-props=\"{&quot;201341983&quot;:0,&quot;335559739&quot;:160,&quot;335559740&quot;:259}\">\u00a0<\/span><\/p>\n<p><span data-contrast=\"auto\">A secretaria est\u00e1 concluindo um trabalho de desenvolvimento de marcas (https:\/\/www.turismo.sp.gov.br\/place-branding|) para as regi\u00f5es tur\u00edsticas do Estado de S\u00e3o Paulo. At\u00e9 o momento, j\u00e1 foram lan\u00e7adas as marcas: Vale do Ribeira, Cuesta Paulista, Mogiana, Circuito das Frutas, Mantiqueira Paulista e Litoral Norte e Vale Hist\u00f3rico, com participa\u00e7\u00e3o e envolvimento de moradores das regi\u00f5es, em todas as etapas.<\/span><span data-ccp-props=\"{&quot;201341983&quot;:0,&quot;335559739&quot;:160,&quot;335559740&quot;:259}\">\u00a0<\/span><\/p>\n<p><span data-contrast=\"auto\">Conhe\u00e7a um pouco sobre as cidades.<\/span><span data-ccp-props=\"{&quot;201341983&quot;:0,&quot;335559739&quot;:160,&quot;335559740&quot;:259}\">\u00a0<\/span><\/p>\n<p><noscript><img data-recalc-dims=\"1\" loading=\"lazy\" decoding=\"async\" class=\"alignnone  wp-image-372535\" src=\"https:\/\/i0.wp.com\/www.tribunaribeirao.com.br\/site\/wp-content\/uploads\/2024\/02\/1-Igreja-Matriz-de-Sao-Joao-Batista-300x199.jpg?resize=1021%2C677&#038;ssl=1\" alt=\"\" width=\"1021\" height=\"677\" srcset=\"https:\/\/www.tribunaribeirao.com.br\/site\/wp-content\/uploads\/2024\/02\/1-Igreja-Matriz-de-Sao-Joao-Batista-300x199.jpg 300w, https:\/\/www.tribunaribeirao.com.br\/site\/wp-content\/uploads\/2024\/02\/1-Igreja-Matriz-de-Sao-Joao-Batista-1024x678.jpg 1024w, https:\/\/www.tribunaribeirao.com.br\/site\/wp-content\/uploads\/2024\/02\/1-Igreja-Matriz-de-Sao-Joao-Batista-768x508.jpg 768w, https:\/\/www.tribunaribeirao.com.br\/site\/wp-content\/uploads\/2024\/02\/1-Igreja-Matriz-de-Sao-Joao-Batista-2048x1355.jpg 2048w, https:\/\/www.tribunaribeirao.com.br\/site\/wp-content\/uploads\/2024\/02\/1-Igreja-Matriz-de-Sao-Joao-Batista-280x186.jpg 280w, https:\/\/www.tribunaribeirao.com.br\/site\/wp-content\/uploads\/2024\/02\/1-Igreja-Matriz-de-Sao-Joao-Batista-1920x1271.jpg 1920w, https:\/\/www.tribunaribeirao.com.br\/site\/wp-content\/uploads\/2024\/02\/1-Igreja-Matriz-de-Sao-Joao-Batista-604x400.jpg 604w, https:\/\/www.tribunaribeirao.com.br\/site\/wp-content\/uploads\/2024\/02\/1-Igreja-Matriz-de-Sao-Joao-Batista-585x387.jpg 585w, https:\/\/www.tribunaribeirao.com.br\/site\/wp-content\/uploads\/2024\/02\/1-Igreja-Matriz-de-Sao-Joao-Batista-scaled.jpg 974w\" sizes=\"auto, (max-width: 1021px) 100vw, 1021px\"\/><\/noscript><span data-contrast=\"auto\">Igreja Matriz de S\u00e3o Jo\u00e3o Batista \u2013 Queluz: Constru\u00edda no s\u00e9culo XIX, pelos \u00edndios Pur\u00eds, que iniciaram o aldeamento. Foi confeccionada em taipa de pil\u00e3o. Hoje abriga tradicionais festas religiosas que atraem muitos turistas<\/span><span data-ccp-props=\"{&quot;201341983&quot;:0,&quot;335559739&quot;:0,&quot;335559740&quot;:240}\"> (Aniello de Vita \u2013 Express\u00e3o Studio )<\/span><\/p>\n<p><span data-ccp-props=\"{&quot;201341983&quot;:0,&quot;335559739&quot;:0,&quot;335559740&quot;:240}\">\u00a0<\/span><\/p>\n<p><img data-recalc-dims=\"1\" loading=\"lazy\" decoding=\"async\" alt=\"\" width=\"756\" height=\"499\" srcset=\"https:\/\/www.tribunaribeirao.com.br\/site\/wp-content\/uploads\/2024\/02\/2-Sao-Jose-do-Barreiro-300x198.jpg 300w, https:\/\/www.tribunaribeirao.com.br\/site\/wp-content\/uploads\/2024\/02\/2-Sao-Jose-do-Barreiro-1024x674.jpg 1024w, https:\/\/www.tribunaribeirao.com.br\/site\/wp-content\/uploads\/2024\/02\/2-Sao-Jose-do-Barreiro-768x506.jpg 768w, https:\/\/www.tribunaribeirao.com.br\/site\/wp-content\/uploads\/2024\/02\/2-Sao-Jose-do-Barreiro-1536x1011.jpg 1536w, https:\/\/www.tribunaribeirao.com.br\/site\/wp-content\/uploads\/2024\/02\/2-Sao-Jose-do-Barreiro-2048x1348.jpg 2048w, https:\/\/www.tribunaribeirao.com.br\/site\/wp-content\/uploads\/2024\/02\/2-Sao-Jose-do-Barreiro-280x186.jpg 280w, https:\/\/www.tribunaribeirao.com.br\/site\/wp-content\/uploads\/2024\/02\/2-Sao-Jose-do-Barreiro-1920x1264.jpg 1920w, https:\/\/www.tribunaribeirao.com.br\/site\/wp-content\/uploads\/2024\/02\/2-Sao-Jose-do-Barreiro-960x632.jpg 960w, https:\/\/www.tribunaribeirao.com.br\/site\/wp-content\/uploads\/2024\/02\/2-Sao-Jose-do-Barreiro-608x400.jpg 608w, https:\/\/www.tribunaribeirao.com.br\/site\/wp-content\/uploads\/2024\/02\/2-Sao-Jose-do-Barreiro-585x385.jpg 585w, https:\/\/www.tribunaribeirao.com.br\/site\/wp-content\/uploads\/2024\/02\/2-Sao-Jose-do-Barreiro-scaled.jpg 980w\" src=\"https:\/\/i0.wp.com\/www.tribunaribeirao.com.br\/site\/wp-content\/uploads\/2024\/02\/2-Sao-Jose-do-Barreiro-300x198.jpg?resize=756%2C499&#038;ssl=1\" data-sizes=\"(max-width: 756px) 100vw, 756px\" class=\" wp-image-372536 aligncenter lazyload\"\/><noscript><img data-recalc-dims=\"1\" loading=\"lazy\" decoding=\"async\" class=\" wp-image-372536 aligncenter\" src=\"https:\/\/i0.wp.com\/www.tribunaribeirao.com.br\/site\/wp-content\/uploads\/2024\/02\/2-Sao-Jose-do-Barreiro-300x198.jpg?resize=756%2C499&#038;ssl=1\" alt=\"\" width=\"756\" height=\"499\" srcset=\"https:\/\/www.tribunaribeirao.com.br\/site\/wp-content\/uploads\/2024\/02\/2-Sao-Jose-do-Barreiro-300x198.jpg 300w, https:\/\/www.tribunaribeirao.com.br\/site\/wp-content\/uploads\/2024\/02\/2-Sao-Jose-do-Barreiro-1024x674.jpg 1024w, https:\/\/www.tribunaribeirao.com.br\/site\/wp-content\/uploads\/2024\/02\/2-Sao-Jose-do-Barreiro-768x506.jpg 768w, https:\/\/www.tribunaribeirao.com.br\/site\/wp-content\/uploads\/2024\/02\/2-Sao-Jose-do-Barreiro-1536x1011.jpg 1536w, https:\/\/www.tribunaribeirao.com.br\/site\/wp-content\/uploads\/2024\/02\/2-Sao-Jose-do-Barreiro-2048x1348.jpg 2048w, https:\/\/www.tribunaribeirao.com.br\/site\/wp-content\/uploads\/2024\/02\/2-Sao-Jose-do-Barreiro-280x186.jpg 280w, https:\/\/www.tribunaribeirao.com.br\/site\/wp-content\/uploads\/2024\/02\/2-Sao-Jose-do-Barreiro-1920x1264.jpg 1920w, https:\/\/www.tribunaribeirao.com.br\/site\/wp-content\/uploads\/2024\/02\/2-Sao-Jose-do-Barreiro-960x632.jpg 960w, https:\/\/www.tribunaribeirao.com.br\/site\/wp-content\/uploads\/2024\/02\/2-Sao-Jose-do-Barreiro-608x400.jpg 608w, https:\/\/www.tribunaribeirao.com.br\/site\/wp-content\/uploads\/2024\/02\/2-Sao-Jose-do-Barreiro-585x385.jpg 585w, https:\/\/www.tribunaribeirao.com.br\/site\/wp-content\/uploads\/2024\/02\/2-Sao-Jose-do-Barreiro-scaled.jpg 980w\" sizes=\"auto, (max-width: 756px) 100vw, 756px\"\/><\/noscript><\/p>\n<p><span data-contrast=\"auto\">Localizada aos p\u00e9s da Serra da Bocaina, a est\u00e2ncia tur\u00edstica de S\u00e3o Jos\u00e9 do Barreiro \u00e9 um pitoresco lugar agraciado pela natureza, composta por trilhas na mata, cachoeiras, \u00e1reas verdes, doces, comida caseira e a hospitalidade caracter\u00edstica do interior paulista. Os primeiros ind\u00edcios de sua hist\u00f3ria aconteceram por volta do s\u00e9culo XVII, quando os tropeiros vindos de Minas Gerais tra\u00e7aram no local suas rotas de com\u00e9rcio. A regi\u00e3o passou a ser chamada de \u201cBarreiro\u201d, devido a ranchos de descanso que abrigavam os tropeiros. No s\u00e9culo XVIII, foram constru\u00eddas in\u00fameras fazendas para o plantio de caf\u00e9 que gerou grande riqueza na regi\u00e3o. A emancipa\u00e7\u00e3o da cidade aconteceu em mar\u00e7o de 1859. As imponentes fazendas do caf\u00e9 os sobrados e casar\u00f5es, hoje s\u00e3o marcos da \u00e9poca em que o munic\u00edpio ocupou importante lugar na cafeicultura paulista.<\/span><span data-ccp-props=\"{&quot;201341983&quot;:0,&quot;335559739&quot;:0,&quot;335559740&quot;:240}\"> (Ken Chu \u2013 Express\u00e3o Studio )<\/span><\/p>\n<p><span data-ccp-props=\"{&quot;201341983&quot;:0,&quot;335559739&quot;:0,&quot;335559740&quot;:240}\">\u00a0<\/span><\/p>\n<p><span data-ccp-props=\"{&quot;201341983&quot;:0,&quot;335559739&quot;:0,&quot;335559740&quot;:240}\"> <img data-recalc-dims=\"1\" loading=\"lazy\" decoding=\"async\" alt=\"\" width=\"1055\" height=\"693\" srcset=\"https:\/\/www.tribunaribeirao.com.br\/site\/wp-content\/uploads\/2024\/02\/3-Igreja-Matriz-Nossa-Senhora-Imaculada-Conceicao-Silveiras-300x197.jpg 300w, https:\/\/www.tribunaribeirao.com.br\/site\/wp-content\/uploads\/2024\/02\/3-Igreja-Matriz-Nossa-Senhora-Imaculada-Conceicao-Silveiras-1024x674.jpg 1024w, https:\/\/www.tribunaribeirao.com.br\/site\/wp-content\/uploads\/2024\/02\/3-Igreja-Matriz-Nossa-Senhora-Imaculada-Conceicao-Silveiras-768x505.jpg 768w, https:\/\/www.tribunaribeirao.com.br\/site\/wp-content\/uploads\/2024\/02\/3-Igreja-Matriz-Nossa-Senhora-Imaculada-Conceicao-Silveiras-1536x1011.jpg 1536w, https:\/\/www.tribunaribeirao.com.br\/site\/wp-content\/uploads\/2024\/02\/3-Igreja-Matriz-Nossa-Senhora-Imaculada-Conceicao-Silveiras-2048x1348.jpg 2048w, https:\/\/www.tribunaribeirao.com.br\/site\/wp-content\/uploads\/2024\/02\/3-Igreja-Matriz-Nossa-Senhora-Imaculada-Conceicao-Silveiras-1920x1263.jpg 1920w, https:\/\/www.tribunaribeirao.com.br\/site\/wp-content\/uploads\/2024\/02\/3-Igreja-Matriz-Nossa-Senhora-Imaculada-Conceicao-Silveiras-960x632.jpg 960w, https:\/\/www.tribunaribeirao.com.br\/site\/wp-content\/uploads\/2024\/02\/3-Igreja-Matriz-Nossa-Senhora-Imaculada-Conceicao-Silveiras-608x400.jpg 608w, https:\/\/www.tribunaribeirao.com.br\/site\/wp-content\/uploads\/2024\/02\/3-Igreja-Matriz-Nossa-Senhora-Imaculada-Conceicao-Silveiras-585x385.jpg 585w, https:\/\/www.tribunaribeirao.com.br\/site\/wp-content\/uploads\/2024\/02\/3-Igreja-Matriz-Nossa-Senhora-Imaculada-Conceicao-Silveiras-scaled.jpg 980w\" src=\"https:\/\/i0.wp.com\/www.tribunaribeirao.com.br\/site\/wp-content\/uploads\/2024\/02\/3-Igreja-Matriz-Nossa-Senhora-Imaculada-Conceicao-Silveiras-300x197.jpg?resize=1055%2C693&#038;ssl=1\" data-sizes=\"(max-width: 1055px) 100vw, 1055px\" class=\"alignnone  wp-image-372537 lazyload\"\/><noscript><img data-recalc-dims=\"1\" loading=\"lazy\" decoding=\"async\" class=\"alignnone  wp-image-372537\" src=\"https:\/\/i0.wp.com\/www.tribunaribeirao.com.br\/site\/wp-content\/uploads\/2024\/02\/3-Igreja-Matriz-Nossa-Senhora-Imaculada-Conceicao-Silveiras-300x197.jpg?resize=1055%2C693&#038;ssl=1\" alt=\"\" width=\"1055\" height=\"693\" srcset=\"https:\/\/www.tribunaribeirao.com.br\/site\/wp-content\/uploads\/2024\/02\/3-Igreja-Matriz-Nossa-Senhora-Imaculada-Conceicao-Silveiras-300x197.jpg 300w, https:\/\/www.tribunaribeirao.com.br\/site\/wp-content\/uploads\/2024\/02\/3-Igreja-Matriz-Nossa-Senhora-Imaculada-Conceicao-Silveiras-1024x674.jpg 1024w, https:\/\/www.tribunaribeirao.com.br\/site\/wp-content\/uploads\/2024\/02\/3-Igreja-Matriz-Nossa-Senhora-Imaculada-Conceicao-Silveiras-768x505.jpg 768w, https:\/\/www.tribunaribeirao.com.br\/site\/wp-content\/uploads\/2024\/02\/3-Igreja-Matriz-Nossa-Senhora-Imaculada-Conceicao-Silveiras-1536x1011.jpg 1536w, https:\/\/www.tribunaribeirao.com.br\/site\/wp-content\/uploads\/2024\/02\/3-Igreja-Matriz-Nossa-Senhora-Imaculada-Conceicao-Silveiras-2048x1348.jpg 2048w, https:\/\/www.tribunaribeirao.com.br\/site\/wp-content\/uploads\/2024\/02\/3-Igreja-Matriz-Nossa-Senhora-Imaculada-Conceicao-Silveiras-1920x1263.jpg 1920w, https:\/\/www.tribunaribeirao.com.br\/site\/wp-content\/uploads\/2024\/02\/3-Igreja-Matriz-Nossa-Senhora-Imaculada-Conceicao-Silveiras-960x632.jpg 960w, https:\/\/www.tribunaribeirao.com.br\/site\/wp-content\/uploads\/2024\/02\/3-Igreja-Matriz-Nossa-Senhora-Imaculada-Conceicao-Silveiras-608x400.jpg 608w, https:\/\/www.tribunaribeirao.com.br\/site\/wp-content\/uploads\/2024\/02\/3-Igreja-Matriz-Nossa-Senhora-Imaculada-Conceicao-Silveiras-585x385.jpg 585w, https:\/\/www.tribunaribeirao.com.br\/site\/wp-content\/uploads\/2024\/02\/3-Igreja-Matriz-Nossa-Senhora-Imaculada-Conceicao-Silveiras-scaled.jpg 980w\" sizes=\"auto, (max-width: 1055px) 100vw, 1055px\"\/><\/noscript><\/span><span data-contrast=\"auto\">Para quem aprecia o turismo religioso, a suntuosa Igreja Matriz Nossa Senhora Imaculada Concei\u00e7\u00e3o, em Silveiras, est\u00e1 localizada em frente \u00e0 Pra\u00e7a Matriz. A igreja sede da cidade recebe muitos fi\u00e9is e homenageia em seu nome, a padroeira de Silveiras<\/span><span data-ccp-props=\"{&quot;201341983&quot;:0,&quot;335559739&quot;:0,&quot;335559740&quot;:240}\">\u00a0 (Aniello de Vita \u2013 Express\u00e3o Studio)<\/span><\/p>\n<p><span data-ccp-props=\"{&quot;201341983&quot;:0,&quot;335559739&quot;:0,&quot;335559740&quot;:240}\">\u00a0<\/span><\/p>\n<p><img data-recalc-dims=\"1\" loading=\"lazy\" decoding=\"async\" alt=\"\" width=\"1043\" height=\"692\" srcset=\"https:\/\/www.tribunaribeirao.com.br\/site\/wp-content\/uploads\/2024\/02\/4-Arapei-300x199.jpg 300w, https:\/\/www.tribunaribeirao.com.br\/site\/wp-content\/uploads\/2024\/02\/4-Arapei-1024x679.jpg 1024w, https:\/\/www.tribunaribeirao.com.br\/site\/wp-content\/uploads\/2024\/02\/4-Arapei-768x510.jpg 768w, https:\/\/www.tribunaribeirao.com.br\/site\/wp-content\/uploads\/2024\/02\/4-Arapei-1536x1019.jpg 1536w, https:\/\/www.tribunaribeirao.com.br\/site\/wp-content\/uploads\/2024\/02\/4-Arapei-2048x1359.jpg 2048w, https:\/\/www.tribunaribeirao.com.br\/site\/wp-content\/uploads\/2024\/02\/4-Arapei-280x186.jpg 280w, https:\/\/www.tribunaribeirao.com.br\/site\/wp-content\/uploads\/2024\/02\/4-Arapei-1920x1274.jpg 1920w, https:\/\/www.tribunaribeirao.com.br\/site\/wp-content\/uploads\/2024\/02\/4-Arapei-960x637.jpg 960w, https:\/\/www.tribunaribeirao.com.br\/site\/wp-content\/uploads\/2024\/02\/4-Arapei-603x400.jpg 603w, https:\/\/www.tribunaribeirao.com.br\/site\/wp-content\/uploads\/2024\/02\/4-Arapei-585x388.jpg 585w, https:\/\/www.tribunaribeirao.com.br\/site\/wp-content\/uploads\/2024\/02\/4-Arapei-scaled.jpg 971w\" src=\"https:\/\/i0.wp.com\/www.tribunaribeirao.com.br\/site\/wp-content\/uploads\/2024\/02\/4-Arapei-300x199.jpg?resize=1043%2C692&#038;ssl=1\" data-sizes=\"(max-width: 1043px) 100vw, 1043px\" class=\"alignnone  wp-image-372538 lazyload\"\/><noscript><img data-recalc-dims=\"1\" loading=\"lazy\" decoding=\"async\" class=\"alignnone  wp-image-372538\" src=\"https:\/\/i0.wp.com\/www.tribunaribeirao.com.br\/site\/wp-content\/uploads\/2024\/02\/4-Arapei-300x199.jpg?resize=1043%2C692&#038;ssl=1\" alt=\"\" width=\"1043\" height=\"692\" srcset=\"https:\/\/www.tribunaribeirao.com.br\/site\/wp-content\/uploads\/2024\/02\/4-Arapei-300x199.jpg 300w, https:\/\/www.tribunaribeirao.com.br\/site\/wp-content\/uploads\/2024\/02\/4-Arapei-1024x679.jpg 1024w, https:\/\/www.tribunaribeirao.com.br\/site\/wp-content\/uploads\/2024\/02\/4-Arapei-768x510.jpg 768w, https:\/\/www.tribunaribeirao.com.br\/site\/wp-content\/uploads\/2024\/02\/4-Arapei-1536x1019.jpg 1536w, https:\/\/www.tribunaribeirao.com.br\/site\/wp-content\/uploads\/2024\/02\/4-Arapei-2048x1359.jpg 2048w, https:\/\/www.tribunaribeirao.com.br\/site\/wp-content\/uploads\/2024\/02\/4-Arapei-280x186.jpg 280w, https:\/\/www.tribunaribeirao.com.br\/site\/wp-content\/uploads\/2024\/02\/4-Arapei-1920x1274.jpg 1920w, https:\/\/www.tribunaribeirao.com.br\/site\/wp-content\/uploads\/2024\/02\/4-Arapei-960x637.jpg 960w, https:\/\/www.tribunaribeirao.com.br\/site\/wp-content\/uploads\/2024\/02\/4-Arapei-603x400.jpg 603w, https:\/\/www.tribunaribeirao.com.br\/site\/wp-content\/uploads\/2024\/02\/4-Arapei-585x388.jpg 585w, https:\/\/www.tribunaribeirao.com.br\/site\/wp-content\/uploads\/2024\/02\/4-Arapei-scaled.jpg 971w\" sizes=\"auto, (max-width: 1043px) 100vw, 1043px\"\/><\/noscript><span data-contrast=\"auto\">Arape\u00ed integra o Circuito Caminhos da Corte. Seu passado foi uma \u00e9poca de gl\u00f3rias durante o ciclo cafeeiro, que ainda mant\u00e9m preservada o seu patrim\u00f4nio hist\u00f3rico-cultural. O visitante tamb\u00e9m vai se deslumbrar com seus atrativos naturais e op\u00e7\u00f5es de passeio que ainda mant\u00e9m o dia a dia no campo, com belas fazendas que contam com caminhadas ecol\u00f3gicas, cachoeiras, cascatas e muitas comidinhas t\u00edpicas. Outro passeio imperd\u00edvel \u00e9 conhecer a Caverna do Alambary, fica nas encostas da Serra da Bocaina e foi descoberta no s\u00e9culo XIX. A cidade tamb\u00e9m acolhe seus visitantes com belos eventos festivos como a Folia de Reis, al\u00e9m de toda hospitalidade do interior.<\/span><span data-ccp-props=\"{&quot;201341983&quot;:0,&quot;335559739&quot;:0,&quot;335559740&quot;:240}\">\u00a0 (Ken Chu \u2013 Express\u00e3o Studio )<\/span><\/p>\n<p><span data-ccp-props=\"{&quot;201341983&quot;:0,&quot;335559739&quot;:0,&quot;335559740&quot;:240}\">\u00a0<\/span><\/p>\n<p><img data-recalc-dims=\"1\" loading=\"lazy\" decoding=\"async\" alt=\"\" width=\"930\" height=\"611\" srcset=\"https:\/\/www.tribunaribeirao.com.br\/site\/wp-content\/uploads\/2024\/02\/5-Praca-Nove-de-Julho-Areias-300x197.jpg 300w, https:\/\/www.tribunaribeirao.com.br\/site\/wp-content\/uploads\/2024\/02\/5-Praca-Nove-de-Julho-Areias-1024x674.jpg 1024w, https:\/\/www.tribunaribeirao.com.br\/site\/wp-content\/uploads\/2024\/02\/5-Praca-Nove-de-Julho-Areias-768x505.jpg 768w, https:\/\/www.tribunaribeirao.com.br\/site\/wp-content\/uploads\/2024\/02\/5-Praca-Nove-de-Julho-Areias-1536x1011.jpg 1536w, https:\/\/www.tribunaribeirao.com.br\/site\/wp-content\/uploads\/2024\/02\/5-Praca-Nove-de-Julho-Areias-2048x1348.jpg 2048w, https:\/\/www.tribunaribeirao.com.br\/site\/wp-content\/uploads\/2024\/02\/5-Praca-Nove-de-Julho-Areias-1920x1264.jpg 1920w, https:\/\/www.tribunaribeirao.com.br\/site\/wp-content\/uploads\/2024\/02\/5-Praca-Nove-de-Julho-Areias-960x632.jpg 960w, https:\/\/www.tribunaribeirao.com.br\/site\/wp-content\/uploads\/2024\/02\/5-Praca-Nove-de-Julho-Areias-608x400.jpg 608w, https:\/\/www.tribunaribeirao.com.br\/site\/wp-content\/uploads\/2024\/02\/5-Praca-Nove-de-Julho-Areias-585x385.jpg 585w, https:\/\/www.tribunaribeirao.com.br\/site\/wp-content\/uploads\/2024\/02\/5-Praca-Nove-de-Julho-Areias-scaled.jpg 980w\" src=\"https:\/\/i0.wp.com\/www.tribunaribeirao.com.br\/site\/wp-content\/uploads\/2024\/02\/5-Praca-Nove-de-Julho-Areias-300x197.jpg?resize=930%2C611&#038;ssl=1\" data-sizes=\"(max-width: 930px) 100vw, 930px\" class=\"alignnone  wp-image-372539 lazyload\"\/><noscript><img data-recalc-dims=\"1\" loading=\"lazy\" decoding=\"async\" class=\"alignnone  wp-image-372539\" src=\"https:\/\/i0.wp.com\/www.tribunaribeirao.com.br\/site\/wp-content\/uploads\/2024\/02\/5-Praca-Nove-de-Julho-Areias-300x197.jpg?resize=930%2C611&#038;ssl=1\" alt=\"\" width=\"930\" height=\"611\" srcset=\"https:\/\/www.tribunaribeirao.com.br\/site\/wp-content\/uploads\/2024\/02\/5-Praca-Nove-de-Julho-Areias-300x197.jpg 300w, https:\/\/www.tribunaribeirao.com.br\/site\/wp-content\/uploads\/2024\/02\/5-Praca-Nove-de-Julho-Areias-1024x674.jpg 1024w, https:\/\/www.tribunaribeirao.com.br\/site\/wp-content\/uploads\/2024\/02\/5-Praca-Nove-de-Julho-Areias-768x505.jpg 768w, https:\/\/www.tribunaribeirao.com.br\/site\/wp-content\/uploads\/2024\/02\/5-Praca-Nove-de-Julho-Areias-1536x1011.jpg 1536w, https:\/\/www.tribunaribeirao.com.br\/site\/wp-content\/uploads\/2024\/02\/5-Praca-Nove-de-Julho-Areias-2048x1348.jpg 2048w, https:\/\/www.tribunaribeirao.com.br\/site\/wp-content\/uploads\/2024\/02\/5-Praca-Nove-de-Julho-Areias-1920x1264.jpg 1920w, https:\/\/www.tribunaribeirao.com.br\/site\/wp-content\/uploads\/2024\/02\/5-Praca-Nove-de-Julho-Areias-960x632.jpg 960w, https:\/\/www.tribunaribeirao.com.br\/site\/wp-content\/uploads\/2024\/02\/5-Praca-Nove-de-Julho-Areias-608x400.jpg 608w, https:\/\/www.tribunaribeirao.com.br\/site\/wp-content\/uploads\/2024\/02\/5-Praca-Nove-de-Julho-Areias-585x385.jpg 585w, https:\/\/www.tribunaribeirao.com.br\/site\/wp-content\/uploads\/2024\/02\/5-Praca-Nove-de-Julho-Areias-scaled.jpg 980w\" sizes=\"auto, (max-width: 930px) 100vw, 930px\"\/><\/noscript><span data-contrast=\"auto\">A Pra\u00e7a Nove de Julho, em Areias, foi constru\u00edda em homenagem aos revolucion\u00e1rios areenses que naquele local participaram da Revolu\u00e7\u00e3o de 1932. O atrativo \u00e9 um marco hist\u00f3rico deste importante epis\u00f3dio da hist\u00f3ria brasileira.<\/span><span data-ccp-props=\"{&quot;201341983&quot;:0,&quot;335559739&quot;:0,&quot;335559740&quot;:240}\"> (Aniello de Vita \u2013 Express\u00e3o Studio )<\/span><\/p>\n<p><span data-ccp-props=\"{&quot;201341983&quot;:0,&quot;335559739&quot;:0,&quot;335559740&quot;:240}\"> <img data-recalc-dims=\"1\" loading=\"lazy\" decoding=\"async\" alt=\"\" width=\"844\" height=\"1260\" srcset=\"https:\/\/www.tribunaribeirao.com.br\/site\/wp-content\/uploads\/2024\/02\/6-Museu-Major-Novaes-Cruzeiro-201x300.jpg 201w, https:\/\/www.tribunaribeirao.com.br\/site\/wp-content\/uploads\/2024\/02\/6-Museu-Major-Novaes-Cruzeiro-686x1024.jpg 686w, https:\/\/www.tribunaribeirao.com.br\/site\/wp-content\/uploads\/2024\/02\/6-Museu-Major-Novaes-Cruzeiro-768x1146.jpg 768w, https:\/\/www.tribunaribeirao.com.br\/site\/wp-content\/uploads\/2024\/02\/6-Museu-Major-Novaes-Cruzeiro-1029x1536.jpg 1029w, https:\/\/www.tribunaribeirao.com.br\/site\/wp-content\/uploads\/2024\/02\/6-Museu-Major-Novaes-Cruzeiro-1372x2048.jpg 1372w, https:\/\/www.tribunaribeirao.com.br\/site\/wp-content\/uploads\/2024\/02\/6-Museu-Major-Novaes-Cruzeiro-1920x2865.jpg 1920w, https:\/\/www.tribunaribeirao.com.br\/site\/wp-content\/uploads\/2024\/02\/6-Museu-Major-Novaes-Cruzeiro-960x1432.jpg 960w, https:\/\/www.tribunaribeirao.com.br\/site\/wp-content\/uploads\/2024\/02\/6-Museu-Major-Novaes-Cruzeiro-268x400.jpg 268w, https:\/\/www.tribunaribeirao.com.br\/site\/wp-content\/uploads\/2024\/02\/6-Museu-Major-Novaes-Cruzeiro-585x873.jpg 585w, https:\/\/www.tribunaribeirao.com.br\/site\/wp-content\/uploads\/2024\/02\/6-Museu-Major-Novaes-Cruzeiro-scaled.jpg 432w\" src=\"https:\/\/i0.wp.com\/www.tribunaribeirao.com.br\/site\/wp-content\/uploads\/2024\/02\/6-Museu-Major-Novaes-Cruzeiro-201x300.jpg?resize=844%2C1260&#038;ssl=1\" data-sizes=\"(max-width: 844px) 100vw, 844px\" class=\"alignnone  wp-image-372540 lazyload\"\/><noscript><img data-recalc-dims=\"1\" loading=\"lazy\" decoding=\"async\" class=\"alignnone  wp-image-372540\" src=\"https:\/\/i0.wp.com\/www.tribunaribeirao.com.br\/site\/wp-content\/uploads\/2024\/02\/6-Museu-Major-Novaes-Cruzeiro-201x300.jpg?resize=844%2C1260&#038;ssl=1\" alt=\"\" width=\"844\" height=\"1260\" srcset=\"https:\/\/www.tribunaribeirao.com.br\/site\/wp-content\/uploads\/2024\/02\/6-Museu-Major-Novaes-Cruzeiro-201x300.jpg 201w, https:\/\/www.tribunaribeirao.com.br\/site\/wp-content\/uploads\/2024\/02\/6-Museu-Major-Novaes-Cruzeiro-686x1024.jpg 686w, https:\/\/www.tribunaribeirao.com.br\/site\/wp-content\/uploads\/2024\/02\/6-Museu-Major-Novaes-Cruzeiro-768x1146.jpg 768w, https:\/\/www.tribunaribeirao.com.br\/site\/wp-content\/uploads\/2024\/02\/6-Museu-Major-Novaes-Cruzeiro-1029x1536.jpg 1029w, https:\/\/www.tribunaribeirao.com.br\/site\/wp-content\/uploads\/2024\/02\/6-Museu-Major-Novaes-Cruzeiro-1372x2048.jpg 1372w, https:\/\/www.tribunaribeirao.com.br\/site\/wp-content\/uploads\/2024\/02\/6-Museu-Major-Novaes-Cruzeiro-1920x2865.jpg 1920w, https:\/\/www.tribunaribeirao.com.br\/site\/wp-content\/uploads\/2024\/02\/6-Museu-Major-Novaes-Cruzeiro-960x1432.jpg 960w, https:\/\/www.tribunaribeirao.com.br\/site\/wp-content\/uploads\/2024\/02\/6-Museu-Major-Novaes-Cruzeiro-268x400.jpg 268w, https:\/\/www.tribunaribeirao.com.br\/site\/wp-content\/uploads\/2024\/02\/6-Museu-Major-Novaes-Cruzeiro-585x873.jpg 585w, https:\/\/www.tribunaribeirao.com.br\/site\/wp-content\/uploads\/2024\/02\/6-Museu-Major-Novaes-Cruzeiro-scaled.jpg 432w\" sizes=\"auto, (max-width: 844px) 100vw, 844px\"\/><\/noscript><\/span><span data-contrast=\"auto\">O Museu Major Novaes, em Cruzeiro, foi edificado como sede da Fazenda Boa Vista, em 1840. Mais tarde foi resid\u00eancia do Major Manoel de Freitas Novaes. Hoje abriga o museu com rico acervo com dezenas de objetos que retratam o per\u00edodo.<\/span><span data-ccp-props=\"{&quot;201341983&quot;:0,&quot;335559739&quot;:0,&quot;335559740&quot;:240}\"> (Ken Chu \u2013 Express\u00e3o Studio )<\/span><\/p>\n<p><span data-ccp-props=\"{&quot;201341983&quot;:0,&quot;335559739&quot;:0,&quot;335559740&quot;:240}\">\u00a0<\/span><\/p>\n<p><img data-recalc-dims=\"1\" loading=\"lazy\" decoding=\"async\" alt=\"\" width=\"898\" height=\"590\" srcset=\"https:\/\/www.tribunaribeirao.com.br\/site\/wp-content\/uploads\/2024\/02\/7-Bananal-300x197.jpg 300w, https:\/\/www.tribunaribeirao.com.br\/site\/wp-content\/uploads\/2024\/02\/7-Bananal-1024x674.jpg 1024w, https:\/\/www.tribunaribeirao.com.br\/site\/wp-content\/uploads\/2024\/02\/7-Bananal-768x505.jpg 768w, https:\/\/www.tribunaribeirao.com.br\/site\/wp-content\/uploads\/2024\/02\/7-Bananal-1536x1011.jpg 1536w, https:\/\/www.tribunaribeirao.com.br\/site\/wp-content\/uploads\/2024\/02\/7-Bananal-2048x1348.jpg 2048w, https:\/\/www.tribunaribeirao.com.br\/site\/wp-content\/uploads\/2024\/02\/7-Bananal-1920x1263.jpg 1920w, https:\/\/www.tribunaribeirao.com.br\/site\/wp-content\/uploads\/2024\/02\/7-Bananal-960x632.jpg 960w, https:\/\/www.tribunaribeirao.com.br\/site\/wp-content\/uploads\/2024\/02\/7-Bananal-608x400.jpg 608w, https:\/\/www.tribunaribeirao.com.br\/site\/wp-content\/uploads\/2024\/02\/7-Bananal-585x385.jpg 585w, https:\/\/www.tribunaribeirao.com.br\/site\/wp-content\/uploads\/2024\/02\/7-Bananal-scaled.jpg 980w\" src=\"https:\/\/i0.wp.com\/www.tribunaribeirao.com.br\/site\/wp-content\/uploads\/2024\/02\/7-Bananal-300x197.jpg?resize=898%2C590&#038;ssl=1\" data-sizes=\"(max-width: 898px) 100vw, 898px\" class=\"alignnone wp-image-372541  lazyload\"\/><noscript><img data-recalc-dims=\"1\" loading=\"lazy\" decoding=\"async\" class=\"alignnone wp-image-372541 \" src=\"https:\/\/i0.wp.com\/www.tribunaribeirao.com.br\/site\/wp-content\/uploads\/2024\/02\/7-Bananal-300x197.jpg?resize=898%2C590&#038;ssl=1\" alt=\"\" width=\"898\" height=\"590\" srcset=\"https:\/\/www.tribunaribeirao.com.br\/site\/wp-content\/uploads\/2024\/02\/7-Bananal-300x197.jpg 300w, https:\/\/www.tribunaribeirao.com.br\/site\/wp-content\/uploads\/2024\/02\/7-Bananal-1024x674.jpg 1024w, https:\/\/www.tribunaribeirao.com.br\/site\/wp-content\/uploads\/2024\/02\/7-Bananal-768x505.jpg 768w, https:\/\/www.tribunaribeirao.com.br\/site\/wp-content\/uploads\/2024\/02\/7-Bananal-1536x1011.jpg 1536w, https:\/\/www.tribunaribeirao.com.br\/site\/wp-content\/uploads\/2024\/02\/7-Bananal-2048x1348.jpg 2048w, https:\/\/www.tribunaribeirao.com.br\/site\/wp-content\/uploads\/2024\/02\/7-Bananal-1920x1263.jpg 1920w, https:\/\/www.tribunaribeirao.com.br\/site\/wp-content\/uploads\/2024\/02\/7-Bananal-960x632.jpg 960w, https:\/\/www.tribunaribeirao.com.br\/site\/wp-content\/uploads\/2024\/02\/7-Bananal-608x400.jpg 608w, https:\/\/www.tribunaribeirao.com.br\/site\/wp-content\/uploads\/2024\/02\/7-Bananal-585x385.jpg 585w, https:\/\/www.tribunaribeirao.com.br\/site\/wp-content\/uploads\/2024\/02\/7-Bananal-scaled.jpg 980w\" sizes=\"auto, (max-width: 898px) 100vw, 898px\"\/><\/noscript><span data-contrast=\"auto\">Est\u00e1 a fim de passeios para conhecer o passado e o presente? Bananal oferece aos visitantes atrativos que preservam o seu passado com conjunto arquitet\u00f4nico tombado pelo CONDEPHAAT. Destaque para a Fazenda dos Coqueiros, inaugurada em 1855, conta com diversas curiosidades como a antiga senzala, o lavador de caf\u00e9, o banheiro t\u00edpico da \u00e9poca, entre outras atra\u00e7\u00f5es. Aos apaixonados pelo turismo de aventura, a cidade conta com atrativos dentro da Serra da Bocaina, como morros para saltar de asa delta, voo livres e rapel. Cachoeiras com piscinas naturais de \u00e1guas claras e fundo de areia branca.\u00a0<\/span><span data-ccp-props=\"{&quot;201341983&quot;:0,&quot;335559739&quot;:0,&quot;335559740&quot;:240}\"> (Ken Chu \u2013 Express\u00e3o Studio )<\/span><\/p>\n<\/div>\n<p><br \/>\n<br \/><a href=\"https:\/\/www.tribunaribeirao.com.br\/site\/vale-historico-busca-aumentar-fluxo-de-visitantes\/\">Source link <\/a><\/p>\n<!-- CONTENT END 1 -->\n","protected":false},"excerpt":{"rendered":"<p>Com o objetivo de fortalecer a identidade dos destinos tur\u00edsticos de Queluz, S\u00e3o Jos\u00e9 do Barreiro, Silveiras, Arape\u00ed, Lavrinhas, Areias, Cruzeiro e Bananal [todas no&#8230;<\/p>\n","protected":false},"author":1,"featured_media":34972,"comment_status":"open","ping_status":"open","sticky":false,"template":"","format":"standard","meta":{"advanced_seo_description":"","jetpack_seo_html_title":"","jetpack_seo_noindex":false,"jetpack_post_was_ever_published":false,"_jetpack_newsletter_access":"","_jetpack_dont_email_post_to_subs":false,"_jetpack_newsletter_tier_id":0,"_jetpack_memberships_contains_paywalled_content":false,"_jetpack_memberships_contains_paid_content":false,"footnotes":"","jetpack_publicize_message":"","jetpack_publicize_feature_enabled":true,"jetpack_social_post_already_shared":true,"jetpack_social_options":{"image_generator_settings":{"template":"highway","default_image_id":0,"font":"","enabled":false},"version":2}},"categories":[11],"tags":[4061,1994,4062,1925,1924,2846],"class_list":["post-34971","post","type-post","status-publish","format-standard","has-post-thumbnail","hentry","category-noticias-de-ribeirao-preto-sp-e-regiao-ismael-colosi","tag-aumentar","tag-busca","tag-fluxo","tag-historico","tag-vale","tag-visitantes"],"jetpack_publicize_connections":[],"jetpack_featured_media_url":"https:\/\/i0.wp.com\/noticiasribeiraopreto.com.br\/wp-content\/uploads\/2024\/02\/6-capa-turismo-queluz-scaled.jpg?fit=986%2C645&ssl=1","jetpack-related-posts":[{"id":13643,"url":"https:\/\/noticiasribeiraopreto.com.br\/index.php\/2023\/12\/10\/cidades-do-vale-historico-e-da-fe-terao-incentivo-ao-turismo-de-experiencia\/","url_meta":{"origin":34971,"position":0},"title":"Cidades do Vale Hist\u00f3rico e da F\u00e9 ter\u00e3o incentivo ao turismo de experi\u00eancia\u00a0","author":"noticiasribeiraopreto.com.br","date":"10 de December de 2023","format":false,"excerpt":"Cidades que integram o Vale Hist\u00f3rico e da F\u00e9, no interior de S\u00e3o Paulo (ver nessa p\u00e1gina), ser\u00e3o norteadas em breve por um pacote de a\u00e7\u00f5es de est\u00edmulo ao fortalecimento da economia criativa pelo turismo de experi\u00eancias. Lan\u00e7ado No final de novembro, em S\u00e3o Jos\u00e9 do Barreiro, o Projeto Territ\u00f3rio\u2026","rel":"","context":"In &quot;Not\u00edcias de Ribeir\u00e3o Preto-SP e Regi\u00e3o&quot;","block_context":{"text":"Not\u00edcias de Ribeir\u00e3o Preto-SP e Regi\u00e3o","link":"https:\/\/noticiasribeiraopreto.com.br\/index.php\/category\/noticias-de-ribeirao-preto-sp-e-regiao-ismael-colosi\/"},"img":{"alt_text":"","src":"https:\/\/i0.wp.com\/noticiasribeiraopreto.com.br\/wp-content\/uploads\/2023\/12\/turis-scaled.jpg?fit=983%2C645&ssl=1&resize=350%2C200","width":350,"height":200,"srcset":"https:\/\/i0.wp.com\/noticiasribeiraopreto.com.br\/wp-content\/uploads\/2023\/12\/turis-scaled.jpg?fit=983%2C645&ssl=1&resize=350%2C200 1x, https:\/\/i0.wp.com\/noticiasribeiraopreto.com.br\/wp-content\/uploads\/2023\/12\/turis-scaled.jpg?fit=983%2C645&ssl=1&resize=525%2C300 1.5x, https:\/\/i0.wp.com\/noticiasribeiraopreto.com.br\/wp-content\/uploads\/2023\/12\/turis-scaled.jpg?fit=983%2C645&ssl=1&resize=700%2C400 2x"},"classes":[]},{"id":39368,"url":"https:\/\/noticiasribeiraopreto.com.br\/index.php\/2024\/02\/25\/plataforma-revela-os-destinos-mais-acolhedores-do-sudeste\/","url_meta":{"origin":34971,"position":1},"title":"Plataforma revela os destinos mais acolhedores do Sudeste\u00a0","author":"noticiasribeiraopreto.com.br","date":"25 de February de 2024","format":false,"excerpt":"O Traveller Review Awards 2024 \u00e9 uma premia\u00e7\u00e3o anual com base em mais de 309 milh\u00f5es de avalia\u00e7\u00f5es verificadas, que reconhece prestadores de servi\u00e7os de turismo e hospitalidade por sua excel\u00eancia. Realizada pela plataforma de viagens Booking.com, uma das mais conhecidas, nesta semana a pesquisa revelou uma lista com os\u2026","rel":"","context":"In &quot;Not\u00edcias de Ribeir\u00e3o Preto-SP e Regi\u00e3o&quot;","block_context":{"text":"Not\u00edcias de Ribeir\u00e3o Preto-SP e Regi\u00e3o","link":"https:\/\/noticiasribeiraopreto.com.br\/index.php\/category\/noticias-de-ribeirao-preto-sp-e-regiao-ismael-colosi\/"},"img":{"alt_text":"","src":"https:\/\/i0.wp.com\/noticiasribeiraopreto.com.br\/wp-content\/uploads\/2024\/02\/4-sto-ant-pinhal-1-scaled.jpg?fit=977%2C645&ssl=1&resize=350%2C200","width":350,"height":200,"srcset":"https:\/\/i0.wp.com\/noticiasribeiraopreto.com.br\/wp-content\/uploads\/2024\/02\/4-sto-ant-pinhal-1-scaled.jpg?fit=977%2C645&ssl=1&resize=350%2C200 1x, https:\/\/i0.wp.com\/noticiasribeiraopreto.com.br\/wp-content\/uploads\/2024\/02\/4-sto-ant-pinhal-1-scaled.jpg?fit=977%2C645&ssl=1&resize=525%2C300 1.5x, https:\/\/i0.wp.com\/noticiasribeiraopreto.com.br\/wp-content\/uploads\/2024\/02\/4-sto-ant-pinhal-1-scaled.jpg?fit=977%2C645&ssl=1&resize=700%2C400 2x"},"classes":[]},{"id":84570,"url":"https:\/\/noticiasribeiraopreto.com.br\/index.php\/2026\/04\/12\/turistas-da-america-latina-superam-200-mil-na-republica-tcheca\/","url_meta":{"origin":34971,"position":2},"title":"Turistas da Am\u00e9rica Latina superam 200 mil na Rep\u00fablica Tcheca","author":"noticiasribeiraopreto.com.br","date":"12 de April de 2026","format":false,"excerpt":"\r \r \r 12 de abril de 2026 10:3011 de abril de 2026 20:41 \r Compartilhar0 O n\u00famero de turistas da Am\u00e9rica Latina na Rep\u00fablica Tcheca ultrapassou a marca de 200 mil visitantes em 2025, retomando patamar anterior \u00e0 pandemia. De acordo com dados oficiais de hospedagem, foram registrados 201.096\u2026","rel":"","context":"In &quot;Not\u00edcias de Ribeir\u00e3o Preto-SP e Regi\u00e3o&quot;","block_context":{"text":"Not\u00edcias de Ribeir\u00e3o Preto-SP e Regi\u00e3o","link":"https:\/\/noticiasribeiraopreto.com.br\/index.php\/category\/noticias-de-ribeirao-preto-sp-e-regiao-ismael-colosi\/"},"img":{"alt_text":"","src":"https:\/\/i0.wp.com\/noticiasribeiraopreto.com.br\/wp-content\/uploads\/2026\/04\/2-1.jpg?fit=800%2C500&ssl=1&resize=350%2C200","width":350,"height":200,"srcset":"https:\/\/i0.wp.com\/noticiasribeiraopreto.com.br\/wp-content\/uploads\/2026\/04\/2-1.jpg?fit=800%2C500&ssl=1&resize=350%2C200 1x, https:\/\/i0.wp.com\/noticiasribeiraopreto.com.br\/wp-content\/uploads\/2026\/04\/2-1.jpg?fit=800%2C500&ssl=1&resize=525%2C300 1.5x, https:\/\/i0.wp.com\/noticiasribeiraopreto.com.br\/wp-content\/uploads\/2026\/04\/2-1.jpg?fit=800%2C500&ssl=1&resize=700%2C400 2x"},"classes":[]},{"id":79392,"url":"https:\/\/noticiasribeiraopreto.com.br\/index.php\/2025\/10\/30\/rotas-do-queijo-quatro-cidades-da-regiao-de-ribeirao-preto-entram-no-mapa-do-turismo-gastronomico\/","url_meta":{"origin":34971,"position":3},"title":"Rotas do Queijo: quatro cidades da regi\u00e3o de Ribeir\u00e3o Preto entram no mapa do turismo gastron\u00f4mico","author":"noticiasribeiraopreto.com.br","date":"30 de October de 2025","format":false,"excerpt":"Quatro cidades da regi\u00e3o de Ribeir\u00e3o Preto \u2013 C\u00e1ssia dos Coqueiros, Jaboticabal, Jardin\u00f3polis e Pedregulho \u2013 passam a integrar as Rotas do Queijo de S\u00e3o Paulo, projeto que valoriza a produ\u00e7\u00e3o de queijos artesanais e fortalece o turismo gastron\u00f4mico no estado. A inclus\u00e3o dessas cidades refor\u00e7a a presen\u00e7a da Mogiana\u2026","rel":"","context":"In &quot;Not\u00edcias de Ribeir\u00e3o Preto-SP e Regi\u00e3o&quot;","block_context":{"text":"Not\u00edcias de Ribeir\u00e3o Preto-SP e Regi\u00e3o","link":"https:\/\/noticiasribeiraopreto.com.br\/index.php\/category\/noticias-de-ribeirao-preto-sp-e-regiao-ismael-colosi\/"},"img":{"alt_text":"","src":"https:\/\/i0.wp.com\/noticiasribeiraopreto.com.br\/wp-content\/uploads\/2025\/10\/terror-5_2025-10-30_21-05-44.webp.webp?fit=1200%2C675&ssl=1&resize=350%2C200","width":350,"height":200,"srcset":"https:\/\/i0.wp.com\/noticiasribeiraopreto.com.br\/wp-content\/uploads\/2025\/10\/terror-5_2025-10-30_21-05-44.webp.webp?fit=1200%2C675&ssl=1&resize=350%2C200 1x, https:\/\/i0.wp.com\/noticiasribeiraopreto.com.br\/wp-content\/uploads\/2025\/10\/terror-5_2025-10-30_21-05-44.webp.webp?fit=1200%2C675&ssl=1&resize=525%2C300 1.5x, https:\/\/i0.wp.com\/noticiasribeiraopreto.com.br\/wp-content\/uploads\/2025\/10\/terror-5_2025-10-30_21-05-44.webp.webp?fit=1200%2C675&ssl=1&resize=700%2C400 2x, https:\/\/i0.wp.com\/noticiasribeiraopreto.com.br\/wp-content\/uploads\/2025\/10\/terror-5_2025-10-30_21-05-44.webp.webp?fit=1200%2C675&ssl=1&resize=1050%2C600 3x"},"classes":[]},{"id":65674,"url":"https:\/\/noticiasribeiraopreto.com.br\/index.php\/2025\/03\/23\/brasil-aprova-isencao-de-visto-para-turistas-dos-eua-australia-e-canada-impactos-e-expectativas-para-o-turismo\/","url_meta":{"origin":34971,"position":4},"title":"Brasil aprova isen\u00e7\u00e3o de visto para turistas dos EUA, Austr\u00e1lia e Canad\u00e1: Impactos e expectativas para o turismo","author":"noticiasribeiraopreto.com.br","date":"23 de March de 2025","format":false,"excerpt":"Em uma decis\u00e3o que pode transformar o cen\u00e1rio tur\u00edstico nacional, o Senado Federal aprovou, em 19 de mar\u00e7o de 2025, o Projeto de Decreto Legislativo (PDL) 206\/23, que susta o decreto presidencial de 2023 que exigia visto de entrada para cidad\u00e3os dos Estados Unidos, Austr\u00e1lia e Canad\u00e1. A medida visa\u2026","rel":"","context":"In &quot;Not\u00edcias de Ribeir\u00e3o Preto-SP e Regi\u00e3o&quot;","block_context":{"text":"Not\u00edcias de Ribeir\u00e3o Preto-SP e Regi\u00e3o","link":"https:\/\/noticiasribeiraopreto.com.br\/index.php\/category\/noticias-de-ribeirao-preto-sp-e-regiao-ismael-colosi\/"},"img":{"alt_text":"","src":"https:\/\/i0.wp.com\/noticiasribeiraopreto.com.br\/wp-content\/uploads\/2025\/03\/aeroporto_internacional_de_brasilia1912223000.webp.webp?fit=1170%2C700&ssl=1&resize=350%2C200","width":350,"height":200,"srcset":"https:\/\/i0.wp.com\/noticiasribeiraopreto.com.br\/wp-content\/uploads\/2025\/03\/aeroporto_internacional_de_brasilia1912223000.webp.webp?fit=1170%2C700&ssl=1&resize=350%2C200 1x, https:\/\/i0.wp.com\/noticiasribeiraopreto.com.br\/wp-content\/uploads\/2025\/03\/aeroporto_internacional_de_brasilia1912223000.webp.webp?fit=1170%2C700&ssl=1&resize=525%2C300 1.5x, https:\/\/i0.wp.com\/noticiasribeiraopreto.com.br\/wp-content\/uploads\/2025\/03\/aeroporto_internacional_de_brasilia1912223000.webp.webp?fit=1170%2C700&ssl=1&resize=700%2C400 2x, https:\/\/i0.wp.com\/noticiasribeiraopreto.com.br\/wp-content\/uploads\/2025\/03\/aeroporto_internacional_de_brasilia1912223000.webp.webp?fit=1170%2C700&ssl=1&resize=1050%2C600 3x"},"classes":[]},{"id":21340,"url":"https:\/\/noticiasribeiraopreto.com.br\/index.php\/2023\/12\/27\/10-cidades-mineiras-imperdiveis-na-serra-da-mantiqueira\/","url_meta":{"origin":34971,"position":5},"title":"10 cidades mineiras imperd\u00edveis na Serra da Mantiqueira","author":"noticiasribeiraopreto.com.br","date":"27 de December de 2023","format":false,"excerpt":"Com aproximadamente 500 quil\u00f4metros de extens\u00e3o, a Serra da Mantiqueira \u00e9 uma cadeia montanhosa que divide o sul de Minas Gerais com os estados de S\u00e3o Paulo e Rio de Janeiro. Minas Gerais se destaca por abrigar 60% das cidades encravada neste pared\u00e3o de montanhas. A regi\u00e3o atrai turistas interessados\u2026","rel":"","context":"In &quot;Variedades&quot;","block_context":{"text":"Variedades","link":"https:\/\/noticiasribeiraopreto.com.br\/index.php\/category\/variedades\/"},"img":{"alt_text":"","src":"https:\/\/i0.wp.com\/noticiasribeiraopreto.com.br\/wp-content\/uploads\/2023\/12\/goncalves.jpg?fit=1200%2C638&ssl=1&resize=350%2C200","width":350,"height":200,"srcset":"https:\/\/i0.wp.com\/noticiasribeiraopreto.com.br\/wp-content\/uploads\/2023\/12\/goncalves.jpg?fit=1200%2C638&ssl=1&resize=350%2C200 1x, https:\/\/i0.wp.com\/noticiasribeiraopreto.com.br\/wp-content\/uploads\/2023\/12\/goncalves.jpg?fit=1200%2C638&ssl=1&resize=525%2C300 1.5x, https:\/\/i0.wp.com\/noticiasribeiraopreto.com.br\/wp-content\/uploads\/2023\/12\/goncalves.jpg?fit=1200%2C638&ssl=1&resize=700%2C400 2x, https:\/\/i0.wp.com\/noticiasribeiraopreto.com.br\/wp-content\/uploads\/2023\/12\/goncalves.jpg?fit=1200%2C638&ssl=1&resize=1050%2C600 3x"},"classes":[]}],"jetpack_sharing_enabled":true,"jetpack_shortlink":"https:\/\/wp.me\/peQAOb-963","_links":{"self":[{"href":"https:\/\/noticiasribeiraopreto.com.br\/index.php\/wp-json\/wp\/v2\/posts\/34971","targetHints":{"allow":["GET"]}}],"collection":[{"href":"https:\/\/noticiasribeiraopreto.com.br\/index.php\/wp-json\/wp\/v2\/posts"}],"about":[{"href":"https:\/\/noticiasribeiraopreto.com.br\/index.php\/wp-json\/wp\/v2\/types\/post"}],"author":[{"embeddable":true,"href":"https:\/\/noticiasribeiraopreto.com.br\/index.php\/wp-json\/wp\/v2\/users\/1"}],"replies":[{"embeddable":true,"href":"https:\/\/noticiasribeiraopreto.com.br\/index.php\/wp-json\/wp\/v2\/comments?post=34971"}],"version-history":[{"count":0,"href":"https:\/\/noticiasribeiraopreto.com.br\/index.php\/wp-json\/wp\/v2\/posts\/34971\/revisions"}],"wp:featuredmedia":[{"embeddable":true,"href":"https:\/\/noticiasribeiraopreto.com.br\/index.php\/wp-json\/wp\/v2\/media\/34972"}],"wp:attachment":[{"href":"https:\/\/noticiasribeiraopreto.com.br\/index.php\/wp-json\/wp\/v2\/media?parent=34971"}],"wp:term":[{"taxonomy":"category","embeddable":true,"href":"https:\/\/noticiasribeiraopreto.com.br\/index.php\/wp-json\/wp\/v2\/categories?post=34971"},{"taxonomy":"post_tag","embeddable":true,"href":"https:\/\/noticiasribeiraopreto.com.br\/index.php\/wp-json\/wp\/v2\/tags?post=34971"}],"curies":[{"name":"wp","href":"https:\/\/api.w.org\/{rel}","templated":true}]}}