{"id":35104,"date":"2024-02-05T10:49:55","date_gmt":"2024-02-05T13:49:55","guid":{"rendered":"https:\/\/noticiasribeiraopreto.com.br\/index.php\/2024\/02\/05\/rp-esta-com-45-vagas-de-emprego-nesta-segunda-feira-5\/"},"modified":"2024-02-05T10:49:55","modified_gmt":"2024-02-05T13:49:55","slug":"rp-esta-com-45-vagas-de-emprego-nesta-segunda-feira-5","status":"publish","type":"post","link":"https:\/\/noticiasribeiraopreto.com.br\/index.php\/2024\/02\/05\/rp-esta-com-45-vagas-de-emprego-nesta-segunda-feira-5\/","title":{"rendered":"RP est\u00e1 com 45 vagas de emprego nesta segunda-feira, 5"},"content":{"rendered":"<div class='code-block code-block-1' style='margin: 8px 0 8px auto; text-align: right; display: block; clear: both;'>\n<p><a href=\"https:\/\/wa.link\/vpicfd\"><img data-recalc-dims=\"1\" class=\"wp-image-4922\" style=\"aspect-ratio: 2.0253164556962027; width: 561px; height: auto;\" src=\"https:\/\/i0.wp.com\/ismaelcolosi.com.br\/wp-content\/uploads\/2023\/11\/grupo-de-empregos-whatsapp-e-facebook-ismael-colosi-vagas.jpg?ssl=1\" alt=\"\" \/><\/a><\/p>\n<!-- \/wp:image -->\n<\/div>\n<p> <br \/>\n<\/p>\n<div id=\"post-372634\">\n<header class=\"entry-header penci-entry-header penci-title-center\">\n<div class=\"penci-entry-categories\"><span class=\"penci-cat-links\">Destaque Empregos e Est\u00e1gios<\/span><\/div>\n<p> <span class=\"entry-meta-item penci-posted-on\"><i class=\"fa fa-clock-o\"\/><time class=\"entry-date published\" datetime=\"2024-02-05T10:45:25-03:00\">5 de fevereiro de 2024 | 10:45<\/time><time class=\"updated\" datetime=\"2024-02-05T10:39:39-03:00\">5 de fevereiro de 2024 | 10:39<\/time><\/span><\/p>\n<p> <span class=\"penci-social-buttons penci-social-share-footer\"><a href=\"#\" class=\"penci-post-like penci_post-meta_item  single-like-button penci-social-item like\" data-post_id=\"372634\" title=\"Like\" data-like=\"Like\" data-unlike=\"Unlike\"><i class=\"fa fa-thumbs-o-up\"\/><span class=\"penci-share-number\">0<\/span><\/a><i class=\"fa fa-facebook\"\/><a class=\"penci-social-item twitter\" target=\"_blank\" rel=\"noopener\" title=\"\" href=\"https:\/\/twitter.com\/intent\/tweet?text=RP%20est\u00e1%20com%2045%20vagas%20de%20emprego%20nesta%20segunda-feira,%205%20-%20https:\/\/www.tribunaribeirao.com.br\/site\/rp-esta-com-45-vagas-de-emprego-nesta-segunda-feira-5\/\"><i class=\"fa fa-twitter\"\/><\/a><i class=\"fa fa-whatsapp\"\/><\/span><\/header>\n<div class=\"penci-entry-content entry-content\">\n<p>O Caterp (Centro de Apoio ao Trabalhador e Empreendedor de Ribeir\u00e3o Preto)\u00a0est\u00e1 com 45 vagas de emprego nesta segunda-feira, 5 de fevereiro. Entre as vagas dispon\u00edveis est\u00e3o: gar\u00e7om, mec\u00e2nico, pedreiro, encanador, zelador, entre outras.<\/p>\n<p>Os interessados devem comparecer ao Caterp, das 8h \u00e0s 11h30 e das 13h \u00e0s 16h, munidos da Carteira de Trabalho, RG, CPF, comprovante de endere\u00e7o e curr\u00edculo atualizado. O Caterp est\u00e1 localizado na avenida Francisco Junqueira, n\u00ba 2.625, Jardim Macedo.<\/p>\n<p>Vagas dispon\u00edveis em 5 de fevereiro:<\/p>\n<p>\u00a0<\/p>\n<table class=\"Table\" cellspacing=\"0\">\n<tbody>\n<tr>\n<td><strong>VAGA<\/strong><\/td>\n<td><strong>ESCOLARIDADE<\/strong><\/td>\n<td><strong>EXPERI\u00caNCIA EM CARTEIRA<\/strong><\/td>\n<\/tr>\n<tr>\n<td>AGENTE DE RECICLAGEM DE MATERIAIS (MACULINO)<\/td>\n<td>FUNDAMENTAL INCOMPLETO<\/td>\n<td>0<\/td>\n<\/tr>\n<tr>\n<td>ASSISTENTE ADMINISTRATIVO (TRABALHAR EM LUIS ANTONIO\/ FRETAMENTO)<\/td>\n<td>M\u00c9DIO COMPLETO<\/td>\n<td>6 MESES<\/td>\n<\/tr>\n<tr>\n<td>ATENDE DE BALCONISTA (FEMININO)<\/td>\n<td>M\u00c9DIO COMPLETO<\/td>\n<td>6 MESES<\/td>\n<\/tr>\n<tr>\n<td>AUXILIAR ADMINISTRATIVO<\/td>\n<td>M\u00c9DIO COMPLETO<\/td>\n<td>6 MESES<\/td>\n<\/tr>\n<tr>\n<td>AUXILIAR ADMINISTRATIVO (TER CONHECIMENTO EM TRANSPORTADORA E EMISS\u00c3O CPRC)<\/td>\n<td>M\u00c9DIO COMPLETO<\/td>\n<td>6 MESES<\/td>\n<\/tr>\n<tr>\n<td>AUXILIAR DE COZINHA<\/td>\n<td>FUNDAMENTAL COMPLETO<\/td>\n<td>6 MESES<\/td>\n<\/tr>\n<tr>\n<td>AUXILIAR DE ESCRIT\u00d3RIO (MASCULINO)<\/td>\n<td>M\u00c9DIO COMPLETO<\/td>\n<td>6 MESES<\/td>\n<\/tr>\n<tr>\n<td>AUXILIAR DE ESTOQUE (MASCULINO \/ TEMPOR\u00c1RIO 90 DIAS)<\/td>\n<td>M\u00c9DIO COMPLETO<\/td>\n<td>6 MESES<\/td>\n<\/tr>\n<tr>\n<td>AUXILIAR DE LIMPEZA<\/td>\n<td>FUNDAMENTAL INCOMPLETO<\/td>\n<td>6 MESES<\/td>\n<\/tr>\n<tr>\n<td>AUXILIAR DE LIMPEZA (MASCULINO)<\/td>\n<td>FUNDAMENTAL COMPLETO<\/td>\n<td>6 MESES<\/td>\n<\/tr>\n<tr>\n<td>AUXILIAR DE LIMPEZA (VAGA INTERMITENTE)<\/td>\n<td>FUNDAMENTAL COMPLETO<\/td>\n<td>0<\/td>\n<\/tr>\n<tr>\n<td>AUXILIAR DE MANUTEN\u00c7\u00c3O PREDIAL<\/td>\n<td>FUNDAMENTAL COMPLETO<\/td>\n<td>3 MESES<\/td>\n<\/tr>\n<tr>\n<td>AUXILIAR MEC\u00c2NICO DE AR CONDICIONADO<\/td>\n<td>FUNDAMENTAL COMPLETO<\/td>\n<td>6 MESES<\/td>\n<\/tr>\n<tr>\n<td>AUXILIAR OPERACIONAL DE LOG\u00cdSTICA (TEMPOR\u00c1RIO DE 90 A 270 DIAS)<\/td>\n<td>FUNDAMENTAL COMPLETO<\/td>\n<td>0<\/td>\n<\/tr>\n<tr>\n<td>CONSULTOR DE VENDAS<\/td>\n<td>M\u00c9DIO COMPLETO<\/td>\n<td>6 MESES<\/td>\n<\/tr>\n<tr>\n<td>ENGENHEIRO PROJETISTA (CNH AB)<\/td>\n<td>SUPERIOR INCOMPLETO<\/td>\n<td>0<\/td>\n<\/tr>\n<tr>\n<td>FERREIRO ARMADOR NA CONSTRU\u00c7\u00c3O CIVIL<\/td>\n<td>FUNDAMENTAL COMPLETO<\/td>\n<td>0<\/td>\n<\/tr>\n<tr>\n<td>GAR\u00c7OM<\/td>\n<td>FUNDAMENTAL\u00a0 INCOMPLETO<\/td>\n<td>6 MESES<\/td>\n<\/tr>\n<tr>\n<td>INSTALADOR DE ALARME (MASCULINO \/ DISPONIBILIDADE PARA VIAGEM)<\/td>\n<td>FUNDAMENTAL COMPLETO<\/td>\n<td>0<\/td>\n<\/tr>\n<tr>\n<td>INSTALADOR\u2013REPARADOR DE LINHAS TELEF\u00d4NICAS A\u00c9REAS E SUBTERR\u00c2NEAS ( CNH B \/ DISP. P\/VIAGEM )<\/td>\n<td>M\u00c9DIO COMPLETO<\/td>\n<td>0<\/td>\n<\/tr>\n<tr>\n<td>MEC\u00c2NICO<\/td>\n<td>FUNDAMENTAL COMPLETO<\/td>\n<td>6 MESES<\/td>\n<\/tr>\n<tr>\n<td>MEC\u00c2NICO DE MAQUINAS PESADAS (CNH D)<\/td>\n<td>FUNDAMENTAL\u00a0 COMPLETO<\/td>\n<td>6 MESES<\/td>\n<\/tr>\n<tr>\n<td>MOTORISTA DE CAMINH\u00c3O (CNH D)<\/td>\n<td>M\u00c9DIO COMPLETO<\/td>\n<td>6 MESES<\/td>\n<\/tr>\n<tr>\n<td>OPERADOR DE CENTRIFUGADORA\u00a0 (DISPONIBILIDADE PARA VIAGEM)<\/td>\n<td>FUNDAMENTAL COMPLETO<\/td>\n<td>0<\/td>\n<\/tr>\n<tr>\n<td>PADEIRO (MASCULINO)<\/td>\n<td>FUNDAMENTAL COMPELTO<\/td>\n<td>6 MESES<\/td>\n<\/tr>\n<tr>\n<td>PEDREIRO (DISPONIBILIDADE P\/ VIAGEM)<\/td>\n<td>FUNDAMENTAL INCOMPLETO<\/td>\n<td>6 MESES<\/td>\n<\/tr>\n<tr>\n<td>RECEPCIONISTA, EM GERAL (NOTURNO)<\/td>\n<td>M\u00c9DIO COMPLETO<\/td>\n<td>0<\/td>\n<\/tr>\n<tr>\n<td>REPOSITOR DE MERCADORIA<\/td>\n<td>M\u00c9DIO COMPLETO<\/td>\n<td>0<\/td>\n<\/tr>\n<tr>\n<td>SERVENTE DE OBRAS<\/td>\n<td>FUNDAMENTAL\u00a0 COMPLETO<\/td>\n<td>6 MESES<\/td>\n<\/tr>\n<tr>\n<td>SUPERVISOR DE SEGURAN\u00c7A PATRIMONIAL (CNH A OU B \/ VE\u00cdCULO PR\u00d3PRIO)<\/td>\n<td>FUNDAMENTAL\u00a0 COMPLETO<\/td>\n<td>6 MESES<\/td>\n<\/tr>\n<tr>\n<td>T\u00c9CNICO MEC\u00c2NICO EM AR CONDICIONADO<\/td>\n<td>M\u00c9DIO COMPLETO<\/td>\n<td>6 MESES<\/td>\n<\/tr>\n<tr>\n<td>TORNEIRO CNC<\/td>\n<td>FUNDAMENTAL\u00a0 COMPLETO<\/td>\n<td>6 MESES<\/td>\n<\/tr>\n<tr>\n<td>TORNEIRO MEC\u00c2NICO (CNH A\/B, VE\u00cdCULO PR\u00d3PRIO)<\/td>\n<td>FUNDAMENTAL\u00a0 COMPLETO<\/td>\n<td>6 MESES<\/td>\n<\/tr>\n<tr>\n<td>VENDEDOR INTERNO (FEMININO)<\/td>\n<td>M\u00c9DIO COMPLETO<\/td>\n<td>6 MESES<\/td>\n<\/tr>\n<tr>\n<td>VENDEDOR PRACISTA (CNH AB)<\/td>\n<td>M\u00c9DIO COMPLETO<\/td>\n<td>6 MESES<\/td>\n<\/tr>\n<tr>\n<td>VISTORIADOR VEICULAR (MASCULINO)<\/td>\n<td>M\u00c9DIO COMPLETO<\/td>\n<td>0<\/td>\n<\/tr>\n<tr>\n<td>ZELADOR (TRABALHAR EM BONFIM PAULISTA)<\/td>\n<td>FUNDAMENTAL INCOMPLETO<\/td>\n<td>6 MESES<\/td>\n<\/tr>\n<\/tbody>\n<\/table>\n<p>\u00a0<\/p>\n<p>\u00a0<\/p>\n<\/div>\n<footer class=\"penci-entry-footer\"\/><\/div>\n<p><script async src=\"\/\/platform.twitter.com\/widgets.js\" charset=\"utf-8\"><\/script><br \/>\n<br \/><br \/>\n<br \/><a href=\"https:\/\/www.tribunaribeirao.com.br\/site\/rp-esta-com-45-vagas-de-emprego-nesta-segunda-feira-5\/\">Source link <\/a><\/p>\n<!-- CONTENT END 1 -->\n","protected":false},"excerpt":{"rendered":"<p>Destaque Empregos e Est\u00e1gios 5 de fevereiro de 2024 | 10:455 de fevereiro de 2024 | 10:39 0 O Caterp (Centro de Apoio ao Trabalhador&#8230;<\/p>\n","protected":false},"author":1,"featured_media":35105,"comment_status":"open","ping_status":"open","sticky":false,"template":"","format":"standard","meta":{"advanced_seo_description":"","jetpack_seo_html_title":"","jetpack_seo_noindex":false,"jetpack_post_was_ever_published":false,"_jetpack_newsletter_access":"","_jetpack_dont_email_post_to_subs":false,"_jetpack_newsletter_tier_id":0,"_jetpack_memberships_contains_paywalled_content":false,"_jetpack_memberships_contains_paid_content":false,"footnotes":"","jetpack_publicize_message":"","jetpack_publicize_feature_enabled":true,"jetpack_social_post_already_shared":true,"jetpack_social_options":{"image_generator_settings":{"template":"highway","default_image_id":0,"font":"","enabled":false},"version":2}},"categories":[11],"tags":[144,656,207,208,143],"class_list":["post-35104","post","type-post","status-publish","format-standard","has-post-thumbnail","hentry","category-noticias-de-ribeirao-preto-sp-e-regiao-ismael-colosi","tag-emprego","tag-esta","tag-nesta","tag-segundafeira","tag-vagas"],"jetpack_publicize_connections":[],"jetpack_featured_media_url":"https:\/\/i0.wp.com\/noticiasribeiraopreto.com.br\/wp-content\/uploads\/2024\/02\/trabalho_mutirao_do_emprego_caterp_pat_pei_-_foto_guilherme_sircili-scaled.jpg?fit=968%2C645&ssl=1","jetpack-related-posts":[{"id":34060,"url":"https:\/\/noticiasribeiraopreto.com.br\/index.php\/2024\/01\/31\/rp-realiza-mutirao-de-emprego-com-mais-de-300-oportunidades-nesta-quinta-01\/","url_meta":{"origin":35104,"position":0},"title":"RP realiza mutir\u00e3o de emprego com mais de 300 oportunidades nesta quinta, 01","author":"noticiasribeiraopreto.com.br","date":"31 de January de 2024","format":false,"excerpt":"O Terminal Rodovi\u00e1rio de Ribeir\u00e3o Preto recebe nesta quinta-feira, dia primeiro de fevereiro o 3\u00ba Mini Mutir\u00e3o do Emprego, com mais de 300 vagas de trabalho. Realizado pela Prefeitura de Ribeir\u00e3o Preto, o evento, que acontece das 10h \u00e0s 14h, apresenta uma chance \u00edmpar para os cidad\u00e3os acessarem oportunidades de\u2026","rel":"","context":"In &quot;Not\u00edcias de Ribeir\u00e3o Preto-SP e Regi\u00e3o&quot;","block_context":{"text":"Not\u00edcias de Ribeir\u00e3o Preto-SP e Regi\u00e3o","link":"https:\/\/noticiasribeiraopreto.com.br\/index.php\/category\/noticias-de-ribeirao-preto-sp-e-regiao-ismael-colosi\/"},"img":{"alt_text":"","src":"https:\/\/i0.wp.com\/noticiasribeiraopreto.com.br\/wp-content\/uploads\/2024\/01\/mutirao-de-emprego.jpg?fit=900%2C600&ssl=1&resize=350%2C200","width":350,"height":200,"srcset":"https:\/\/i0.wp.com\/noticiasribeiraopreto.com.br\/wp-content\/uploads\/2024\/01\/mutirao-de-emprego.jpg?fit=900%2C600&ssl=1&resize=350%2C200 1x, https:\/\/i0.wp.com\/noticiasribeiraopreto.com.br\/wp-content\/uploads\/2024\/01\/mutirao-de-emprego.jpg?fit=900%2C600&ssl=1&resize=525%2C300 1.5x, https:\/\/i0.wp.com\/noticiasribeiraopreto.com.br\/wp-content\/uploads\/2024\/01\/mutirao-de-emprego.jpg?fit=900%2C600&ssl=1&resize=700%2C400 2x"},"classes":[]},{"id":39590,"url":"https:\/\/noticiasribeiraopreto.com.br\/index.php\/2024\/02\/27\/caterp-oferece-44-vagas-de-empregos-nesta-terca-27\/","url_meta":{"origin":35104,"position":1},"title":"Caterp oferece 44 vagas de empregos nesta ter\u00e7a, 27","author":"noticiasribeiraopreto.com.br","date":"27 de February de 2024","format":false,"excerpt":"Destaque Empregos e Est\u00e1gios 27 de fevereiro de 2024 | 9:24 0O Caterp (Centro de Apoio ao Trabalhador e Empreendedor de Ribeir\u00e3o Preto)\u00a0est\u00e1 com 44 vagas de emprego nesta ter\u00e7a-feira, 27 de fevereiro. Entre as vagas dispon\u00edveis est\u00e3o: gar\u00e7om, mec\u00e2nico, pedreiro, encanador, zelador, entre outras.Os interessados devem comparecer ao Caterp,\u2026","rel":"","context":"In &quot;Not\u00edcias de Ribeir\u00e3o Preto-SP e Regi\u00e3o&quot;","block_context":{"text":"Not\u00edcias de Ribeir\u00e3o Preto-SP e Regi\u00e3o","link":"https:\/\/noticiasribeiraopreto.com.br\/index.php\/category\/noticias-de-ribeirao-preto-sp-e-regiao-ismael-colosi\/"},"img":{"alt_text":"","src":"https:\/\/i0.wp.com\/noticiasribeiraopreto.com.br\/wp-content\/uploads\/2024\/02\/trabalho_carteira_digital_-_foto_guilherme_sircili_44-scaled.jpg?fit=970%2C645&ssl=1&resize=350%2C200","width":350,"height":200,"srcset":"https:\/\/i0.wp.com\/noticiasribeiraopreto.com.br\/wp-content\/uploads\/2024\/02\/trabalho_carteira_digital_-_foto_guilherme_sircili_44-scaled.jpg?fit=970%2C645&ssl=1&resize=350%2C200 1x, https:\/\/i0.wp.com\/noticiasribeiraopreto.com.br\/wp-content\/uploads\/2024\/02\/trabalho_carteira_digital_-_foto_guilherme_sircili_44-scaled.jpg?fit=970%2C645&ssl=1&resize=525%2C300 1.5x, https:\/\/i0.wp.com\/noticiasribeiraopreto.com.br\/wp-content\/uploads\/2024\/02\/trabalho_carteira_digital_-_foto_guilherme_sircili_44-scaled.jpg?fit=970%2C645&ssl=1&resize=700%2C400 2x"},"classes":[]},{"id":44518,"url":"https:\/\/noticiasribeiraopreto.com.br\/index.php\/2024\/03\/28\/emprego-formal-sobe-em-fevereiro\/","url_meta":{"origin":35104,"position":2},"title":"Emprego formal\u00a0sobe em fevereiro\u00a0 &#8211; Jornal Tribuna Ribeir\u00e3o","author":"noticiasribeiraopreto.com.br","date":"28 de March de 2024","format":false,"excerpt":"O Minist\u00e9rio do Trabalho e Emprego divulgou nesta quinta-feira, 27 de mar\u00e7o, os n\u00fameros do Novo Cadastro Geral de Empregados e Desempregados (Novo Caged) de fevereiro. A economia de Ribeir\u00e3o Preto fechou o segundo m\u00eas do ano com super\u00e1vit de 2.047 empregos com carteira assinada, fruto de 13.321 admiss\u00f5es e\u2026","rel":"","context":"In &quot;Not\u00edcias de Ribeir\u00e3o Preto-SP e Regi\u00e3o&quot;","block_context":{"text":"Not\u00edcias de Ribeir\u00e3o Preto-SP e Regi\u00e3o","link":"https:\/\/noticiasribeiraopreto.com.br\/index.php\/category\/noticias-de-ribeirao-preto-sp-e-regiao-ismael-colosi\/"},"img":{"alt_text":"","src":"https:\/\/i0.wp.com\/noticiasribeiraopreto.com.br\/wp-content\/uploads\/2024\/03\/CagedRP-Marcelo-Camargo-Ag.Br_.-1.jpg?fit=800%2C479&ssl=1&resize=350%2C200","width":350,"height":200,"srcset":"https:\/\/i0.wp.com\/noticiasribeiraopreto.com.br\/wp-content\/uploads\/2024\/03\/CagedRP-Marcelo-Camargo-Ag.Br_.-1.jpg?fit=800%2C479&ssl=1&resize=350%2C200 1x, https:\/\/i0.wp.com\/noticiasribeiraopreto.com.br\/wp-content\/uploads\/2024\/03\/CagedRP-Marcelo-Camargo-Ag.Br_.-1.jpg?fit=800%2C479&ssl=1&resize=525%2C300 1.5x, https:\/\/i0.wp.com\/noticiasribeiraopreto.com.br\/wp-content\/uploads\/2024\/03\/CagedRP-Marcelo-Camargo-Ag.Br_.-1.jpg?fit=800%2C479&ssl=1&resize=700%2C400 2x"},"classes":[]},{"id":16412,"url":"https:\/\/noticiasribeiraopreto.com.br\/index.php\/2023\/12\/15\/empresas-de-tecnologia-abrem-vagas-de-emprego-em-diversas-areas-2\/","url_meta":{"origin":35104,"position":3},"title":"Empresas de tecnologia abrem vagas de emprego em diversas \u00e1reas","author":"noticiasribeiraopreto.com.br","date":"15 de December de 2023","format":false,"excerpt":"O setor de tecnologia continua a ser um dos mais din\u00e2micos e inovadores, oferecendo uma variedade de oportunidades para profissionais em diferentes \u00e1reas. De desenvolvedores a analistas, as empresas est\u00e3o em busca de talentos para impulsionar o crescimento e a inova\u00e7\u00e3o. Diversas empresas, incluindo o Grupo Verante, ZOOM Tech Business\u2026","rel":"","context":"In &quot;Vagas de Emprego em Ribeir\u00e3o Preto-SP&quot;","block_context":{"text":"Vagas de Emprego em Ribeir\u00e3o Preto-SP","link":"https:\/\/noticiasribeiraopreto.com.br\/index.php\/category\/empregos-classificados-vagas-trabalho\/vagas-de-empregos-em-ribeirao-preto-regiao-brasil\/"},"img":{"alt_text":"","src":"https:\/\/i0.wp.com\/noticiasribeiraopreto.com.br\/wp-content\/uploads\/2023\/12\/1702662497_cientista-tecnologia-da-informacao-freepik.jpg?fit=1200%2C675&ssl=1&resize=350%2C200","width":350,"height":200,"srcset":"https:\/\/i0.wp.com\/noticiasribeiraopreto.com.br\/wp-content\/uploads\/2023\/12\/1702662497_cientista-tecnologia-da-informacao-freepik.jpg?fit=1200%2C675&ssl=1&resize=350%2C200 1x, https:\/\/i0.wp.com\/noticiasribeiraopreto.com.br\/wp-content\/uploads\/2023\/12\/1702662497_cientista-tecnologia-da-informacao-freepik.jpg?fit=1200%2C675&ssl=1&resize=525%2C300 1.5x, https:\/\/i0.wp.com\/noticiasribeiraopreto.com.br\/wp-content\/uploads\/2023\/12\/1702662497_cientista-tecnologia-da-informacao-freepik.jpg?fit=1200%2C675&ssl=1&resize=700%2C400 2x, https:\/\/i0.wp.com\/noticiasribeiraopreto.com.br\/wp-content\/uploads\/2023\/12\/1702662497_cientista-tecnologia-da-informacao-freepik.jpg?fit=1200%2C675&ssl=1&resize=1050%2C600 3x"},"classes":[]},{"id":34183,"url":"https:\/\/noticiasribeiraopreto.com.br\/index.php\/2024\/02\/01\/empresas-contam-com-mais-de-300-vagas-de-emprego-abertas\/","url_meta":{"origin":35104,"position":4},"title":"Empresas contam com mais de 300 vagas de emprego abertas","author":"noticiasribeiraopreto.com.br","date":"1 de February de 2024","format":false,"excerpt":"Bruno Pavani Bruno Pavan 01\/02\/2024 - 8:00 A Transpetro, Stellantis, FMU, \u00c2nima Educa\u00e7\u00e3o e Allianz est\u00e3o com mais de 300 vagas abertas neste in\u00edcio de ano. As oportunidades s\u00e3o para estagi\u00e1rios e funcion\u00e1rios efetivos em diversas \u00e1reas.\u00a0Confira todas as vagas:\u00a0A Stellantis, empresa do setor automotivo que det\u00e9m as marcas Abarth,\u2026","rel":"","context":"In &quot;Vagas de Emprego em Ribeir\u00e3o Preto-SP&quot;","block_context":{"text":"Vagas de Emprego em Ribeir\u00e3o Preto-SP","link":"https:\/\/noticiasribeiraopreto.com.br\/index.php\/category\/empregos-classificados-vagas-trabalho\/vagas-de-empregos-em-ribeirao-preto-regiao-brasil\/"},"img":{"alt_text":"","src":"https:\/\/i0.wp.com\/noticiasribeiraopreto.com.br\/wp-content\/uploads\/2024\/02\/celso-furtado-ma-01-easy-resizecom.jpg?fit=1200%2C800&ssl=1&resize=350%2C200","width":350,"height":200,"srcset":"https:\/\/i0.wp.com\/noticiasribeiraopreto.com.br\/wp-content\/uploads\/2024\/02\/celso-furtado-ma-01-easy-resizecom.jpg?fit=1200%2C800&ssl=1&resize=350%2C200 1x, https:\/\/i0.wp.com\/noticiasribeiraopreto.com.br\/wp-content\/uploads\/2024\/02\/celso-furtado-ma-01-easy-resizecom.jpg?fit=1200%2C800&ssl=1&resize=525%2C300 1.5x, https:\/\/i0.wp.com\/noticiasribeiraopreto.com.br\/wp-content\/uploads\/2024\/02\/celso-furtado-ma-01-easy-resizecom.jpg?fit=1200%2C800&ssl=1&resize=700%2C400 2x, https:\/\/i0.wp.com\/noticiasribeiraopreto.com.br\/wp-content\/uploads\/2024\/02\/celso-furtado-ma-01-easy-resizecom.jpg?fit=1200%2C800&ssl=1&resize=1050%2C600 3x"},"classes":[]},{"id":64355,"url":"https:\/\/noticiasribeiraopreto.com.br\/index.php\/2025\/03\/07\/jornal-da-franca-em-busca-de-emprego-franca-tem-76-vagas-disponiveis-nesta-semana-confira\/","url_meta":{"origin":35104,"position":5},"title":"Jornal da Franca &#8211; Em busca de emprego? Franca tem 76 vagas dispon\u00edveis nesta semana; confira!","author":"noticiasribeiraopreto.com.br","date":"7 de March de 2025","format":false,"excerpt":"compartilhar no whatsapp compartilhar no telegram compartilhar no facebook compartilhar no linkedin Entre as oportunidades, destacam-se 18 vagas para operador de caixa, 7 para repositor de mercadorias, al\u00e9m de chances para pedreiro, encanador e outras Emprega Franca est\u00e1 com 76 vagas de trabalho dispon\u00edveis esta semana em diversas \u00e1reas \u00a0\u2026","rel":"","context":"In &quot;Not\u00edcias de Franca-SP&quot;","block_context":{"text":"Not\u00edcias de Franca-SP","link":"https:\/\/noticiasribeiraopreto.com.br\/index.php\/category\/noticias-de-ribeirao-preto-sp-e-regiao-ismael-colosi\/noticias-franca-sp\/"},"img":{"alt_text":"","src":"https:\/\/i0.wp.com\/noticiasribeiraopreto.com.br\/wp-content\/uploads\/2025\/03\/Emprega-Franca-2-scaled.jpg?fit=1200%2C795&ssl=1&resize=350%2C200","width":350,"height":200,"srcset":"https:\/\/i0.wp.com\/noticiasribeiraopreto.com.br\/wp-content\/uploads\/2025\/03\/Emprega-Franca-2-scaled.jpg?fit=1200%2C795&ssl=1&resize=350%2C200 1x, https:\/\/i0.wp.com\/noticiasribeiraopreto.com.br\/wp-content\/uploads\/2025\/03\/Emprega-Franca-2-scaled.jpg?fit=1200%2C795&ssl=1&resize=525%2C300 1.5x, https:\/\/i0.wp.com\/noticiasribeiraopreto.com.br\/wp-content\/uploads\/2025\/03\/Emprega-Franca-2-scaled.jpg?fit=1200%2C795&ssl=1&resize=700%2C400 2x, https:\/\/i0.wp.com\/noticiasribeiraopreto.com.br\/wp-content\/uploads\/2025\/03\/Emprega-Franca-2-scaled.jpg?fit=1200%2C795&ssl=1&resize=1050%2C600 3x"},"classes":[]}],"jetpack_sharing_enabled":true,"jetpack_shortlink":"https:\/\/wp.me\/peQAOb-98c","_links":{"self":[{"href":"https:\/\/noticiasribeiraopreto.com.br\/index.php\/wp-json\/wp\/v2\/posts\/35104","targetHints":{"allow":["GET"]}}],"collection":[{"href":"https:\/\/noticiasribeiraopreto.com.br\/index.php\/wp-json\/wp\/v2\/posts"}],"about":[{"href":"https:\/\/noticiasribeiraopreto.com.br\/index.php\/wp-json\/wp\/v2\/types\/post"}],"author":[{"embeddable":true,"href":"https:\/\/noticiasribeiraopreto.com.br\/index.php\/wp-json\/wp\/v2\/users\/1"}],"replies":[{"embeddable":true,"href":"https:\/\/noticiasribeiraopreto.com.br\/index.php\/wp-json\/wp\/v2\/comments?post=35104"}],"version-history":[{"count":0,"href":"https:\/\/noticiasribeiraopreto.com.br\/index.php\/wp-json\/wp\/v2\/posts\/35104\/revisions"}],"wp:featuredmedia":[{"embeddable":true,"href":"https:\/\/noticiasribeiraopreto.com.br\/index.php\/wp-json\/wp\/v2\/media\/35105"}],"wp:attachment":[{"href":"https:\/\/noticiasribeiraopreto.com.br\/index.php\/wp-json\/wp\/v2\/media?parent=35104"}],"wp:term":[{"taxonomy":"category","embeddable":true,"href":"https:\/\/noticiasribeiraopreto.com.br\/index.php\/wp-json\/wp\/v2\/categories?post=35104"},{"taxonomy":"post_tag","embeddable":true,"href":"https:\/\/noticiasribeiraopreto.com.br\/index.php\/wp-json\/wp\/v2\/tags?post=35104"}],"curies":[{"name":"wp","href":"https:\/\/api.w.org\/{rel}","templated":true}]}}