{"id":35117,"date":"2024-02-05T11:31:48","date_gmt":"2024-02-05T14:31:48","guid":{"rendered":"https:\/\/noticiasribeiraopreto.com.br\/index.php\/2024\/02\/05\/marisa-amar3-anuncia-troca-de-ceo-e-nova-diretora-de-relacao-com-investidores-nos-finalmentes-da-reestruturacao-da-varejista\/"},"modified":"2024-02-05T11:31:48","modified_gmt":"2024-02-05T14:31:48","slug":"marisa-amar3-anuncia-troca-de-ceo-e-nova-diretora-de-relacao-com-investidores-nos-finalmentes-da-reestruturacao-da-varejista","status":"publish","type":"post","link":"https:\/\/noticiasribeiraopreto.com.br\/index.php\/2024\/02\/05\/marisa-amar3-anuncia-troca-de-ceo-e-nova-diretora-de-relacao-com-investidores-nos-finalmentes-da-reestruturacao-da-varejista\/","title":{"rendered":"Marisa (AMAR3) anuncia troca de CEO e nova diretora de rela\u00e7\u00e3o com investidores, nos \u2018finalmentes\u2019 da reestrutura\u00e7\u00e3o da varejista"},"content":{"rendered":"<div class='code-block code-block-1' style='margin: 8px 0 8px auto; text-align: right; display: block; clear: both;'>\n<p><a href=\"https:\/\/wa.link\/vpicfd\"><img data-recalc-dims=\"1\" class=\"wp-image-4922\" style=\"aspect-ratio: 2.0253164556962027; width: 561px; height: auto;\" src=\"https:\/\/i0.wp.com\/ismaelcolosi.com.br\/wp-content\/uploads\/2023\/11\/grupo-de-empregos-whatsapp-e-facebook-ismael-colosi-vagas.jpg?ssl=1\" alt=\"\" \/><\/a><\/p>\n<!-- \/wp:image -->\n<\/div>\n<p> <br \/>\n<\/p>\n<div id=\"js-first-letter\">\n<p>A semana se inicia com mais uma novidade no universo do<strong> varejo de moda<\/strong>. A <strong>Lojas Marisa <\/strong>(<strong>AMAR3<\/strong>) anunciou uma de suas \u00faltimas etapas de reestrutura\u00e7\u00e3o operacional: a mudan\u00e7a de comando.<\/p>\n<p>Em uma leve adapta\u00e7\u00e3o do lema \u201c<em>de mulher para mulher<\/em>\u201d, a nova gest\u00e3o da varejista passar\u00e1 a contar com dois nomes femininos de peso.<\/p>\n<p>A partir desta segunda-feira (05), Jo\u00e3o Nogueira Batista deixar\u00e1 o cargo de atual CEO para ser substitu\u00eddo por Andrea Maria Meirelles de Menezes, que atualmente ocupa a posi\u00e7\u00e3o de membro independente do conselho de administra\u00e7\u00e3o da companhia.<\/p>\n<p>Menezes j\u00e1 atuou em outras empresas do setor financeiro como executiva e conselheira, com passagens pelos bancos JP Morgan, Banco Cargill, Merrill Lynch e Lehman Brothers Brasil.\u00a0<\/p>\n<p>Pelos \u00faltimos quatro anos, a nova presidente da Marisa ainda ocupou a vaga de conselheira de administra\u00e7\u00e3o do Banco Fibra e j\u00e1 chegou a trabalhar no Banco Standard de Investimentos como CEO por seis anos.\u00a0<\/p>\n<p>Segundo o fato relevante enviado \u00e0 CVM, a troca na gest\u00e3o da Marisa segue o plano de reestrutura\u00e7\u00e3o tra\u00e7ado pela diretoria e pelo conselho da empresa, que entra em nova fase para incluir o \u201creposicionamento comercial da companhia\u201d.\u00a0<\/p>\n<p>Al\u00e9m da troca de chefia, a varejista de moda ainda anuncia uma rota\u00e7\u00e3o no cargo de diretor de rela\u00e7\u00f5es com investidores (DRI), que passar\u00e1 a ser exercido pela atual diretora financeira (CFO), Roberta Ribeiro.<\/p>\n<figure class=\"wp-block-embed is-type-video is-provider-youtube wp-block-embed-youtube wp-embed-aspect-16-9 wp-has-aspect-ratio\">\n<p>\n<iframe loading=\"lazy\" title=\"ONDE INVESTIR EM FEVEREIRO: A\u00c7\u00d5ES, DIVIDENDOS, FIIS, BDRS E CRIPTOMOEDAS - MELHORES INVESTIMENTOS\" width=\"500\" height=\"281\" src=\"https:\/\/www.youtube.com\/embed\/wbTsz5cw3Z0?feature=oembed\" frameborder=\"0\" allow=\"accelerometer; autoplay; clipboard-write; encrypted-media; gyroscope; picture-in-picture; web-share\" referrerpolicy=\"strict-origin-when-cross-origin\" allowfullscreen><\/iframe>\n<\/p>\n<\/figure>\n<h2 class=\"wp-block-heading\" id=\"h-a-reestruturacao-da-marisa-amar3\">A reestrutura\u00e7\u00e3o da Marisa (AMAR3)<\/h2>\n<p>Vale lembrar que a reestrutura\u00e7\u00e3o da Marisa (AMAR3) j\u00e1 se arrasta h\u00e1 algum tempo \u2014 e inclui o fechamento de lojas e foco em produtos de melhor performance e menor risco.<\/p>\n<p>No terceiro trimestre de 2023, a <a href=\"https:\/\/www.seudinheiro.com\/2023\/empresas\/marisa-amar3-divulga-prejuizo-de-r-1964-milhoes-no-3t23-9245-maior-julw\/\">varejista registrou um p<\/a><a href=\"https:\/\/www.seudinheiro.com\/2023\/empresas\/marisa-amar3-divulga-prejuizo-de-r-1964-milhoes-no-3t23-9245-maior-julw\/\" target=\"_blank\" rel=\"noreferrer noopener\">r<\/a><a href=\"https:\/\/www.seudinheiro.com\/2023\/empresas\/marisa-amar3-divulga-prejuizo-de-r-1964-milhoes-no-3t23-9245-maior-julw\/\">eju\u00edzo l\u00edquido de R$ 196,4 milh\u00f5es<\/a>, equivalente a uma piora de 92,45% em rela\u00e7\u00e3o ao apurado em igual intervalo do ano anterior.<\/p>\n<p>J\u00e1 o preju\u00edzo l\u00edquido ajustado recorrente foi de R$ 171,6 milh\u00f5es, um aumento de 69,9% na compara\u00e7\u00e3o anual.<\/p>\n<p>A empresa afirma que o resultado foi impactado, principalmente, pela redu\u00e7\u00e3o de receitas com vendas de mercadorias devido ao menor n\u00edvel de estoques.<\/p>\n<p>A companhia pretende divulgar os \u00faltimos n\u00fameros financeiros referentes a 2023 em meados do m\u00eas que vem, com a publica\u00e7\u00e3o do balan\u00e7o do quarto trimestre marcada para o dia 14 de mar\u00e7o. <a href=\"https:\/\/www.seudinheiro.com\/2024\/empresas\/calendario-de-balancos-do-4o-trimestre-de-2023-confira-as-datas-de-divulgacao-dos-resultados-e-o-horario-das-teleconferencias-davs-miql\/\" target=\"_blank\" rel=\"noreferrer noopener\">Confira o calend\u00e1rio de resultados completo aqui.<\/a><\/p>\n<\/div>\n<p><br \/>\n<br \/><a href=\"https:\/\/www.seudinheiro.com\/2024\/empresas\/marisa-amar3-anuncia-troca-de-ceo-e-nova-diretora-de-relacao-com-investidores-nos-finalmentes-da-reestruturacao-da-varejista-miql\/\">Source link <\/a><\/p>\n<!-- CONTENT END 1 -->\n","protected":false},"excerpt":{"rendered":"<p>A semana se inicia com mais uma novidade no universo do varejo de moda. A Lojas Marisa (AMAR3) anunciou uma de suas \u00faltimas etapas de&#8230;<\/p>\n","protected":false},"author":1,"featured_media":35118,"comment_status":"open","ping_status":"open","sticky":false,"template":"","format":"standard","meta":{"advanced_seo_description":"","jetpack_seo_html_title":"","jetpack_seo_noindex":false,"jetpack_post_was_ever_published":false,"_jetpack_newsletter_access":"","_jetpack_dont_email_post_to_subs":false,"_jetpack_newsletter_tier_id":0,"_jetpack_memberships_contains_paywalled_content":false,"_jetpack_memberships_contains_paid_content":false,"footnotes":"","jetpack_publicize_message":"","jetpack_publicize_feature_enabled":true,"jetpack_social_post_already_shared":true,"jetpack_social_options":{"image_generator_settings":{"template":"highway","default_image_id":0,"font":"","enabled":false},"version":2}},"categories":[1235],"tags":[],"class_list":["post-35117","post","type-post","status-publish","format-standard","has-post-thumbnail","hentry","category-dinheiro-e-investimento-como-fazer-como-ganhar"],"jetpack_publicize_connections":[],"jetpack_featured_media_url":"https:\/\/i0.wp.com\/noticiasribeiraopreto.com.br\/wp-content\/uploads\/2024\/02\/marisa-amar3-valorizacao-628x353.jpg?fit=628%2C353&ssl=1","jetpack-related-posts":[{"id":35075,"url":"https:\/\/noticiasribeiraopreto.com.br\/index.php\/2024\/02\/05\/marisa-anuncia-andrea-menezes-como-nova-ceo\/","url_meta":{"origin":35117,"position":0},"title":"Marisa anuncia Andrea Menezes como nova CEO","author":"noticiasribeiraopreto.com.br","date":"5 de February de 2024","format":false,"excerpt":"Fachada Lojas Marisa -Foto: Divulga\u00e7\u00e3o - ReutersAndrea Menezes \u00e9 atualmente membro independente do conselho de administra\u00e7\u00e3o e, segundo a empresa, investidora-anjo h\u00e1 mais de dez anos A Lojas Marisa anunciou neste domingo (4) que Andrea Menezes ser\u00e1 a nova presidente-executiva da companhia, ocupando o lugar de Jo\u00e3o Pinheiro Nogueira Batista,\u2026","rel":"","context":"In &quot;Blog&quot;","block_context":{"text":"Blog","link":"https:\/\/noticiasribeiraopreto.com.br\/index.php\/category\/blog\/"},"img":{"alt_text":"","src":"https:\/\/i0.wp.com\/noticiasribeiraopreto.com.br\/wp-content\/uploads\/2024\/02\/lojas-marisa-1-1024x683.jpg?fit=1024%2C683&ssl=1&resize=350%2C200","width":350,"height":200,"srcset":"https:\/\/i0.wp.com\/noticiasribeiraopreto.com.br\/wp-content\/uploads\/2024\/02\/lojas-marisa-1-1024x683.jpg?fit=1024%2C683&ssl=1&resize=350%2C200 1x, https:\/\/i0.wp.com\/noticiasribeiraopreto.com.br\/wp-content\/uploads\/2024\/02\/lojas-marisa-1-1024x683.jpg?fit=1024%2C683&ssl=1&resize=525%2C300 1.5x, https:\/\/i0.wp.com\/noticiasribeiraopreto.com.br\/wp-content\/uploads\/2024\/02\/lojas-marisa-1-1024x683.jpg?fit=1024%2C683&ssl=1&resize=700%2C400 2x"},"classes":[]},{"id":40477,"url":"https:\/\/noticiasribeiraopreto.com.br\/index.php\/2024\/03\/04\/marisa-lojas-troca-direcao-de-novo-e-elege-novo-presidente-executivo\/","url_meta":{"origin":35117,"position":1},"title":"Marisa Lojas troca dire\u00e7\u00e3o de novo e elege novo presidente-executivo","author":"noticiasribeiraopreto.com.br","date":"4 de March de 2024","format":false,"excerpt":"Fachada Lojas Marisa -Foto: Divulga\u00e7\u00e3o - ReutersGarcia tem passagens por empresas como Nestl\u00e9 e Riachuelo e tem mais de 25 anos de experi\u00eancia no varejo, segundo a companhia A Marisa Lojas anunciou nesta segunda-feira que elegeu Edson Salles Abuchaim Garcia para presidente-executivo, posto que vai assumir em 30 dias no\u2026","rel":"","context":"In &quot;Blog&quot;","block_context":{"text":"Blog","link":"https:\/\/noticiasribeiraopreto.com.br\/index.php\/category\/blog\/"},"img":{"alt_text":"","src":"https:\/\/i0.wp.com\/noticiasribeiraopreto.com.br\/wp-content\/uploads\/2024\/03\/lojas-marisa-1-1024x683.jpg?fit=1024%2C683&ssl=1&resize=350%2C200","width":350,"height":200,"srcset":"https:\/\/i0.wp.com\/noticiasribeiraopreto.com.br\/wp-content\/uploads\/2024\/03\/lojas-marisa-1-1024x683.jpg?fit=1024%2C683&ssl=1&resize=350%2C200 1x, https:\/\/i0.wp.com\/noticiasribeiraopreto.com.br\/wp-content\/uploads\/2024\/03\/lojas-marisa-1-1024x683.jpg?fit=1024%2C683&ssl=1&resize=525%2C300 1.5x, https:\/\/i0.wp.com\/noticiasribeiraopreto.com.br\/wp-content\/uploads\/2024\/03\/lojas-marisa-1-1024x683.jpg?fit=1024%2C683&ssl=1&resize=700%2C400 2x"},"classes":[]},{"id":47848,"url":"https:\/\/noticiasribeiraopreto.com.br\/index.php\/2024\/04\/29\/casas-bahia-entra-com-pedido-de-recuperacao-extrajudicial-para-divida-de-r-41-bi-entenda\/","url_meta":{"origin":35117,"position":2},"title":"Casas\u00a0Bahia\u00a0entra com pedido de recupera\u00e7\u00e3o extrajudicial para d\u00edvida de R$ 4,1 bi; Entenda","author":"noticiasribeiraopreto.com.br","date":"29 de April de 2024","format":false,"excerpt":"A\u00a0Casas\u00a0Bahia\u00a0entrou com pedido de recupera\u00e7\u00e3o extrajudicial para d\u00edvidas que somam R$ 4,1 bilh\u00f5es. O pedido j\u00e1 \u00e9 pr\u00e9-acordado com os principais credores, que det\u00e9m 54,5% dos d\u00e9bitos e, portanto, deve ser aplicado tamb\u00e9m aos demais credores pulverizados, dentre eles, pessoas f\u00edsicas. O montante renegociado, que envolve a 6\u00aa, 7\u00aa, 8\u00aa\u2026","rel":"","context":"In &quot;Not\u00edcias de Ribeir\u00e3o Preto-SP e Regi\u00e3o&quot;","block_context":{"text":"Not\u00edcias de Ribeir\u00e3o Preto-SP e Regi\u00e3o","link":"https:\/\/noticiasribeiraopreto.com.br\/index.php\/category\/noticias-de-ribeirao-preto-sp-e-regiao-ismael-colosi\/"},"img":{"alt_text":"","src":"https:\/\/i0.wp.com\/noticiasribeiraopreto.com.br\/wp-content\/uploads\/2024\/04\/Casa-Bahia2.jpg?fit=840%2C630&ssl=1&resize=350%2C200","width":350,"height":200,"srcset":"https:\/\/i0.wp.com\/noticiasribeiraopreto.com.br\/wp-content\/uploads\/2024\/04\/Casa-Bahia2.jpg?fit=840%2C630&ssl=1&resize=350%2C200 1x, https:\/\/i0.wp.com\/noticiasribeiraopreto.com.br\/wp-content\/uploads\/2024\/04\/Casa-Bahia2.jpg?fit=840%2C630&ssl=1&resize=525%2C300 1.5x, https:\/\/i0.wp.com\/noticiasribeiraopreto.com.br\/wp-content\/uploads\/2024\/04\/Casa-Bahia2.jpg?fit=840%2C630&ssl=1&resize=700%2C400 2x"},"classes":[]},{"id":75423,"url":"https:\/\/noticiasribeiraopreto.com.br\/index.php\/2025\/08\/08\/gigante-do-varejo-com-lojas-em-ribeirao-preto-tem-novo-dono\/","url_meta":{"origin":35117,"position":3},"title":"Gigante do varejo com lojas em Ribeir\u00e3o Preto tem novo dono","author":"noticiasribeiraopreto.com.br","date":"8 de August de 2025","format":false,"excerpt":"O Grupo Casas Bahia, que conta com quatro lojas em Ribeir\u00e3o Preto (incluindo a marca Ponto), al\u00e9m de um centro de distribui\u00e7\u00e3o, tem novo dono. A gestora Mapa Capital tornou-se propriet\u00e1ria de 85,5% da gigante do varejo. Isso aconteceu ap\u00f3s a gestora converter os t\u00edtulos de d\u00edvida (as chamadas deb\u00eantures)\u2026","rel":"","context":"In &quot;Not\u00edcias de Ribeir\u00e3o Preto-SP e Regi\u00e3o&quot;","block_context":{"text":"Not\u00edcias de Ribeir\u00e3o Preto-SP e Regi\u00e3o","link":"https:\/\/noticiasribeiraopreto.com.br\/index.php\/category\/noticias-de-ribeirao-preto-sp-e-regiao-ismael-colosi\/"},"img":{"alt_text":"","src":"https:\/\/i0.wp.com\/noticiasribeiraopreto.com.br\/wp-content\/uploads\/2025\/08\/Casa-Bahia2.jpg?fit=840%2C630&ssl=1&resize=350%2C200","width":350,"height":200,"srcset":"https:\/\/i0.wp.com\/noticiasribeiraopreto.com.br\/wp-content\/uploads\/2025\/08\/Casa-Bahia2.jpg?fit=840%2C630&ssl=1&resize=350%2C200 1x, https:\/\/i0.wp.com\/noticiasribeiraopreto.com.br\/wp-content\/uploads\/2025\/08\/Casa-Bahia2.jpg?fit=840%2C630&ssl=1&resize=525%2C300 1.5x, https:\/\/i0.wp.com\/noticiasribeiraopreto.com.br\/wp-content\/uploads\/2025\/08\/Casa-Bahia2.jpg?fit=840%2C630&ssl=1&resize=700%2C400 2x"},"classes":[]},{"id":13845,"url":"https:\/\/noticiasribeiraopreto.com.br\/index.php\/2023\/12\/11\/uma-das-varejistas-mais-tradicionais-dos-eua-recebe-proposta-de-compra-bilionaria-acao-dispara-15-no-pre-mercado-em-ny\/","url_meta":{"origin":35117,"position":4},"title":"Uma das varejistas mais tradicionais dos EUA recebe proposta de compra bilion\u00e1ria \u2014 a\u00e7\u00e3o dispara 15% no pr\u00e9-mercado em NY\u00a0","author":"noticiasribeiraopreto.com.br","date":"11 de December de 2023","format":false,"excerpt":"Ainda que o Desfile de Natal da Macy\u2019s atraia turistas de todo o mundo em dezembro, n\u00e3o foi a celebra\u00e7\u00e3o nova-iorquina que fez uma das varejistas mais tradicionais dos Estados Unidos brilhar aos olhos de duas gestoras neste m\u00eas \u2014 mas sim seu portf\u00f3lio imobili\u00e1rio de bilh\u00f5es. As companhias Arkhouse\u2026","rel":"","context":"In &quot;Dinheiro e Investimento&quot;","block_context":{"text":"Dinheiro e Investimento","link":"https:\/\/noticiasribeiraopreto.com.br\/index.php\/category\/dinheiro-e-investimento-como-fazer-como-ganhar\/"},"img":{"alt_text":"","src":"https:\/\/i0.wp.com\/noticiasribeiraopreto.com.br\/wp-content\/uploads\/2023\/12\/3-1-715x402.jpg?fit=715%2C402&ssl=1&resize=350%2C200","width":350,"height":200,"srcset":"https:\/\/i0.wp.com\/noticiasribeiraopreto.com.br\/wp-content\/uploads\/2023\/12\/3-1-715x402.jpg?fit=715%2C402&ssl=1&resize=350%2C200 1x, https:\/\/i0.wp.com\/noticiasribeiraopreto.com.br\/wp-content\/uploads\/2023\/12\/3-1-715x402.jpg?fit=715%2C402&ssl=1&resize=525%2C300 1.5x, https:\/\/i0.wp.com\/noticiasribeiraopreto.com.br\/wp-content\/uploads\/2023\/12\/3-1-715x402.jpg?fit=715%2C402&ssl=1&resize=700%2C400 2x"},"classes":[]},{"id":20161,"url":"https:\/\/noticiasribeiraopreto.com.br\/index.php\/2023\/12\/24\/trio-de-bilionarios-da-americanas-ficou-r-16-bi-mais-rico-em-2023\/","url_meta":{"origin":35117,"position":5},"title":"Trio de bilion\u00e1rios da Americanas ficou R$ 16 bi mais rico em 2023","author":"noticiasribeiraopreto.com.br","date":"24 de December de 2023","format":false,"excerpt":"O ano de 2023 foi uma verdadeira montanha-russa no mercado financeiro brasileiro \u2014 especialmente para quem acompanhou de perto o notici\u00e1rio corporativo local logo no in\u00edcio\u00a0 do ano. Afinal, o m\u00eas de janeiro se iniciou com a descoberta de fraude cont\u00e1bil e rombo bilion\u00e1rio na Americanas (AMER3), uma das maiores\u2026","rel":"","context":"In &quot;Dinheiro e Investimento&quot;","block_context":{"text":"Dinheiro e Investimento","link":"https:\/\/noticiasribeiraopreto.com.br\/index.php\/category\/dinheiro-e-investimento-como-fazer-como-ganhar\/"},"img":{"alt_text":"","src":"https:\/\/i0.wp.com\/noticiasribeiraopreto.com.br\/wp-content\/uploads\/2023\/12\/1703432331_Lemann-Sicupira-e-Telles-em-frente-a-fachada-da-Americanas-creditos-Shutterstock-site-oficial-Ambev-Seu-Dinheiro-montagem-Brenda-Silva-628x353.jpg?fit=628%2C353&ssl=1&resize=350%2C200","width":350,"height":200,"srcset":"https:\/\/i0.wp.com\/noticiasribeiraopreto.com.br\/wp-content\/uploads\/2023\/12\/1703432331_Lemann-Sicupira-e-Telles-em-frente-a-fachada-da-Americanas-creditos-Shutterstock-site-oficial-Ambev-Seu-Dinheiro-montagem-Brenda-Silva-628x353.jpg?fit=628%2C353&ssl=1&resize=350%2C200 1x, https:\/\/i0.wp.com\/noticiasribeiraopreto.com.br\/wp-content\/uploads\/2023\/12\/1703432331_Lemann-Sicupira-e-Telles-em-frente-a-fachada-da-Americanas-creditos-Shutterstock-site-oficial-Ambev-Seu-Dinheiro-montagem-Brenda-Silva-628x353.jpg?fit=628%2C353&ssl=1&resize=525%2C300 1.5x"},"classes":[]}],"jetpack_sharing_enabled":true,"jetpack_shortlink":"https:\/\/wp.me\/peQAOb-98p","_links":{"self":[{"href":"https:\/\/noticiasribeiraopreto.com.br\/index.php\/wp-json\/wp\/v2\/posts\/35117","targetHints":{"allow":["GET"]}}],"collection":[{"href":"https:\/\/noticiasribeiraopreto.com.br\/index.php\/wp-json\/wp\/v2\/posts"}],"about":[{"href":"https:\/\/noticiasribeiraopreto.com.br\/index.php\/wp-json\/wp\/v2\/types\/post"}],"author":[{"embeddable":true,"href":"https:\/\/noticiasribeiraopreto.com.br\/index.php\/wp-json\/wp\/v2\/users\/1"}],"replies":[{"embeddable":true,"href":"https:\/\/noticiasribeiraopreto.com.br\/index.php\/wp-json\/wp\/v2\/comments?post=35117"}],"version-history":[{"count":0,"href":"https:\/\/noticiasribeiraopreto.com.br\/index.php\/wp-json\/wp\/v2\/posts\/35117\/revisions"}],"wp:featuredmedia":[{"embeddable":true,"href":"https:\/\/noticiasribeiraopreto.com.br\/index.php\/wp-json\/wp\/v2\/media\/35118"}],"wp:attachment":[{"href":"https:\/\/noticiasribeiraopreto.com.br\/index.php\/wp-json\/wp\/v2\/media?parent=35117"}],"wp:term":[{"taxonomy":"category","embeddable":true,"href":"https:\/\/noticiasribeiraopreto.com.br\/index.php\/wp-json\/wp\/v2\/categories?post=35117"},{"taxonomy":"post_tag","embeddable":true,"href":"https:\/\/noticiasribeiraopreto.com.br\/index.php\/wp-json\/wp\/v2\/tags?post=35117"}],"curies":[{"name":"wp","href":"https:\/\/api.w.org\/{rel}","templated":true}]}}