{"id":35160,"date":"2024-02-05T13:43:56","date_gmt":"2024-02-05T16:43:56","guid":{"rendered":"https:\/\/noticiasribeiraopreto.com.br\/index.php\/2024\/02\/05\/sisu-selecionados-tem-ate-quarta-feira-para-fazer-matricula\/"},"modified":"2024-02-05T13:43:56","modified_gmt":"2024-02-05T16:43:56","slug":"sisu-selecionados-tem-ate-quarta-feira-para-fazer-matricula","status":"publish","type":"post","link":"https:\/\/noticiasribeiraopreto.com.br\/index.php\/2024\/02\/05\/sisu-selecionados-tem-ate-quarta-feira-para-fazer-matricula\/","title":{"rendered":"SISU: selecionados t\u00eam at\u00e9 quarta-feira para fazer matr\u00edcula"},"content":{"rendered":"<div class='code-block code-block-1' style='margin: 8px 0 8px auto; text-align: right; display: block; clear: both;'>\n<p><a href=\"https:\/\/wa.link\/vpicfd\"><img data-recalc-dims=\"1\" class=\"wp-image-4922\" style=\"aspect-ratio: 2.0253164556962027; width: 561px; height: auto;\" src=\"https:\/\/i0.wp.com\/ismaelcolosi.com.br\/wp-content\/uploads\/2023\/11\/grupo-de-empregos-whatsapp-e-facebook-ismael-colosi-vagas.jpg?ssl=1\" alt=\"\" \/><\/a><\/p>\n<!-- \/wp:image -->\n<\/div>\n<p> <br \/>\n<\/p>\n<div id=\"post-372610\">\n<header class=\"entry-header penci-entry-header penci-title-center\">\n<p> <span class=\"entry-meta-item penci-posted-on\"><i class=\"fa fa-clock-o\"\/><time class=\"entry-date published\" datetime=\"2024-02-05T13:00:43-03:00\">5 de fevereiro de 2024 | 13:00<\/time><time class=\"updated\" datetime=\"2024-02-05T10:31:55-03:00\">5 de fevereiro de 2024 | 10:31<\/time><\/span><\/p>\n<p> <span class=\"penci-social-buttons penci-social-share-footer\"><a href=\"#\" class=\"penci-post-like penci_post-meta_item  single-like-button penci-social-item like\" data-post_id=\"372610\" title=\"Like\" data-like=\"Like\" data-unlike=\"Unlike\"><i class=\"fa fa-thumbs-o-up\"\/><span class=\"penci-share-number\">0<\/span><\/a><i class=\"fa fa-facebook\"\/><a class=\"penci-social-item twitter\" target=\"_blank\" rel=\"noopener\" title=\"\" href=\"https:\/\/twitter.com\/intent\/tweet?text=SISU:%20selecionados%20t\u00eam%20at\u00e9%20quarta-feira%20para%20fazer%20matr\u00edcula%20-%20https:\/\/www.tribunaribeirao.com.br\/site\/sisu-selecionados-tem-ate-quarta-feira-para-fazer-matricula\/\"><i class=\"fa fa-twitter\"\/><\/a><i class=\"fa fa-whatsapp\"\/><\/span><\/header>\n<div class=\"penci-entry-content entry-content\">\n<p>Estudantes selecionados na primeira chamada do processo seletivo de 2024 do Sistema de Sele\u00e7\u00e3o Unificada (Sisu) t\u00eam at\u00e9 quarta-feira (7) para fazer a matr\u00edcula ou o registro acad\u00eamico na institui\u00e7\u00e3o para a qual foram admitidos.<noscript><img data-recalc-dims=\"1\" decoding=\"async\" src=\"https:\/\/i0.wp.com\/agenciabrasil.ebc.com.br\/ebc.png?ssl=1\"\/><\/noscript><img data-recalc-dims=\"1\" decoding=\"async\" src=\"https:\/\/i0.wp.com\/agenciabrasil.ebc.com.br\/ebc.gif?ssl=1\" class=\"lazyload\"\/><noscript><img data-recalc-dims=\"1\" decoding=\"async\" src=\"https:\/\/i0.wp.com\/agenciabrasil.ebc.com.br\/ebc.gif?ssl=1\"\/><\/noscript><\/p>\n<p>O Minist\u00e9rio da Educa\u00e7\u00e3o (MEC) alerta que cabe ao candidato \u201cobservar as condi\u00e7\u00f5es, os procedimentos e os documentos para a matr\u00edcula, bem como se atentar para os dias, hor\u00e1rios e locais de atendimento definidos por cada institui\u00e7\u00e3o, em edital pr\u00f3prio.\u201d<\/p>\n<p>Quem n\u00e3o for selecionado nesta etapa pode manifestar interesse pela lista de espera por vagas vindas da desist\u00eancia dos selecionados na primeira chamada, at\u00e9 o dia 7 de fevereiro. A participa\u00e7\u00e3o na lista de espera deve ser feita por meio da p\u00e1gina do Sisu no portal\u00a0<a href=\"https:\/\/acessounico.mec.gov.br\/sisu\" target=\"_blank\" rel=\"noopener\">Acesso \u00danico<\/a>.<\/p>\n<p>\u201cA lista de espera poder\u00e1 ser utilizada durante todo o ano de 2024 pelas institui\u00e7\u00f5es p\u00fablicas de educa\u00e7\u00e3o superior participantes para preenchimento das vagas eventualmente n\u00e3o ocupadas na chamada regular\u201d, informa o minist\u00e9rio.<\/p>\n<p><strong>Chamada<\/strong> \u2013 A convoca\u00e7\u00e3o dos candidatos em lista de espera pelas institui\u00e7\u00f5es de ensino superior ocorrer\u00e1 em 16 de fevereiro.<\/p>\n<p>O Sisu 2024 teve \u00fanica etapa de inscri\u00e7\u00e3o para todo ano e ofertou 264.181 vagas, em 6.827 cursos de gradua\u00e7\u00e3o de 127 institui\u00e7\u00f5es p\u00fablicas de ensino superior de todo o Brasil. A sele\u00e7\u00e3o do candidato assegura apenas a expectativa de direito \u00e0 vaga para a qual se inscreveu, explica o MEC. Al\u00e9m disso, a matr\u00edcula ou seu registro acad\u00eamico est\u00e3o condicionados \u00e0 comprova\u00e7\u00e3o na institui\u00e7\u00e3o para a qual foi selecionado.<\/p>\n<p>A universidade ou faculdade deve oferecer acesso gratuito \u00e0 internet para a inscri\u00e7\u00e3o, nos dias e hor\u00e1rios de funcionamento regular da institui\u00e7\u00e3o, n\u00e3o podendo ser cobradas quaisquer taxas relativas ao processo seletivo.<\/p>\n<\/div>\n<footer class=\"penci-entry-footer\"\/><\/div>\n<p><script async src=\"\/\/platform.twitter.com\/widgets.js\" charset=\"utf-8\"><\/script><br \/>\n<br \/><br \/>\n<br \/><a href=\"https:\/\/www.tribunaribeirao.com.br\/site\/sisu-selecionados-tem-ate-quarta-feira-para-fazer-matricula\/\">Source link <\/a><\/p>\n<!-- CONTENT END 1 -->\n","protected":false},"excerpt":{"rendered":"<p>5 de fevereiro de 2024 | 13:005 de fevereiro de 2024 | 10:31 0 Estudantes selecionados na primeira chamada do processo seletivo de 2024 do&#8230;<\/p>\n","protected":false},"author":1,"featured_media":35161,"comment_status":"open","ping_status":"open","sticky":false,"template":"","format":"standard","meta":{"advanced_seo_description":"","jetpack_seo_html_title":"","jetpack_seo_noindex":false,"jetpack_post_was_ever_published":false,"_jetpack_newsletter_access":"","_jetpack_dont_email_post_to_subs":false,"_jetpack_newsletter_tier_id":0,"_jetpack_memberships_contains_paywalled_content":false,"_jetpack_memberships_contains_paid_content":false,"footnotes":"","jetpack_publicize_message":"","jetpack_publicize_feature_enabled":true,"jetpack_social_post_already_shared":true,"jetpack_social_options":{"image_generator_settings":{"template":"highway","default_image_id":0,"font":"","enabled":false},"version":2}},"categories":[11],"tags":[103,284,4076,71,2457,3957,1965,162],"class_list":["post-35160","post","type-post","status-publish","format-standard","has-post-thumbnail","hentry","category-noticias-de-ribeirao-preto-sp-e-regiao-ismael-colosi","tag-ate","tag-fazer","tag-matricula","tag-para","tag-quartafeira","tag-selecionados","tag-sisu","tag-tem"],"jetpack_publicize_connections":[],"jetpack_featured_media_url":"https:\/\/i0.wp.com\/noticiasribeiraopreto.com.br\/wp-content\/uploads\/2024\/02\/sisu-scaled.jpg?fit=1000%2C598&ssl=1","jetpack-related-posts":[{"id":22735,"url":"https:\/\/noticiasribeiraopreto.com.br\/index.php\/2023\/12\/30\/sisu-tera-edicao-unica-em-2024\/","url_meta":{"origin":35160,"position":0},"title":"Inscri\u00e7\u00f5es para o Sisu come\u00e7am dia 22 e v\u00e3o at\u00e9 25 de janeiro","author":"noticiasribeiraopreto.com.br","date":"30 de December de 2023","format":false,"excerpt":"30 de dezembro de 2023 | 18:0029 de dezembro de 2023 | 19:13 0O acesso a vagas do ensino superior por meio do Sistema de Sistema de Sele\u00e7\u00e3o Unificada (Sisu) ocorrer\u00e1 pela primeira vez em apenas uma edi\u00e7\u00e3o, em janeiro de 2024. A informa\u00e7\u00e3o consta de divulga\u00e7\u00e3o feita pelo governo\u2026","rel":"","context":"In &quot;Not\u00edcias de Ribeir\u00e3o Preto-SP e Regi\u00e3o&quot;","block_context":{"text":"Not\u00edcias de Ribeir\u00e3o Preto-SP e Regi\u00e3o","link":"https:\/\/noticiasribeiraopreto.com.br\/index.php\/category\/noticias-de-ribeirao-preto-sp-e-regiao-ismael-colosi\/"},"img":{"alt_text":"","src":"https:\/\/i0.wp.com\/noticiasribeiraopreto.com.br\/wp-content\/uploads\/2023\/12\/1703978981_sisu-scaled.jpg?fit=1000%2C598&ssl=1&resize=350%2C200","width":350,"height":200,"srcset":"https:\/\/i0.wp.com\/noticiasribeiraopreto.com.br\/wp-content\/uploads\/2023\/12\/1703978981_sisu-scaled.jpg?fit=1000%2C598&ssl=1&resize=350%2C200 1x, https:\/\/i0.wp.com\/noticiasribeiraopreto.com.br\/wp-content\/uploads\/2023\/12\/1703978981_sisu-scaled.jpg?fit=1000%2C598&ssl=1&resize=525%2C300 1.5x, https:\/\/i0.wp.com\/noticiasribeiraopreto.com.br\/wp-content\/uploads\/2023\/12\/1703978981_sisu-scaled.jpg?fit=1000%2C598&ssl=1&resize=700%2C400 2x"},"classes":[]},{"id":33485,"url":"https:\/\/noticiasribeiraopreto.com.br\/index.php\/2024\/01\/29\/resultado-de-selecionados-na-primeira-chamada-do-sisu-sai-nesta-terca\/","url_meta":{"origin":35160,"position":1},"title":"Resultado de selecionados na primeira chamada do Sisu sai nesta ter\u00e7a \u2013 Folha de Ribeir\u00e3o","author":"noticiasribeiraopreto.com.br","date":"29 de January de 2024","format":false,"excerpt":"O Minist\u00e9rio da Educa\u00e7\u00e3o (MEC) divulga nesta ter\u00e7a-feira (30) o resultado dos selecionados na primeira chamada do processo seletivo de 2024 do Sistema de Sele\u00e7\u00e3o Unificada (Sisu). S\u00e3o, ao todo, 264.360 vagas dispon\u00edveis, distribu\u00eddas entre 127 institui\u00e7\u00f5es de educa\u00e7\u00e3o superior participantes do programa. As inscri\u00e7\u00f5es ocorreram de 22 a 25\u2026","rel":"","context":"In &quot;Not\u00edcias de Ribeir\u00e3o Preto-SP e Regi\u00e3o&quot;","block_context":{"text":"Not\u00edcias de Ribeir\u00e3o Preto-SP e Regi\u00e3o","link":"https:\/\/noticiasribeiraopreto.com.br\/index.php\/category\/noticias-de-ribeirao-preto-sp-e-regiao-ismael-colosi\/"},"img":{"alt_text":"","src":"","width":0,"height":0},"classes":[]},{"id":62861,"url":"https:\/\/noticiasribeiraopreto.com.br\/index.php\/2025\/01\/26\/participou-do-sisu-2025-confira-se-voce-esta-na-lista-de-aprovados\/","url_meta":{"origin":35160,"position":2},"title":"Participou do Sisu 2025? Confira se voc\u00ea est\u00e1 na lista de aprovados","author":"noticiasribeiraopreto.com.br","date":"26 de January de 2025","format":false,"excerpt":"O resultado do Sistema de Sele\u00e7\u00e3o Unificada (Sisu) 2025 foi divulgado neste domingo (26). Os candidatos podem conferir os aprovados na chamada regular acessando o Portal \u00danico de Acesso ao Ensino Superior. Os estudantes selecionados no Sisu 2025 devem realizar a matr\u00edcula ou o registro acad\u00eamico nas institui\u00e7\u00f5es de ensino\u2026","rel":"","context":"In &quot;Not\u00edcias de Ribeir\u00e3o Preto-SP e Regi\u00e3o&quot;","block_context":{"text":"Not\u00edcias de Ribeir\u00e3o Preto-SP e Regi\u00e3o","link":"https:\/\/noticiasribeiraopreto.com.br\/index.php\/category\/noticias-de-ribeirao-preto-sp-e-regiao-ismael-colosi\/"},"img":{"alt_text":"","src":"https:\/\/i0.wp.com\/noticiasribeiraopreto.com.br\/wp-content\/uploads\/2025\/01\/1737925343_sisu-1.jpg?fit=1151%2C644&ssl=1&resize=350%2C200","width":350,"height":200,"srcset":"https:\/\/i0.wp.com\/noticiasribeiraopreto.com.br\/wp-content\/uploads\/2025\/01\/1737925343_sisu-1.jpg?fit=1151%2C644&ssl=1&resize=350%2C200 1x, https:\/\/i0.wp.com\/noticiasribeiraopreto.com.br\/wp-content\/uploads\/2025\/01\/1737925343_sisu-1.jpg?fit=1151%2C644&ssl=1&resize=525%2C300 1.5x, https:\/\/i0.wp.com\/noticiasribeiraopreto.com.br\/wp-content\/uploads\/2025\/01\/1737925343_sisu-1.jpg?fit=1151%2C644&ssl=1&resize=700%2C400 2x, https:\/\/i0.wp.com\/noticiasribeiraopreto.com.br\/wp-content\/uploads\/2025\/01\/1737925343_sisu-1.jpg?fit=1151%2C644&ssl=1&resize=1050%2C600 3x"},"classes":[]},{"id":33491,"url":"https:\/\/noticiasribeiraopreto.com.br\/index.php\/2024\/01\/29\/resultado-da-primeira-chamada-do-sisu-sai-nesta-terca\/","url_meta":{"origin":35160,"position":3},"title":"Resultado da primeira chamada do Sisu sai nesta ter\u00e7a","author":"noticiasribeiraopreto.com.br","date":"29 de January de 2024","format":false,"excerpt":"29 de janeiro de 2024 | 18:0029 de janeiro de 2024 | 14:16 0O Minist\u00e9rio da Educa\u00e7\u00e3o (MEC) divulga nesta ter\u00e7a-feira (30) o resultado dos selecionados na primeira chamada do processo seletivo de 2024 do Sistema de Sele\u00e7\u00e3o Unificada (Sisu). S\u00e3o, ao todo, 264.360 vagas dispon\u00edveis, distribu\u00eddas entre 127 institui\u00e7\u00f5es\u2026","rel":"","context":"In &quot;Not\u00edcias de Ribeir\u00e3o Preto-SP e Regi\u00e3o&quot;","block_context":{"text":"Not\u00edcias de Ribeir\u00e3o Preto-SP e Regi\u00e3o","link":"https:\/\/noticiasribeiraopreto.com.br\/index.php\/category\/noticias-de-ribeirao-preto-sp-e-regiao-ismael-colosi\/"},"img":{"alt_text":"","src":"https:\/\/i0.wp.com\/noticiasribeiraopreto.com.br\/wp-content\/uploads\/2024\/01\/404008e6-bc10-418e-bf15-5395f4301f82-scaled.jpg?fit=1000%2C598&ssl=1&resize=350%2C200","width":350,"height":200,"srcset":"https:\/\/i0.wp.com\/noticiasribeiraopreto.com.br\/wp-content\/uploads\/2024\/01\/404008e6-bc10-418e-bf15-5395f4301f82-scaled.jpg?fit=1000%2C598&ssl=1&resize=350%2C200 1x, https:\/\/i0.wp.com\/noticiasribeiraopreto.com.br\/wp-content\/uploads\/2024\/01\/404008e6-bc10-418e-bf15-5395f4301f82-scaled.jpg?fit=1000%2C598&ssl=1&resize=525%2C300 1.5x, https:\/\/i0.wp.com\/noticiasribeiraopreto.com.br\/wp-content\/uploads\/2024\/01\/404008e6-bc10-418e-bf15-5395f4301f82-scaled.jpg?fit=1000%2C598&ssl=1&resize=700%2C400 2x"},"classes":[]},{"id":62928,"url":"https:\/\/noticiasribeiraopreto.com.br\/index.php\/2025\/01\/28\/mec-prorroga-matriculas-pelo-sisu-2025-confira-nova-data\/","url_meta":{"origin":35160,"position":4},"title":"MEC prorroga matr\u00edculas pelo Sisu 2025; confira nova data","author":"noticiasribeiraopreto.com.br","date":"28 de January de 2025","format":false,"excerpt":"O Minist\u00e9rio da Educa\u00e7\u00e3o (MEC) anunciou, nesta ter\u00e7a-feira (28), a prorroga\u00e7\u00e3o do prazo para matr\u00edculas ou registros acad\u00eamicos nas institui\u00e7\u00f5es p\u00fablicas de ensino superior por meio do Sistema de Sele\u00e7\u00e3o Unificada (Sisu) 2025. A nova data limite para as inscri\u00e7\u00f5es \u00e9 3 de fevereiro. Na \u00faltima segunda-feira (27), o MEC\u2026","rel":"","context":"In &quot;Not\u00edcias de Ribeir\u00e3o Preto-SP e Regi\u00e3o&quot;","block_context":{"text":"Not\u00edcias de Ribeir\u00e3o Preto-SP e Regi\u00e3o","link":"https:\/\/noticiasribeiraopreto.com.br\/index.php\/category\/noticias-de-ribeirao-preto-sp-e-regiao-ismael-colosi\/"},"img":{"alt_text":"","src":"https:\/\/i0.wp.com\/noticiasribeiraopreto.com.br\/wp-content\/uploads\/2025\/01\/1738096127_sisu-1.jpg?fit=1151%2C644&ssl=1&resize=350%2C200","width":350,"height":200,"srcset":"https:\/\/i0.wp.com\/noticiasribeiraopreto.com.br\/wp-content\/uploads\/2025\/01\/1738096127_sisu-1.jpg?fit=1151%2C644&ssl=1&resize=350%2C200 1x, https:\/\/i0.wp.com\/noticiasribeiraopreto.com.br\/wp-content\/uploads\/2025\/01\/1738096127_sisu-1.jpg?fit=1151%2C644&ssl=1&resize=525%2C300 1.5x, https:\/\/i0.wp.com\/noticiasribeiraopreto.com.br\/wp-content\/uploads\/2025\/01\/1738096127_sisu-1.jpg?fit=1151%2C644&ssl=1&resize=700%2C400 2x, https:\/\/i0.wp.com\/noticiasribeiraopreto.com.br\/wp-content\/uploads\/2025\/01\/1738096127_sisu-1.jpg?fit=1151%2C644&ssl=1&resize=1050%2C600 3x"},"classes":[]},{"id":22889,"url":"https:\/\/noticiasribeiraopreto.com.br\/index.php\/2023\/12\/31\/mec-anuncia-novidades-e-datas-chave-para-o-sisu-2024\/","url_meta":{"origin":35160,"position":5},"title":"MEC anuncia novidades e datas-chave para o Sisu 2024","author":"noticiasribeiraopreto.com.br","date":"31 de December de 2023","format":false,"excerpt":"Entre 22 e 25 de janeiro, aqueles que prestaram o Exame Nacional do Ensino M\u00e9dio (Enem) ter\u00e3o a oportunidade de concorrer a uma das 264.254 vagas oferecidas em 127 institui\u00e7\u00f5es p\u00fablicas de ensino superior por meio do Sistema de Sele\u00e7\u00e3o Unificada (Sisu). Essas datas e novas informa\u00e7\u00f5es foram divulgadas pelo\u2026","rel":"","context":"In &quot;Variedades&quot;","block_context":{"text":"Variedades","link":"https:\/\/noticiasribeiraopreto.com.br\/index.php\/category\/variedades\/"},"img":{"alt_text":"","src":"https:\/\/i0.wp.com\/noticiasribeiraopreto.com.br\/wp-content\/uploads\/2023\/12\/pexels-blue-bird-7243313.jpg?fit=1200%2C638&ssl=1&resize=350%2C200","width":350,"height":200,"srcset":"https:\/\/i0.wp.com\/noticiasribeiraopreto.com.br\/wp-content\/uploads\/2023\/12\/pexels-blue-bird-7243313.jpg?fit=1200%2C638&ssl=1&resize=350%2C200 1x, https:\/\/i0.wp.com\/noticiasribeiraopreto.com.br\/wp-content\/uploads\/2023\/12\/pexels-blue-bird-7243313.jpg?fit=1200%2C638&ssl=1&resize=525%2C300 1.5x, https:\/\/i0.wp.com\/noticiasribeiraopreto.com.br\/wp-content\/uploads\/2023\/12\/pexels-blue-bird-7243313.jpg?fit=1200%2C638&ssl=1&resize=700%2C400 2x, https:\/\/i0.wp.com\/noticiasribeiraopreto.com.br\/wp-content\/uploads\/2023\/12\/pexels-blue-bird-7243313.jpg?fit=1200%2C638&ssl=1&resize=1050%2C600 3x"},"classes":[]}],"jetpack_sharing_enabled":true,"jetpack_shortlink":"https:\/\/wp.me\/peQAOb-996","_links":{"self":[{"href":"https:\/\/noticiasribeiraopreto.com.br\/index.php\/wp-json\/wp\/v2\/posts\/35160","targetHints":{"allow":["GET"]}}],"collection":[{"href":"https:\/\/noticiasribeiraopreto.com.br\/index.php\/wp-json\/wp\/v2\/posts"}],"about":[{"href":"https:\/\/noticiasribeiraopreto.com.br\/index.php\/wp-json\/wp\/v2\/types\/post"}],"author":[{"embeddable":true,"href":"https:\/\/noticiasribeiraopreto.com.br\/index.php\/wp-json\/wp\/v2\/users\/1"}],"replies":[{"embeddable":true,"href":"https:\/\/noticiasribeiraopreto.com.br\/index.php\/wp-json\/wp\/v2\/comments?post=35160"}],"version-history":[{"count":0,"href":"https:\/\/noticiasribeiraopreto.com.br\/index.php\/wp-json\/wp\/v2\/posts\/35160\/revisions"}],"wp:featuredmedia":[{"embeddable":true,"href":"https:\/\/noticiasribeiraopreto.com.br\/index.php\/wp-json\/wp\/v2\/media\/35161"}],"wp:attachment":[{"href":"https:\/\/noticiasribeiraopreto.com.br\/index.php\/wp-json\/wp\/v2\/media?parent=35160"}],"wp:term":[{"taxonomy":"category","embeddable":true,"href":"https:\/\/noticiasribeiraopreto.com.br\/index.php\/wp-json\/wp\/v2\/categories?post=35160"},{"taxonomy":"post_tag","embeddable":true,"href":"https:\/\/noticiasribeiraopreto.com.br\/index.php\/wp-json\/wp\/v2\/tags?post=35160"}],"curies":[{"name":"wp","href":"https:\/\/api.w.org\/{rel}","templated":true}]}}