{"id":35206,"date":"2024-02-05T15:35:36","date_gmt":"2024-02-05T18:35:36","guid":{"rendered":"https:\/\/noticiasribeiraopreto.com.br\/index.php\/2024\/02\/05\/rhythmic-reverberations-2\/"},"modified":"2024-02-05T15:35:36","modified_gmt":"2024-02-05T18:35:36","slug":"rhythmic-reverberations-2","status":"publish","type":"post","link":"https:\/\/noticiasribeiraopreto.com.br\/index.php\/2024\/02\/05\/rhythmic-reverberations-2\/","title":{"rendered":"Rhythmic Reverberations \u2013 Folha de Ribeir\u00e3o"},"content":{"rendered":"<div class='code-block code-block-1' style='margin: 8px 0 8px auto; text-align: right; display: block; clear: both;'>\n<p><a href=\"https:\/\/wa.link\/vpicfd\"><img data-recalc-dims=\"1\" class=\"wp-image-4922\" style=\"aspect-ratio: 2.0253164556962027; width: 561px; height: auto;\" src=\"https:\/\/i0.wp.com\/ismaelcolosi.com.br\/wp-content\/uploads\/2023\/11\/grupo-de-empregos-whatsapp-e-facebook-ismael-colosi-vagas.jpg?ssl=1\" alt=\"\" \/><\/a><\/p>\n<!-- \/wp:image -->\n<\/div>\n<p> <br \/>\n<\/p>\n<div>\n<p class=\"has-drop-cap\">Music, often described as the universal language, holds the power to evoke emotions, transport us through time, and transcend cultural boundaries.<\/p>\n<p>From soulful ballads to energetic rock anthems, each genre offers a unique experience. In this article, we delve into <strong>the world of music by providing 23 concise<\/strong> reviews that touch on various aspects of musical compositions.<\/p>\n<figure class=\"wp-block-pullquote\">\n<blockquote>\n<p>To live is to be musical, starting with the blood dancing in your veins. Everything living has a rhythm. Do you feel your music?<\/p>\n<p><cite><strong>Michael Jackson<\/strong><\/cite><\/p><\/blockquote>\n<\/figure>\n<p>Our journey begins with a track that is a true masterpiece, blending beautiful melodies that tug at the heartstrings. The seamless flow of harmonious notes creates an enchanting atmosphere.<\/p>\n<h2 id=\"the-magical-world-of-music\" class=\"rb-heading-index-0 wp-block-heading\">The Magical World of Music<\/h2>\n<p>Not all websites are made equal. Some websites are simple, logical, and easy to use. Others are a messy hodgepodge of pages and links.<\/p>\n<figure class=\"wp-block-image size-full\"><figcaption class=\"wp-element-caption\">How are innovations in robotics changing the way we perceive the world?<\/figcaption><\/figure>\n<p>Without website navigation, your visitors can\u2019t figure out how to find your blog, your email signup page, your product listings, pricing, contact information, or help docs.<\/p>\n<p><strong>Quick and easy access to the content they\u2019re after is more important for your website users than a\u2026 visually-stunning design.<\/strong><\/p>\n<p>Website navigation allows visitors to flow from one page to another without frustration. If you\u2019ve done your job well, visitors leave your site with the <a rel=\"noreferrer noopener\" href=\"#\" target=\"_blank\">intention to return<\/a> and might even buy something from you or sign up for your email list.<\/p>\n<div class=\"wp-block-columns is-layout-flex wp-container-core-columns-layout-1 wp-block-columns-is-layout-flex\">\n<div class=\"wp-block-column is-layout-flow wp-block-column-is-layout-flow\" style=\"flex-basis:66.66%\">\n<div style=\"--border-width: 0 0 0 0;--desktop-padding: 30px 30px 30px 30px ;--tablet-padding: 25px 25px 25px 25px ;--mobile-padding: 20px 20px 20px 20px ;\" class=\"gb-wrap gb-review none-padding yes-shadow wp-block-foxiz-elements-review\">\n<div class=\"gb-review-featured\"><img data-recalc-dims=\"1\" loading=\"lazy\" decoding=\"async\" src=\"https:\/\/i0.wp.com\/folhaderibeirao.com.br\/wp-content\/uploads\/2022\/09\/m13.jpg?resize=1200%2C1200&#038;ssl=1\" alt=\"\" width=\"1200\" height=\"1200\"\/><span class=\"gb-absolute-meta review-quickview-meta\"><span class=\"meta-score h4\">4<\/span><span class=\"meta-text\">Soulful<\/span><\/span><\/div>\n<div class=\"gb-content gb-review-content\">\n<div class=\"pros-cons top-divider\">\n<div class=\"pros-cons-holder\">\n<div class=\"pros-list-wrap\">\n<p>&#13;<br \/>\n\t\t\t\t\t\t\t<span class=\"pros-cons-title h4\"><i class=\"rbi rbi-like\"\/>Good Stuff<\/span>&#13;<br \/>\n\t\t\t\t\t\t\t\t\t\t\t\t\t\t\t\t<span class=\"pros-cons-el\">Energy and Passion<\/span>&#13;<br \/>\n\t\t\t\t\t\t\t\t\t\t\t\t\t\t\t\t\t<span class=\"pros-cons-el\">Instrumental Mastery<\/span>&#13;<br \/>\n\t\t\t\t\t\t\t\t\t\t\t\t\t\t\t\t\t<span class=\"pros-cons-el\">Live Performances<\/span>&#13;\n\t\t\t\t\t\t\t\t\t\t\t\t\t\t<\/p>\n<\/p><\/div>\n<div class=\"cons-list-wrap\">\n<p>&#13;<br \/>\n\t\t\t\t\t\t\t<span class=\"pros-cons-title h4\"><i class=\"rbi rbi-dislike\"\/>Bad Stuff<\/span>&#13;<br \/>\n\t\t\t\t\t\t\t\t\t\t\t\t\t\t\t\t<span class=\"pros-cons-el\">Volume Levels<\/span>&#13;<br \/>\n\t\t\t\t\t\t\t\t\t\t\t\t\t\t\t\t\t<span class=\"pros-cons-el\">Rebellion and Controversy<\/span>&#13;<br \/>\n\t\t\t\t\t\t\t\t\t\t\t\t\t\t\t\t\t<span class=\"pros-cons-el\">Commercialization<\/span>&#13;\n\t\t\t\t\t\t\t\t\t\t\t\t\t\t<\/p>\n<\/p><\/div>\n<\/p><\/div>\n<\/p><\/div>\n<\/p><\/div>\n<\/div>\n<\/div>\n<div class=\"wp-block-column is-layout-flow wp-block-column-is-layout-flow\" style=\"flex-basis:33.33%\">\n<p class=\"has-text-align-left\">It is an enchanting journey that speaks to the soul, ignites emotions, and paints vivid landscapes in our minds. One of the most remarkable aspects of music is its ability to serve as a universal language. Regardless of where you come from or what language you speak, a beautiful melody can resonate with your heart and convey emotions that words often fail to express.<\/p>\n<p>From the rhythmic beats of drums to the soaring melodies of a symphony orchestra, music weaves a tapestry of emotions and experiences that is unparalleled in its beauty.<\/p>\n<figure class=\"wp-block-pullquote has-text-align-center\">\n<blockquote>\n<p>Without music, life would be a mistake.<\/p>\n<p><cite>Friedrich Nietzsche<\/cite><\/p><\/blockquote>\n<\/figure>\n<\/div>\n<\/div>\n<p><em>Bad navigation is an especially common problem. We\u2019ve all struggled to find things on disorganized websites without any logical structure. It feels hopeless.<\/em><\/p>\n<p>Using <strong>\u201ccomplex large pictures\u201d<\/strong>. Because a carousel generally carries a lot of picture messages, complex large pictures result in low performance and <strong>\u201cslow loading rate\u201d<\/strong> of the sites, especially those whose first homepages are occupied by high-resolution carousels.<\/p>\n<h2 id=\"a-universal-language\" class=\"rb-heading-index-1 wp-block-heading\">A Universal Language<\/h2>\n<p>In design, rhythm is created by simply repeating elements in predictable patterns. This repetition is a natural thing that occurs everywhere in our world. As people, we are driven everyday by predictable, timed events.<\/p>\n<figure class=\"wp-block-image size-full\"><img data-recalc-dims=\"1\" loading=\"lazy\" decoding=\"async\" width=\"860\" height=\"574\" src=\"https:\/\/i0.wp.com\/folhaderibeirao.com.br\/wp-content\/uploads\/2023\/10\/m107-860x574-1.jpg?resize=860%2C574&#038;ssl=1\" alt=\"\" class=\"wp-image-3731\" srcset=\"https:\/\/folhaderibeirao.com.br\/wp-content\/uploads\/2023\/10\/m107-860x574-1.jpg 860w, https:\/\/folhaderibeirao.com.br\/wp-content\/uploads\/2023\/10\/m107-860x574-1-300x200.jpg 300w, https:\/\/folhaderibeirao.com.br\/wp-content\/uploads\/2023\/10\/m107-860x574-1-768x513.jpg 768w, https:\/\/folhaderibeirao.com.br\/wp-content\/uploads\/2023\/10\/m107-860x574-1-330x220.jpg 330w, https:\/\/folhaderibeirao.com.br\/wp-content\/uploads\/2023\/10\/m107-860x574-1-420x280.jpg 420w, https:\/\/folhaderibeirao.com.br\/wp-content\/uploads\/2023\/10\/m107-860x574-1-615x410.jpg 615w\" sizes=\"auto, (max-width: 860px) 100vw, 860px\"\/><figcaption class=\"wp-element-caption\">Why does Bluetooth use lossy rather than lossless compression<\/figcaption><\/figure>\n<p>One of the best ways to use <a href=\"#\" target=\"_blank\" rel=\"noreferrer noopener\">repetition and rhythm in web design<\/a> is in the site\u2019s navigation menu. A consistent, easy-to-follow pattern\u2014in color, layout, etc. Gives users an intuitive roadmap to everything you want to share on your site.<\/p>\n<p>Rhythm also factors into the <strong>layout of content<\/strong>. For example, you <strong>\u201cmight have\u201d<\/strong> blog articles, press releases, and events each follow their own certain layout pattern.<\/p>\n<h2 id=\"the-power-of-emotion\" class=\"rb-heading-index-2 wp-block-heading\">The Power of Emotion<\/h2>\n<p>Nobody enjoys looking at an ugly web page. Garish colors, cluttered images and distracting animation can all turn customers <strong>\u201coff\u201d<\/strong> and send them shopping<strong> \u201csomewhere else\u201d<\/strong>. Basic composition rules to create more effective:<\/p>\n<ul class=\"rb-list\">\n<li>Direct the Eye With<strong> <\/strong><a rel=\"noreferrer noopener\" href=\"#\" target=\"_blank\">Leading Lines<\/a><\/li>\n<li>Balance Out Your Elements<\/li>\n<li>Use Elements That<strong> Complement Each Other<\/strong><\/li>\n<li>Be clear about your <strong>\u201cfocal points\u201d<\/strong> and where you place them<\/li>\n<\/ul>\n<p>The size and position of elements in a composition will determine its balance. An unbalanced design generates tension, which may be the goal in many design projects, but for web apps that demand repeated comfortable use, tension is not a desirable trait.<\/p>\n<h2 id=\"a-journey-through-time\" class=\"rb-heading-index-3 wp-block-heading\">A Journey Through Time<\/h2>\n<p><strong>UX and UI: <\/strong>Two terms that are often used interchangeably, but actually mean very different things. <em>So what exactly is the difference?<\/em><\/p>\n<figure class=\"wp-block-pullquote is-style-default\">\n<blockquote>\n<p>Music is the great uniter, an incredible force. Something that people who differ on everything and anything else can have in common.<\/p>\n<\/blockquote>\n<\/figure>\n<p>Throughout history, music has been a faithful companion to humanity. It has witnessed the rise and fall of empires, the triumphs and tribulations of individuals, and the evolution of societies. From ancient tribal chants to modern electronic compositions, music has evolved with us, reflecting the changing times and serving as a mirror to our collective experiences.<\/p>\n<h2 id=\"the-art-of-creation\" class=\"rb-heading-index-4 wp-block-heading\">The Art of Creation<\/h2>\n<p>Good design guides the user by communicating purpose and priority. For that reason, every part of the design should be based on an <strong>\u201c<strong>informed decision<\/strong><\/strong>\u201d rather than an arbitrary result of personal taste or the current trend.<\/p>\n<figure class=\"wp-block-image size-full\"><img data-recalc-dims=\"1\" loading=\"lazy\" decoding=\"async\" width=\"1024\" height=\"683\" src=\"https:\/\/i0.wp.com\/folhaderibeirao.com.br\/wp-content\/uploads\/2023\/10\/p36-1024x683-1.jpg?resize=1024%2C683&#038;ssl=1\" alt=\"\" class=\"wp-image-3732\" srcset=\"https:\/\/folhaderibeirao.com.br\/wp-content\/uploads\/2023\/10\/p36-1024x683-1.jpg 1024w, https:\/\/folhaderibeirao.com.br\/wp-content\/uploads\/2023\/10\/p36-1024x683-1-300x200.jpg 300w, https:\/\/folhaderibeirao.com.br\/wp-content\/uploads\/2023\/10\/p36-1024x683-1-768x512.jpg 768w, https:\/\/folhaderibeirao.com.br\/wp-content\/uploads\/2023\/10\/p36-1024x683-1-330x220.jpg 330w, https:\/\/folhaderibeirao.com.br\/wp-content\/uploads\/2023\/10\/p36-1024x683-1-420x280.jpg 420w, https:\/\/folhaderibeirao.com.br\/wp-content\/uploads\/2023\/10\/p36-1024x683-1-615x410.jpg 615w, https:\/\/folhaderibeirao.com.br\/wp-content\/uploads\/2023\/10\/p36-1024x683-1-860x574.jpg 860w\" sizes=\"auto, (max-width: 1024px) 100vw, 1024px\"\/><figcaption class=\"wp-element-caption\">Why you should travel with friends?<\/figcaption><\/figure>\n<p>Provide distinct styles for interactive elements, such as <em>links and buttons<\/em>, to make them easy to identify. For example, <strong>\u201cchange the appearance of links\u201d<\/strong> on mouse hover, \u201ckeyboard focus\u201d, and \u201ctouch-screen activation\u201d.<\/p>\n<h2 id=\"a-source-of-inspiration\" class=\"rb-heading-index-5 wp-block-heading\">A Source of Inspiration<\/h2>\n<p><strong>Design is not the end-all solution to all of the worlds problems<\/strong> \u2014 but with the right thinking and application, it can definitely be a good beginning to start tackling them.<\/p>\n<\/div>\n<p><br \/>\n<br \/><a href=\"https:\/\/folhaderibeirao.com.br\/2022\/09\/05\/rhythmic-reverberations-2\/\">Source link <\/a><\/p>\n<!-- CONTENT END 1 -->\n","protected":false},"excerpt":{"rendered":"<p>Music, often described as the universal language, holds the power to evoke emotions, transport us through time, and transcend cultural boundaries. From soulful ballads to&#8230;<\/p>\n","protected":false},"author":1,"featured_media":35207,"comment_status":"open","ping_status":"open","sticky":false,"template":"","format":"standard","meta":{"advanced_seo_description":"","jetpack_seo_html_title":"","jetpack_seo_noindex":false,"jetpack_post_was_ever_published":false,"_jetpack_newsletter_access":"","_jetpack_dont_email_post_to_subs":false,"_jetpack_newsletter_tier_id":0,"_jetpack_memberships_contains_paywalled_content":false,"_jetpack_memberships_contains_paid_content":false,"footnotes":"","jetpack_publicize_message":"","jetpack_publicize_feature_enabled":true,"jetpack_social_post_already_shared":true,"jetpack_social_options":{"image_generator_settings":{"template":"highway","default_image_id":0,"font":"","enabled":false},"version":2}},"categories":[11],"tags":[753,4085,4084,26],"class_list":["post-35206","post","type-post","status-publish","format-standard","has-post-thumbnail","hentry","category-noticias-de-ribeirao-preto-sp-e-regiao-ismael-colosi","tag-folha","tag-reverberations","tag-rhythmic","tag-ribeirao"],"jetpack_publicize_connections":[],"jetpack_featured_media_url":"https:\/\/i0.wp.com\/noticiasribeiraopreto.com.br\/wp-content\/uploads\/2024\/02\/m104-860x573-1.jpg?fit=860%2C573&ssl=1","jetpack-related-posts":[{"id":47784,"url":"https:\/\/noticiasribeiraopreto.com.br\/index.php\/2024\/04\/28\/galeria-confira-como-foi-a-terceira-noite-de-shows-do-ribeirao-rodeo-music\/","url_meta":{"origin":35206,"position":0},"title":"Galeria: Confira como foi a terceira noite de shows do Ribeir\u00e3o Rodeo Music","author":"noticiasribeiraopreto.com.br","date":"28 de April de 2024","format":false,"excerpt":"Nesse s\u00e1bado, 27, o palco do Ribeir\u00e3o Rodeo Music recebeu o primeiro show de Fred & Fabr\u00edcio. A dupla formada por um mineiro e um goiano aqueceu o p\u00fablico em grande estilo com seus sucessos autorais, dentre eles \u201cGuarda Roupa\u201d e \u201cContra a Mar\u00e9\u201d, al\u00e9m de sucessos consagrados, desde o\u2026","rel":"","context":"In &quot;Not\u00edcias de Ribeir\u00e3o Preto-SP e Regi\u00e3o&quot;","block_context":{"text":"Not\u00edcias de Ribeir\u00e3o Preto-SP e Regi\u00e3o","link":"https:\/\/noticiasribeiraopreto.com.br\/index.php\/category\/noticias-de-ribeirao-preto-sp-e-regiao-ismael-colosi\/"},"img":{"alt_text":"","src":"https:\/\/i0.wp.com\/noticiasribeiraopreto.com.br\/wp-content\/uploads\/2024\/04\/AnyConv.com__GL_III-e1714330490605.webp.webp?fit=900%2C692&ssl=1&resize=350%2C200","width":350,"height":200,"srcset":"https:\/\/i0.wp.com\/noticiasribeiraopreto.com.br\/wp-content\/uploads\/2024\/04\/AnyConv.com__GL_III-e1714330490605.webp.webp?fit=900%2C692&ssl=1&resize=350%2C200 1x, https:\/\/i0.wp.com\/noticiasribeiraopreto.com.br\/wp-content\/uploads\/2024\/04\/AnyConv.com__GL_III-e1714330490605.webp.webp?fit=900%2C692&ssl=1&resize=525%2C300 1.5x, https:\/\/i0.wp.com\/noticiasribeiraopreto.com.br\/wp-content\/uploads\/2024\/04\/AnyConv.com__GL_III-e1714330490605.webp.webp?fit=900%2C692&ssl=1&resize=700%2C400 2x"},"classes":[]},{"id":64687,"url":"https:\/\/noticiasribeiraopreto.com.br\/index.php\/2025\/03\/11\/ribeirao-rodeo-music-e-sinonimo-de-diversidade-musical\/","url_meta":{"origin":35206,"position":1},"title":"Ribeir\u00e3o Rodeo Music \u00e9 sin\u00f4nimo de diversidade musical","author":"noticiasribeiraopreto.com.br","date":"11 de March de 2025","format":false,"excerpt":"A variedade de ritmos e estilos musicais \u00e9 uma das caracter\u00edsticas do Ribeir\u00e3o Rodeo Music. Grandes nomes da m\u00fasica sertaneja dividem o palco com artistas de ritmos variados que v\u00e3o do samba ao pop e m\u00fasica eletr\u00f4nica. \u201cProcuramos sempre ouvir as demandas do p\u00fablico e estamos antenados \u00e0s tend\u00eancias para\u2026","rel":"","context":"In &quot;Not\u00edcias de Ribeir\u00e3o Preto-SP e Regi\u00e3o&quot;","block_context":{"text":"Not\u00edcias de Ribeir\u00e3o Preto-SP e Regi\u00e3o","link":"https:\/\/noticiasribeiraopreto.com.br\/index.php\/category\/noticias-de-ribeirao-preto-sp-e-regiao-ismael-colosi\/"},"img":{"alt_text":"","src":"https:\/\/i0.wp.com\/noticiasribeiraopreto.com.br\/wp-content\/uploads\/2025\/03\/alok_2025-03-11_16-18-26_jpeg_2025-03-11_16-18-27.webp.webp?fit=1200%2C800&ssl=1&resize=350%2C200","width":350,"height":200,"srcset":"https:\/\/i0.wp.com\/noticiasribeiraopreto.com.br\/wp-content\/uploads\/2025\/03\/alok_2025-03-11_16-18-26_jpeg_2025-03-11_16-18-27.webp.webp?fit=1200%2C800&ssl=1&resize=350%2C200 1x, https:\/\/i0.wp.com\/noticiasribeiraopreto.com.br\/wp-content\/uploads\/2025\/03\/alok_2025-03-11_16-18-26_jpeg_2025-03-11_16-18-27.webp.webp?fit=1200%2C800&ssl=1&resize=525%2C300 1.5x, https:\/\/i0.wp.com\/noticiasribeiraopreto.com.br\/wp-content\/uploads\/2025\/03\/alok_2025-03-11_16-18-26_jpeg_2025-03-11_16-18-27.webp.webp?fit=1200%2C800&ssl=1&resize=700%2C400 2x, https:\/\/i0.wp.com\/noticiasribeiraopreto.com.br\/wp-content\/uploads\/2025\/03\/alok_2025-03-11_16-18-26_jpeg_2025-03-11_16-18-27.webp.webp?fit=1200%2C800&ssl=1&resize=1050%2C600 3x"},"classes":[]},{"id":77951,"url":"https:\/\/noticiasribeiraopreto.com.br\/index.php\/2025\/09\/29\/ribeirao-rodeo-music-abre-vendas-do-lote-raiz-para-a-edicao-de-20-anos\/","url_meta":{"origin":35206,"position":2},"title":"Ribeir\u00e3o Rodeo Music abre vendas do Lote Raiz para a edi\u00e7\u00e3o de 20 anos","author":"noticiasribeiraopreto.com.br","date":"29 de September de 2025","format":false,"excerpt":"Entre os dias 1\u00ba e 20 de outubro, o Ribeir\u00e3o Rodeo Music disponibilizar\u00e1 o Lote Raiz, a pr\u00e9-venda da edi\u00e7\u00e3o de 2026, quando o evento completa 20 anos. Os passaportes poder\u00e3o ser parcelados em at\u00e9 10 vezes sem juros no cart\u00e3o de cr\u00e9dito. Nesta fase, o p\u00fablico do Ribeir\u00e3o Rodeo\u2026","rel":"","context":"In &quot;Not\u00edcias de Ribeir\u00e3o Preto-SP e Regi\u00e3o&quot;","block_context":{"text":"Not\u00edcias de Ribeir\u00e3o Preto-SP e Regi\u00e3o","link":"https:\/\/noticiasribeiraopreto.com.br\/index.php\/category\/noticias-de-ribeirao-preto-sp-e-regiao-ismael-colosi\/"},"img":{"alt_text":"","src":"https:\/\/i0.wp.com\/noticiasribeiraopreto.com.br\/wp-content\/uploads\/2025\/09\/ribeirao-rodeo-music-2_2025-09-29_18-11-46.webp.webp?fit=1200%2C684&ssl=1&resize=350%2C200","width":350,"height":200,"srcset":"https:\/\/i0.wp.com\/noticiasribeiraopreto.com.br\/wp-content\/uploads\/2025\/09\/ribeirao-rodeo-music-2_2025-09-29_18-11-46.webp.webp?fit=1200%2C684&ssl=1&resize=350%2C200 1x, https:\/\/i0.wp.com\/noticiasribeiraopreto.com.br\/wp-content\/uploads\/2025\/09\/ribeirao-rodeo-music-2_2025-09-29_18-11-46.webp.webp?fit=1200%2C684&ssl=1&resize=525%2C300 1.5x, https:\/\/i0.wp.com\/noticiasribeiraopreto.com.br\/wp-content\/uploads\/2025\/09\/ribeirao-rodeo-music-2_2025-09-29_18-11-46.webp.webp?fit=1200%2C684&ssl=1&resize=700%2C400 2x, https:\/\/i0.wp.com\/noticiasribeiraopreto.com.br\/wp-content\/uploads\/2025\/09\/ribeirao-rodeo-music-2_2025-09-29_18-11-46.webp.webp?fit=1200%2C684&ssl=1&resize=1050%2C600 3x"},"classes":[]},{"id":39458,"url":"https:\/\/noticiasribeiraopreto.com.br\/index.php\/2024\/02\/26\/ribeirao-rodeo-music-jorge-e-mateus-lancam-musica-com-lauana-prado\/","url_meta":{"origin":35206,"position":3},"title":"Ribeir\u00e3o Rodeo Music: Jorge e Mateus lan\u00e7am m\u00fasica com Lauana Prado","author":"noticiasribeiraopreto.com.br","date":"26 de February de 2024","format":false,"excerpt":"Atra\u00e7\u00e3o confirmada no Ribeir\u00e3o Rodeo Music, a dupla Jorge e Mateus lan\u00e7ou na \u00faltima semana a m\u00fasica \u201cHaver\u00e1 Sinais\u201d, que conta com a participa\u00e7\u00e3o da cantora Lauana Prado, que tamb\u00e9m \u00e9 atra\u00e7\u00e3o no evento. A parceria entre os artistas \u00e9 o primeiro lan\u00e7amento de Jorge e Mateus em 2024 e\u2026","rel":"","context":"In &quot;Not\u00edcias de Ribeir\u00e3o Preto-SP e Regi\u00e3o&quot;","block_context":{"text":"Not\u00edcias de Ribeir\u00e3o Preto-SP e Regi\u00e3o","link":"https:\/\/noticiasribeiraopreto.com.br\/index.php\/category\/noticias-de-ribeirao-preto-sp-e-regiao-ismael-colosi\/"},"img":{"alt_text":"","src":"https:\/\/i0.wp.com\/noticiasribeiraopreto.com.br\/wp-content\/uploads\/2024\/02\/jorge-e-mateus-lauana-prado.jpg?fit=950%2C731&ssl=1&resize=350%2C200","width":350,"height":200,"srcset":"https:\/\/i0.wp.com\/noticiasribeiraopreto.com.br\/wp-content\/uploads\/2024\/02\/jorge-e-mateus-lauana-prado.jpg?fit=950%2C731&ssl=1&resize=350%2C200 1x, https:\/\/i0.wp.com\/noticiasribeiraopreto.com.br\/wp-content\/uploads\/2024\/02\/jorge-e-mateus-lauana-prado.jpg?fit=950%2C731&ssl=1&resize=525%2C300 1.5x, https:\/\/i0.wp.com\/noticiasribeiraopreto.com.br\/wp-content\/uploads\/2024\/02\/jorge-e-mateus-lauana-prado.jpg?fit=950%2C731&ssl=1&resize=700%2C400 2x"},"classes":[]},{"id":44352,"url":"https:\/\/noticiasribeiraopreto.com.br\/index.php\/2024\/03\/27\/zeze-di-camargo-luciano-voltam-ao-ribeirao-rodeo-music-depois-de-mais-de-10-anos\/","url_meta":{"origin":35206,"position":4},"title":"Zez\u00e9 di Camargo &#038; Luciano voltam ao Ribeir\u00e3o Rodeo Music depois de mais de 10 anos","author":"noticiasribeiraopreto.com.br","date":"27 de March de 2024","format":false,"excerpt":"A dupla sertaneja Zez\u00e9 di Camargo & Luciano est\u00e1 de volta ao Ribeir\u00e3o Rodeo Music depois de mais de 10 anos da \u00faltima apresenta\u00e7\u00e3o no evento, que aconteceu em 2013. Os irm\u00e3os conhecidos por cantar m\u00fasicas rom\u00e2nticas como \u201c\u00c9 o amor\u201d, participam da 18\u00aa edi\u00e7\u00e3o do RRM , que acontece\u2026","rel":"","context":"In &quot;Not\u00edcias de Ribeir\u00e3o Preto-SP e Regi\u00e3o&quot;","block_context":{"text":"Not\u00edcias de Ribeir\u00e3o Preto-SP e Regi\u00e3o","link":"https:\/\/noticiasribeiraopreto.com.br\/index.php\/category\/noticias-de-ribeirao-preto-sp-e-regiao-ismael-colosi\/"},"img":{"alt_text":"","src":"https:\/\/i0.wp.com\/noticiasribeiraopreto.com.br\/wp-content\/uploads\/2024\/03\/1711554263_Copia-de-Copia-de-TAMANHO-EXATO-PARA-FOTOS-NO-SISTEMA-NOVO-64.jpg?fit=1200%2C675&ssl=1&resize=350%2C200","width":350,"height":200,"srcset":"https:\/\/i0.wp.com\/noticiasribeiraopreto.com.br\/wp-content\/uploads\/2024\/03\/1711554263_Copia-de-Copia-de-TAMANHO-EXATO-PARA-FOTOS-NO-SISTEMA-NOVO-64.jpg?fit=1200%2C675&ssl=1&resize=350%2C200 1x, https:\/\/i0.wp.com\/noticiasribeiraopreto.com.br\/wp-content\/uploads\/2024\/03\/1711554263_Copia-de-Copia-de-TAMANHO-EXATO-PARA-FOTOS-NO-SISTEMA-NOVO-64.jpg?fit=1200%2C675&ssl=1&resize=525%2C300 1.5x, https:\/\/i0.wp.com\/noticiasribeiraopreto.com.br\/wp-content\/uploads\/2024\/03\/1711554263_Copia-de-Copia-de-TAMANHO-EXATO-PARA-FOTOS-NO-SISTEMA-NOVO-64.jpg?fit=1200%2C675&ssl=1&resize=700%2C400 2x, https:\/\/i0.wp.com\/noticiasribeiraopreto.com.br\/wp-content\/uploads\/2024\/03\/1711554263_Copia-de-Copia-de-TAMANHO-EXATO-PARA-FOTOS-NO-SISTEMA-NOVO-64.jpg?fit=1200%2C675&ssl=1&resize=1050%2C600 3x"},"classes":[]},{"id":64430,"url":"https:\/\/noticiasribeiraopreto.com.br\/index.php\/2025\/03\/08\/confira-as-mulheres-que-ja-marcaram-a-historia-do-ribeirao-rodeo-music\/","url_meta":{"origin":35206,"position":5},"title":"Confira as mulheres que j\u00e1 marcaram a hist\u00f3ria do Ribeir\u00e3o Rodeo Music","author":"noticiasribeiraopreto.com.br","date":"8 de March de 2025","format":false,"excerpt":"Quem disse que o universo sertanejo \u00e9 essencialmente masculino? De Inezita Barroso e as irm\u00e3s Galv\u00e3o \u00e0 Mar\u00edlia Mendon\u00e7a, Roberta Miranda, Paula Fernandes e Naiara Azevedo, entre tantas outras, a m\u00fasica sertaneja est\u00e1 muito bem representada pelas mulheres, sejam elas compositoras ou int\u00e9rpretes. Muitas destas artistas talentosas v\u00eam marcando presen\u00e7a\u2026","rel":"","context":"In &quot;Not\u00edcias de Ribeir\u00e3o Preto-SP e Regi\u00e3o&quot;","block_context":{"text":"Not\u00edcias de Ribeir\u00e3o Preto-SP e Regi\u00e3o","link":"https:\/\/noticiasribeiraopreto.com.br\/index.php\/category\/noticias-de-ribeirao-preto-sp-e-regiao-ismael-colosi\/"},"img":{"alt_text":"","src":"https:\/\/i0.wp.com\/noticiasribeiraopreto.com.br\/wp-content\/uploads\/2025\/03\/ana-castela-1024x683.jpeg?fit=1024%2C683&ssl=1&resize=350%2C200","width":350,"height":200,"srcset":"https:\/\/i0.wp.com\/noticiasribeiraopreto.com.br\/wp-content\/uploads\/2025\/03\/ana-castela-1024x683.jpeg?fit=1024%2C683&ssl=1&resize=350%2C200 1x, https:\/\/i0.wp.com\/noticiasribeiraopreto.com.br\/wp-content\/uploads\/2025\/03\/ana-castela-1024x683.jpeg?fit=1024%2C683&ssl=1&resize=525%2C300 1.5x, https:\/\/i0.wp.com\/noticiasribeiraopreto.com.br\/wp-content\/uploads\/2025\/03\/ana-castela-1024x683.jpeg?fit=1024%2C683&ssl=1&resize=700%2C400 2x"},"classes":[]}],"jetpack_sharing_enabled":true,"jetpack_shortlink":"https:\/\/wp.me\/peQAOb-99Q","_links":{"self":[{"href":"https:\/\/noticiasribeiraopreto.com.br\/index.php\/wp-json\/wp\/v2\/posts\/35206","targetHints":{"allow":["GET"]}}],"collection":[{"href":"https:\/\/noticiasribeiraopreto.com.br\/index.php\/wp-json\/wp\/v2\/posts"}],"about":[{"href":"https:\/\/noticiasribeiraopreto.com.br\/index.php\/wp-json\/wp\/v2\/types\/post"}],"author":[{"embeddable":true,"href":"https:\/\/noticiasribeiraopreto.com.br\/index.php\/wp-json\/wp\/v2\/users\/1"}],"replies":[{"embeddable":true,"href":"https:\/\/noticiasribeiraopreto.com.br\/index.php\/wp-json\/wp\/v2\/comments?post=35206"}],"version-history":[{"count":0,"href":"https:\/\/noticiasribeiraopreto.com.br\/index.php\/wp-json\/wp\/v2\/posts\/35206\/revisions"}],"wp:featuredmedia":[{"embeddable":true,"href":"https:\/\/noticiasribeiraopreto.com.br\/index.php\/wp-json\/wp\/v2\/media\/35207"}],"wp:attachment":[{"href":"https:\/\/noticiasribeiraopreto.com.br\/index.php\/wp-json\/wp\/v2\/media?parent=35206"}],"wp:term":[{"taxonomy":"category","embeddable":true,"href":"https:\/\/noticiasribeiraopreto.com.br\/index.php\/wp-json\/wp\/v2\/categories?post=35206"},{"taxonomy":"post_tag","embeddable":true,"href":"https:\/\/noticiasribeiraopreto.com.br\/index.php\/wp-json\/wp\/v2\/tags?post=35206"}],"curies":[{"name":"wp","href":"https:\/\/api.w.org\/{rel}","templated":true}]}}