{"id":35316,"date":"2024-02-05T21:32:29","date_gmt":"2024-02-06T00:32:29","guid":{"rendered":"https:\/\/noticiasribeiraopreto.com.br\/index.php\/2024\/02\/05\/rei-charles-iii-e-diagnosticado-com-cancer\/"},"modified":"2024-02-05T21:32:29","modified_gmt":"2024-02-06T00:32:29","slug":"rei-charles-iii-e-diagnosticado-com-cancer","status":"publish","type":"post","link":"https:\/\/noticiasribeiraopreto.com.br\/index.php\/2024\/02\/05\/rei-charles-iii-e-diagnosticado-com-cancer\/","title":{"rendered":"Rei Charles III \u00e9 diagnosticado com c\u00e2ncer"},"content":{"rendered":"<div class='code-block code-block-1' style='margin: 8px 0 8px auto; text-align: right; display: block; clear: both;'>\n<p><a href=\"https:\/\/wa.link\/vpicfd\"><img data-recalc-dims=\"1\" class=\"wp-image-4922\" style=\"aspect-ratio: 2.0253164556962027; width: 561px; height: auto;\" src=\"https:\/\/i0.wp.com\/ismaelcolosi.com.br\/wp-content\/uploads\/2023\/11\/grupo-de-empregos-whatsapp-e-facebook-ismael-colosi-vagas.jpg?ssl=1\" alt=\"\" \/><\/a><\/p>\n<!-- \/wp:image -->\n<\/div>\n<p> <br \/>\n<\/p>\n<div id=\"\">\n<p> <span class=\"entry-meta-item penci-posted-on\"><i class=\"fa fa-clock-o\"\/><time class=\"entry-date published updated\" datetime=\"2024-02-05T17:55:17-03:00\">5 de fevereiro de 2024 | 17:55<\/time><\/span><\/p>\n<p> <span class=\"penci-social-buttons penci-social-share-footer\"><a href=\"#\" class=\"penci-post-like penci_post-meta_item  single-like-button penci-social-item like\" data-post_id=\"372691\" title=\"Like\" data-like=\"Like\" data-unlike=\"Unlike\"><i class=\"fa fa-thumbs-o-up\"\/><span class=\"penci-share-number\">0<\/span><\/a><i class=\"fa fa-facebook\"\/><a class=\"penci-social-item twitter\" target=\"_blank\" rel=\"noopener\" title=\"\" href=\"https:\/\/twitter.com\/intent\/tweet?text=Rei%20Charles%20III%20\u00e9%20diagnosticado%20com%20c\u00e2ncer%20-%20https:\/\/www.tribunaribeirao.com.br\/site\/rei-charles-iii-e-diagnosticado-com-cancer\/\"><i class=\"fa fa-twitter\"\/><\/a><i class=\"fa fa-whatsapp\"\/><\/span><\/div>\n<div>\n<div id=\"Corpo\">O rei Charles III, de 75 anos, est\u00e1 com c\u00e2ncer, informou nesta segunda-feira, 5, o Pal\u00e1cio de Buckingham. O tipo de tumor n\u00e3o \u00e9 na pr\u00f3stata, mas segundo a BBC, foi descoberto enquanto o monarca brit\u00e2nico passava por um tratamento no local.<\/p>\n<p>O tipo do tumor n\u00e3o foi revelado. N\u00e3o h\u00e1 detalhes sobre o est\u00e1gio ou progn\u00f3sticos sobre a doen\u00e7a.<\/p>\n<p>Ainda de acordo com o Pal\u00e1cio, o tratamento come\u00e7ou na segunda-feira. O rei, diz a nota da Casa Real, est\u00e1 otimista com o tratamento e pretende retomar suas fun\u00e7\u00f5es em breve. Nesse \u00ednterim, outros membros da fam\u00edlia real, entre eles o pr\u00edncipe William, herdeiro do trono, devem substitu\u00ed-lo. O rei manter\u00e1 suas fun\u00e7\u00f5es de chefe de Estado.<\/p>\n<p>A \u00faltima apari\u00e7\u00e3o p\u00fablica de Charles III foi registrada no domingo, quando ele foi \u00e0 missa em Sandringham. Na ocasi\u00e3o, ele acenou para os s\u00faditos.<\/p>\n<p>Em janeiro ele passou por uma cirurgia para tratar um incha\u00e7o na pr\u00f3stata que, segundo os m\u00e9dicos, era benigno.<\/p>\n<p>Na ocasi\u00e3o, o monarca disse que decidiu tornar o problema p\u00fablico como modo de incentivar que homens busquem tratamento. Ele tamb\u00e9m declarou ter ficado contente com o aumento de buscas por diagn\u00f3sticos da doen\u00e7a no Reino Unido.<\/p>\n<p>Charles III foi coroado em maio, oito meses ap\u00f3s a morte da m\u00e3e, a rainha Elizabeth II, que permaneceu mais de sete d\u00e9cadas no trono.<\/p>\n<\/div>\n<\/div>\n<p><script async src=\"\/\/platform.twitter.com\/widgets.js\" charset=\"utf-8\"><\/script><br \/>\n<br \/><br \/>\n<br \/><a href=\"https:\/\/www.tribunaribeirao.com.br\/site\/rei-charles-iii-e-diagnosticado-com-cancer\/\">Source link <\/a><\/p>\n<!-- CONTENT END 1 -->\n","protected":false},"excerpt":{"rendered":"<p>5 de fevereiro de 2024 | 17:55 0 O rei Charles III, de 75 anos, est\u00e1 com c\u00e2ncer, informou nesta segunda-feira, 5, o Pal\u00e1cio de&#8230;<\/p>\n","protected":false},"author":1,"featured_media":35317,"comment_status":"open","ping_status":"open","sticky":false,"template":"","format":"standard","meta":{"advanced_seo_description":"","jetpack_seo_html_title":"","jetpack_seo_noindex":false,"jetpack_post_was_ever_published":false,"_jetpack_newsletter_access":"","_jetpack_dont_email_post_to_subs":false,"_jetpack_newsletter_tier_id":0,"_jetpack_memberships_contains_paywalled_content":false,"_jetpack_memberships_contains_paid_content":false,"footnotes":"","jetpack_publicize_message":"","jetpack_publicize_feature_enabled":true,"jetpack_social_post_already_shared":true,"jetpack_social_options":{"image_generator_settings":{"template":"highway","default_image_id":0,"font":"","enabled":false},"version":2}},"categories":[11],"tags":[3174,4095,4096,2569,2746],"class_list":["post-35316","post","type-post","status-publish","format-standard","has-post-thumbnail","hentry","category-noticias-de-ribeirao-preto-sp-e-regiao-ismael-colosi","tag-cancer","tag-charles","tag-diagnosticado","tag-iii","tag-rei"],"jetpack_publicize_connections":[],"jetpack_featured_media_url":"https:\/\/i0.wp.com\/noticiasribeiraopreto.com.br\/wp-content\/uploads\/2024\/02\/download-3.jpg?fit=1000%2C563&ssl=1","jetpack-related-posts":[{"id":35337,"url":"https:\/\/noticiasribeiraopreto.com.br\/index.php\/2024\/02\/05\/rei-charles-iii-e-diagnosticado-com-cancer-saiba-o-que-acontece-se-o-monarca-precisar-se-afastar\/","url_meta":{"origin":35316,"position":0},"title":"Rei Charles III \u00e9 diagnosticado com c\u00e2ncer; saiba o que acontece se o monarca precisar se afastar","author":"noticiasribeiraopreto.com.br","date":"5 de February de 2024","format":false,"excerpt":"Quase um ano e meio ap\u00f3s celebrar o novo rei, os brit\u00e2nicos voltam a ficar apreensivos com a sa\u00fade do monarca: o Pal\u00e1cio de Buckingham confirmou nesta segunda-feira (5) que Charles III est\u00e1 doente.\u00a0 Segundo as informa\u00e7\u00f5es oficiais, que trouxe poucos detalhes, o rei da Inglaterra foi diagnosticado com c\u00e2ncer\u2026","rel":"","context":"In &quot;Dinheiro e Investimento&quot;","block_context":{"text":"Dinheiro e Investimento","link":"https:\/\/noticiasribeiraopreto.com.br\/index.php\/category\/dinheiro-e-investimento-como-fazer-como-ganhar\/"},"img":{"alt_text":"","src":"https:\/\/i0.wp.com\/noticiasribeiraopreto.com.br\/wp-content\/uploads\/2024\/02\/Rei-Charles-III-715x402.jpg?fit=715%2C402&ssl=1&resize=350%2C200","width":350,"height":200,"srcset":"https:\/\/i0.wp.com\/noticiasribeiraopreto.com.br\/wp-content\/uploads\/2024\/02\/Rei-Charles-III-715x402.jpg?fit=715%2C402&ssl=1&resize=350%2C200 1x, https:\/\/i0.wp.com\/noticiasribeiraopreto.com.br\/wp-content\/uploads\/2024\/02\/Rei-Charles-III-715x402.jpg?fit=715%2C402&ssl=1&resize=525%2C300 1.5x, https:\/\/i0.wp.com\/noticiasribeiraopreto.com.br\/wp-content\/uploads\/2024\/02\/Rei-Charles-III-715x402.jpg?fit=715%2C402&ssl=1&resize=700%2C400 2x"},"classes":[]},{"id":43857,"url":"https:\/\/noticiasribeiraopreto.com.br\/index.php\/2024\/03\/23\/kate-middleton-esta-em-tratamento-contra-cancer\/","url_meta":{"origin":35316,"position":1},"title":"Kate Middleton est\u00e1 em tratamento contra c\u00e2ncer\u00a0","author":"noticiasribeiraopreto.com.br","date":"23 de March de 2024","format":false,"excerpt":"23 de mar\u00e7o de 2024 | 15:0023 de mar\u00e7o de 2024 | 11:02 0 Kate Middleton, de 42 anos, revelou nesta sexta-feira, 22 de mar\u00e7o, que est\u00e1 nos est\u00e1gios iniciais de um tratamento contra um c\u00e2ncer. Em uma declara\u00e7\u00e3o em v\u00eddeo, a princesa de Gales diz que foi um \u201cgrande\u2026","rel":"","context":"In &quot;Not\u00edcias de Ribeir\u00e3o Preto-SP e Regi\u00e3o&quot;","block_context":{"text":"Not\u00edcias de Ribeir\u00e3o Preto-SP e Regi\u00e3o","link":"https:\/\/noticiasribeiraopreto.com.br\/index.php\/category\/noticias-de-ribeirao-preto-sp-e-regiao-ismael-colosi\/"},"img":{"alt_text":"","src":"https:\/\/i0.wp.com\/noticiasribeiraopreto.com.br\/wp-content\/uploads\/2024\/03\/Kate-Jane-Barlow-Pool-via-Reuters.jpg?fit=1140%2C684&ssl=1&resize=350%2C200","width":350,"height":200,"srcset":"https:\/\/i0.wp.com\/noticiasribeiraopreto.com.br\/wp-content\/uploads\/2024\/03\/Kate-Jane-Barlow-Pool-via-Reuters.jpg?fit=1140%2C684&ssl=1&resize=350%2C200 1x, https:\/\/i0.wp.com\/noticiasribeiraopreto.com.br\/wp-content\/uploads\/2024\/03\/Kate-Jane-Barlow-Pool-via-Reuters.jpg?fit=1140%2C684&ssl=1&resize=525%2C300 1.5x, https:\/\/i0.wp.com\/noticiasribeiraopreto.com.br\/wp-content\/uploads\/2024\/03\/Kate-Jane-Barlow-Pool-via-Reuters.jpg?fit=1140%2C684&ssl=1&resize=700%2C400 2x, https:\/\/i0.wp.com\/noticiasribeiraopreto.com.br\/wp-content\/uploads\/2024\/03\/Kate-Jane-Barlow-Pool-via-Reuters.jpg?fit=1140%2C684&ssl=1&resize=1050%2C600 3x"},"classes":[]},{"id":64160,"url":"https:\/\/noticiasribeiraopreto.com.br\/index.php\/2025\/03\/03\/tony-bellotto-dos-titas-e-diagnosticado-com-cancer-no-pancreas-e-se-afasta-dos-palcos\/","url_meta":{"origin":35316,"position":2},"title":"Tony Bellotto, dos Tit\u00e3s, \u00e9 diagnosticado com c\u00e2ncer no p\u00e2ncreas e se afasta dos palcos","author":"noticiasribeiraopreto.com.br","date":"3 de March de 2025","format":false,"excerpt":"Em um v\u00eddeo publicado nesta segunda-feira (3), Tony Bellotto, guitarrista da banda Tit\u00e3s, compartilhou com seus f\u00e3s que foi diagnosticado com c\u00e2ncer no p\u00e2ncreas e ficar\u00e1 longe dos palcos por tempo indeterminado. \u201cDurante um exame de rotina, fui diagnosticado com um tumor no p\u00e2ncreas e precisarei passar por uma cirurgia\u201d,\u2026","rel":"","context":"In &quot;Not\u00edcias de Ribeir\u00e3o Preto-SP e Regi\u00e3o&quot;","block_context":{"text":"Not\u00edcias de Ribeir\u00e3o Preto-SP e Regi\u00e3o","link":"https:\/\/noticiasribeiraopreto.com.br\/index.php\/category\/noticias-de-ribeirao-preto-sp-e-regiao-ismael-colosi\/"},"img":{"alt_text":"","src":"https:\/\/i0.wp.com\/noticiasribeiraopreto.com.br\/wp-content\/uploads\/2025\/03\/tony-bellotto_widelg_2025-03-03_22-11-13_jpg_2025-03-03_22-11-13.webp.webp?fit=800%2C450&ssl=1&resize=350%2C200","width":350,"height":200,"srcset":"https:\/\/i0.wp.com\/noticiasribeiraopreto.com.br\/wp-content\/uploads\/2025\/03\/tony-bellotto_widelg_2025-03-03_22-11-13_jpg_2025-03-03_22-11-13.webp.webp?fit=800%2C450&ssl=1&resize=350%2C200 1x, https:\/\/i0.wp.com\/noticiasribeiraopreto.com.br\/wp-content\/uploads\/2025\/03\/tony-bellotto_widelg_2025-03-03_22-11-13_jpg_2025-03-03_22-11-13.webp.webp?fit=800%2C450&ssl=1&resize=525%2C300 1.5x, https:\/\/i0.wp.com\/noticiasribeiraopreto.com.br\/wp-content\/uploads\/2025\/03\/tony-bellotto_widelg_2025-03-03_22-11-13_jpg_2025-03-03_22-11-13.webp.webp?fit=800%2C450&ssl=1&resize=700%2C400 2x"},"classes":[]},{"id":65824,"url":"https:\/\/noticiasribeiraopreto.com.br\/index.php\/2025\/03\/24\/jornal-da-franca-estudo-identifica-dois-alimentos-que-aumentam-risco-de-cancer-do-estomago\/","url_meta":{"origin":35316,"position":3},"title":"Jornal da Franca &#8211; Estudo identifica dois alimentos que aumentam risco de c\u00e2ncer do est\u00f4mago","author":"noticiasribeiraopreto.com.br","date":"24 de March de 2025","format":false,"excerpt":"compartilhar no whatsapp compartilhar no telegram compartilhar no facebook compartilhar no linkedin De acordo com dados da Organiza\u00e7\u00e3o Mundial da Sa\u00fade (OMS), o c\u00e2ncer de est\u00f4mago est\u00e1 entre os tipos mais frequentemente diagnosticados globalmente \u00a0 C\u00e2ncer de est\u00f4mago \u00e9 um dos mais frequentes em todo o mundo \u2013 foto Shutterstock\u2026","rel":"","context":"In &quot;Not\u00edcias de Franca-SP&quot;","block_context":{"text":"Not\u00edcias de Franca-SP","link":"https:\/\/noticiasribeiraopreto.com.br\/index.php\/category\/noticias-de-ribeirao-preto-sp-e-regiao-ismael-colosi\/noticias-franca-sp\/"},"img":{"alt_text":"","src":"https:\/\/i0.wp.com\/noticiasribeiraopreto.com.br\/wp-content\/uploads\/2025\/03\/estomago-shutterstock-1.jpg?fit=960%2C540&ssl=1&resize=350%2C200","width":350,"height":200,"srcset":"https:\/\/i0.wp.com\/noticiasribeiraopreto.com.br\/wp-content\/uploads\/2025\/03\/estomago-shutterstock-1.jpg?fit=960%2C540&ssl=1&resize=350%2C200 1x, https:\/\/i0.wp.com\/noticiasribeiraopreto.com.br\/wp-content\/uploads\/2025\/03\/estomago-shutterstock-1.jpg?fit=960%2C540&ssl=1&resize=525%2C300 1.5x, https:\/\/i0.wp.com\/noticiasribeiraopreto.com.br\/wp-content\/uploads\/2025\/03\/estomago-shutterstock-1.jpg?fit=960%2C540&ssl=1&resize=700%2C400 2x"},"classes":[]},{"id":18911,"url":"https:\/\/noticiasribeiraopreto.com.br\/index.php\/2023\/12\/21\/5-sinais-nas-fezes-que-podem-indicar-cancer-de-pancreas\/","url_meta":{"origin":35316,"position":4},"title":"5 sinais nas fezes que podem indicar c\u00e2ncer de p\u00e2ncreas","author":"noticiasribeiraopreto.com.br","date":"21 de December de 2023","format":false,"excerpt":"Cr\u00e9ditos: iStock\/Rattankun ThongbunSinais de c\u00e2ncer de p\u00e2ncreas podem aparecer nas fezes O c\u00e2ncer de p\u00e2ncreas geralmente n\u00e3o causa sintomas nos est\u00e1gios iniciais, mas \u00e0 medida que o c\u00e2ncer cresce, os sintomas podem come\u00e7ar. Icter\u00edcia, perda de apetite, cansa\u00e7o e temperatura elevada s\u00e3o apenas alguns dos sintomas da doen\u00e7a. Mas tamb\u00e9m\u2026","rel":"","context":"In &quot;Variedades&quot;","block_context":{"text":"Variedades","link":"https:\/\/noticiasribeiraopreto.com.br\/index.php\/category\/variedades\/"},"img":{"alt_text":"","src":"https:\/\/i0.wp.com\/noticiasribeiraopreto.com.br\/wp-content\/uploads\/2023\/12\/istock-1473476794-scaled-e1689172367691.jpg?fit=1200%2C638&ssl=1&resize=350%2C200","width":350,"height":200,"srcset":"https:\/\/i0.wp.com\/noticiasribeiraopreto.com.br\/wp-content\/uploads\/2023\/12\/istock-1473476794-scaled-e1689172367691.jpg?fit=1200%2C638&ssl=1&resize=350%2C200 1x, https:\/\/i0.wp.com\/noticiasribeiraopreto.com.br\/wp-content\/uploads\/2023\/12\/istock-1473476794-scaled-e1689172367691.jpg?fit=1200%2C638&ssl=1&resize=525%2C300 1.5x, https:\/\/i0.wp.com\/noticiasribeiraopreto.com.br\/wp-content\/uploads\/2023\/12\/istock-1473476794-scaled-e1689172367691.jpg?fit=1200%2C638&ssl=1&resize=700%2C400 2x, https:\/\/i0.wp.com\/noticiasribeiraopreto.com.br\/wp-content\/uploads\/2023\/12\/istock-1473476794-scaled-e1689172367691.jpg?fit=1200%2C638&ssl=1&resize=1050%2C600 3x"},"classes":[]},{"id":6751,"url":"https:\/\/noticiasribeiraopreto.com.br\/index.php\/2023\/11\/26\/5-sinais-que-nao-devem-ser-ignorados\/","url_meta":{"origin":35316,"position":5},"title":"5 sinais que n\u00e3o devem ser ignorados","author":"noticiasribeiraopreto.com.br","date":"26 de November de 2023","format":false,"excerpt":"Cr\u00e9ditos: Getty Images\/iStockphotoEstudos t\u00eam mostrado que incluir mais alimentos ricos em fibras e verduras saud\u00e1veis na dieta, bem como fazer atividade f\u00edsica regular pode minimizar o risco de c\u00e2ncer \u2013 iStock\/Getty Images Mais de 45 mil casos de c\u00e2ncer de intestino foram diagnosticados em 2022, conforme dados do Instituto Nacional\u2026","rel":"","context":"In &quot;Variedades&quot;","block_context":{"text":"Variedades","link":"https:\/\/noticiasribeiraopreto.com.br\/index.php\/category\/variedades\/"},"img":{"alt_text":"","src":"https:\/\/i0.wp.com\/noticiasribeiraopreto.com.br\/wp-content\/uploads\/2023\/11\/istock-1088402038.jpg?fit=1200%2C638&ssl=1&resize=350%2C200","width":350,"height":200,"srcset":"https:\/\/i0.wp.com\/noticiasribeiraopreto.com.br\/wp-content\/uploads\/2023\/11\/istock-1088402038.jpg?fit=1200%2C638&ssl=1&resize=350%2C200 1x, https:\/\/i0.wp.com\/noticiasribeiraopreto.com.br\/wp-content\/uploads\/2023\/11\/istock-1088402038.jpg?fit=1200%2C638&ssl=1&resize=525%2C300 1.5x, https:\/\/i0.wp.com\/noticiasribeiraopreto.com.br\/wp-content\/uploads\/2023\/11\/istock-1088402038.jpg?fit=1200%2C638&ssl=1&resize=700%2C400 2x, https:\/\/i0.wp.com\/noticiasribeiraopreto.com.br\/wp-content\/uploads\/2023\/11\/istock-1088402038.jpg?fit=1200%2C638&ssl=1&resize=1050%2C600 3x"},"classes":[]}],"jetpack_sharing_enabled":true,"jetpack_shortlink":"https:\/\/wp.me\/peQAOb-9bC","_links":{"self":[{"href":"https:\/\/noticiasribeiraopreto.com.br\/index.php\/wp-json\/wp\/v2\/posts\/35316","targetHints":{"allow":["GET"]}}],"collection":[{"href":"https:\/\/noticiasribeiraopreto.com.br\/index.php\/wp-json\/wp\/v2\/posts"}],"about":[{"href":"https:\/\/noticiasribeiraopreto.com.br\/index.php\/wp-json\/wp\/v2\/types\/post"}],"author":[{"embeddable":true,"href":"https:\/\/noticiasribeiraopreto.com.br\/index.php\/wp-json\/wp\/v2\/users\/1"}],"replies":[{"embeddable":true,"href":"https:\/\/noticiasribeiraopreto.com.br\/index.php\/wp-json\/wp\/v2\/comments?post=35316"}],"version-history":[{"count":0,"href":"https:\/\/noticiasribeiraopreto.com.br\/index.php\/wp-json\/wp\/v2\/posts\/35316\/revisions"}],"wp:featuredmedia":[{"embeddable":true,"href":"https:\/\/noticiasribeiraopreto.com.br\/index.php\/wp-json\/wp\/v2\/media\/35317"}],"wp:attachment":[{"href":"https:\/\/noticiasribeiraopreto.com.br\/index.php\/wp-json\/wp\/v2\/media?parent=35316"}],"wp:term":[{"taxonomy":"category","embeddable":true,"href":"https:\/\/noticiasribeiraopreto.com.br\/index.php\/wp-json\/wp\/v2\/categories?post=35316"},{"taxonomy":"post_tag","embeddable":true,"href":"https:\/\/noticiasribeiraopreto.com.br\/index.php\/wp-json\/wp\/v2\/tags?post=35316"}],"curies":[{"name":"wp","href":"https:\/\/api.w.org\/{rel}","templated":true}]}}