{"id":35321,"date":"2024-02-05T22:22:57","date_gmt":"2024-02-06T01:22:57","guid":{"rendered":"https:\/\/noticiasribeiraopreto.com.br\/index.php\/2024\/02\/05\/e-uma-atitude-do-crime-organizado-diz-delegado-sobre-morte-de-publicitaria-em-ribeirao\/"},"modified":"2024-02-05T22:22:57","modified_gmt":"2024-02-06T01:22:57","slug":"e-uma-atitude-do-crime-organizado-diz-delegado-sobre-morte-de-publicitaria-em-ribeirao","status":"publish","type":"post","link":"https:\/\/noticiasribeiraopreto.com.br\/index.php\/2024\/02\/05\/e-uma-atitude-do-crime-organizado-diz-delegado-sobre-morte-de-publicitaria-em-ribeirao\/","title":{"rendered":"&#8216;\u00c9 uma atitude do crime organizado&#8217;, diz delegado sobre morte de publicit\u00e1ria em Ribeir\u00e3o"},"content":{"rendered":"<div class='code-block code-block-1' style='margin: 8px 0 8px auto; text-align: right; display: block; clear: both;'>\n<p><a href=\"https:\/\/wa.link\/vpicfd\"><img data-recalc-dims=\"1\" class=\"wp-image-4922\" style=\"aspect-ratio: 2.0253164556962027; width: 561px; height: auto;\" src=\"https:\/\/i0.wp.com\/ismaelcolosi.com.br\/wp-content\/uploads\/2023\/11\/grupo-de-empregos-whatsapp-e-facebook-ismael-colosi-vagas.jpg?ssl=1\" alt=\"\" \/><\/a><\/p>\n<!-- \/wp:image -->\n<\/div>\n<p> <br \/>\n<\/p>\n<div>\n<p>O delegado Rodolfo Latif Sebba, respons\u00e1vel por investigar a morte da publicit\u00e1ria Dayane Isabel Roncari, de 33 anos,<strong> j\u00e1 descartou qualquer possibilidade do crime se tratar de um feminic\u00eddio.<\/strong><\/p>\n<p>A v\u00edtima foi morta <strong>em frente a uma casa<\/strong> no Jardim Maria Goretti, na zona Oeste de <strong>Ribeir\u00e3o Preto<\/strong>, na noite do \u00faltimo domingo (4), depois de sofrer<strong> 30 disparos de dois homens que desceram de um carro preto e que estavam encapuzados<\/strong>.<\/p>\n<p>\u00a0\u201cO que a gente tem neste primeiro momento, \u00e9 que a gente consegue descartar qualquer possibilidade de feminic\u00eddio, entre outras coisas. N\u00f3s temos de fato, concreto, a execu\u00e7\u00e3o de uma pessoa\u201d, disse o delegado em entrevista a <em>EPTV<\/em>.<\/p>\n<p>A publicit\u00e1ria estava sentada em uma mureta, junto de um amigo, quando os assassinos chegaram. De acordo com o boletim de ocorr\u00eancia (BO), <strong>Dayane estaria sendo jurada de morte<\/strong>.<\/p>\n<blockquote class=\"wp-block-quote\">\n<p class=\"has-text-align-left\">\u201cN\u00f3s temos ali comprovado pelos modus operandi, que \u00e9 uma atitude do crime organizado, ent\u00e3o nosso objetivo agora \u00e9 tentar identificar essas pessoas\u201d.<\/p>\n<\/blockquote>\n<p><mark style=\"background-color:#fcb900\" class=\"has-inline-color\">Agora, imagens de uma <strong>c\u00e2mera de seguran\u00e7a<\/strong> do local podem ajudar a pol\u00edcia a obter mais informa\u00e7\u00f5es sobre os respons\u00e1veis por efetuar os disparos.<\/mark><\/p>\n<p><strong>Outros crimes<\/strong><\/p>\n<p>Ainda de acordo com o delegado, Dayane <strong>era uma pessoa conhecida no meio policial<\/strong>, pois j\u00e1 havia sido acusada de atropelar o ex-namorado e uma jovem que estava com ele em uma moto, em uma avenida de <strong>Ribeir\u00e3o Preto<\/strong>.<\/p>\n<p>Ela foi condenada a 7 anos, nove meses e 10 dia de reclus\u00e3o em regime semiaberto, pelo crime de<strong> les\u00e3o corporal <\/strong>contra a jovem Ester Lisboa Ribeiro Santos, que morreu na ocasi\u00e3o, e Wendell Souza de Almeida, ex-namorado da mulher.<\/p>\n<p>Em 2021, o ex-namorado da publicit\u00e1ria <strong>tamb\u00e9m foi assassinado no Parque das Figueiras, em Ribeir\u00e3o Preto.<\/strong> Na ocasi\u00e3o, ele estava na cal\u00e7ada, quando foi executado. Por\u00e9m, <strong>ainda n\u00e3o se sabe se existe rela\u00e7\u00e3o entre os crimes<\/strong>.<\/p>\n<p>\u201cA execu\u00e7\u00e3o do Wendel foi plenamente esclarecida. A execu\u00e7\u00e3o com rela\u00e7\u00e3o \u00e0s pessoas que realizaram os disparos. As outras circunst\u00e2ncias a agente ainda trabalha com elas\u201d, contou Rodolfo Latif Sebba.<\/p>\n<p><em>Com informa\u00e7\u00f5es da EPTV<\/em><\/p>\n<p>SAIBA MAIS<\/p>\n<p>\u00c1rea Azul voltar\u00e1 a funcionar na avenida Saudade em Ribeir\u00e3o; Veja quando<\/p>\n<h4 class=\"wp-block-heading\"><strong><mark style=\"background-color:#fcb900\" class=\"has-inline-color\">FIQUE ON<\/mark><\/strong><\/h4>\n<p>Fique ligado em tudo que acontece em Ribeir\u00e3o Preto e regi\u00e3o. Siga os perfis do\u00a0<strong>acidade on\u00a0<\/strong>no\u00a0<a href=\"https:\/\/www.instagram.com\/acidadeonribeirao\" target=\"_blank\" rel=\"noreferrer noopener\">Instagram<\/a>\u00a0e no\u00a0<a href=\"https:\/\/www.facebook.com\/acidadeonribeirao\" target=\"_blank\" rel=\"noreferrer noopener\">Facebook<\/a>.<\/p>\n<p>Receba not\u00edcias do\u00a0<strong>acidade on<\/strong>\u00a0no WhatsApp.\u00a0<a href=\"https:\/\/chat.whatsapp.com\/Bnv2w66ZT4VDyZW3oiZ69n\" target=\"_blank\" rel=\"noreferrer noopener\">Para entrar no grupo, basta clicar aqui.<\/a><\/p>\n<p>Fa\u00e7a uma den\u00fancia ou sugira uma reportagem sobre Ribeir\u00e3o Preto e regi\u00e3o pelo WhatsApp: 16 99117 7802.<\/p>\n<p>VEJA TAMB\u00c9M<\/p>\n<p>Como est\u00e1 Vanessa Lopes?<\/p>\n<p><!-- AI CONTENT END 1 -->\n<\/div>\n<p><script async src=\"\/\/www.instagram.com\/embed.js\"><\/script><br \/>\n<br \/><br \/>\n<br \/><a href=\"https:\/\/www.acidadeon.com\/ribeiraopreto\/cotidiano\/e-uma-atitude-do-crime-organizado-diz-delegado-sobre-morte-de-publicitaria-em-ribeirao\/\">Source link <\/a><\/p>\n<!-- CONTENT END 1 -->\n","protected":false},"excerpt":{"rendered":"<p>O delegado Rodolfo Latif Sebba, respons\u00e1vel por investigar a morte da publicit\u00e1ria Dayane Isabel Roncari, de 33 anos, j\u00e1 descartou qualquer possibilidade do crime se&#8230;<\/p>\n","protected":false},"author":1,"featured_media":35322,"comment_status":"open","ping_status":"open","sticky":false,"template":"","format":"standard","meta":{"advanced_seo_description":"","jetpack_seo_html_title":"","jetpack_seo_noindex":false,"jetpack_post_was_ever_published":false,"_jetpack_newsletter_access":"","_jetpack_dont_email_post_to_subs":false,"_jetpack_newsletter_tier_id":0,"_jetpack_memberships_contains_paywalled_content":false,"_jetpack_memberships_contains_paid_content":false,"footnotes":"","jetpack_publicize_message":"","jetpack_publicize_feature_enabled":true,"jetpack_social_post_already_shared":true,"jetpack_social_options":{"image_generator_settings":{"template":"highway","default_image_id":0,"font":"","enabled":false},"version":2}},"categories":[11],"tags":[],"class_list":["post-35321","post","type-post","status-publish","format-standard","has-post-thumbnail","hentry","category-noticias-de-ribeirao-preto-sp-e-regiao-ismael-colosi"],"jetpack_publicize_connections":[],"jetpack_featured_media_url":"https:\/\/i0.wp.com\/noticiasribeiraopreto.com.br\/wp-content\/uploads\/2024\/02\/1707182577_dayane.jpeg?fit=1280%2C719&ssl=1","jetpack-related-posts":[{"id":35782,"url":"https:\/\/noticiasribeiraopreto.com.br\/index.php\/2024\/02\/07\/o-que-falta-esclarecer-no-caso-da-publicitaria-executada-em-ribeirao-preto\/","url_meta":{"origin":35321,"position":0},"title":"O que falta esclarecer no caso da publicit\u00e1ria executada em Ribeir\u00e3o Preto","author":"noticiasribeiraopreto.com.br","date":"7 de February de 2024","format":false,"excerpt":"No \u00faltimo domingo (4), a publicit\u00e1ria Dayane Isabel Roncari, de 33 anos, foi executada com 30 disparos em frente a uma casa no Jardim Maria Goretti, na zona Oeste de Ribeir\u00e3o Preto. De acordo com o delegado Rodolfo Latif Sebba, ainda n\u00e3o h\u00e1 suspeitos de envolvimento no crime e o\u2026","rel":"","context":"In &quot;Not\u00edcias de Ribeir\u00e3o Preto-SP e Regi\u00e3o&quot;","block_context":{"text":"Not\u00edcias de Ribeir\u00e3o Preto-SP e Regi\u00e3o","link":"https:\/\/noticiasribeiraopreto.com.br\/index.php\/category\/noticias-de-ribeirao-preto-sp-e-regiao-ismael-colosi\/"},"img":{"alt_text":"","src":"https:\/\/i0.wp.com\/noticiasribeiraopreto.com.br\/wp-content\/uploads\/2024\/02\/publicitaria-ribeirao-preto.jpeg?fit=1200%2C674&ssl=1&resize=350%2C200","width":350,"height":200,"srcset":"https:\/\/i0.wp.com\/noticiasribeiraopreto.com.br\/wp-content\/uploads\/2024\/02\/publicitaria-ribeirao-preto.jpeg?fit=1200%2C674&ssl=1&resize=350%2C200 1x, https:\/\/i0.wp.com\/noticiasribeiraopreto.com.br\/wp-content\/uploads\/2024\/02\/publicitaria-ribeirao-preto.jpeg?fit=1200%2C674&ssl=1&resize=525%2C300 1.5x, https:\/\/i0.wp.com\/noticiasribeiraopreto.com.br\/wp-content\/uploads\/2024\/02\/publicitaria-ribeirao-preto.jpeg?fit=1200%2C674&ssl=1&resize=700%2C400 2x, https:\/\/i0.wp.com\/noticiasribeiraopreto.com.br\/wp-content\/uploads\/2024\/02\/publicitaria-ribeirao-preto.jpeg?fit=1200%2C674&ssl=1&resize=1050%2C600 3x"},"classes":[]},{"id":35157,"url":"https:\/\/noticiasribeiraopreto.com.br\/index.php\/2024\/02\/05\/o-que-se-sabe-sobre-a-execucao-da-publicitaria-em-ribeirao-preto\/","url_meta":{"origin":35321,"position":1},"title":"O que se sabe sobre a execu\u00e7\u00e3o da publicit\u00e1ria em Ribeir\u00e3o Preto","author":"noticiasribeiraopreto.com.br","date":"5 de February de 2024","format":false,"excerpt":"A publicit\u00e1ria Dayane Isabel Roncari, de 33 anos, executada em frente a uma casa no Jardim Maria Goretti, na zona Oeste de Ribeir\u00e3o Preto, na noite do \u00faltimo domingo (3), estaria sendo jurada de morte, de acordo com o B.O. (boletim de ocorr\u00eancia). A v\u00edtima foi morta depois de sofrer\u2026","rel":"","context":"In &quot;Not\u00edcias de Ribeir\u00e3o Preto-SP e Regi\u00e3o&quot;","block_context":{"text":"Not\u00edcias de Ribeir\u00e3o Preto-SP e Regi\u00e3o","link":"https:\/\/noticiasribeiraopreto.com.br\/index.php\/category\/noticias-de-ribeirao-preto-sp-e-regiao-ismael-colosi\/"},"img":{"alt_text":"","src":"https:\/\/i0.wp.com\/noticiasribeiraopreto.com.br\/wp-content\/uploads\/2024\/02\/dayane.jpeg?fit=1200%2C674&ssl=1&resize=350%2C200","width":350,"height":200,"srcset":"https:\/\/i0.wp.com\/noticiasribeiraopreto.com.br\/wp-content\/uploads\/2024\/02\/dayane.jpeg?fit=1200%2C674&ssl=1&resize=350%2C200 1x, https:\/\/i0.wp.com\/noticiasribeiraopreto.com.br\/wp-content\/uploads\/2024\/02\/dayane.jpeg?fit=1200%2C674&ssl=1&resize=525%2C300 1.5x, https:\/\/i0.wp.com\/noticiasribeiraopreto.com.br\/wp-content\/uploads\/2024\/02\/dayane.jpeg?fit=1200%2C674&ssl=1&resize=700%2C400 2x, https:\/\/i0.wp.com\/noticiasribeiraopreto.com.br\/wp-content\/uploads\/2024\/02\/dayane.jpeg?fit=1200%2C674&ssl=1&resize=1050%2C600 3x"},"classes":[]},{"id":75169,"url":"https:\/\/noticiasribeiraopreto.com.br\/index.php\/2025\/08\/04\/o-que-se-sabe-sobre-a-morte-de-jovem-em-ribeirao-preto-apos-encontro-por-aplicativo\/","url_meta":{"origin":35321,"position":2},"title":"O que se sabe sobre a morte de jovem em Ribeir\u00e3o Preto ap\u00f3s encontro por aplicativo","author":"noticiasribeiraopreto.com.br","date":"4 de August de 2025","format":false,"excerpt":"Karina Cristina Queiroz, de 22 anos, foi encontrada morta dentro de casa no bairro Cristo Redentor, em Ribeir\u00e3o Preto, ap\u00f3s marcar um encontro por aplicativo de relacionamento. A fam\u00edlia acredita que a jovem conhecia o assassino. Karina sempre avisava a fam\u00edlia sobre onde estava e com quem, para evitar qualquer\u2026","rel":"","context":"In &quot;Not\u00edcias de Ribeir\u00e3o Preto-SP e Regi\u00e3o&quot;","block_context":{"text":"Not\u00edcias de Ribeir\u00e3o Preto-SP e Regi\u00e3o","link":"https:\/\/noticiasribeiraopreto.com.br\/index.php\/category\/noticias-de-ribeirao-preto-sp-e-regiao-ismael-colosi\/"},"img":{"alt_text":"","src":"https:\/\/i0.wp.com\/noticiasribeiraopreto.com.br\/wp-content\/uploads\/2025\/08\/Copia-de-Copia-de-Copia-de-TAMANHO-EXATO-PARA-FOTOS-NO-SISTEMA-NOVO-2025-08-04T202750.309_2025-08-04_23-28-02.webp.webp?fit=1200%2C675&ssl=1&resize=350%2C200","width":350,"height":200,"srcset":"https:\/\/i0.wp.com\/noticiasribeiraopreto.com.br\/wp-content\/uploads\/2025\/08\/Copia-de-Copia-de-Copia-de-TAMANHO-EXATO-PARA-FOTOS-NO-SISTEMA-NOVO-2025-08-04T202750.309_2025-08-04_23-28-02.webp.webp?fit=1200%2C675&ssl=1&resize=350%2C200 1x, https:\/\/i0.wp.com\/noticiasribeiraopreto.com.br\/wp-content\/uploads\/2025\/08\/Copia-de-Copia-de-Copia-de-TAMANHO-EXATO-PARA-FOTOS-NO-SISTEMA-NOVO-2025-08-04T202750.309_2025-08-04_23-28-02.webp.webp?fit=1200%2C675&ssl=1&resize=525%2C300 1.5x, https:\/\/i0.wp.com\/noticiasribeiraopreto.com.br\/wp-content\/uploads\/2025\/08\/Copia-de-Copia-de-Copia-de-TAMANHO-EXATO-PARA-FOTOS-NO-SISTEMA-NOVO-2025-08-04T202750.309_2025-08-04_23-28-02.webp.webp?fit=1200%2C675&ssl=1&resize=700%2C400 2x, https:\/\/i0.wp.com\/noticiasribeiraopreto.com.br\/wp-content\/uploads\/2025\/08\/Copia-de-Copia-de-Copia-de-TAMANHO-EXATO-PARA-FOTOS-NO-SISTEMA-NOVO-2025-08-04T202750.309_2025-08-04_23-28-02.webp.webp?fit=1200%2C675&ssl=1&resize=1050%2C600 3x"},"classes":[]},{"id":60438,"url":"https:\/\/noticiasribeiraopreto.com.br\/index.php\/2024\/11\/13\/decretada-a-prisao-de-suspeito-de-matar-jovem-apos-briga-de-transito-em-ribeirao\/","url_meta":{"origin":35321,"position":3},"title":"Decretada a pris\u00e3o de suspeito de matar jovem ap\u00f3s briga de tr\u00e2nsito em Ribeir\u00e3o","author":"noticiasribeiraopreto.com.br","date":"13 de November de 2024","format":false,"excerpt":"Nesta quarta-feira (13), a Justi\u00e7a decretou a pris\u00e3o preventiva de\u00a0David Alessandro da Silva pela morte de um jovem de 20 anos durante uma briga de tr\u00e2nsito em Ribeir\u00e3o Preto. De acordo com o delegado Rodolfo Latif Sebba,\u00a0n\u00e3o restam d\u00favidas de que o acusado agiu sozinho no crime. David foi reconhecido\u2026","rel":"","context":"In &quot;Not\u00edcias de Ribeir\u00e3o Preto-SP e Regi\u00e3o&quot;","block_context":{"text":"Not\u00edcias de Ribeir\u00e3o Preto-SP e Regi\u00e3o","link":"https:\/\/noticiasribeiraopreto.com.br\/index.php\/category\/noticias-de-ribeirao-preto-sp-e-regiao-ismael-colosi\/"},"img":{"alt_text":"","src":"https:\/\/i0.wp.com\/noticiasribeiraopreto.com.br\/wp-content\/uploads\/2024\/11\/Copia-de-Copia-de-Copia-de-TAMANHO-EXATO-PARA-FOTOS-NO-SISTEMA-NOVO-87_2024-11-12_20-01-47_png_2024-11-12_20-01-47.webp.webp?fit=1200%2C675&ssl=1&resize=350%2C200","width":350,"height":200,"srcset":"https:\/\/i0.wp.com\/noticiasribeiraopreto.com.br\/wp-content\/uploads\/2024\/11\/Copia-de-Copia-de-Copia-de-TAMANHO-EXATO-PARA-FOTOS-NO-SISTEMA-NOVO-87_2024-11-12_20-01-47_png_2024-11-12_20-01-47.webp.webp?fit=1200%2C675&ssl=1&resize=350%2C200 1x, https:\/\/i0.wp.com\/noticiasribeiraopreto.com.br\/wp-content\/uploads\/2024\/11\/Copia-de-Copia-de-Copia-de-TAMANHO-EXATO-PARA-FOTOS-NO-SISTEMA-NOVO-87_2024-11-12_20-01-47_png_2024-11-12_20-01-47.webp.webp?fit=1200%2C675&ssl=1&resize=525%2C300 1.5x, https:\/\/i0.wp.com\/noticiasribeiraopreto.com.br\/wp-content\/uploads\/2024\/11\/Copia-de-Copia-de-Copia-de-TAMANHO-EXATO-PARA-FOTOS-NO-SISTEMA-NOVO-87_2024-11-12_20-01-47_png_2024-11-12_20-01-47.webp.webp?fit=1200%2C675&ssl=1&resize=700%2C400 2x, https:\/\/i0.wp.com\/noticiasribeiraopreto.com.br\/wp-content\/uploads\/2024\/11\/Copia-de-Copia-de-Copia-de-TAMANHO-EXATO-PARA-FOTOS-NO-SISTEMA-NOVO-87_2024-11-12_20-01-47_png_2024-11-12_20-01-47.webp.webp?fit=1200%2C675&ssl=1&resize=1050%2C600 3x"},"classes":[]},{"id":73224,"url":"https:\/\/noticiasribeiraopreto.com.br\/index.php\/2025\/06\/27\/policia-indicia-elizabete-e-garnica-pela-morte-de-larissa\/","url_meta":{"origin":35321,"position":4},"title":"Pol\u00edcia indicia Elizabete e Garnica pela morte de Larissa","author":"noticiasribeiraopreto.com.br","date":"27 de June de 2025","format":false,"excerpt":"Por: Adalberto Luque Em entrevista coletiva, na manh\u00e3 desta sexta-feira (27), o delegado Fernando Bravo, respons\u00e1vel pela investiga\u00e7\u00e3o das mortes por envenenamento de Larissa Talle Le\u00f4ncio e Nathalia Garnica, e o diretor da Divis\u00e3o Especializada de Investiga\u00e7\u00f5es Criminais (DEIC), Jos\u00e9 Carvalho de Ara\u00fajo, informaram que o inqu\u00e9rito que Elizabete Eug\u00eanio\u2026","rel":"","context":"In &quot;Not\u00edcias de Ribeir\u00e3o Preto-SP e Regi\u00e3o&quot;","block_context":{"text":"Not\u00edcias de Ribeir\u00e3o Preto-SP e Regi\u00e3o","link":"https:\/\/noticiasribeiraopreto.com.br\/index.php\/category\/noticias-de-ribeirao-preto-sp-e-regiao-ismael-colosi\/"},"img":{"alt_text":"","src":"https:\/\/i0.wp.com\/noticiasribeiraopreto.com.br\/wp-content\/uploads\/2025\/06\/1751041156_garnica_elisabete.jpg?fit=720%2C656&ssl=1&resize=350%2C200","width":350,"height":200,"srcset":"https:\/\/i0.wp.com\/noticiasribeiraopreto.com.br\/wp-content\/uploads\/2025\/06\/1751041156_garnica_elisabete.jpg?fit=720%2C656&ssl=1&resize=350%2C200 1x, https:\/\/i0.wp.com\/noticiasribeiraopreto.com.br\/wp-content\/uploads\/2025\/06\/1751041156_garnica_elisabete.jpg?fit=720%2C656&ssl=1&resize=525%2C300 1.5x, https:\/\/i0.wp.com\/noticiasribeiraopreto.com.br\/wp-content\/uploads\/2025\/06\/1751041156_garnica_elisabete.jpg?fit=720%2C656&ssl=1&resize=700%2C400 2x"},"classes":[]},{"id":79344,"url":"https:\/\/noticiasribeiraopreto.com.br\/index.php\/2025\/10\/29\/mp-denuncia-elizabete-arrabaca-por-feminicidio-contra-a-propria-filha-na-regiao-de-ribeirao-preto\/","url_meta":{"origin":35321,"position":5},"title":"MP denuncia Elizabete Arraba\u00e7a por feminic\u00eddio contra a pr\u00f3pria filha na regi\u00e3o de Ribeir\u00e3o Preto","author":"noticiasribeiraopreto.com.br","date":"29 de October de 2025","format":false,"excerpt":"O Minist\u00e9rio P\u00fablico de S\u00e3o Paulo denunciou Elizabete Arraba\u00e7a por matar a pr\u00f3pria filha, Nath\u00e1lia Garnica, com veneno conhecido como chumbinho. O crime ocorreu em 9 de fevereiro de 2025, em uma casa no Residencial S\u00e3o Benedito, em Pontal, na regi\u00e3o de Ribeir\u00e3o Preto. Segundo a den\u00fancia, Elizabete agiu com\u2026","rel":"","context":"In &quot;Not\u00edcias de Ribeir\u00e3o Preto-SP e Regi\u00e3o&quot;","block_context":{"text":"Not\u00edcias de Ribeir\u00e3o Preto-SP e Regi\u00e3o","link":"https:\/\/noticiasribeiraopreto.com.br\/index.php\/category\/noticias-de-ribeirao-preto-sp-e-regiao-ismael-colosi\/"},"img":{"alt_text":"","src":"https:\/\/i0.wp.com\/noticiasribeiraopreto.com.br\/wp-content\/uploads\/2025\/06\/Copia-de-Copia-de-Copia-de-TAMANHO-EXATO-PARA-FOTOS-NO-SISTEMA-NOVO-2025-06-28T184923.591_2025-06-28_21-49-29.webp.webp?fit=1200%2C675&ssl=1&resize=350%2C200","width":350,"height":200,"srcset":"https:\/\/i0.wp.com\/noticiasribeiraopreto.com.br\/wp-content\/uploads\/2025\/06\/Copia-de-Copia-de-Copia-de-TAMANHO-EXATO-PARA-FOTOS-NO-SISTEMA-NOVO-2025-06-28T184923.591_2025-06-28_21-49-29.webp.webp?fit=1200%2C675&ssl=1&resize=350%2C200 1x, https:\/\/i0.wp.com\/noticiasribeiraopreto.com.br\/wp-content\/uploads\/2025\/06\/Copia-de-Copia-de-Copia-de-TAMANHO-EXATO-PARA-FOTOS-NO-SISTEMA-NOVO-2025-06-28T184923.591_2025-06-28_21-49-29.webp.webp?fit=1200%2C675&ssl=1&resize=525%2C300 1.5x, https:\/\/i0.wp.com\/noticiasribeiraopreto.com.br\/wp-content\/uploads\/2025\/06\/Copia-de-Copia-de-Copia-de-TAMANHO-EXATO-PARA-FOTOS-NO-SISTEMA-NOVO-2025-06-28T184923.591_2025-06-28_21-49-29.webp.webp?fit=1200%2C675&ssl=1&resize=700%2C400 2x, https:\/\/i0.wp.com\/noticiasribeiraopreto.com.br\/wp-content\/uploads\/2025\/06\/Copia-de-Copia-de-Copia-de-TAMANHO-EXATO-PARA-FOTOS-NO-SISTEMA-NOVO-2025-06-28T184923.591_2025-06-28_21-49-29.webp.webp?fit=1200%2C675&ssl=1&resize=1050%2C600 3x"},"classes":[]}],"jetpack_sharing_enabled":true,"jetpack_shortlink":"https:\/\/wp.me\/peQAOb-9bH","_links":{"self":[{"href":"https:\/\/noticiasribeiraopreto.com.br\/index.php\/wp-json\/wp\/v2\/posts\/35321","targetHints":{"allow":["GET"]}}],"collection":[{"href":"https:\/\/noticiasribeiraopreto.com.br\/index.php\/wp-json\/wp\/v2\/posts"}],"about":[{"href":"https:\/\/noticiasribeiraopreto.com.br\/index.php\/wp-json\/wp\/v2\/types\/post"}],"author":[{"embeddable":true,"href":"https:\/\/noticiasribeiraopreto.com.br\/index.php\/wp-json\/wp\/v2\/users\/1"}],"replies":[{"embeddable":true,"href":"https:\/\/noticiasribeiraopreto.com.br\/index.php\/wp-json\/wp\/v2\/comments?post=35321"}],"version-history":[{"count":0,"href":"https:\/\/noticiasribeiraopreto.com.br\/index.php\/wp-json\/wp\/v2\/posts\/35321\/revisions"}],"wp:featuredmedia":[{"embeddable":true,"href":"https:\/\/noticiasribeiraopreto.com.br\/index.php\/wp-json\/wp\/v2\/media\/35322"}],"wp:attachment":[{"href":"https:\/\/noticiasribeiraopreto.com.br\/index.php\/wp-json\/wp\/v2\/media?parent=35321"}],"wp:term":[{"taxonomy":"category","embeddable":true,"href":"https:\/\/noticiasribeiraopreto.com.br\/index.php\/wp-json\/wp\/v2\/categories?post=35321"},{"taxonomy":"post_tag","embeddable":true,"href":"https:\/\/noticiasribeiraopreto.com.br\/index.php\/wp-json\/wp\/v2\/tags?post=35321"}],"curies":[{"name":"wp","href":"https:\/\/api.w.org\/{rel}","templated":true}]}}