{"id":35325,"date":"2024-02-05T22:28:54","date_gmt":"2024-02-06T01:28:54","guid":{"rendered":"https:\/\/noticiasribeiraopreto.com.br\/index.php\/2024\/02\/05\/cofres-fechados-para-a-gol-goll4-socorro-a-aereas-nao-tera-dinheiro-do-tesouro-diz-haddad\/"},"modified":"2024-02-05T22:28:54","modified_gmt":"2024-02-06T01:28:54","slug":"cofres-fechados-para-a-gol-goll4-socorro-a-aereas-nao-tera-dinheiro-do-tesouro-diz-haddad","status":"publish","type":"post","link":"https:\/\/noticiasribeiraopreto.com.br\/index.php\/2024\/02\/05\/cofres-fechados-para-a-gol-goll4-socorro-a-aereas-nao-tera-dinheiro-do-tesouro-diz-haddad\/","title":{"rendered":"Cofres fechados para a Gol (GOLL4)? Socorro a a\u00e9reas n\u00e3o ter\u00e1 dinheiro do Tesouro, diz Haddad"},"content":{"rendered":"<div class='code-block code-block-1' style='margin: 8px 0 8px auto; text-align: right; display: block; clear: both;'>\n<p><a href=\"https:\/\/wa.link\/vpicfd\"><img data-recalc-dims=\"1\" class=\"wp-image-4922\" style=\"aspect-ratio: 2.0253164556962027; width: 561px; height: auto;\" src=\"https:\/\/i0.wp.com\/ismaelcolosi.com.br\/wp-content\/uploads\/2023\/11\/grupo-de-empregos-whatsapp-e-facebook-ismael-colosi-vagas.jpg?ssl=1\" alt=\"\" \/><\/a><\/p>\n<!-- \/wp:image -->\n<\/div>\n<p> <br \/>\n<\/p>\n<div id=\"js-first-letter\">\n<p>O ministro da Fazenda, <strong>Fernando Haddad<\/strong>, afirmou nesta segunda-feira (5) que um eventual fundo para ajudar a financiar <strong>empresas a\u00e9reas<\/strong> em dificuldades n\u00e3o contar\u00e1 com dinheiro do <strong>Tesouro Nacional<\/strong>. A declara\u00e7\u00e3o foi ap\u00f3s\u00a0encontro com economistas na sede do Instituto Brasileiro de Economia (IBRE) da Funda\u00e7\u00e3o Getulio Vargas, no Rio de Janeiro.<img data-recalc-dims=\"1\" decoding=\"async\" src=\"https:\/\/i0.wp.com\/agenciabrasil.ebc.com.br\/ebc.png?ssl=1\"\/><img data-recalc-dims=\"1\" decoding=\"async\" src=\"https:\/\/i0.wp.com\/agenciabrasil.ebc.com.br\/ebc.gif?ssl=1\"\/><\/p>\n<p>\u201cN\u00f3s estamos fazendo um levantamento da situa\u00e7\u00e3o. N\u00f3s vamos entender melhor o que est\u00e1 acontecendo e n\u00e3o existe socorro com dinheiro do Tesouro. Isso n\u00e3o est\u00e1 nos nossos planos. O que est\u00e1 eventualmente na mesa \u00e9 viabilizar uma reestrutura\u00e7\u00e3o do setor, mas que n\u00e3o envolva despesa prim\u00e1ria\u201d, afirmou.<\/p>\n<p>De acordo com Haddad, at\u00e9 fevereiro haver\u00e1 um diagn\u00f3stico e uma proposta. O ministro enfatizou que o custo do querosene de avia\u00e7\u00e3o n\u00e3o pode ser utilizado como justificativa para aumento no pre\u00e7o dos bilhetes.<\/p>\n<p>\u201cO pre\u00e7o do querosene caiu durante o nosso governo [2023], n\u00e3o pode ser justificativa para aumento de passagem a\u00e9rea.\u201d<\/p>\n<p>No \u00faltimo dia 25, a companhia a\u00e9rea <strong>Gol<\/strong>, uma das tr\u00eas principais do pa\u00eds, <a href=\"https:\/\/www.seudinheiro.com\/2024\/empresas\/gol-goll4-entra-com-pedido-de-recuperacao-judicial-nos-estados-unidos-lvit\/\" target=\"_blank\" rel=\"noreferrer noopener\">entrou com pedido de recupera\u00e7\u00e3o judicial nos Estados Unidos<\/a>. De acordo com um comunicado, a empresa fechou\u00a02023\u00a0com d\u00edvida de mais de\u00a0R$ 20 bilh\u00f5es.<\/p>\n<p>A Associa\u00e7\u00e3o Brasileira das Empresas A\u00e9reas (Abear) tem tido\u00a0discuss\u00f5es com o governo em que pede medidas para fortalecimento do setor e pol\u00edticas que visem a redu\u00e7\u00e3o do pre\u00e7o do querosene de avia\u00e7\u00e3o.<\/p>\n<h3 class=\"wp-block-heading\" id=\"h-veja-tambem-em-a-dinheirista-posso-parar-de-pagar-pensao-alimenticia-para-filha-que-nao-vejo-ha-quatro-anos\">VEJA TAMB\u00c9M EM <a href=\"https:\/\/www.youtube.com\/watch?v=S37g8Z5Jmrw&amp;list=PLMk0JeT7sIg80CQ43pWaF_iIAact0ElUr&amp;pp=iAQB\" target=\"_blank\" rel=\"noreferrer noopener\">A DINHEIRISTA<\/a> &#8211; Posso parar de pagar pens\u00e3o aliment\u00edcia para filha que n\u00e3o vejo h\u00e1 quatro anos?<\/h3>\n<figure class=\"wp-block-embed is-type-video is-provider-youtube wp-block-embed-youtube wp-embed-aspect-16-9 wp-has-aspect-ratio\">\n<p>\n<iframe loading=\"lazy\" title=\"POSSO PARAR DE PAGAR PENS\u00c3O DA  FILHA QUE N\u00c3O VEJO? I DESCOBRI TRAI\u00c7\u00c3O E &#039;LIMPEI&#039; CONTA CONJUNTA\" width=\"500\" height=\"281\" src=\"https:\/\/www.youtube.com\/embed\/S37g8Z5Jmrw?feature=oembed\" frameborder=\"0\" allow=\"accelerometer; autoplay; clipboard-write; encrypted-media; gyroscope; picture-in-picture; web-share\" referrerpolicy=\"strict-origin-when-cross-origin\" allowfullscreen><\/iframe>\n<\/p>\n<\/figure>\n<h2 class=\"wp-block-heading\" id=\"h-isencao\">Isen\u00e7\u00e3o<\/h2>\n<p>Questionado sobre a press\u00e3o de varejistas para que o governo recue da isen\u00e7\u00e3o para compras internacionais de at\u00e9 US$ 50 \u2013 cerca de R$ 250 \u2013 o ministro disse que o assunto est\u00e1 sendo discutido em uma A\u00e7\u00e3o Direta de Inconstitucionalidade no Supremo Tribunal Federal e pelo Congresso.<\/p>\n<p>\u201cN\u00f3s vamos discutir, Executivo, Legislativo e Judici\u00e1rio, qual \u00e9 a melhor solu\u00e7\u00e3o para isso\u201d, afirmou.<\/p>\n<p>No entanto, Haddad destacou o funcionamento do programa Remessa Conforme. \u201cCaiu muito a quest\u00e3o do contrabando que envolvia at\u00e9 a remessa de droga para o Brasil. Isso acabou\u201d, aponta.<\/p>\n<p>O Remessa Conforme oferece a isen\u00e7\u00e3o at\u00e9 US$ 50 para empresas de com\u00e9rcio eletr\u00f4nico que se comprometam a fornecer informa\u00e7\u00f5es sobre origem, destina\u00e7\u00e3o e conte\u00fado das remessas. Com os dados, a Receita Federal tem \u00e0 disposi\u00e7\u00e3o, de forma antecipada, as informa\u00e7\u00f5es necess\u00e1rias para a aplica\u00e7\u00e3o do gerenciamento de risco das remessas internacionais, tendo mais tempo para definir as mercadorias escolhidas para fiscaliza\u00e7\u00e3o.<\/p>\n<\/div>\n<p><br \/>\n<br \/><a href=\"https:\/\/www.seudinheiro.com\/2024\/economia\/cofres-fechados-para-a-gol-goll4-socorro-a-aereas-nao-tera-dinheiro-do-tesouro-diz-haddad-lvit\/\">Source link <\/a><\/p>\n<!-- CONTENT END 1 -->\n","protected":false},"excerpt":{"rendered":"<p>O ministro da Fazenda, Fernando Haddad, afirmou nesta segunda-feira (5) que um eventual fundo para ajudar a financiar empresas a\u00e9reas em dificuldades n\u00e3o contar\u00e1 com&#8230;<\/p>\n","protected":false},"author":1,"featured_media":35326,"comment_status":"open","ping_status":"open","sticky":false,"template":"","format":"standard","meta":{"advanced_seo_description":"","jetpack_seo_html_title":"","jetpack_seo_noindex":false,"jetpack_post_was_ever_published":false,"_jetpack_newsletter_access":"","_jetpack_dont_email_post_to_subs":false,"_jetpack_newsletter_tier_id":0,"_jetpack_memberships_contains_paywalled_content":false,"_jetpack_memberships_contains_paid_content":false,"footnotes":"","jetpack_publicize_message":"","jetpack_publicize_feature_enabled":true,"jetpack_social_post_already_shared":true,"jetpack_social_options":{"image_generator_settings":{"template":"highway","default_image_id":0,"font":"","enabled":false},"version":2}},"categories":[1235],"tags":[],"class_list":["post-35325","post","type-post","status-publish","format-standard","has-post-thumbnail","hentry","category-dinheiro-e-investimento-como-fazer-como-ganhar"],"jetpack_publicize_connections":[],"jetpack_featured_media_url":"https:\/\/i0.wp.com\/noticiasribeiraopreto.com.br\/wp-content\/uploads\/2024\/02\/aviao-turbulencia-628x353.jpg?fit=628%2C353&ssl=1","jetpack-related-posts":[{"id":75335,"url":"https:\/\/noticiasribeiraopreto.com.br\/index.php\/2025\/08\/07\/haddad-tera-reuniao-com-bessent-no-dia-13\/","url_meta":{"origin":35325,"position":0},"title":"Haddad ter\u00e1 reuni\u00e3o com Bessent no dia 13","author":"noticiasribeiraopreto.com.br","date":"7 de August de 2025","format":false,"excerpt":"O ministro da Fazenda, Fernando Haddad, afirmou nesta quarta-feira, 6 de agosto, que ter\u00e1 uma reuni\u00e3o remota com o secret\u00e1rio do Tesouro americano, Scott Bessent, na pr\u00f3xima quarta-feira (13) para tratar da tarifa de 50% sobre parte das exporta\u00e7\u00f5es do Brasil para os Estados Unidos. Haddad disse ainda que a\u2026","rel":"","context":"In &quot;Not\u00edcias de Ribeir\u00e3o Preto-SP e Regi\u00e3o&quot;","block_context":{"text":"Not\u00edcias de Ribeir\u00e3o Preto-SP e Regi\u00e3o","link":"https:\/\/noticiasribeiraopreto.com.br\/index.php\/category\/noticias-de-ribeirao-preto-sp-e-regiao-ismael-colosi\/"},"img":{"alt_text":"","src":"https:\/\/i0.wp.com\/noticiasribeiraopreto.com.br\/wp-content\/uploads\/2025\/08\/Tarifaco-Marcelo-Camargo-Ag.Br_.jpg?fit=1170%2C700&ssl=1&resize=350%2C200","width":350,"height":200,"srcset":"https:\/\/i0.wp.com\/noticiasribeiraopreto.com.br\/wp-content\/uploads\/2025\/08\/Tarifaco-Marcelo-Camargo-Ag.Br_.jpg?fit=1170%2C700&ssl=1&resize=350%2C200 1x, https:\/\/i0.wp.com\/noticiasribeiraopreto.com.br\/wp-content\/uploads\/2025\/08\/Tarifaco-Marcelo-Camargo-Ag.Br_.jpg?fit=1170%2C700&ssl=1&resize=525%2C300 1.5x, https:\/\/i0.wp.com\/noticiasribeiraopreto.com.br\/wp-content\/uploads\/2025\/08\/Tarifaco-Marcelo-Camargo-Ag.Br_.jpg?fit=1170%2C700&ssl=1&resize=700%2C400 2x, https:\/\/i0.wp.com\/noticiasribeiraopreto.com.br\/wp-content\/uploads\/2025\/08\/Tarifaco-Marcelo-Camargo-Ag.Br_.jpg?fit=1170%2C700&ssl=1&resize=1050%2C600 3x"},"classes":[]},{"id":75282,"url":"https:\/\/noticiasribeiraopreto.com.br\/index.php\/2025\/08\/06\/haddad-entrega-hoje-a-lula-plano-contra-efeitos-do-tarifaco-dos-eua\/","url_meta":{"origin":35325,"position":1},"title":"Haddad entrega hoje a Lula plano contra efeitos do tarifa\u00e7o dos EUA","author":"noticiasribeiraopreto.com.br","date":"6 de August de 2025","format":false,"excerpt":"O texto da medida provis\u00f3ria (MP) com as a\u00e7\u00f5es planejadas pelo governo federal, em resposta ao tarifa\u00e7o imposto pelo presidente dos Estados Unidos (EUA), Donald Trump, contra os produtos com origem no Brasil, ser\u00e1 enviado ao Pal\u00e1cio do Planalto pelo Minist\u00e9rio da Fazenda ainda nesta quarta-feira (6). \u201cSer\u00e1 um plano\u2026","rel":"","context":"In &quot;Not\u00edcias de Ribeir\u00e3o Preto-SP e Regi\u00e3o&quot;","block_context":{"text":"Not\u00edcias de Ribeir\u00e3o Preto-SP e Regi\u00e3o","link":"https:\/\/noticiasribeiraopreto.com.br\/index.php\/category\/noticias-de-ribeirao-preto-sp-e-regiao-ismael-colosi\/"},"img":{"alt_text":"","src":"https:\/\/i0.wp.com\/noticiasribeiraopreto.com.br\/wp-content\/uploads\/2025\/08\/Haddad1.jpeg?fit=1170%2C700&ssl=1&resize=350%2C200","width":350,"height":200,"srcset":"https:\/\/i0.wp.com\/noticiasribeiraopreto.com.br\/wp-content\/uploads\/2025\/08\/Haddad1.jpeg?fit=1170%2C700&ssl=1&resize=350%2C200 1x, https:\/\/i0.wp.com\/noticiasribeiraopreto.com.br\/wp-content\/uploads\/2025\/08\/Haddad1.jpeg?fit=1170%2C700&ssl=1&resize=525%2C300 1.5x, https:\/\/i0.wp.com\/noticiasribeiraopreto.com.br\/wp-content\/uploads\/2025\/08\/Haddad1.jpeg?fit=1170%2C700&ssl=1&resize=700%2C400 2x, https:\/\/i0.wp.com\/noticiasribeiraopreto.com.br\/wp-content\/uploads\/2025\/08\/Haddad1.jpeg?fit=1170%2C700&ssl=1&resize=1050%2C600 3x"},"classes":[]},{"id":29931,"url":"https:\/\/noticiasribeiraopreto.com.br\/index.php\/2024\/01\/19\/haddad-quer-copiar-estrategia-da-reforma-tributaria-na-reoneracao-da-folha-de-pagamento-mas-ainda-precisa-convencer-um-figurao-do-governo\/","url_meta":{"origin":35325,"position":2},"title":"Haddad quer \u201ccopiar\u201d estrat\u00e9gia da Reforma Tribut\u00e1ria na reonera\u00e7\u00e3o da folha de pagamento \u2014 mas ainda precisa convencer um \u201cfigur\u00e3o\u201d do governo","author":"noticiasribeiraopreto.com.br","date":"19 de January de 2024","format":false,"excerpt":"O ministro da Fazenda n\u00e3o est\u00e1 pronto para ceder na luta pela reonera\u00e7\u00e3o gradual da folha de pagamentos. Fernando Haddad insistiu na defesa do mecanismo nesta sexta-feira (19) e comparou a estrat\u00e9gia ao que foi aprovado na Reforma Tribut\u00e1ria em consumo \u2014 em que benef\u00edcios tribut\u00e1rios s\u00e3o extintos ao longo\u2026","rel":"","context":"In &quot;Dinheiro e Investimento&quot;","block_context":{"text":"Dinheiro e Investimento","link":"https:\/\/noticiasribeiraopreto.com.br\/index.php\/category\/dinheiro-e-investimento-como-fazer-como-ganhar\/"},"img":{"alt_text":"","src":"https:\/\/i0.wp.com\/noticiasribeiraopreto.com.br\/wp-content\/uploads\/2024\/01\/Haddad-715x402.jpg?fit=715%2C402&ssl=1&resize=350%2C200","width":350,"height":200,"srcset":"https:\/\/i0.wp.com\/noticiasribeiraopreto.com.br\/wp-content\/uploads\/2024\/01\/Haddad-715x402.jpg?fit=715%2C402&ssl=1&resize=350%2C200 1x, https:\/\/i0.wp.com\/noticiasribeiraopreto.com.br\/wp-content\/uploads\/2024\/01\/Haddad-715x402.jpg?fit=715%2C402&ssl=1&resize=525%2C300 1.5x, https:\/\/i0.wp.com\/noticiasribeiraopreto.com.br\/wp-content\/uploads\/2024\/01\/Haddad-715x402.jpg?fit=715%2C402&ssl=1&resize=700%2C400 2x"},"classes":[]},{"id":34823,"url":"https:\/\/noticiasribeiraopreto.com.br\/index.php\/2024\/02\/03\/apos-recuperacao-judicial-da-gol-goll4-socorro-a-aereas-sera-fechado-com-fazenda-apos-carnaval-diz-ministro\/","url_meta":{"origin":35325,"position":3},"title":"Ap\u00f3s recupera\u00e7\u00e3o judicial da Gol (GOLL4), socorro \u00e0 a\u00e9reas ser\u00e1 fechado com Fazenda ap\u00f3s carnaval, diz ministro","author":"noticiasribeiraopreto.com.br","date":"3 de February de 2024","format":false,"excerpt":"O ministro de Portos e Aeroportos, Silvio Costa Filho, afirmou neste s\u00e1bado (3) que espera fechar o pacote de socorro \u00e0s companhias a\u00e9reas no p\u00f3s-carnaval. O tema segue em debate com o Minist\u00e9rio da Fazenda em meio ao pedido de recupera\u00e7\u00e3o judicial da Gol (GOLL4) nos Estados Unidos e a\u2026","rel":"","context":"In &quot;Dinheiro e Investimento&quot;","block_context":{"text":"Dinheiro e Investimento","link":"https:\/\/noticiasribeiraopreto.com.br\/index.php\/category\/dinheiro-e-investimento-como-fazer-como-ganhar\/"},"img":{"alt_text":"","src":"https:\/\/i0.wp.com\/noticiasribeiraopreto.com.br\/wp-content\/uploads\/2024\/02\/shutterstock_1186527238-628x353.jpg?fit=628%2C353&ssl=1&resize=350%2C200","width":350,"height":200,"srcset":"https:\/\/i0.wp.com\/noticiasribeiraopreto.com.br\/wp-content\/uploads\/2024\/02\/shutterstock_1186527238-628x353.jpg?fit=628%2C353&ssl=1&resize=350%2C200 1x, https:\/\/i0.wp.com\/noticiasribeiraopreto.com.br\/wp-content\/uploads\/2024\/02\/shutterstock_1186527238-628x353.jpg?fit=628%2C353&ssl=1&resize=525%2C300 1.5x"},"classes":[]},{"id":21800,"url":"https:\/\/noticiasribeiraopreto.com.br\/index.php\/2023\/12\/28\/entenda-as-3-principais-medidas-anunciadas-hoje-por-haddad-para-um-prospero-ano-novo-do-governo-com-deficit-zero-em-2024\/","url_meta":{"origin":35325,"position":4},"title":"Entenda as 3 principais medidas anunciadas hoje por Haddad para um \u2018pr\u00f3spero ano novo\u2019 do governo \u2014 com d\u00e9ficit zero \u2014 em 2024","author":"noticiasribeiraopreto.com.br","date":"28 de December de 2023","format":false,"excerpt":"Passado o Natal, a popula\u00e7\u00e3o come\u00e7a a se preparar para a virada do ano. No campo econ\u00f4mico, a expectativa \u00e9 com o d\u00e9ficit zero das contas p\u00fablicas em 2024 e, nesta quinta-feira (28), o ministro da Fazenda, Fernando Haddad, anunciou tr\u00eas medidas para compensar perdas de arrecada\u00e7\u00e3o ocasionadas por derrotas\u2026","rel":"","context":"In &quot;Dinheiro e Investimento&quot;","block_context":{"text":"Dinheiro e Investimento","link":"https:\/\/noticiasribeiraopreto.com.br\/index.php\/category\/dinheiro-e-investimento-como-fazer-como-ganhar\/"},"img":{"alt_text":"","src":"https:\/\/i0.wp.com\/noticiasribeiraopreto.com.br\/wp-content\/uploads\/2023\/12\/1703785060_Fernando-Haddad-ministro-da-Fazenda-715x402.jpg?fit=715%2C402&ssl=1&resize=350%2C200","width":350,"height":200,"srcset":"https:\/\/i0.wp.com\/noticiasribeiraopreto.com.br\/wp-content\/uploads\/2023\/12\/1703785060_Fernando-Haddad-ministro-da-Fazenda-715x402.jpg?fit=715%2C402&ssl=1&resize=350%2C200 1x, https:\/\/i0.wp.com\/noticiasribeiraopreto.com.br\/wp-content\/uploads\/2023\/12\/1703785060_Fernando-Haddad-ministro-da-Fazenda-715x402.jpg?fit=715%2C402&ssl=1&resize=525%2C300 1.5x, https:\/\/i0.wp.com\/noticiasribeiraopreto.com.br\/wp-content\/uploads\/2023\/12\/1703785060_Fernando-Haddad-ministro-da-Fazenda-715x402.jpg?fit=715%2C402&ssl=1&resize=700%2C400 2x"},"classes":[]},{"id":20927,"url":"https:\/\/noticiasribeiraopreto.com.br\/index.php\/2023\/12\/26\/a-reoneracao-do-diesel-vem-ai-sera-que-o-preco-vai-subir-de-novo-haddad-responde\/","url_meta":{"origin":35325,"position":5},"title":"A reonera\u00e7\u00e3o do diesel vem a\u00ed \u2014 ser\u00e1 que o pre\u00e7o vai subir de novo? Haddad responde","author":"noticiasribeiraopreto.com.br","date":"26 de December de 2023","format":false,"excerpt":"A Petrobras (PETR4) nem bem anunciou um corte do pre\u00e7o do diesel e o ministro da Fazenda, Fernando Haddad, confirmou, horas depois, que o combust\u00edvel ser\u00e1 reonerado a partir de 1 de janeiro de 2024. Haddad, no entanto, disse que n\u00e3o h\u00e1 motivos para que haja um aumento nos pre\u00e7os.\u2026","rel":"","context":"In &quot;Dinheiro e Investimento&quot;","block_context":{"text":"Dinheiro e Investimento","link":"https:\/\/noticiasribeiraopreto.com.br\/index.php\/category\/dinheiro-e-investimento-como-fazer-como-ganhar\/"},"img":{"alt_text":"","src":"https:\/\/i0.wp.com\/noticiasribeiraopreto.com.br\/wp-content\/uploads\/2023\/12\/Fernando-Haddad-3-715x402.jpg?fit=715%2C402&ssl=1&resize=350%2C200","width":350,"height":200,"srcset":"https:\/\/i0.wp.com\/noticiasribeiraopreto.com.br\/wp-content\/uploads\/2023\/12\/Fernando-Haddad-3-715x402.jpg?fit=715%2C402&ssl=1&resize=350%2C200 1x, https:\/\/i0.wp.com\/noticiasribeiraopreto.com.br\/wp-content\/uploads\/2023\/12\/Fernando-Haddad-3-715x402.jpg?fit=715%2C402&ssl=1&resize=525%2C300 1.5x, https:\/\/i0.wp.com\/noticiasribeiraopreto.com.br\/wp-content\/uploads\/2023\/12\/Fernando-Haddad-3-715x402.jpg?fit=715%2C402&ssl=1&resize=700%2C400 2x"},"classes":[]}],"jetpack_sharing_enabled":true,"jetpack_shortlink":"https:\/\/wp.me\/peQAOb-9bL","_links":{"self":[{"href":"https:\/\/noticiasribeiraopreto.com.br\/index.php\/wp-json\/wp\/v2\/posts\/35325","targetHints":{"allow":["GET"]}}],"collection":[{"href":"https:\/\/noticiasribeiraopreto.com.br\/index.php\/wp-json\/wp\/v2\/posts"}],"about":[{"href":"https:\/\/noticiasribeiraopreto.com.br\/index.php\/wp-json\/wp\/v2\/types\/post"}],"author":[{"embeddable":true,"href":"https:\/\/noticiasribeiraopreto.com.br\/index.php\/wp-json\/wp\/v2\/users\/1"}],"replies":[{"embeddable":true,"href":"https:\/\/noticiasribeiraopreto.com.br\/index.php\/wp-json\/wp\/v2\/comments?post=35325"}],"version-history":[{"count":0,"href":"https:\/\/noticiasribeiraopreto.com.br\/index.php\/wp-json\/wp\/v2\/posts\/35325\/revisions"}],"wp:featuredmedia":[{"embeddable":true,"href":"https:\/\/noticiasribeiraopreto.com.br\/index.php\/wp-json\/wp\/v2\/media\/35326"}],"wp:attachment":[{"href":"https:\/\/noticiasribeiraopreto.com.br\/index.php\/wp-json\/wp\/v2\/media?parent=35325"}],"wp:term":[{"taxonomy":"category","embeddable":true,"href":"https:\/\/noticiasribeiraopreto.com.br\/index.php\/wp-json\/wp\/v2\/categories?post=35325"},{"taxonomy":"post_tag","embeddable":true,"href":"https:\/\/noticiasribeiraopreto.com.br\/index.php\/wp-json\/wp\/v2\/tags?post=35325"}],"curies":[{"name":"wp","href":"https:\/\/api.w.org\/{rel}","templated":true}]}}