{"id":35337,"date":"2024-02-05T23:23:46","date_gmt":"2024-02-06T02:23:46","guid":{"rendered":"https:\/\/noticiasribeiraopreto.com.br\/index.php\/2024\/02\/05\/rei-charles-iii-e-diagnosticado-com-cancer-saiba-o-que-acontece-se-o-monarca-precisar-se-afastar\/"},"modified":"2024-02-05T23:23:46","modified_gmt":"2024-02-06T02:23:46","slug":"rei-charles-iii-e-diagnosticado-com-cancer-saiba-o-que-acontece-se-o-monarca-precisar-se-afastar","status":"publish","type":"post","link":"https:\/\/noticiasribeiraopreto.com.br\/index.php\/2024\/02\/05\/rei-charles-iii-e-diagnosticado-com-cancer-saiba-o-que-acontece-se-o-monarca-precisar-se-afastar\/","title":{"rendered":"Rei Charles III \u00e9 diagnosticado com c\u00e2ncer; saiba o que acontece se o monarca precisar se afastar"},"content":{"rendered":"<div class='code-block code-block-1' style='margin: 8px 0 8px auto; text-align: right; display: block; clear: both;'>\n<p><a href=\"https:\/\/wa.link\/vpicfd\"><img data-recalc-dims=\"1\" class=\"wp-image-4922\" style=\"aspect-ratio: 2.0253164556962027; width: 561px; height: auto;\" src=\"https:\/\/i0.wp.com\/ismaelcolosi.com.br\/wp-content\/uploads\/2023\/11\/grupo-de-empregos-whatsapp-e-facebook-ismael-colosi-vagas.jpg?ssl=1\" alt=\"\" \/><\/a><\/p>\n<!-- \/wp:image -->\n<\/div>\n<p> <br \/>\n<\/p>\n<div id=\"js-first-letter\">\n<p>Quase <a href=\"https:\/\/www.seudinheiro.com\/2022\/economia\/rainha-elizabeth-morreu-reino-unido-monarca-britanico-palacio-buckingham-ccgg\/\" target=\"_blank\" rel=\"noreferrer noopener\">um ano e meio ap\u00f3s celebrar o novo <strong>rei<\/strong><\/a>, os brit\u00e2nicos voltam a ficar apreensivos com a sa\u00fade do monarca: o <strong>Pal\u00e1cio de Buckingham<\/strong> confirmou nesta segunda-feira (5) que <strong>Charles III<\/strong> est\u00e1 doente.\u00a0<\/p>\n<p>Segundo as informa\u00e7\u00f5es oficiais, que trouxe poucos detalhes, o rei da <strong>Inglaterra <\/strong>foi diagnosticado com <strong>c\u00e2ncer <\/strong>depois de uma bateria de exames recentes para tratar um aumento da pr\u00f3stata.\u00a0<\/p>\n<p>N\u00e3o h\u00e1 detalhe adicional sobre o tipo do c\u00e2ncer, o est\u00e1gio da doen\u00e7a ou o progn\u00f3stico.<\/p>\n<figure class=\"wp-block-embed is-type-rich is-provider-twitter wp-block-embed-twitter\"\/>\n<h2 class=\"wp-block-heading\" id=\"h-rei-charles-passa-bem\"><strong>Rei Charles passa bem<\/strong><\/h2>\n<p>O Pal\u00e1cio informou ainda que o rei iniciou \u201ctratamentos regulares\u201d hoje mesmo e adiar\u00e1 as tarefas p\u00fablicas durante o tratamento.\u00a0<\/p>\n<p>Charles, de 75 anos, \u201cpermanece totalmente positivo em rela\u00e7\u00e3o ao tratamento que recebeu e espera regressar \u00e0s fun\u00e7\u00f5es p\u00fablicas o mais r\u00e1pido poss\u00edvel\u201d, disse Buckingham.\u00a0<\/p>\n<p>Embora fa\u00e7a uma pausa nos eventos p\u00fablicos, o rei continuar\u00e1 com o papel constitucional como chefe de Estado, incluindo a papelada e as reuni\u00f5es privadas.<\/p>\n<h3 class=\"wp-block-heading\" id=\"h-podcast-touros-e-ursos-o-ano-das-guerras-trump-rumo-a-casa-branca-e-china-mais-fraca-o-impacto-nos-mercados\"><a href=\"https:\/\/www.youtube.com\/watch?v=r-T0sfjC-2s\" target=\"_blank\" rel=\"noreferrer noopener\">PODCAST TOUROS E URSOS &#8211;<\/a> O ano das guerras, Trump rumo \u00e0 Casa Branca e China mais fraca: o impacto nos mercados<\/h3>\n<figure class=\"wp-block-embed is-type-video is-provider-youtube wp-block-embed-youtube wp-embed-aspect-16-9 wp-has-aspect-ratio\">\n<p>\n<iframe loading=\"lazy\" title=\"O ANO DAS GUERRAS, TRUMP RUMO \u00c0 CASA BRANCA E CHINA MAIS FRACA: O IMPACTO NOS MERCADOS\" width=\"500\" height=\"281\" src=\"https:\/\/www.youtube.com\/embed\/r-T0sfjC-2s?feature=oembed\" frameborder=\"0\" allow=\"accelerometer; autoplay; clipboard-write; encrypted-media; gyroscope; picture-in-picture; web-share\" referrerpolicy=\"strict-origin-when-cross-origin\" allowfullscreen><\/iframe>\n<\/p>\n<\/figure>\n<h2 class=\"wp-block-heading\" id=\"h-charles-precisara-se-afastar\"><strong>Charles precisar\u00e1 se afastar?<\/strong><\/h2>\n<p>Por enquanto, o Pal\u00e1cio Buckingham afirma que o rei Charles n\u00e3o precisar\u00e1 se afastar completamente de suas fun\u00e7\u00f5es.\u00a0<\/p>\n<p>Caso seja necess\u00e1rio, existe um mecanismo constitucional para quando o chefe de estado n\u00e3o pode exercer fun\u00e7\u00f5es oficiais \u2014 nessa circunst\u00e2ncia, &#8220;conselheiros de estado&#8221; podem ser nomeados para substituir o monarca.<\/p>\n<p>Atualmente, isso inclui a rainha Camilla, o pr\u00edncipe William, a princesa Real e o pr\u00edncipe Eduardo. O pr\u00edncipe Harry e o Duque de York n\u00e3o s\u00e3o mais considerados membros da realeza.<\/p>\n<p>O pr\u00edncipe William se retirou temporariamente de compromissos p\u00fablicos para cuidar da esposa Kate, a princesa de Gales, enquanto ela se recupera de uma cirurgia abdominal.<\/p>\n<p>O duque de Sussex, pr\u00edncipe Harry, que mora nos Estados Unidos, conversou com o pai e viajar\u00e1 ao Reino Unido para v\u00ea-lo nos pr\u00f3ximos dias.<\/p>\n<p><em>*Com informa\u00e7\u00f5es da BBC<\/em><\/p>\n<\/div>\n<p><br \/>\n<br \/><a href=\"https:\/\/www.seudinheiro.com\/2024\/internacional\/rei-charles-iii-e-diagnosticado-com-cancer-saiba-o-que-acontece-se-o-monarca-precisar-se-afastar-ccgg\/\">Source link <\/a><\/p>\n<!-- CONTENT END 1 -->\n","protected":false},"excerpt":{"rendered":"<p>Quase um ano e meio ap\u00f3s celebrar o novo rei, os brit\u00e2nicos voltam a ficar apreensivos com a sa\u00fade do monarca: o Pal\u00e1cio de Buckingham&#8230;<\/p>\n","protected":false},"author":1,"featured_media":35338,"comment_status":"open","ping_status":"open","sticky":false,"template":"","format":"standard","meta":{"advanced_seo_description":"","jetpack_seo_html_title":"","jetpack_seo_noindex":false,"jetpack_post_was_ever_published":false,"_jetpack_newsletter_access":"","_jetpack_dont_email_post_to_subs":false,"_jetpack_newsletter_tier_id":0,"_jetpack_memberships_contains_paywalled_content":false,"_jetpack_memberships_contains_paid_content":false,"footnotes":"","jetpack_publicize_message":"","jetpack_publicize_feature_enabled":true,"jetpack_social_post_already_shared":true,"jetpack_social_options":{"image_generator_settings":{"template":"highway","default_image_id":0,"font":"","enabled":false},"version":2}},"categories":[1235],"tags":[],"class_list":["post-35337","post","type-post","status-publish","format-standard","has-post-thumbnail","hentry","category-dinheiro-e-investimento-como-fazer-como-ganhar"],"jetpack_publicize_connections":[],"jetpack_featured_media_url":"https:\/\/i0.wp.com\/noticiasribeiraopreto.com.br\/wp-content\/uploads\/2024\/02\/Rei-Charles-III-715x402.jpg?fit=715%2C402&ssl=1","jetpack-related-posts":[{"id":35316,"url":"https:\/\/noticiasribeiraopreto.com.br\/index.php\/2024\/02\/05\/rei-charles-iii-e-diagnosticado-com-cancer\/","url_meta":{"origin":35337,"position":0},"title":"Rei Charles III \u00e9 diagnosticado com c\u00e2ncer","author":"noticiasribeiraopreto.com.br","date":"5 de February de 2024","format":false,"excerpt":"5 de fevereiro de 2024 | 17:55 0O rei Charles III, de 75 anos, est\u00e1 com c\u00e2ncer, informou nesta segunda-feira, 5, o Pal\u00e1cio de Buckingham. O tipo de tumor n\u00e3o \u00e9 na pr\u00f3stata, mas segundo a BBC, foi descoberto enquanto o monarca brit\u00e2nico passava por um tratamento no local.O tipo\u2026","rel":"","context":"In &quot;Not\u00edcias de Ribeir\u00e3o Preto-SP e Regi\u00e3o&quot;","block_context":{"text":"Not\u00edcias de Ribeir\u00e3o Preto-SP e Regi\u00e3o","link":"https:\/\/noticiasribeiraopreto.com.br\/index.php\/category\/noticias-de-ribeirao-preto-sp-e-regiao-ismael-colosi\/"},"img":{"alt_text":"","src":"https:\/\/i0.wp.com\/noticiasribeiraopreto.com.br\/wp-content\/uploads\/2024\/02\/download-3.jpg?fit=1000%2C563&ssl=1&resize=350%2C200","width":350,"height":200,"srcset":"https:\/\/i0.wp.com\/noticiasribeiraopreto.com.br\/wp-content\/uploads\/2024\/02\/download-3.jpg?fit=1000%2C563&ssl=1&resize=350%2C200 1x, https:\/\/i0.wp.com\/noticiasribeiraopreto.com.br\/wp-content\/uploads\/2024\/02\/download-3.jpg?fit=1000%2C563&ssl=1&resize=525%2C300 1.5x, https:\/\/i0.wp.com\/noticiasribeiraopreto.com.br\/wp-content\/uploads\/2024\/02\/download-3.jpg?fit=1000%2C563&ssl=1&resize=700%2C400 2x"},"classes":[]},{"id":43857,"url":"https:\/\/noticiasribeiraopreto.com.br\/index.php\/2024\/03\/23\/kate-middleton-esta-em-tratamento-contra-cancer\/","url_meta":{"origin":35337,"position":1},"title":"Kate Middleton est\u00e1 em tratamento contra c\u00e2ncer\u00a0","author":"noticiasribeiraopreto.com.br","date":"23 de March de 2024","format":false,"excerpt":"23 de mar\u00e7o de 2024 | 15:0023 de mar\u00e7o de 2024 | 11:02 0 Kate Middleton, de 42 anos, revelou nesta sexta-feira, 22 de mar\u00e7o, que est\u00e1 nos est\u00e1gios iniciais de um tratamento contra um c\u00e2ncer. Em uma declara\u00e7\u00e3o em v\u00eddeo, a princesa de Gales diz que foi um \u201cgrande\u2026","rel":"","context":"In &quot;Not\u00edcias de Ribeir\u00e3o Preto-SP e Regi\u00e3o&quot;","block_context":{"text":"Not\u00edcias de Ribeir\u00e3o Preto-SP e Regi\u00e3o","link":"https:\/\/noticiasribeiraopreto.com.br\/index.php\/category\/noticias-de-ribeirao-preto-sp-e-regiao-ismael-colosi\/"},"img":{"alt_text":"","src":"https:\/\/i0.wp.com\/noticiasribeiraopreto.com.br\/wp-content\/uploads\/2024\/03\/Kate-Jane-Barlow-Pool-via-Reuters.jpg?fit=1140%2C684&ssl=1&resize=350%2C200","width":350,"height":200,"srcset":"https:\/\/i0.wp.com\/noticiasribeiraopreto.com.br\/wp-content\/uploads\/2024\/03\/Kate-Jane-Barlow-Pool-via-Reuters.jpg?fit=1140%2C684&ssl=1&resize=350%2C200 1x, https:\/\/i0.wp.com\/noticiasribeiraopreto.com.br\/wp-content\/uploads\/2024\/03\/Kate-Jane-Barlow-Pool-via-Reuters.jpg?fit=1140%2C684&ssl=1&resize=525%2C300 1.5x, https:\/\/i0.wp.com\/noticiasribeiraopreto.com.br\/wp-content\/uploads\/2024\/03\/Kate-Jane-Barlow-Pool-via-Reuters.jpg?fit=1140%2C684&ssl=1&resize=700%2C400 2x, https:\/\/i0.wp.com\/noticiasribeiraopreto.com.br\/wp-content\/uploads\/2024\/03\/Kate-Jane-Barlow-Pool-via-Reuters.jpg?fit=1140%2C684&ssl=1&resize=1050%2C600 3x"},"classes":[]},{"id":66362,"url":"https:\/\/noticiasribeiraopreto.com.br\/index.php\/2025\/03\/31\/minecraft-the-chosen-e-rei-dos-reis-sao-alguns-dos-destaques-que-chegam-ao-cinema-do-ribeiraoshopping-durante-o-mes-de-abril\/","url_meta":{"origin":35337,"position":2},"title":"Minecraft, The Chosen e Rei dos Reis s\u00e3o alguns dos destaques que chegam ao cinema do Ribeir\u00e3oShopping durante o m\u00eas de abril","author":"noticiasribeiraopreto.com.br","date":"31 de March de 2025","format":false,"excerpt":"Da adapta\u00e7\u00e3o de um dos jogos de videogame mais famosos da hist\u00f3ria a produ\u00e7\u00f5es inspiradoras sobre f\u00e9 e supera\u00e7\u00e3o, as telas de cinema do Ribeir\u00e3oShopping receber\u00e3o grandes lan\u00e7amentos para todas as idades, durante o m\u00eas de abril. Para os f\u00e3s de games, o lan\u00e7amento \u201cUm Filme Minecraft\u201d, que estreia no\u2026","rel":"","context":"In &quot;Not\u00edcias de Ribeir\u00e3o Preto-SP e Regi\u00e3o&quot;","block_context":{"text":"Not\u00edcias de Ribeir\u00e3o Preto-SP e Regi\u00e3o","link":"https:\/\/noticiasribeiraopreto.com.br\/index.php\/category\/noticias-de-ribeirao-preto-sp-e-regiao-ismael-colosi\/"},"img":{"alt_text":"","src":"https:\/\/i0.wp.com\/noticiasribeiraopreto.com.br\/wp-content\/uploads\/2025\/03\/WhatsApp-Image-2025-03-31-at-11.04.09.jpeg?fit=1200%2C763&ssl=1&resize=350%2C200","width":350,"height":200,"srcset":"https:\/\/i0.wp.com\/noticiasribeiraopreto.com.br\/wp-content\/uploads\/2025\/03\/WhatsApp-Image-2025-03-31-at-11.04.09.jpeg?fit=1200%2C763&ssl=1&resize=350%2C200 1x, https:\/\/i0.wp.com\/noticiasribeiraopreto.com.br\/wp-content\/uploads\/2025\/03\/WhatsApp-Image-2025-03-31-at-11.04.09.jpeg?fit=1200%2C763&ssl=1&resize=525%2C300 1.5x, https:\/\/i0.wp.com\/noticiasribeiraopreto.com.br\/wp-content\/uploads\/2025\/03\/WhatsApp-Image-2025-03-31-at-11.04.09.jpeg?fit=1200%2C763&ssl=1&resize=700%2C400 2x, https:\/\/i0.wp.com\/noticiasribeiraopreto.com.br\/wp-content\/uploads\/2025\/03\/WhatsApp-Image-2025-03-31-at-11.04.09.jpeg?fit=1200%2C763&ssl=1&resize=1050%2C600 3x"},"classes":[]},{"id":26582,"url":"https:\/\/noticiasribeiraopreto.com.br\/index.php\/2024\/01\/10\/tudo-sobre-o-encontro-nacional-de-folia-de-reis-em-ribeirao-preto\/","url_meta":{"origin":35337,"position":3},"title":"Tudo sobre o Encontro Nacional de Folia de Reis em Ribeir\u00e3o Preto","author":"noticiasribeiraopreto.com.br","date":"10 de January de 2024","format":false,"excerpt":"O 30\u00ba Encontro Nacional de Folia de Reis, em Ribeir\u00e3o Preto, vai acontecer no \u00faltimo final de semana de janeiro, na Pra\u00e7a Jos\u00e9 Rossi, na Vila Virginia, zona Oeste. De acordo com a programa\u00e7\u00e3o, no dia 27 (s\u00e1bado), a partir das 19 horas, acontece a exibi\u00e7\u00e3o do document\u00e1rio \u201cAndan\u00e7as de\u2026","rel":"","context":"In &quot;Not\u00edcias de Ribeir\u00e3o Preto-SP e Regi\u00e3o&quot;","block_context":{"text":"Not\u00edcias de Ribeir\u00e3o Preto-SP e Regi\u00e3o","link":"https:\/\/noticiasribeiraopreto.com.br\/index.php\/category\/noticias-de-ribeirao-preto-sp-e-regiao-ismael-colosi\/"},"img":{"alt_text":"","src":"https:\/\/i0.wp.com\/noticiasribeiraopreto.com.br\/wp-content\/uploads\/2024\/01\/reuniao_folia_1.jpg?fit=1200%2C800&ssl=1&resize=350%2C200","width":350,"height":200,"srcset":"https:\/\/i0.wp.com\/noticiasribeiraopreto.com.br\/wp-content\/uploads\/2024\/01\/reuniao_folia_1.jpg?fit=1200%2C800&ssl=1&resize=350%2C200 1x, https:\/\/i0.wp.com\/noticiasribeiraopreto.com.br\/wp-content\/uploads\/2024\/01\/reuniao_folia_1.jpg?fit=1200%2C800&ssl=1&resize=525%2C300 1.5x, https:\/\/i0.wp.com\/noticiasribeiraopreto.com.br\/wp-content\/uploads\/2024\/01\/reuniao_folia_1.jpg?fit=1200%2C800&ssl=1&resize=700%2C400 2x, https:\/\/i0.wp.com\/noticiasribeiraopreto.com.br\/wp-content\/uploads\/2024\/01\/reuniao_folia_1.jpg?fit=1200%2C800&ssl=1&resize=1050%2C600 3x"},"classes":[]},{"id":13252,"url":"https:\/\/noticiasribeiraopreto.com.br\/index.php\/2023\/12\/09\/tragedia-climatica-deixa-rastro-de-destruicao-e-vitimas-fatais-em-angra-dos-reis-videos-e-fotos-trazem-imagens-preocupantes\/","url_meta":{"origin":35337,"position":4},"title":"Trag\u00e9dia clim\u00e1tica deixa rastro de destrui\u00e7\u00e3o e v\u00edtimas fatais em Angra dos Reis \u2013 V\u00cdDEOs e fotos trazem imagens preocupantes","author":"noticiasribeiraopreto.com.br","date":"9 de December de 2023","format":false,"excerpt":"A cidade tur\u00edstica de Angra dos Reis, foi duramente atingida por uma cat\u00e1strofe clim\u00e1tica entre a noite da \u00faltima sexta-feira (8) e a madrugada deste s\u00e1bado (9), deixando um rastro de destrui\u00e7\u00e3o, mortes e desabrigados.Um casal de idosos, composto por um homem de aproximadamente 70 anos e uma mulher de\u2026","rel":"","context":"In &quot;Blog&quot;","block_context":{"text":"Blog","link":"https:\/\/noticiasribeiraopreto.com.br\/index.php\/category\/blog\/"},"img":{"alt_text":"","src":"https:\/\/i0.wp.com\/noticiasribeiraopreto.com.br\/wp-content\/uploads\/2023\/12\/postimg-6574b635e05ad9086.jpg?fit=1200%2C628&ssl=1&resize=350%2C200","width":350,"height":200,"srcset":"https:\/\/i0.wp.com\/noticiasribeiraopreto.com.br\/wp-content\/uploads\/2023\/12\/postimg-6574b635e05ad9086.jpg?fit=1200%2C628&ssl=1&resize=350%2C200 1x, https:\/\/i0.wp.com\/noticiasribeiraopreto.com.br\/wp-content\/uploads\/2023\/12\/postimg-6574b635e05ad9086.jpg?fit=1200%2C628&ssl=1&resize=525%2C300 1.5x, https:\/\/i0.wp.com\/noticiasribeiraopreto.com.br\/wp-content\/uploads\/2023\/12\/postimg-6574b635e05ad9086.jpg?fit=1200%2C628&ssl=1&resize=700%2C400 2x, https:\/\/i0.wp.com\/noticiasribeiraopreto.com.br\/wp-content\/uploads\/2023\/12\/postimg-6574b635e05ad9086.jpg?fit=1200%2C628&ssl=1&resize=1050%2C600 3x"},"classes":[]},{"id":12479,"url":"https:\/\/noticiasribeiraopreto.com.br\/index.php\/2023\/12\/08\/este-pequeno-detalhe-na-moeda-antiga-pode-valer-r-400\/","url_meta":{"origin":35337,"position":5},"title":"Este pequeno detalhe na moeda antiga pode valer R$ 400","author":"noticiasribeiraopreto.com.br","date":"8 de December de 2023","format":false,"excerpt":"J\u00e1 pensou em encontrar uma moeda que vale nada menos do que R$ 400? Acredite, casos como estes podem acontecer em qualquer lugar do pa\u00eds. O Brasil conta atualmente com dezenas de milhares de pe\u00e7as raras que ainda podem ser encontradas por qualquer pessoa. Neste artigo espec\u00edfico, vamos falar sobre\u2026","rel":"","context":"In &quot;Vagas de Emprego em Ribeir\u00e3o Preto-SP&quot;","block_context":{"text":"Vagas de Emprego em Ribeir\u00e3o Preto-SP","link":"https:\/\/noticiasribeiraopreto.com.br\/index.php\/category\/empregos-classificados-vagas-trabalho\/vagas-de-empregos-em-ribeirao-preto-regiao-brasil\/"},"img":{"alt_text":"","src":"https:\/\/i0.wp.com\/noticiasribeiraopreto.com.br\/wp-content\/uploads\/2023\/12\/noticiasconcursos.com_.br-este-pequeno-detalhe-na-moeda-antiga-pode-valer-r-400-nc-09.jpeg?fit=1024%2C768&ssl=1&resize=350%2C200","width":350,"height":200,"srcset":"https:\/\/i0.wp.com\/noticiasribeiraopreto.com.br\/wp-content\/uploads\/2023\/12\/noticiasconcursos.com_.br-este-pequeno-detalhe-na-moeda-antiga-pode-valer-r-400-nc-09.jpeg?fit=1024%2C768&ssl=1&resize=350%2C200 1x, https:\/\/i0.wp.com\/noticiasribeiraopreto.com.br\/wp-content\/uploads\/2023\/12\/noticiasconcursos.com_.br-este-pequeno-detalhe-na-moeda-antiga-pode-valer-r-400-nc-09.jpeg?fit=1024%2C768&ssl=1&resize=525%2C300 1.5x, https:\/\/i0.wp.com\/noticiasribeiraopreto.com.br\/wp-content\/uploads\/2023\/12\/noticiasconcursos.com_.br-este-pequeno-detalhe-na-moeda-antiga-pode-valer-r-400-nc-09.jpeg?fit=1024%2C768&ssl=1&resize=700%2C400 2x"},"classes":[]}],"jetpack_sharing_enabled":true,"jetpack_shortlink":"https:\/\/wp.me\/peQAOb-9bX","_links":{"self":[{"href":"https:\/\/noticiasribeiraopreto.com.br\/index.php\/wp-json\/wp\/v2\/posts\/35337","targetHints":{"allow":["GET"]}}],"collection":[{"href":"https:\/\/noticiasribeiraopreto.com.br\/index.php\/wp-json\/wp\/v2\/posts"}],"about":[{"href":"https:\/\/noticiasribeiraopreto.com.br\/index.php\/wp-json\/wp\/v2\/types\/post"}],"author":[{"embeddable":true,"href":"https:\/\/noticiasribeiraopreto.com.br\/index.php\/wp-json\/wp\/v2\/users\/1"}],"replies":[{"embeddable":true,"href":"https:\/\/noticiasribeiraopreto.com.br\/index.php\/wp-json\/wp\/v2\/comments?post=35337"}],"version-history":[{"count":0,"href":"https:\/\/noticiasribeiraopreto.com.br\/index.php\/wp-json\/wp\/v2\/posts\/35337\/revisions"}],"wp:featuredmedia":[{"embeddable":true,"href":"https:\/\/noticiasribeiraopreto.com.br\/index.php\/wp-json\/wp\/v2\/media\/35338"}],"wp:attachment":[{"href":"https:\/\/noticiasribeiraopreto.com.br\/index.php\/wp-json\/wp\/v2\/media?parent=35337"}],"wp:term":[{"taxonomy":"category","embeddable":true,"href":"https:\/\/noticiasribeiraopreto.com.br\/index.php\/wp-json\/wp\/v2\/categories?post=35337"},{"taxonomy":"post_tag","embeddable":true,"href":"https:\/\/noticiasribeiraopreto.com.br\/index.php\/wp-json\/wp\/v2\/tags?post=35337"}],"curies":[{"name":"wp","href":"https:\/\/api.w.org\/{rel}","templated":true}]}}